{"id":330917,"date":"2021-01-05T17:55:30","date_gmt":"2021-01-05T16:55:30","guid":{"rendered":"http:\/\/kapitalis.com\/tunisie\/?p=330917"},"modified":"2021-01-06T01:50:51","modified_gmt":"2021-01-06T00:50:51","slug":"kairouan-la-mairesse-del-ala-et-deux-fonctionnaires-agressees-au-siege-de-la-municipalite","status":"publish","type":"post","link":"https:\/\/kapitalis.com\/tunisie\/2021\/01\/05\/kairouan-la-mairesse-del-ala-et-deux-fonctionnaires-agressees-au-siege-de-la-municipalite\/","title":{"rendered":"Kairouan : La mairesse d&rsquo;El-Ala et deux fonctionnaires agress\u00e9es au si\u00e8ge de la municipalit\u00e9"},"content":{"rendered":"\n<figure class=\"wp-block-image size-large\"><img decoding=\"async\" src=\"http:\/\/kapitalis.com\/tunisie\/wp-content\/uploads\/2021\/01\/El-Alaa-Kiarouan-mairie.jpg\" alt=\"\" class=\"wp-image-330938\"\/><\/figure>\n\n\n\n<p><strong><em>La mairesse d&rsquo;El-Ala ainsi que deux fonctionnaires ont \u00e9t\u00e9 agress\u00e9es au si\u00e8ge de la municipalit\u00e9 de cette ville relevant du gouvernorat de Kairouan. L&rsquo;une des fonctionnaires, enceinte, a \u00e9t\u00e9 transport\u00e9e \u00e0 l&rsquo;h\u00f4pital.<\/em><\/strong><\/p>\n\n\n\n<!--more-->\n\n\n\n<p>Selon le membres du conseil municipal une dizaine de femmes, proches des deux enfants de 3 et 5 ans, d\u00e9c\u00e9d\u00e9s, dans la nuit du mercredi 30 au jeudi 31 d\u00e9cembre 2020, dans un incendie caus\u00e9e par une bougie, se sont rendus au si\u00e8ge de la municipalit\u00e9, faisant porter la responsabilit\u00e9 de ce drame \u00e0 la mairie.<\/p>\n\n\n\n<p>Les membres du conseil municipal, qui sont entr\u00e9s en gr\u00e8ve, affirme que la mairesse a \u00e9t\u00e9 violemment agress\u00e9e par ces femmes, qui sont entr\u00e9es dans le bureau et ont \u00e9galement agress\u00e9 deux fonctionnaires. <\/p>\n\n\n\n<p>\u00ab<em>Une de nos coll\u00e8gues est enceinte et a eu un malaise apr\u00e8s avoir violent\u00e9e, ce qui a n\u00e9cessit\u00e9 son transport \u00e0 l&rsquo;h\u00f4pital<\/em>\u00bb, ont-il affirm\u00e9.<\/p>\n\n\n\n<p>Les femmes ont aussi vandalis\u00e9 le bureau de la mairesse, ajoute la m\u00eame source en appelant le minist\u00e8re public \u00e0 ouvrir une enqu\u00eate.<\/p>\n\n\n\n<p class=\"has-text-align-right\"><strong>Y. N.<\/strong><\/p>\n","protected":false},"excerpt":{"rendered":"<p>La mairesse d&rsquo;El-Ala ainsi que deux fonctionnaires ont \u00e9t\u00e9 agress\u00e9es au si\u00e8ge de la municipalit\u00e9 de cette ville relevant du gouvernorat de Kairouan. L&rsquo;une des fonctionnaires, enceinte, a \u00e9t\u00e9 transport\u00e9e \u00e0 l&rsquo;h\u00f4pital.<\/p>\n","protected":false},"author":6,"featured_media":330938,"comment_status":"open","ping_status":"open","sticky":false,"template":"","format":"standard","meta":{"footnotes":""},"categories":[997,998,2433],"tags":[45,1634,86283,9461,1035,64557,78504,1120,3763],"class_list":["post-330917","post","type-post","status-publish","format-standard","has-post-thumbnail","hentry","category-politique","category-societe","category-tunisie","tag-agression","tag-conseil-municipal","tag-deces-enfants","tag-el-alaa","tag-incendie","tag-kairouan","tag-mairesse","tag-municipalite","tag-steg"],"yoast_head":"<!-- This site is optimized with the Yoast SEO plugin v26.6 - https:\/\/yoast.com\/wordpress\/plugins\/seo\/ -->\n<title>Kairouan : La mairesse d&#039;El-Ala et deux fonctionnaires agress\u00e9es au si\u00e8ge de la municipalit\u00e9 - Kapitalis<\/title>\n<meta name=\"robots\" content=\"index, follow, max-snippet:-1, max-image-preview:large, max-video-preview:-1\" \/>\n<link rel=\"canonical\" href=\"https:\/\/kapitalis.com\/tunisie\/2021\/01\/05\/kairouan-la-mairesse-del-ala-et-deux-fonctionnaires-agressees-au-siege-de-la-municipalite\/\" \/>\n<meta property=\"og:locale\" content=\"fr_FR\" \/>\n<meta property=\"og:type\" content=\"article\" \/>\n<meta property=\"og:title\" content=\"Kairouan : La mairesse d&#039;El-Ala et deux fonctionnaires agress\u00e9es au si\u00e8ge de la municipalit\u00e9 - Kapitalis\" \/>\n<meta property=\"og:description\" content=\"La mairesse d&rsquo;El-Ala ainsi que deux fonctionnaires ont \u00e9t\u00e9 agress\u00e9es au si\u00e8ge de la municipalit\u00e9 de cette ville relevant du gouvernorat de Kairouan. L&rsquo;une des fonctionnaires, enceinte, a \u00e9t\u00e9 transport\u00e9e \u00e0 l&rsquo;h\u00f4pital.\" \/>\n<meta property=\"og:url\" content=\"https:\/\/kapitalis.com\/tunisie\/2021\/01\/05\/kairouan-la-mairesse-del-ala-et-deux-fonctionnaires-agressees-au-siege-de-la-municipalite\/\" \/>\n<meta property=\"og:site_name\" content=\"Kapitalis\" \/>\n<meta property=\"article:publisher\" content=\"https:\/\/www.facebook.com\/KapitalisInfo\/\" \/>\n<meta property=\"article:published_time\" content=\"2021-01-05T16:55:30+00:00\" \/>\n<meta property=\"article:modified_time\" content=\"2021-01-06T00:50:51+00:00\" \/>\n<meta property=\"og:image\" content=\"https:\/\/kapitalis.com\/tunisie\/wp-content\/uploads\/2022\/05\/kapitalis-logo-fb.png\" \/>\n\t<meta property=\"og:image:width\" content=\"1200\" \/>\n\t<meta property=\"og:image:height\" content=\"630\" \/>\n\t<meta property=\"og:image:type\" content=\"image\/png\" \/>\n<meta name=\"author\" content=\"Yusra NY\" \/>\n<meta name=\"twitter:card\" content=\"summary_large_image\" \/>\n<meta name=\"twitter:creator\" content=\"@KapitalisInfo\" \/>\n<meta name=\"twitter:site\" content=\"@KapitalisInfo\" \/>\n<meta name=\"twitter:label1\" content=\"\u00c9crit par\" \/>\n\t<meta name=\"twitter:data1\" content=\"Yusra NY\" \/>\n\t<meta name=\"twitter:label2\" content=\"Dur\u00e9e de lecture estim\u00e9e\" \/>\n\t<meta name=\"twitter:data2\" content=\"1 minute\" \/>\n<script type=\"application\/ld+json\" class=\"yoast-schema-graph\">{\"@context\":\"https:\/\/schema.org\",\"@graph\":[{\"@type\":\"Article\",\"@id\":\"https:\/\/kapitalis.com\/tunisie\/2021\/01\/05\/kairouan-la-mairesse-del-ala-et-deux-fonctionnaires-agressees-au-siege-de-la-municipalite\/#article\",\"isPartOf\":{\"@id\":\"https:\/\/kapitalis.com\/tunisie\/2021\/01\/05\/kairouan-la-mairesse-del-ala-et-deux-fonctionnaires-agressees-au-siege-de-la-municipalite\/\"},\"author\":{\"name\":\"Yusra NY\",\"@id\":\"https:\/\/kapitalis.com\/tunisie\/#\/schema\/person\/74bbde0154d49d790a92aaeac5bc01d5\"},\"headline\":\"Kairouan : La mairesse d&rsquo;El-Ala et deux fonctionnaires agress\u00e9es au si\u00e8ge de la municipalit\u00e9\",\"datePublished\":\"2021-01-05T16:55:30+00:00\",\"dateModified\":\"2021-01-06T00:50:51+00:00\",\"mainEntityOfPage\":{\"@id\":\"https:\/\/kapitalis.com\/tunisie\/2021\/01\/05\/kairouan-la-mairesse-del-ala-et-deux-fonctionnaires-agressees-au-siege-de-la-municipalite\/\"},\"wordCount\":198,\"commentCount\":0,\"publisher\":{\"@id\":\"https:\/\/kapitalis.com\/tunisie\/#organization\"},\"image\":{\"@id\":\"https:\/\/kapitalis.com\/tunisie\/2021\/01\/05\/kairouan-la-mairesse-del-ala-et-deux-fonctionnaires-agressees-au-siege-de-la-municipalite\/#primaryimage\"},\"thumbnailUrl\":\"\",\"keywords\":[\"agression\",\"conseil municipal\",\"d\u00e9c\u00e8s enfants\",\"El-\u00c2laa\",\"Incendie\",\"Kairouan\",\"mairesse\",\"municipalit\u00e9\",\"Steg\"],\"articleSection\":[\"POLITIQUE\",\"SOCIETE\",\"Tunisie\"],\"inLanguage\":\"fr-FR\",\"potentialAction\":[{\"@type\":\"CommentAction\",\"name\":\"Comment\",\"target\":[\"https:\/\/kapitalis.com\/tunisie\/2021\/01\/05\/kairouan-la-mairesse-del-ala-et-deux-fonctionnaires-agressees-au-siege-de-la-municipalite\/#respond\"]}]},{\"@type\":\"WebPage\",\"@id\":\"https:\/\/kapitalis.com\/tunisie\/2021\/01\/05\/kairouan-la-mairesse-del-ala-et-deux-fonctionnaires-agressees-au-siege-de-la-municipalite\/\",\"url\":\"https:\/\/kapitalis.com\/tunisie\/2021\/01\/05\/kairouan-la-mairesse-del-ala-et-deux-fonctionnaires-agressees-au-siege-de-la-municipalite\/\",\"name\":\"Kairouan : La mairesse d'El-Ala et deux fonctionnaires agress\u00e9es au si\u00e8ge de la municipalit\u00e9 - Kapitalis\",\"isPartOf\":{\"@id\":\"https:\/\/kapitalis.com\/tunisie\/#website\"},\"primaryImageOfPage\":{\"@id\":\"https:\/\/kapitalis.com\/tunisie\/2021\/01\/05\/kairouan-la-mairesse-del-ala-et-deux-fonctionnaires-agressees-au-siege-de-la-municipalite\/#primaryimage\"},\"image\":{\"@id\":\"https:\/\/kapitalis.com\/tunisie\/2021\/01\/05\/kairouan-la-mairesse-del-ala-et-deux-fonctionnaires-agressees-au-siege-de-la-municipalite\/#primaryimage\"},\"thumbnailUrl\":\"\",\"datePublished\":\"2021-01-05T16:55:30+00:00\",\"dateModified\":\"2021-01-06T00:50:51+00:00\",\"breadcrumb\":{\"@id\":\"https:\/\/kapitalis.com\/tunisie\/2021\/01\/05\/kairouan-la-mairesse-del-ala-et-deux-fonctionnaires-agressees-au-siege-de-la-municipalite\/#breadcrumb\"},\"inLanguage\":\"fr-FR\",\"potentialAction\":[{\"@type\":\"ReadAction\",\"target\":[\"https:\/\/kapitalis.com\/tunisie\/2021\/01\/05\/kairouan-la-mairesse-del-ala-et-deux-fonctionnaires-agressees-au-siege-de-la-municipalite\/\"]}]},{\"@type\":\"ImageObject\",\"inLanguage\":\"fr-FR\",\"@id\":\"https:\/\/kapitalis.com\/tunisie\/2021\/01\/05\/kairouan-la-mairesse-del-ala-et-deux-fonctionnaires-agressees-au-siege-de-la-municipalite\/#primaryimage\",\"url\":\"\",\"contentUrl\":\"\"},{\"@type\":\"BreadcrumbList\",\"@id\":\"https:\/\/kapitalis.com\/tunisie\/2021\/01\/05\/kairouan-la-mairesse-del-ala-et-deux-fonctionnaires-agressees-au-siege-de-la-municipalite\/#breadcrumb\",\"itemListElement\":[{\"@type\":\"ListItem\",\"position\":1,\"name\":\"Accueil\",\"item\":\"https:\/\/kapitalis.com\/tunisie\/\"},{\"@type\":\"ListItem\",\"position\":2,\"name\":\"Kairouan : La mairesse d&rsquo;El-Ala et deux fonctionnaires agress\u00e9es au si\u00e8ge de la municipalit\u00e9\"}]},{\"@type\":\"WebSite\",\"@id\":\"https:\/\/kapitalis.com\/tunisie\/#website\",\"url\":\"https:\/\/kapitalis.com\/tunisie\/\",\"name\":\"Kapitalis\",\"description\":\"L&#039;actualit\u00e9 en Tunisie et dans le monde\",\"publisher\":{\"@id\":\"https:\/\/kapitalis.com\/tunisie\/#organization\"},\"potentialAction\":[{\"@type\":\"SearchAction\",\"target\":{\"@type\":\"EntryPoint\",\"urlTemplate\":\"https:\/\/kapitalis.com\/tunisie\/?s={search_term_string}\"},\"query-input\":{\"@type\":\"PropertyValueSpecification\",\"valueRequired\":true,\"valueName\":\"search_term_string\"}}],\"inLanguage\":\"fr-FR\"},{\"@type\":\"Organization\",\"@id\":\"https:\/\/kapitalis.com\/tunisie\/#organization\",\"name\":\"Kapitalis\",\"url\":\"https:\/\/kapitalis.com\/tunisie\/\",\"logo\":{\"@type\":\"ImageObject\",\"inLanguage\":\"fr-FR\",\"@id\":\"https:\/\/kapitalis.com\/tunisie\/#\/schema\/logo\/image\/\",\"url\":\"https:\/\/kapitalis.com\/tunisie\/wp-content\/uploads\/2022\/05\/Kapitalis-big-size.png\",\"contentUrl\":\"https:\/\/kapitalis.com\/tunisie\/wp-content\/uploads\/2022\/05\/Kapitalis-big-size.png\",\"width\":5000,\"height\":1500,\"caption\":\"Kapitalis\"},\"image\":{\"@id\":\"https:\/\/kapitalis.com\/tunisie\/#\/schema\/logo\/image\/\"},\"sameAs\":[\"https:\/\/www.facebook.com\/KapitalisInfo\/\",\"https:\/\/x.com\/KapitalisInfo\",\"https:\/\/www.youtube.com\/channel\/UC-yDYrHyfFBWWZaOw3FPg9Q\"]},{\"@type\":\"Person\",\"@id\":\"https:\/\/kapitalis.com\/tunisie\/#\/schema\/person\/74bbde0154d49d790a92aaeac5bc01d5\",\"name\":\"Yusra NY\",\"url\":\"https:\/\/kapitalis.com\/tunisie\/author\/yuza_adam\/\"}]}<\/script>\n<!-- \/ Yoast SEO plugin. -->","yoast_head_json":{"title":"Kairouan : La mairesse d'El-Ala et deux fonctionnaires agress\u00e9es au si\u00e8ge de la municipalit\u00e9 - Kapitalis","robots":{"index":"index","follow":"follow","max-snippet":"max-snippet:-1","max-image-preview":"max-image-preview:large","max-video-preview":"max-video-preview:-1"},"canonical":"https:\/\/kapitalis.com\/tunisie\/2021\/01\/05\/kairouan-la-mairesse-del-ala-et-deux-fonctionnaires-agressees-au-siege-de-la-municipalite\/","og_locale":"fr_FR","og_type":"article","og_title":"Kairouan : La mairesse d'El-Ala et deux fonctionnaires agress\u00e9es au si\u00e8ge de la municipalit\u00e9 - Kapitalis","og_description":"La mairesse d&rsquo;El-Ala ainsi que deux fonctionnaires ont \u00e9t\u00e9 agress\u00e9es au si\u00e8ge de la municipalit\u00e9 de cette ville relevant du gouvernorat de Kairouan. L&rsquo;une des fonctionnaires, enceinte, a \u00e9t\u00e9 transport\u00e9e \u00e0 l&rsquo;h\u00f4pital.","og_url":"https:\/\/kapitalis.com\/tunisie\/2021\/01\/05\/kairouan-la-mairesse-del-ala-et-deux-fonctionnaires-agressees-au-siege-de-la-municipalite\/","og_site_name":"Kapitalis","article_publisher":"https:\/\/www.facebook.com\/KapitalisInfo\/","article_published_time":"2021-01-05T16:55:30+00:00","article_modified_time":"2021-01-06T00:50:51+00:00","og_image":[{"width":1200,"height":630,"url":"https:\/\/kapitalis.com\/tunisie\/wp-content\/uploads\/2022\/05\/kapitalis-logo-fb.png","type":"image\/png"}],"author":"Yusra NY","twitter_card":"summary_large_image","twitter_creator":"@KapitalisInfo","twitter_site":"@KapitalisInfo","twitter_misc":{"\u00c9crit par":"Yusra NY","Dur\u00e9e de lecture estim\u00e9e":"1 minute"},"schema":{"@context":"https:\/\/schema.org","@graph":[{"@type":"Article","@id":"https:\/\/kapitalis.com\/tunisie\/2021\/01\/05\/kairouan-la-mairesse-del-ala-et-deux-fonctionnaires-agressees-au-siege-de-la-municipalite\/#article","isPartOf":{"@id":"https:\/\/kapitalis.com\/tunisie\/2021\/01\/05\/kairouan-la-mairesse-del-ala-et-deux-fonctionnaires-agressees-au-siege-de-la-municipalite\/"},"author":{"name":"Yusra NY","@id":"https:\/\/kapitalis.com\/tunisie\/#\/schema\/person\/74bbde0154d49d790a92aaeac5bc01d5"},"headline":"Kairouan : La mairesse d&rsquo;El-Ala et deux fonctionnaires agress\u00e9es au si\u00e8ge de la municipalit\u00e9","datePublished":"2021-01-05T16:55:30+00:00","dateModified":"2021-01-06T00:50:51+00:00","mainEntityOfPage":{"@id":"https:\/\/kapitalis.com\/tunisie\/2021\/01\/05\/kairouan-la-mairesse-del-ala-et-deux-fonctionnaires-agressees-au-siege-de-la-municipalite\/"},"wordCount":198,"commentCount":0,"publisher":{"@id":"https:\/\/kapitalis.com\/tunisie\/#organization"},"image":{"@id":"https:\/\/kapitalis.com\/tunisie\/2021\/01\/05\/kairouan-la-mairesse-del-ala-et-deux-fonctionnaires-agressees-au-siege-de-la-municipalite\/#primaryimage"},"thumbnailUrl":"","keywords":["agression","conseil municipal","d\u00e9c\u00e8s enfants","El-\u00c2laa","Incendie","Kairouan","mairesse","municipalit\u00e9","Steg"],"articleSection":["POLITIQUE","SOCIETE","Tunisie"],"inLanguage":"fr-FR","potentialAction":[{"@type":"CommentAction","name":"Comment","target":["https:\/\/kapitalis.com\/tunisie\/2021\/01\/05\/kairouan-la-mairesse-del-ala-et-deux-fonctionnaires-agressees-au-siege-de-la-municipalite\/#respond"]}]},{"@type":"WebPage","@id":"https:\/\/kapitalis.com\/tunisie\/2021\/01\/05\/kairouan-la-mairesse-del-ala-et-deux-fonctionnaires-agressees-au-siege-de-la-municipalite\/","url":"https:\/\/kapitalis.com\/tunisie\/2021\/01\/05\/kairouan-la-mairesse-del-ala-et-deux-fonctionnaires-agressees-au-siege-de-la-municipalite\/","name":"Kairouan : La mairesse d'El-Ala et deux fonctionnaires agress\u00e9es au si\u00e8ge de la municipalit\u00e9 - Kapitalis","isPartOf":{"@id":"https:\/\/kapitalis.com\/tunisie\/#website"},"primaryImageOfPage":{"@id":"https:\/\/kapitalis.com\/tunisie\/2021\/01\/05\/kairouan-la-mairesse-del-ala-et-deux-fonctionnaires-agressees-au-siege-de-la-municipalite\/#primaryimage"},"image":{"@id":"https:\/\/kapitalis.com\/tunisie\/2021\/01\/05\/kairouan-la-mairesse-del-ala-et-deux-fonctionnaires-agressees-au-siege-de-la-municipalite\/#primaryimage"},"thumbnailUrl":"","datePublished":"2021-01-05T16:55:30+00:00","dateModified":"2021-01-06T00:50:51+00:00","breadcrumb":{"@id":"https:\/\/kapitalis.com\/tunisie\/2021\/01\/05\/kairouan-la-mairesse-del-ala-et-deux-fonctionnaires-agressees-au-siege-de-la-municipalite\/#breadcrumb"},"inLanguage":"fr-FR","potentialAction":[{"@type":"ReadAction","target":["https:\/\/kapitalis.com\/tunisie\/2021\/01\/05\/kairouan-la-mairesse-del-ala-et-deux-fonctionnaires-agressees-au-siege-de-la-municipalite\/"]}]},{"@type":"ImageObject","inLanguage":"fr-FR","@id":"https:\/\/kapitalis.com\/tunisie\/2021\/01\/05\/kairouan-la-mairesse-del-ala-et-deux-fonctionnaires-agressees-au-siege-de-la-municipalite\/#primaryimage","url":"","contentUrl":""},{"@type":"BreadcrumbList","@id":"https:\/\/kapitalis.com\/tunisie\/2021\/01\/05\/kairouan-la-mairesse-del-ala-et-deux-fonctionnaires-agressees-au-siege-de-la-municipalite\/#breadcrumb","itemListElement":[{"@type":"ListItem","position":1,"name":"Accueil","item":"https:\/\/kapitalis.com\/tunisie\/"},{"@type":"ListItem","position":2,"name":"Kairouan : La mairesse d&rsquo;El-Ala et deux fonctionnaires agress\u00e9es au si\u00e8ge de la municipalit\u00e9"}]},{"@type":"WebSite","@id":"https:\/\/kapitalis.com\/tunisie\/#website","url":"https:\/\/kapitalis.com\/tunisie\/","name":"Kapitalis","description":"L&#039;actualit\u00e9 en Tunisie et dans le monde","publisher":{"@id":"https:\/\/kapitalis.com\/tunisie\/#organization"},"potentialAction":[{"@type":"SearchAction","target":{"@type":"EntryPoint","urlTemplate":"https:\/\/kapitalis.com\/tunisie\/?s={search_term_string}"},"query-input":{"@type":"PropertyValueSpecification","valueRequired":true,"valueName":"search_term_string"}}],"inLanguage":"fr-FR"},{"@type":"Organization","@id":"https:\/\/kapitalis.com\/tunisie\/#organization","name":"Kapitalis","url":"https:\/\/kapitalis.com\/tunisie\/","logo":{"@type":"ImageObject","inLanguage":"fr-FR","@id":"https:\/\/kapitalis.com\/tunisie\/#\/schema\/logo\/image\/","url":"https:\/\/kapitalis.com\/tunisie\/wp-content\/uploads\/2022\/05\/Kapitalis-big-size.png","contentUrl":"https:\/\/kapitalis.com\/tunisie\/wp-content\/uploads\/2022\/05\/Kapitalis-big-size.png","width":5000,"height":1500,"caption":"Kapitalis"},"image":{"@id":"https:\/\/kapitalis.com\/tunisie\/#\/schema\/logo\/image\/"},"sameAs":["https:\/\/www.facebook.com\/KapitalisInfo\/","https:\/\/x.com\/KapitalisInfo","https:\/\/www.youtube.com\/channel\/UC-yDYrHyfFBWWZaOw3FPg9Q"]},{"@type":"Person","@id":"https:\/\/kapitalis.com\/tunisie\/#\/schema\/person\/74bbde0154d49d790a92aaeac5bc01d5","name":"Yusra NY","url":"https:\/\/kapitalis.com\/tunisie\/author\/yuza_adam\/"}]}},"_links":{"self":[{"href":"https:\/\/kapitalis.com\/tunisie\/wp-json\/wp\/v2\/posts\/330917","targetHints":{"allow":["GET"]}}],"collection":[{"href":"https:\/\/kapitalis.com\/tunisie\/wp-json\/wp\/v2\/posts"}],"about":[{"href":"https:\/\/kapitalis.com\/tunisie\/wp-json\/wp\/v2\/types\/post"}],"author":[{"embeddable":true,"href":"https:\/\/kapitalis.com\/tunisie\/wp-json\/wp\/v2\/users\/6"}],"replies":[{"embeddable":true,"href":"https:\/\/kapitalis.com\/tunisie\/wp-json\/wp\/v2\/comments?post=330917"}],"version-history":[{"count":0,"href":"https:\/\/kapitalis.com\/tunisie\/wp-json\/wp\/v2\/posts\/330917\/revisions"}],"wp:featuredmedia":[{"embeddable":true,"href":"https:\/\/kapitalis.com\/tunisie\/wp-json\/wp\/v2\/media\/330938"}],"wp:attachment":[{"href":"https:\/\/kapitalis.com\/tunisie\/wp-json\/wp\/v2\/media?parent=330917"}],"wp:term":[{"taxonomy":"category","embeddable":true,"href":"https:\/\/kapitalis.com\/tunisie\/wp-json\/wp\/v2\/categories?post=330917"},{"taxonomy":"post_tag","embeddable":true,"href":"https:\/\/kapitalis.com\/tunisie\/wp-json\/wp\/v2\/tags?post=330917"}],"curies":[{"name":"wp","href":"https:\/\/api.w.org\/{rel}","templated":true}]}}