{"id":330988,"date":"2021-01-06T09:22:53","date_gmt":"2021-01-06T08:22:53","guid":{"rendered":"http:\/\/kapitalis.com\/tunisie\/?p=330988"},"modified":"2021-01-06T12:24:23","modified_gmt":"2021-01-06T11:24:23","slug":"grippe-ou-covid-comment-faire-la-difference","status":"publish","type":"post","link":"https:\/\/kapitalis.com\/tunisie\/2021\/01\/06\/grippe-ou-covid-comment-faire-la-difference\/","title":{"rendered":"Grippe ou Covid: Comment faire la diff\u00e9rence ?"},"content":{"rendered":"\n<figure class=\"wp-block-image size-large\"><img decoding=\"async\" src=\"http:\/\/kapitalis.com\/tunisie\/wp-content\/uploads\/2021\/01\/Grippe-et-Covid-19.jpg\" alt=\"\" class=\"wp-image-330993\"\/><\/figure>\n\n\n\n<p><strong><em>L\u2019hiver est synonyme de craintes quant \u00e0 l\u2019\u00e9volution de la pand\u00e9mie de Covid-19, mais aussi quant aux difficult\u00e9s de prise en charge du fait de la concomitance des autres maladies hivernales telles que le rhume ou la grippe saisonni\u00e8re. Ce t\u00e9lescopage grippe-Covid risque de cr\u00e9er des confusions parmi la population, susciter des inqui\u00e9tudes et poser de gros probl\u00e8mes de gestion.<\/em><\/strong><\/p>\n\n\n\n<p>Par <strong>Dr Salem Sahli<\/strong> *<\/p>\n\n\n\n<!--more-->\n\n\n\n<div class=\"wp-block-image\"><figure class=\"alignleft size-large\"><img decoding=\"async\" src=\"http:\/\/kapitalis.com\/tunisie\/wp-content\/uploads\/2017\/03\/Salem-Sahli.jpg\" alt=\"\" class=\"wp-image-86374\"\/><\/figure><\/div>\n\n\n\n<p>Il n\u2019est peut-\u00eatre pas inutile de rappeler, en comparant leur fr\u00e9quence, les principaux sympt\u00f4mes de ces pathologies qui se ressemblent beaucoup. Le virus de la grippe et celui de la Covid-19 se transmettent tous les deux via les gouttelettes \u00e9mises par les individus, en \u00e9ternuant, en toussant ou en parlant, et occasionnent un tableau clinique domin\u00e9 par des manifestations respiratoires.<\/p>\n\n\n\n<div class=\"wp-block-image\"><figure class=\"aligncenter size-large\"><img decoding=\"async\" src=\"http:\/\/kapitalis.com\/tunisie\/wp-content\/uploads\/2021\/01\/Comparatif-Grippe-Covid-19.jpg\" alt=\"\" class=\"wp-image-330992\"\/><\/figure><\/div>\n\n\n\n<p>En donnant quelques rep\u00e8res aux patients, cela permettra peut-\u00eatre de rassurer certains malades ou de les alerter en cas de doute et les pousser \u00e0 consulter un m\u00e9decin. En effet, selon qu\u2019on soit porteur de Sars-Cov-2 ou du virus de la grippe, la nature de la prise en charge et des pr\u00e9cautions \u00e0 prendre diff\u00e8re. Il reste bien s\u00fbr \u00e9vident que seul un test RT-PCR du Sars-Cov-2 positif permet d\u2019affirmer le diagnostic de la Covid-19. Ce test devra \u00eatre r\u00e9alis\u00e9 en cas de contage Covid (sujet contact) et\/ou en pr\u00e9sence de sympt\u00f4mes \u00e9vocateurs.<\/p>\n\n\n\n<h3 class=\"wp-block-heading\">Les Tunisiens doivent s\u2019inqui\u00e9ter<\/h3>\n\n\n\n<p>Actuellement, il n\u2019existe aucun traitement sp\u00e9cifique homologu\u00e9 contre la Covid-19. La vaccination qui a d\u00e9marr\u00e9 aux Etats-Unis et dans quelques pays europ\u00e9ens est trop r\u00e9cente pour autoriser une \u00e9valuation cr\u00e9dible. Ce qu\u2019on est en train de voir dans les chiffres, ces jours-ci, devrait inqui\u00e9ter tous les Tunisiens. On voit en effet une reprise de la Covid-19 dans tous les gouvernorats du pays, ce qui veut dire que nous devons encore garder nos distances, laver nos mains et porter le masque tout le temps. Nous nous devons d\u2019\u00eatre extr\u00eamement vigilants. Les Tunisiens commencent \u00e0 s\u2019habituer au respect de ces gestes barri\u00e8re, esp\u00e9rons que cela contribue \u00e0 freiner la circulation du virus en attendant l\u2019arriv\u00e9e du vaccin anti-Covid dans nos contr\u00e9es.<\/p>\n\n\n\n<p>Si des antiviraux permettent de soigner la grippe dans certains cas, la vaccination s\u2019av\u00e8re la mesure la plus efficace pour \u00e9viter d\u2019\u00eatre contamin\u00e9. Cette ann\u00e9e, il convient donc de la recommander largement et particuli\u00e8rement pour les plus vuln\u00e9rables d\u2019entre-nous, en rappelant toutefois que le vaccin contre la grippe n\u2019est pas efficace contre le Sars-CoV-2.<\/p>\n\n\n\n<p><em>* \u00a0Secr\u00e9taire g\u00e9n\u00e9ral de l\u2019Association d\u2019\u00e9ducation relative \u00e0 l\u2019environnement de Hammamet.<\/em><\/p>\n\n\n\n<h4 class=\"wp-block-heading\"><em>Articles du m\u00eame auteur dans Kapitalis :<\/em><\/h4>\n\n\n\n<figure class=\"wp-block-embed is-type-wp-embed is-provider-kapitalis wp-block-embed-kapitalis\"><div class=\"wp-block-embed__wrapper\">\n<blockquote class=\"wp-embedded-content\" data-secret=\"AWTmvs6xff\"><a href=\"https:\/\/kapitalis.com\/tunisie\/2020\/10\/27\/tunisie-les-residents-protestent-contre-les-conditions-des-gardes-covid-19\/\">Tunisie : Les r\u00e9sidents protestent contre les conditions des gardes Covid-19<\/a><\/blockquote><iframe loading=\"lazy\" class=\"wp-embedded-content\" sandbox=\"allow-scripts\" security=\"restricted\" style=\"position: absolute; clip: rect(1px, 1px, 1px, 1px);\" title=\"\u00ab\u00a0Tunisie : Les r\u00e9sidents protestent contre les conditions des gardes Covid-19\u00a0\u00bb &#8212; Kapitalis\" src=\"https:\/\/kapitalis.com\/tunisie\/2020\/10\/27\/tunisie-les-residents-protestent-contre-les-conditions-des-gardes-covid-19\/embed\/#?secret=Ry5wpSpg92#?secret=AWTmvs6xff\" data-secret=\"AWTmvs6xff\" width=\"600\" height=\"338\" frameborder=\"0\" marginwidth=\"0\" marginheight=\"0\" scrolling=\"no\"><\/iframe>\n<\/div><\/figure>\n\n\n\n<figure class=\"wp-block-embed is-type-wp-embed is-provider-kapitalis wp-block-embed-kapitalis\"><div class=\"wp-block-embed__wrapper\">\n<blockquote class=\"wp-embedded-content\" data-secret=\"AWTmvs6xff\"><a href=\"https:\/\/kapitalis.com\/tunisie\/2020\/10\/27\/tunisie-les-residents-protestent-contre-les-conditions-des-gardes-covid-19\/\">Tunisie : Les r\u00e9sidents protestent contre les conditions des gardes Covid-19<\/a><\/blockquote><iframe loading=\"lazy\" class=\"wp-embedded-content\" sandbox=\"allow-scripts\" security=\"restricted\" style=\"position: absolute; clip: rect(1px, 1px, 1px, 1px);\" title=\"\u00ab\u00a0Tunisie : Les r\u00e9sidents protestent contre les conditions des gardes Covid-19\u00a0\u00bb &#8212; Kapitalis\" src=\"https:\/\/kapitalis.com\/tunisie\/2020\/10\/27\/tunisie-les-residents-protestent-contre-les-conditions-des-gardes-covid-19\/embed\/#?secret=Ry5wpSpg92#?secret=AWTmvs6xff\" data-secret=\"AWTmvs6xff\" width=\"600\" height=\"338\" frameborder=\"0\" marginwidth=\"0\" marginheight=\"0\" scrolling=\"no\"><\/iframe>\n<\/div><\/figure>\n\n\n\n<figure class=\"wp-block-embed is-type-wp-embed is-provider-kapitalis wp-block-embed-kapitalis\"><div class=\"wp-block-embed__wrapper\">\n<blockquote class=\"wp-embedded-content\" data-secret=\"OKnbvhA5g2\"><a href=\"https:\/\/kapitalis.com\/tunisie\/2020\/07\/17\/les-ecologistes-de-hammamet-fetent-les-30-ans-de-leur-association\/\">Les \u00e9cologistes de Hammamet f\u00eatent les 30 ans de leur association<\/a><\/blockquote><iframe loading=\"lazy\" class=\"wp-embedded-content\" sandbox=\"allow-scripts\" security=\"restricted\" style=\"position: absolute; clip: rect(1px, 1px, 1px, 1px);\" title=\"\u00ab\u00a0Les \u00e9cologistes de Hammamet f\u00eatent les 30 ans de leur association\u00a0\u00bb &#8212; Kapitalis\" src=\"https:\/\/kapitalis.com\/tunisie\/2020\/07\/17\/les-ecologistes-de-hammamet-fetent-les-30-ans-de-leur-association\/embed\/#?secret=amkvnXKjl9#?secret=OKnbvhA5g2\" data-secret=\"OKnbvhA5g2\" width=\"600\" height=\"338\" frameborder=\"0\" marginwidth=\"0\" marginheight=\"0\" scrolling=\"no\"><\/iframe>\n<\/div><\/figure>\n","protected":false},"excerpt":{"rendered":"<p>L\u2019hiver est synonyme de craintes quant \u00e0 l\u2019\u00e9volution de la pand\u00e9mie de Covid-19, mais aussi quant aux difficult\u00e9s de prise en charge du fait de la concomitance des autres maladies hivernales telles que le rhume ou la grippe saisonni\u00e8re. Ce t\u00e9lescopage grippe-Covid risque de cr\u00e9er des confusions parmi la population, susciter des inqui\u00e9tudes et poser&#8230;<\/p>\n","protected":false},"author":8,"featured_media":330992,"comment_status":"open","ping_status":"open","sticky":false,"template":"","format":"standard","meta":{"footnotes":""},"categories":[992,998,1000,2433],"tags":[75291,75915,80472],"class_list":["post-330988","post","type-post","status-publish","format-standard","has-post-thumbnail","hentry","category-a-la-une","category-societe","category-tribune","category-tunisie","tag-covid-19","tag-grippe-saisonniere","tag-test-rt-pcr"],"yoast_head":"<!-- This site is optimized with the Yoast SEO plugin v26.6 - https:\/\/yoast.com\/wordpress\/plugins\/seo\/ -->\n<title>Grippe ou Covid: Comment faire la diff\u00e9rence ? - Kapitalis<\/title>\n<meta name=\"robots\" content=\"index, follow, max-snippet:-1, max-image-preview:large, max-video-preview:-1\" \/>\n<link rel=\"canonical\" href=\"https:\/\/kapitalis.com\/tunisie\/2021\/01\/06\/grippe-ou-covid-comment-faire-la-difference\/\" \/>\n<meta property=\"og:locale\" content=\"fr_FR\" \/>\n<meta property=\"og:type\" content=\"article\" \/>\n<meta property=\"og:title\" content=\"Grippe ou Covid: Comment faire la diff\u00e9rence ? - Kapitalis\" \/>\n<meta property=\"og:description\" content=\"L\u2019hiver est synonyme de craintes quant \u00e0 l\u2019\u00e9volution de la pand\u00e9mie de Covid-19, mais aussi quant aux difficult\u00e9s de prise en charge du fait de la concomitance des autres maladies hivernales telles que le rhume ou la grippe saisonni\u00e8re. Ce t\u00e9lescopage grippe-Covid risque de cr\u00e9er des confusions parmi la population, susciter des inqui\u00e9tudes et poser...\" \/>\n<meta property=\"og:url\" content=\"https:\/\/kapitalis.com\/tunisie\/2021\/01\/06\/grippe-ou-covid-comment-faire-la-difference\/\" \/>\n<meta property=\"og:site_name\" content=\"Kapitalis\" \/>\n<meta property=\"article:publisher\" content=\"https:\/\/www.facebook.com\/KapitalisInfo\/\" \/>\n<meta property=\"article:published_time\" content=\"2021-01-06T08:22:53+00:00\" \/>\n<meta property=\"article:modified_time\" content=\"2021-01-06T11:24:23+00:00\" \/>\n<meta property=\"og:image\" content=\"https:\/\/kapitalis.com\/tunisie\/wp-content\/uploads\/2022\/05\/kapitalis-logo-fb.png\" \/>\n\t<meta property=\"og:image:width\" content=\"1200\" \/>\n\t<meta property=\"og:image:height\" content=\"630\" \/>\n\t<meta property=\"og:image:type\" content=\"image\/png\" \/>\n<meta name=\"author\" content=\"webmaster kapitalis\" \/>\n<meta name=\"twitter:card\" content=\"summary_large_image\" \/>\n<meta name=\"twitter:creator\" content=\"@KapitalisInfo\" \/>\n<meta name=\"twitter:site\" content=\"@KapitalisInfo\" \/>\n<meta name=\"twitter:label1\" content=\"\u00c9crit par\" \/>\n\t<meta name=\"twitter:data1\" content=\"webmaster kapitalis\" \/>\n\t<meta name=\"twitter:label2\" content=\"Dur\u00e9e de lecture estim\u00e9e\" \/>\n\t<meta name=\"twitter:data2\" content=\"2 minutes\" \/>\n<script type=\"application\/ld+json\" class=\"yoast-schema-graph\">{\"@context\":\"https:\/\/schema.org\",\"@graph\":[{\"@type\":\"Article\",\"@id\":\"https:\/\/kapitalis.com\/tunisie\/2021\/01\/06\/grippe-ou-covid-comment-faire-la-difference\/#article\",\"isPartOf\":{\"@id\":\"https:\/\/kapitalis.com\/tunisie\/2021\/01\/06\/grippe-ou-covid-comment-faire-la-difference\/\"},\"author\":{\"name\":\"webmaster kapitalis\",\"@id\":\"https:\/\/kapitalis.com\/tunisie\/#\/schema\/person\/d71f33a9ca44f7bad4698210b480c8e9\"},\"headline\":\"Grippe ou Covid: Comment faire la diff\u00e9rence ?\",\"datePublished\":\"2021-01-06T08:22:53+00:00\",\"dateModified\":\"2021-01-06T11:24:23+00:00\",\"mainEntityOfPage\":{\"@id\":\"https:\/\/kapitalis.com\/tunisie\/2021\/01\/06\/grippe-ou-covid-comment-faire-la-difference\/\"},\"wordCount\":486,\"commentCount\":0,\"publisher\":{\"@id\":\"https:\/\/kapitalis.com\/tunisie\/#organization\"},\"image\":{\"@id\":\"https:\/\/kapitalis.com\/tunisie\/2021\/01\/06\/grippe-ou-covid-comment-faire-la-difference\/#primaryimage\"},\"thumbnailUrl\":\"\",\"keywords\":[\"Covid-19\",\"grippe saisonni\u00e8re\",\"test RT-PCR\"],\"articleSection\":[\"A LA UNE\",\"SOCIETE\",\"TRIBUNE\",\"Tunisie\"],\"inLanguage\":\"fr-FR\",\"potentialAction\":[{\"@type\":\"CommentAction\",\"name\":\"Comment\",\"target\":[\"https:\/\/kapitalis.com\/tunisie\/2021\/01\/06\/grippe-ou-covid-comment-faire-la-difference\/#respond\"]}]},{\"@type\":\"WebPage\",\"@id\":\"https:\/\/kapitalis.com\/tunisie\/2021\/01\/06\/grippe-ou-covid-comment-faire-la-difference\/\",\"url\":\"https:\/\/kapitalis.com\/tunisie\/2021\/01\/06\/grippe-ou-covid-comment-faire-la-difference\/\",\"name\":\"Grippe ou Covid: Comment faire la diff\u00e9rence ? - Kapitalis\",\"isPartOf\":{\"@id\":\"https:\/\/kapitalis.com\/tunisie\/#website\"},\"primaryImageOfPage\":{\"@id\":\"https:\/\/kapitalis.com\/tunisie\/2021\/01\/06\/grippe-ou-covid-comment-faire-la-difference\/#primaryimage\"},\"image\":{\"@id\":\"https:\/\/kapitalis.com\/tunisie\/2021\/01\/06\/grippe-ou-covid-comment-faire-la-difference\/#primaryimage\"},\"thumbnailUrl\":\"\",\"datePublished\":\"2021-01-06T08:22:53+00:00\",\"dateModified\":\"2021-01-06T11:24:23+00:00\",\"breadcrumb\":{\"@id\":\"https:\/\/kapitalis.com\/tunisie\/2021\/01\/06\/grippe-ou-covid-comment-faire-la-difference\/#breadcrumb\"},\"inLanguage\":\"fr-FR\",\"potentialAction\":[{\"@type\":\"ReadAction\",\"target\":[\"https:\/\/kapitalis.com\/tunisie\/2021\/01\/06\/grippe-ou-covid-comment-faire-la-difference\/\"]}]},{\"@type\":\"ImageObject\",\"inLanguage\":\"fr-FR\",\"@id\":\"https:\/\/kapitalis.com\/tunisie\/2021\/01\/06\/grippe-ou-covid-comment-faire-la-difference\/#primaryimage\",\"url\":\"\",\"contentUrl\":\"\"},{\"@type\":\"BreadcrumbList\",\"@id\":\"https:\/\/kapitalis.com\/tunisie\/2021\/01\/06\/grippe-ou-covid-comment-faire-la-difference\/#breadcrumb\",\"itemListElement\":[{\"@type\":\"ListItem\",\"position\":1,\"name\":\"Accueil\",\"item\":\"https:\/\/kapitalis.com\/tunisie\/\"},{\"@type\":\"ListItem\",\"position\":2,\"name\":\"Grippe ou Covid: Comment faire la diff\u00e9rence ?\"}]},{\"@type\":\"WebSite\",\"@id\":\"https:\/\/kapitalis.com\/tunisie\/#website\",\"url\":\"https:\/\/kapitalis.com\/tunisie\/\",\"name\":\"Kapitalis\",\"description\":\"L&#039;actualit\u00e9 en Tunisie et dans le monde\",\"publisher\":{\"@id\":\"https:\/\/kapitalis.com\/tunisie\/#organization\"},\"potentialAction\":[{\"@type\":\"SearchAction\",\"target\":{\"@type\":\"EntryPoint\",\"urlTemplate\":\"https:\/\/kapitalis.com\/tunisie\/?s={search_term_string}\"},\"query-input\":{\"@type\":\"PropertyValueSpecification\",\"valueRequired\":true,\"valueName\":\"search_term_string\"}}],\"inLanguage\":\"fr-FR\"},{\"@type\":\"Organization\",\"@id\":\"https:\/\/kapitalis.com\/tunisie\/#organization\",\"name\":\"Kapitalis\",\"url\":\"https:\/\/kapitalis.com\/tunisie\/\",\"logo\":{\"@type\":\"ImageObject\",\"inLanguage\":\"fr-FR\",\"@id\":\"https:\/\/kapitalis.com\/tunisie\/#\/schema\/logo\/image\/\",\"url\":\"https:\/\/kapitalis.com\/tunisie\/wp-content\/uploads\/2022\/05\/Kapitalis-big-size.png\",\"contentUrl\":\"https:\/\/kapitalis.com\/tunisie\/wp-content\/uploads\/2022\/05\/Kapitalis-big-size.png\",\"width\":5000,\"height\":1500,\"caption\":\"Kapitalis\"},\"image\":{\"@id\":\"https:\/\/kapitalis.com\/tunisie\/#\/schema\/logo\/image\/\"},\"sameAs\":[\"https:\/\/www.facebook.com\/KapitalisInfo\/\",\"https:\/\/x.com\/KapitalisInfo\",\"https:\/\/www.youtube.com\/channel\/UC-yDYrHyfFBWWZaOw3FPg9Q\"]},{\"@type\":\"Person\",\"@id\":\"https:\/\/kapitalis.com\/tunisie\/#\/schema\/person\/d71f33a9ca44f7bad4698210b480c8e9\",\"name\":\"webmaster kapitalis\",\"url\":\"https:\/\/kapitalis.com\/tunisie\/author\/webmaster-kapitalis\/\"}]}<\/script>\n<!-- \/ Yoast SEO plugin. -->","yoast_head_json":{"title":"Grippe ou Covid: Comment faire la diff\u00e9rence ? - Kapitalis","robots":{"index":"index","follow":"follow","max-snippet":"max-snippet:-1","max-image-preview":"max-image-preview:large","max-video-preview":"max-video-preview:-1"},"canonical":"https:\/\/kapitalis.com\/tunisie\/2021\/01\/06\/grippe-ou-covid-comment-faire-la-difference\/","og_locale":"fr_FR","og_type":"article","og_title":"Grippe ou Covid: Comment faire la diff\u00e9rence ? - Kapitalis","og_description":"L\u2019hiver est synonyme de craintes quant \u00e0 l\u2019\u00e9volution de la pand\u00e9mie de Covid-19, mais aussi quant aux difficult\u00e9s de prise en charge du fait de la concomitance des autres maladies hivernales telles que le rhume ou la grippe saisonni\u00e8re. Ce t\u00e9lescopage grippe-Covid risque de cr\u00e9er des confusions parmi la population, susciter des inqui\u00e9tudes et poser...","og_url":"https:\/\/kapitalis.com\/tunisie\/2021\/01\/06\/grippe-ou-covid-comment-faire-la-difference\/","og_site_name":"Kapitalis","article_publisher":"https:\/\/www.facebook.com\/KapitalisInfo\/","article_published_time":"2021-01-06T08:22:53+00:00","article_modified_time":"2021-01-06T11:24:23+00:00","og_image":[{"width":1200,"height":630,"url":"https:\/\/kapitalis.com\/tunisie\/wp-content\/uploads\/2022\/05\/kapitalis-logo-fb.png","type":"image\/png"}],"author":"webmaster kapitalis","twitter_card":"summary_large_image","twitter_creator":"@KapitalisInfo","twitter_site":"@KapitalisInfo","twitter_misc":{"\u00c9crit par":"webmaster kapitalis","Dur\u00e9e de lecture estim\u00e9e":"2 minutes"},"schema":{"@context":"https:\/\/schema.org","@graph":[{"@type":"Article","@id":"https:\/\/kapitalis.com\/tunisie\/2021\/01\/06\/grippe-ou-covid-comment-faire-la-difference\/#article","isPartOf":{"@id":"https:\/\/kapitalis.com\/tunisie\/2021\/01\/06\/grippe-ou-covid-comment-faire-la-difference\/"},"author":{"name":"webmaster kapitalis","@id":"https:\/\/kapitalis.com\/tunisie\/#\/schema\/person\/d71f33a9ca44f7bad4698210b480c8e9"},"headline":"Grippe ou Covid: Comment faire la diff\u00e9rence ?","datePublished":"2021-01-06T08:22:53+00:00","dateModified":"2021-01-06T11:24:23+00:00","mainEntityOfPage":{"@id":"https:\/\/kapitalis.com\/tunisie\/2021\/01\/06\/grippe-ou-covid-comment-faire-la-difference\/"},"wordCount":486,"commentCount":0,"publisher":{"@id":"https:\/\/kapitalis.com\/tunisie\/#organization"},"image":{"@id":"https:\/\/kapitalis.com\/tunisie\/2021\/01\/06\/grippe-ou-covid-comment-faire-la-difference\/#primaryimage"},"thumbnailUrl":"","keywords":["Covid-19","grippe saisonni\u00e8re","test RT-PCR"],"articleSection":["A LA UNE","SOCIETE","TRIBUNE","Tunisie"],"inLanguage":"fr-FR","potentialAction":[{"@type":"CommentAction","name":"Comment","target":["https:\/\/kapitalis.com\/tunisie\/2021\/01\/06\/grippe-ou-covid-comment-faire-la-difference\/#respond"]}]},{"@type":"WebPage","@id":"https:\/\/kapitalis.com\/tunisie\/2021\/01\/06\/grippe-ou-covid-comment-faire-la-difference\/","url":"https:\/\/kapitalis.com\/tunisie\/2021\/01\/06\/grippe-ou-covid-comment-faire-la-difference\/","name":"Grippe ou Covid: Comment faire la diff\u00e9rence ? - Kapitalis","isPartOf":{"@id":"https:\/\/kapitalis.com\/tunisie\/#website"},"primaryImageOfPage":{"@id":"https:\/\/kapitalis.com\/tunisie\/2021\/01\/06\/grippe-ou-covid-comment-faire-la-difference\/#primaryimage"},"image":{"@id":"https:\/\/kapitalis.com\/tunisie\/2021\/01\/06\/grippe-ou-covid-comment-faire-la-difference\/#primaryimage"},"thumbnailUrl":"","datePublished":"2021-01-06T08:22:53+00:00","dateModified":"2021-01-06T11:24:23+00:00","breadcrumb":{"@id":"https:\/\/kapitalis.com\/tunisie\/2021\/01\/06\/grippe-ou-covid-comment-faire-la-difference\/#breadcrumb"},"inLanguage":"fr-FR","potentialAction":[{"@type":"ReadAction","target":["https:\/\/kapitalis.com\/tunisie\/2021\/01\/06\/grippe-ou-covid-comment-faire-la-difference\/"]}]},{"@type":"ImageObject","inLanguage":"fr-FR","@id":"https:\/\/kapitalis.com\/tunisie\/2021\/01\/06\/grippe-ou-covid-comment-faire-la-difference\/#primaryimage","url":"","contentUrl":""},{"@type":"BreadcrumbList","@id":"https:\/\/kapitalis.com\/tunisie\/2021\/01\/06\/grippe-ou-covid-comment-faire-la-difference\/#breadcrumb","itemListElement":[{"@type":"ListItem","position":1,"name":"Accueil","item":"https:\/\/kapitalis.com\/tunisie\/"},{"@type":"ListItem","position":2,"name":"Grippe ou Covid: Comment faire la diff\u00e9rence ?"}]},{"@type":"WebSite","@id":"https:\/\/kapitalis.com\/tunisie\/#website","url":"https:\/\/kapitalis.com\/tunisie\/","name":"Kapitalis","description":"L&#039;actualit\u00e9 en Tunisie et dans le monde","publisher":{"@id":"https:\/\/kapitalis.com\/tunisie\/#organization"},"potentialAction":[{"@type":"SearchAction","target":{"@type":"EntryPoint","urlTemplate":"https:\/\/kapitalis.com\/tunisie\/?s={search_term_string}"},"query-input":{"@type":"PropertyValueSpecification","valueRequired":true,"valueName":"search_term_string"}}],"inLanguage":"fr-FR"},{"@type":"Organization","@id":"https:\/\/kapitalis.com\/tunisie\/#organization","name":"Kapitalis","url":"https:\/\/kapitalis.com\/tunisie\/","logo":{"@type":"ImageObject","inLanguage":"fr-FR","@id":"https:\/\/kapitalis.com\/tunisie\/#\/schema\/logo\/image\/","url":"https:\/\/kapitalis.com\/tunisie\/wp-content\/uploads\/2022\/05\/Kapitalis-big-size.png","contentUrl":"https:\/\/kapitalis.com\/tunisie\/wp-content\/uploads\/2022\/05\/Kapitalis-big-size.png","width":5000,"height":1500,"caption":"Kapitalis"},"image":{"@id":"https:\/\/kapitalis.com\/tunisie\/#\/schema\/logo\/image\/"},"sameAs":["https:\/\/www.facebook.com\/KapitalisInfo\/","https:\/\/x.com\/KapitalisInfo","https:\/\/www.youtube.com\/channel\/UC-yDYrHyfFBWWZaOw3FPg9Q"]},{"@type":"Person","@id":"https:\/\/kapitalis.com\/tunisie\/#\/schema\/person\/d71f33a9ca44f7bad4698210b480c8e9","name":"webmaster kapitalis","url":"https:\/\/kapitalis.com\/tunisie\/author\/webmaster-kapitalis\/"}]}},"_links":{"self":[{"href":"https:\/\/kapitalis.com\/tunisie\/wp-json\/wp\/v2\/posts\/330988","targetHints":{"allow":["GET"]}}],"collection":[{"href":"https:\/\/kapitalis.com\/tunisie\/wp-json\/wp\/v2\/posts"}],"about":[{"href":"https:\/\/kapitalis.com\/tunisie\/wp-json\/wp\/v2\/types\/post"}],"author":[{"embeddable":true,"href":"https:\/\/kapitalis.com\/tunisie\/wp-json\/wp\/v2\/users\/8"}],"replies":[{"embeddable":true,"href":"https:\/\/kapitalis.com\/tunisie\/wp-json\/wp\/v2\/comments?post=330988"}],"version-history":[{"count":0,"href":"https:\/\/kapitalis.com\/tunisie\/wp-json\/wp\/v2\/posts\/330988\/revisions"}],"wp:featuredmedia":[{"embeddable":true,"href":"https:\/\/kapitalis.com\/tunisie\/wp-json\/wp\/v2\/media\/330992"}],"wp:attachment":[{"href":"https:\/\/kapitalis.com\/tunisie\/wp-json\/wp\/v2\/media?parent=330988"}],"wp:term":[{"taxonomy":"category","embeddable":true,"href":"https:\/\/kapitalis.com\/tunisie\/wp-json\/wp\/v2\/categories?post=330988"},{"taxonomy":"post_tag","embeddable":true,"href":"https:\/\/kapitalis.com\/tunisie\/wp-json\/wp\/v2\/tags?post=330988"}],"curies":[{"name":"wp","href":"https:\/\/api.w.org\/{rel}","templated":true}]}}