{"id":331301,"date":"2021-01-08T09:49:10","date_gmt":"2021-01-08T08:49:10","guid":{"rendered":"http:\/\/kapitalis.com\/tunisie\/?p=331301"},"modified":"2021-01-08T13:52:41","modified_gmt":"2021-01-08T12:52:41","slug":"beja-une-eleve-de-19-ans-succombe-au-coronavirus","status":"publish","type":"post","link":"https:\/\/kapitalis.com\/tunisie\/2021\/01\/08\/beja-une-eleve-de-19-ans-succombe-au-coronavirus\/","title":{"rendered":"B\u00e9ja : Une \u00e9l\u00e8ve de 19 ans succombe au coronavirus"},"content":{"rendered":"\n<figure class=\"wp-block-image size-large\"><img decoding=\"async\" src=\"http:\/\/kapitalis.com\/tunisie\/wp-content\/uploads\/2020\/08\/coronavirus-el-hamma-gabes.jpg\" alt=\"\" class=\"wp-image-312434\"\/><\/figure>\n\n\n\n<p><strong><em>Une \u00e9l\u00e8ve de 19 ans habitant \u00e0 Testour, a succomb\u00e9 au coronavirus, annonce la Direction r\u00e9gionale de la Sant\u00e9 de B\u00e9ja, dans un communiqu\u00e9 publi\u00e9 ce vendredi 8 janvier 2020.<\/em><\/strong><\/p>\n\n\n\n<!--more-->\n\n\n\n<p>L&rsquo;\u00e9l\u00e8ve souffrait d\u2019insuffisance r\u00e9nale chronique et \u00e9tait sous dialyse, pr\u00e9cise la m\u00eame source, en ajoutant que la jeune fille est d\u00e9c\u00e9d\u00e9e, hier, chez elle et que son corps a \u00e9t\u00e9 transport\u00e9 \u00e0 l&rsquo;h\u00f4pital local.<\/p>\n\n\n\n<p>La DRS qui appelle \u00e0 la vigilance et au respect des mesures sanitaires, a rappel\u00e9 que le gouvernorat de B\u00e9ja a enregistr\u00e9, 3.187 cas positifs, depuis la propagation du coronavirus en Tunisie, en mars dernier, dont 94 d\u00e9c\u00e8s.<\/p>\n\n\n\n<p class=\"has-text-align-right\"><strong>Y. N.<\/strong><\/p>\n","protected":false},"excerpt":{"rendered":"<p>Une \u00e9l\u00e8ve de 19 ans habitant \u00e0 Testour, a succomb\u00e9 au coronavirus, annonce la Direction r\u00e9gionale de la Sant\u00e9 de B\u00e9ja, dans un communiqu\u00e9 publi\u00e9 ce vendredi 8 janvier 2020.<\/p>\n","protected":false},"author":6,"featured_media":0,"comment_status":"open","ping_status":"open","sticky":false,"template":"","format":"standard","meta":{"footnotes":""},"categories":[998,2433],"tags":[81703,73060,64263,80800,314,810,1636],"class_list":["post-331301","post","type-post","status-publish","format-standard","hentry","category-societe","category-tunisie","tag-beja-3","tag-coronavirus","tag-deces","tag-drs","tag-eleve","tag-sante","tag-testour"],"yoast_head":"<!-- This site is optimized with the Yoast SEO plugin v26.6 - https:\/\/yoast.com\/wordpress\/plugins\/seo\/ -->\n<title>B\u00e9ja : Une \u00e9l\u00e8ve de 19 ans succombe au coronavirus - Kapitalis<\/title>\n<meta name=\"robots\" content=\"index, follow, max-snippet:-1, max-image-preview:large, max-video-preview:-1\" \/>\n<link rel=\"canonical\" href=\"https:\/\/kapitalis.com\/tunisie\/2021\/01\/08\/beja-une-eleve-de-19-ans-succombe-au-coronavirus\/\" \/>\n<meta property=\"og:locale\" content=\"fr_FR\" \/>\n<meta property=\"og:type\" content=\"article\" \/>\n<meta property=\"og:title\" content=\"B\u00e9ja : Une \u00e9l\u00e8ve de 19 ans succombe au coronavirus - Kapitalis\" \/>\n<meta property=\"og:description\" content=\"Une \u00e9l\u00e8ve de 19 ans habitant \u00e0 Testour, a succomb\u00e9 au coronavirus, annonce la Direction r\u00e9gionale de la Sant\u00e9 de B\u00e9ja, dans un communiqu\u00e9 publi\u00e9 ce vendredi 8 janvier 2020.\" \/>\n<meta property=\"og:url\" content=\"https:\/\/kapitalis.com\/tunisie\/2021\/01\/08\/beja-une-eleve-de-19-ans-succombe-au-coronavirus\/\" \/>\n<meta property=\"og:site_name\" content=\"Kapitalis\" \/>\n<meta property=\"article:publisher\" content=\"https:\/\/www.facebook.com\/KapitalisInfo\/\" \/>\n<meta property=\"article:published_time\" content=\"2021-01-08T08:49:10+00:00\" \/>\n<meta property=\"article:modified_time\" content=\"2021-01-08T12:52:41+00:00\" \/>\n<meta property=\"og:image\" content=\"http:\/\/kapitalis.com\/tunisie\/wp-content\/uploads\/2020\/08\/coronavirus-el-hamma-gabes.jpg\" \/>\n<meta name=\"author\" content=\"Yusra NY\" \/>\n<meta name=\"twitter:card\" content=\"summary_large_image\" \/>\n<meta name=\"twitter:creator\" content=\"@KapitalisInfo\" \/>\n<meta name=\"twitter:site\" content=\"@KapitalisInfo\" \/>\n<meta name=\"twitter:label1\" content=\"\u00c9crit par\" \/>\n\t<meta name=\"twitter:data1\" content=\"Yusra NY\" \/>\n\t<meta name=\"twitter:label2\" content=\"Dur\u00e9e de lecture estim\u00e9e\" \/>\n\t<meta name=\"twitter:data2\" content=\"1 minute\" \/>\n<script type=\"application\/ld+json\" class=\"yoast-schema-graph\">{\"@context\":\"https:\/\/schema.org\",\"@graph\":[{\"@type\":\"Article\",\"@id\":\"https:\/\/kapitalis.com\/tunisie\/2021\/01\/08\/beja-une-eleve-de-19-ans-succombe-au-coronavirus\/#article\",\"isPartOf\":{\"@id\":\"https:\/\/kapitalis.com\/tunisie\/2021\/01\/08\/beja-une-eleve-de-19-ans-succombe-au-coronavirus\/\"},\"author\":{\"name\":\"Yusra NY\",\"@id\":\"https:\/\/kapitalis.com\/tunisie\/#\/schema\/person\/74bbde0154d49d790a92aaeac5bc01d5\"},\"headline\":\"B\u00e9ja : Une \u00e9l\u00e8ve de 19 ans succombe au coronavirus\",\"datePublished\":\"2021-01-08T08:49:10+00:00\",\"dateModified\":\"2021-01-08T12:52:41+00:00\",\"mainEntityOfPage\":{\"@id\":\"https:\/\/kapitalis.com\/tunisie\/2021\/01\/08\/beja-une-eleve-de-19-ans-succombe-au-coronavirus\/\"},\"wordCount\":122,\"commentCount\":0,\"publisher\":{\"@id\":\"https:\/\/kapitalis.com\/tunisie\/#organization\"},\"image\":{\"@id\":\"https:\/\/kapitalis.com\/tunisie\/2021\/01\/08\/beja-une-eleve-de-19-ans-succombe-au-coronavirus\/#primaryimage\"},\"thumbnailUrl\":\"http:\/\/kapitalis.com\/tunisie\/wp-content\/uploads\/2020\/08\/coronavirus-el-hamma-gabes.jpg\",\"keywords\":[\"Beja\",\"Coronavirus\",\"d\u00e9c\u00e8s\",\"DRS\",\"\u00e9l\u00e8ve\",\"Sant\u00e9\",\"Testour\"],\"articleSection\":[\"SOCIETE\",\"Tunisie\"],\"inLanguage\":\"fr-FR\",\"potentialAction\":[{\"@type\":\"CommentAction\",\"name\":\"Comment\",\"target\":[\"https:\/\/kapitalis.com\/tunisie\/2021\/01\/08\/beja-une-eleve-de-19-ans-succombe-au-coronavirus\/#respond\"]}]},{\"@type\":\"WebPage\",\"@id\":\"https:\/\/kapitalis.com\/tunisie\/2021\/01\/08\/beja-une-eleve-de-19-ans-succombe-au-coronavirus\/\",\"url\":\"https:\/\/kapitalis.com\/tunisie\/2021\/01\/08\/beja-une-eleve-de-19-ans-succombe-au-coronavirus\/\",\"name\":\"B\u00e9ja : Une \u00e9l\u00e8ve de 19 ans succombe au coronavirus - Kapitalis\",\"isPartOf\":{\"@id\":\"https:\/\/kapitalis.com\/tunisie\/#website\"},\"primaryImageOfPage\":{\"@id\":\"https:\/\/kapitalis.com\/tunisie\/2021\/01\/08\/beja-une-eleve-de-19-ans-succombe-au-coronavirus\/#primaryimage\"},\"image\":{\"@id\":\"https:\/\/kapitalis.com\/tunisie\/2021\/01\/08\/beja-une-eleve-de-19-ans-succombe-au-coronavirus\/#primaryimage\"},\"thumbnailUrl\":\"http:\/\/kapitalis.com\/tunisie\/wp-content\/uploads\/2020\/08\/coronavirus-el-hamma-gabes.jpg\",\"datePublished\":\"2021-01-08T08:49:10+00:00\",\"dateModified\":\"2021-01-08T12:52:41+00:00\",\"breadcrumb\":{\"@id\":\"https:\/\/kapitalis.com\/tunisie\/2021\/01\/08\/beja-une-eleve-de-19-ans-succombe-au-coronavirus\/#breadcrumb\"},\"inLanguage\":\"fr-FR\",\"potentialAction\":[{\"@type\":\"ReadAction\",\"target\":[\"https:\/\/kapitalis.com\/tunisie\/2021\/01\/08\/beja-une-eleve-de-19-ans-succombe-au-coronavirus\/\"]}]},{\"@type\":\"ImageObject\",\"inLanguage\":\"fr-FR\",\"@id\":\"https:\/\/kapitalis.com\/tunisie\/2021\/01\/08\/beja-une-eleve-de-19-ans-succombe-au-coronavirus\/#primaryimage\",\"url\":\"\",\"contentUrl\":\"\"},{\"@type\":\"BreadcrumbList\",\"@id\":\"https:\/\/kapitalis.com\/tunisie\/2021\/01\/08\/beja-une-eleve-de-19-ans-succombe-au-coronavirus\/#breadcrumb\",\"itemListElement\":[{\"@type\":\"ListItem\",\"position\":1,\"name\":\"Accueil\",\"item\":\"https:\/\/kapitalis.com\/tunisie\/\"},{\"@type\":\"ListItem\",\"position\":2,\"name\":\"B\u00e9ja : Une \u00e9l\u00e8ve de 19 ans succombe au coronavirus\"}]},{\"@type\":\"WebSite\",\"@id\":\"https:\/\/kapitalis.com\/tunisie\/#website\",\"url\":\"https:\/\/kapitalis.com\/tunisie\/\",\"name\":\"Kapitalis\",\"description\":\"L&#039;actualit\u00e9 en Tunisie et dans le monde\",\"publisher\":{\"@id\":\"https:\/\/kapitalis.com\/tunisie\/#organization\"},\"potentialAction\":[{\"@type\":\"SearchAction\",\"target\":{\"@type\":\"EntryPoint\",\"urlTemplate\":\"https:\/\/kapitalis.com\/tunisie\/?s={search_term_string}\"},\"query-input\":{\"@type\":\"PropertyValueSpecification\",\"valueRequired\":true,\"valueName\":\"search_term_string\"}}],\"inLanguage\":\"fr-FR\"},{\"@type\":\"Organization\",\"@id\":\"https:\/\/kapitalis.com\/tunisie\/#organization\",\"name\":\"Kapitalis\",\"url\":\"https:\/\/kapitalis.com\/tunisie\/\",\"logo\":{\"@type\":\"ImageObject\",\"inLanguage\":\"fr-FR\",\"@id\":\"https:\/\/kapitalis.com\/tunisie\/#\/schema\/logo\/image\/\",\"url\":\"https:\/\/kapitalis.com\/tunisie\/wp-content\/uploads\/2022\/05\/Kapitalis-big-size.png\",\"contentUrl\":\"https:\/\/kapitalis.com\/tunisie\/wp-content\/uploads\/2022\/05\/Kapitalis-big-size.png\",\"width\":5000,\"height\":1500,\"caption\":\"Kapitalis\"},\"image\":{\"@id\":\"https:\/\/kapitalis.com\/tunisie\/#\/schema\/logo\/image\/\"},\"sameAs\":[\"https:\/\/www.facebook.com\/KapitalisInfo\/\",\"https:\/\/x.com\/KapitalisInfo\",\"https:\/\/www.youtube.com\/channel\/UC-yDYrHyfFBWWZaOw3FPg9Q\"]},{\"@type\":\"Person\",\"@id\":\"https:\/\/kapitalis.com\/tunisie\/#\/schema\/person\/74bbde0154d49d790a92aaeac5bc01d5\",\"name\":\"Yusra NY\",\"url\":\"https:\/\/kapitalis.com\/tunisie\/author\/yuza_adam\/\"}]}<\/script>\n<!-- \/ Yoast SEO plugin. -->","yoast_head_json":{"title":"B\u00e9ja : Une \u00e9l\u00e8ve de 19 ans succombe au coronavirus - Kapitalis","robots":{"index":"index","follow":"follow","max-snippet":"max-snippet:-1","max-image-preview":"max-image-preview:large","max-video-preview":"max-video-preview:-1"},"canonical":"https:\/\/kapitalis.com\/tunisie\/2021\/01\/08\/beja-une-eleve-de-19-ans-succombe-au-coronavirus\/","og_locale":"fr_FR","og_type":"article","og_title":"B\u00e9ja : Une \u00e9l\u00e8ve de 19 ans succombe au coronavirus - Kapitalis","og_description":"Une \u00e9l\u00e8ve de 19 ans habitant \u00e0 Testour, a succomb\u00e9 au coronavirus, annonce la Direction r\u00e9gionale de la Sant\u00e9 de B\u00e9ja, dans un communiqu\u00e9 publi\u00e9 ce vendredi 8 janvier 2020.","og_url":"https:\/\/kapitalis.com\/tunisie\/2021\/01\/08\/beja-une-eleve-de-19-ans-succombe-au-coronavirus\/","og_site_name":"Kapitalis","article_publisher":"https:\/\/www.facebook.com\/KapitalisInfo\/","article_published_time":"2021-01-08T08:49:10+00:00","article_modified_time":"2021-01-08T12:52:41+00:00","og_image":[{"url":"http:\/\/kapitalis.com\/tunisie\/wp-content\/uploads\/2020\/08\/coronavirus-el-hamma-gabes.jpg","type":"","width":"","height":""}],"author":"Yusra NY","twitter_card":"summary_large_image","twitter_creator":"@KapitalisInfo","twitter_site":"@KapitalisInfo","twitter_misc":{"\u00c9crit par":"Yusra NY","Dur\u00e9e de lecture estim\u00e9e":"1 minute"},"schema":{"@context":"https:\/\/schema.org","@graph":[{"@type":"Article","@id":"https:\/\/kapitalis.com\/tunisie\/2021\/01\/08\/beja-une-eleve-de-19-ans-succombe-au-coronavirus\/#article","isPartOf":{"@id":"https:\/\/kapitalis.com\/tunisie\/2021\/01\/08\/beja-une-eleve-de-19-ans-succombe-au-coronavirus\/"},"author":{"name":"Yusra NY","@id":"https:\/\/kapitalis.com\/tunisie\/#\/schema\/person\/74bbde0154d49d790a92aaeac5bc01d5"},"headline":"B\u00e9ja : Une \u00e9l\u00e8ve de 19 ans succombe au coronavirus","datePublished":"2021-01-08T08:49:10+00:00","dateModified":"2021-01-08T12:52:41+00:00","mainEntityOfPage":{"@id":"https:\/\/kapitalis.com\/tunisie\/2021\/01\/08\/beja-une-eleve-de-19-ans-succombe-au-coronavirus\/"},"wordCount":122,"commentCount":0,"publisher":{"@id":"https:\/\/kapitalis.com\/tunisie\/#organization"},"image":{"@id":"https:\/\/kapitalis.com\/tunisie\/2021\/01\/08\/beja-une-eleve-de-19-ans-succombe-au-coronavirus\/#primaryimage"},"thumbnailUrl":"http:\/\/kapitalis.com\/tunisie\/wp-content\/uploads\/2020\/08\/coronavirus-el-hamma-gabes.jpg","keywords":["Beja","Coronavirus","d\u00e9c\u00e8s","DRS","\u00e9l\u00e8ve","Sant\u00e9","Testour"],"articleSection":["SOCIETE","Tunisie"],"inLanguage":"fr-FR","potentialAction":[{"@type":"CommentAction","name":"Comment","target":["https:\/\/kapitalis.com\/tunisie\/2021\/01\/08\/beja-une-eleve-de-19-ans-succombe-au-coronavirus\/#respond"]}]},{"@type":"WebPage","@id":"https:\/\/kapitalis.com\/tunisie\/2021\/01\/08\/beja-une-eleve-de-19-ans-succombe-au-coronavirus\/","url":"https:\/\/kapitalis.com\/tunisie\/2021\/01\/08\/beja-une-eleve-de-19-ans-succombe-au-coronavirus\/","name":"B\u00e9ja : Une \u00e9l\u00e8ve de 19 ans succombe au coronavirus - Kapitalis","isPartOf":{"@id":"https:\/\/kapitalis.com\/tunisie\/#website"},"primaryImageOfPage":{"@id":"https:\/\/kapitalis.com\/tunisie\/2021\/01\/08\/beja-une-eleve-de-19-ans-succombe-au-coronavirus\/#primaryimage"},"image":{"@id":"https:\/\/kapitalis.com\/tunisie\/2021\/01\/08\/beja-une-eleve-de-19-ans-succombe-au-coronavirus\/#primaryimage"},"thumbnailUrl":"http:\/\/kapitalis.com\/tunisie\/wp-content\/uploads\/2020\/08\/coronavirus-el-hamma-gabes.jpg","datePublished":"2021-01-08T08:49:10+00:00","dateModified":"2021-01-08T12:52:41+00:00","breadcrumb":{"@id":"https:\/\/kapitalis.com\/tunisie\/2021\/01\/08\/beja-une-eleve-de-19-ans-succombe-au-coronavirus\/#breadcrumb"},"inLanguage":"fr-FR","potentialAction":[{"@type":"ReadAction","target":["https:\/\/kapitalis.com\/tunisie\/2021\/01\/08\/beja-une-eleve-de-19-ans-succombe-au-coronavirus\/"]}]},{"@type":"ImageObject","inLanguage":"fr-FR","@id":"https:\/\/kapitalis.com\/tunisie\/2021\/01\/08\/beja-une-eleve-de-19-ans-succombe-au-coronavirus\/#primaryimage","url":"","contentUrl":""},{"@type":"BreadcrumbList","@id":"https:\/\/kapitalis.com\/tunisie\/2021\/01\/08\/beja-une-eleve-de-19-ans-succombe-au-coronavirus\/#breadcrumb","itemListElement":[{"@type":"ListItem","position":1,"name":"Accueil","item":"https:\/\/kapitalis.com\/tunisie\/"},{"@type":"ListItem","position":2,"name":"B\u00e9ja : Une \u00e9l\u00e8ve de 19 ans succombe au coronavirus"}]},{"@type":"WebSite","@id":"https:\/\/kapitalis.com\/tunisie\/#website","url":"https:\/\/kapitalis.com\/tunisie\/","name":"Kapitalis","description":"L&#039;actualit\u00e9 en Tunisie et dans le monde","publisher":{"@id":"https:\/\/kapitalis.com\/tunisie\/#organization"},"potentialAction":[{"@type":"SearchAction","target":{"@type":"EntryPoint","urlTemplate":"https:\/\/kapitalis.com\/tunisie\/?s={search_term_string}"},"query-input":{"@type":"PropertyValueSpecification","valueRequired":true,"valueName":"search_term_string"}}],"inLanguage":"fr-FR"},{"@type":"Organization","@id":"https:\/\/kapitalis.com\/tunisie\/#organization","name":"Kapitalis","url":"https:\/\/kapitalis.com\/tunisie\/","logo":{"@type":"ImageObject","inLanguage":"fr-FR","@id":"https:\/\/kapitalis.com\/tunisie\/#\/schema\/logo\/image\/","url":"https:\/\/kapitalis.com\/tunisie\/wp-content\/uploads\/2022\/05\/Kapitalis-big-size.png","contentUrl":"https:\/\/kapitalis.com\/tunisie\/wp-content\/uploads\/2022\/05\/Kapitalis-big-size.png","width":5000,"height":1500,"caption":"Kapitalis"},"image":{"@id":"https:\/\/kapitalis.com\/tunisie\/#\/schema\/logo\/image\/"},"sameAs":["https:\/\/www.facebook.com\/KapitalisInfo\/","https:\/\/x.com\/KapitalisInfo","https:\/\/www.youtube.com\/channel\/UC-yDYrHyfFBWWZaOw3FPg9Q"]},{"@type":"Person","@id":"https:\/\/kapitalis.com\/tunisie\/#\/schema\/person\/74bbde0154d49d790a92aaeac5bc01d5","name":"Yusra NY","url":"https:\/\/kapitalis.com\/tunisie\/author\/yuza_adam\/"}]}},"_links":{"self":[{"href":"https:\/\/kapitalis.com\/tunisie\/wp-json\/wp\/v2\/posts\/331301","targetHints":{"allow":["GET"]}}],"collection":[{"href":"https:\/\/kapitalis.com\/tunisie\/wp-json\/wp\/v2\/posts"}],"about":[{"href":"https:\/\/kapitalis.com\/tunisie\/wp-json\/wp\/v2\/types\/post"}],"author":[{"embeddable":true,"href":"https:\/\/kapitalis.com\/tunisie\/wp-json\/wp\/v2\/users\/6"}],"replies":[{"embeddable":true,"href":"https:\/\/kapitalis.com\/tunisie\/wp-json\/wp\/v2\/comments?post=331301"}],"version-history":[{"count":0,"href":"https:\/\/kapitalis.com\/tunisie\/wp-json\/wp\/v2\/posts\/331301\/revisions"}],"wp:attachment":[{"href":"https:\/\/kapitalis.com\/tunisie\/wp-json\/wp\/v2\/media?parent=331301"}],"wp:term":[{"taxonomy":"category","embeddable":true,"href":"https:\/\/kapitalis.com\/tunisie\/wp-json\/wp\/v2\/categories?post=331301"},{"taxonomy":"post_tag","embeddable":true,"href":"https:\/\/kapitalis.com\/tunisie\/wp-json\/wp\/v2\/tags?post=331301"}],"curies":[{"name":"wp","href":"https:\/\/api.w.org\/{rel}","templated":true}]}}