{"id":331349,"date":"2021-01-08T15:09:26","date_gmt":"2021-01-08T14:09:26","guid":{"rendered":"http:\/\/kapitalis.com\/tunisie\/?p=331349"},"modified":"2021-01-08T19:24:31","modified_gmt":"2021-01-08T18:24:31","slug":"mabrouk-khachanoui-accompagne-a-sa-derniere-demeure-a-sbeitla","status":"publish","type":"post","link":"https:\/\/kapitalis.com\/tunisie\/2021\/01\/08\/mabrouk-khachanoui-accompagne-a-sa-derniere-demeure-a-sbeitla\/","title":{"rendered":"Mabrouk Khachanoui accompagn\u00e9 \u00e0 sa derni\u00e8re demeure \u00e0 Sbe\u00eftla"},"content":{"rendered":"\n<figure class=\"wp-block-image size-large\"><img decoding=\"async\" src=\"http:\/\/kapitalis.com\/tunisie\/wp-content\/uploads\/2021\/01\/Mabrouk-Khachnaoui-1.jpg\" alt=\"\" class=\"wp-image-331352\"\/><\/figure>\n\n\n\n<p><strong><em>Le d\u00e9put\u00e9 Mabrouk Khachnaoui, d\u00e9c\u00e9d\u00e9 hier, des suites du coronavirus, a \u00e9t\u00e9 accompagn\u00e9 aujourd&rsquo;hui, vendredi 8 janvier 2021, \u00e0 sa derni\u00e8re demeure, \u00e0 Sbe\u00eftla, sa ville natale, relevant du gouvernorat de Kasserine.<\/em><\/strong><\/p>\n\n\n\n<!--more-->\n\n\n\n<p>Le corps du d\u00e9funt a \u00e9t\u00e9 transport\u00e9 de Tunis \u00e0 Sbeitla, o\u00f9 il a \u00e9t\u00e9 enterr\u00e9 aujourd&rsquo;hui, en pr\u00e9sence de ses proches, ses amis ainsi que de nombreux responsables locaux et r\u00e9gionaux et des habitants, qui ont rendu un dernier hommage au d\u00e9put\u00e9. <\/p>\n\n\n\n<p>En octobre dernier, dans le cadre de son rengagement contre la pand\u00e9mie, Mabrouk Khachnaoui, homme d\u2019affaires de son \u00e9tat, avait fait don d&rsquo;un lit de r\u00e9animation et de mat\u00e9riels de protection \u00e0 l&rsquo;h\u00f4pital de Sbe\u00eftla, avant d&rsquo;\u00eatre lui m\u00eame contamin\u00e9 fin d\u00e9cembre.<\/p>\n\n\n\n<p>Son \u00e9tat de sant\u00e9 s&rsquo;\u00e9tait d\u00e9grad\u00e9 ces 10 derniers jours et il avait alors \u00e9t\u00e9 hospitalis\u00e9 dans une clinique \u00e0 Tunis, o\u00f9 il a rendu l&rsquo;\u00e2me hier, matin.<\/p>\n\n\n\n<p>De nombreux politiciens lui ont rendu hommage, en regrettant le d\u00e9part d&rsquo;un homme altruiste et g\u00e9n\u00e9reux, \u00e0 l&rsquo;instar de l&rsquo;ancien ministre du Transport et actuel d\u00e9put\u00e9 de Tahya Tounes, Hichem Ben Ahmed, qui regrette la perte d&rsquo;un fr\u00e8re, d&rsquo;un ami et d&rsquo;un compagnon de route<\/p>\n\n\n\n<p>\u00ab<em>Je n&rsquo;ai pas trouv\u00e9 les mots pour exprimer la puissance de la douleur. Je n&rsquo;ai pas trouv\u00e9 les mots pour expliquer l&rsquo;inexplicable\u00bb<\/em>, a-t-il d\u00e9plor\u00e9 en ajoutant dan sun post publi\u00e9 sur son compte: \u00ab\u00a0\u00bb<em>Il est de ces r\u00e9alit\u00e9s qu&rsquo;on n&rsquo;\u00e9tait pas pr\u00eat \u00e0 recevoir et qui rendent toute tentative de bien-\u00eatre illusoire\u201d. Pour certains on le savait, on s\u2019\u00e9tait pr\u00e9par\u00e9 au pire, mais pour Toi MAB tu as disparu d\u2019un seul coup, sans pr\u00e9venir. On ne t\u2019a pas dit un vrai au revoir, tu es parti sans le dire mais je sais que la mort a ses raisons que notre raison ignore. Je viens de te perdre un fr\u00e8re mon ami mon compagnon de route achiriiiiii l\u2019homme au grand c\u0153ur mabrouk Khachnaoui. \u201cIL MABBB\u201d\u00bb.<\/em><\/p>\n\n\n\n<p class=\"has-text-align-right\"><strong>Y. N.<\/strong><\/p>\n","protected":false},"excerpt":{"rendered":"<p>Le d\u00e9put\u00e9 Mabrouk Khachnaoui, d\u00e9c\u00e9d\u00e9 hier, des suites du coronavirus, a \u00e9t\u00e9 accompagn\u00e9 aujourd&rsquo;hui, vendredi 8 janvier 2021, \u00e0 sa derni\u00e8re demeure, \u00e0 Sbe\u00eftla, sa ville natale, relevant du gouvernorat de Kasserine.<\/p>\n","protected":false},"author":6,"featured_media":331352,"comment_status":"open","ping_status":"open","sticky":false,"template":"","format":"standard","meta":{"footnotes":""},"categories":[997,2433],"tags":[73060,64263,1347,1345,525,86325,76611],"class_list":["post-331349","post","type-post","status-publish","format-standard","has-post-thumbnail","hentry","category-politique","category-tunisie","tag-coronavirus","tag-deces","tag-depute","tag-enterrement","tag-kasserine","tag-mabrouk-khachnaoui","tag-sbeitla-2"],"yoast_head":"<!-- This site is optimized with the Yoast SEO plugin v26.6 - https:\/\/yoast.com\/wordpress\/plugins\/seo\/ -->\n<title>Mabrouk Khachanoui accompagn\u00e9 \u00e0 sa derni\u00e8re demeure \u00e0 Sbe\u00eftla - Kapitalis<\/title>\n<meta name=\"robots\" content=\"index, follow, max-snippet:-1, max-image-preview:large, max-video-preview:-1\" \/>\n<link rel=\"canonical\" href=\"https:\/\/kapitalis.com\/tunisie\/2021\/01\/08\/mabrouk-khachanoui-accompagne-a-sa-derniere-demeure-a-sbeitla\/\" \/>\n<meta property=\"og:locale\" content=\"fr_FR\" \/>\n<meta property=\"og:type\" content=\"article\" \/>\n<meta property=\"og:title\" content=\"Mabrouk Khachanoui accompagn\u00e9 \u00e0 sa derni\u00e8re demeure \u00e0 Sbe\u00eftla - Kapitalis\" \/>\n<meta property=\"og:description\" content=\"Le d\u00e9put\u00e9 Mabrouk Khachnaoui, d\u00e9c\u00e9d\u00e9 hier, des suites du coronavirus, a \u00e9t\u00e9 accompagn\u00e9 aujourd&rsquo;hui, vendredi 8 janvier 2021, \u00e0 sa derni\u00e8re demeure, \u00e0 Sbe\u00eftla, sa ville natale, relevant du gouvernorat de Kasserine.\" \/>\n<meta property=\"og:url\" content=\"https:\/\/kapitalis.com\/tunisie\/2021\/01\/08\/mabrouk-khachanoui-accompagne-a-sa-derniere-demeure-a-sbeitla\/\" \/>\n<meta property=\"og:site_name\" content=\"Kapitalis\" \/>\n<meta property=\"article:publisher\" content=\"https:\/\/www.facebook.com\/KapitalisInfo\/\" \/>\n<meta property=\"article:published_time\" content=\"2021-01-08T14:09:26+00:00\" \/>\n<meta property=\"article:modified_time\" content=\"2021-01-08T18:24:31+00:00\" \/>\n<meta property=\"og:image\" content=\"https:\/\/kapitalis.com\/tunisie\/wp-content\/uploads\/2022\/05\/kapitalis-logo-fb.png\" \/>\n\t<meta property=\"og:image:width\" content=\"1200\" \/>\n\t<meta property=\"og:image:height\" content=\"630\" \/>\n\t<meta property=\"og:image:type\" content=\"image\/png\" \/>\n<meta name=\"author\" content=\"Yusra NY\" \/>\n<meta name=\"twitter:card\" content=\"summary_large_image\" \/>\n<meta name=\"twitter:creator\" content=\"@KapitalisInfo\" \/>\n<meta name=\"twitter:site\" content=\"@KapitalisInfo\" \/>\n<meta name=\"twitter:label1\" content=\"\u00c9crit par\" \/>\n\t<meta name=\"twitter:data1\" content=\"Yusra NY\" \/>\n\t<meta name=\"twitter:label2\" content=\"Dur\u00e9e de lecture estim\u00e9e\" \/>\n\t<meta name=\"twitter:data2\" content=\"2 minutes\" \/>\n<script type=\"application\/ld+json\" class=\"yoast-schema-graph\">{\"@context\":\"https:\/\/schema.org\",\"@graph\":[{\"@type\":\"Article\",\"@id\":\"https:\/\/kapitalis.com\/tunisie\/2021\/01\/08\/mabrouk-khachanoui-accompagne-a-sa-derniere-demeure-a-sbeitla\/#article\",\"isPartOf\":{\"@id\":\"https:\/\/kapitalis.com\/tunisie\/2021\/01\/08\/mabrouk-khachanoui-accompagne-a-sa-derniere-demeure-a-sbeitla\/\"},\"author\":{\"name\":\"Yusra NY\",\"@id\":\"https:\/\/kapitalis.com\/tunisie\/#\/schema\/person\/74bbde0154d49d790a92aaeac5bc01d5\"},\"headline\":\"Mabrouk Khachanoui accompagn\u00e9 \u00e0 sa derni\u00e8re demeure \u00e0 Sbe\u00eftla\",\"datePublished\":\"2021-01-08T14:09:26+00:00\",\"dateModified\":\"2021-01-08T18:24:31+00:00\",\"mainEntityOfPage\":{\"@id\":\"https:\/\/kapitalis.com\/tunisie\/2021\/01\/08\/mabrouk-khachanoui-accompagne-a-sa-derniere-demeure-a-sbeitla\/\"},\"wordCount\":355,\"commentCount\":0,\"publisher\":{\"@id\":\"https:\/\/kapitalis.com\/tunisie\/#organization\"},\"image\":{\"@id\":\"https:\/\/kapitalis.com\/tunisie\/2021\/01\/08\/mabrouk-khachanoui-accompagne-a-sa-derniere-demeure-a-sbeitla\/#primaryimage\"},\"thumbnailUrl\":\"\",\"keywords\":[\"Coronavirus\",\"d\u00e9c\u00e8s\",\"d\u00e9put\u00e9\",\"enterrement\",\"Kasserine\",\"Mabrouk Khachnaoui\",\"sbe\u00eftla\"],\"articleSection\":[\"POLITIQUE\",\"Tunisie\"],\"inLanguage\":\"fr-FR\",\"potentialAction\":[{\"@type\":\"CommentAction\",\"name\":\"Comment\",\"target\":[\"https:\/\/kapitalis.com\/tunisie\/2021\/01\/08\/mabrouk-khachanoui-accompagne-a-sa-derniere-demeure-a-sbeitla\/#respond\"]}]},{\"@type\":\"WebPage\",\"@id\":\"https:\/\/kapitalis.com\/tunisie\/2021\/01\/08\/mabrouk-khachanoui-accompagne-a-sa-derniere-demeure-a-sbeitla\/\",\"url\":\"https:\/\/kapitalis.com\/tunisie\/2021\/01\/08\/mabrouk-khachanoui-accompagne-a-sa-derniere-demeure-a-sbeitla\/\",\"name\":\"Mabrouk Khachanoui accompagn\u00e9 \u00e0 sa derni\u00e8re demeure \u00e0 Sbe\u00eftla - Kapitalis\",\"isPartOf\":{\"@id\":\"https:\/\/kapitalis.com\/tunisie\/#website\"},\"primaryImageOfPage\":{\"@id\":\"https:\/\/kapitalis.com\/tunisie\/2021\/01\/08\/mabrouk-khachanoui-accompagne-a-sa-derniere-demeure-a-sbeitla\/#primaryimage\"},\"image\":{\"@id\":\"https:\/\/kapitalis.com\/tunisie\/2021\/01\/08\/mabrouk-khachanoui-accompagne-a-sa-derniere-demeure-a-sbeitla\/#primaryimage\"},\"thumbnailUrl\":\"\",\"datePublished\":\"2021-01-08T14:09:26+00:00\",\"dateModified\":\"2021-01-08T18:24:31+00:00\",\"breadcrumb\":{\"@id\":\"https:\/\/kapitalis.com\/tunisie\/2021\/01\/08\/mabrouk-khachanoui-accompagne-a-sa-derniere-demeure-a-sbeitla\/#breadcrumb\"},\"inLanguage\":\"fr-FR\",\"potentialAction\":[{\"@type\":\"ReadAction\",\"target\":[\"https:\/\/kapitalis.com\/tunisie\/2021\/01\/08\/mabrouk-khachanoui-accompagne-a-sa-derniere-demeure-a-sbeitla\/\"]}]},{\"@type\":\"ImageObject\",\"inLanguage\":\"fr-FR\",\"@id\":\"https:\/\/kapitalis.com\/tunisie\/2021\/01\/08\/mabrouk-khachanoui-accompagne-a-sa-derniere-demeure-a-sbeitla\/#primaryimage\",\"url\":\"\",\"contentUrl\":\"\"},{\"@type\":\"BreadcrumbList\",\"@id\":\"https:\/\/kapitalis.com\/tunisie\/2021\/01\/08\/mabrouk-khachanoui-accompagne-a-sa-derniere-demeure-a-sbeitla\/#breadcrumb\",\"itemListElement\":[{\"@type\":\"ListItem\",\"position\":1,\"name\":\"Accueil\",\"item\":\"https:\/\/kapitalis.com\/tunisie\/\"},{\"@type\":\"ListItem\",\"position\":2,\"name\":\"Mabrouk Khachanoui accompagn\u00e9 \u00e0 sa derni\u00e8re demeure \u00e0 Sbe\u00eftla\"}]},{\"@type\":\"WebSite\",\"@id\":\"https:\/\/kapitalis.com\/tunisie\/#website\",\"url\":\"https:\/\/kapitalis.com\/tunisie\/\",\"name\":\"Kapitalis\",\"description\":\"L&#039;actualit\u00e9 en Tunisie et dans le monde\",\"publisher\":{\"@id\":\"https:\/\/kapitalis.com\/tunisie\/#organization\"},\"potentialAction\":[{\"@type\":\"SearchAction\",\"target\":{\"@type\":\"EntryPoint\",\"urlTemplate\":\"https:\/\/kapitalis.com\/tunisie\/?s={search_term_string}\"},\"query-input\":{\"@type\":\"PropertyValueSpecification\",\"valueRequired\":true,\"valueName\":\"search_term_string\"}}],\"inLanguage\":\"fr-FR\"},{\"@type\":\"Organization\",\"@id\":\"https:\/\/kapitalis.com\/tunisie\/#organization\",\"name\":\"Kapitalis\",\"url\":\"https:\/\/kapitalis.com\/tunisie\/\",\"logo\":{\"@type\":\"ImageObject\",\"inLanguage\":\"fr-FR\",\"@id\":\"https:\/\/kapitalis.com\/tunisie\/#\/schema\/logo\/image\/\",\"url\":\"https:\/\/kapitalis.com\/tunisie\/wp-content\/uploads\/2022\/05\/Kapitalis-big-size.png\",\"contentUrl\":\"https:\/\/kapitalis.com\/tunisie\/wp-content\/uploads\/2022\/05\/Kapitalis-big-size.png\",\"width\":5000,\"height\":1500,\"caption\":\"Kapitalis\"},\"image\":{\"@id\":\"https:\/\/kapitalis.com\/tunisie\/#\/schema\/logo\/image\/\"},\"sameAs\":[\"https:\/\/www.facebook.com\/KapitalisInfo\/\",\"https:\/\/x.com\/KapitalisInfo\",\"https:\/\/www.youtube.com\/channel\/UC-yDYrHyfFBWWZaOw3FPg9Q\"]},{\"@type\":\"Person\",\"@id\":\"https:\/\/kapitalis.com\/tunisie\/#\/schema\/person\/74bbde0154d49d790a92aaeac5bc01d5\",\"name\":\"Yusra NY\",\"url\":\"https:\/\/kapitalis.com\/tunisie\/author\/yuza_adam\/\"}]}<\/script>\n<!-- \/ Yoast SEO plugin. -->","yoast_head_json":{"title":"Mabrouk Khachanoui accompagn\u00e9 \u00e0 sa derni\u00e8re demeure \u00e0 Sbe\u00eftla - Kapitalis","robots":{"index":"index","follow":"follow","max-snippet":"max-snippet:-1","max-image-preview":"max-image-preview:large","max-video-preview":"max-video-preview:-1"},"canonical":"https:\/\/kapitalis.com\/tunisie\/2021\/01\/08\/mabrouk-khachanoui-accompagne-a-sa-derniere-demeure-a-sbeitla\/","og_locale":"fr_FR","og_type":"article","og_title":"Mabrouk Khachanoui accompagn\u00e9 \u00e0 sa derni\u00e8re demeure \u00e0 Sbe\u00eftla - Kapitalis","og_description":"Le d\u00e9put\u00e9 Mabrouk Khachnaoui, d\u00e9c\u00e9d\u00e9 hier, des suites du coronavirus, a \u00e9t\u00e9 accompagn\u00e9 aujourd&rsquo;hui, vendredi 8 janvier 2021, \u00e0 sa derni\u00e8re demeure, \u00e0 Sbe\u00eftla, sa ville natale, relevant du gouvernorat de Kasserine.","og_url":"https:\/\/kapitalis.com\/tunisie\/2021\/01\/08\/mabrouk-khachanoui-accompagne-a-sa-derniere-demeure-a-sbeitla\/","og_site_name":"Kapitalis","article_publisher":"https:\/\/www.facebook.com\/KapitalisInfo\/","article_published_time":"2021-01-08T14:09:26+00:00","article_modified_time":"2021-01-08T18:24:31+00:00","og_image":[{"width":1200,"height":630,"url":"https:\/\/kapitalis.com\/tunisie\/wp-content\/uploads\/2022\/05\/kapitalis-logo-fb.png","type":"image\/png"}],"author":"Yusra NY","twitter_card":"summary_large_image","twitter_creator":"@KapitalisInfo","twitter_site":"@KapitalisInfo","twitter_misc":{"\u00c9crit par":"Yusra NY","Dur\u00e9e de lecture estim\u00e9e":"2 minutes"},"schema":{"@context":"https:\/\/schema.org","@graph":[{"@type":"Article","@id":"https:\/\/kapitalis.com\/tunisie\/2021\/01\/08\/mabrouk-khachanoui-accompagne-a-sa-derniere-demeure-a-sbeitla\/#article","isPartOf":{"@id":"https:\/\/kapitalis.com\/tunisie\/2021\/01\/08\/mabrouk-khachanoui-accompagne-a-sa-derniere-demeure-a-sbeitla\/"},"author":{"name":"Yusra NY","@id":"https:\/\/kapitalis.com\/tunisie\/#\/schema\/person\/74bbde0154d49d790a92aaeac5bc01d5"},"headline":"Mabrouk Khachanoui accompagn\u00e9 \u00e0 sa derni\u00e8re demeure \u00e0 Sbe\u00eftla","datePublished":"2021-01-08T14:09:26+00:00","dateModified":"2021-01-08T18:24:31+00:00","mainEntityOfPage":{"@id":"https:\/\/kapitalis.com\/tunisie\/2021\/01\/08\/mabrouk-khachanoui-accompagne-a-sa-derniere-demeure-a-sbeitla\/"},"wordCount":355,"commentCount":0,"publisher":{"@id":"https:\/\/kapitalis.com\/tunisie\/#organization"},"image":{"@id":"https:\/\/kapitalis.com\/tunisie\/2021\/01\/08\/mabrouk-khachanoui-accompagne-a-sa-derniere-demeure-a-sbeitla\/#primaryimage"},"thumbnailUrl":"","keywords":["Coronavirus","d\u00e9c\u00e8s","d\u00e9put\u00e9","enterrement","Kasserine","Mabrouk Khachnaoui","sbe\u00eftla"],"articleSection":["POLITIQUE","Tunisie"],"inLanguage":"fr-FR","potentialAction":[{"@type":"CommentAction","name":"Comment","target":["https:\/\/kapitalis.com\/tunisie\/2021\/01\/08\/mabrouk-khachanoui-accompagne-a-sa-derniere-demeure-a-sbeitla\/#respond"]}]},{"@type":"WebPage","@id":"https:\/\/kapitalis.com\/tunisie\/2021\/01\/08\/mabrouk-khachanoui-accompagne-a-sa-derniere-demeure-a-sbeitla\/","url":"https:\/\/kapitalis.com\/tunisie\/2021\/01\/08\/mabrouk-khachanoui-accompagne-a-sa-derniere-demeure-a-sbeitla\/","name":"Mabrouk Khachanoui accompagn\u00e9 \u00e0 sa derni\u00e8re demeure \u00e0 Sbe\u00eftla - Kapitalis","isPartOf":{"@id":"https:\/\/kapitalis.com\/tunisie\/#website"},"primaryImageOfPage":{"@id":"https:\/\/kapitalis.com\/tunisie\/2021\/01\/08\/mabrouk-khachanoui-accompagne-a-sa-derniere-demeure-a-sbeitla\/#primaryimage"},"image":{"@id":"https:\/\/kapitalis.com\/tunisie\/2021\/01\/08\/mabrouk-khachanoui-accompagne-a-sa-derniere-demeure-a-sbeitla\/#primaryimage"},"thumbnailUrl":"","datePublished":"2021-01-08T14:09:26+00:00","dateModified":"2021-01-08T18:24:31+00:00","breadcrumb":{"@id":"https:\/\/kapitalis.com\/tunisie\/2021\/01\/08\/mabrouk-khachanoui-accompagne-a-sa-derniere-demeure-a-sbeitla\/#breadcrumb"},"inLanguage":"fr-FR","potentialAction":[{"@type":"ReadAction","target":["https:\/\/kapitalis.com\/tunisie\/2021\/01\/08\/mabrouk-khachanoui-accompagne-a-sa-derniere-demeure-a-sbeitla\/"]}]},{"@type":"ImageObject","inLanguage":"fr-FR","@id":"https:\/\/kapitalis.com\/tunisie\/2021\/01\/08\/mabrouk-khachanoui-accompagne-a-sa-derniere-demeure-a-sbeitla\/#primaryimage","url":"","contentUrl":""},{"@type":"BreadcrumbList","@id":"https:\/\/kapitalis.com\/tunisie\/2021\/01\/08\/mabrouk-khachanoui-accompagne-a-sa-derniere-demeure-a-sbeitla\/#breadcrumb","itemListElement":[{"@type":"ListItem","position":1,"name":"Accueil","item":"https:\/\/kapitalis.com\/tunisie\/"},{"@type":"ListItem","position":2,"name":"Mabrouk Khachanoui accompagn\u00e9 \u00e0 sa derni\u00e8re demeure \u00e0 Sbe\u00eftla"}]},{"@type":"WebSite","@id":"https:\/\/kapitalis.com\/tunisie\/#website","url":"https:\/\/kapitalis.com\/tunisie\/","name":"Kapitalis","description":"L&#039;actualit\u00e9 en Tunisie et dans le monde","publisher":{"@id":"https:\/\/kapitalis.com\/tunisie\/#organization"},"potentialAction":[{"@type":"SearchAction","target":{"@type":"EntryPoint","urlTemplate":"https:\/\/kapitalis.com\/tunisie\/?s={search_term_string}"},"query-input":{"@type":"PropertyValueSpecification","valueRequired":true,"valueName":"search_term_string"}}],"inLanguage":"fr-FR"},{"@type":"Organization","@id":"https:\/\/kapitalis.com\/tunisie\/#organization","name":"Kapitalis","url":"https:\/\/kapitalis.com\/tunisie\/","logo":{"@type":"ImageObject","inLanguage":"fr-FR","@id":"https:\/\/kapitalis.com\/tunisie\/#\/schema\/logo\/image\/","url":"https:\/\/kapitalis.com\/tunisie\/wp-content\/uploads\/2022\/05\/Kapitalis-big-size.png","contentUrl":"https:\/\/kapitalis.com\/tunisie\/wp-content\/uploads\/2022\/05\/Kapitalis-big-size.png","width":5000,"height":1500,"caption":"Kapitalis"},"image":{"@id":"https:\/\/kapitalis.com\/tunisie\/#\/schema\/logo\/image\/"},"sameAs":["https:\/\/www.facebook.com\/KapitalisInfo\/","https:\/\/x.com\/KapitalisInfo","https:\/\/www.youtube.com\/channel\/UC-yDYrHyfFBWWZaOw3FPg9Q"]},{"@type":"Person","@id":"https:\/\/kapitalis.com\/tunisie\/#\/schema\/person\/74bbde0154d49d790a92aaeac5bc01d5","name":"Yusra NY","url":"https:\/\/kapitalis.com\/tunisie\/author\/yuza_adam\/"}]}},"_links":{"self":[{"href":"https:\/\/kapitalis.com\/tunisie\/wp-json\/wp\/v2\/posts\/331349","targetHints":{"allow":["GET"]}}],"collection":[{"href":"https:\/\/kapitalis.com\/tunisie\/wp-json\/wp\/v2\/posts"}],"about":[{"href":"https:\/\/kapitalis.com\/tunisie\/wp-json\/wp\/v2\/types\/post"}],"author":[{"embeddable":true,"href":"https:\/\/kapitalis.com\/tunisie\/wp-json\/wp\/v2\/users\/6"}],"replies":[{"embeddable":true,"href":"https:\/\/kapitalis.com\/tunisie\/wp-json\/wp\/v2\/comments?post=331349"}],"version-history":[{"count":0,"href":"https:\/\/kapitalis.com\/tunisie\/wp-json\/wp\/v2\/posts\/331349\/revisions"}],"wp:featuredmedia":[{"embeddable":true,"href":"https:\/\/kapitalis.com\/tunisie\/wp-json\/wp\/v2\/media\/331352"}],"wp:attachment":[{"href":"https:\/\/kapitalis.com\/tunisie\/wp-json\/wp\/v2\/media?parent=331349"}],"wp:term":[{"taxonomy":"category","embeddable":true,"href":"https:\/\/kapitalis.com\/tunisie\/wp-json\/wp\/v2\/categories?post=331349"},{"taxonomy":"post_tag","embeddable":true,"href":"https:\/\/kapitalis.com\/tunisie\/wp-json\/wp\/v2\/tags?post=331349"}],"curies":[{"name":"wp","href":"https:\/\/api.w.org\/{rel}","templated":true}]}}