{"id":331450,"date":"2021-01-09T15:25:09","date_gmt":"2021-01-09T14:25:09","guid":{"rendered":"http:\/\/kapitalis.com\/tunisie\/?p=331450"},"modified":"2021-01-09T16:07:19","modified_gmt":"2021-01-09T15:07:19","slug":"coronavirus-sfax-deplore-13-deces-en-48h","status":"publish","type":"post","link":"https:\/\/kapitalis.com\/tunisie\/2021\/01\/09\/coronavirus-sfax-deplore-13-deces-en-48h\/","title":{"rendered":"Coronavirus : Sfax d\u00e9plore 13 d\u00e9c\u00e8s en 48h"},"content":{"rendered":"\n<figure class=\"wp-block-image size-large\"><img decoding=\"async\" src=\"http:\/\/kapitalis.com\/tunisie\/wp-content\/uploads\/2020\/08\/coronavirus-el-hamma-gabes.jpg\" alt=\"\" class=\"wp-image-312434\"\/><\/figure>\n\n\n\n<p><strong><em>Le gouvernorat de Sfax, o\u00f9 la situation sanitaire est dite inqui\u00e9tante, a enregistr\u00e9 588 contaminations par le coronavirus et 13 d\u00e9c\u00e8s, dont 6 annonc\u00e9s par la Direction r\u00e9gionale de la sant\u00e9, ce samedi 9 janvier 2021.<\/em><\/strong><\/p>\n\n\n\n<!--more-->\n\n\n\n<p>Ainsi, sur 56.324 tests de d\u00e9pistage effectu\u00e9s \u00e0 Sfax, depuis la propagation de la pand\u00e9mie en Tunisie en mars dernier, 15.143 sont revenus positifs, sachant qu&rsquo;au total 11.251 personnes ont pu gu\u00e9rir du coronavirus, tandis que 349 autres en sont d\u00e9c\u00e9d\u00e9s.<\/p>\n\n\n\n<p>On notera que Sfax est class\u00e9 3e gouvernorat le plus touch\u00e9, sur les 24 que compte le pays et que des campagnes de d\u00e9pistages gratuits sont men\u00e9es dans les diff\u00e9rentes d\u00e9l\u00e9gations, ainsi que des campagnes de sensibilisations organis\u00e9es en collaboration avec la soci\u00e9t\u00e9 civile, notamments les scouts et associations r\u00e9gionales.<\/p>\n\n\n\n<p class=\"has-text-align-right\"><strong>Y. N.<\/strong><\/p>\n","protected":false},"excerpt":{"rendered":"<p>Le gouvernorat de Sfax, o\u00f9 la situation sanitaire est dite inqui\u00e9tante, a enregistr\u00e9 588 contaminations par le coronavirus et 13 d\u00e9c\u00e8s, dont 6 annonc\u00e9s par la Direction r\u00e9gionale de la sant\u00e9, ce samedi 9 janvier 2021.<\/p>\n","protected":false},"author":6,"featured_media":0,"comment_status":"open","ping_status":"open","sticky":false,"template":"","format":"standard","meta":{"footnotes":""},"categories":[998,2433],"tags":[76446,73060,64263,823],"class_list":["post-331450","post","type-post","status-publish","format-standard","hentry","category-societe","category-tunisie","tag-contaminations","tag-coronavirus","tag-deces","tag-sfax"],"yoast_head":"<!-- This site is optimized with the Yoast SEO plugin v26.6 - https:\/\/yoast.com\/wordpress\/plugins\/seo\/ -->\n<title>Coronavirus : Sfax d\u00e9plore 13 d\u00e9c\u00e8s en 48h - Kapitalis<\/title>\n<meta name=\"robots\" content=\"index, follow, max-snippet:-1, max-image-preview:large, max-video-preview:-1\" \/>\n<link rel=\"canonical\" href=\"https:\/\/kapitalis.com\/tunisie\/2021\/01\/09\/coronavirus-sfax-deplore-13-deces-en-48h\/\" \/>\n<meta property=\"og:locale\" content=\"fr_FR\" \/>\n<meta property=\"og:type\" content=\"article\" \/>\n<meta property=\"og:title\" content=\"Coronavirus : Sfax d\u00e9plore 13 d\u00e9c\u00e8s en 48h - Kapitalis\" \/>\n<meta property=\"og:description\" content=\"Le gouvernorat de Sfax, o\u00f9 la situation sanitaire est dite inqui\u00e9tante, a enregistr\u00e9 588 contaminations par le coronavirus et 13 d\u00e9c\u00e8s, dont 6 annonc\u00e9s par la Direction r\u00e9gionale de la sant\u00e9, ce samedi 9 janvier 2021.\" \/>\n<meta property=\"og:url\" content=\"https:\/\/kapitalis.com\/tunisie\/2021\/01\/09\/coronavirus-sfax-deplore-13-deces-en-48h\/\" \/>\n<meta property=\"og:site_name\" content=\"Kapitalis\" \/>\n<meta property=\"article:publisher\" content=\"https:\/\/www.facebook.com\/KapitalisInfo\/\" \/>\n<meta property=\"article:published_time\" content=\"2021-01-09T14:25:09+00:00\" \/>\n<meta property=\"article:modified_time\" content=\"2021-01-09T15:07:19+00:00\" \/>\n<meta property=\"og:image\" content=\"http:\/\/kapitalis.com\/tunisie\/wp-content\/uploads\/2020\/08\/coronavirus-el-hamma-gabes.jpg\" \/>\n<meta name=\"author\" content=\"Yusra NY\" \/>\n<meta name=\"twitter:card\" content=\"summary_large_image\" \/>\n<meta name=\"twitter:creator\" content=\"@KapitalisInfo\" \/>\n<meta name=\"twitter:site\" content=\"@KapitalisInfo\" \/>\n<meta name=\"twitter:label1\" content=\"\u00c9crit par\" \/>\n\t<meta name=\"twitter:data1\" content=\"Yusra NY\" \/>\n\t<meta name=\"twitter:label2\" content=\"Dur\u00e9e de lecture estim\u00e9e\" \/>\n\t<meta name=\"twitter:data2\" content=\"1 minute\" \/>\n<script type=\"application\/ld+json\" class=\"yoast-schema-graph\">{\"@context\":\"https:\/\/schema.org\",\"@graph\":[{\"@type\":\"Article\",\"@id\":\"https:\/\/kapitalis.com\/tunisie\/2021\/01\/09\/coronavirus-sfax-deplore-13-deces-en-48h\/#article\",\"isPartOf\":{\"@id\":\"https:\/\/kapitalis.com\/tunisie\/2021\/01\/09\/coronavirus-sfax-deplore-13-deces-en-48h\/\"},\"author\":{\"name\":\"Yusra NY\",\"@id\":\"https:\/\/kapitalis.com\/tunisie\/#\/schema\/person\/74bbde0154d49d790a92aaeac5bc01d5\"},\"headline\":\"Coronavirus : Sfax d\u00e9plore 13 d\u00e9c\u00e8s en 48h\",\"datePublished\":\"2021-01-09T14:25:09+00:00\",\"dateModified\":\"2021-01-09T15:07:19+00:00\",\"mainEntityOfPage\":{\"@id\":\"https:\/\/kapitalis.com\/tunisie\/2021\/01\/09\/coronavirus-sfax-deplore-13-deces-en-48h\/\"},\"wordCount\":147,\"commentCount\":0,\"publisher\":{\"@id\":\"https:\/\/kapitalis.com\/tunisie\/#organization\"},\"image\":{\"@id\":\"https:\/\/kapitalis.com\/tunisie\/2021\/01\/09\/coronavirus-sfax-deplore-13-deces-en-48h\/#primaryimage\"},\"thumbnailUrl\":\"http:\/\/kapitalis.com\/tunisie\/wp-content\/uploads\/2020\/08\/coronavirus-el-hamma-gabes.jpg\",\"keywords\":[\"contaminations\",\"Coronavirus\",\"d\u00e9c\u00e8s\",\"Sfax\"],\"articleSection\":[\"SOCIETE\",\"Tunisie\"],\"inLanguage\":\"fr-FR\",\"potentialAction\":[{\"@type\":\"CommentAction\",\"name\":\"Comment\",\"target\":[\"https:\/\/kapitalis.com\/tunisie\/2021\/01\/09\/coronavirus-sfax-deplore-13-deces-en-48h\/#respond\"]}]},{\"@type\":\"WebPage\",\"@id\":\"https:\/\/kapitalis.com\/tunisie\/2021\/01\/09\/coronavirus-sfax-deplore-13-deces-en-48h\/\",\"url\":\"https:\/\/kapitalis.com\/tunisie\/2021\/01\/09\/coronavirus-sfax-deplore-13-deces-en-48h\/\",\"name\":\"Coronavirus : Sfax d\u00e9plore 13 d\u00e9c\u00e8s en 48h - Kapitalis\",\"isPartOf\":{\"@id\":\"https:\/\/kapitalis.com\/tunisie\/#website\"},\"primaryImageOfPage\":{\"@id\":\"https:\/\/kapitalis.com\/tunisie\/2021\/01\/09\/coronavirus-sfax-deplore-13-deces-en-48h\/#primaryimage\"},\"image\":{\"@id\":\"https:\/\/kapitalis.com\/tunisie\/2021\/01\/09\/coronavirus-sfax-deplore-13-deces-en-48h\/#primaryimage\"},\"thumbnailUrl\":\"http:\/\/kapitalis.com\/tunisie\/wp-content\/uploads\/2020\/08\/coronavirus-el-hamma-gabes.jpg\",\"datePublished\":\"2021-01-09T14:25:09+00:00\",\"dateModified\":\"2021-01-09T15:07:19+00:00\",\"breadcrumb\":{\"@id\":\"https:\/\/kapitalis.com\/tunisie\/2021\/01\/09\/coronavirus-sfax-deplore-13-deces-en-48h\/#breadcrumb\"},\"inLanguage\":\"fr-FR\",\"potentialAction\":[{\"@type\":\"ReadAction\",\"target\":[\"https:\/\/kapitalis.com\/tunisie\/2021\/01\/09\/coronavirus-sfax-deplore-13-deces-en-48h\/\"]}]},{\"@type\":\"ImageObject\",\"inLanguage\":\"fr-FR\",\"@id\":\"https:\/\/kapitalis.com\/tunisie\/2021\/01\/09\/coronavirus-sfax-deplore-13-deces-en-48h\/#primaryimage\",\"url\":\"\",\"contentUrl\":\"\"},{\"@type\":\"BreadcrumbList\",\"@id\":\"https:\/\/kapitalis.com\/tunisie\/2021\/01\/09\/coronavirus-sfax-deplore-13-deces-en-48h\/#breadcrumb\",\"itemListElement\":[{\"@type\":\"ListItem\",\"position\":1,\"name\":\"Accueil\",\"item\":\"https:\/\/kapitalis.com\/tunisie\/\"},{\"@type\":\"ListItem\",\"position\":2,\"name\":\"Coronavirus : Sfax d\u00e9plore 13 d\u00e9c\u00e8s en 48h\"}]},{\"@type\":\"WebSite\",\"@id\":\"https:\/\/kapitalis.com\/tunisie\/#website\",\"url\":\"https:\/\/kapitalis.com\/tunisie\/\",\"name\":\"Kapitalis\",\"description\":\"L&#039;actualit\u00e9 en Tunisie et dans le monde\",\"publisher\":{\"@id\":\"https:\/\/kapitalis.com\/tunisie\/#organization\"},\"potentialAction\":[{\"@type\":\"SearchAction\",\"target\":{\"@type\":\"EntryPoint\",\"urlTemplate\":\"https:\/\/kapitalis.com\/tunisie\/?s={search_term_string}\"},\"query-input\":{\"@type\":\"PropertyValueSpecification\",\"valueRequired\":true,\"valueName\":\"search_term_string\"}}],\"inLanguage\":\"fr-FR\"},{\"@type\":\"Organization\",\"@id\":\"https:\/\/kapitalis.com\/tunisie\/#organization\",\"name\":\"Kapitalis\",\"url\":\"https:\/\/kapitalis.com\/tunisie\/\",\"logo\":{\"@type\":\"ImageObject\",\"inLanguage\":\"fr-FR\",\"@id\":\"https:\/\/kapitalis.com\/tunisie\/#\/schema\/logo\/image\/\",\"url\":\"https:\/\/kapitalis.com\/tunisie\/wp-content\/uploads\/2022\/05\/Kapitalis-big-size.png\",\"contentUrl\":\"https:\/\/kapitalis.com\/tunisie\/wp-content\/uploads\/2022\/05\/Kapitalis-big-size.png\",\"width\":5000,\"height\":1500,\"caption\":\"Kapitalis\"},\"image\":{\"@id\":\"https:\/\/kapitalis.com\/tunisie\/#\/schema\/logo\/image\/\"},\"sameAs\":[\"https:\/\/www.facebook.com\/KapitalisInfo\/\",\"https:\/\/x.com\/KapitalisInfo\",\"https:\/\/www.youtube.com\/channel\/UC-yDYrHyfFBWWZaOw3FPg9Q\"]},{\"@type\":\"Person\",\"@id\":\"https:\/\/kapitalis.com\/tunisie\/#\/schema\/person\/74bbde0154d49d790a92aaeac5bc01d5\",\"name\":\"Yusra NY\",\"url\":\"https:\/\/kapitalis.com\/tunisie\/author\/yuza_adam\/\"}]}<\/script>\n<!-- \/ Yoast SEO plugin. -->","yoast_head_json":{"title":"Coronavirus : Sfax d\u00e9plore 13 d\u00e9c\u00e8s en 48h - Kapitalis","robots":{"index":"index","follow":"follow","max-snippet":"max-snippet:-1","max-image-preview":"max-image-preview:large","max-video-preview":"max-video-preview:-1"},"canonical":"https:\/\/kapitalis.com\/tunisie\/2021\/01\/09\/coronavirus-sfax-deplore-13-deces-en-48h\/","og_locale":"fr_FR","og_type":"article","og_title":"Coronavirus : Sfax d\u00e9plore 13 d\u00e9c\u00e8s en 48h - Kapitalis","og_description":"Le gouvernorat de Sfax, o\u00f9 la situation sanitaire est dite inqui\u00e9tante, a enregistr\u00e9 588 contaminations par le coronavirus et 13 d\u00e9c\u00e8s, dont 6 annonc\u00e9s par la Direction r\u00e9gionale de la sant\u00e9, ce samedi 9 janvier 2021.","og_url":"https:\/\/kapitalis.com\/tunisie\/2021\/01\/09\/coronavirus-sfax-deplore-13-deces-en-48h\/","og_site_name":"Kapitalis","article_publisher":"https:\/\/www.facebook.com\/KapitalisInfo\/","article_published_time":"2021-01-09T14:25:09+00:00","article_modified_time":"2021-01-09T15:07:19+00:00","og_image":[{"url":"http:\/\/kapitalis.com\/tunisie\/wp-content\/uploads\/2020\/08\/coronavirus-el-hamma-gabes.jpg","type":"","width":"","height":""}],"author":"Yusra NY","twitter_card":"summary_large_image","twitter_creator":"@KapitalisInfo","twitter_site":"@KapitalisInfo","twitter_misc":{"\u00c9crit par":"Yusra NY","Dur\u00e9e de lecture estim\u00e9e":"1 minute"},"schema":{"@context":"https:\/\/schema.org","@graph":[{"@type":"Article","@id":"https:\/\/kapitalis.com\/tunisie\/2021\/01\/09\/coronavirus-sfax-deplore-13-deces-en-48h\/#article","isPartOf":{"@id":"https:\/\/kapitalis.com\/tunisie\/2021\/01\/09\/coronavirus-sfax-deplore-13-deces-en-48h\/"},"author":{"name":"Yusra NY","@id":"https:\/\/kapitalis.com\/tunisie\/#\/schema\/person\/74bbde0154d49d790a92aaeac5bc01d5"},"headline":"Coronavirus : Sfax d\u00e9plore 13 d\u00e9c\u00e8s en 48h","datePublished":"2021-01-09T14:25:09+00:00","dateModified":"2021-01-09T15:07:19+00:00","mainEntityOfPage":{"@id":"https:\/\/kapitalis.com\/tunisie\/2021\/01\/09\/coronavirus-sfax-deplore-13-deces-en-48h\/"},"wordCount":147,"commentCount":0,"publisher":{"@id":"https:\/\/kapitalis.com\/tunisie\/#organization"},"image":{"@id":"https:\/\/kapitalis.com\/tunisie\/2021\/01\/09\/coronavirus-sfax-deplore-13-deces-en-48h\/#primaryimage"},"thumbnailUrl":"http:\/\/kapitalis.com\/tunisie\/wp-content\/uploads\/2020\/08\/coronavirus-el-hamma-gabes.jpg","keywords":["contaminations","Coronavirus","d\u00e9c\u00e8s","Sfax"],"articleSection":["SOCIETE","Tunisie"],"inLanguage":"fr-FR","potentialAction":[{"@type":"CommentAction","name":"Comment","target":["https:\/\/kapitalis.com\/tunisie\/2021\/01\/09\/coronavirus-sfax-deplore-13-deces-en-48h\/#respond"]}]},{"@type":"WebPage","@id":"https:\/\/kapitalis.com\/tunisie\/2021\/01\/09\/coronavirus-sfax-deplore-13-deces-en-48h\/","url":"https:\/\/kapitalis.com\/tunisie\/2021\/01\/09\/coronavirus-sfax-deplore-13-deces-en-48h\/","name":"Coronavirus : Sfax d\u00e9plore 13 d\u00e9c\u00e8s en 48h - Kapitalis","isPartOf":{"@id":"https:\/\/kapitalis.com\/tunisie\/#website"},"primaryImageOfPage":{"@id":"https:\/\/kapitalis.com\/tunisie\/2021\/01\/09\/coronavirus-sfax-deplore-13-deces-en-48h\/#primaryimage"},"image":{"@id":"https:\/\/kapitalis.com\/tunisie\/2021\/01\/09\/coronavirus-sfax-deplore-13-deces-en-48h\/#primaryimage"},"thumbnailUrl":"http:\/\/kapitalis.com\/tunisie\/wp-content\/uploads\/2020\/08\/coronavirus-el-hamma-gabes.jpg","datePublished":"2021-01-09T14:25:09+00:00","dateModified":"2021-01-09T15:07:19+00:00","breadcrumb":{"@id":"https:\/\/kapitalis.com\/tunisie\/2021\/01\/09\/coronavirus-sfax-deplore-13-deces-en-48h\/#breadcrumb"},"inLanguage":"fr-FR","potentialAction":[{"@type":"ReadAction","target":["https:\/\/kapitalis.com\/tunisie\/2021\/01\/09\/coronavirus-sfax-deplore-13-deces-en-48h\/"]}]},{"@type":"ImageObject","inLanguage":"fr-FR","@id":"https:\/\/kapitalis.com\/tunisie\/2021\/01\/09\/coronavirus-sfax-deplore-13-deces-en-48h\/#primaryimage","url":"","contentUrl":""},{"@type":"BreadcrumbList","@id":"https:\/\/kapitalis.com\/tunisie\/2021\/01\/09\/coronavirus-sfax-deplore-13-deces-en-48h\/#breadcrumb","itemListElement":[{"@type":"ListItem","position":1,"name":"Accueil","item":"https:\/\/kapitalis.com\/tunisie\/"},{"@type":"ListItem","position":2,"name":"Coronavirus : Sfax d\u00e9plore 13 d\u00e9c\u00e8s en 48h"}]},{"@type":"WebSite","@id":"https:\/\/kapitalis.com\/tunisie\/#website","url":"https:\/\/kapitalis.com\/tunisie\/","name":"Kapitalis","description":"L&#039;actualit\u00e9 en Tunisie et dans le monde","publisher":{"@id":"https:\/\/kapitalis.com\/tunisie\/#organization"},"potentialAction":[{"@type":"SearchAction","target":{"@type":"EntryPoint","urlTemplate":"https:\/\/kapitalis.com\/tunisie\/?s={search_term_string}"},"query-input":{"@type":"PropertyValueSpecification","valueRequired":true,"valueName":"search_term_string"}}],"inLanguage":"fr-FR"},{"@type":"Organization","@id":"https:\/\/kapitalis.com\/tunisie\/#organization","name":"Kapitalis","url":"https:\/\/kapitalis.com\/tunisie\/","logo":{"@type":"ImageObject","inLanguage":"fr-FR","@id":"https:\/\/kapitalis.com\/tunisie\/#\/schema\/logo\/image\/","url":"https:\/\/kapitalis.com\/tunisie\/wp-content\/uploads\/2022\/05\/Kapitalis-big-size.png","contentUrl":"https:\/\/kapitalis.com\/tunisie\/wp-content\/uploads\/2022\/05\/Kapitalis-big-size.png","width":5000,"height":1500,"caption":"Kapitalis"},"image":{"@id":"https:\/\/kapitalis.com\/tunisie\/#\/schema\/logo\/image\/"},"sameAs":["https:\/\/www.facebook.com\/KapitalisInfo\/","https:\/\/x.com\/KapitalisInfo","https:\/\/www.youtube.com\/channel\/UC-yDYrHyfFBWWZaOw3FPg9Q"]},{"@type":"Person","@id":"https:\/\/kapitalis.com\/tunisie\/#\/schema\/person\/74bbde0154d49d790a92aaeac5bc01d5","name":"Yusra NY","url":"https:\/\/kapitalis.com\/tunisie\/author\/yuza_adam\/"}]}},"_links":{"self":[{"href":"https:\/\/kapitalis.com\/tunisie\/wp-json\/wp\/v2\/posts\/331450","targetHints":{"allow":["GET"]}}],"collection":[{"href":"https:\/\/kapitalis.com\/tunisie\/wp-json\/wp\/v2\/posts"}],"about":[{"href":"https:\/\/kapitalis.com\/tunisie\/wp-json\/wp\/v2\/types\/post"}],"author":[{"embeddable":true,"href":"https:\/\/kapitalis.com\/tunisie\/wp-json\/wp\/v2\/users\/6"}],"replies":[{"embeddable":true,"href":"https:\/\/kapitalis.com\/tunisie\/wp-json\/wp\/v2\/comments?post=331450"}],"version-history":[{"count":0,"href":"https:\/\/kapitalis.com\/tunisie\/wp-json\/wp\/v2\/posts\/331450\/revisions"}],"wp:attachment":[{"href":"https:\/\/kapitalis.com\/tunisie\/wp-json\/wp\/v2\/media?parent=331450"}],"wp:term":[{"taxonomy":"category","embeddable":true,"href":"https:\/\/kapitalis.com\/tunisie\/wp-json\/wp\/v2\/categories?post=331450"},{"taxonomy":"post_tag","embeddable":true,"href":"https:\/\/kapitalis.com\/tunisie\/wp-json\/wp\/v2\/tags?post=331450"}],"curies":[{"name":"wp","href":"https:\/\/api.w.org\/{rel}","templated":true}]}}