{"id":331530,"date":"2021-01-10T23:04:39","date_gmt":"2021-01-10T22:04:39","guid":{"rendered":"http:\/\/kapitalis.com\/tunisie\/?p=331530"},"modified":"2021-01-10T23:28:05","modified_gmt":"2021-01-10T22:28:05","slug":"les-raisons-officielles-de-la-fermeture-de-lacropolium-de-carthage-photos","status":"publish","type":"post","link":"https:\/\/kapitalis.com\/tunisie\/2021\/01\/10\/les-raisons-officielles-de-la-fermeture-de-lacropolium-de-carthage-photos\/","title":{"rendered":"Les raisons officielles de la fermeture de l&rsquo;Acropolium de Carthage (Photos)"},"content":{"rendered":"\n<figure class=\"wp-block-image size-large\"><img decoding=\"async\" src=\"http:\/\/kapitalis.com\/tunisie\/wp-content\/uploads\/2021\/01\/Acropolium-de-Carthage.jpg\" alt=\"\" class=\"wp-image-331535\"\/><\/figure>\n\n\n\n<p><strong><em>L\u2019Agence de mise en valeur du patrimoine et de promotion culturelle (AMVPPC) a apport\u00e9 des pr\u00e9cisions sur la fermeture de l&rsquo;Acropolium de Carthage et les raisons du retrait de la concession d\u2019exploitation \u00e0 Mustapha El Okby, en affirmant que cet espace culturel devra \u00eatre restaur\u00e9, suite \u00e0 quoi, un nouvel appel d\u2019offres sera publi\u00e9.<\/em><\/strong><\/p>\n\n\n\n<!--more-->\n\n\n\n<p>Dans un communiqu\u00e9 relay\u00e9 ce dimanche 10 janvier 2021 par le minist\u00e8re des Affaires culturelles, l&rsquo;AMVPPC rappelle que la concession a \u00e9t\u00e9 accord\u00e9e \u00e0 Okby, en 1992 et est entr\u00e9e en vigueur en 1996 pour une dur\u00e9e de dix ans. \u00ab<em>Celle-ci a ensuite \u00e9t\u00e9 prolong\u00e9e pour une dur\u00e9e de trois ans, avec une r\u00e9duction de 30% sur demande de l\u2019exploitant des lieux et avec la validation du minist\u00e8re<\/em>\u00bb, lit-on dans le communiqu\u00e9.<\/p>\n\n\n\n<p>La m\u00eame source affirme que, durant pr\u00e8s de dix, l&rsquo;Acropolium de Carthage a \u00e9t\u00e9 exploit\u00e9 ill\u00e9galement, obligeant l&rsquo;AMVPPC \u00e0 saisir la justice en 2018, tout en adressant en septembre de la m\u00eame ann\u00e9e, un pr\u00e9avis \u00e0 l&rsquo;exploitant, l&rsquo;invitant \u00e0 payer les sommes qui lui sont dues. Un an plus tard, soit le 29 novembre 2019, un jugement final a \u00e9t\u00e9 prononc\u00e9 en 2019 l&rsquo;invitant \u00e0 quitter l&rsquo;espace, en raison de l&rsquo;expiration du d\u00e9lai de l\u2019exploitation.<\/p>\n\n\n\n<figure class=\"wp-block-gallery columns-3 is-cropped wp-block-gallery-1 is-layout-flex wp-block-gallery-is-layout-flex\"><ul class=\"blocks-gallery-grid\"><li class=\"blocks-gallery-item\"><figure><img decoding=\"async\" src=\"http:\/\/kapitalis.com\/tunisie\/wp-content\/uploads\/2021\/01\/16.jpeg\" alt=\"\" data-id=\"331536\" data-full-url=\"http:\/\/kapitalis.com\/tunisie\/wp-content\/uploads\/2021\/01\/16.jpeg\" data-link=\"http:\/\/kapitalis.com\/tunisie\/?attachment_id=331536\" class=\"wp-image-331536\"\/><\/figure><\/li><li class=\"blocks-gallery-item\"><figure><img decoding=\"async\" src=\"http:\/\/kapitalis.com\/tunisie\/wp-content\/uploads\/2021\/01\/14.jpeg\" alt=\"\" data-id=\"331537\" data-full-url=\"http:\/\/kapitalis.com\/tunisie\/wp-content\/uploads\/2021\/01\/14.jpeg\" data-link=\"http:\/\/kapitalis.com\/tunisie\/?attachment_id=331537\" class=\"wp-image-331537\"\/><\/figure><\/li><li class=\"blocks-gallery-item\"><figure><img decoding=\"async\" src=\"http:\/\/kapitalis.com\/tunisie\/wp-content\/uploads\/2021\/01\/13.jpeg\" alt=\"\" data-id=\"331538\" data-full-url=\"http:\/\/kapitalis.com\/tunisie\/wp-content\/uploads\/2021\/01\/13.jpeg\" data-link=\"http:\/\/kapitalis.com\/tunisie\/?attachment_id=331538\" class=\"wp-image-331538\"\/><\/figure><\/li><li class=\"blocks-gallery-item\"><figure><img decoding=\"async\" src=\"http:\/\/kapitalis.com\/tunisie\/wp-content\/uploads\/2021\/01\/12.jpeg\" alt=\"\" data-id=\"331539\" data-full-url=\"http:\/\/kapitalis.com\/tunisie\/wp-content\/uploads\/2021\/01\/12.jpeg\" data-link=\"http:\/\/kapitalis.com\/tunisie\/?attachment_id=331539\" class=\"wp-image-331539\"\/><\/figure><\/li><li class=\"blocks-gallery-item\"><figure><img decoding=\"async\" src=\"http:\/\/kapitalis.com\/tunisie\/wp-content\/uploads\/2021\/01\/11.jpeg\" alt=\"\" data-id=\"331540\" data-full-url=\"http:\/\/kapitalis.com\/tunisie\/wp-content\/uploads\/2021\/01\/11.jpeg\" data-link=\"http:\/\/kapitalis.com\/tunisie\/?attachment_id=331540\" class=\"wp-image-331540\"\/><\/figure><\/li><li class=\"blocks-gallery-item\"><figure><img decoding=\"async\" src=\"http:\/\/kapitalis.com\/tunisie\/wp-content\/uploads\/2021\/01\/10.jpeg\" alt=\"\" data-id=\"331541\" data-full-url=\"http:\/\/kapitalis.com\/tunisie\/wp-content\/uploads\/2021\/01\/10.jpeg\" data-link=\"http:\/\/kapitalis.com\/tunisie\/?attachment_id=331541\" class=\"wp-image-331541\"\/><\/figure><\/li><\/ul><\/figure>\n\n\n\n<p>\u00ab<em>Afin de lui permettre de disposer d&rsquo;un d\u00e9lai raisonnable suppl\u00e9mentaire pour l&rsquo;\u00e9vacuation et pour r\u00e9gler ses dettes, un accord de r\u00e9conciliation a \u00e9t\u00e9 conclu le 26 ao\u00fbt 2020, et l&rsquo;exploitant s&rsquo;est engag\u00e9 r\u00e9gler ses dettes selon des \u00e9ch\u00e9ances convenues, mais sans r\u00e9sultat, sachant qu&rsquo;il n&rsquo;a pas pay\u00e9 la 3\u00e8me tranche et n&rsquo;a pas respect\u00e9 l&rsquo;accord de r\u00e9conciliation, malgr\u00e9 la d\u00e9cision judiciaire\u00bb<\/em>, ajoute le communiqu\u00e9.<\/p>\n\n\n\n<p>L&rsquo;agence a \u00e9galement charg\u00e9 3 ing\u00e9nieurs experts pour inspecter l&rsquo;\u00e9tat structurel du monument, et le rapport a relev\u00e9 des manquements sur le plan de la r\u00e9novation et de l&rsquo;entretien, d&rsquo;autant que des travaux ont \u00e9t\u00e9 men\u00e9s sans coordination avec l&rsquo;Institut national du patrimoine (INP), comme exig\u00e9 par le contrat. (voir photos).<\/p>\n\n\n\n<figure class=\"wp-block-gallery columns-3 is-cropped wp-block-gallery-2 is-layout-flex wp-block-gallery-is-layout-flex\"><ul class=\"blocks-gallery-grid\"><li class=\"blocks-gallery-item\"><figure><img decoding=\"async\" src=\"http:\/\/kapitalis.com\/tunisie\/wp-content\/uploads\/2021\/01\/9.jpeg\" alt=\"\" data-id=\"331542\" data-full-url=\"http:\/\/kapitalis.com\/tunisie\/wp-content\/uploads\/2021\/01\/9.jpeg\" data-link=\"http:\/\/kapitalis.com\/tunisie\/?attachment_id=331542\" class=\"wp-image-331542\"\/><\/figure><\/li><li class=\"blocks-gallery-item\"><figure><img decoding=\"async\" src=\"http:\/\/kapitalis.com\/tunisie\/wp-content\/uploads\/2021\/01\/ok3.jpeg\" alt=\"\" data-id=\"331543\" data-full-url=\"http:\/\/kapitalis.com\/tunisie\/wp-content\/uploads\/2021\/01\/ok3.jpeg\" data-link=\"http:\/\/kapitalis.com\/tunisie\/?attachment_id=331543\" class=\"wp-image-331543\"\/><\/figure><\/li><li class=\"blocks-gallery-item\"><figure><img decoding=\"async\" src=\"http:\/\/kapitalis.com\/tunisie\/wp-content\/uploads\/2021\/01\/8.jpeg\" alt=\"\" data-id=\"331544\" data-full-url=\"http:\/\/kapitalis.com\/tunisie\/wp-content\/uploads\/2021\/01\/8.jpeg\" data-link=\"http:\/\/kapitalis.com\/tunisie\/?attachment_id=331544\" class=\"wp-image-331544\"\/><\/figure><\/li><li class=\"blocks-gallery-item\"><figure><img decoding=\"async\" src=\"http:\/\/kapitalis.com\/tunisie\/wp-content\/uploads\/2021\/01\/7.jpeg\" alt=\"\" data-id=\"331545\" data-full-url=\"http:\/\/kapitalis.com\/tunisie\/wp-content\/uploads\/2021\/01\/7.jpeg\" data-link=\"http:\/\/kapitalis.com\/tunisie\/?attachment_id=331545\" class=\"wp-image-331545\"\/><\/figure><\/li><li class=\"blocks-gallery-item\"><figure><img decoding=\"async\" src=\"http:\/\/kapitalis.com\/tunisie\/wp-content\/uploads\/2021\/01\/6.jpeg\" alt=\"\" data-id=\"331546\" data-full-url=\"http:\/\/kapitalis.com\/tunisie\/wp-content\/uploads\/2021\/01\/6.jpeg\" data-link=\"http:\/\/kapitalis.com\/tunisie\/?attachment_id=331546\" class=\"wp-image-331546\"\/><\/figure><\/li><li class=\"blocks-gallery-item\"><figure><img decoding=\"async\" src=\"http:\/\/kapitalis.com\/tunisie\/wp-content\/uploads\/2021\/01\/4.jpeg\" alt=\"\" data-id=\"331547\" data-full-url=\"http:\/\/kapitalis.com\/tunisie\/wp-content\/uploads\/2021\/01\/4.jpeg\" data-link=\"http:\/\/kapitalis.com\/tunisie\/?attachment_id=331547\" class=\"wp-image-331547\"\/><\/figure><\/li><li class=\"blocks-gallery-item\"><figure><img decoding=\"async\" src=\"http:\/\/kapitalis.com\/tunisie\/wp-content\/uploads\/2021\/01\/2.jpeg\" alt=\"\" data-id=\"331548\" data-full-url=\"http:\/\/kapitalis.com\/tunisie\/wp-content\/uploads\/2021\/01\/2.jpeg\" data-link=\"http:\/\/kapitalis.com\/tunisie\/?attachment_id=331548\" class=\"wp-image-331548\"\/><\/figure><\/li><li class=\"blocks-gallery-item\"><figure><img decoding=\"async\" src=\"http:\/\/kapitalis.com\/tunisie\/wp-content\/uploads\/2021\/01\/137241700_2270884609709189_8002978028498512432_n.jpeg\" alt=\"\" data-id=\"331549\" data-full-url=\"http:\/\/kapitalis.com\/tunisie\/wp-content\/uploads\/2021\/01\/137241700_2270884609709189_8002978028498512432_n.jpeg\" data-link=\"http:\/\/kapitalis.com\/tunisie\/?attachment_id=331549\" class=\"wp-image-331549\"\/><\/figure><\/li><\/ul><\/figure>\n\n\n\n<p>Pour toutes ces raisons, le minist\u00e8re des Affaires culturelles, accompagn\u00e9 d&rsquo;un huissier de justice, ont donc ferm\u00e9 et plac\u00e9 l\u2019Acropolium de Carthage sous s\u00e9questre.<\/p>\n\n\n\n<p>Ainsi AMVPPC devra de ce fait restaurer et entretenir le monument, au cours de cette ann\u00e9e, en coordination avec l&rsquo;INP et les autorit\u00e9s comp\u00e9tentes. Une fois les travaux termin\u00e9s, un nouvel appel d\u2019offres sera publi\u00e9, conclu l&rsquo;Agence.<\/p>\n\n\n\n<p>Rappelons que de nombreux activistes de la soci\u00e9t\u00e9 civile avaient fait part de leur soutien \u00e0 M. El-Okby, en criant \u00e0 l&rsquo;injustice et qu&rsquo;un collectif de soutien, compos\u00e9 notamment de l\u2019Association des amis de Carthage, avaient d\u00e9nonc\u00e9 cette d\u00e9cision et lanc\u00e9 des p\u00e9tition appelant ) ce que \u00ab<em>l&rsquo;Acropolium de Carthage demeure un lieu de culture\u00bb<\/em>\u2026<\/p>\n\n\n\n<p class=\"has-text-align-right\"><strong>Y. N.<\/strong><\/p>\n\n\n\n<figure class=\"wp-block-embed is-type-wp-embed is-provider-kapitalis wp-block-embed-kapitalis\"><div class=\"wp-block-embed__wrapper\">\n<blockquote class=\"wp-embedded-content\" data-secret=\"oC6uK6Z82S\"><a href=\"https:\/\/kapitalis.com\/tunisie\/2021\/01\/09\/lacropolium-de-carthage-mis-sous-sequestre-par-le-ministere-des-affaires-culturelles\/\">l&rsquo;Acropolium de Carthage mis sous s\u00e9questre par le minist\u00e8re des Affaires culturelles<\/a><\/blockquote><iframe loading=\"lazy\" class=\"wp-embedded-content\" sandbox=\"allow-scripts\" security=\"restricted\" style=\"position: absolute; clip: rect(1px, 1px, 1px, 1px);\" title=\"\u00ab\u00a0l&rsquo;Acropolium de Carthage mis sous s\u00e9questre par le minist\u00e8re des Affaires culturelles\u00a0\u00bb &#8212; Kapitalis\" src=\"https:\/\/kapitalis.com\/tunisie\/2021\/01\/09\/lacropolium-de-carthage-mis-sous-sequestre-par-le-ministere-des-affaires-culturelles\/embed\/#?secret=q8XokHhhBR#?secret=oC6uK6Z82S\" data-secret=\"oC6uK6Z82S\" width=\"600\" height=\"338\" frameborder=\"0\" marginwidth=\"0\" marginheight=\"0\" scrolling=\"no\"><\/iframe>\n<\/div><\/figure>\n","protected":false},"excerpt":{"rendered":"<p>L\u2019Agence de mise en valeur du patrimoine et de promotion culturelle (AMVPPC) a apport\u00e9 des pr\u00e9cisions sur la fermeture de l&rsquo;Acropolium de Carthage et les raisons du retrait de la concession d\u2019exploitation \u00e0 Mustapha El Okby, en affirmant que cet espace culturel devra \u00eatre restaur\u00e9, suite \u00e0 quoi, un nouvel appel d\u2019offres sera publi\u00e9.<\/p>\n","protected":false},"author":6,"featured_media":331535,"comment_status":"open","ping_status":"open","sticky":false,"template":"","format":"standard","meta":{"footnotes":""},"categories":[994,2433],"tags":[86410,86412,86411,340,2576,697,2115],"class_list":["post-331530","post","type-post","status-publish","format-standard","has-post-thumbnail","hentry","category-culture","category-tunisie","tag-acropolium-carthage","tag-cathedrale-saint-louis","tag-el-okby","tag-espace-culturel","tag-fermeture","tag-patrimoine","tag-restauration"],"yoast_head":"<!-- This site is optimized with the Yoast SEO plugin v26.6 - https:\/\/yoast.com\/wordpress\/plugins\/seo\/ -->\n<title>Les raisons officielles de la fermeture de l&#039;Acropolium de Carthage (Photos) - Kapitalis<\/title>\n<meta name=\"robots\" content=\"index, follow, max-snippet:-1, max-image-preview:large, max-video-preview:-1\" \/>\n<link rel=\"canonical\" href=\"https:\/\/kapitalis.com\/tunisie\/2021\/01\/10\/les-raisons-officielles-de-la-fermeture-de-lacropolium-de-carthage-photos\/\" \/>\n<meta property=\"og:locale\" content=\"fr_FR\" \/>\n<meta property=\"og:type\" content=\"article\" \/>\n<meta property=\"og:title\" content=\"Les raisons officielles de la fermeture de l&#039;Acropolium de Carthage (Photos) - Kapitalis\" \/>\n<meta property=\"og:description\" content=\"L\u2019Agence de mise en valeur du patrimoine et de promotion culturelle (AMVPPC) a apport\u00e9 des pr\u00e9cisions sur la fermeture de l&rsquo;Acropolium de Carthage et les raisons du retrait de la concession d\u2019exploitation \u00e0 Mustapha El Okby, en affirmant que cet espace culturel devra \u00eatre restaur\u00e9, suite \u00e0 quoi, un nouvel appel d\u2019offres sera publi\u00e9.\" \/>\n<meta property=\"og:url\" content=\"https:\/\/kapitalis.com\/tunisie\/2021\/01\/10\/les-raisons-officielles-de-la-fermeture-de-lacropolium-de-carthage-photos\/\" \/>\n<meta property=\"og:site_name\" content=\"Kapitalis\" \/>\n<meta property=\"article:publisher\" content=\"https:\/\/www.facebook.com\/KapitalisInfo\/\" \/>\n<meta property=\"article:published_time\" content=\"2021-01-10T22:04:39+00:00\" \/>\n<meta property=\"article:modified_time\" content=\"2021-01-10T22:28:05+00:00\" \/>\n<meta property=\"og:image\" content=\"https:\/\/kapitalis.com\/tunisie\/wp-content\/uploads\/2022\/05\/kapitalis-logo-fb.png\" \/>\n\t<meta property=\"og:image:width\" content=\"1200\" \/>\n\t<meta property=\"og:image:height\" content=\"630\" \/>\n\t<meta property=\"og:image:type\" content=\"image\/png\" \/>\n<meta name=\"author\" content=\"Yusra NY\" \/>\n<meta name=\"twitter:card\" content=\"summary_large_image\" \/>\n<meta name=\"twitter:creator\" content=\"@KapitalisInfo\" \/>\n<meta name=\"twitter:site\" content=\"@KapitalisInfo\" \/>\n<meta name=\"twitter:label1\" content=\"\u00c9crit par\" \/>\n\t<meta name=\"twitter:data1\" content=\"Yusra NY\" \/>\n\t<meta name=\"twitter:label2\" content=\"Dur\u00e9e de lecture estim\u00e9e\" \/>\n\t<meta name=\"twitter:data2\" content=\"2 minutes\" \/>\n<script type=\"application\/ld+json\" class=\"yoast-schema-graph\">{\"@context\":\"https:\/\/schema.org\",\"@graph\":[{\"@type\":\"Article\",\"@id\":\"https:\/\/kapitalis.com\/tunisie\/2021\/01\/10\/les-raisons-officielles-de-la-fermeture-de-lacropolium-de-carthage-photos\/#article\",\"isPartOf\":{\"@id\":\"https:\/\/kapitalis.com\/tunisie\/2021\/01\/10\/les-raisons-officielles-de-la-fermeture-de-lacropolium-de-carthage-photos\/\"},\"author\":{\"name\":\"Yusra NY\",\"@id\":\"https:\/\/kapitalis.com\/tunisie\/#\/schema\/person\/74bbde0154d49d790a92aaeac5bc01d5\"},\"headline\":\"Les raisons officielles de la fermeture de l&rsquo;Acropolium de Carthage (Photos)\",\"datePublished\":\"2021-01-10T22:04:39+00:00\",\"dateModified\":\"2021-01-10T22:28:05+00:00\",\"mainEntityOfPage\":{\"@id\":\"https:\/\/kapitalis.com\/tunisie\/2021\/01\/10\/les-raisons-officielles-de-la-fermeture-de-lacropolium-de-carthage-photos\/\"},\"wordCount\":477,\"commentCount\":2,\"publisher\":{\"@id\":\"https:\/\/kapitalis.com\/tunisie\/#organization\"},\"image\":{\"@id\":\"https:\/\/kapitalis.com\/tunisie\/2021\/01\/10\/les-raisons-officielles-de-la-fermeture-de-lacropolium-de-carthage-photos\/#primaryimage\"},\"thumbnailUrl\":\"\",\"keywords\":[\"Acropolium Carthage\",\"Cath\u00e9drale Saint-Louis\",\"El-Okby\",\"espace culturel\",\"fermeture\",\"patrimoine\",\"restauration\"],\"articleSection\":[\"CULTURE\",\"Tunisie\"],\"inLanguage\":\"fr-FR\",\"potentialAction\":[{\"@type\":\"CommentAction\",\"name\":\"Comment\",\"target\":[\"https:\/\/kapitalis.com\/tunisie\/2021\/01\/10\/les-raisons-officielles-de-la-fermeture-de-lacropolium-de-carthage-photos\/#respond\"]}]},{\"@type\":\"WebPage\",\"@id\":\"https:\/\/kapitalis.com\/tunisie\/2021\/01\/10\/les-raisons-officielles-de-la-fermeture-de-lacropolium-de-carthage-photos\/\",\"url\":\"https:\/\/kapitalis.com\/tunisie\/2021\/01\/10\/les-raisons-officielles-de-la-fermeture-de-lacropolium-de-carthage-photos\/\",\"name\":\"Les raisons officielles de la fermeture de l'Acropolium de Carthage (Photos) - Kapitalis\",\"isPartOf\":{\"@id\":\"https:\/\/kapitalis.com\/tunisie\/#website\"},\"primaryImageOfPage\":{\"@id\":\"https:\/\/kapitalis.com\/tunisie\/2021\/01\/10\/les-raisons-officielles-de-la-fermeture-de-lacropolium-de-carthage-photos\/#primaryimage\"},\"image\":{\"@id\":\"https:\/\/kapitalis.com\/tunisie\/2021\/01\/10\/les-raisons-officielles-de-la-fermeture-de-lacropolium-de-carthage-photos\/#primaryimage\"},\"thumbnailUrl\":\"\",\"datePublished\":\"2021-01-10T22:04:39+00:00\",\"dateModified\":\"2021-01-10T22:28:05+00:00\",\"breadcrumb\":{\"@id\":\"https:\/\/kapitalis.com\/tunisie\/2021\/01\/10\/les-raisons-officielles-de-la-fermeture-de-lacropolium-de-carthage-photos\/#breadcrumb\"},\"inLanguage\":\"fr-FR\",\"potentialAction\":[{\"@type\":\"ReadAction\",\"target\":[\"https:\/\/kapitalis.com\/tunisie\/2021\/01\/10\/les-raisons-officielles-de-la-fermeture-de-lacropolium-de-carthage-photos\/\"]}]},{\"@type\":\"ImageObject\",\"inLanguage\":\"fr-FR\",\"@id\":\"https:\/\/kapitalis.com\/tunisie\/2021\/01\/10\/les-raisons-officielles-de-la-fermeture-de-lacropolium-de-carthage-photos\/#primaryimage\",\"url\":\"\",\"contentUrl\":\"\"},{\"@type\":\"BreadcrumbList\",\"@id\":\"https:\/\/kapitalis.com\/tunisie\/2021\/01\/10\/les-raisons-officielles-de-la-fermeture-de-lacropolium-de-carthage-photos\/#breadcrumb\",\"itemListElement\":[{\"@type\":\"ListItem\",\"position\":1,\"name\":\"Accueil\",\"item\":\"https:\/\/kapitalis.com\/tunisie\/\"},{\"@type\":\"ListItem\",\"position\":2,\"name\":\"Les raisons officielles de la fermeture de l&rsquo;Acropolium de Carthage (Photos)\"}]},{\"@type\":\"WebSite\",\"@id\":\"https:\/\/kapitalis.com\/tunisie\/#website\",\"url\":\"https:\/\/kapitalis.com\/tunisie\/\",\"name\":\"Kapitalis\",\"description\":\"L&#039;actualit\u00e9 en Tunisie et dans le monde\",\"publisher\":{\"@id\":\"https:\/\/kapitalis.com\/tunisie\/#organization\"},\"potentialAction\":[{\"@type\":\"SearchAction\",\"target\":{\"@type\":\"EntryPoint\",\"urlTemplate\":\"https:\/\/kapitalis.com\/tunisie\/?s={search_term_string}\"},\"query-input\":{\"@type\":\"PropertyValueSpecification\",\"valueRequired\":true,\"valueName\":\"search_term_string\"}}],\"inLanguage\":\"fr-FR\"},{\"@type\":\"Organization\",\"@id\":\"https:\/\/kapitalis.com\/tunisie\/#organization\",\"name\":\"Kapitalis\",\"url\":\"https:\/\/kapitalis.com\/tunisie\/\",\"logo\":{\"@type\":\"ImageObject\",\"inLanguage\":\"fr-FR\",\"@id\":\"https:\/\/kapitalis.com\/tunisie\/#\/schema\/logo\/image\/\",\"url\":\"https:\/\/kapitalis.com\/tunisie\/wp-content\/uploads\/2022\/05\/Kapitalis-big-size.png\",\"contentUrl\":\"https:\/\/kapitalis.com\/tunisie\/wp-content\/uploads\/2022\/05\/Kapitalis-big-size.png\",\"width\":5000,\"height\":1500,\"caption\":\"Kapitalis\"},\"image\":{\"@id\":\"https:\/\/kapitalis.com\/tunisie\/#\/schema\/logo\/image\/\"},\"sameAs\":[\"https:\/\/www.facebook.com\/KapitalisInfo\/\",\"https:\/\/x.com\/KapitalisInfo\",\"https:\/\/www.youtube.com\/channel\/UC-yDYrHyfFBWWZaOw3FPg9Q\"]},{\"@type\":\"Person\",\"@id\":\"https:\/\/kapitalis.com\/tunisie\/#\/schema\/person\/74bbde0154d49d790a92aaeac5bc01d5\",\"name\":\"Yusra NY\",\"url\":\"https:\/\/kapitalis.com\/tunisie\/author\/yuza_adam\/\"}]}<\/script>\n<!-- \/ Yoast SEO plugin. -->","yoast_head_json":{"title":"Les raisons officielles de la fermeture de l'Acropolium de Carthage (Photos) - Kapitalis","robots":{"index":"index","follow":"follow","max-snippet":"max-snippet:-1","max-image-preview":"max-image-preview:large","max-video-preview":"max-video-preview:-1"},"canonical":"https:\/\/kapitalis.com\/tunisie\/2021\/01\/10\/les-raisons-officielles-de-la-fermeture-de-lacropolium-de-carthage-photos\/","og_locale":"fr_FR","og_type":"article","og_title":"Les raisons officielles de la fermeture de l'Acropolium de Carthage (Photos) - Kapitalis","og_description":"L\u2019Agence de mise en valeur du patrimoine et de promotion culturelle (AMVPPC) a apport\u00e9 des pr\u00e9cisions sur la fermeture de l&rsquo;Acropolium de Carthage et les raisons du retrait de la concession d\u2019exploitation \u00e0 Mustapha El Okby, en affirmant que cet espace culturel devra \u00eatre restaur\u00e9, suite \u00e0 quoi, un nouvel appel d\u2019offres sera publi\u00e9.","og_url":"https:\/\/kapitalis.com\/tunisie\/2021\/01\/10\/les-raisons-officielles-de-la-fermeture-de-lacropolium-de-carthage-photos\/","og_site_name":"Kapitalis","article_publisher":"https:\/\/www.facebook.com\/KapitalisInfo\/","article_published_time":"2021-01-10T22:04:39+00:00","article_modified_time":"2021-01-10T22:28:05+00:00","og_image":[{"width":1200,"height":630,"url":"https:\/\/kapitalis.com\/tunisie\/wp-content\/uploads\/2022\/05\/kapitalis-logo-fb.png","type":"image\/png"}],"author":"Yusra NY","twitter_card":"summary_large_image","twitter_creator":"@KapitalisInfo","twitter_site":"@KapitalisInfo","twitter_misc":{"\u00c9crit par":"Yusra NY","Dur\u00e9e de lecture estim\u00e9e":"2 minutes"},"schema":{"@context":"https:\/\/schema.org","@graph":[{"@type":"Article","@id":"https:\/\/kapitalis.com\/tunisie\/2021\/01\/10\/les-raisons-officielles-de-la-fermeture-de-lacropolium-de-carthage-photos\/#article","isPartOf":{"@id":"https:\/\/kapitalis.com\/tunisie\/2021\/01\/10\/les-raisons-officielles-de-la-fermeture-de-lacropolium-de-carthage-photos\/"},"author":{"name":"Yusra NY","@id":"https:\/\/kapitalis.com\/tunisie\/#\/schema\/person\/74bbde0154d49d790a92aaeac5bc01d5"},"headline":"Les raisons officielles de la fermeture de l&rsquo;Acropolium de Carthage (Photos)","datePublished":"2021-01-10T22:04:39+00:00","dateModified":"2021-01-10T22:28:05+00:00","mainEntityOfPage":{"@id":"https:\/\/kapitalis.com\/tunisie\/2021\/01\/10\/les-raisons-officielles-de-la-fermeture-de-lacropolium-de-carthage-photos\/"},"wordCount":477,"commentCount":2,"publisher":{"@id":"https:\/\/kapitalis.com\/tunisie\/#organization"},"image":{"@id":"https:\/\/kapitalis.com\/tunisie\/2021\/01\/10\/les-raisons-officielles-de-la-fermeture-de-lacropolium-de-carthage-photos\/#primaryimage"},"thumbnailUrl":"","keywords":["Acropolium Carthage","Cath\u00e9drale Saint-Louis","El-Okby","espace culturel","fermeture","patrimoine","restauration"],"articleSection":["CULTURE","Tunisie"],"inLanguage":"fr-FR","potentialAction":[{"@type":"CommentAction","name":"Comment","target":["https:\/\/kapitalis.com\/tunisie\/2021\/01\/10\/les-raisons-officielles-de-la-fermeture-de-lacropolium-de-carthage-photos\/#respond"]}]},{"@type":"WebPage","@id":"https:\/\/kapitalis.com\/tunisie\/2021\/01\/10\/les-raisons-officielles-de-la-fermeture-de-lacropolium-de-carthage-photos\/","url":"https:\/\/kapitalis.com\/tunisie\/2021\/01\/10\/les-raisons-officielles-de-la-fermeture-de-lacropolium-de-carthage-photos\/","name":"Les raisons officielles de la fermeture de l'Acropolium de Carthage (Photos) - Kapitalis","isPartOf":{"@id":"https:\/\/kapitalis.com\/tunisie\/#website"},"primaryImageOfPage":{"@id":"https:\/\/kapitalis.com\/tunisie\/2021\/01\/10\/les-raisons-officielles-de-la-fermeture-de-lacropolium-de-carthage-photos\/#primaryimage"},"image":{"@id":"https:\/\/kapitalis.com\/tunisie\/2021\/01\/10\/les-raisons-officielles-de-la-fermeture-de-lacropolium-de-carthage-photos\/#primaryimage"},"thumbnailUrl":"","datePublished":"2021-01-10T22:04:39+00:00","dateModified":"2021-01-10T22:28:05+00:00","breadcrumb":{"@id":"https:\/\/kapitalis.com\/tunisie\/2021\/01\/10\/les-raisons-officielles-de-la-fermeture-de-lacropolium-de-carthage-photos\/#breadcrumb"},"inLanguage":"fr-FR","potentialAction":[{"@type":"ReadAction","target":["https:\/\/kapitalis.com\/tunisie\/2021\/01\/10\/les-raisons-officielles-de-la-fermeture-de-lacropolium-de-carthage-photos\/"]}]},{"@type":"ImageObject","inLanguage":"fr-FR","@id":"https:\/\/kapitalis.com\/tunisie\/2021\/01\/10\/les-raisons-officielles-de-la-fermeture-de-lacropolium-de-carthage-photos\/#primaryimage","url":"","contentUrl":""},{"@type":"BreadcrumbList","@id":"https:\/\/kapitalis.com\/tunisie\/2021\/01\/10\/les-raisons-officielles-de-la-fermeture-de-lacropolium-de-carthage-photos\/#breadcrumb","itemListElement":[{"@type":"ListItem","position":1,"name":"Accueil","item":"https:\/\/kapitalis.com\/tunisie\/"},{"@type":"ListItem","position":2,"name":"Les raisons officielles de la fermeture de l&rsquo;Acropolium de Carthage (Photos)"}]},{"@type":"WebSite","@id":"https:\/\/kapitalis.com\/tunisie\/#website","url":"https:\/\/kapitalis.com\/tunisie\/","name":"Kapitalis","description":"L&#039;actualit\u00e9 en Tunisie et dans le monde","publisher":{"@id":"https:\/\/kapitalis.com\/tunisie\/#organization"},"potentialAction":[{"@type":"SearchAction","target":{"@type":"EntryPoint","urlTemplate":"https:\/\/kapitalis.com\/tunisie\/?s={search_term_string}"},"query-input":{"@type":"PropertyValueSpecification","valueRequired":true,"valueName":"search_term_string"}}],"inLanguage":"fr-FR"},{"@type":"Organization","@id":"https:\/\/kapitalis.com\/tunisie\/#organization","name":"Kapitalis","url":"https:\/\/kapitalis.com\/tunisie\/","logo":{"@type":"ImageObject","inLanguage":"fr-FR","@id":"https:\/\/kapitalis.com\/tunisie\/#\/schema\/logo\/image\/","url":"https:\/\/kapitalis.com\/tunisie\/wp-content\/uploads\/2022\/05\/Kapitalis-big-size.png","contentUrl":"https:\/\/kapitalis.com\/tunisie\/wp-content\/uploads\/2022\/05\/Kapitalis-big-size.png","width":5000,"height":1500,"caption":"Kapitalis"},"image":{"@id":"https:\/\/kapitalis.com\/tunisie\/#\/schema\/logo\/image\/"},"sameAs":["https:\/\/www.facebook.com\/KapitalisInfo\/","https:\/\/x.com\/KapitalisInfo","https:\/\/www.youtube.com\/channel\/UC-yDYrHyfFBWWZaOw3FPg9Q"]},{"@type":"Person","@id":"https:\/\/kapitalis.com\/tunisie\/#\/schema\/person\/74bbde0154d49d790a92aaeac5bc01d5","name":"Yusra NY","url":"https:\/\/kapitalis.com\/tunisie\/author\/yuza_adam\/"}]}},"_links":{"self":[{"href":"https:\/\/kapitalis.com\/tunisie\/wp-json\/wp\/v2\/posts\/331530","targetHints":{"allow":["GET"]}}],"collection":[{"href":"https:\/\/kapitalis.com\/tunisie\/wp-json\/wp\/v2\/posts"}],"about":[{"href":"https:\/\/kapitalis.com\/tunisie\/wp-json\/wp\/v2\/types\/post"}],"author":[{"embeddable":true,"href":"https:\/\/kapitalis.com\/tunisie\/wp-json\/wp\/v2\/users\/6"}],"replies":[{"embeddable":true,"href":"https:\/\/kapitalis.com\/tunisie\/wp-json\/wp\/v2\/comments?post=331530"}],"version-history":[{"count":0,"href":"https:\/\/kapitalis.com\/tunisie\/wp-json\/wp\/v2\/posts\/331530\/revisions"}],"wp:featuredmedia":[{"embeddable":true,"href":"https:\/\/kapitalis.com\/tunisie\/wp-json\/wp\/v2\/media\/331535"}],"wp:attachment":[{"href":"https:\/\/kapitalis.com\/tunisie\/wp-json\/wp\/v2\/media?parent=331530"}],"wp:term":[{"taxonomy":"category","embeddable":true,"href":"https:\/\/kapitalis.com\/tunisie\/wp-json\/wp\/v2\/categories?post=331530"},{"taxonomy":"post_tag","embeddable":true,"href":"https:\/\/kapitalis.com\/tunisie\/wp-json\/wp\/v2\/tags?post=331530"}],"curies":[{"name":"wp","href":"https:\/\/api.w.org\/{rel}","templated":true}]}}