{"id":331710,"date":"2021-01-12T09:41:21","date_gmt":"2021-01-12T08:41:21","guid":{"rendered":"http:\/\/kapitalis.com\/tunisie\/?p=331710"},"modified":"2021-01-12T09:46:26","modified_gmt":"2021-01-12T08:46:26","slug":"arp-le-pdl-lance-une-nouvelle-motion-de-retrait-de-confiance-a-ghannouchi","status":"publish","type":"post","link":"https:\/\/kapitalis.com\/tunisie\/2021\/01\/12\/arp-le-pdl-lance-une-nouvelle-motion-de-retrait-de-confiance-a-ghannouchi\/","title":{"rendered":"ARP : Le PDL lance une nouvelle motion de retrait de confiance \u00e0 Ghannouchi"},"content":{"rendered":"\n<figure class=\"wp-block-image size-large\"><img decoding=\"async\" src=\"http:\/\/kapitalis.com\/tunisie\/wp-content\/uploads\/2018\/05\/Rached-Ghannouchi-Abir-Moussi-.jpg\" alt=\"\" class=\"wp-image-153644\"\/><\/figure>\n\n\n\n<p><em><strong>Le bloc parlementaire du Parti destourien libre (PDL), pr\u00e9sid\u00e9 par Abir Moussi, a annonc\u00e9 qu&rsquo;un nouveau projet de motion pour le retrait de confiance au pr\u00e9sident de l&rsquo;Assembl\u00e9e des repr\u00e9sentants du peuple (ARP), Rached Ghannouchi, a \u00e9t\u00e9 lanc\u00e9.<\/strong><\/em><\/p>\n\n\n\n<!--more-->\n\n\n\n<p>Cette d\u00e9cision a \u00e9t\u00e9 prise suite \u00e0 la r\u00e9union du bureau de l&rsquo;Assembl\u00e9e pour la prise de mesures exceptionnelles relatives \u00e0 la propagation du coronavirus. <\/p>\n\n\n\n<p>Or, selon Abir Moussi, il s&rsquo;agissait d&rsquo;un \u00ab<em>putsch<\/em>\u00bb de Rached Ghannouchi, car ce sont les d\u00e9put\u00e9s qui doivent, selon elle, d\u00e9cider ces mesures.<\/p>\n\n\n\n<p>La d\u00e9put\u00e9e assure, par ailleurs, que le chef du parti Ennahdha veut transgresser le r\u00e8glement int\u00e9rieur du Parlement, en conf\u00e9rant un pouvoir ill\u00e9gal au bureau de l\u2019ARP, auquel il d\u00e9tient une majorit\u00e9, afin de mettre en \u0153uvre un plan politique dont les cons\u00e9quences sont inconnues.<\/p>\n\n\n\n<p>Rappelons qu&rsquo;en juillet dernier, Ghannouchi a \u00e9chapp\u00e9 de justesse \u00e0 la destitution, apr\u00e8s le rejet d&rsquo;une 1\u00e8re motion de retrait de confiance lanc\u00e9e contre lui par le Bloc d\u00e9mocratique.<\/p>\n\n\n\n<p class=\"has-text-align-right\"><strong>C. B. Y.<\/strong><\/p>\n","protected":false},"excerpt":{"rendered":"<p>Le bloc parlementaire du Parti destourien libre (PDL), pr\u00e9sid\u00e9 par Abir Moussi, a annonc\u00e9 qu&rsquo;un nouveau projet de motion pour le retrait de confiance au pr\u00e9sident de l&rsquo;Assembl\u00e9e des repr\u00e9sentants du peuple (ARP), Rached Ghannouchi, a \u00e9t\u00e9 lanc\u00e9.<\/p>\n","protected":false},"author":24,"featured_media":0,"comment_status":"open","ping_status":"open","sticky":false,"template":"","format":"standard","meta":{"footnotes":""},"categories":[997,2433],"tags":[15144,81345,73060,49543,33536,82837],"class_list":["post-331710","post","type-post","status-publish","format-standard","hentry","category-politique","category-tunisie","tag-abir-moussi","tag-bloc-democratique","tag-coronavirus","tag-ennahdha","tag-pdl","tag-rached-ghannochi"],"yoast_head":"<!-- This site is optimized with the Yoast SEO plugin v26.6 - https:\/\/yoast.com\/wordpress\/plugins\/seo\/ -->\n<title>ARP : Le PDL lance une nouvelle motion de retrait de confiance \u00e0 Ghannouchi - Kapitalis<\/title>\n<meta name=\"robots\" content=\"index, follow, max-snippet:-1, max-image-preview:large, max-video-preview:-1\" \/>\n<link rel=\"canonical\" href=\"https:\/\/kapitalis.com\/tunisie\/2021\/01\/12\/arp-le-pdl-lance-une-nouvelle-motion-de-retrait-de-confiance-a-ghannouchi\/\" \/>\n<meta property=\"og:locale\" content=\"fr_FR\" \/>\n<meta property=\"og:type\" content=\"article\" \/>\n<meta property=\"og:title\" content=\"ARP : Le PDL lance une nouvelle motion de retrait de confiance \u00e0 Ghannouchi - Kapitalis\" \/>\n<meta property=\"og:description\" content=\"Le bloc parlementaire du Parti destourien libre (PDL), pr\u00e9sid\u00e9 par Abir Moussi, a annonc\u00e9 qu&rsquo;un nouveau projet de motion pour le retrait de confiance au pr\u00e9sident de l&rsquo;Assembl\u00e9e des repr\u00e9sentants du peuple (ARP), Rached Ghannouchi, a \u00e9t\u00e9 lanc\u00e9.\" \/>\n<meta property=\"og:url\" content=\"https:\/\/kapitalis.com\/tunisie\/2021\/01\/12\/arp-le-pdl-lance-une-nouvelle-motion-de-retrait-de-confiance-a-ghannouchi\/\" \/>\n<meta property=\"og:site_name\" content=\"Kapitalis\" \/>\n<meta property=\"article:publisher\" content=\"https:\/\/www.facebook.com\/KapitalisInfo\/\" \/>\n<meta property=\"article:published_time\" content=\"2021-01-12T08:41:21+00:00\" \/>\n<meta property=\"article:modified_time\" content=\"2021-01-12T08:46:26+00:00\" \/>\n<meta property=\"og:image\" content=\"http:\/\/kapitalis.com\/tunisie\/wp-content\/uploads\/2018\/05\/Rached-Ghannouchi-Abir-Moussi-.jpg\" \/>\n<meta name=\"author\" content=\"Cherif Benyounes\" \/>\n<meta name=\"twitter:card\" content=\"summary_large_image\" \/>\n<meta name=\"twitter:creator\" content=\"@KapitalisInfo\" \/>\n<meta name=\"twitter:site\" content=\"@KapitalisInfo\" \/>\n<meta name=\"twitter:label1\" content=\"\u00c9crit par\" \/>\n\t<meta name=\"twitter:data1\" content=\"Cherif Benyounes\" \/>\n\t<meta name=\"twitter:label2\" content=\"Dur\u00e9e de lecture estim\u00e9e\" \/>\n\t<meta name=\"twitter:data2\" content=\"1 minute\" \/>\n<script type=\"application\/ld+json\" class=\"yoast-schema-graph\">{\"@context\":\"https:\/\/schema.org\",\"@graph\":[{\"@type\":\"Article\",\"@id\":\"https:\/\/kapitalis.com\/tunisie\/2021\/01\/12\/arp-le-pdl-lance-une-nouvelle-motion-de-retrait-de-confiance-a-ghannouchi\/#article\",\"isPartOf\":{\"@id\":\"https:\/\/kapitalis.com\/tunisie\/2021\/01\/12\/arp-le-pdl-lance-une-nouvelle-motion-de-retrait-de-confiance-a-ghannouchi\/\"},\"author\":{\"name\":\"Cherif Benyounes\",\"@id\":\"https:\/\/kapitalis.com\/tunisie\/#\/schema\/person\/b35b8d631961131107263178aeb8019e\"},\"headline\":\"ARP : Le PDL lance une nouvelle motion de retrait de confiance \u00e0 Ghannouchi\",\"datePublished\":\"2021-01-12T08:41:21+00:00\",\"dateModified\":\"2021-01-12T08:46:26+00:00\",\"mainEntityOfPage\":{\"@id\":\"https:\/\/kapitalis.com\/tunisie\/2021\/01\/12\/arp-le-pdl-lance-une-nouvelle-motion-de-retrait-de-confiance-a-ghannouchi\/\"},\"wordCount\":194,\"commentCount\":2,\"publisher\":{\"@id\":\"https:\/\/kapitalis.com\/tunisie\/#organization\"},\"image\":{\"@id\":\"https:\/\/kapitalis.com\/tunisie\/2021\/01\/12\/arp-le-pdl-lance-une-nouvelle-motion-de-retrait-de-confiance-a-ghannouchi\/#primaryimage\"},\"thumbnailUrl\":\"http:\/\/kapitalis.com\/tunisie\/wp-content\/uploads\/2018\/05\/Rached-Ghannouchi-Abir-Moussi-.jpg\",\"keywords\":[\"Abir Moussi\",\"bloc d\u00e9mocratique\",\"Coronavirus\",\"Ennahdha\",\"PDL\",\"rached ghannochi\"],\"articleSection\":[\"POLITIQUE\",\"Tunisie\"],\"inLanguage\":\"fr-FR\",\"potentialAction\":[{\"@type\":\"CommentAction\",\"name\":\"Comment\",\"target\":[\"https:\/\/kapitalis.com\/tunisie\/2021\/01\/12\/arp-le-pdl-lance-une-nouvelle-motion-de-retrait-de-confiance-a-ghannouchi\/#respond\"]}]},{\"@type\":\"WebPage\",\"@id\":\"https:\/\/kapitalis.com\/tunisie\/2021\/01\/12\/arp-le-pdl-lance-une-nouvelle-motion-de-retrait-de-confiance-a-ghannouchi\/\",\"url\":\"https:\/\/kapitalis.com\/tunisie\/2021\/01\/12\/arp-le-pdl-lance-une-nouvelle-motion-de-retrait-de-confiance-a-ghannouchi\/\",\"name\":\"ARP : Le PDL lance une nouvelle motion de retrait de confiance \u00e0 Ghannouchi - Kapitalis\",\"isPartOf\":{\"@id\":\"https:\/\/kapitalis.com\/tunisie\/#website\"},\"primaryImageOfPage\":{\"@id\":\"https:\/\/kapitalis.com\/tunisie\/2021\/01\/12\/arp-le-pdl-lance-une-nouvelle-motion-de-retrait-de-confiance-a-ghannouchi\/#primaryimage\"},\"image\":{\"@id\":\"https:\/\/kapitalis.com\/tunisie\/2021\/01\/12\/arp-le-pdl-lance-une-nouvelle-motion-de-retrait-de-confiance-a-ghannouchi\/#primaryimage\"},\"thumbnailUrl\":\"http:\/\/kapitalis.com\/tunisie\/wp-content\/uploads\/2018\/05\/Rached-Ghannouchi-Abir-Moussi-.jpg\",\"datePublished\":\"2021-01-12T08:41:21+00:00\",\"dateModified\":\"2021-01-12T08:46:26+00:00\",\"breadcrumb\":{\"@id\":\"https:\/\/kapitalis.com\/tunisie\/2021\/01\/12\/arp-le-pdl-lance-une-nouvelle-motion-de-retrait-de-confiance-a-ghannouchi\/#breadcrumb\"},\"inLanguage\":\"fr-FR\",\"potentialAction\":[{\"@type\":\"ReadAction\",\"target\":[\"https:\/\/kapitalis.com\/tunisie\/2021\/01\/12\/arp-le-pdl-lance-une-nouvelle-motion-de-retrait-de-confiance-a-ghannouchi\/\"]}]},{\"@type\":\"ImageObject\",\"inLanguage\":\"fr-FR\",\"@id\":\"https:\/\/kapitalis.com\/tunisie\/2021\/01\/12\/arp-le-pdl-lance-une-nouvelle-motion-de-retrait-de-confiance-a-ghannouchi\/#primaryimage\",\"url\":\"http:\/\/kapitalis.com\/tunisie\/wp-content\/uploads\/2018\/05\/Rached-Ghannouchi-Abir-Moussi-.jpg\",\"contentUrl\":\"http:\/\/kapitalis.com\/tunisie\/wp-content\/uploads\/2018\/05\/Rached-Ghannouchi-Abir-Moussi-.jpg\"},{\"@type\":\"BreadcrumbList\",\"@id\":\"https:\/\/kapitalis.com\/tunisie\/2021\/01\/12\/arp-le-pdl-lance-une-nouvelle-motion-de-retrait-de-confiance-a-ghannouchi\/#breadcrumb\",\"itemListElement\":[{\"@type\":\"ListItem\",\"position\":1,\"name\":\"Accueil\",\"item\":\"https:\/\/kapitalis.com\/tunisie\/\"},{\"@type\":\"ListItem\",\"position\":2,\"name\":\"ARP : Le PDL lance une nouvelle motion de retrait de confiance \u00e0 Ghannouchi\"}]},{\"@type\":\"WebSite\",\"@id\":\"https:\/\/kapitalis.com\/tunisie\/#website\",\"url\":\"https:\/\/kapitalis.com\/tunisie\/\",\"name\":\"Kapitalis\",\"description\":\"L&#039;actualit\u00e9 en Tunisie et dans le monde\",\"publisher\":{\"@id\":\"https:\/\/kapitalis.com\/tunisie\/#organization\"},\"potentialAction\":[{\"@type\":\"SearchAction\",\"target\":{\"@type\":\"EntryPoint\",\"urlTemplate\":\"https:\/\/kapitalis.com\/tunisie\/?s={search_term_string}\"},\"query-input\":{\"@type\":\"PropertyValueSpecification\",\"valueRequired\":true,\"valueName\":\"search_term_string\"}}],\"inLanguage\":\"fr-FR\"},{\"@type\":\"Organization\",\"@id\":\"https:\/\/kapitalis.com\/tunisie\/#organization\",\"name\":\"Kapitalis\",\"url\":\"https:\/\/kapitalis.com\/tunisie\/\",\"logo\":{\"@type\":\"ImageObject\",\"inLanguage\":\"fr-FR\",\"@id\":\"https:\/\/kapitalis.com\/tunisie\/#\/schema\/logo\/image\/\",\"url\":\"https:\/\/kapitalis.com\/tunisie\/wp-content\/uploads\/2022\/05\/Kapitalis-big-size.png\",\"contentUrl\":\"https:\/\/kapitalis.com\/tunisie\/wp-content\/uploads\/2022\/05\/Kapitalis-big-size.png\",\"width\":5000,\"height\":1500,\"caption\":\"Kapitalis\"},\"image\":{\"@id\":\"https:\/\/kapitalis.com\/tunisie\/#\/schema\/logo\/image\/\"},\"sameAs\":[\"https:\/\/www.facebook.com\/KapitalisInfo\/\",\"https:\/\/x.com\/KapitalisInfo\",\"https:\/\/www.youtube.com\/channel\/UC-yDYrHyfFBWWZaOw3FPg9Q\"]},{\"@type\":\"Person\",\"@id\":\"https:\/\/kapitalis.com\/tunisie\/#\/schema\/person\/b35b8d631961131107263178aeb8019e\",\"name\":\"Cherif Benyounes\",\"url\":\"https:\/\/kapitalis.com\/tunisie\/author\/cherif\/\"}]}<\/script>\n<!-- \/ Yoast SEO plugin. -->","yoast_head_json":{"title":"ARP : Le PDL lance une nouvelle motion de retrait de confiance \u00e0 Ghannouchi - Kapitalis","robots":{"index":"index","follow":"follow","max-snippet":"max-snippet:-1","max-image-preview":"max-image-preview:large","max-video-preview":"max-video-preview:-1"},"canonical":"https:\/\/kapitalis.com\/tunisie\/2021\/01\/12\/arp-le-pdl-lance-une-nouvelle-motion-de-retrait-de-confiance-a-ghannouchi\/","og_locale":"fr_FR","og_type":"article","og_title":"ARP : Le PDL lance une nouvelle motion de retrait de confiance \u00e0 Ghannouchi - Kapitalis","og_description":"Le bloc parlementaire du Parti destourien libre (PDL), pr\u00e9sid\u00e9 par Abir Moussi, a annonc\u00e9 qu&rsquo;un nouveau projet de motion pour le retrait de confiance au pr\u00e9sident de l&rsquo;Assembl\u00e9e des repr\u00e9sentants du peuple (ARP), Rached Ghannouchi, a \u00e9t\u00e9 lanc\u00e9.","og_url":"https:\/\/kapitalis.com\/tunisie\/2021\/01\/12\/arp-le-pdl-lance-une-nouvelle-motion-de-retrait-de-confiance-a-ghannouchi\/","og_site_name":"Kapitalis","article_publisher":"https:\/\/www.facebook.com\/KapitalisInfo\/","article_published_time":"2021-01-12T08:41:21+00:00","article_modified_time":"2021-01-12T08:46:26+00:00","og_image":[{"url":"http:\/\/kapitalis.com\/tunisie\/wp-content\/uploads\/2018\/05\/Rached-Ghannouchi-Abir-Moussi-.jpg","type":"","width":"","height":""}],"author":"Cherif Benyounes","twitter_card":"summary_large_image","twitter_creator":"@KapitalisInfo","twitter_site":"@KapitalisInfo","twitter_misc":{"\u00c9crit par":"Cherif Benyounes","Dur\u00e9e de lecture estim\u00e9e":"1 minute"},"schema":{"@context":"https:\/\/schema.org","@graph":[{"@type":"Article","@id":"https:\/\/kapitalis.com\/tunisie\/2021\/01\/12\/arp-le-pdl-lance-une-nouvelle-motion-de-retrait-de-confiance-a-ghannouchi\/#article","isPartOf":{"@id":"https:\/\/kapitalis.com\/tunisie\/2021\/01\/12\/arp-le-pdl-lance-une-nouvelle-motion-de-retrait-de-confiance-a-ghannouchi\/"},"author":{"name":"Cherif Benyounes","@id":"https:\/\/kapitalis.com\/tunisie\/#\/schema\/person\/b35b8d631961131107263178aeb8019e"},"headline":"ARP : Le PDL lance une nouvelle motion de retrait de confiance \u00e0 Ghannouchi","datePublished":"2021-01-12T08:41:21+00:00","dateModified":"2021-01-12T08:46:26+00:00","mainEntityOfPage":{"@id":"https:\/\/kapitalis.com\/tunisie\/2021\/01\/12\/arp-le-pdl-lance-une-nouvelle-motion-de-retrait-de-confiance-a-ghannouchi\/"},"wordCount":194,"commentCount":2,"publisher":{"@id":"https:\/\/kapitalis.com\/tunisie\/#organization"},"image":{"@id":"https:\/\/kapitalis.com\/tunisie\/2021\/01\/12\/arp-le-pdl-lance-une-nouvelle-motion-de-retrait-de-confiance-a-ghannouchi\/#primaryimage"},"thumbnailUrl":"http:\/\/kapitalis.com\/tunisie\/wp-content\/uploads\/2018\/05\/Rached-Ghannouchi-Abir-Moussi-.jpg","keywords":["Abir Moussi","bloc d\u00e9mocratique","Coronavirus","Ennahdha","PDL","rached ghannochi"],"articleSection":["POLITIQUE","Tunisie"],"inLanguage":"fr-FR","potentialAction":[{"@type":"CommentAction","name":"Comment","target":["https:\/\/kapitalis.com\/tunisie\/2021\/01\/12\/arp-le-pdl-lance-une-nouvelle-motion-de-retrait-de-confiance-a-ghannouchi\/#respond"]}]},{"@type":"WebPage","@id":"https:\/\/kapitalis.com\/tunisie\/2021\/01\/12\/arp-le-pdl-lance-une-nouvelle-motion-de-retrait-de-confiance-a-ghannouchi\/","url":"https:\/\/kapitalis.com\/tunisie\/2021\/01\/12\/arp-le-pdl-lance-une-nouvelle-motion-de-retrait-de-confiance-a-ghannouchi\/","name":"ARP : Le PDL lance une nouvelle motion de retrait de confiance \u00e0 Ghannouchi - Kapitalis","isPartOf":{"@id":"https:\/\/kapitalis.com\/tunisie\/#website"},"primaryImageOfPage":{"@id":"https:\/\/kapitalis.com\/tunisie\/2021\/01\/12\/arp-le-pdl-lance-une-nouvelle-motion-de-retrait-de-confiance-a-ghannouchi\/#primaryimage"},"image":{"@id":"https:\/\/kapitalis.com\/tunisie\/2021\/01\/12\/arp-le-pdl-lance-une-nouvelle-motion-de-retrait-de-confiance-a-ghannouchi\/#primaryimage"},"thumbnailUrl":"http:\/\/kapitalis.com\/tunisie\/wp-content\/uploads\/2018\/05\/Rached-Ghannouchi-Abir-Moussi-.jpg","datePublished":"2021-01-12T08:41:21+00:00","dateModified":"2021-01-12T08:46:26+00:00","breadcrumb":{"@id":"https:\/\/kapitalis.com\/tunisie\/2021\/01\/12\/arp-le-pdl-lance-une-nouvelle-motion-de-retrait-de-confiance-a-ghannouchi\/#breadcrumb"},"inLanguage":"fr-FR","potentialAction":[{"@type":"ReadAction","target":["https:\/\/kapitalis.com\/tunisie\/2021\/01\/12\/arp-le-pdl-lance-une-nouvelle-motion-de-retrait-de-confiance-a-ghannouchi\/"]}]},{"@type":"ImageObject","inLanguage":"fr-FR","@id":"https:\/\/kapitalis.com\/tunisie\/2021\/01\/12\/arp-le-pdl-lance-une-nouvelle-motion-de-retrait-de-confiance-a-ghannouchi\/#primaryimage","url":"http:\/\/kapitalis.com\/tunisie\/wp-content\/uploads\/2018\/05\/Rached-Ghannouchi-Abir-Moussi-.jpg","contentUrl":"http:\/\/kapitalis.com\/tunisie\/wp-content\/uploads\/2018\/05\/Rached-Ghannouchi-Abir-Moussi-.jpg"},{"@type":"BreadcrumbList","@id":"https:\/\/kapitalis.com\/tunisie\/2021\/01\/12\/arp-le-pdl-lance-une-nouvelle-motion-de-retrait-de-confiance-a-ghannouchi\/#breadcrumb","itemListElement":[{"@type":"ListItem","position":1,"name":"Accueil","item":"https:\/\/kapitalis.com\/tunisie\/"},{"@type":"ListItem","position":2,"name":"ARP : Le PDL lance une nouvelle motion de retrait de confiance \u00e0 Ghannouchi"}]},{"@type":"WebSite","@id":"https:\/\/kapitalis.com\/tunisie\/#website","url":"https:\/\/kapitalis.com\/tunisie\/","name":"Kapitalis","description":"L&#039;actualit\u00e9 en Tunisie et dans le monde","publisher":{"@id":"https:\/\/kapitalis.com\/tunisie\/#organization"},"potentialAction":[{"@type":"SearchAction","target":{"@type":"EntryPoint","urlTemplate":"https:\/\/kapitalis.com\/tunisie\/?s={search_term_string}"},"query-input":{"@type":"PropertyValueSpecification","valueRequired":true,"valueName":"search_term_string"}}],"inLanguage":"fr-FR"},{"@type":"Organization","@id":"https:\/\/kapitalis.com\/tunisie\/#organization","name":"Kapitalis","url":"https:\/\/kapitalis.com\/tunisie\/","logo":{"@type":"ImageObject","inLanguage":"fr-FR","@id":"https:\/\/kapitalis.com\/tunisie\/#\/schema\/logo\/image\/","url":"https:\/\/kapitalis.com\/tunisie\/wp-content\/uploads\/2022\/05\/Kapitalis-big-size.png","contentUrl":"https:\/\/kapitalis.com\/tunisie\/wp-content\/uploads\/2022\/05\/Kapitalis-big-size.png","width":5000,"height":1500,"caption":"Kapitalis"},"image":{"@id":"https:\/\/kapitalis.com\/tunisie\/#\/schema\/logo\/image\/"},"sameAs":["https:\/\/www.facebook.com\/KapitalisInfo\/","https:\/\/x.com\/KapitalisInfo","https:\/\/www.youtube.com\/channel\/UC-yDYrHyfFBWWZaOw3FPg9Q"]},{"@type":"Person","@id":"https:\/\/kapitalis.com\/tunisie\/#\/schema\/person\/b35b8d631961131107263178aeb8019e","name":"Cherif Benyounes","url":"https:\/\/kapitalis.com\/tunisie\/author\/cherif\/"}]}},"_links":{"self":[{"href":"https:\/\/kapitalis.com\/tunisie\/wp-json\/wp\/v2\/posts\/331710","targetHints":{"allow":["GET"]}}],"collection":[{"href":"https:\/\/kapitalis.com\/tunisie\/wp-json\/wp\/v2\/posts"}],"about":[{"href":"https:\/\/kapitalis.com\/tunisie\/wp-json\/wp\/v2\/types\/post"}],"author":[{"embeddable":true,"href":"https:\/\/kapitalis.com\/tunisie\/wp-json\/wp\/v2\/users\/24"}],"replies":[{"embeddable":true,"href":"https:\/\/kapitalis.com\/tunisie\/wp-json\/wp\/v2\/comments?post=331710"}],"version-history":[{"count":0,"href":"https:\/\/kapitalis.com\/tunisie\/wp-json\/wp\/v2\/posts\/331710\/revisions"}],"wp:attachment":[{"href":"https:\/\/kapitalis.com\/tunisie\/wp-json\/wp\/v2\/media?parent=331710"}],"wp:term":[{"taxonomy":"category","embeddable":true,"href":"https:\/\/kapitalis.com\/tunisie\/wp-json\/wp\/v2\/categories?post=331710"},{"taxonomy":"post_tag","embeddable":true,"href":"https:\/\/kapitalis.com\/tunisie\/wp-json\/wp\/v2\/tags?post=331710"}],"curies":[{"name":"wp","href":"https:\/\/api.w.org\/{rel}","templated":true}]}}