{"id":331789,"date":"2021-01-12T15:20:46","date_gmt":"2021-01-12T14:20:46","guid":{"rendered":"http:\/\/kapitalis.com\/tunisie\/?p=331789"},"modified":"2021-01-12T15:20:48","modified_gmt":"2021-01-12T14:20:48","slug":"arp-la-deputee-amal-saidi-entame-a-son-tour-une-greve-de-la-faim","status":"publish","type":"post","link":"https:\/\/kapitalis.com\/tunisie\/2021\/01\/12\/arp-la-deputee-amal-saidi-entame-a-son-tour-une-greve-de-la-faim\/","title":{"rendered":"ARP : La d\u00e9put\u00e9e Amal Sa\u00efdi entame, \u00e0 son tour, une gr\u00e8ve de la faim"},"content":{"rendered":"\n<figure class=\"wp-block-image size-large\"><img decoding=\"async\" src=\"http:\/\/kapitalis.com\/tunisie\/wp-content\/uploads\/2021\/01\/amal-saidi.jpg\" alt=\"\" class=\"wp-image-331794\"\/><\/figure>\n\n\n\n<p><strong><em>Apr\u00e8s Samia Abbou et Mounira Ayari, une autre d\u00e9put\u00e9e du Courant d\u00e9mocrate (Attayar) a entam\u00e9 une gr\u00e8ve de la faim. Il s&rsquo;agit d&rsquo;Amal Sa\u00efdi, qui proteste, elle aussi, contre le refus du pr\u00e9sident de l&rsquo;Assembl\u00e9e des repr\u00e9sentants du peuple (ARP), Rached Ghannouchi, de condamner express\u00e9ment la violence physique commise par des d\u00e9put\u00e9s de la coalition Al-Karama \u00e0 l&rsquo;encontre de son coll\u00e8gue Anouar Benchahed.<\/em><\/strong><\/p>\n\n\n\n<!--more-->\n\n\n\n<p>C&rsquo;est ce que Mme Sa\u00efdi a annon\u00e9, elle-m\u00eame, ce mardi 12 janvier 2021, pr\u00e9cisant qu&rsquo;elle est en gr\u00e8ve de la faim depuis hier.<\/p>\n\n\n\n<p>Rappelons que le 7 d\u00e9cembre 2020, des d\u00e9put\u00e9s de la coalition de l&rsquo;extr\u00eame droite religieuse, Al-Karama, ont jet\u00e9 une bouteille en plastique remplie d&rsquo;eau sur la t\u00eate d&rsquo;Anouar Benchahed, lui causant ainsi une blessure au visage.<\/p>\n\n\n\n<p>Ghannouchi, leader embl\u00e9matique des islamistes en Tunisie, s&rsquo;est content\u00e9 de condamner la violence, sans citer la partie qui en est responsable, pour des raisons \u00e9videntes : il s&rsquo;agit de l&rsquo;alli\u00e9 politique de son parti, Ennahdha.<\/p>\n\n\n\n<p class=\"has-text-align-right\"><strong>C. B. Y.<\/strong><\/p>\n\n\n\n<figure class=\"wp-block-embed is-type-wp-embed is-provider-kapitalis wp-block-embed-kapitalis\"><div class=\"wp-block-embed__wrapper\">\n<blockquote class=\"wp-embedded-content\" data-secret=\"7Cv1LmcOL7\"><a href=\"https:\/\/kapitalis.com\/tunisie\/2021\/01\/11\/a-limage-de-samia-abbou-la-deputee-mounira-ayari-entame-une-greve-de-la-faim\/\">A l&rsquo;image de Samia Abbou, la d\u00e9put\u00e9e Mounira Ayari entame une gr\u00e8ve de la faim<\/a><\/blockquote><iframe loading=\"lazy\" class=\"wp-embedded-content\" sandbox=\"allow-scripts\" security=\"restricted\" style=\"position: absolute; clip: rect(1px, 1px, 1px, 1px);\" title=\"\u00ab\u00a0A l&rsquo;image de Samia Abbou, la d\u00e9put\u00e9e Mounira Ayari entame une gr\u00e8ve de la faim\u00a0\u00bb &#8212; Kapitalis\" src=\"https:\/\/kapitalis.com\/tunisie\/2021\/01\/11\/a-limage-de-samia-abbou-la-deputee-mounira-ayari-entame-une-greve-de-la-faim\/embed\/#?secret=Ab2l9MQPrx#?secret=7Cv1LmcOL7\" data-secret=\"7Cv1LmcOL7\" width=\"600\" height=\"338\" frameborder=\"0\" marginwidth=\"0\" marginheight=\"0\" scrolling=\"no\"><\/iframe>\n<\/div><\/figure>\n\n\n\n<figure class=\"wp-block-embed is-type-wp-embed is-provider-kapitalis wp-block-embed-kapitalis\"><div class=\"wp-block-embed__wrapper\">\n<blockquote class=\"wp-embedded-content\" data-secret=\"sWmYiNek8j\"><a href=\"https:\/\/kapitalis.com\/tunisie\/2021\/01\/10\/samia-abbou-en-greve-de-la-faim-jusqua-ce-que-le-president-de-lassemblee-denonce-la-violence\/\">Samia Abbou en gr\u00e8ve de la faim jusqu&rsquo;\u00e0 ce que le pr\u00e9sident de l&rsquo;Assembl\u00e9e d\u00e9nonce la violence<\/a><\/blockquote><iframe loading=\"lazy\" class=\"wp-embedded-content\" sandbox=\"allow-scripts\" security=\"restricted\" style=\"position: absolute; clip: rect(1px, 1px, 1px, 1px);\" title=\"\u00ab\u00a0Samia Abbou en gr\u00e8ve de la faim jusqu&rsquo;\u00e0 ce que le pr\u00e9sident de l&rsquo;Assembl\u00e9e d\u00e9nonce la violence\u00a0\u00bb &#8212; Kapitalis\" src=\"https:\/\/kapitalis.com\/tunisie\/2021\/01\/10\/samia-abbou-en-greve-de-la-faim-jusqua-ce-que-le-president-de-lassemblee-denonce-la-violence\/embed\/#?secret=Dxhtye1l3Q#?secret=sWmYiNek8j\" data-secret=\"sWmYiNek8j\" width=\"600\" height=\"338\" frameborder=\"0\" marginwidth=\"0\" marginheight=\"0\" scrolling=\"no\"><\/iframe>\n<\/div><\/figure>\n","protected":false},"excerpt":{"rendered":"<p>Apr\u00e8s Samia Abbou et Mounira Ayari, une autre d\u00e9put\u00e9e du Courant d\u00e9mocrate (Attayar) a entam\u00e9 une gr\u00e8ve de la faim. Il s&rsquo;agit d&rsquo;Amal Sa\u00efdi, qui proteste, elle aussi, contre le refus du pr\u00e9sident de l&rsquo;Assembl\u00e9e des repr\u00e9sentants du peuple (ARP), Rached Ghannouchi, de condamner express\u00e9ment la violence physique commise par des d\u00e9put\u00e9s de la coalition&#8230;<\/p>\n","protected":false},"author":24,"featured_media":331794,"comment_status":"open","ping_status":"open","sticky":false,"template":"","format":"standard","meta":{"footnotes":""},"categories":[997,2433],"tags":[76464,85398,85676,15519,67134,49543,86473,758,805],"class_list":["post-331789","post","type-post","status-publish","format-standard","has-post-thumbnail","hentry","category-politique","category-tunisie","tag-al-karama-2","tag-amal-saidi","tag-anouar-benchahed","tag-attayar","tag-courant-democrate","tag-ennahdha","tag-mounira-ayarai","tag-rached-ghannouchi","tag-samia-abbou"],"yoast_head":"<!-- This site is optimized with the Yoast SEO plugin v26.6 - https:\/\/yoast.com\/wordpress\/plugins\/seo\/ -->\n<title>ARP : La d\u00e9put\u00e9e Amal Sa\u00efdi entame, \u00e0 son tour, une gr\u00e8ve de la faim - Kapitalis<\/title>\n<meta name=\"robots\" content=\"index, follow, max-snippet:-1, max-image-preview:large, max-video-preview:-1\" \/>\n<link rel=\"canonical\" href=\"https:\/\/kapitalis.com\/tunisie\/2021\/01\/12\/arp-la-deputee-amal-saidi-entame-a-son-tour-une-greve-de-la-faim\/\" \/>\n<meta property=\"og:locale\" content=\"fr_FR\" \/>\n<meta property=\"og:type\" content=\"article\" \/>\n<meta property=\"og:title\" content=\"ARP : La d\u00e9put\u00e9e Amal Sa\u00efdi entame, \u00e0 son tour, une gr\u00e8ve de la faim - Kapitalis\" \/>\n<meta property=\"og:description\" content=\"Apr\u00e8s Samia Abbou et Mounira Ayari, une autre d\u00e9put\u00e9e du Courant d\u00e9mocrate (Attayar) a entam\u00e9 une gr\u00e8ve de la faim. Il s&rsquo;agit d&rsquo;Amal Sa\u00efdi, qui proteste, elle aussi, contre le refus du pr\u00e9sident de l&rsquo;Assembl\u00e9e des repr\u00e9sentants du peuple (ARP), Rached Ghannouchi, de condamner express\u00e9ment la violence physique commise par des d\u00e9put\u00e9s de la coalition...\" \/>\n<meta property=\"og:url\" content=\"https:\/\/kapitalis.com\/tunisie\/2021\/01\/12\/arp-la-deputee-amal-saidi-entame-a-son-tour-une-greve-de-la-faim\/\" \/>\n<meta property=\"og:site_name\" content=\"Kapitalis\" \/>\n<meta property=\"article:publisher\" content=\"https:\/\/www.facebook.com\/KapitalisInfo\/\" \/>\n<meta property=\"article:published_time\" content=\"2021-01-12T14:20:46+00:00\" \/>\n<meta property=\"article:modified_time\" content=\"2021-01-12T14:20:48+00:00\" \/>\n<meta property=\"og:image\" content=\"https:\/\/kapitalis.com\/tunisie\/wp-content\/uploads\/2022\/05\/kapitalis-logo-fb.png\" \/>\n\t<meta property=\"og:image:width\" content=\"1200\" \/>\n\t<meta property=\"og:image:height\" content=\"630\" \/>\n\t<meta property=\"og:image:type\" content=\"image\/png\" \/>\n<meta name=\"author\" content=\"Cherif Benyounes\" \/>\n<meta name=\"twitter:card\" content=\"summary_large_image\" \/>\n<meta name=\"twitter:creator\" content=\"@KapitalisInfo\" \/>\n<meta name=\"twitter:site\" content=\"@KapitalisInfo\" \/>\n<meta name=\"twitter:label1\" content=\"\u00c9crit par\" \/>\n\t<meta name=\"twitter:data1\" content=\"Cherif Benyounes\" \/>\n\t<meta name=\"twitter:label2\" content=\"Dur\u00e9e de lecture estim\u00e9e\" \/>\n\t<meta name=\"twitter:data2\" content=\"1 minute\" \/>\n<script type=\"application\/ld+json\" class=\"yoast-schema-graph\">{\"@context\":\"https:\/\/schema.org\",\"@graph\":[{\"@type\":\"Article\",\"@id\":\"https:\/\/kapitalis.com\/tunisie\/2021\/01\/12\/arp-la-deputee-amal-saidi-entame-a-son-tour-une-greve-de-la-faim\/#article\",\"isPartOf\":{\"@id\":\"https:\/\/kapitalis.com\/tunisie\/2021\/01\/12\/arp-la-deputee-amal-saidi-entame-a-son-tour-une-greve-de-la-faim\/\"},\"author\":{\"name\":\"Cherif Benyounes\",\"@id\":\"https:\/\/kapitalis.com\/tunisie\/#\/schema\/person\/b35b8d631961131107263178aeb8019e\"},\"headline\":\"ARP : La d\u00e9put\u00e9e Amal Sa\u00efdi entame, \u00e0 son tour, une gr\u00e8ve de la faim\",\"datePublished\":\"2021-01-12T14:20:46+00:00\",\"dateModified\":\"2021-01-12T14:20:48+00:00\",\"mainEntityOfPage\":{\"@id\":\"https:\/\/kapitalis.com\/tunisie\/2021\/01\/12\/arp-la-deputee-amal-saidi-entame-a-son-tour-une-greve-de-la-faim\/\"},\"wordCount\":204,\"commentCount\":2,\"publisher\":{\"@id\":\"https:\/\/kapitalis.com\/tunisie\/#organization\"},\"image\":{\"@id\":\"https:\/\/kapitalis.com\/tunisie\/2021\/01\/12\/arp-la-deputee-amal-saidi-entame-a-son-tour-une-greve-de-la-faim\/#primaryimage\"},\"thumbnailUrl\":\"\",\"keywords\":[\"Al-Karama\",\"Amal Sa\u00efdi\",\"Anouar Benchahed\",\"Attayar\",\"Courant d\u00e9mocrate\",\"Ennahdha\",\"Mounira Ayarai\",\"Rached Ghannouchi\",\"Samia Abbou\"],\"articleSection\":[\"POLITIQUE\",\"Tunisie\"],\"inLanguage\":\"fr-FR\",\"potentialAction\":[{\"@type\":\"CommentAction\",\"name\":\"Comment\",\"target\":[\"https:\/\/kapitalis.com\/tunisie\/2021\/01\/12\/arp-la-deputee-amal-saidi-entame-a-son-tour-une-greve-de-la-faim\/#respond\"]}]},{\"@type\":\"WebPage\",\"@id\":\"https:\/\/kapitalis.com\/tunisie\/2021\/01\/12\/arp-la-deputee-amal-saidi-entame-a-son-tour-une-greve-de-la-faim\/\",\"url\":\"https:\/\/kapitalis.com\/tunisie\/2021\/01\/12\/arp-la-deputee-amal-saidi-entame-a-son-tour-une-greve-de-la-faim\/\",\"name\":\"ARP : La d\u00e9put\u00e9e Amal Sa\u00efdi entame, \u00e0 son tour, une gr\u00e8ve de la faim - Kapitalis\",\"isPartOf\":{\"@id\":\"https:\/\/kapitalis.com\/tunisie\/#website\"},\"primaryImageOfPage\":{\"@id\":\"https:\/\/kapitalis.com\/tunisie\/2021\/01\/12\/arp-la-deputee-amal-saidi-entame-a-son-tour-une-greve-de-la-faim\/#primaryimage\"},\"image\":{\"@id\":\"https:\/\/kapitalis.com\/tunisie\/2021\/01\/12\/arp-la-deputee-amal-saidi-entame-a-son-tour-une-greve-de-la-faim\/#primaryimage\"},\"thumbnailUrl\":\"\",\"datePublished\":\"2021-01-12T14:20:46+00:00\",\"dateModified\":\"2021-01-12T14:20:48+00:00\",\"breadcrumb\":{\"@id\":\"https:\/\/kapitalis.com\/tunisie\/2021\/01\/12\/arp-la-deputee-amal-saidi-entame-a-son-tour-une-greve-de-la-faim\/#breadcrumb\"},\"inLanguage\":\"fr-FR\",\"potentialAction\":[{\"@type\":\"ReadAction\",\"target\":[\"https:\/\/kapitalis.com\/tunisie\/2021\/01\/12\/arp-la-deputee-amal-saidi-entame-a-son-tour-une-greve-de-la-faim\/\"]}]},{\"@type\":\"ImageObject\",\"inLanguage\":\"fr-FR\",\"@id\":\"https:\/\/kapitalis.com\/tunisie\/2021\/01\/12\/arp-la-deputee-amal-saidi-entame-a-son-tour-une-greve-de-la-faim\/#primaryimage\",\"url\":\"\",\"contentUrl\":\"\"},{\"@type\":\"BreadcrumbList\",\"@id\":\"https:\/\/kapitalis.com\/tunisie\/2021\/01\/12\/arp-la-deputee-amal-saidi-entame-a-son-tour-une-greve-de-la-faim\/#breadcrumb\",\"itemListElement\":[{\"@type\":\"ListItem\",\"position\":1,\"name\":\"Accueil\",\"item\":\"https:\/\/kapitalis.com\/tunisie\/\"},{\"@type\":\"ListItem\",\"position\":2,\"name\":\"ARP : La d\u00e9put\u00e9e Amal Sa\u00efdi entame, \u00e0 son tour, une gr\u00e8ve de la faim\"}]},{\"@type\":\"WebSite\",\"@id\":\"https:\/\/kapitalis.com\/tunisie\/#website\",\"url\":\"https:\/\/kapitalis.com\/tunisie\/\",\"name\":\"Kapitalis\",\"description\":\"L&#039;actualit\u00e9 en Tunisie et dans le monde\",\"publisher\":{\"@id\":\"https:\/\/kapitalis.com\/tunisie\/#organization\"},\"potentialAction\":[{\"@type\":\"SearchAction\",\"target\":{\"@type\":\"EntryPoint\",\"urlTemplate\":\"https:\/\/kapitalis.com\/tunisie\/?s={search_term_string}\"},\"query-input\":{\"@type\":\"PropertyValueSpecification\",\"valueRequired\":true,\"valueName\":\"search_term_string\"}}],\"inLanguage\":\"fr-FR\"},{\"@type\":\"Organization\",\"@id\":\"https:\/\/kapitalis.com\/tunisie\/#organization\",\"name\":\"Kapitalis\",\"url\":\"https:\/\/kapitalis.com\/tunisie\/\",\"logo\":{\"@type\":\"ImageObject\",\"inLanguage\":\"fr-FR\",\"@id\":\"https:\/\/kapitalis.com\/tunisie\/#\/schema\/logo\/image\/\",\"url\":\"https:\/\/kapitalis.com\/tunisie\/wp-content\/uploads\/2022\/05\/Kapitalis-big-size.png\",\"contentUrl\":\"https:\/\/kapitalis.com\/tunisie\/wp-content\/uploads\/2022\/05\/Kapitalis-big-size.png\",\"width\":5000,\"height\":1500,\"caption\":\"Kapitalis\"},\"image\":{\"@id\":\"https:\/\/kapitalis.com\/tunisie\/#\/schema\/logo\/image\/\"},\"sameAs\":[\"https:\/\/www.facebook.com\/KapitalisInfo\/\",\"https:\/\/x.com\/KapitalisInfo\",\"https:\/\/www.youtube.com\/channel\/UC-yDYrHyfFBWWZaOw3FPg9Q\"]},{\"@type\":\"Person\",\"@id\":\"https:\/\/kapitalis.com\/tunisie\/#\/schema\/person\/b35b8d631961131107263178aeb8019e\",\"name\":\"Cherif Benyounes\",\"url\":\"https:\/\/kapitalis.com\/tunisie\/author\/cherif\/\"}]}<\/script>\n<!-- \/ Yoast SEO plugin. -->","yoast_head_json":{"title":"ARP : La d\u00e9put\u00e9e Amal Sa\u00efdi entame, \u00e0 son tour, une gr\u00e8ve de la faim - Kapitalis","robots":{"index":"index","follow":"follow","max-snippet":"max-snippet:-1","max-image-preview":"max-image-preview:large","max-video-preview":"max-video-preview:-1"},"canonical":"https:\/\/kapitalis.com\/tunisie\/2021\/01\/12\/arp-la-deputee-amal-saidi-entame-a-son-tour-une-greve-de-la-faim\/","og_locale":"fr_FR","og_type":"article","og_title":"ARP : La d\u00e9put\u00e9e Amal Sa\u00efdi entame, \u00e0 son tour, une gr\u00e8ve de la faim - Kapitalis","og_description":"Apr\u00e8s Samia Abbou et Mounira Ayari, une autre d\u00e9put\u00e9e du Courant d\u00e9mocrate (Attayar) a entam\u00e9 une gr\u00e8ve de la faim. Il s&rsquo;agit d&rsquo;Amal Sa\u00efdi, qui proteste, elle aussi, contre le refus du pr\u00e9sident de l&rsquo;Assembl\u00e9e des repr\u00e9sentants du peuple (ARP), Rached Ghannouchi, de condamner express\u00e9ment la violence physique commise par des d\u00e9put\u00e9s de la coalition...","og_url":"https:\/\/kapitalis.com\/tunisie\/2021\/01\/12\/arp-la-deputee-amal-saidi-entame-a-son-tour-une-greve-de-la-faim\/","og_site_name":"Kapitalis","article_publisher":"https:\/\/www.facebook.com\/KapitalisInfo\/","article_published_time":"2021-01-12T14:20:46+00:00","article_modified_time":"2021-01-12T14:20:48+00:00","og_image":[{"width":1200,"height":630,"url":"https:\/\/kapitalis.com\/tunisie\/wp-content\/uploads\/2022\/05\/kapitalis-logo-fb.png","type":"image\/png"}],"author":"Cherif Benyounes","twitter_card":"summary_large_image","twitter_creator":"@KapitalisInfo","twitter_site":"@KapitalisInfo","twitter_misc":{"\u00c9crit par":"Cherif Benyounes","Dur\u00e9e de lecture estim\u00e9e":"1 minute"},"schema":{"@context":"https:\/\/schema.org","@graph":[{"@type":"Article","@id":"https:\/\/kapitalis.com\/tunisie\/2021\/01\/12\/arp-la-deputee-amal-saidi-entame-a-son-tour-une-greve-de-la-faim\/#article","isPartOf":{"@id":"https:\/\/kapitalis.com\/tunisie\/2021\/01\/12\/arp-la-deputee-amal-saidi-entame-a-son-tour-une-greve-de-la-faim\/"},"author":{"name":"Cherif Benyounes","@id":"https:\/\/kapitalis.com\/tunisie\/#\/schema\/person\/b35b8d631961131107263178aeb8019e"},"headline":"ARP : La d\u00e9put\u00e9e Amal Sa\u00efdi entame, \u00e0 son tour, une gr\u00e8ve de la faim","datePublished":"2021-01-12T14:20:46+00:00","dateModified":"2021-01-12T14:20:48+00:00","mainEntityOfPage":{"@id":"https:\/\/kapitalis.com\/tunisie\/2021\/01\/12\/arp-la-deputee-amal-saidi-entame-a-son-tour-une-greve-de-la-faim\/"},"wordCount":204,"commentCount":2,"publisher":{"@id":"https:\/\/kapitalis.com\/tunisie\/#organization"},"image":{"@id":"https:\/\/kapitalis.com\/tunisie\/2021\/01\/12\/arp-la-deputee-amal-saidi-entame-a-son-tour-une-greve-de-la-faim\/#primaryimage"},"thumbnailUrl":"","keywords":["Al-Karama","Amal Sa\u00efdi","Anouar Benchahed","Attayar","Courant d\u00e9mocrate","Ennahdha","Mounira Ayarai","Rached Ghannouchi","Samia Abbou"],"articleSection":["POLITIQUE","Tunisie"],"inLanguage":"fr-FR","potentialAction":[{"@type":"CommentAction","name":"Comment","target":["https:\/\/kapitalis.com\/tunisie\/2021\/01\/12\/arp-la-deputee-amal-saidi-entame-a-son-tour-une-greve-de-la-faim\/#respond"]}]},{"@type":"WebPage","@id":"https:\/\/kapitalis.com\/tunisie\/2021\/01\/12\/arp-la-deputee-amal-saidi-entame-a-son-tour-une-greve-de-la-faim\/","url":"https:\/\/kapitalis.com\/tunisie\/2021\/01\/12\/arp-la-deputee-amal-saidi-entame-a-son-tour-une-greve-de-la-faim\/","name":"ARP : La d\u00e9put\u00e9e Amal Sa\u00efdi entame, \u00e0 son tour, une gr\u00e8ve de la faim - Kapitalis","isPartOf":{"@id":"https:\/\/kapitalis.com\/tunisie\/#website"},"primaryImageOfPage":{"@id":"https:\/\/kapitalis.com\/tunisie\/2021\/01\/12\/arp-la-deputee-amal-saidi-entame-a-son-tour-une-greve-de-la-faim\/#primaryimage"},"image":{"@id":"https:\/\/kapitalis.com\/tunisie\/2021\/01\/12\/arp-la-deputee-amal-saidi-entame-a-son-tour-une-greve-de-la-faim\/#primaryimage"},"thumbnailUrl":"","datePublished":"2021-01-12T14:20:46+00:00","dateModified":"2021-01-12T14:20:48+00:00","breadcrumb":{"@id":"https:\/\/kapitalis.com\/tunisie\/2021\/01\/12\/arp-la-deputee-amal-saidi-entame-a-son-tour-une-greve-de-la-faim\/#breadcrumb"},"inLanguage":"fr-FR","potentialAction":[{"@type":"ReadAction","target":["https:\/\/kapitalis.com\/tunisie\/2021\/01\/12\/arp-la-deputee-amal-saidi-entame-a-son-tour-une-greve-de-la-faim\/"]}]},{"@type":"ImageObject","inLanguage":"fr-FR","@id":"https:\/\/kapitalis.com\/tunisie\/2021\/01\/12\/arp-la-deputee-amal-saidi-entame-a-son-tour-une-greve-de-la-faim\/#primaryimage","url":"","contentUrl":""},{"@type":"BreadcrumbList","@id":"https:\/\/kapitalis.com\/tunisie\/2021\/01\/12\/arp-la-deputee-amal-saidi-entame-a-son-tour-une-greve-de-la-faim\/#breadcrumb","itemListElement":[{"@type":"ListItem","position":1,"name":"Accueil","item":"https:\/\/kapitalis.com\/tunisie\/"},{"@type":"ListItem","position":2,"name":"ARP : La d\u00e9put\u00e9e Amal Sa\u00efdi entame, \u00e0 son tour, une gr\u00e8ve de la faim"}]},{"@type":"WebSite","@id":"https:\/\/kapitalis.com\/tunisie\/#website","url":"https:\/\/kapitalis.com\/tunisie\/","name":"Kapitalis","description":"L&#039;actualit\u00e9 en Tunisie et dans le monde","publisher":{"@id":"https:\/\/kapitalis.com\/tunisie\/#organization"},"potentialAction":[{"@type":"SearchAction","target":{"@type":"EntryPoint","urlTemplate":"https:\/\/kapitalis.com\/tunisie\/?s={search_term_string}"},"query-input":{"@type":"PropertyValueSpecification","valueRequired":true,"valueName":"search_term_string"}}],"inLanguage":"fr-FR"},{"@type":"Organization","@id":"https:\/\/kapitalis.com\/tunisie\/#organization","name":"Kapitalis","url":"https:\/\/kapitalis.com\/tunisie\/","logo":{"@type":"ImageObject","inLanguage":"fr-FR","@id":"https:\/\/kapitalis.com\/tunisie\/#\/schema\/logo\/image\/","url":"https:\/\/kapitalis.com\/tunisie\/wp-content\/uploads\/2022\/05\/Kapitalis-big-size.png","contentUrl":"https:\/\/kapitalis.com\/tunisie\/wp-content\/uploads\/2022\/05\/Kapitalis-big-size.png","width":5000,"height":1500,"caption":"Kapitalis"},"image":{"@id":"https:\/\/kapitalis.com\/tunisie\/#\/schema\/logo\/image\/"},"sameAs":["https:\/\/www.facebook.com\/KapitalisInfo\/","https:\/\/x.com\/KapitalisInfo","https:\/\/www.youtube.com\/channel\/UC-yDYrHyfFBWWZaOw3FPg9Q"]},{"@type":"Person","@id":"https:\/\/kapitalis.com\/tunisie\/#\/schema\/person\/b35b8d631961131107263178aeb8019e","name":"Cherif Benyounes","url":"https:\/\/kapitalis.com\/tunisie\/author\/cherif\/"}]}},"_links":{"self":[{"href":"https:\/\/kapitalis.com\/tunisie\/wp-json\/wp\/v2\/posts\/331789","targetHints":{"allow":["GET"]}}],"collection":[{"href":"https:\/\/kapitalis.com\/tunisie\/wp-json\/wp\/v2\/posts"}],"about":[{"href":"https:\/\/kapitalis.com\/tunisie\/wp-json\/wp\/v2\/types\/post"}],"author":[{"embeddable":true,"href":"https:\/\/kapitalis.com\/tunisie\/wp-json\/wp\/v2\/users\/24"}],"replies":[{"embeddable":true,"href":"https:\/\/kapitalis.com\/tunisie\/wp-json\/wp\/v2\/comments?post=331789"}],"version-history":[{"count":0,"href":"https:\/\/kapitalis.com\/tunisie\/wp-json\/wp\/v2\/posts\/331789\/revisions"}],"wp:featuredmedia":[{"embeddable":true,"href":"https:\/\/kapitalis.com\/tunisie\/wp-json\/wp\/v2\/media\/331794"}],"wp:attachment":[{"href":"https:\/\/kapitalis.com\/tunisie\/wp-json\/wp\/v2\/media?parent=331789"}],"wp:term":[{"taxonomy":"category","embeddable":true,"href":"https:\/\/kapitalis.com\/tunisie\/wp-json\/wp\/v2\/categories?post=331789"},{"taxonomy":"post_tag","embeddable":true,"href":"https:\/\/kapitalis.com\/tunisie\/wp-json\/wp\/v2\/tags?post=331789"}],"curies":[{"name":"wp","href":"https:\/\/api.w.org\/{rel}","templated":true}]}}