{"id":3318519,"date":"2022-08-22T08:19:17","date_gmt":"2022-08-22T07:19:17","guid":{"rendered":"https:\/\/kapitalis.com\/tunisie\/?p=3318519"},"modified":"2022-08-22T08:19:19","modified_gmt":"2022-08-22T07:19:19","slug":"reactions-en-afrique-a-lintervention-russe-en-ukraine","status":"publish","type":"post","link":"https:\/\/kapitalis.com\/tunisie\/2022\/08\/22\/reactions-en-afrique-a-lintervention-russe-en-ukraine\/","title":{"rendered":"R\u00e9actions en Afrique \u00e0 l&rsquo;intervention russe en Ukraine"},"content":{"rendered":"\n<p><strong><em>Les peuples africains ont int\u00e9r\u00eat \u00e0 ne pas reproduire le r\u00e9flexe de \u00abl\u2019ennemi de mon ennemi est mon ami\u00bb et \u00e0 se montrer solidaires avec tous les peuples victimes d\u2019agressions, quels que soient les agresseurs et quelles que soient leurs victimes.<\/em><\/strong><\/p>\n\n\n\n<p>Par <strong>Mohamed Cherif Ferjani<\/strong> *<\/p>\n\n\n\n<!--more-->\n\n\n<div class=\"wp-block-image\">\n<figure class=\"alignleft size-full\"><img decoding=\"async\" src=\"http:\/\/kapitalis.com\/tunisie\/wp-content\/uploads\/2020\/10\/Mohamed-Cherif-Ferjani.jpg\" alt=\"\" class=\"wp-image-321363\"\/><\/figure>\n<\/div>\n\n\n<p>Par rapport \u00e0 l\u2019intervention russe en Ukraine, les Africains sont partag\u00e9s\u00a0: d\u2019une part, ils sont sous les cons\u00e9quences de cette guerre du point de vue de la p\u00e9nurie des produits de premi\u00e8re n\u00e9cessit\u00e9 que leurs pays importaient de l\u2019Ukraine et de la Russie; d\u2019autre part ils ne comprennent pas pourquoi les pays de l\u2019Otan, et plus particuli\u00e8rement les Etats-Unis et les pays europ\u00e9ens, dont la France, se mobilisent tant contre l\u2019intervention russe dans ce pays alors qu\u2019ils ont ferm\u00e9 et ferment les yeux sur d\u2019autres interventions dans d\u2019autres pays.<\/p>\n\n\n\n<p>Les Etats Unis sont intervenus eux-m\u00eames en Irak, en Afghanistan, en Libye, en Syrie et dans bien d\u2019autres pays, la France en Libye, au Mali, et dans d\u2019autres pays, la Turquie au Nord de la Syrie, l\u2019Arabie saoudite et les Emirats au Y\u00e9men, sans parler de l\u2019impunit\u00e9 assur\u00e9e \u00e0 Isra\u00ebl malgr\u00e9 ses agressions permanentes contre les Palestiniens et ses pays voisins; la Russie elle-m\u00eame \u00e9tait intervenue en G\u00e9orgie (1991-1993) et en Oss\u00e9tie (en 1992 et en 2008), au Tadjikistan (1992-1997), en Tch\u00e9tch\u00e9nie (1999-2009), dans le Caucase (1992-1997), en Crim\u00e9e et dans le Donbass depuis 2014, en Syrie, en Libye, dans plusieurs pays africains, directement ou par le biais du Groupe Wagner depuis sa cr\u00e9ation en 2013, etc. <\/p>\n\n\n\n<p>Pourquoi cette logique de deux poids deux mesures\u00a0?<\/p>\n\n\n\n<h2 class=\"wp-block-heading\">D\u00e9ceptions \u00e0 l\u2019\u00e9gard des puissances occidentales<\/h2>\n\n\n\n<p>Les Africains ne peuvent pas s\u2019emp\u00eacher de voir l\u00e0 une solidarit\u00e9 inh\u00e9rente aux liens culturels et religieux liant l\u2019Ukraine aux pays europ\u00e9ens et \u00e0 l\u2019Am\u00e9rique du Nord.<\/p>\n\n\n\n<figure class=\"wp-block-embed is-type-wp-embed is-provider-kapitalis wp-block-embed-kapitalis\"><div class=\"wp-block-embed__wrapper\">\n<blockquote class=\"wp-embedded-content\" data-secret=\"QERiB4j969\"><a href=\"https:\/\/kapitalis.com\/tunisie\/2022\/05\/10\/ukraine-russie-y-a-t-il-des-limites-a-lelargissement-de-lotan\/\">Ukraine-Russie : Y a-t-il des limites \u00e0 l\u2019\u00e9largissement de l&rsquo;Otan ?<\/a><\/blockquote><iframe loading=\"lazy\" class=\"wp-embedded-content\" sandbox=\"allow-scripts\" security=\"restricted\" style=\"position: absolute; clip: rect(1px, 1px, 1px, 1px);\" title=\"\u00ab\u00a0Ukraine-Russie : Y a-t-il des limites \u00e0 l\u2019\u00e9largissement de l&rsquo;Otan ?\u00a0\u00bb &#8212; Kapitalis\" src=\"https:\/\/kapitalis.com\/tunisie\/2022\/05\/10\/ukraine-russie-y-a-t-il-des-limites-a-lelargissement-de-lotan\/embed\/#?secret=XKN2KRM6wY#?secret=QERiB4j969\" data-secret=\"QERiB4j969\" width=\"600\" height=\"338\" frameborder=\"0\" marginwidth=\"0\" marginheight=\"0\" scrolling=\"no\"><\/iframe>\n<\/div><\/figure>\n\n\n\n<p>Ils ne peuvent pas non plus ne pas penser \u00e0 la volont\u00e9 de l\u2019Otan d\u2019\u00e9tendre ses bases dans des pays appartenant auparavant au Pacte de Varsovie.<\/p>\n\n\n\n<p>Ils ne sont pas loin de partager sur cette question le point de vue de la Russie qui se dit menac\u00e9e par l\u2019Otan qui n\u2019a pas tenu ses promesses \u00e0 Gorbatchev, en 1989, concernant la non-int\u00e9gration des anciens pays du Pacte de Varsovie \u00e0 l\u2019Otan, alliance qui a perdu sa raison d\u2019\u00eatre avec la fin du Pacte de Varsovie.<\/p>\n\n\n\n<p>Par ailleurs, la sympathie \u00e0 l\u2019\u00e9gard de la Russie, mais aussi \u00e0 l\u2019\u00e9gard de la Chine, se nourrit des d\u00e9ceptions \u00e0 l\u2019\u00e9gard des Etats-Unis, de la France, de l\u2019Europe, en raison de leur pass\u00e9 colonial et esclavagiste, des politiques de soutien aux dictatures en place dans beaucoup de pays africains, des catastrophes cons\u00e9cutives \u00e0 leurs interventions sous couvert de lutte contre le terrorisme, d\u2019aide au d\u00e9veloppement et de promotion de la d\u00e9mocratie et des droits humains.<\/p>\n\n\n\n<h2 class=\"wp-block-heading\">Haro sur les politiques n\u00e9olib\u00e9rales<\/h2>\n\n\n\n<p>Les Africains n\u2019ont pas tort de voir la main des Etats-Unis et de l\u2019Europe derri\u00e8re les politiques n\u00e9olib\u00e9rales impos\u00e9es \u00e0 leurs pays par le FMI, la Banque Mondiale, les institutions financi\u00e8res internationales et l\u2019OMC, au nom du n\u00e9cessaire r\u00e9ajustement structurel, de la v\u00e9rit\u00e9 des prix, de l\u2019ouverture sur le\u00a0march\u00e9 international, de la libre circulation des capitaux et des marchandises, du d\u00e9sengagement \u00e9conomique et social de l\u2019Etat; politiques qui ont aggrav\u00e9 les in\u00e9galit\u00e9s entre le Nord et le Sud et dans chaque pays, condamn\u00e9 \u00e0 la faim et \u00e0 la mis\u00e8re des millions d\u2019Africains, ferm\u00e9 la porte devant l\u2019int\u00e9gration des jeunes et des moins jeunes qui se voient condamn\u00e9s \u00e0 tenter l\u2019\u00e9migration vers les pays riches du Nord ou, \u00e0 d\u00e9faut, \u00e0 rejoindre les groupes arm\u00e9s, les mouvements jihadistes comme Boko Haram, l\u2019Etat islamique du Grand Sahara ou d\u2019autres groupes jouant sur la mobilisation des solidarit\u00e9s religieuses, ethniques, tribales, territoriales, non sans recourir aux trafics de toute sorte.<\/p>\n\n\n\n<p>D\u00e9chantant des promesses de d\u00e9veloppement, de d\u00e9mocratie, de libert\u00e9 et des promesses de progr\u00e8s social, jeunes et moins jeunes deviennent des candidats \u00e0 la mort sur le chemin de l\u2019exil \u00e0 travers le Sahara et dans les eaux de la M\u00e9diterran\u00e9e, ou en rejoignant les groupes arm\u00e9es du jihad, des guerres ethnico-tribales et des r\u00e9seaux de trafic de tout genre (contrebande, drogue, vente d\u2019\u00eatres humains comme esclaves, etc.)<\/p>\n\n\n\n<figure class=\"wp-block-embed is-type-wp-embed is-provider-kapitalis wp-block-embed-kapitalis\"><div class=\"wp-block-embed__wrapper\">\n<blockquote class=\"wp-embedded-content\" data-secret=\"Ab5eXwJ3Bu\"><a href=\"https:\/\/kapitalis.com\/tunisie\/2022\/05\/09\/guerre-en-ukraine-la-geometrie-variable-des-crimes-de-guerre-chez-les-occidentaux\/\">Guerre en Ukraine\u00a0: la g\u00e9om\u00e9trie variable des crimes de guerre chez les Occidentaux<\/a><\/blockquote><iframe loading=\"lazy\" class=\"wp-embedded-content\" sandbox=\"allow-scripts\" security=\"restricted\" style=\"position: absolute; clip: rect(1px, 1px, 1px, 1px);\" title=\"\u00ab\u00a0Guerre en Ukraine\u00a0: la g\u00e9om\u00e9trie variable des crimes de guerre chez les Occidentaux\u00a0\u00bb &#8212; Kapitalis\" src=\"https:\/\/kapitalis.com\/tunisie\/2022\/05\/09\/guerre-en-ukraine-la-geometrie-variable-des-crimes-de-guerre-chez-les-occidentaux\/embed\/#?secret=op2wySe1Wq#?secret=Ab5eXwJ3Bu\" data-secret=\"Ab5eXwJ3Bu\" width=\"600\" height=\"338\" frameborder=\"0\" marginwidth=\"0\" marginheight=\"0\" scrolling=\"no\"><\/iframe>\n<\/div><\/figure>\n\n\n\n<p>Pour une grande partie des Africains, la Russie de Poutine, la Chine, voire la Turquie ou l\u2019Iran, sont des <em>\u00aballi\u00e9s\u00bb<\/em> pour prendre leur revanche sur le colonialisme, la traite des esclaves, et les nouveaux visages de l\u2019exploitation et de l\u2019oppression incarn\u00e9s par la France, l\u2019Europe, les Etats-Unis et leurs alli\u00e9s.<\/p>\n\n\n\n<h2 class=\"wp-block-heading\">Solidarit\u00e9 avec tous les peuples victimes d\u2019agressions<\/h2>\n\n\n\n<p>C\u2019est pourquoi, sans chercher \u00e0 comprendre les raisons qui ont pouss\u00e9 la Russie \u00e0 intervenir en Ukraine, ils lui donnent raison rien que parce que l\u2019Europe et les Etats-Unis ont vol\u00e9 au secours de l\u2019Ukraine, sans se soucier du droit du peuple ukrainien \u00e0 se d\u00e9fendre contre l\u2019agression de son puissant voisin.<\/p>\n\n\n\n<p>Ils ne cherchent pas non plus \u00e0 faire le lien entre l\u2019intervention russe en Ukraine et d\u2019autres interventions dans d\u2019autres pays ou r\u00e9gions du monde qu\u2019ils d\u00e9noncent sans probl\u00e8me. On reproduit le r\u00e9flexe de <em>\u00abl\u2019ennemi de mon ennemi est mon ami\u00bb<\/em>; on applaudit les coups d\u2019Etats des juntes qui font appel au soutien du Groupe Wagner et de la Russie ou de la Chine ou d\u2019autres pays pr\u00eats \u00e0 prendre la place de leurs rivaux&#8230; jusqu\u2019au jour o\u00f9 les nouvelles juntes au pouvoir et leurs soutiens \u00e9trangers se trouveront confront\u00e9s \u00e0 de nouvelles \u00e9meutes de la faim, de nouvelles explosions de d\u00e9sespoir, ou nez-\u00e0-nez avec les groupes jihadistes et groupes arm\u00e9s de toute sorte qui surfent sur la col\u00e8re des populations \u00e0 nouveau oubli\u00e9es, comme on&nbsp; commence \u00e0 le voir au Mali, o\u00f9 l\u2019Etat Islamique au Grand Sahara a profit\u00e9 du vide laiss\u00e9 par le d\u00e9part des derniers soldats fran\u00e7ais engag\u00e9s dans l\u2019op\u00e9ration Berkane pour prendre pied dans la r\u00e9gion de Gao et M\u00e9naka, pr\u00e8s de la fronti\u00e8re avec le Niger.<\/p>\n\n\n\n<p>Les peuples africains ont int\u00e9r\u00eat \u00e0 se montrer solidaires avec tous les peuples victimes d\u2019agressions, quels que soient les agresseurs et quelles que soient leurs victimes.<\/p>\n\n\n\n<p>L\u2019histoire a montr\u00e9 qu\u2019il ne faut pas faire confiance \u00e0 des puissances qui n\u2019ont aucun scrupule \u00e0 dominer d\u2019autres pays et qui ne cherchent qu\u2019\u00e0 supplanter leurs rivaux pour conqu\u00e9rir des march\u00e9s, piller les richesses, s\u2019assurer des positions strat\u00e9giques, sans se soucier du sort des populations des pays qu\u2019elles dominent.<\/p>\n\n\n\n<p>* <em>Professeur honoraire de l\u2019Universit\u00e9 Lyon2, pr\u00e9sident du Haut conseil scientifique du Timbuktu Institute for Peace Studies, Observatoire des radicalit\u00e9s en Afrique.<\/em><\/p>\n","protected":false},"excerpt":{"rendered":"<p>Les Africains doivent se montrer solidaires avec tous les peuples victimes d\u2019agressions, quels que soient les agresseurs et quelles que soient leurs victimes.<\/p>\n","protected":false},"author":8,"featured_media":608804,"comment_status":"open","ping_status":"open","sticky":false,"template":"","format":"standard","meta":{"footnotes":""},"categories":[992,997,1000,2433],"tags":[3016,75918,388,395,89897,685,102202,796,6842],"class_list":["post-3318519","post","type-post","status-publish","format-standard","has-post-thumbnail","hentry","category-a-la-une","category-politique","category-tribune","category-tunisie","tag-chine","tag-etats-unis-2","tag-fmi","tag-france","tag-mohamed-cherif-ferjani-3","tag-otan","tag-politiques-neoliberales","tag-russie","tag-ukraine"],"yoast_head":"<!-- This site is optimized with the Yoast SEO plugin v26.6 - https:\/\/yoast.com\/wordpress\/plugins\/seo\/ -->\n<title>R\u00e9actions en Afrique \u00e0 l&#039;intervention russe en Ukraine - Kapitalis<\/title>\n<meta name=\"robots\" content=\"index, follow, max-snippet:-1, max-image-preview:large, max-video-preview:-1\" \/>\n<link rel=\"canonical\" href=\"https:\/\/kapitalis.com\/tunisie\/2022\/08\/22\/reactions-en-afrique-a-lintervention-russe-en-ukraine\/\" \/>\n<meta property=\"og:locale\" content=\"fr_FR\" \/>\n<meta property=\"og:type\" content=\"article\" \/>\n<meta property=\"og:title\" content=\"R\u00e9actions en Afrique \u00e0 l&#039;intervention russe en Ukraine - Kapitalis\" \/>\n<meta property=\"og:description\" content=\"Les Africains doivent se montrer solidaires avec tous les peuples victimes d\u2019agressions, quels que soient les agresseurs et quelles que soient leurs victimes.\" \/>\n<meta property=\"og:url\" content=\"https:\/\/kapitalis.com\/tunisie\/2022\/08\/22\/reactions-en-afrique-a-lintervention-russe-en-ukraine\/\" \/>\n<meta property=\"og:site_name\" content=\"Kapitalis\" \/>\n<meta property=\"article:publisher\" content=\"https:\/\/www.facebook.com\/KapitalisInfo\/\" \/>\n<meta property=\"article:published_time\" content=\"2022-08-22T07:19:17+00:00\" \/>\n<meta property=\"article:modified_time\" content=\"2022-08-22T07:19:19+00:00\" \/>\n<meta property=\"og:image\" content=\"https:\/\/kapitalis.com\/tunisie\/wp-content\/uploads\/2022\/05\/armee-russe.jpg\" \/>\n\t<meta property=\"og:image:width\" content=\"1200\" \/>\n\t<meta property=\"og:image:height\" content=\"630\" \/>\n\t<meta property=\"og:image:type\" content=\"image\/jpeg\" \/>\n<meta name=\"author\" content=\"webmaster kapitalis\" \/>\n<meta name=\"twitter:card\" content=\"summary_large_image\" \/>\n<meta name=\"twitter:creator\" content=\"@KapitalisInfo\" \/>\n<meta name=\"twitter:site\" content=\"@KapitalisInfo\" \/>\n<meta name=\"twitter:label1\" content=\"\u00c9crit par\" \/>\n\t<meta name=\"twitter:data1\" content=\"webmaster kapitalis\" \/>\n\t<meta name=\"twitter:label2\" content=\"Dur\u00e9e de lecture estim\u00e9e\" \/>\n\t<meta name=\"twitter:data2\" content=\"6 minutes\" \/>\n<script type=\"application\/ld+json\" class=\"yoast-schema-graph\">{\"@context\":\"https:\/\/schema.org\",\"@graph\":[{\"@type\":\"Article\",\"@id\":\"https:\/\/kapitalis.com\/tunisie\/2022\/08\/22\/reactions-en-afrique-a-lintervention-russe-en-ukraine\/#article\",\"isPartOf\":{\"@id\":\"https:\/\/kapitalis.com\/tunisie\/2022\/08\/22\/reactions-en-afrique-a-lintervention-russe-en-ukraine\/\"},\"author\":{\"name\":\"webmaster kapitalis\",\"@id\":\"https:\/\/kapitalis.com\/tunisie\/#\/schema\/person\/d71f33a9ca44f7bad4698210b480c8e9\"},\"headline\":\"R\u00e9actions en Afrique \u00e0 l&rsquo;intervention russe en Ukraine\",\"datePublished\":\"2022-08-22T07:19:17+00:00\",\"dateModified\":\"2022-08-22T07:19:19+00:00\",\"mainEntityOfPage\":{\"@id\":\"https:\/\/kapitalis.com\/tunisie\/2022\/08\/22\/reactions-en-afrique-a-lintervention-russe-en-ukraine\/\"},\"wordCount\":1201,\"commentCount\":2,\"publisher\":{\"@id\":\"https:\/\/kapitalis.com\/tunisie\/#organization\"},\"image\":{\"@id\":\"https:\/\/kapitalis.com\/tunisie\/2022\/08\/22\/reactions-en-afrique-a-lintervention-russe-en-ukraine\/#primaryimage\"},\"thumbnailUrl\":\"https:\/\/kapitalis.com\/tunisie\/wp-content\/uploads\/2022\/05\/armee-russe.jpg\",\"keywords\":[\"Chine\",\"Etats-Unis\",\"FMI\",\"France\",\"Mohamed Cherif Ferjani\",\"Otan\",\"politiques n\u00e9olib\u00e9rales\",\"Russie\",\"Ukraine\"],\"articleSection\":[\"A LA UNE\",\"POLITIQUE\",\"TRIBUNE\",\"Tunisie\"],\"inLanguage\":\"fr-FR\",\"potentialAction\":[{\"@type\":\"CommentAction\",\"name\":\"Comment\",\"target\":[\"https:\/\/kapitalis.com\/tunisie\/2022\/08\/22\/reactions-en-afrique-a-lintervention-russe-en-ukraine\/#respond\"]}]},{\"@type\":\"WebPage\",\"@id\":\"https:\/\/kapitalis.com\/tunisie\/2022\/08\/22\/reactions-en-afrique-a-lintervention-russe-en-ukraine\/\",\"url\":\"https:\/\/kapitalis.com\/tunisie\/2022\/08\/22\/reactions-en-afrique-a-lintervention-russe-en-ukraine\/\",\"name\":\"R\u00e9actions en Afrique \u00e0 l'intervention russe en Ukraine - Kapitalis\",\"isPartOf\":{\"@id\":\"https:\/\/kapitalis.com\/tunisie\/#website\"},\"primaryImageOfPage\":{\"@id\":\"https:\/\/kapitalis.com\/tunisie\/2022\/08\/22\/reactions-en-afrique-a-lintervention-russe-en-ukraine\/#primaryimage\"},\"image\":{\"@id\":\"https:\/\/kapitalis.com\/tunisie\/2022\/08\/22\/reactions-en-afrique-a-lintervention-russe-en-ukraine\/#primaryimage\"},\"thumbnailUrl\":\"https:\/\/kapitalis.com\/tunisie\/wp-content\/uploads\/2022\/05\/armee-russe.jpg\",\"datePublished\":\"2022-08-22T07:19:17+00:00\",\"dateModified\":\"2022-08-22T07:19:19+00:00\",\"breadcrumb\":{\"@id\":\"https:\/\/kapitalis.com\/tunisie\/2022\/08\/22\/reactions-en-afrique-a-lintervention-russe-en-ukraine\/#breadcrumb\"},\"inLanguage\":\"fr-FR\",\"potentialAction\":[{\"@type\":\"ReadAction\",\"target\":[\"https:\/\/kapitalis.com\/tunisie\/2022\/08\/22\/reactions-en-afrique-a-lintervention-russe-en-ukraine\/\"]}]},{\"@type\":\"ImageObject\",\"inLanguage\":\"fr-FR\",\"@id\":\"https:\/\/kapitalis.com\/tunisie\/2022\/08\/22\/reactions-en-afrique-a-lintervention-russe-en-ukraine\/#primaryimage\",\"url\":\"https:\/\/kapitalis.com\/tunisie\/wp-content\/uploads\/2022\/05\/armee-russe.jpg\",\"contentUrl\":\"https:\/\/kapitalis.com\/tunisie\/wp-content\/uploads\/2022\/05\/armee-russe.jpg\",\"width\":1200,\"height\":630},{\"@type\":\"BreadcrumbList\",\"@id\":\"https:\/\/kapitalis.com\/tunisie\/2022\/08\/22\/reactions-en-afrique-a-lintervention-russe-en-ukraine\/#breadcrumb\",\"itemListElement\":[{\"@type\":\"ListItem\",\"position\":1,\"name\":\"Accueil\",\"item\":\"https:\/\/kapitalis.com\/tunisie\/\"},{\"@type\":\"ListItem\",\"position\":2,\"name\":\"R\u00e9actions en Afrique \u00e0 l&rsquo;intervention russe en Ukraine\"}]},{\"@type\":\"WebSite\",\"@id\":\"https:\/\/kapitalis.com\/tunisie\/#website\",\"url\":\"https:\/\/kapitalis.com\/tunisie\/\",\"name\":\"Kapitalis\",\"description\":\"L&#039;actualit\u00e9 en Tunisie et dans le monde\",\"publisher\":{\"@id\":\"https:\/\/kapitalis.com\/tunisie\/#organization\"},\"potentialAction\":[{\"@type\":\"SearchAction\",\"target\":{\"@type\":\"EntryPoint\",\"urlTemplate\":\"https:\/\/kapitalis.com\/tunisie\/?s={search_term_string}\"},\"query-input\":{\"@type\":\"PropertyValueSpecification\",\"valueRequired\":true,\"valueName\":\"search_term_string\"}}],\"inLanguage\":\"fr-FR\"},{\"@type\":\"Organization\",\"@id\":\"https:\/\/kapitalis.com\/tunisie\/#organization\",\"name\":\"Kapitalis\",\"url\":\"https:\/\/kapitalis.com\/tunisie\/\",\"logo\":{\"@type\":\"ImageObject\",\"inLanguage\":\"fr-FR\",\"@id\":\"https:\/\/kapitalis.com\/tunisie\/#\/schema\/logo\/image\/\",\"url\":\"https:\/\/kapitalis.com\/tunisie\/wp-content\/uploads\/2022\/05\/Kapitalis-big-size.png\",\"contentUrl\":\"https:\/\/kapitalis.com\/tunisie\/wp-content\/uploads\/2022\/05\/Kapitalis-big-size.png\",\"width\":5000,\"height\":1500,\"caption\":\"Kapitalis\"},\"image\":{\"@id\":\"https:\/\/kapitalis.com\/tunisie\/#\/schema\/logo\/image\/\"},\"sameAs\":[\"https:\/\/www.facebook.com\/KapitalisInfo\/\",\"https:\/\/x.com\/KapitalisInfo\",\"https:\/\/www.youtube.com\/channel\/UC-yDYrHyfFBWWZaOw3FPg9Q\"]},{\"@type\":\"Person\",\"@id\":\"https:\/\/kapitalis.com\/tunisie\/#\/schema\/person\/d71f33a9ca44f7bad4698210b480c8e9\",\"name\":\"webmaster kapitalis\",\"url\":\"https:\/\/kapitalis.com\/tunisie\/author\/webmaster-kapitalis\/\"}]}<\/script>\n<!-- \/ Yoast SEO plugin. -->","yoast_head_json":{"title":"R\u00e9actions en Afrique \u00e0 l'intervention russe en Ukraine - Kapitalis","robots":{"index":"index","follow":"follow","max-snippet":"max-snippet:-1","max-image-preview":"max-image-preview:large","max-video-preview":"max-video-preview:-1"},"canonical":"https:\/\/kapitalis.com\/tunisie\/2022\/08\/22\/reactions-en-afrique-a-lintervention-russe-en-ukraine\/","og_locale":"fr_FR","og_type":"article","og_title":"R\u00e9actions en Afrique \u00e0 l'intervention russe en Ukraine - Kapitalis","og_description":"Les Africains doivent se montrer solidaires avec tous les peuples victimes d\u2019agressions, quels que soient les agresseurs et quelles que soient leurs victimes.","og_url":"https:\/\/kapitalis.com\/tunisie\/2022\/08\/22\/reactions-en-afrique-a-lintervention-russe-en-ukraine\/","og_site_name":"Kapitalis","article_publisher":"https:\/\/www.facebook.com\/KapitalisInfo\/","article_published_time":"2022-08-22T07:19:17+00:00","article_modified_time":"2022-08-22T07:19:19+00:00","og_image":[{"width":1200,"height":630,"url":"https:\/\/kapitalis.com\/tunisie\/wp-content\/uploads\/2022\/05\/armee-russe.jpg","type":"image\/jpeg"}],"author":"webmaster kapitalis","twitter_card":"summary_large_image","twitter_creator":"@KapitalisInfo","twitter_site":"@KapitalisInfo","twitter_misc":{"\u00c9crit par":"webmaster kapitalis","Dur\u00e9e de lecture estim\u00e9e":"6 minutes"},"schema":{"@context":"https:\/\/schema.org","@graph":[{"@type":"Article","@id":"https:\/\/kapitalis.com\/tunisie\/2022\/08\/22\/reactions-en-afrique-a-lintervention-russe-en-ukraine\/#article","isPartOf":{"@id":"https:\/\/kapitalis.com\/tunisie\/2022\/08\/22\/reactions-en-afrique-a-lintervention-russe-en-ukraine\/"},"author":{"name":"webmaster kapitalis","@id":"https:\/\/kapitalis.com\/tunisie\/#\/schema\/person\/d71f33a9ca44f7bad4698210b480c8e9"},"headline":"R\u00e9actions en Afrique \u00e0 l&rsquo;intervention russe en Ukraine","datePublished":"2022-08-22T07:19:17+00:00","dateModified":"2022-08-22T07:19:19+00:00","mainEntityOfPage":{"@id":"https:\/\/kapitalis.com\/tunisie\/2022\/08\/22\/reactions-en-afrique-a-lintervention-russe-en-ukraine\/"},"wordCount":1201,"commentCount":2,"publisher":{"@id":"https:\/\/kapitalis.com\/tunisie\/#organization"},"image":{"@id":"https:\/\/kapitalis.com\/tunisie\/2022\/08\/22\/reactions-en-afrique-a-lintervention-russe-en-ukraine\/#primaryimage"},"thumbnailUrl":"https:\/\/kapitalis.com\/tunisie\/wp-content\/uploads\/2022\/05\/armee-russe.jpg","keywords":["Chine","Etats-Unis","FMI","France","Mohamed Cherif Ferjani","Otan","politiques n\u00e9olib\u00e9rales","Russie","Ukraine"],"articleSection":["A LA UNE","POLITIQUE","TRIBUNE","Tunisie"],"inLanguage":"fr-FR","potentialAction":[{"@type":"CommentAction","name":"Comment","target":["https:\/\/kapitalis.com\/tunisie\/2022\/08\/22\/reactions-en-afrique-a-lintervention-russe-en-ukraine\/#respond"]}]},{"@type":"WebPage","@id":"https:\/\/kapitalis.com\/tunisie\/2022\/08\/22\/reactions-en-afrique-a-lintervention-russe-en-ukraine\/","url":"https:\/\/kapitalis.com\/tunisie\/2022\/08\/22\/reactions-en-afrique-a-lintervention-russe-en-ukraine\/","name":"R\u00e9actions en Afrique \u00e0 l'intervention russe en Ukraine - Kapitalis","isPartOf":{"@id":"https:\/\/kapitalis.com\/tunisie\/#website"},"primaryImageOfPage":{"@id":"https:\/\/kapitalis.com\/tunisie\/2022\/08\/22\/reactions-en-afrique-a-lintervention-russe-en-ukraine\/#primaryimage"},"image":{"@id":"https:\/\/kapitalis.com\/tunisie\/2022\/08\/22\/reactions-en-afrique-a-lintervention-russe-en-ukraine\/#primaryimage"},"thumbnailUrl":"https:\/\/kapitalis.com\/tunisie\/wp-content\/uploads\/2022\/05\/armee-russe.jpg","datePublished":"2022-08-22T07:19:17+00:00","dateModified":"2022-08-22T07:19:19+00:00","breadcrumb":{"@id":"https:\/\/kapitalis.com\/tunisie\/2022\/08\/22\/reactions-en-afrique-a-lintervention-russe-en-ukraine\/#breadcrumb"},"inLanguage":"fr-FR","potentialAction":[{"@type":"ReadAction","target":["https:\/\/kapitalis.com\/tunisie\/2022\/08\/22\/reactions-en-afrique-a-lintervention-russe-en-ukraine\/"]}]},{"@type":"ImageObject","inLanguage":"fr-FR","@id":"https:\/\/kapitalis.com\/tunisie\/2022\/08\/22\/reactions-en-afrique-a-lintervention-russe-en-ukraine\/#primaryimage","url":"https:\/\/kapitalis.com\/tunisie\/wp-content\/uploads\/2022\/05\/armee-russe.jpg","contentUrl":"https:\/\/kapitalis.com\/tunisie\/wp-content\/uploads\/2022\/05\/armee-russe.jpg","width":1200,"height":630},{"@type":"BreadcrumbList","@id":"https:\/\/kapitalis.com\/tunisie\/2022\/08\/22\/reactions-en-afrique-a-lintervention-russe-en-ukraine\/#breadcrumb","itemListElement":[{"@type":"ListItem","position":1,"name":"Accueil","item":"https:\/\/kapitalis.com\/tunisie\/"},{"@type":"ListItem","position":2,"name":"R\u00e9actions en Afrique \u00e0 l&rsquo;intervention russe en Ukraine"}]},{"@type":"WebSite","@id":"https:\/\/kapitalis.com\/tunisie\/#website","url":"https:\/\/kapitalis.com\/tunisie\/","name":"Kapitalis","description":"L&#039;actualit\u00e9 en Tunisie et dans le monde","publisher":{"@id":"https:\/\/kapitalis.com\/tunisie\/#organization"},"potentialAction":[{"@type":"SearchAction","target":{"@type":"EntryPoint","urlTemplate":"https:\/\/kapitalis.com\/tunisie\/?s={search_term_string}"},"query-input":{"@type":"PropertyValueSpecification","valueRequired":true,"valueName":"search_term_string"}}],"inLanguage":"fr-FR"},{"@type":"Organization","@id":"https:\/\/kapitalis.com\/tunisie\/#organization","name":"Kapitalis","url":"https:\/\/kapitalis.com\/tunisie\/","logo":{"@type":"ImageObject","inLanguage":"fr-FR","@id":"https:\/\/kapitalis.com\/tunisie\/#\/schema\/logo\/image\/","url":"https:\/\/kapitalis.com\/tunisie\/wp-content\/uploads\/2022\/05\/Kapitalis-big-size.png","contentUrl":"https:\/\/kapitalis.com\/tunisie\/wp-content\/uploads\/2022\/05\/Kapitalis-big-size.png","width":5000,"height":1500,"caption":"Kapitalis"},"image":{"@id":"https:\/\/kapitalis.com\/tunisie\/#\/schema\/logo\/image\/"},"sameAs":["https:\/\/www.facebook.com\/KapitalisInfo\/","https:\/\/x.com\/KapitalisInfo","https:\/\/www.youtube.com\/channel\/UC-yDYrHyfFBWWZaOw3FPg9Q"]},{"@type":"Person","@id":"https:\/\/kapitalis.com\/tunisie\/#\/schema\/person\/d71f33a9ca44f7bad4698210b480c8e9","name":"webmaster kapitalis","url":"https:\/\/kapitalis.com\/tunisie\/author\/webmaster-kapitalis\/"}]}},"_links":{"self":[{"href":"https:\/\/kapitalis.com\/tunisie\/wp-json\/wp\/v2\/posts\/3318519","targetHints":{"allow":["GET"]}}],"collection":[{"href":"https:\/\/kapitalis.com\/tunisie\/wp-json\/wp\/v2\/posts"}],"about":[{"href":"https:\/\/kapitalis.com\/tunisie\/wp-json\/wp\/v2\/types\/post"}],"author":[{"embeddable":true,"href":"https:\/\/kapitalis.com\/tunisie\/wp-json\/wp\/v2\/users\/8"}],"replies":[{"embeddable":true,"href":"https:\/\/kapitalis.com\/tunisie\/wp-json\/wp\/v2\/comments?post=3318519"}],"version-history":[{"count":0,"href":"https:\/\/kapitalis.com\/tunisie\/wp-json\/wp\/v2\/posts\/3318519\/revisions"}],"wp:featuredmedia":[{"embeddable":true,"href":"https:\/\/kapitalis.com\/tunisie\/wp-json\/wp\/v2\/media\/608804"}],"wp:attachment":[{"href":"https:\/\/kapitalis.com\/tunisie\/wp-json\/wp\/v2\/media?parent=3318519"}],"wp:term":[{"taxonomy":"category","embeddable":true,"href":"https:\/\/kapitalis.com\/tunisie\/wp-json\/wp\/v2\/categories?post=3318519"},{"taxonomy":"post_tag","embeddable":true,"href":"https:\/\/kapitalis.com\/tunisie\/wp-json\/wp\/v2\/tags?post=3318519"}],"curies":[{"name":"wp","href":"https:\/\/api.w.org\/{rel}","templated":true}]}}