{"id":331873,"date":"2021-01-13T10:23:29","date_gmt":"2021-01-13T09:23:29","guid":{"rendered":"http:\/\/kapitalis.com\/tunisie\/?p=331873"},"modified":"2021-01-13T10:23:34","modified_gmt":"2021-01-13T09:23:34","slug":"2021-lannee-des-optimistes","status":"publish","type":"post","link":"https:\/\/kapitalis.com\/tunisie\/2021\/01\/13\/2021-lannee-des-optimistes\/","title":{"rendered":"2021, l\u2019ann\u00e9e des optimistes?"},"content":{"rendered":"\n<figure class=\"wp-block-image size-large\"><img decoding=\"async\" src=\"http:\/\/kapitalis.com\/tunisie\/wp-content\/uploads\/2020\/07\/\u00e9l\u00e8ve-temp\u00e9rature.jpg\" alt=\"\" class=\"wp-image-306060\"\/><\/figure>\n\n\n\n<p><strong><em>Nous esp\u00e9rons sinc\u00e8rement que 2021 nous fasse oublier 2020. Or, la crise sanitaire est toujours pr\u00e9sente et personne ne sait quand elle prendra fin.<\/em><\/strong><\/p>\n\n\n\n<p>Par <strong>Ridha Jaber<\/strong> *<\/p>\n\n\n\n<!--more-->\n\n\n\n<div class=\"wp-block-image\"><figure class=\"alignleft size-large\"><img decoding=\"async\" src=\"http:\/\/kapitalis.com\/tunisie\/wp-content\/uploads\/2020\/05\/Ridha-Jaber.jpg\" alt=\"\" class=\"wp-image-300688\"\/><\/figure><\/div>\n\n\n\n<p>Dans presque tous les pays du monde la seconde vague a commenc\u00e9. L\u2019exemple britannique montre que la diffusion tr\u00e8s rapide du variant anglais du virus ressemble \u00e0 un v\u00e9ritable tsunami.<\/p>\n\n\n\n<p>La probabilit\u00e9 d\u2019une tr\u00e8s forte explosion prochaine de l\u2019\u00e9pid\u00e9mie est pourtant r\u00e9elle. Beaucoup de nos compatriotes prennent encore le protocole sanitaire \u00e0 la l\u00e9g\u00e8re et pensent malheureusement que cela n\u2019arrive qu\u2019aux autres.<\/p>\n\n\n\n<p>Nous avons v\u00e9cu le confinement g\u00e9n\u00e9ral en 2020 mais aussi les graves cons\u00e9quences, \u00e0 tous les niveaux, que cela a engendr\u00e9es.<\/p>\n\n\n\n<h3 class=\"wp-block-heading\">Sommes-nous pr\u00e9par\u00e9s pour le choc d\u2019un nouveau confinement ?<\/h3>\n\n\n\n<p>Actuellement, on parle de plus en plus de l\u2019imposition d\u2019un nouveau confinement g\u00e9n\u00e9ral ou du moins dans certaines zones sinistr\u00e9es. Est-ce que nos dirigeants peuvent prendre, \u00e0 nouveau, une telle d\u00e9cision? Sommes-nous suffisamment pr\u00e9par\u00e9s pour le choc d\u2019un nouveau confinement? A-t-on les moyens d\u2019une telle r\u00e9solution au niveau social et surtout \u00e9conomique? Mais alors, quelle est la solution?<\/p>\n\n\n\n<p>Au niveau scolaire et particuli\u00e8rement en cas de nouveau confinement, les comp\u00e9tences des \u00e9l\u00e8ves et des enseignants en mati\u00e8re de TIC sont essentielles pour maintenir la continuit\u00e9 de l\u2019enseignement. C\u2019est un handicap important pour la plupart des \u00e9coles tant l\u2019utilisation des outils num\u00e9riques dans les apprentissages \u00e9tait loin d\u2019\u00eatre courante avant la crise sanitaire. Elle est encore toujours autant \u00e9loign\u00e9e actuellement.<\/p>\n\n\n\n<p>Alors qu\u2019un nouveau confinement menace s\u00e9rieusement, les autorit\u00e9s n\u2019ont rien pr\u00e9vu et rien retenu de la le\u00e7on de la premi\u00e8re vague.<\/p>\n\n\n\n<p>En revanche, fort de l\u2019exp\u00e9rience r\u00e9ussie lors du confinement de 2020 et qui lui a valu, en son temps, les nombreuses f\u00e9licitations de sa communaut\u00e9 de parents, l\u2019Acad\u00e9mie du Lac et le coll\u00e8ge priv\u00e9 du Lac sont raisonnablement pr\u00e9par\u00e9s. Sous la pression de la n\u00e9cessit\u00e9, enseignants et \u00e9l\u00e8ves ont \u00e9norm\u00e9ment appris de cette exp\u00e9rience. Malheureusement; l\u2019institution n\u2019en a tenu aucun compte.<\/p>\n\n\n\n<h3 class=\"wp-block-heading\">Pourra-t-on continuer \u00e0 creuser ind\u00e9finiment le d\u00e9s\u00e9quilibre budg\u00e9taire ?<\/h3>\n\n\n\n<p>L\u2019autre crise, li\u00e9e \u00e0 la premi\u00e8re, est la crise \u00e9conomique. Des secteurs porteurs de l\u2019\u00e9conomie sont gravement touch\u00e9s tels que le tourisme, l\u2019industrie ou encore les services. Les effets sociaux de la crise ont \u00e9t\u00e9 financ\u00e9s en partie par une fuite en avant en 2020. L\u2019endettement a explos\u00e9 \u00e0 son tour.<\/p>\n\n\n\n<p>Pourra-t-on continuer \u00e0 creuser ind\u00e9finiment le d\u00e9s\u00e9quilibre budg\u00e9taire au long d\u2019une seconde ann\u00e9e, apr\u00e8s une d\u00e9cennie morose?<\/p>\n\n\n\n<p>C\u2019est aussi la crise politique qui menace. La crise \u00e9conomique mondiale ne peut qu\u2019aviver les tensions et mettre sous pression les solidarit\u00e9s. Tout cela montre \u00e0 quel point la stabilit\u00e9 du pays, d\u00e9j\u00e0 assez \u00e9branl\u00e9e, est menac\u00e9e. O\u00f9 va-t-on?<\/p>\n\n\n\n<p>Est-il possible de continuer ainsi en 2021 sans voir une crise d\u2019un autre type arriver ?<\/p>\n\n\n\n<p>Pourtant ; dans notre pays, tout est \u00e0 faire ou \u00e0 refaire. 2021 sera par excellence l\u2019ann\u00e9e des optimistes. \u00c0 ceux-l\u00e0, je dis, bougez-vous, il est grand temps si vous voulez encore sauver ce qui peut encore \u00eatre sauv\u00e9 dans ce pays. Si vous voulez r\u00e9ellement savoir qui vous \u00eates, regardez-vous agir en temps de crise.<\/p>\n\n\n\n<p><em>\u00abLa crise n\u2019est pas comme une maladie dont on ne peut sortir : elle est comme une sorte de nouvelle naissance !\u00bb,<\/em> disait \u00e0 juste titre l\u2019ancien Premier ministre fran\u00e7ais Pierre Mauroy.<\/p>\n\n\n\n<p>* <em>Chef d\u2019\u00e9tablissements scolaires.<\/em><\/p>\n\n\n\n<h4 class=\"wp-block-heading\"><em>Articles du m\u00eame auteur dans Kapitalis <\/em>: <\/h4>\n\n\n\n<figure class=\"wp-block-embed is-type-wp-embed is-provider-kapitalis wp-block-embed-kapitalis\"><div class=\"wp-block-embed__wrapper\">\n<blockquote class=\"wp-embedded-content\" data-secret=\"NNneNy6Sz2\"><a href=\"https:\/\/kapitalis.com\/tunisie\/2020\/12\/07\/les-ecoles-privees-generent-une-enorme-economie-a-letat\/\">Les \u00e9coles priv\u00e9es g\u00e9n\u00e8rent une \u00e9norme \u00e9conomie \u00e0 l&rsquo;Etat<\/a><\/blockquote><iframe loading=\"lazy\" class=\"wp-embedded-content\" sandbox=\"allow-scripts\" security=\"restricted\" style=\"position: absolute; clip: rect(1px, 1px, 1px, 1px);\" title=\"\u00ab\u00a0Les \u00e9coles priv\u00e9es g\u00e9n\u00e8rent une \u00e9norme \u00e9conomie \u00e0 l&rsquo;Etat\u00a0\u00bb &#8212; Kapitalis\" src=\"https:\/\/kapitalis.com\/tunisie\/2020\/12\/07\/les-ecoles-privees-generent-une-enorme-economie-a-letat\/embed\/#?secret=0KTAAIdLn9#?secret=NNneNy6Sz2\" data-secret=\"NNneNy6Sz2\" width=\"600\" height=\"338\" frameborder=\"0\" marginwidth=\"0\" marginheight=\"0\" scrolling=\"no\"><\/iframe>\n<\/div><\/figure>\n\n\n\n<figure class=\"wp-block-embed is-type-wp-embed is-provider-kapitalis wp-block-embed-kapitalis\"><div class=\"wp-block-embed__wrapper\">\n<blockquote class=\"wp-embedded-content\" data-secret=\"QgaTQFcxj8\"><a href=\"https:\/\/kapitalis.com\/tunisie\/2020\/10\/21\/les-dangers-des-cours-particuliers\/\">Les dangers des cours particuliers<\/a><\/blockquote><iframe loading=\"lazy\" class=\"wp-embedded-content\" sandbox=\"allow-scripts\" security=\"restricted\" style=\"position: absolute; clip: rect(1px, 1px, 1px, 1px);\" title=\"\u00ab\u00a0Les dangers des cours particuliers\u00a0\u00bb &#8212; Kapitalis\" src=\"https:\/\/kapitalis.com\/tunisie\/2020\/10\/21\/les-dangers-des-cours-particuliers\/embed\/#?secret=ukoSo0KKWh#?secret=QgaTQFcxj8\" data-secret=\"QgaTQFcxj8\" width=\"600\" height=\"338\" frameborder=\"0\" marginwidth=\"0\" marginheight=\"0\" scrolling=\"no\"><\/iframe>\n<\/div><\/figure>\n\n\n\n<figure class=\"wp-block-embed is-type-wp-embed is-provider-kapitalis wp-block-embed-kapitalis\"><div class=\"wp-block-embed__wrapper\">\n<blockquote class=\"wp-embedded-content\" data-secret=\"YwsxFFp6oV\"><a href=\"https:\/\/kapitalis.com\/tunisie\/2020\/07\/05\/quelle-education-pour-lapres-covid-19\/\">Quelle \u00e9ducation pour l\u2019apr\u00e8s Covid-19 ?<\/a><\/blockquote><iframe loading=\"lazy\" class=\"wp-embedded-content\" sandbox=\"allow-scripts\" security=\"restricted\" style=\"position: absolute; clip: rect(1px, 1px, 1px, 1px);\" title=\"\u00ab\u00a0Quelle \u00e9ducation pour l\u2019apr\u00e8s Covid-19 ?\u00a0\u00bb &#8212; Kapitalis\" src=\"https:\/\/kapitalis.com\/tunisie\/2020\/07\/05\/quelle-education-pour-lapres-covid-19\/embed\/#?secret=LGJjPGpKq0#?secret=YwsxFFp6oV\" data-secret=\"YwsxFFp6oV\" width=\"600\" height=\"338\" frameborder=\"0\" marginwidth=\"0\" marginheight=\"0\" scrolling=\"no\"><\/iframe>\n<\/div><\/figure>\n","protected":false},"excerpt":{"rendered":"<p>Nous esp\u00e9rons sinc\u00e8rement que 2021 nous fasse oublier 2020. Or, la crise sanitaire est toujours pr\u00e9sente et personne ne sait quand elle prendra fin. Par Ridha Jaber *<\/p>\n","protected":false},"author":8,"featured_media":0,"comment_status":"open","ping_status":"open","sticky":false,"template":"","format":"standard","meta":{"footnotes":""},"categories":[992,998,1000,2433],"tags":[86182,77016],"class_list":["post-331873","post","type-post","status-publish","format-standard","hentry","category-a-la-une","category-societe","category-tribune","category-tunisie","tag-86182","tag-crise-sanitaire"],"yoast_head":"<!-- This site is optimized with the Yoast SEO plugin v26.6 - https:\/\/yoast.com\/wordpress\/plugins\/seo\/ -->\n<title>2021, l\u2019ann\u00e9e des optimistes? - Kapitalis<\/title>\n<meta name=\"robots\" content=\"index, follow, max-snippet:-1, max-image-preview:large, max-video-preview:-1\" \/>\n<link rel=\"canonical\" href=\"https:\/\/kapitalis.com\/tunisie\/2021\/01\/13\/2021-lannee-des-optimistes\/\" \/>\n<meta property=\"og:locale\" content=\"fr_FR\" \/>\n<meta property=\"og:type\" content=\"article\" \/>\n<meta property=\"og:title\" content=\"2021, l\u2019ann\u00e9e des optimistes? - Kapitalis\" \/>\n<meta property=\"og:description\" content=\"Nous esp\u00e9rons sinc\u00e8rement que 2021 nous fasse oublier 2020. Or, la crise sanitaire est toujours pr\u00e9sente et personne ne sait quand elle prendra fin. Par Ridha Jaber *\" \/>\n<meta property=\"og:url\" content=\"https:\/\/kapitalis.com\/tunisie\/2021\/01\/13\/2021-lannee-des-optimistes\/\" \/>\n<meta property=\"og:site_name\" content=\"Kapitalis\" \/>\n<meta property=\"article:publisher\" content=\"https:\/\/www.facebook.com\/KapitalisInfo\/\" \/>\n<meta property=\"article:published_time\" content=\"2021-01-13T09:23:29+00:00\" \/>\n<meta property=\"article:modified_time\" content=\"2021-01-13T09:23:34+00:00\" \/>\n<meta property=\"og:image\" content=\"http:\/\/kapitalis.com\/tunisie\/wp-content\/uploads\/2020\/05\/Ridha-Jaber.jpg\" \/>\n<meta name=\"author\" content=\"webmaster kapitalis\" \/>\n<meta name=\"twitter:card\" content=\"summary_large_image\" \/>\n<meta name=\"twitter:creator\" content=\"@KapitalisInfo\" \/>\n<meta name=\"twitter:site\" content=\"@KapitalisInfo\" \/>\n<meta name=\"twitter:label1\" content=\"\u00c9crit par\" \/>\n\t<meta name=\"twitter:data1\" content=\"webmaster kapitalis\" \/>\n\t<meta name=\"twitter:label2\" content=\"Dur\u00e9e de lecture estim\u00e9e\" \/>\n\t<meta name=\"twitter:data2\" content=\"3 minutes\" \/>\n<script type=\"application\/ld+json\" class=\"yoast-schema-graph\">{\"@context\":\"https:\/\/schema.org\",\"@graph\":[{\"@type\":\"Article\",\"@id\":\"https:\/\/kapitalis.com\/tunisie\/2021\/01\/13\/2021-lannee-des-optimistes\/#article\",\"isPartOf\":{\"@id\":\"https:\/\/kapitalis.com\/tunisie\/2021\/01\/13\/2021-lannee-des-optimistes\/\"},\"author\":{\"name\":\"webmaster kapitalis\",\"@id\":\"https:\/\/kapitalis.com\/tunisie\/#\/schema\/person\/d71f33a9ca44f7bad4698210b480c8e9\"},\"headline\":\"2021, l\u2019ann\u00e9e des optimistes?\",\"datePublished\":\"2021-01-13T09:23:29+00:00\",\"dateModified\":\"2021-01-13T09:23:34+00:00\",\"mainEntityOfPage\":{\"@id\":\"https:\/\/kapitalis.com\/tunisie\/2021\/01\/13\/2021-lannee-des-optimistes\/\"},\"wordCount\":644,\"commentCount\":0,\"publisher\":{\"@id\":\"https:\/\/kapitalis.com\/tunisie\/#organization\"},\"image\":{\"@id\":\"https:\/\/kapitalis.com\/tunisie\/2021\/01\/13\/2021-lannee-des-optimistes\/#primaryimage\"},\"thumbnailUrl\":\"http:\/\/kapitalis.com\/tunisie\/wp-content\/uploads\/2020\/05\/Ridha-Jaber.jpg\",\"keywords\":[\"2021\",\"crise sanitaire\"],\"articleSection\":[\"A LA UNE\",\"SOCIETE\",\"TRIBUNE\",\"Tunisie\"],\"inLanguage\":\"fr-FR\",\"potentialAction\":[{\"@type\":\"CommentAction\",\"name\":\"Comment\",\"target\":[\"https:\/\/kapitalis.com\/tunisie\/2021\/01\/13\/2021-lannee-des-optimistes\/#respond\"]}]},{\"@type\":\"WebPage\",\"@id\":\"https:\/\/kapitalis.com\/tunisie\/2021\/01\/13\/2021-lannee-des-optimistes\/\",\"url\":\"https:\/\/kapitalis.com\/tunisie\/2021\/01\/13\/2021-lannee-des-optimistes\/\",\"name\":\"2021, l\u2019ann\u00e9e des optimistes? - Kapitalis\",\"isPartOf\":{\"@id\":\"https:\/\/kapitalis.com\/tunisie\/#website\"},\"primaryImageOfPage\":{\"@id\":\"https:\/\/kapitalis.com\/tunisie\/2021\/01\/13\/2021-lannee-des-optimistes\/#primaryimage\"},\"image\":{\"@id\":\"https:\/\/kapitalis.com\/tunisie\/2021\/01\/13\/2021-lannee-des-optimistes\/#primaryimage\"},\"thumbnailUrl\":\"http:\/\/kapitalis.com\/tunisie\/wp-content\/uploads\/2020\/05\/Ridha-Jaber.jpg\",\"datePublished\":\"2021-01-13T09:23:29+00:00\",\"dateModified\":\"2021-01-13T09:23:34+00:00\",\"breadcrumb\":{\"@id\":\"https:\/\/kapitalis.com\/tunisie\/2021\/01\/13\/2021-lannee-des-optimistes\/#breadcrumb\"},\"inLanguage\":\"fr-FR\",\"potentialAction\":[{\"@type\":\"ReadAction\",\"target\":[\"https:\/\/kapitalis.com\/tunisie\/2021\/01\/13\/2021-lannee-des-optimistes\/\"]}]},{\"@type\":\"ImageObject\",\"inLanguage\":\"fr-FR\",\"@id\":\"https:\/\/kapitalis.com\/tunisie\/2021\/01\/13\/2021-lannee-des-optimistes\/#primaryimage\",\"url\":\"\",\"contentUrl\":\"\"},{\"@type\":\"BreadcrumbList\",\"@id\":\"https:\/\/kapitalis.com\/tunisie\/2021\/01\/13\/2021-lannee-des-optimistes\/#breadcrumb\",\"itemListElement\":[{\"@type\":\"ListItem\",\"position\":1,\"name\":\"Accueil\",\"item\":\"https:\/\/kapitalis.com\/tunisie\/\"},{\"@type\":\"ListItem\",\"position\":2,\"name\":\"2021, l\u2019ann\u00e9e des optimistes?\"}]},{\"@type\":\"WebSite\",\"@id\":\"https:\/\/kapitalis.com\/tunisie\/#website\",\"url\":\"https:\/\/kapitalis.com\/tunisie\/\",\"name\":\"Kapitalis\",\"description\":\"L&#039;actualit\u00e9 en Tunisie et dans le monde\",\"publisher\":{\"@id\":\"https:\/\/kapitalis.com\/tunisie\/#organization\"},\"potentialAction\":[{\"@type\":\"SearchAction\",\"target\":{\"@type\":\"EntryPoint\",\"urlTemplate\":\"https:\/\/kapitalis.com\/tunisie\/?s={search_term_string}\"},\"query-input\":{\"@type\":\"PropertyValueSpecification\",\"valueRequired\":true,\"valueName\":\"search_term_string\"}}],\"inLanguage\":\"fr-FR\"},{\"@type\":\"Organization\",\"@id\":\"https:\/\/kapitalis.com\/tunisie\/#organization\",\"name\":\"Kapitalis\",\"url\":\"https:\/\/kapitalis.com\/tunisie\/\",\"logo\":{\"@type\":\"ImageObject\",\"inLanguage\":\"fr-FR\",\"@id\":\"https:\/\/kapitalis.com\/tunisie\/#\/schema\/logo\/image\/\",\"url\":\"https:\/\/kapitalis.com\/tunisie\/wp-content\/uploads\/2022\/05\/Kapitalis-big-size.png\",\"contentUrl\":\"https:\/\/kapitalis.com\/tunisie\/wp-content\/uploads\/2022\/05\/Kapitalis-big-size.png\",\"width\":5000,\"height\":1500,\"caption\":\"Kapitalis\"},\"image\":{\"@id\":\"https:\/\/kapitalis.com\/tunisie\/#\/schema\/logo\/image\/\"},\"sameAs\":[\"https:\/\/www.facebook.com\/KapitalisInfo\/\",\"https:\/\/x.com\/KapitalisInfo\",\"https:\/\/www.youtube.com\/channel\/UC-yDYrHyfFBWWZaOw3FPg9Q\"]},{\"@type\":\"Person\",\"@id\":\"https:\/\/kapitalis.com\/tunisie\/#\/schema\/person\/d71f33a9ca44f7bad4698210b480c8e9\",\"name\":\"webmaster kapitalis\",\"url\":\"https:\/\/kapitalis.com\/tunisie\/author\/webmaster-kapitalis\/\"}]}<\/script>\n<!-- \/ Yoast SEO plugin. -->","yoast_head_json":{"title":"2021, l\u2019ann\u00e9e des optimistes? - Kapitalis","robots":{"index":"index","follow":"follow","max-snippet":"max-snippet:-1","max-image-preview":"max-image-preview:large","max-video-preview":"max-video-preview:-1"},"canonical":"https:\/\/kapitalis.com\/tunisie\/2021\/01\/13\/2021-lannee-des-optimistes\/","og_locale":"fr_FR","og_type":"article","og_title":"2021, l\u2019ann\u00e9e des optimistes? - Kapitalis","og_description":"Nous esp\u00e9rons sinc\u00e8rement que 2021 nous fasse oublier 2020. Or, la crise sanitaire est toujours pr\u00e9sente et personne ne sait quand elle prendra fin. Par Ridha Jaber *","og_url":"https:\/\/kapitalis.com\/tunisie\/2021\/01\/13\/2021-lannee-des-optimistes\/","og_site_name":"Kapitalis","article_publisher":"https:\/\/www.facebook.com\/KapitalisInfo\/","article_published_time":"2021-01-13T09:23:29+00:00","article_modified_time":"2021-01-13T09:23:34+00:00","og_image":[{"url":"http:\/\/kapitalis.com\/tunisie\/wp-content\/uploads\/2020\/05\/Ridha-Jaber.jpg","type":"","width":"","height":""}],"author":"webmaster kapitalis","twitter_card":"summary_large_image","twitter_creator":"@KapitalisInfo","twitter_site":"@KapitalisInfo","twitter_misc":{"\u00c9crit par":"webmaster kapitalis","Dur\u00e9e de lecture estim\u00e9e":"3 minutes"},"schema":{"@context":"https:\/\/schema.org","@graph":[{"@type":"Article","@id":"https:\/\/kapitalis.com\/tunisie\/2021\/01\/13\/2021-lannee-des-optimistes\/#article","isPartOf":{"@id":"https:\/\/kapitalis.com\/tunisie\/2021\/01\/13\/2021-lannee-des-optimistes\/"},"author":{"name":"webmaster kapitalis","@id":"https:\/\/kapitalis.com\/tunisie\/#\/schema\/person\/d71f33a9ca44f7bad4698210b480c8e9"},"headline":"2021, l\u2019ann\u00e9e des optimistes?","datePublished":"2021-01-13T09:23:29+00:00","dateModified":"2021-01-13T09:23:34+00:00","mainEntityOfPage":{"@id":"https:\/\/kapitalis.com\/tunisie\/2021\/01\/13\/2021-lannee-des-optimistes\/"},"wordCount":644,"commentCount":0,"publisher":{"@id":"https:\/\/kapitalis.com\/tunisie\/#organization"},"image":{"@id":"https:\/\/kapitalis.com\/tunisie\/2021\/01\/13\/2021-lannee-des-optimistes\/#primaryimage"},"thumbnailUrl":"http:\/\/kapitalis.com\/tunisie\/wp-content\/uploads\/2020\/05\/Ridha-Jaber.jpg","keywords":["2021","crise sanitaire"],"articleSection":["A LA UNE","SOCIETE","TRIBUNE","Tunisie"],"inLanguage":"fr-FR","potentialAction":[{"@type":"CommentAction","name":"Comment","target":["https:\/\/kapitalis.com\/tunisie\/2021\/01\/13\/2021-lannee-des-optimistes\/#respond"]}]},{"@type":"WebPage","@id":"https:\/\/kapitalis.com\/tunisie\/2021\/01\/13\/2021-lannee-des-optimistes\/","url":"https:\/\/kapitalis.com\/tunisie\/2021\/01\/13\/2021-lannee-des-optimistes\/","name":"2021, l\u2019ann\u00e9e des optimistes? - Kapitalis","isPartOf":{"@id":"https:\/\/kapitalis.com\/tunisie\/#website"},"primaryImageOfPage":{"@id":"https:\/\/kapitalis.com\/tunisie\/2021\/01\/13\/2021-lannee-des-optimistes\/#primaryimage"},"image":{"@id":"https:\/\/kapitalis.com\/tunisie\/2021\/01\/13\/2021-lannee-des-optimistes\/#primaryimage"},"thumbnailUrl":"http:\/\/kapitalis.com\/tunisie\/wp-content\/uploads\/2020\/05\/Ridha-Jaber.jpg","datePublished":"2021-01-13T09:23:29+00:00","dateModified":"2021-01-13T09:23:34+00:00","breadcrumb":{"@id":"https:\/\/kapitalis.com\/tunisie\/2021\/01\/13\/2021-lannee-des-optimistes\/#breadcrumb"},"inLanguage":"fr-FR","potentialAction":[{"@type":"ReadAction","target":["https:\/\/kapitalis.com\/tunisie\/2021\/01\/13\/2021-lannee-des-optimistes\/"]}]},{"@type":"ImageObject","inLanguage":"fr-FR","@id":"https:\/\/kapitalis.com\/tunisie\/2021\/01\/13\/2021-lannee-des-optimistes\/#primaryimage","url":"","contentUrl":""},{"@type":"BreadcrumbList","@id":"https:\/\/kapitalis.com\/tunisie\/2021\/01\/13\/2021-lannee-des-optimistes\/#breadcrumb","itemListElement":[{"@type":"ListItem","position":1,"name":"Accueil","item":"https:\/\/kapitalis.com\/tunisie\/"},{"@type":"ListItem","position":2,"name":"2021, l\u2019ann\u00e9e des optimistes?"}]},{"@type":"WebSite","@id":"https:\/\/kapitalis.com\/tunisie\/#website","url":"https:\/\/kapitalis.com\/tunisie\/","name":"Kapitalis","description":"L&#039;actualit\u00e9 en Tunisie et dans le monde","publisher":{"@id":"https:\/\/kapitalis.com\/tunisie\/#organization"},"potentialAction":[{"@type":"SearchAction","target":{"@type":"EntryPoint","urlTemplate":"https:\/\/kapitalis.com\/tunisie\/?s={search_term_string}"},"query-input":{"@type":"PropertyValueSpecification","valueRequired":true,"valueName":"search_term_string"}}],"inLanguage":"fr-FR"},{"@type":"Organization","@id":"https:\/\/kapitalis.com\/tunisie\/#organization","name":"Kapitalis","url":"https:\/\/kapitalis.com\/tunisie\/","logo":{"@type":"ImageObject","inLanguage":"fr-FR","@id":"https:\/\/kapitalis.com\/tunisie\/#\/schema\/logo\/image\/","url":"https:\/\/kapitalis.com\/tunisie\/wp-content\/uploads\/2022\/05\/Kapitalis-big-size.png","contentUrl":"https:\/\/kapitalis.com\/tunisie\/wp-content\/uploads\/2022\/05\/Kapitalis-big-size.png","width":5000,"height":1500,"caption":"Kapitalis"},"image":{"@id":"https:\/\/kapitalis.com\/tunisie\/#\/schema\/logo\/image\/"},"sameAs":["https:\/\/www.facebook.com\/KapitalisInfo\/","https:\/\/x.com\/KapitalisInfo","https:\/\/www.youtube.com\/channel\/UC-yDYrHyfFBWWZaOw3FPg9Q"]},{"@type":"Person","@id":"https:\/\/kapitalis.com\/tunisie\/#\/schema\/person\/d71f33a9ca44f7bad4698210b480c8e9","name":"webmaster kapitalis","url":"https:\/\/kapitalis.com\/tunisie\/author\/webmaster-kapitalis\/"}]}},"_links":{"self":[{"href":"https:\/\/kapitalis.com\/tunisie\/wp-json\/wp\/v2\/posts\/331873","targetHints":{"allow":["GET"]}}],"collection":[{"href":"https:\/\/kapitalis.com\/tunisie\/wp-json\/wp\/v2\/posts"}],"about":[{"href":"https:\/\/kapitalis.com\/tunisie\/wp-json\/wp\/v2\/types\/post"}],"author":[{"embeddable":true,"href":"https:\/\/kapitalis.com\/tunisie\/wp-json\/wp\/v2\/users\/8"}],"replies":[{"embeddable":true,"href":"https:\/\/kapitalis.com\/tunisie\/wp-json\/wp\/v2\/comments?post=331873"}],"version-history":[{"count":0,"href":"https:\/\/kapitalis.com\/tunisie\/wp-json\/wp\/v2\/posts\/331873\/revisions"}],"wp:attachment":[{"href":"https:\/\/kapitalis.com\/tunisie\/wp-json\/wp\/v2\/media?parent=331873"}],"wp:term":[{"taxonomy":"category","embeddable":true,"href":"https:\/\/kapitalis.com\/tunisie\/wp-json\/wp\/v2\/categories?post=331873"},{"taxonomy":"post_tag","embeddable":true,"href":"https:\/\/kapitalis.com\/tunisie\/wp-json\/wp\/v2\/tags?post=331873"}],"curies":[{"name":"wp","href":"https:\/\/api.w.org\/{rel}","templated":true}]}}