{"id":331981,"date":"2021-01-13T22:40:46","date_gmt":"2021-01-13T21:40:46","guid":{"rendered":"http:\/\/kapitalis.com\/tunisie\/?p=331981"},"modified":"2021-01-13T22:52:02","modified_gmt":"2021-01-13T21:52:02","slug":"tunisie-avis-aux-passagers-a-destination-de-lautriche","status":"publish","type":"post","link":"https:\/\/kapitalis.com\/tunisie\/2021\/01\/13\/tunisie-avis-aux-passagers-a-destination-de-lautriche\/","title":{"rendered":"Tunisie : Avis aux passagers \u00e0 destination de l&rsquo;Autriche"},"content":{"rendered":"\n<figure class=\"wp-block-image size-large\"><img decoding=\"async\" src=\"http:\/\/kapitalis.com\/tunisie\/wp-content\/uploads\/2020\/06\/fronti\u00e8res-a\u00e9roport.jpg\" alt=\"\" class=\"wp-image-305475\"\/><\/figure>\n\n\n\n<p><strong><em>La compagnie a\u00e9rienne nationale Tunisair a publi\u00e9 un communiqu\u00e9 dans la soir\u00e9e de mercredi 13 janvier 2021, invitant les voyageurs \u00e0 destination de Vienne \u00e0 respecter une nouvelle mesure de voyage d\u00e9cid\u00e9es par le gouvernement autrichien, dans le cadre de la lutte contre le coronavirus.<\/em><\/strong><\/p>\n\n\n\n<!--more-->\n\n\n\n<p>Tunisair pr\u00e9cise qu&rsquo;\u00e0 partir du 15 janvier 2021, une inscription pr\u00e9alable e\u0301lectronique avant l\u2019entr\u00e9e en Autriche sera obligatoire (Pre-Travel-Clrearance \u2013 <a aria-label=\"undefined (s\u2019ouvre dans un nouvel onglet)\" href=\"https:\/\/cutt.ly\/9jmb4Rn\" target=\"_blank\" rel=\"noreferrer noopener\">PTC<\/a>). Le formulaire d\u2019inscription PTC est disponible en langues allemande et (bient\u00f4t) anglaise sur le <a aria-label=\"undefined (s\u2019ouvre dans un nouvel onglet)\" href=\"http:\/\/www.oesterreich.gv.at\" target=\"_blank\" rel=\"noreferrer noopener\">site<\/a> d\u00e9di\u00e9.<\/p>\n\n\n\n<p>\u00ab<em>Des exceptions de l\u2019obligation d\u2019inscription sont en vigueur pour les voyageurs en transit ainsi que les personnes qui entrent en Autriche pour des raisons strictement familiale\u00bb<\/em>, ajoute le communiqu\u00e9 en invitant les voyageurs \u00e0 consulter, pour plus de renseignements sur les r\u00e9gimes des exceptions, le site web du \u00ab\u00a0<a aria-label=\"undefined (s\u2019ouvre dans un nouvel onglet)\" href=\"https:\/\/www.sozialministerium.at\/\" target=\"_blank\" rel=\"noreferrer noopener\">Bundesministeriums fu\u0308r Soziales, Gesundheit, Pflege und Konsumentenschutz\u00a0\u00bb.<\/a><\/p>\n\n\n\n<p class=\"has-text-align-right\"><strong>Y. N.<\/strong><\/p>\n","protected":false},"excerpt":{"rendered":"<p>La compagnie a\u00e9rienne nationale Tunisair a publi\u00e9 un communiqu\u00e9 dans la soir\u00e9e de mercredi 13 janvier 2021, invitant les voyageurs \u00e0 destination de Vienne \u00e0 respecter une nouvelle mesure de voyage d\u00e9cid\u00e9es par le gouvernement autrichien, dans le cadre de la lutte contre le coronavirus.<\/p>\n","protected":false},"author":6,"featured_media":0,"comment_status":"open","ping_status":"open","sticky":false,"template":"","format":"standard","meta":{"footnotes":""},"categories":[998,2433],"tags":[1743,73060,78820,1501,1742,3292],"class_list":["post-331981","post","type-post","status-publish","format-standard","hentry","category-societe","category-tunisie","tag-autriche","tag-coronavirus","tag-covid-2","tag-tunisair","tag-vienne","tag-voyageurs"],"yoast_head":"<!-- This site is optimized with the Yoast SEO plugin v26.6 - https:\/\/yoast.com\/wordpress\/plugins\/seo\/ -->\n<title>Tunisie : Avis aux passagers \u00e0 destination de l&#039;Autriche - Kapitalis<\/title>\n<meta name=\"robots\" content=\"index, follow, max-snippet:-1, max-image-preview:large, max-video-preview:-1\" \/>\n<link rel=\"canonical\" href=\"https:\/\/kapitalis.com\/tunisie\/2021\/01\/13\/tunisie-avis-aux-passagers-a-destination-de-lautriche\/\" \/>\n<meta property=\"og:locale\" content=\"fr_FR\" \/>\n<meta property=\"og:type\" content=\"article\" \/>\n<meta property=\"og:title\" content=\"Tunisie : Avis aux passagers \u00e0 destination de l&#039;Autriche - Kapitalis\" \/>\n<meta property=\"og:description\" content=\"La compagnie a\u00e9rienne nationale Tunisair a publi\u00e9 un communiqu\u00e9 dans la soir\u00e9e de mercredi 13 janvier 2021, invitant les voyageurs \u00e0 destination de Vienne \u00e0 respecter une nouvelle mesure de voyage d\u00e9cid\u00e9es par le gouvernement autrichien, dans le cadre de la lutte contre le coronavirus.\" \/>\n<meta property=\"og:url\" content=\"https:\/\/kapitalis.com\/tunisie\/2021\/01\/13\/tunisie-avis-aux-passagers-a-destination-de-lautriche\/\" \/>\n<meta property=\"og:site_name\" content=\"Kapitalis\" \/>\n<meta property=\"article:publisher\" content=\"https:\/\/www.facebook.com\/KapitalisInfo\/\" \/>\n<meta property=\"article:published_time\" content=\"2021-01-13T21:40:46+00:00\" \/>\n<meta property=\"article:modified_time\" content=\"2021-01-13T21:52:02+00:00\" \/>\n<meta property=\"og:image\" content=\"https:\/\/kapitalis.com\/tunisie\/wp-content\/uploads\/2022\/05\/kapitalis-logo-fb.png\" \/>\n\t<meta property=\"og:image:width\" content=\"1200\" \/>\n\t<meta property=\"og:image:height\" content=\"630\" \/>\n\t<meta property=\"og:image:type\" content=\"image\/png\" \/>\n<meta name=\"author\" content=\"Yusra NY\" \/>\n<meta name=\"twitter:card\" content=\"summary_large_image\" \/>\n<meta name=\"twitter:creator\" content=\"@KapitalisInfo\" \/>\n<meta name=\"twitter:site\" content=\"@KapitalisInfo\" \/>\n<meta name=\"twitter:label1\" content=\"\u00c9crit par\" \/>\n\t<meta name=\"twitter:data1\" content=\"Yusra NY\" \/>\n\t<meta name=\"twitter:label2\" content=\"Dur\u00e9e de lecture estim\u00e9e\" \/>\n\t<meta name=\"twitter:data2\" content=\"1 minute\" \/>\n<script type=\"application\/ld+json\" class=\"yoast-schema-graph\">{\"@context\":\"https:\/\/schema.org\",\"@graph\":[{\"@type\":\"Article\",\"@id\":\"https:\/\/kapitalis.com\/tunisie\/2021\/01\/13\/tunisie-avis-aux-passagers-a-destination-de-lautriche\/#article\",\"isPartOf\":{\"@id\":\"https:\/\/kapitalis.com\/tunisie\/2021\/01\/13\/tunisie-avis-aux-passagers-a-destination-de-lautriche\/\"},\"author\":{\"name\":\"Yusra NY\",\"@id\":\"https:\/\/kapitalis.com\/tunisie\/#\/schema\/person\/74bbde0154d49d790a92aaeac5bc01d5\"},\"headline\":\"Tunisie : Avis aux passagers \u00e0 destination de l&rsquo;Autriche\",\"datePublished\":\"2021-01-13T21:40:46+00:00\",\"dateModified\":\"2021-01-13T21:52:02+00:00\",\"mainEntityOfPage\":{\"@id\":\"https:\/\/kapitalis.com\/tunisie\/2021\/01\/13\/tunisie-avis-aux-passagers-a-destination-de-lautriche\/\"},\"wordCount\":154,\"commentCount\":0,\"publisher\":{\"@id\":\"https:\/\/kapitalis.com\/tunisie\/#organization\"},\"keywords\":[\"Autriche\",\"Coronavirus\",\"covid\",\"Tunisair\",\"Vienne\",\"voyageurs\"],\"articleSection\":[\"SOCIETE\",\"Tunisie\"],\"inLanguage\":\"fr-FR\",\"potentialAction\":[{\"@type\":\"CommentAction\",\"name\":\"Comment\",\"target\":[\"https:\/\/kapitalis.com\/tunisie\/2021\/01\/13\/tunisie-avis-aux-passagers-a-destination-de-lautriche\/#respond\"]}]},{\"@type\":\"WebPage\",\"@id\":\"https:\/\/kapitalis.com\/tunisie\/2021\/01\/13\/tunisie-avis-aux-passagers-a-destination-de-lautriche\/\",\"url\":\"https:\/\/kapitalis.com\/tunisie\/2021\/01\/13\/tunisie-avis-aux-passagers-a-destination-de-lautriche\/\",\"name\":\"Tunisie : Avis aux passagers \u00e0 destination de l'Autriche - Kapitalis\",\"isPartOf\":{\"@id\":\"https:\/\/kapitalis.com\/tunisie\/#website\"},\"datePublished\":\"2021-01-13T21:40:46+00:00\",\"dateModified\":\"2021-01-13T21:52:02+00:00\",\"breadcrumb\":{\"@id\":\"https:\/\/kapitalis.com\/tunisie\/2021\/01\/13\/tunisie-avis-aux-passagers-a-destination-de-lautriche\/#breadcrumb\"},\"inLanguage\":\"fr-FR\",\"potentialAction\":[{\"@type\":\"ReadAction\",\"target\":[\"https:\/\/kapitalis.com\/tunisie\/2021\/01\/13\/tunisie-avis-aux-passagers-a-destination-de-lautriche\/\"]}]},{\"@type\":\"BreadcrumbList\",\"@id\":\"https:\/\/kapitalis.com\/tunisie\/2021\/01\/13\/tunisie-avis-aux-passagers-a-destination-de-lautriche\/#breadcrumb\",\"itemListElement\":[{\"@type\":\"ListItem\",\"position\":1,\"name\":\"Accueil\",\"item\":\"https:\/\/kapitalis.com\/tunisie\/\"},{\"@type\":\"ListItem\",\"position\":2,\"name\":\"Tunisie : Avis aux passagers \u00e0 destination de l&rsquo;Autriche\"}]},{\"@type\":\"WebSite\",\"@id\":\"https:\/\/kapitalis.com\/tunisie\/#website\",\"url\":\"https:\/\/kapitalis.com\/tunisie\/\",\"name\":\"Kapitalis\",\"description\":\"L&#039;actualit\u00e9 en Tunisie et dans le monde\",\"publisher\":{\"@id\":\"https:\/\/kapitalis.com\/tunisie\/#organization\"},\"potentialAction\":[{\"@type\":\"SearchAction\",\"target\":{\"@type\":\"EntryPoint\",\"urlTemplate\":\"https:\/\/kapitalis.com\/tunisie\/?s={search_term_string}\"},\"query-input\":{\"@type\":\"PropertyValueSpecification\",\"valueRequired\":true,\"valueName\":\"search_term_string\"}}],\"inLanguage\":\"fr-FR\"},{\"@type\":\"Organization\",\"@id\":\"https:\/\/kapitalis.com\/tunisie\/#organization\",\"name\":\"Kapitalis\",\"url\":\"https:\/\/kapitalis.com\/tunisie\/\",\"logo\":{\"@type\":\"ImageObject\",\"inLanguage\":\"fr-FR\",\"@id\":\"https:\/\/kapitalis.com\/tunisie\/#\/schema\/logo\/image\/\",\"url\":\"https:\/\/kapitalis.com\/tunisie\/wp-content\/uploads\/2022\/05\/Kapitalis-big-size.png\",\"contentUrl\":\"https:\/\/kapitalis.com\/tunisie\/wp-content\/uploads\/2022\/05\/Kapitalis-big-size.png\",\"width\":5000,\"height\":1500,\"caption\":\"Kapitalis\"},\"image\":{\"@id\":\"https:\/\/kapitalis.com\/tunisie\/#\/schema\/logo\/image\/\"},\"sameAs\":[\"https:\/\/www.facebook.com\/KapitalisInfo\/\",\"https:\/\/x.com\/KapitalisInfo\",\"https:\/\/www.youtube.com\/channel\/UC-yDYrHyfFBWWZaOw3FPg9Q\"]},{\"@type\":\"Person\",\"@id\":\"https:\/\/kapitalis.com\/tunisie\/#\/schema\/person\/74bbde0154d49d790a92aaeac5bc01d5\",\"name\":\"Yusra NY\",\"url\":\"https:\/\/kapitalis.com\/tunisie\/author\/yuza_adam\/\"}]}<\/script>\n<!-- \/ Yoast SEO plugin. -->","yoast_head_json":{"title":"Tunisie : Avis aux passagers \u00e0 destination de l'Autriche - Kapitalis","robots":{"index":"index","follow":"follow","max-snippet":"max-snippet:-1","max-image-preview":"max-image-preview:large","max-video-preview":"max-video-preview:-1"},"canonical":"https:\/\/kapitalis.com\/tunisie\/2021\/01\/13\/tunisie-avis-aux-passagers-a-destination-de-lautriche\/","og_locale":"fr_FR","og_type":"article","og_title":"Tunisie : Avis aux passagers \u00e0 destination de l'Autriche - Kapitalis","og_description":"La compagnie a\u00e9rienne nationale Tunisair a publi\u00e9 un communiqu\u00e9 dans la soir\u00e9e de mercredi 13 janvier 2021, invitant les voyageurs \u00e0 destination de Vienne \u00e0 respecter une nouvelle mesure de voyage d\u00e9cid\u00e9es par le gouvernement autrichien, dans le cadre de la lutte contre le coronavirus.","og_url":"https:\/\/kapitalis.com\/tunisie\/2021\/01\/13\/tunisie-avis-aux-passagers-a-destination-de-lautriche\/","og_site_name":"Kapitalis","article_publisher":"https:\/\/www.facebook.com\/KapitalisInfo\/","article_published_time":"2021-01-13T21:40:46+00:00","article_modified_time":"2021-01-13T21:52:02+00:00","og_image":[{"width":1200,"height":630,"url":"https:\/\/kapitalis.com\/tunisie\/wp-content\/uploads\/2022\/05\/kapitalis-logo-fb.png","type":"image\/png"}],"author":"Yusra NY","twitter_card":"summary_large_image","twitter_creator":"@KapitalisInfo","twitter_site":"@KapitalisInfo","twitter_misc":{"\u00c9crit par":"Yusra NY","Dur\u00e9e de lecture estim\u00e9e":"1 minute"},"schema":{"@context":"https:\/\/schema.org","@graph":[{"@type":"Article","@id":"https:\/\/kapitalis.com\/tunisie\/2021\/01\/13\/tunisie-avis-aux-passagers-a-destination-de-lautriche\/#article","isPartOf":{"@id":"https:\/\/kapitalis.com\/tunisie\/2021\/01\/13\/tunisie-avis-aux-passagers-a-destination-de-lautriche\/"},"author":{"name":"Yusra NY","@id":"https:\/\/kapitalis.com\/tunisie\/#\/schema\/person\/74bbde0154d49d790a92aaeac5bc01d5"},"headline":"Tunisie : Avis aux passagers \u00e0 destination de l&rsquo;Autriche","datePublished":"2021-01-13T21:40:46+00:00","dateModified":"2021-01-13T21:52:02+00:00","mainEntityOfPage":{"@id":"https:\/\/kapitalis.com\/tunisie\/2021\/01\/13\/tunisie-avis-aux-passagers-a-destination-de-lautriche\/"},"wordCount":154,"commentCount":0,"publisher":{"@id":"https:\/\/kapitalis.com\/tunisie\/#organization"},"keywords":["Autriche","Coronavirus","covid","Tunisair","Vienne","voyageurs"],"articleSection":["SOCIETE","Tunisie"],"inLanguage":"fr-FR","potentialAction":[{"@type":"CommentAction","name":"Comment","target":["https:\/\/kapitalis.com\/tunisie\/2021\/01\/13\/tunisie-avis-aux-passagers-a-destination-de-lautriche\/#respond"]}]},{"@type":"WebPage","@id":"https:\/\/kapitalis.com\/tunisie\/2021\/01\/13\/tunisie-avis-aux-passagers-a-destination-de-lautriche\/","url":"https:\/\/kapitalis.com\/tunisie\/2021\/01\/13\/tunisie-avis-aux-passagers-a-destination-de-lautriche\/","name":"Tunisie : Avis aux passagers \u00e0 destination de l'Autriche - Kapitalis","isPartOf":{"@id":"https:\/\/kapitalis.com\/tunisie\/#website"},"datePublished":"2021-01-13T21:40:46+00:00","dateModified":"2021-01-13T21:52:02+00:00","breadcrumb":{"@id":"https:\/\/kapitalis.com\/tunisie\/2021\/01\/13\/tunisie-avis-aux-passagers-a-destination-de-lautriche\/#breadcrumb"},"inLanguage":"fr-FR","potentialAction":[{"@type":"ReadAction","target":["https:\/\/kapitalis.com\/tunisie\/2021\/01\/13\/tunisie-avis-aux-passagers-a-destination-de-lautriche\/"]}]},{"@type":"BreadcrumbList","@id":"https:\/\/kapitalis.com\/tunisie\/2021\/01\/13\/tunisie-avis-aux-passagers-a-destination-de-lautriche\/#breadcrumb","itemListElement":[{"@type":"ListItem","position":1,"name":"Accueil","item":"https:\/\/kapitalis.com\/tunisie\/"},{"@type":"ListItem","position":2,"name":"Tunisie : Avis aux passagers \u00e0 destination de l&rsquo;Autriche"}]},{"@type":"WebSite","@id":"https:\/\/kapitalis.com\/tunisie\/#website","url":"https:\/\/kapitalis.com\/tunisie\/","name":"Kapitalis","description":"L&#039;actualit\u00e9 en Tunisie et dans le monde","publisher":{"@id":"https:\/\/kapitalis.com\/tunisie\/#organization"},"potentialAction":[{"@type":"SearchAction","target":{"@type":"EntryPoint","urlTemplate":"https:\/\/kapitalis.com\/tunisie\/?s={search_term_string}"},"query-input":{"@type":"PropertyValueSpecification","valueRequired":true,"valueName":"search_term_string"}}],"inLanguage":"fr-FR"},{"@type":"Organization","@id":"https:\/\/kapitalis.com\/tunisie\/#organization","name":"Kapitalis","url":"https:\/\/kapitalis.com\/tunisie\/","logo":{"@type":"ImageObject","inLanguage":"fr-FR","@id":"https:\/\/kapitalis.com\/tunisie\/#\/schema\/logo\/image\/","url":"https:\/\/kapitalis.com\/tunisie\/wp-content\/uploads\/2022\/05\/Kapitalis-big-size.png","contentUrl":"https:\/\/kapitalis.com\/tunisie\/wp-content\/uploads\/2022\/05\/Kapitalis-big-size.png","width":5000,"height":1500,"caption":"Kapitalis"},"image":{"@id":"https:\/\/kapitalis.com\/tunisie\/#\/schema\/logo\/image\/"},"sameAs":["https:\/\/www.facebook.com\/KapitalisInfo\/","https:\/\/x.com\/KapitalisInfo","https:\/\/www.youtube.com\/channel\/UC-yDYrHyfFBWWZaOw3FPg9Q"]},{"@type":"Person","@id":"https:\/\/kapitalis.com\/tunisie\/#\/schema\/person\/74bbde0154d49d790a92aaeac5bc01d5","name":"Yusra NY","url":"https:\/\/kapitalis.com\/tunisie\/author\/yuza_adam\/"}]}},"_links":{"self":[{"href":"https:\/\/kapitalis.com\/tunisie\/wp-json\/wp\/v2\/posts\/331981","targetHints":{"allow":["GET"]}}],"collection":[{"href":"https:\/\/kapitalis.com\/tunisie\/wp-json\/wp\/v2\/posts"}],"about":[{"href":"https:\/\/kapitalis.com\/tunisie\/wp-json\/wp\/v2\/types\/post"}],"author":[{"embeddable":true,"href":"https:\/\/kapitalis.com\/tunisie\/wp-json\/wp\/v2\/users\/6"}],"replies":[{"embeddable":true,"href":"https:\/\/kapitalis.com\/tunisie\/wp-json\/wp\/v2\/comments?post=331981"}],"version-history":[{"count":0,"href":"https:\/\/kapitalis.com\/tunisie\/wp-json\/wp\/v2\/posts\/331981\/revisions"}],"wp:attachment":[{"href":"https:\/\/kapitalis.com\/tunisie\/wp-json\/wp\/v2\/media?parent=331981"}],"wp:term":[{"taxonomy":"category","embeddable":true,"href":"https:\/\/kapitalis.com\/tunisie\/wp-json\/wp\/v2\/categories?post=331981"},{"taxonomy":"post_tag","embeddable":true,"href":"https:\/\/kapitalis.com\/tunisie\/wp-json\/wp\/v2\/tags?post=331981"}],"curies":[{"name":"wp","href":"https:\/\/api.w.org\/{rel}","templated":true}]}}