{"id":332176,"date":"2021-01-15T13:18:32","date_gmt":"2021-01-15T12:18:32","guid":{"rendered":"http:\/\/kapitalis.com\/tunisie\/?p=332176"},"modified":"2021-01-15T13:18:35","modified_gmt":"2021-01-15T12:18:35","slug":"si-loin-si-proches-theme-de-la-6e-edition-de-la-nuit-des-idees","status":"publish","type":"post","link":"https:\/\/kapitalis.com\/tunisie\/2021\/01\/15\/si-loin-si-proches-theme-de-la-6e-edition-de-la-nuit-des-idees\/","title":{"rendered":"\u00ab\u00a0Si loin, si proches\u00a0\u00bb, th\u00e8me de la 6e \u00e9dition de la Nuit des Id\u00e9es"},"content":{"rendered":"\n<div class=\"wp-block-image\"><figure class=\"aligncenter size-large\"><img decoding=\"async\" src=\"http:\/\/kapitalis.com\/tunisie\/wp-content\/uploads\/2021\/01\/Untitled-1-6.jpg\" alt=\"\" class=\"wp-image-332190\"\/><\/figure><\/div>\n\n\n\n<p><strong><em>La 6<sup>e<\/sup> \u00e9dition de la Nuit des id\u00e9es, organis\u00e9e par l\u2019Institut Fran\u00e7ais, aura lieu le 28 janvier 2021, sous le th\u00e8me \u00ab\u00a0Si loin, si proches\u00a0\u00bb.<\/em><\/strong><\/p>\n\n\n\n<!--more-->\n\n\n\n<p>La Nuit des id\u00e9es est un \u00e9v\u00e9nement annuel francophone d\u00e9di\u00e9 \u00e0 la c\u00e9l\u00e9bration de l\u2019art et de la libre circulation des id\u00e9es, organis\u00e9 par l\u2019Institut Fran\u00e7ais et coordonn\u00e9 par ses diff\u00e9rents centres culturels \u00e0 travers le monde.<\/p>\n\n\n\n<p>L\u2019\u00e9v\u00e9nement r\u00e9unit chaque ann\u00e9e des artistes, des intellectuels, des acteurs de la soci\u00e9t\u00e9 civile \u2026 pour d\u00e9battre ensemble sur un th\u00e8me commun, en l\u2019occurrence cette ann\u00e9e \u00ab\u00a0Si loin, si proches\u00a0\u00bb, en r\u00e9f\u00e9rence au contexte sanitaire mondial li\u00e9 \u00e0 la pand\u00e9mie du Coronavirus (Covid-19) et \u00e0 toutes les restrictions sociales qui on en r\u00e9sult\u00e9.<\/p>\n\n\n\n<p>La reconqu\u00eate de l\u2019espace artistique, l\u2019hybridation, la r\u00e9volte des peuples, les correspondances, l\u2019arch\u00e9ologie \u2026 feront partie des th\u00e9matiques qui seront propos\u00e9es par l\u2019Institut Fran\u00e7ais de Tunisie (IFT) cette ann\u00e9e.<\/p>\n\n\n\n<p>La grande Nuit des id\u00e9es sera retransmise en direct pendant 24 heures sur les diff\u00e9rents r\u00e9seaux de l\u2019Institut Fran\u00e7ais. \u00ab\u00a0<em>La prochaine Nuit des id\u00e9es sera l\u2019occasion de se sentir plus \u2018\u2019proches\u2019\u2019 que jamais, de renforcer les connections et de d\u00e9jouer les fronti\u00e8res, d\u2019interagir avec d\u2019autres publics, et de c\u00e9l\u00e9brer une pens\u00e9e sans barri\u00e8res.<\/em>\u00a0\u00bb, lit-on dans le communiqu\u00e9 de l\u2019Institut Fran\u00e7ais.<\/p>\n\n\n\n<p class=\"has-text-align-right\"><strong>Fawz Benali<\/strong><\/p>\n","protected":false},"excerpt":{"rendered":"<p>La 6e \u00e9dition de la Nuit des id\u00e9es, organis\u00e9e par l\u2019Institut Fran\u00e7ais, aura lieu le 28 janvier 2021, sous le th\u00e8me \u00ab\u00a0Si loin, si proches\u00a0\u00bb.<\/p>\n","protected":false},"author":26,"featured_media":332190,"comment_status":"open","ping_status":"open","sticky":false,"template":"","format":"standard","meta":{"footnotes":""},"categories":[994,2433],"tags":[86566,462,86564,86565],"class_list":["post-332176","post","type-post","status-publish","format-standard","has-post-thumbnail","hentry","category-culture","category-tunisie","tag-6e-edition-nuit-des-idees","tag-ift","tag-la-nuit-des-idees-2021","tag-si-loin-si-proches"],"yoast_head":"<!-- This site is optimized with the Yoast SEO plugin v26.6 - https:\/\/yoast.com\/wordpress\/plugins\/seo\/ -->\n<title>&quot;Si loin, si proches&quot;, th\u00e8me de la 6e \u00e9dition de la Nuit des Id\u00e9es - Kapitalis<\/title>\n<meta name=\"robots\" content=\"index, follow, max-snippet:-1, max-image-preview:large, max-video-preview:-1\" \/>\n<link rel=\"canonical\" href=\"https:\/\/kapitalis.com\/tunisie\/2021\/01\/15\/si-loin-si-proches-theme-de-la-6e-edition-de-la-nuit-des-idees\/\" \/>\n<meta property=\"og:locale\" content=\"fr_FR\" \/>\n<meta property=\"og:type\" content=\"article\" \/>\n<meta property=\"og:title\" content=\"&quot;Si loin, si proches&quot;, th\u00e8me de la 6e \u00e9dition de la Nuit des Id\u00e9es - Kapitalis\" \/>\n<meta property=\"og:description\" content=\"La 6e \u00e9dition de la Nuit des id\u00e9es, organis\u00e9e par l\u2019Institut Fran\u00e7ais, aura lieu le 28 janvier 2021, sous le th\u00e8me \u00ab\u00a0Si loin, si proches\u00a0\u00bb.\" \/>\n<meta property=\"og:url\" content=\"https:\/\/kapitalis.com\/tunisie\/2021\/01\/15\/si-loin-si-proches-theme-de-la-6e-edition-de-la-nuit-des-idees\/\" \/>\n<meta property=\"og:site_name\" content=\"Kapitalis\" \/>\n<meta property=\"article:publisher\" content=\"https:\/\/www.facebook.com\/KapitalisInfo\/\" \/>\n<meta property=\"article:published_time\" content=\"2021-01-15T12:18:32+00:00\" \/>\n<meta property=\"article:modified_time\" content=\"2021-01-15T12:18:35+00:00\" \/>\n<meta property=\"og:image\" content=\"https:\/\/kapitalis.com\/tunisie\/wp-content\/uploads\/2022\/05\/kapitalis-logo-fb.png\" \/>\n\t<meta property=\"og:image:width\" content=\"1200\" \/>\n\t<meta property=\"og:image:height\" content=\"630\" \/>\n\t<meta property=\"og:image:type\" content=\"image\/png\" \/>\n<meta name=\"author\" content=\"Fawz BenAli\" \/>\n<meta name=\"twitter:card\" content=\"summary_large_image\" \/>\n<meta name=\"twitter:creator\" content=\"@KapitalisInfo\" \/>\n<meta name=\"twitter:site\" content=\"@KapitalisInfo\" \/>\n<meta name=\"twitter:label1\" content=\"\u00c9crit par\" \/>\n\t<meta name=\"twitter:data1\" content=\"Fawz BenAli\" \/>\n\t<meta name=\"twitter:label2\" content=\"Dur\u00e9e de lecture estim\u00e9e\" \/>\n\t<meta name=\"twitter:data2\" content=\"1 minute\" \/>\n<script type=\"application\/ld+json\" class=\"yoast-schema-graph\">{\"@context\":\"https:\/\/schema.org\",\"@graph\":[{\"@type\":\"Article\",\"@id\":\"https:\/\/kapitalis.com\/tunisie\/2021\/01\/15\/si-loin-si-proches-theme-de-la-6e-edition-de-la-nuit-des-idees\/#article\",\"isPartOf\":{\"@id\":\"https:\/\/kapitalis.com\/tunisie\/2021\/01\/15\/si-loin-si-proches-theme-de-la-6e-edition-de-la-nuit-des-idees\/\"},\"author\":{\"name\":\"Fawz BenAli\",\"@id\":\"https:\/\/kapitalis.com\/tunisie\/#\/schema\/person\/73a5ecc1f6ae540c6ed91342eadca948\"},\"headline\":\"\u00ab\u00a0Si loin, si proches\u00a0\u00bb, th\u00e8me de la 6e \u00e9dition de la Nuit des Id\u00e9es\",\"datePublished\":\"2021-01-15T12:18:32+00:00\",\"dateModified\":\"2021-01-15T12:18:35+00:00\",\"mainEntityOfPage\":{\"@id\":\"https:\/\/kapitalis.com\/tunisie\/2021\/01\/15\/si-loin-si-proches-theme-de-la-6e-edition-de-la-nuit-des-idees\/\"},\"wordCount\":269,\"commentCount\":0,\"publisher\":{\"@id\":\"https:\/\/kapitalis.com\/tunisie\/#organization\"},\"image\":{\"@id\":\"https:\/\/kapitalis.com\/tunisie\/2021\/01\/15\/si-loin-si-proches-theme-de-la-6e-edition-de-la-nuit-des-idees\/#primaryimage\"},\"thumbnailUrl\":\"\",\"keywords\":[\"6e \u00e9dition Nuit des id\u00e9es\",\"IFT\",\"La Nuit des Id\u00e9es 2021\",\"Si Loin si proches\"],\"articleSection\":[\"CULTURE\",\"Tunisie\"],\"inLanguage\":\"fr-FR\",\"potentialAction\":[{\"@type\":\"CommentAction\",\"name\":\"Comment\",\"target\":[\"https:\/\/kapitalis.com\/tunisie\/2021\/01\/15\/si-loin-si-proches-theme-de-la-6e-edition-de-la-nuit-des-idees\/#respond\"]}]},{\"@type\":\"WebPage\",\"@id\":\"https:\/\/kapitalis.com\/tunisie\/2021\/01\/15\/si-loin-si-proches-theme-de-la-6e-edition-de-la-nuit-des-idees\/\",\"url\":\"https:\/\/kapitalis.com\/tunisie\/2021\/01\/15\/si-loin-si-proches-theme-de-la-6e-edition-de-la-nuit-des-idees\/\",\"name\":\"\\\"Si loin, si proches\\\", th\u00e8me de la 6e \u00e9dition de la Nuit des Id\u00e9es - Kapitalis\",\"isPartOf\":{\"@id\":\"https:\/\/kapitalis.com\/tunisie\/#website\"},\"primaryImageOfPage\":{\"@id\":\"https:\/\/kapitalis.com\/tunisie\/2021\/01\/15\/si-loin-si-proches-theme-de-la-6e-edition-de-la-nuit-des-idees\/#primaryimage\"},\"image\":{\"@id\":\"https:\/\/kapitalis.com\/tunisie\/2021\/01\/15\/si-loin-si-proches-theme-de-la-6e-edition-de-la-nuit-des-idees\/#primaryimage\"},\"thumbnailUrl\":\"\",\"datePublished\":\"2021-01-15T12:18:32+00:00\",\"dateModified\":\"2021-01-15T12:18:35+00:00\",\"breadcrumb\":{\"@id\":\"https:\/\/kapitalis.com\/tunisie\/2021\/01\/15\/si-loin-si-proches-theme-de-la-6e-edition-de-la-nuit-des-idees\/#breadcrumb\"},\"inLanguage\":\"fr-FR\",\"potentialAction\":[{\"@type\":\"ReadAction\",\"target\":[\"https:\/\/kapitalis.com\/tunisie\/2021\/01\/15\/si-loin-si-proches-theme-de-la-6e-edition-de-la-nuit-des-idees\/\"]}]},{\"@type\":\"ImageObject\",\"inLanguage\":\"fr-FR\",\"@id\":\"https:\/\/kapitalis.com\/tunisie\/2021\/01\/15\/si-loin-si-proches-theme-de-la-6e-edition-de-la-nuit-des-idees\/#primaryimage\",\"url\":\"\",\"contentUrl\":\"\"},{\"@type\":\"BreadcrumbList\",\"@id\":\"https:\/\/kapitalis.com\/tunisie\/2021\/01\/15\/si-loin-si-proches-theme-de-la-6e-edition-de-la-nuit-des-idees\/#breadcrumb\",\"itemListElement\":[{\"@type\":\"ListItem\",\"position\":1,\"name\":\"Accueil\",\"item\":\"https:\/\/kapitalis.com\/tunisie\/\"},{\"@type\":\"ListItem\",\"position\":2,\"name\":\"\u00ab\u00a0Si loin, si proches\u00a0\u00bb, th\u00e8me de la 6e \u00e9dition de la Nuit des Id\u00e9es\"}]},{\"@type\":\"WebSite\",\"@id\":\"https:\/\/kapitalis.com\/tunisie\/#website\",\"url\":\"https:\/\/kapitalis.com\/tunisie\/\",\"name\":\"Kapitalis\",\"description\":\"L&#039;actualit\u00e9 en Tunisie et dans le monde\",\"publisher\":{\"@id\":\"https:\/\/kapitalis.com\/tunisie\/#organization\"},\"potentialAction\":[{\"@type\":\"SearchAction\",\"target\":{\"@type\":\"EntryPoint\",\"urlTemplate\":\"https:\/\/kapitalis.com\/tunisie\/?s={search_term_string}\"},\"query-input\":{\"@type\":\"PropertyValueSpecification\",\"valueRequired\":true,\"valueName\":\"search_term_string\"}}],\"inLanguage\":\"fr-FR\"},{\"@type\":\"Organization\",\"@id\":\"https:\/\/kapitalis.com\/tunisie\/#organization\",\"name\":\"Kapitalis\",\"url\":\"https:\/\/kapitalis.com\/tunisie\/\",\"logo\":{\"@type\":\"ImageObject\",\"inLanguage\":\"fr-FR\",\"@id\":\"https:\/\/kapitalis.com\/tunisie\/#\/schema\/logo\/image\/\",\"url\":\"https:\/\/kapitalis.com\/tunisie\/wp-content\/uploads\/2022\/05\/Kapitalis-big-size.png\",\"contentUrl\":\"https:\/\/kapitalis.com\/tunisie\/wp-content\/uploads\/2022\/05\/Kapitalis-big-size.png\",\"width\":5000,\"height\":1500,\"caption\":\"Kapitalis\"},\"image\":{\"@id\":\"https:\/\/kapitalis.com\/tunisie\/#\/schema\/logo\/image\/\"},\"sameAs\":[\"https:\/\/www.facebook.com\/KapitalisInfo\/\",\"https:\/\/x.com\/KapitalisInfo\",\"https:\/\/www.youtube.com\/channel\/UC-yDYrHyfFBWWZaOw3FPg9Q\"]},{\"@type\":\"Person\",\"@id\":\"https:\/\/kapitalis.com\/tunisie\/#\/schema\/person\/73a5ecc1f6ae540c6ed91342eadca948\",\"name\":\"Fawz BenAli\",\"url\":\"https:\/\/kapitalis.com\/tunisie\/author\/fawz\/\"}]}<\/script>\n<!-- \/ Yoast SEO plugin. -->","yoast_head_json":{"title":"\"Si loin, si proches\", th\u00e8me de la 6e \u00e9dition de la Nuit des Id\u00e9es - Kapitalis","robots":{"index":"index","follow":"follow","max-snippet":"max-snippet:-1","max-image-preview":"max-image-preview:large","max-video-preview":"max-video-preview:-1"},"canonical":"https:\/\/kapitalis.com\/tunisie\/2021\/01\/15\/si-loin-si-proches-theme-de-la-6e-edition-de-la-nuit-des-idees\/","og_locale":"fr_FR","og_type":"article","og_title":"\"Si loin, si proches\", th\u00e8me de la 6e \u00e9dition de la Nuit des Id\u00e9es - Kapitalis","og_description":"La 6e \u00e9dition de la Nuit des id\u00e9es, organis\u00e9e par l\u2019Institut Fran\u00e7ais, aura lieu le 28 janvier 2021, sous le th\u00e8me \u00ab\u00a0Si loin, si proches\u00a0\u00bb.","og_url":"https:\/\/kapitalis.com\/tunisie\/2021\/01\/15\/si-loin-si-proches-theme-de-la-6e-edition-de-la-nuit-des-idees\/","og_site_name":"Kapitalis","article_publisher":"https:\/\/www.facebook.com\/KapitalisInfo\/","article_published_time":"2021-01-15T12:18:32+00:00","article_modified_time":"2021-01-15T12:18:35+00:00","og_image":[{"width":1200,"height":630,"url":"https:\/\/kapitalis.com\/tunisie\/wp-content\/uploads\/2022\/05\/kapitalis-logo-fb.png","type":"image\/png"}],"author":"Fawz BenAli","twitter_card":"summary_large_image","twitter_creator":"@KapitalisInfo","twitter_site":"@KapitalisInfo","twitter_misc":{"\u00c9crit par":"Fawz BenAli","Dur\u00e9e de lecture estim\u00e9e":"1 minute"},"schema":{"@context":"https:\/\/schema.org","@graph":[{"@type":"Article","@id":"https:\/\/kapitalis.com\/tunisie\/2021\/01\/15\/si-loin-si-proches-theme-de-la-6e-edition-de-la-nuit-des-idees\/#article","isPartOf":{"@id":"https:\/\/kapitalis.com\/tunisie\/2021\/01\/15\/si-loin-si-proches-theme-de-la-6e-edition-de-la-nuit-des-idees\/"},"author":{"name":"Fawz BenAli","@id":"https:\/\/kapitalis.com\/tunisie\/#\/schema\/person\/73a5ecc1f6ae540c6ed91342eadca948"},"headline":"\u00ab\u00a0Si loin, si proches\u00a0\u00bb, th\u00e8me de la 6e \u00e9dition de la Nuit des Id\u00e9es","datePublished":"2021-01-15T12:18:32+00:00","dateModified":"2021-01-15T12:18:35+00:00","mainEntityOfPage":{"@id":"https:\/\/kapitalis.com\/tunisie\/2021\/01\/15\/si-loin-si-proches-theme-de-la-6e-edition-de-la-nuit-des-idees\/"},"wordCount":269,"commentCount":0,"publisher":{"@id":"https:\/\/kapitalis.com\/tunisie\/#organization"},"image":{"@id":"https:\/\/kapitalis.com\/tunisie\/2021\/01\/15\/si-loin-si-proches-theme-de-la-6e-edition-de-la-nuit-des-idees\/#primaryimage"},"thumbnailUrl":"","keywords":["6e \u00e9dition Nuit des id\u00e9es","IFT","La Nuit des Id\u00e9es 2021","Si Loin si proches"],"articleSection":["CULTURE","Tunisie"],"inLanguage":"fr-FR","potentialAction":[{"@type":"CommentAction","name":"Comment","target":["https:\/\/kapitalis.com\/tunisie\/2021\/01\/15\/si-loin-si-proches-theme-de-la-6e-edition-de-la-nuit-des-idees\/#respond"]}]},{"@type":"WebPage","@id":"https:\/\/kapitalis.com\/tunisie\/2021\/01\/15\/si-loin-si-proches-theme-de-la-6e-edition-de-la-nuit-des-idees\/","url":"https:\/\/kapitalis.com\/tunisie\/2021\/01\/15\/si-loin-si-proches-theme-de-la-6e-edition-de-la-nuit-des-idees\/","name":"\"Si loin, si proches\", th\u00e8me de la 6e \u00e9dition de la Nuit des Id\u00e9es - Kapitalis","isPartOf":{"@id":"https:\/\/kapitalis.com\/tunisie\/#website"},"primaryImageOfPage":{"@id":"https:\/\/kapitalis.com\/tunisie\/2021\/01\/15\/si-loin-si-proches-theme-de-la-6e-edition-de-la-nuit-des-idees\/#primaryimage"},"image":{"@id":"https:\/\/kapitalis.com\/tunisie\/2021\/01\/15\/si-loin-si-proches-theme-de-la-6e-edition-de-la-nuit-des-idees\/#primaryimage"},"thumbnailUrl":"","datePublished":"2021-01-15T12:18:32+00:00","dateModified":"2021-01-15T12:18:35+00:00","breadcrumb":{"@id":"https:\/\/kapitalis.com\/tunisie\/2021\/01\/15\/si-loin-si-proches-theme-de-la-6e-edition-de-la-nuit-des-idees\/#breadcrumb"},"inLanguage":"fr-FR","potentialAction":[{"@type":"ReadAction","target":["https:\/\/kapitalis.com\/tunisie\/2021\/01\/15\/si-loin-si-proches-theme-de-la-6e-edition-de-la-nuit-des-idees\/"]}]},{"@type":"ImageObject","inLanguage":"fr-FR","@id":"https:\/\/kapitalis.com\/tunisie\/2021\/01\/15\/si-loin-si-proches-theme-de-la-6e-edition-de-la-nuit-des-idees\/#primaryimage","url":"","contentUrl":""},{"@type":"BreadcrumbList","@id":"https:\/\/kapitalis.com\/tunisie\/2021\/01\/15\/si-loin-si-proches-theme-de-la-6e-edition-de-la-nuit-des-idees\/#breadcrumb","itemListElement":[{"@type":"ListItem","position":1,"name":"Accueil","item":"https:\/\/kapitalis.com\/tunisie\/"},{"@type":"ListItem","position":2,"name":"\u00ab\u00a0Si loin, si proches\u00a0\u00bb, th\u00e8me de la 6e \u00e9dition de la Nuit des Id\u00e9es"}]},{"@type":"WebSite","@id":"https:\/\/kapitalis.com\/tunisie\/#website","url":"https:\/\/kapitalis.com\/tunisie\/","name":"Kapitalis","description":"L&#039;actualit\u00e9 en Tunisie et dans le monde","publisher":{"@id":"https:\/\/kapitalis.com\/tunisie\/#organization"},"potentialAction":[{"@type":"SearchAction","target":{"@type":"EntryPoint","urlTemplate":"https:\/\/kapitalis.com\/tunisie\/?s={search_term_string}"},"query-input":{"@type":"PropertyValueSpecification","valueRequired":true,"valueName":"search_term_string"}}],"inLanguage":"fr-FR"},{"@type":"Organization","@id":"https:\/\/kapitalis.com\/tunisie\/#organization","name":"Kapitalis","url":"https:\/\/kapitalis.com\/tunisie\/","logo":{"@type":"ImageObject","inLanguage":"fr-FR","@id":"https:\/\/kapitalis.com\/tunisie\/#\/schema\/logo\/image\/","url":"https:\/\/kapitalis.com\/tunisie\/wp-content\/uploads\/2022\/05\/Kapitalis-big-size.png","contentUrl":"https:\/\/kapitalis.com\/tunisie\/wp-content\/uploads\/2022\/05\/Kapitalis-big-size.png","width":5000,"height":1500,"caption":"Kapitalis"},"image":{"@id":"https:\/\/kapitalis.com\/tunisie\/#\/schema\/logo\/image\/"},"sameAs":["https:\/\/www.facebook.com\/KapitalisInfo\/","https:\/\/x.com\/KapitalisInfo","https:\/\/www.youtube.com\/channel\/UC-yDYrHyfFBWWZaOw3FPg9Q"]},{"@type":"Person","@id":"https:\/\/kapitalis.com\/tunisie\/#\/schema\/person\/73a5ecc1f6ae540c6ed91342eadca948","name":"Fawz BenAli","url":"https:\/\/kapitalis.com\/tunisie\/author\/fawz\/"}]}},"_links":{"self":[{"href":"https:\/\/kapitalis.com\/tunisie\/wp-json\/wp\/v2\/posts\/332176","targetHints":{"allow":["GET"]}}],"collection":[{"href":"https:\/\/kapitalis.com\/tunisie\/wp-json\/wp\/v2\/posts"}],"about":[{"href":"https:\/\/kapitalis.com\/tunisie\/wp-json\/wp\/v2\/types\/post"}],"author":[{"embeddable":true,"href":"https:\/\/kapitalis.com\/tunisie\/wp-json\/wp\/v2\/users\/26"}],"replies":[{"embeddable":true,"href":"https:\/\/kapitalis.com\/tunisie\/wp-json\/wp\/v2\/comments?post=332176"}],"version-history":[{"count":0,"href":"https:\/\/kapitalis.com\/tunisie\/wp-json\/wp\/v2\/posts\/332176\/revisions"}],"wp:featuredmedia":[{"embeddable":true,"href":"https:\/\/kapitalis.com\/tunisie\/wp-json\/wp\/v2\/media\/332190"}],"wp:attachment":[{"href":"https:\/\/kapitalis.com\/tunisie\/wp-json\/wp\/v2\/media?parent=332176"}],"wp:term":[{"taxonomy":"category","embeddable":true,"href":"https:\/\/kapitalis.com\/tunisie\/wp-json\/wp\/v2\/categories?post=332176"},{"taxonomy":"post_tag","embeddable":true,"href":"https:\/\/kapitalis.com\/tunisie\/wp-json\/wp\/v2\/tags?post=332176"}],"curies":[{"name":"wp","href":"https:\/\/api.w.org\/{rel}","templated":true}]}}