{"id":332209,"date":"2021-01-15T15:15:47","date_gmt":"2021-01-15T14:15:47","guid":{"rendered":"http:\/\/kapitalis.com\/tunisie\/?p=332209"},"modified":"2021-01-15T17:55:39","modified_gmt":"2021-01-15T16:55:39","slug":"crom-de-tunis-la-covid-19-emporte-dr-lotfi-boughanmi-figure-de-la-psychiatrie-tunisienne","status":"publish","type":"post","link":"https:\/\/kapitalis.com\/tunisie\/2021\/01\/15\/crom-de-tunis-la-covid-19-emporte-dr-lotfi-boughanmi-figure-de-la-psychiatrie-tunisienne\/","title":{"rendered":"CROM de Tunis : \u00abLa Covid-19 emporte Dr Lotfi Boughanmi, figure de la psychiatrie tunisienne\u00bb"},"content":{"rendered":"\n<figure class=\"wp-block-image size-large\"><img decoding=\"async\" src=\"http:\/\/kapitalis.com\/tunisie\/wp-content\/uploads\/2020\/10\/deces-docteur-ben-arfa-medecins-tunis.jpg\" alt=\"\" class=\"wp-image-319822\"\/><\/figure>\n\n\n\n<p><em><strong>\u00abLa communaut\u00e9 m\u00e9dicale d\u00e9plore la disparition du Dr Lotfi Boughanmi, figure de la psychiatrie tunisienne, install\u00e9 \u00e0 Tunis, des suites de la Covid-19\u00bb, d\u00e9plore le Conseil r\u00e9gional de l\u2019Ordre des m\u00e9decins de Tunis.<\/strong><\/em><\/p>\n\n\n\n<!--more-->\n\n\n\n<p><em>\u00abEn cette p\u00e9nible circonstance, la Pr\u00e9sidente et les membres du bureau du CROM de Tunis pr\u00e9sentent leurs condol\u00e9ances les plus \u00e9mues \u00e0 sa famille ainsi qu&rsquo;\u00e0 la communaut\u00e9 des psychiatres en Tunisie. Paix \u00e0 l&rsquo;\u00e2me de notre ami et coll\u00e8gue<\/em>\u00bb, ajoute le bureau du CROM de Tunis.<\/p>\n\n\n\n<p>De nombreux m\u00e9decins et associations m\u00e9dicales, \u00e0 l&rsquo;instar de l&rsquo;Association tunisienne des psychiatres d&rsquo;exercices Priv\u00e9s (ATPEP),, dont il \u00e9tait membre, ont pr\u00e9sent\u00e9 leurs condol\u00e9ances \u00e0 la famille, aux proches, amis et confr\u00e8res de Dr Boughanmi, qui le d\u00e9crive comme un homme bon, g\u00e9n\u00e9reux et engag\u00e9.<\/p>\n\n\n\n<p>Dr Abdellatif Mekki, ancien ministre a \u00e9galement d\u00e9plor\u00e9 le d\u00e9c\u00e8s de son confr\u00e8re, en pr\u00e9sentant ses condol\u00e9ances \u00e0 son \u00e9pouse et conscoeur, Dr Najet Zaalani.<\/p>\n\n\n\n<p class=\"has-text-align-right\"><strong>Y. N.<\/strong><\/p>\n","protected":false},"excerpt":{"rendered":"<p>\u00abLa communaut\u00e9 m\u00e9dicale d\u00e9plore la disparition du Dr Lotfi Boughanmi, figure de la psychiatrie tunisienne, install\u00e9 \u00e0 Tunis, des suites de la Covid-19\u00bb, d\u00e9plore le Conseil r\u00e9gional de l\u2019Ordre des m\u00e9decins de Tunis.<\/p>\n","protected":false},"author":6,"featured_media":0,"comment_status":"open","ping_status":"open","sticky":false,"template":"","format":"standard","meta":{"footnotes":""},"categories":[998,2433],"tags":[73060,78820,82627,64263,86568,64491],"class_list":["post-332209","post","type-post","status-publish","format-standard","hentry","category-societe","category-tunisie","tag-coronavirus","tag-covid-2","tag-crom","tag-deces","tag-lotfi-boughanmi","tag-tunis"],"yoast_head":"<!-- This site is optimized with the Yoast SEO plugin v26.6 - https:\/\/yoast.com\/wordpress\/plugins\/seo\/ -->\n<title>CROM de Tunis : \u00abLa Covid-19 emporte Dr Lotfi Boughanmi, figure de la psychiatrie tunisienne\u00bb - Kapitalis<\/title>\n<meta name=\"robots\" content=\"index, follow, max-snippet:-1, max-image-preview:large, max-video-preview:-1\" \/>\n<link rel=\"canonical\" href=\"https:\/\/kapitalis.com\/tunisie\/2021\/01\/15\/crom-de-tunis-la-covid-19-emporte-dr-lotfi-boughanmi-figure-de-la-psychiatrie-tunisienne\/\" \/>\n<meta property=\"og:locale\" content=\"fr_FR\" \/>\n<meta property=\"og:type\" content=\"article\" \/>\n<meta property=\"og:title\" content=\"CROM de Tunis : \u00abLa Covid-19 emporte Dr Lotfi Boughanmi, figure de la psychiatrie tunisienne\u00bb - Kapitalis\" \/>\n<meta property=\"og:description\" content=\"\u00abLa communaut\u00e9 m\u00e9dicale d\u00e9plore la disparition du Dr Lotfi Boughanmi, figure de la psychiatrie tunisienne, install\u00e9 \u00e0 Tunis, des suites de la Covid-19\u00bb, d\u00e9plore le Conseil r\u00e9gional de l\u2019Ordre des m\u00e9decins de Tunis.\" \/>\n<meta property=\"og:url\" content=\"https:\/\/kapitalis.com\/tunisie\/2021\/01\/15\/crom-de-tunis-la-covid-19-emporte-dr-lotfi-boughanmi-figure-de-la-psychiatrie-tunisienne\/\" \/>\n<meta property=\"og:site_name\" content=\"Kapitalis\" \/>\n<meta property=\"article:publisher\" content=\"https:\/\/www.facebook.com\/KapitalisInfo\/\" \/>\n<meta property=\"article:published_time\" content=\"2021-01-15T14:15:47+00:00\" \/>\n<meta property=\"article:modified_time\" content=\"2021-01-15T16:55:39+00:00\" \/>\n<meta property=\"og:image\" content=\"http:\/\/kapitalis.com\/tunisie\/wp-content\/uploads\/2020\/10\/deces-docteur-ben-arfa-medecins-tunis.jpg\" \/>\n<meta name=\"author\" content=\"Yusra NY\" \/>\n<meta name=\"twitter:card\" content=\"summary_large_image\" \/>\n<meta name=\"twitter:creator\" content=\"@KapitalisInfo\" \/>\n<meta name=\"twitter:site\" content=\"@KapitalisInfo\" \/>\n<meta name=\"twitter:label1\" content=\"\u00c9crit par\" \/>\n\t<meta name=\"twitter:data1\" content=\"Yusra NY\" \/>\n\t<meta name=\"twitter:label2\" content=\"Dur\u00e9e de lecture estim\u00e9e\" \/>\n\t<meta name=\"twitter:data2\" content=\"1 minute\" \/>\n<script type=\"application\/ld+json\" class=\"yoast-schema-graph\">{\"@context\":\"https:\/\/schema.org\",\"@graph\":[{\"@type\":\"Article\",\"@id\":\"https:\/\/kapitalis.com\/tunisie\/2021\/01\/15\/crom-de-tunis-la-covid-19-emporte-dr-lotfi-boughanmi-figure-de-la-psychiatrie-tunisienne\/#article\",\"isPartOf\":{\"@id\":\"https:\/\/kapitalis.com\/tunisie\/2021\/01\/15\/crom-de-tunis-la-covid-19-emporte-dr-lotfi-boughanmi-figure-de-la-psychiatrie-tunisienne\/\"},\"author\":{\"name\":\"Yusra NY\",\"@id\":\"https:\/\/kapitalis.com\/tunisie\/#\/schema\/person\/74bbde0154d49d790a92aaeac5bc01d5\"},\"headline\":\"CROM de Tunis : \u00abLa Covid-19 emporte Dr Lotfi Boughanmi, figure de la psychiatrie tunisienne\u00bb\",\"datePublished\":\"2021-01-15T14:15:47+00:00\",\"dateModified\":\"2021-01-15T16:55:39+00:00\",\"mainEntityOfPage\":{\"@id\":\"https:\/\/kapitalis.com\/tunisie\/2021\/01\/15\/crom-de-tunis-la-covid-19-emporte-dr-lotfi-boughanmi-figure-de-la-psychiatrie-tunisienne\/\"},\"wordCount\":187,\"commentCount\":1,\"publisher\":{\"@id\":\"https:\/\/kapitalis.com\/tunisie\/#organization\"},\"image\":{\"@id\":\"https:\/\/kapitalis.com\/tunisie\/2021\/01\/15\/crom-de-tunis-la-covid-19-emporte-dr-lotfi-boughanmi-figure-de-la-psychiatrie-tunisienne\/#primaryimage\"},\"thumbnailUrl\":\"http:\/\/kapitalis.com\/tunisie\/wp-content\/uploads\/2020\/10\/deces-docteur-ben-arfa-medecins-tunis.jpg\",\"keywords\":[\"Coronavirus\",\"covid\",\"CROM\",\"d\u00e9c\u00e8s\",\"Lotfi Boughanmi\",\"Tunis\"],\"articleSection\":[\"SOCIETE\",\"Tunisie\"],\"inLanguage\":\"fr-FR\",\"potentialAction\":[{\"@type\":\"CommentAction\",\"name\":\"Comment\",\"target\":[\"https:\/\/kapitalis.com\/tunisie\/2021\/01\/15\/crom-de-tunis-la-covid-19-emporte-dr-lotfi-boughanmi-figure-de-la-psychiatrie-tunisienne\/#respond\"]}]},{\"@type\":\"WebPage\",\"@id\":\"https:\/\/kapitalis.com\/tunisie\/2021\/01\/15\/crom-de-tunis-la-covid-19-emporte-dr-lotfi-boughanmi-figure-de-la-psychiatrie-tunisienne\/\",\"url\":\"https:\/\/kapitalis.com\/tunisie\/2021\/01\/15\/crom-de-tunis-la-covid-19-emporte-dr-lotfi-boughanmi-figure-de-la-psychiatrie-tunisienne\/\",\"name\":\"CROM de Tunis : \u00abLa Covid-19 emporte Dr Lotfi Boughanmi, figure de la psychiatrie tunisienne\u00bb - Kapitalis\",\"isPartOf\":{\"@id\":\"https:\/\/kapitalis.com\/tunisie\/#website\"},\"primaryImageOfPage\":{\"@id\":\"https:\/\/kapitalis.com\/tunisie\/2021\/01\/15\/crom-de-tunis-la-covid-19-emporte-dr-lotfi-boughanmi-figure-de-la-psychiatrie-tunisienne\/#primaryimage\"},\"image\":{\"@id\":\"https:\/\/kapitalis.com\/tunisie\/2021\/01\/15\/crom-de-tunis-la-covid-19-emporte-dr-lotfi-boughanmi-figure-de-la-psychiatrie-tunisienne\/#primaryimage\"},\"thumbnailUrl\":\"http:\/\/kapitalis.com\/tunisie\/wp-content\/uploads\/2020\/10\/deces-docteur-ben-arfa-medecins-tunis.jpg\",\"datePublished\":\"2021-01-15T14:15:47+00:00\",\"dateModified\":\"2021-01-15T16:55:39+00:00\",\"breadcrumb\":{\"@id\":\"https:\/\/kapitalis.com\/tunisie\/2021\/01\/15\/crom-de-tunis-la-covid-19-emporte-dr-lotfi-boughanmi-figure-de-la-psychiatrie-tunisienne\/#breadcrumb\"},\"inLanguage\":\"fr-FR\",\"potentialAction\":[{\"@type\":\"ReadAction\",\"target\":[\"https:\/\/kapitalis.com\/tunisie\/2021\/01\/15\/crom-de-tunis-la-covid-19-emporte-dr-lotfi-boughanmi-figure-de-la-psychiatrie-tunisienne\/\"]}]},{\"@type\":\"ImageObject\",\"inLanguage\":\"fr-FR\",\"@id\":\"https:\/\/kapitalis.com\/tunisie\/2021\/01\/15\/crom-de-tunis-la-covid-19-emporte-dr-lotfi-boughanmi-figure-de-la-psychiatrie-tunisienne\/#primaryimage\",\"url\":\"\",\"contentUrl\":\"\"},{\"@type\":\"BreadcrumbList\",\"@id\":\"https:\/\/kapitalis.com\/tunisie\/2021\/01\/15\/crom-de-tunis-la-covid-19-emporte-dr-lotfi-boughanmi-figure-de-la-psychiatrie-tunisienne\/#breadcrumb\",\"itemListElement\":[{\"@type\":\"ListItem\",\"position\":1,\"name\":\"Accueil\",\"item\":\"https:\/\/kapitalis.com\/tunisie\/\"},{\"@type\":\"ListItem\",\"position\":2,\"name\":\"CROM de Tunis : \u00abLa Covid-19 emporte Dr Lotfi Boughanmi, figure de la psychiatrie tunisienne\u00bb\"}]},{\"@type\":\"WebSite\",\"@id\":\"https:\/\/kapitalis.com\/tunisie\/#website\",\"url\":\"https:\/\/kapitalis.com\/tunisie\/\",\"name\":\"Kapitalis\",\"description\":\"L&#039;actualit\u00e9 en Tunisie et dans le monde\",\"publisher\":{\"@id\":\"https:\/\/kapitalis.com\/tunisie\/#organization\"},\"potentialAction\":[{\"@type\":\"SearchAction\",\"target\":{\"@type\":\"EntryPoint\",\"urlTemplate\":\"https:\/\/kapitalis.com\/tunisie\/?s={search_term_string}\"},\"query-input\":{\"@type\":\"PropertyValueSpecification\",\"valueRequired\":true,\"valueName\":\"search_term_string\"}}],\"inLanguage\":\"fr-FR\"},{\"@type\":\"Organization\",\"@id\":\"https:\/\/kapitalis.com\/tunisie\/#organization\",\"name\":\"Kapitalis\",\"url\":\"https:\/\/kapitalis.com\/tunisie\/\",\"logo\":{\"@type\":\"ImageObject\",\"inLanguage\":\"fr-FR\",\"@id\":\"https:\/\/kapitalis.com\/tunisie\/#\/schema\/logo\/image\/\",\"url\":\"https:\/\/kapitalis.com\/tunisie\/wp-content\/uploads\/2022\/05\/Kapitalis-big-size.png\",\"contentUrl\":\"https:\/\/kapitalis.com\/tunisie\/wp-content\/uploads\/2022\/05\/Kapitalis-big-size.png\",\"width\":5000,\"height\":1500,\"caption\":\"Kapitalis\"},\"image\":{\"@id\":\"https:\/\/kapitalis.com\/tunisie\/#\/schema\/logo\/image\/\"},\"sameAs\":[\"https:\/\/www.facebook.com\/KapitalisInfo\/\",\"https:\/\/x.com\/KapitalisInfo\",\"https:\/\/www.youtube.com\/channel\/UC-yDYrHyfFBWWZaOw3FPg9Q\"]},{\"@type\":\"Person\",\"@id\":\"https:\/\/kapitalis.com\/tunisie\/#\/schema\/person\/74bbde0154d49d790a92aaeac5bc01d5\",\"name\":\"Yusra NY\",\"url\":\"https:\/\/kapitalis.com\/tunisie\/author\/yuza_adam\/\"}]}<\/script>\n<!-- \/ Yoast SEO plugin. -->","yoast_head_json":{"title":"CROM de Tunis : \u00abLa Covid-19 emporte Dr Lotfi Boughanmi, figure de la psychiatrie tunisienne\u00bb - Kapitalis","robots":{"index":"index","follow":"follow","max-snippet":"max-snippet:-1","max-image-preview":"max-image-preview:large","max-video-preview":"max-video-preview:-1"},"canonical":"https:\/\/kapitalis.com\/tunisie\/2021\/01\/15\/crom-de-tunis-la-covid-19-emporte-dr-lotfi-boughanmi-figure-de-la-psychiatrie-tunisienne\/","og_locale":"fr_FR","og_type":"article","og_title":"CROM de Tunis : \u00abLa Covid-19 emporte Dr Lotfi Boughanmi, figure de la psychiatrie tunisienne\u00bb - Kapitalis","og_description":"\u00abLa communaut\u00e9 m\u00e9dicale d\u00e9plore la disparition du Dr Lotfi Boughanmi, figure de la psychiatrie tunisienne, install\u00e9 \u00e0 Tunis, des suites de la Covid-19\u00bb, d\u00e9plore le Conseil r\u00e9gional de l\u2019Ordre des m\u00e9decins de Tunis.","og_url":"https:\/\/kapitalis.com\/tunisie\/2021\/01\/15\/crom-de-tunis-la-covid-19-emporte-dr-lotfi-boughanmi-figure-de-la-psychiatrie-tunisienne\/","og_site_name":"Kapitalis","article_publisher":"https:\/\/www.facebook.com\/KapitalisInfo\/","article_published_time":"2021-01-15T14:15:47+00:00","article_modified_time":"2021-01-15T16:55:39+00:00","og_image":[{"url":"http:\/\/kapitalis.com\/tunisie\/wp-content\/uploads\/2020\/10\/deces-docteur-ben-arfa-medecins-tunis.jpg","type":"","width":"","height":""}],"author":"Yusra NY","twitter_card":"summary_large_image","twitter_creator":"@KapitalisInfo","twitter_site":"@KapitalisInfo","twitter_misc":{"\u00c9crit par":"Yusra NY","Dur\u00e9e de lecture estim\u00e9e":"1 minute"},"schema":{"@context":"https:\/\/schema.org","@graph":[{"@type":"Article","@id":"https:\/\/kapitalis.com\/tunisie\/2021\/01\/15\/crom-de-tunis-la-covid-19-emporte-dr-lotfi-boughanmi-figure-de-la-psychiatrie-tunisienne\/#article","isPartOf":{"@id":"https:\/\/kapitalis.com\/tunisie\/2021\/01\/15\/crom-de-tunis-la-covid-19-emporte-dr-lotfi-boughanmi-figure-de-la-psychiatrie-tunisienne\/"},"author":{"name":"Yusra NY","@id":"https:\/\/kapitalis.com\/tunisie\/#\/schema\/person\/74bbde0154d49d790a92aaeac5bc01d5"},"headline":"CROM de Tunis : \u00abLa Covid-19 emporte Dr Lotfi Boughanmi, figure de la psychiatrie tunisienne\u00bb","datePublished":"2021-01-15T14:15:47+00:00","dateModified":"2021-01-15T16:55:39+00:00","mainEntityOfPage":{"@id":"https:\/\/kapitalis.com\/tunisie\/2021\/01\/15\/crom-de-tunis-la-covid-19-emporte-dr-lotfi-boughanmi-figure-de-la-psychiatrie-tunisienne\/"},"wordCount":187,"commentCount":1,"publisher":{"@id":"https:\/\/kapitalis.com\/tunisie\/#organization"},"image":{"@id":"https:\/\/kapitalis.com\/tunisie\/2021\/01\/15\/crom-de-tunis-la-covid-19-emporte-dr-lotfi-boughanmi-figure-de-la-psychiatrie-tunisienne\/#primaryimage"},"thumbnailUrl":"http:\/\/kapitalis.com\/tunisie\/wp-content\/uploads\/2020\/10\/deces-docteur-ben-arfa-medecins-tunis.jpg","keywords":["Coronavirus","covid","CROM","d\u00e9c\u00e8s","Lotfi Boughanmi","Tunis"],"articleSection":["SOCIETE","Tunisie"],"inLanguage":"fr-FR","potentialAction":[{"@type":"CommentAction","name":"Comment","target":["https:\/\/kapitalis.com\/tunisie\/2021\/01\/15\/crom-de-tunis-la-covid-19-emporte-dr-lotfi-boughanmi-figure-de-la-psychiatrie-tunisienne\/#respond"]}]},{"@type":"WebPage","@id":"https:\/\/kapitalis.com\/tunisie\/2021\/01\/15\/crom-de-tunis-la-covid-19-emporte-dr-lotfi-boughanmi-figure-de-la-psychiatrie-tunisienne\/","url":"https:\/\/kapitalis.com\/tunisie\/2021\/01\/15\/crom-de-tunis-la-covid-19-emporte-dr-lotfi-boughanmi-figure-de-la-psychiatrie-tunisienne\/","name":"CROM de Tunis : \u00abLa Covid-19 emporte Dr Lotfi Boughanmi, figure de la psychiatrie tunisienne\u00bb - Kapitalis","isPartOf":{"@id":"https:\/\/kapitalis.com\/tunisie\/#website"},"primaryImageOfPage":{"@id":"https:\/\/kapitalis.com\/tunisie\/2021\/01\/15\/crom-de-tunis-la-covid-19-emporte-dr-lotfi-boughanmi-figure-de-la-psychiatrie-tunisienne\/#primaryimage"},"image":{"@id":"https:\/\/kapitalis.com\/tunisie\/2021\/01\/15\/crom-de-tunis-la-covid-19-emporte-dr-lotfi-boughanmi-figure-de-la-psychiatrie-tunisienne\/#primaryimage"},"thumbnailUrl":"http:\/\/kapitalis.com\/tunisie\/wp-content\/uploads\/2020\/10\/deces-docteur-ben-arfa-medecins-tunis.jpg","datePublished":"2021-01-15T14:15:47+00:00","dateModified":"2021-01-15T16:55:39+00:00","breadcrumb":{"@id":"https:\/\/kapitalis.com\/tunisie\/2021\/01\/15\/crom-de-tunis-la-covid-19-emporte-dr-lotfi-boughanmi-figure-de-la-psychiatrie-tunisienne\/#breadcrumb"},"inLanguage":"fr-FR","potentialAction":[{"@type":"ReadAction","target":["https:\/\/kapitalis.com\/tunisie\/2021\/01\/15\/crom-de-tunis-la-covid-19-emporte-dr-lotfi-boughanmi-figure-de-la-psychiatrie-tunisienne\/"]}]},{"@type":"ImageObject","inLanguage":"fr-FR","@id":"https:\/\/kapitalis.com\/tunisie\/2021\/01\/15\/crom-de-tunis-la-covid-19-emporte-dr-lotfi-boughanmi-figure-de-la-psychiatrie-tunisienne\/#primaryimage","url":"","contentUrl":""},{"@type":"BreadcrumbList","@id":"https:\/\/kapitalis.com\/tunisie\/2021\/01\/15\/crom-de-tunis-la-covid-19-emporte-dr-lotfi-boughanmi-figure-de-la-psychiatrie-tunisienne\/#breadcrumb","itemListElement":[{"@type":"ListItem","position":1,"name":"Accueil","item":"https:\/\/kapitalis.com\/tunisie\/"},{"@type":"ListItem","position":2,"name":"CROM de Tunis : \u00abLa Covid-19 emporte Dr Lotfi Boughanmi, figure de la psychiatrie tunisienne\u00bb"}]},{"@type":"WebSite","@id":"https:\/\/kapitalis.com\/tunisie\/#website","url":"https:\/\/kapitalis.com\/tunisie\/","name":"Kapitalis","description":"L&#039;actualit\u00e9 en Tunisie et dans le monde","publisher":{"@id":"https:\/\/kapitalis.com\/tunisie\/#organization"},"potentialAction":[{"@type":"SearchAction","target":{"@type":"EntryPoint","urlTemplate":"https:\/\/kapitalis.com\/tunisie\/?s={search_term_string}"},"query-input":{"@type":"PropertyValueSpecification","valueRequired":true,"valueName":"search_term_string"}}],"inLanguage":"fr-FR"},{"@type":"Organization","@id":"https:\/\/kapitalis.com\/tunisie\/#organization","name":"Kapitalis","url":"https:\/\/kapitalis.com\/tunisie\/","logo":{"@type":"ImageObject","inLanguage":"fr-FR","@id":"https:\/\/kapitalis.com\/tunisie\/#\/schema\/logo\/image\/","url":"https:\/\/kapitalis.com\/tunisie\/wp-content\/uploads\/2022\/05\/Kapitalis-big-size.png","contentUrl":"https:\/\/kapitalis.com\/tunisie\/wp-content\/uploads\/2022\/05\/Kapitalis-big-size.png","width":5000,"height":1500,"caption":"Kapitalis"},"image":{"@id":"https:\/\/kapitalis.com\/tunisie\/#\/schema\/logo\/image\/"},"sameAs":["https:\/\/www.facebook.com\/KapitalisInfo\/","https:\/\/x.com\/KapitalisInfo","https:\/\/www.youtube.com\/channel\/UC-yDYrHyfFBWWZaOw3FPg9Q"]},{"@type":"Person","@id":"https:\/\/kapitalis.com\/tunisie\/#\/schema\/person\/74bbde0154d49d790a92aaeac5bc01d5","name":"Yusra NY","url":"https:\/\/kapitalis.com\/tunisie\/author\/yuza_adam\/"}]}},"_links":{"self":[{"href":"https:\/\/kapitalis.com\/tunisie\/wp-json\/wp\/v2\/posts\/332209","targetHints":{"allow":["GET"]}}],"collection":[{"href":"https:\/\/kapitalis.com\/tunisie\/wp-json\/wp\/v2\/posts"}],"about":[{"href":"https:\/\/kapitalis.com\/tunisie\/wp-json\/wp\/v2\/types\/post"}],"author":[{"embeddable":true,"href":"https:\/\/kapitalis.com\/tunisie\/wp-json\/wp\/v2\/users\/6"}],"replies":[{"embeddable":true,"href":"https:\/\/kapitalis.com\/tunisie\/wp-json\/wp\/v2\/comments?post=332209"}],"version-history":[{"count":0,"href":"https:\/\/kapitalis.com\/tunisie\/wp-json\/wp\/v2\/posts\/332209\/revisions"}],"wp:attachment":[{"href":"https:\/\/kapitalis.com\/tunisie\/wp-json\/wp\/v2\/media?parent=332209"}],"wp:term":[{"taxonomy":"category","embeddable":true,"href":"https:\/\/kapitalis.com\/tunisie\/wp-json\/wp\/v2\/categories?post=332209"},{"taxonomy":"post_tag","embeddable":true,"href":"https:\/\/kapitalis.com\/tunisie\/wp-json\/wp\/v2\/tags?post=332209"}],"curies":[{"name":"wp","href":"https:\/\/api.w.org\/{rel}","templated":true}]}}