{"id":332295,"date":"2021-01-16T11:08:13","date_gmt":"2021-01-16T10:08:13","guid":{"rendered":"http:\/\/kapitalis.com\/tunisie\/?p=332295"},"modified":"2021-01-16T11:08:15","modified_gmt":"2021-01-16T10:08:15","slug":"le-couscous-et-la-peche-charfia-sur-la-liste-du-patrimoine-mondial","status":"publish","type":"post","link":"https:\/\/kapitalis.com\/tunisie\/2021\/01\/16\/le-couscous-et-la-peche-charfia-sur-la-liste-du-patrimoine-mondial\/","title":{"rendered":"Le couscous et la p\u00eache charfia sur la liste du Patrimoine mondial"},"content":{"rendered":"\n<figure class=\"wp-block-image size-large\"><img decoding=\"async\" src=\"http:\/\/kapitalis.com\/tunisie\/wp-content\/uploads\/2021\/01\/Peche-charfia.jpg\" alt=\"\" class=\"wp-image-332296\"\/><\/figure>\n\n\n\n<p><strong><em>Une journ\u00e9e sp\u00e9ciale a \u00e9t\u00e9 organis\u00e9e mercredi 13 janvier 2021 \u00e0 la Cit\u00e9 de la Culture Chedli Klibi par le minist\u00e8re des Affaires culturelles pour c\u00e9l\u00e9brer l\u2019inscription officielle des \u00absavoirs, savoir-faire et pratiques li\u00e9s \u00e0 la production et \u00e0 la consommation de couscous\u00bb et de la \u00abp\u00eache charfia\u00bb dans les \u00eeles Kerkennah sur la liste du patrimoine culturel immat\u00e9riel de l\u2019Organisation des Nations Unies pour l\u2019\u00e9ducation, la science et la culture (Unesco).<\/em><\/strong><\/p>\n\n\n\n<!--more-->\n\n\n\n<p>L\u2019\u00e9v\u00e9nement, qui comprenait une exposition de photographies et d\u2019outils traditionnels li\u00e9s \u00e0 la technique de p\u00eache charfia et une projection de deux films, \u00e9tait pr\u00e9sid\u00e9 par le ministre des Affaires culturelles par int\u00e9rim, Habib Ammar, et en pr\u00e9sence notamment du ministre des Affaires sociales Mohamed Trabelsi, le gouverneur de Tunis Chedli Bouallegue, l\u2019ambassadeur de Tunisie et d\u00e9l\u00e9gu\u00e9 permanent aupr\u00e8s de l\u2019Unesco Ghazi Gherairi, le chef du d\u00e9partement de la culture et du programme de protection du patrimoine \u00e0 l\u2019Organisation arabe pour l\u2019\u00e9ducation, la culture et la science (Alecso) Hayet Ketat et des repr\u00e9sentants des ambassades d\u2019Alg\u00e9rie, de Mauritanie et du Maroc.<\/p>\n\n\n\n<p>Dans son allocution d\u2019ouverture, le ministre a pr\u00e9cis\u00e9 que la c\u00e9l\u00e9bration de l\u2019inscription du couscous sur la liste de l\u2019Unesco est l\u2019occasion de mettre en lumi\u00e8re une culture partag\u00e9e entre les quatre pays du Maghreb qui avaient conjointement d\u00e9pos\u00e9 la candidature du couscous, t\u00e9moignant, \u00e0 travers ce plat embl\u00e9matique, du partage, de la coop\u00e9ration, du rapprochement et de l\u2019unit\u00e9 autour d\u2019un \u00e9l\u00e9ment f\u00e9d\u00e9rateur d\u2019un patrimoine commun.<\/p>\n\n\n\n<p>Le ministre a salu\u00e9 les efforts de toutes les parties prenantes et des quatre pays qui avaient contribu\u00e9 \u00e0 la pr\u00e9paration du dossier de candidature dans toutes ses \u00e9tapes avant sa soumission \u00e0 l\u2019Unesco, qui ont d\u00e9crit cette action commune comme un exemple de coop\u00e9ration internationale en mati\u00e8re de patrimoine partag\u00e9, illustrant la mesure dans laquelle le patrimoine culturel immat\u00e9riel peut \u00eatre un sujet sur lequel les \u00c9tats se rencontrent et coop\u00e8rent.<\/p>\n\n\n\n<p>Quant au dossier de la p\u00eache charfia, Ammar a soulign\u00e9 l\u2019importance de cette technique ancienne qui t\u00e9moigne de l\u2019intelligence du peuple tunisien en mati\u00e8re de p\u00eache traditionnelle, per\u00e7ue comme un facteur d\u2019unit\u00e9 sociale et d\u2019appartenance pour les habitants des \u00eeles Kerkennah.<\/p>\n\n\n\n<p>Avec cette nouvelle r\u00e9alisation, la pr\u00e9sence de la Tunisie sur la liste du patrimoine culturel immat\u00e9riel est renforc\u00e9e, a d\u00e9clar\u00e9 le ministre, notamment apr\u00e8s l\u2019inscription de la poterie de Sejnane et du palmier dattier au cours des trois derni\u00e8res ann\u00e9es, dans l\u2019attente de deux dossiers de candidature suppl\u00e9mentaires, la harissa et la calligraphie arabe d\u2019ici la fin de 2021.<\/p>\n\n\n\n<p><strong><em>Source<\/em><\/strong> : Tap.<\/p>\n","protected":false},"excerpt":{"rendered":"<p>Une journ\u00e9e sp\u00e9ciale a \u00e9t\u00e9 organis\u00e9e mercredi 13 janvier 2021 \u00e0 la Cit\u00e9 de la Culture Chedli Klibi par le minist\u00e8re des Affaires culturelles pour c\u00e9l\u00e9brer l\u2019inscription officielle des \u00absavoirs, savoir-faire et pratiques li\u00e9s \u00e0 la production et \u00e0 la consommation de couscous\u00bb et de la \u00abp\u00eache charfia\u00bb dans les \u00eeles Kerkennah sur la liste&#8230;<\/p>\n","protected":false},"author":8,"featured_media":332296,"comment_status":"open","ping_status":"open","sticky":false,"template":"","format":"standard","meta":{"footnotes":""},"categories":[994,2433],"tags":[86580,23441,86581,3773,86582,4479,21896,70608,86579,1068],"class_list":["post-332295","post","type-post","status-publish","format-standard","has-post-thumbnail","hentry","category-culture","category-tunisie","tag-chedli-bouallegue","tag-couscous","tag-ghazi-gherairi-2","tag-habib-ammar","tag-hayet-ketat","tag-kerkennah","tag-mohamed-trabelsi","tag-patrimoine-immateriel-de-unesco","tag-peche-charfia","tag-unesco"],"yoast_head":"<!-- This site is optimized with the Yoast SEO plugin v26.6 - https:\/\/yoast.com\/wordpress\/plugins\/seo\/ -->\n<title>Le couscous et la p\u00eache charfia sur la liste du Patrimoine mondial - Kapitalis<\/title>\n<meta name=\"robots\" content=\"index, follow, max-snippet:-1, max-image-preview:large, max-video-preview:-1\" \/>\n<link rel=\"canonical\" href=\"https:\/\/kapitalis.com\/tunisie\/2021\/01\/16\/le-couscous-et-la-peche-charfia-sur-la-liste-du-patrimoine-mondial\/\" \/>\n<meta property=\"og:locale\" content=\"fr_FR\" \/>\n<meta property=\"og:type\" content=\"article\" \/>\n<meta property=\"og:title\" content=\"Le couscous et la p\u00eache charfia sur la liste du Patrimoine mondial - Kapitalis\" \/>\n<meta property=\"og:description\" content=\"Une journ\u00e9e sp\u00e9ciale a \u00e9t\u00e9 organis\u00e9e mercredi 13 janvier 2021 \u00e0 la Cit\u00e9 de la Culture Chedli Klibi par le minist\u00e8re des Affaires culturelles pour c\u00e9l\u00e9brer l\u2019inscription officielle des \u00absavoirs, savoir-faire et pratiques li\u00e9s \u00e0 la production et \u00e0 la consommation de couscous\u00bb et de la \u00abp\u00eache charfia\u00bb dans les \u00eeles Kerkennah sur la liste...\" \/>\n<meta property=\"og:url\" content=\"https:\/\/kapitalis.com\/tunisie\/2021\/01\/16\/le-couscous-et-la-peche-charfia-sur-la-liste-du-patrimoine-mondial\/\" \/>\n<meta property=\"og:site_name\" content=\"Kapitalis\" \/>\n<meta property=\"article:publisher\" content=\"https:\/\/www.facebook.com\/KapitalisInfo\/\" \/>\n<meta property=\"article:published_time\" content=\"2021-01-16T10:08:13+00:00\" \/>\n<meta property=\"article:modified_time\" content=\"2021-01-16T10:08:15+00:00\" \/>\n<meta property=\"og:image\" content=\"https:\/\/kapitalis.com\/tunisie\/wp-content\/uploads\/2022\/05\/kapitalis-logo-fb.png\" \/>\n\t<meta property=\"og:image:width\" content=\"1200\" \/>\n\t<meta property=\"og:image:height\" content=\"630\" \/>\n\t<meta property=\"og:image:type\" content=\"image\/png\" \/>\n<meta name=\"author\" content=\"webmaster kapitalis\" \/>\n<meta name=\"twitter:card\" content=\"summary_large_image\" \/>\n<meta name=\"twitter:creator\" content=\"@KapitalisInfo\" \/>\n<meta name=\"twitter:site\" content=\"@KapitalisInfo\" \/>\n<meta name=\"twitter:label1\" content=\"\u00c9crit par\" \/>\n\t<meta name=\"twitter:data1\" content=\"webmaster kapitalis\" \/>\n\t<meta name=\"twitter:label2\" content=\"Dur\u00e9e de lecture estim\u00e9e\" \/>\n\t<meta name=\"twitter:data2\" content=\"2 minutes\" \/>\n<script type=\"application\/ld+json\" class=\"yoast-schema-graph\">{\"@context\":\"https:\/\/schema.org\",\"@graph\":[{\"@type\":\"Article\",\"@id\":\"https:\/\/kapitalis.com\/tunisie\/2021\/01\/16\/le-couscous-et-la-peche-charfia-sur-la-liste-du-patrimoine-mondial\/#article\",\"isPartOf\":{\"@id\":\"https:\/\/kapitalis.com\/tunisie\/2021\/01\/16\/le-couscous-et-la-peche-charfia-sur-la-liste-du-patrimoine-mondial\/\"},\"author\":{\"name\":\"webmaster kapitalis\",\"@id\":\"https:\/\/kapitalis.com\/tunisie\/#\/schema\/person\/d71f33a9ca44f7bad4698210b480c8e9\"},\"headline\":\"Le couscous et la p\u00eache charfia sur la liste du Patrimoine mondial\",\"datePublished\":\"2021-01-16T10:08:13+00:00\",\"dateModified\":\"2021-01-16T10:08:15+00:00\",\"mainEntityOfPage\":{\"@id\":\"https:\/\/kapitalis.com\/tunisie\/2021\/01\/16\/le-couscous-et-la-peche-charfia-sur-la-liste-du-patrimoine-mondial\/\"},\"wordCount\":493,\"commentCount\":0,\"publisher\":{\"@id\":\"https:\/\/kapitalis.com\/tunisie\/#organization\"},\"image\":{\"@id\":\"https:\/\/kapitalis.com\/tunisie\/2021\/01\/16\/le-couscous-et-la-peche-charfia-sur-la-liste-du-patrimoine-mondial\/#primaryimage\"},\"thumbnailUrl\":\"\",\"keywords\":[\"Chedli Bouallegue\",\"couscous\",\"Ghazi Gherairi\",\"Habib Ammar\",\"Hayet Ketat\",\"Kerkennah\",\"Mohamed Trabelsi\",\"Patrimoine immat\u00e9riel de Unesco\",\"p\u00eache charfia\",\"Unesco\"],\"articleSection\":[\"CULTURE\",\"Tunisie\"],\"inLanguage\":\"fr-FR\",\"potentialAction\":[{\"@type\":\"CommentAction\",\"name\":\"Comment\",\"target\":[\"https:\/\/kapitalis.com\/tunisie\/2021\/01\/16\/le-couscous-et-la-peche-charfia-sur-la-liste-du-patrimoine-mondial\/#respond\"]}]},{\"@type\":\"WebPage\",\"@id\":\"https:\/\/kapitalis.com\/tunisie\/2021\/01\/16\/le-couscous-et-la-peche-charfia-sur-la-liste-du-patrimoine-mondial\/\",\"url\":\"https:\/\/kapitalis.com\/tunisie\/2021\/01\/16\/le-couscous-et-la-peche-charfia-sur-la-liste-du-patrimoine-mondial\/\",\"name\":\"Le couscous et la p\u00eache charfia sur la liste du Patrimoine mondial - Kapitalis\",\"isPartOf\":{\"@id\":\"https:\/\/kapitalis.com\/tunisie\/#website\"},\"primaryImageOfPage\":{\"@id\":\"https:\/\/kapitalis.com\/tunisie\/2021\/01\/16\/le-couscous-et-la-peche-charfia-sur-la-liste-du-patrimoine-mondial\/#primaryimage\"},\"image\":{\"@id\":\"https:\/\/kapitalis.com\/tunisie\/2021\/01\/16\/le-couscous-et-la-peche-charfia-sur-la-liste-du-patrimoine-mondial\/#primaryimage\"},\"thumbnailUrl\":\"\",\"datePublished\":\"2021-01-16T10:08:13+00:00\",\"dateModified\":\"2021-01-16T10:08:15+00:00\",\"breadcrumb\":{\"@id\":\"https:\/\/kapitalis.com\/tunisie\/2021\/01\/16\/le-couscous-et-la-peche-charfia-sur-la-liste-du-patrimoine-mondial\/#breadcrumb\"},\"inLanguage\":\"fr-FR\",\"potentialAction\":[{\"@type\":\"ReadAction\",\"target\":[\"https:\/\/kapitalis.com\/tunisie\/2021\/01\/16\/le-couscous-et-la-peche-charfia-sur-la-liste-du-patrimoine-mondial\/\"]}]},{\"@type\":\"ImageObject\",\"inLanguage\":\"fr-FR\",\"@id\":\"https:\/\/kapitalis.com\/tunisie\/2021\/01\/16\/le-couscous-et-la-peche-charfia-sur-la-liste-du-patrimoine-mondial\/#primaryimage\",\"url\":\"\",\"contentUrl\":\"\"},{\"@type\":\"BreadcrumbList\",\"@id\":\"https:\/\/kapitalis.com\/tunisie\/2021\/01\/16\/le-couscous-et-la-peche-charfia-sur-la-liste-du-patrimoine-mondial\/#breadcrumb\",\"itemListElement\":[{\"@type\":\"ListItem\",\"position\":1,\"name\":\"Accueil\",\"item\":\"https:\/\/kapitalis.com\/tunisie\/\"},{\"@type\":\"ListItem\",\"position\":2,\"name\":\"Le couscous et la p\u00eache charfia sur la liste du Patrimoine mondial\"}]},{\"@type\":\"WebSite\",\"@id\":\"https:\/\/kapitalis.com\/tunisie\/#website\",\"url\":\"https:\/\/kapitalis.com\/tunisie\/\",\"name\":\"Kapitalis\",\"description\":\"L&#039;actualit\u00e9 en Tunisie et dans le monde\",\"publisher\":{\"@id\":\"https:\/\/kapitalis.com\/tunisie\/#organization\"},\"potentialAction\":[{\"@type\":\"SearchAction\",\"target\":{\"@type\":\"EntryPoint\",\"urlTemplate\":\"https:\/\/kapitalis.com\/tunisie\/?s={search_term_string}\"},\"query-input\":{\"@type\":\"PropertyValueSpecification\",\"valueRequired\":true,\"valueName\":\"search_term_string\"}}],\"inLanguage\":\"fr-FR\"},{\"@type\":\"Organization\",\"@id\":\"https:\/\/kapitalis.com\/tunisie\/#organization\",\"name\":\"Kapitalis\",\"url\":\"https:\/\/kapitalis.com\/tunisie\/\",\"logo\":{\"@type\":\"ImageObject\",\"inLanguage\":\"fr-FR\",\"@id\":\"https:\/\/kapitalis.com\/tunisie\/#\/schema\/logo\/image\/\",\"url\":\"https:\/\/kapitalis.com\/tunisie\/wp-content\/uploads\/2022\/05\/Kapitalis-big-size.png\",\"contentUrl\":\"https:\/\/kapitalis.com\/tunisie\/wp-content\/uploads\/2022\/05\/Kapitalis-big-size.png\",\"width\":5000,\"height\":1500,\"caption\":\"Kapitalis\"},\"image\":{\"@id\":\"https:\/\/kapitalis.com\/tunisie\/#\/schema\/logo\/image\/\"},\"sameAs\":[\"https:\/\/www.facebook.com\/KapitalisInfo\/\",\"https:\/\/x.com\/KapitalisInfo\",\"https:\/\/www.youtube.com\/channel\/UC-yDYrHyfFBWWZaOw3FPg9Q\"]},{\"@type\":\"Person\",\"@id\":\"https:\/\/kapitalis.com\/tunisie\/#\/schema\/person\/d71f33a9ca44f7bad4698210b480c8e9\",\"name\":\"webmaster kapitalis\",\"url\":\"https:\/\/kapitalis.com\/tunisie\/author\/webmaster-kapitalis\/\"}]}<\/script>\n<!-- \/ Yoast SEO plugin. -->","yoast_head_json":{"title":"Le couscous et la p\u00eache charfia sur la liste du Patrimoine mondial - Kapitalis","robots":{"index":"index","follow":"follow","max-snippet":"max-snippet:-1","max-image-preview":"max-image-preview:large","max-video-preview":"max-video-preview:-1"},"canonical":"https:\/\/kapitalis.com\/tunisie\/2021\/01\/16\/le-couscous-et-la-peche-charfia-sur-la-liste-du-patrimoine-mondial\/","og_locale":"fr_FR","og_type":"article","og_title":"Le couscous et la p\u00eache charfia sur la liste du Patrimoine mondial - Kapitalis","og_description":"Une journ\u00e9e sp\u00e9ciale a \u00e9t\u00e9 organis\u00e9e mercredi 13 janvier 2021 \u00e0 la Cit\u00e9 de la Culture Chedli Klibi par le minist\u00e8re des Affaires culturelles pour c\u00e9l\u00e9brer l\u2019inscription officielle des \u00absavoirs, savoir-faire et pratiques li\u00e9s \u00e0 la production et \u00e0 la consommation de couscous\u00bb et de la \u00abp\u00eache charfia\u00bb dans les \u00eeles Kerkennah sur la liste...","og_url":"https:\/\/kapitalis.com\/tunisie\/2021\/01\/16\/le-couscous-et-la-peche-charfia-sur-la-liste-du-patrimoine-mondial\/","og_site_name":"Kapitalis","article_publisher":"https:\/\/www.facebook.com\/KapitalisInfo\/","article_published_time":"2021-01-16T10:08:13+00:00","article_modified_time":"2021-01-16T10:08:15+00:00","og_image":[{"width":1200,"height":630,"url":"https:\/\/kapitalis.com\/tunisie\/wp-content\/uploads\/2022\/05\/kapitalis-logo-fb.png","type":"image\/png"}],"author":"webmaster kapitalis","twitter_card":"summary_large_image","twitter_creator":"@KapitalisInfo","twitter_site":"@KapitalisInfo","twitter_misc":{"\u00c9crit par":"webmaster kapitalis","Dur\u00e9e de lecture estim\u00e9e":"2 minutes"},"schema":{"@context":"https:\/\/schema.org","@graph":[{"@type":"Article","@id":"https:\/\/kapitalis.com\/tunisie\/2021\/01\/16\/le-couscous-et-la-peche-charfia-sur-la-liste-du-patrimoine-mondial\/#article","isPartOf":{"@id":"https:\/\/kapitalis.com\/tunisie\/2021\/01\/16\/le-couscous-et-la-peche-charfia-sur-la-liste-du-patrimoine-mondial\/"},"author":{"name":"webmaster kapitalis","@id":"https:\/\/kapitalis.com\/tunisie\/#\/schema\/person\/d71f33a9ca44f7bad4698210b480c8e9"},"headline":"Le couscous et la p\u00eache charfia sur la liste du Patrimoine mondial","datePublished":"2021-01-16T10:08:13+00:00","dateModified":"2021-01-16T10:08:15+00:00","mainEntityOfPage":{"@id":"https:\/\/kapitalis.com\/tunisie\/2021\/01\/16\/le-couscous-et-la-peche-charfia-sur-la-liste-du-patrimoine-mondial\/"},"wordCount":493,"commentCount":0,"publisher":{"@id":"https:\/\/kapitalis.com\/tunisie\/#organization"},"image":{"@id":"https:\/\/kapitalis.com\/tunisie\/2021\/01\/16\/le-couscous-et-la-peche-charfia-sur-la-liste-du-patrimoine-mondial\/#primaryimage"},"thumbnailUrl":"","keywords":["Chedli Bouallegue","couscous","Ghazi Gherairi","Habib Ammar","Hayet Ketat","Kerkennah","Mohamed Trabelsi","Patrimoine immat\u00e9riel de Unesco","p\u00eache charfia","Unesco"],"articleSection":["CULTURE","Tunisie"],"inLanguage":"fr-FR","potentialAction":[{"@type":"CommentAction","name":"Comment","target":["https:\/\/kapitalis.com\/tunisie\/2021\/01\/16\/le-couscous-et-la-peche-charfia-sur-la-liste-du-patrimoine-mondial\/#respond"]}]},{"@type":"WebPage","@id":"https:\/\/kapitalis.com\/tunisie\/2021\/01\/16\/le-couscous-et-la-peche-charfia-sur-la-liste-du-patrimoine-mondial\/","url":"https:\/\/kapitalis.com\/tunisie\/2021\/01\/16\/le-couscous-et-la-peche-charfia-sur-la-liste-du-patrimoine-mondial\/","name":"Le couscous et la p\u00eache charfia sur la liste du Patrimoine mondial - Kapitalis","isPartOf":{"@id":"https:\/\/kapitalis.com\/tunisie\/#website"},"primaryImageOfPage":{"@id":"https:\/\/kapitalis.com\/tunisie\/2021\/01\/16\/le-couscous-et-la-peche-charfia-sur-la-liste-du-patrimoine-mondial\/#primaryimage"},"image":{"@id":"https:\/\/kapitalis.com\/tunisie\/2021\/01\/16\/le-couscous-et-la-peche-charfia-sur-la-liste-du-patrimoine-mondial\/#primaryimage"},"thumbnailUrl":"","datePublished":"2021-01-16T10:08:13+00:00","dateModified":"2021-01-16T10:08:15+00:00","breadcrumb":{"@id":"https:\/\/kapitalis.com\/tunisie\/2021\/01\/16\/le-couscous-et-la-peche-charfia-sur-la-liste-du-patrimoine-mondial\/#breadcrumb"},"inLanguage":"fr-FR","potentialAction":[{"@type":"ReadAction","target":["https:\/\/kapitalis.com\/tunisie\/2021\/01\/16\/le-couscous-et-la-peche-charfia-sur-la-liste-du-patrimoine-mondial\/"]}]},{"@type":"ImageObject","inLanguage":"fr-FR","@id":"https:\/\/kapitalis.com\/tunisie\/2021\/01\/16\/le-couscous-et-la-peche-charfia-sur-la-liste-du-patrimoine-mondial\/#primaryimage","url":"","contentUrl":""},{"@type":"BreadcrumbList","@id":"https:\/\/kapitalis.com\/tunisie\/2021\/01\/16\/le-couscous-et-la-peche-charfia-sur-la-liste-du-patrimoine-mondial\/#breadcrumb","itemListElement":[{"@type":"ListItem","position":1,"name":"Accueil","item":"https:\/\/kapitalis.com\/tunisie\/"},{"@type":"ListItem","position":2,"name":"Le couscous et la p\u00eache charfia sur la liste du Patrimoine mondial"}]},{"@type":"WebSite","@id":"https:\/\/kapitalis.com\/tunisie\/#website","url":"https:\/\/kapitalis.com\/tunisie\/","name":"Kapitalis","description":"L&#039;actualit\u00e9 en Tunisie et dans le monde","publisher":{"@id":"https:\/\/kapitalis.com\/tunisie\/#organization"},"potentialAction":[{"@type":"SearchAction","target":{"@type":"EntryPoint","urlTemplate":"https:\/\/kapitalis.com\/tunisie\/?s={search_term_string}"},"query-input":{"@type":"PropertyValueSpecification","valueRequired":true,"valueName":"search_term_string"}}],"inLanguage":"fr-FR"},{"@type":"Organization","@id":"https:\/\/kapitalis.com\/tunisie\/#organization","name":"Kapitalis","url":"https:\/\/kapitalis.com\/tunisie\/","logo":{"@type":"ImageObject","inLanguage":"fr-FR","@id":"https:\/\/kapitalis.com\/tunisie\/#\/schema\/logo\/image\/","url":"https:\/\/kapitalis.com\/tunisie\/wp-content\/uploads\/2022\/05\/Kapitalis-big-size.png","contentUrl":"https:\/\/kapitalis.com\/tunisie\/wp-content\/uploads\/2022\/05\/Kapitalis-big-size.png","width":5000,"height":1500,"caption":"Kapitalis"},"image":{"@id":"https:\/\/kapitalis.com\/tunisie\/#\/schema\/logo\/image\/"},"sameAs":["https:\/\/www.facebook.com\/KapitalisInfo\/","https:\/\/x.com\/KapitalisInfo","https:\/\/www.youtube.com\/channel\/UC-yDYrHyfFBWWZaOw3FPg9Q"]},{"@type":"Person","@id":"https:\/\/kapitalis.com\/tunisie\/#\/schema\/person\/d71f33a9ca44f7bad4698210b480c8e9","name":"webmaster kapitalis","url":"https:\/\/kapitalis.com\/tunisie\/author\/webmaster-kapitalis\/"}]}},"_links":{"self":[{"href":"https:\/\/kapitalis.com\/tunisie\/wp-json\/wp\/v2\/posts\/332295","targetHints":{"allow":["GET"]}}],"collection":[{"href":"https:\/\/kapitalis.com\/tunisie\/wp-json\/wp\/v2\/posts"}],"about":[{"href":"https:\/\/kapitalis.com\/tunisie\/wp-json\/wp\/v2\/types\/post"}],"author":[{"embeddable":true,"href":"https:\/\/kapitalis.com\/tunisie\/wp-json\/wp\/v2\/users\/8"}],"replies":[{"embeddable":true,"href":"https:\/\/kapitalis.com\/tunisie\/wp-json\/wp\/v2\/comments?post=332295"}],"version-history":[{"count":0,"href":"https:\/\/kapitalis.com\/tunisie\/wp-json\/wp\/v2\/posts\/332295\/revisions"}],"wp:featuredmedia":[{"embeddable":true,"href":"https:\/\/kapitalis.com\/tunisie\/wp-json\/wp\/v2\/media\/332296"}],"wp:attachment":[{"href":"https:\/\/kapitalis.com\/tunisie\/wp-json\/wp\/v2\/media?parent=332295"}],"wp:term":[{"taxonomy":"category","embeddable":true,"href":"https:\/\/kapitalis.com\/tunisie\/wp-json\/wp\/v2\/categories?post=332295"},{"taxonomy":"post_tag","embeddable":true,"href":"https:\/\/kapitalis.com\/tunisie\/wp-json\/wp\/v2\/tags?post=332295"}],"curies":[{"name":"wp","href":"https:\/\/api.w.org\/{rel}","templated":true}]}}