{"id":332311,"date":"2021-01-16T12:46:25","date_gmt":"2021-01-16T11:46:25","guid":{"rendered":"http:\/\/kapitalis.com\/tunisie\/?p=332311"},"modified":"2021-01-16T12:49:19","modified_gmt":"2021-01-16T11:49:19","slug":"ben-alaya-confinement-cible-a-partir-de-lundi-dautres-mesures-seront-proposees-par-le-comite-scientifique","status":"publish","type":"post","link":"https:\/\/kapitalis.com\/tunisie\/2021\/01\/16\/ben-alaya-confinement-cible-a-partir-de-lundi-dautres-mesures-seront-proposees-par-le-comite-scientifique\/","title":{"rendered":"Ben Alaya : \u00abConfinement cibl\u00e9 \u00e0 partir de lundi, d&rsquo;autres mesures seront propos\u00e9es par le comit\u00e9 scientifique\u00bb"},"content":{"rendered":"\n<figure class=\"wp-block-image size-large\"><img decoding=\"async\" src=\"http:\/\/kapitalis.com\/tunisie\/wp-content\/uploads\/2020\/08\/Nissaf-Ben-Alaya.jpg\" alt=\"\" class=\"wp-image-313566\"\/><\/figure>\n\n\n\n<p><strong><em>Nissaf Ben Alaya, porte-parole du minist\u00e8re de la Sant\u00e9 et directrice de l&rsquo;Observatoire national des maladies nouvelles et \u00e9mergentes (ONMNE) a rappel\u00e9 que le confinement sanitaire g\u00e9n\u00e9ral qui prend fin, demain dimanche 17 janvier 2021, sera suivi d&rsquo;un confinement cibl\u00e9 qui se poursuivra jusqu\u2019au 24 du m\u00eame mois.<\/em><\/strong><\/p>\n\n\n\n<!--more-->\n\n\n\n<p>Dans une d\u00e9claration ce samedi 16 janvier 2021, \u00e0 l\u2019agence Tap, Pr Ben Alaya a pr\u00e9cis\u00e9 que le confinement cibl\u00e9 exige l&rsquo;interdiction des manifestation, des rassemblements et des d\u00e9placements entre les gouvernorats, ainsi que l&rsquo;application du travail par alternance et le t\u00e9l\u00e9travail, outre le couvre- feu, et la suspension des cours.<\/p>\n\n\n\n<p><em>\u00abA la lumi\u00e8re des r\u00e9sultats de ces mesures, le comit\u00e9 scientifique proposera une s\u00e9rie de consignes pour faire face \u00e0 la propagation du coronavirus afin de diminuer le nombre de cas graves et \u00e9viter l\u2019effondrement du syst\u00e8me de sant\u00e9\u00bb<\/em>, a pr\u00e9cis\u00e9 Pr Ben Alaya.<\/p>\n\n\n\n<p>De son c\u00f4t\u00e9, Hechmi Louzir, directeur de l&rsquo;Institut Pasteur a pr\u00e9cis\u00e9 que les mesures li\u00e9es au confinement cibl\u00e9 dit \u00abintelligent\u00bb pourront \u00eatre revues pour \u00eatre adapt\u00e9es \u00e0 la situation sanitaire. <\/p>\n\n\n\n<p><em>\u00abTout d\u00e9pend du respect des consignes et des gestes barri\u00e8res, d&rsquo;abord et essentiellement sur le plan individuel<\/em>\u00bb, a-t-il dit.<\/p>\n\n\n\n<p class=\"has-text-align-right\"><strong>Y. N.<\/strong><\/p>\n\n\n\n<figure class=\"wp-block-embed is-type-wp-embed is-provider-kapitalis wp-block-embed-kapitalis\"><div class=\"wp-block-embed__wrapper\">\n<blockquote class=\"wp-embedded-content\" data-secret=\"Ncrpf11XNt\"><a href=\"https:\/\/kapitalis.com\/tunisie\/2021\/01\/12\/tunisie-confinement-general-de-4-jours-suspension-des-cours-jusquau-24-janvier-et-autres-mesures-pour-lutter-contre-le-coronavirus\/\">Tunisie : Confinement g\u00e9n\u00e9ral de 4 jours, suspension des cours jusqu&rsquo;au 24 janvier et autres mesures pour lutter contre le coronavirus<\/a><\/blockquote><iframe loading=\"lazy\" class=\"wp-embedded-content\" sandbox=\"allow-scripts\" security=\"restricted\" style=\"position: absolute; clip: rect(1px, 1px, 1px, 1px);\" title=\"\u00ab\u00a0Tunisie : Confinement g\u00e9n\u00e9ral de 4 jours, suspension des cours jusqu&rsquo;au 24 janvier et autres mesures pour lutter contre le coronavirus\u00a0\u00bb &#8212; Kapitalis\" src=\"https:\/\/kapitalis.com\/tunisie\/2021\/01\/12\/tunisie-confinement-general-de-4-jours-suspension-des-cours-jusquau-24-janvier-et-autres-mesures-pour-lutter-contre-le-coronavirus\/embed\/#?secret=BhHNJbsH4O#?secret=Ncrpf11XNt\" data-secret=\"Ncrpf11XNt\" width=\"600\" height=\"338\" frameborder=\"0\" marginwidth=\"0\" marginheight=\"0\" scrolling=\"no\"><\/iframe>\n<\/div><\/figure>\n\n\n\n<figure class=\"wp-block-embed is-type-wp-embed is-provider-kapitalis wp-block-embed-kapitalis\"><div class=\"wp-block-embed__wrapper\">\n<blockquote class=\"wp-embedded-content\" data-secret=\"kX3r8eEhbg\"><a href=\"https:\/\/kapitalis.com\/tunisie\/2021\/01\/15\/coronavirus-4-170-cas-et-50-deces-supplementaires-en-tunisie\/\">Coronavirus : 4.170 cas et 50 d\u00e9c\u00e8s suppl\u00e9mentaires en Tunisie<\/a><\/blockquote><iframe loading=\"lazy\" class=\"wp-embedded-content\" sandbox=\"allow-scripts\" security=\"restricted\" style=\"position: absolute; clip: rect(1px, 1px, 1px, 1px);\" title=\"\u00ab\u00a0Coronavirus : 4.170 cas et 50 d\u00e9c\u00e8s suppl\u00e9mentaires en Tunisie\u00a0\u00bb &#8212; Kapitalis\" src=\"https:\/\/kapitalis.com\/tunisie\/2021\/01\/15\/coronavirus-4-170-cas-et-50-deces-supplementaires-en-tunisie\/embed\/#?secret=mimjk7CyZB#?secret=kX3r8eEhbg\" data-secret=\"kX3r8eEhbg\" width=\"600\" height=\"338\" frameborder=\"0\" marginwidth=\"0\" marginheight=\"0\" scrolling=\"no\"><\/iframe>\n<\/div><\/figure>\n","protected":false},"excerpt":{"rendered":"<p>Nissaf Ben Alaya, porte-parole du minist\u00e8re de la Sant\u00e9 et directrice de l&rsquo;Observatoire national des maladies nouvelles et \u00e9mergentes (ONMNE) a rappel\u00e9 que le confinement sanitaire g\u00e9n\u00e9ral qui prend fin, demain dimanche 17 janvier 2021, sera suivi d&rsquo;un confinement cibl\u00e9 qui se poursuivra jusqu\u2019au 24 du m\u00eame mois.<\/p>\n","protected":false},"author":6,"featured_media":0,"comment_status":"open","ping_status":"open","sticky":false,"template":"","format":"standard","meta":{"footnotes":""},"categories":[998,2433],"tags":[78103,73060,78820,73684,810],"class_list":["post-332311","post","type-post","status-publish","format-standard","hentry","category-societe","category-tunisie","tag-confinement-cible","tag-coronavirus","tag-covid-2","tag-nissaf-ben-alaya","tag-sante"],"yoast_head":"<!-- This site is optimized with the Yoast SEO plugin v26.6 - https:\/\/yoast.com\/wordpress\/plugins\/seo\/ -->\n<title>Ben Alaya : \u00abConfinement cibl\u00e9 \u00e0 partir de lundi, d&#039;autres mesures seront propos\u00e9es par le comit\u00e9 scientifique\u00bb - Kapitalis<\/title>\n<meta name=\"robots\" content=\"index, follow, max-snippet:-1, max-image-preview:large, max-video-preview:-1\" \/>\n<link rel=\"canonical\" href=\"https:\/\/kapitalis.com\/tunisie\/2021\/01\/16\/ben-alaya-confinement-cible-a-partir-de-lundi-dautres-mesures-seront-proposees-par-le-comite-scientifique\/\" \/>\n<meta property=\"og:locale\" content=\"fr_FR\" \/>\n<meta property=\"og:type\" content=\"article\" \/>\n<meta property=\"og:title\" content=\"Ben Alaya : \u00abConfinement cibl\u00e9 \u00e0 partir de lundi, d&#039;autres mesures seront propos\u00e9es par le comit\u00e9 scientifique\u00bb - Kapitalis\" \/>\n<meta property=\"og:description\" content=\"Nissaf Ben Alaya, porte-parole du minist\u00e8re de la Sant\u00e9 et directrice de l&rsquo;Observatoire national des maladies nouvelles et \u00e9mergentes (ONMNE) a rappel\u00e9 que le confinement sanitaire g\u00e9n\u00e9ral qui prend fin, demain dimanche 17 janvier 2021, sera suivi d&rsquo;un confinement cibl\u00e9 qui se poursuivra jusqu\u2019au 24 du m\u00eame mois.\" \/>\n<meta property=\"og:url\" content=\"https:\/\/kapitalis.com\/tunisie\/2021\/01\/16\/ben-alaya-confinement-cible-a-partir-de-lundi-dautres-mesures-seront-proposees-par-le-comite-scientifique\/\" \/>\n<meta property=\"og:site_name\" content=\"Kapitalis\" \/>\n<meta property=\"article:publisher\" content=\"https:\/\/www.facebook.com\/KapitalisInfo\/\" \/>\n<meta property=\"article:published_time\" content=\"2021-01-16T11:46:25+00:00\" \/>\n<meta property=\"article:modified_time\" content=\"2021-01-16T11:49:19+00:00\" \/>\n<meta property=\"og:image\" content=\"http:\/\/kapitalis.com\/tunisie\/wp-content\/uploads\/2020\/08\/Nissaf-Ben-Alaya.jpg\" \/>\n<meta name=\"author\" content=\"Yusra NY\" \/>\n<meta name=\"twitter:card\" content=\"summary_large_image\" \/>\n<meta name=\"twitter:creator\" content=\"@KapitalisInfo\" \/>\n<meta name=\"twitter:site\" content=\"@KapitalisInfo\" \/>\n<meta name=\"twitter:label1\" content=\"\u00c9crit par\" \/>\n\t<meta name=\"twitter:data1\" content=\"Yusra NY\" \/>\n\t<meta name=\"twitter:label2\" content=\"Dur\u00e9e de lecture estim\u00e9e\" \/>\n\t<meta name=\"twitter:data2\" content=\"1 minute\" \/>\n<script type=\"application\/ld+json\" class=\"yoast-schema-graph\">{\"@context\":\"https:\/\/schema.org\",\"@graph\":[{\"@type\":\"Article\",\"@id\":\"https:\/\/kapitalis.com\/tunisie\/2021\/01\/16\/ben-alaya-confinement-cible-a-partir-de-lundi-dautres-mesures-seront-proposees-par-le-comite-scientifique\/#article\",\"isPartOf\":{\"@id\":\"https:\/\/kapitalis.com\/tunisie\/2021\/01\/16\/ben-alaya-confinement-cible-a-partir-de-lundi-dautres-mesures-seront-proposees-par-le-comite-scientifique\/\"},\"author\":{\"name\":\"Yusra NY\",\"@id\":\"https:\/\/kapitalis.com\/tunisie\/#\/schema\/person\/74bbde0154d49d790a92aaeac5bc01d5\"},\"headline\":\"Ben Alaya : \u00abConfinement cibl\u00e9 \u00e0 partir de lundi, d&rsquo;autres mesures seront propos\u00e9es par le comit\u00e9 scientifique\u00bb\",\"datePublished\":\"2021-01-16T11:46:25+00:00\",\"dateModified\":\"2021-01-16T11:49:19+00:00\",\"mainEntityOfPage\":{\"@id\":\"https:\/\/kapitalis.com\/tunisie\/2021\/01\/16\/ben-alaya-confinement-cible-a-partir-de-lundi-dautres-mesures-seront-proposees-par-le-comite-scientifique\/\"},\"wordCount\":240,\"commentCount\":0,\"publisher\":{\"@id\":\"https:\/\/kapitalis.com\/tunisie\/#organization\"},\"image\":{\"@id\":\"https:\/\/kapitalis.com\/tunisie\/2021\/01\/16\/ben-alaya-confinement-cible-a-partir-de-lundi-dautres-mesures-seront-proposees-par-le-comite-scientifique\/#primaryimage\"},\"thumbnailUrl\":\"http:\/\/kapitalis.com\/tunisie\/wp-content\/uploads\/2020\/08\/Nissaf-Ben-Alaya.jpg\",\"keywords\":[\"confinement cibl\u00e9\",\"Coronavirus\",\"covid\",\"Nissaf Ben Alaya\",\"Sant\u00e9\"],\"articleSection\":[\"SOCIETE\",\"Tunisie\"],\"inLanguage\":\"fr-FR\",\"potentialAction\":[{\"@type\":\"CommentAction\",\"name\":\"Comment\",\"target\":[\"https:\/\/kapitalis.com\/tunisie\/2021\/01\/16\/ben-alaya-confinement-cible-a-partir-de-lundi-dautres-mesures-seront-proposees-par-le-comite-scientifique\/#respond\"]}]},{\"@type\":\"WebPage\",\"@id\":\"https:\/\/kapitalis.com\/tunisie\/2021\/01\/16\/ben-alaya-confinement-cible-a-partir-de-lundi-dautres-mesures-seront-proposees-par-le-comite-scientifique\/\",\"url\":\"https:\/\/kapitalis.com\/tunisie\/2021\/01\/16\/ben-alaya-confinement-cible-a-partir-de-lundi-dautres-mesures-seront-proposees-par-le-comite-scientifique\/\",\"name\":\"Ben Alaya : \u00abConfinement cibl\u00e9 \u00e0 partir de lundi, d'autres mesures seront propos\u00e9es par le comit\u00e9 scientifique\u00bb - Kapitalis\",\"isPartOf\":{\"@id\":\"https:\/\/kapitalis.com\/tunisie\/#website\"},\"primaryImageOfPage\":{\"@id\":\"https:\/\/kapitalis.com\/tunisie\/2021\/01\/16\/ben-alaya-confinement-cible-a-partir-de-lundi-dautres-mesures-seront-proposees-par-le-comite-scientifique\/#primaryimage\"},\"image\":{\"@id\":\"https:\/\/kapitalis.com\/tunisie\/2021\/01\/16\/ben-alaya-confinement-cible-a-partir-de-lundi-dautres-mesures-seront-proposees-par-le-comite-scientifique\/#primaryimage\"},\"thumbnailUrl\":\"http:\/\/kapitalis.com\/tunisie\/wp-content\/uploads\/2020\/08\/Nissaf-Ben-Alaya.jpg\",\"datePublished\":\"2021-01-16T11:46:25+00:00\",\"dateModified\":\"2021-01-16T11:49:19+00:00\",\"breadcrumb\":{\"@id\":\"https:\/\/kapitalis.com\/tunisie\/2021\/01\/16\/ben-alaya-confinement-cible-a-partir-de-lundi-dautres-mesures-seront-proposees-par-le-comite-scientifique\/#breadcrumb\"},\"inLanguage\":\"fr-FR\",\"potentialAction\":[{\"@type\":\"ReadAction\",\"target\":[\"https:\/\/kapitalis.com\/tunisie\/2021\/01\/16\/ben-alaya-confinement-cible-a-partir-de-lundi-dautres-mesures-seront-proposees-par-le-comite-scientifique\/\"]}]},{\"@type\":\"ImageObject\",\"inLanguage\":\"fr-FR\",\"@id\":\"https:\/\/kapitalis.com\/tunisie\/2021\/01\/16\/ben-alaya-confinement-cible-a-partir-de-lundi-dautres-mesures-seront-proposees-par-le-comite-scientifique\/#primaryimage\",\"url\":\"\",\"contentUrl\":\"\"},{\"@type\":\"BreadcrumbList\",\"@id\":\"https:\/\/kapitalis.com\/tunisie\/2021\/01\/16\/ben-alaya-confinement-cible-a-partir-de-lundi-dautres-mesures-seront-proposees-par-le-comite-scientifique\/#breadcrumb\",\"itemListElement\":[{\"@type\":\"ListItem\",\"position\":1,\"name\":\"Accueil\",\"item\":\"https:\/\/kapitalis.com\/tunisie\/\"},{\"@type\":\"ListItem\",\"position\":2,\"name\":\"Ben Alaya : \u00abConfinement cibl\u00e9 \u00e0 partir de lundi, d&rsquo;autres mesures seront propos\u00e9es par le comit\u00e9 scientifique\u00bb\"}]},{\"@type\":\"WebSite\",\"@id\":\"https:\/\/kapitalis.com\/tunisie\/#website\",\"url\":\"https:\/\/kapitalis.com\/tunisie\/\",\"name\":\"Kapitalis\",\"description\":\"L&#039;actualit\u00e9 en Tunisie et dans le monde\",\"publisher\":{\"@id\":\"https:\/\/kapitalis.com\/tunisie\/#organization\"},\"potentialAction\":[{\"@type\":\"SearchAction\",\"target\":{\"@type\":\"EntryPoint\",\"urlTemplate\":\"https:\/\/kapitalis.com\/tunisie\/?s={search_term_string}\"},\"query-input\":{\"@type\":\"PropertyValueSpecification\",\"valueRequired\":true,\"valueName\":\"search_term_string\"}}],\"inLanguage\":\"fr-FR\"},{\"@type\":\"Organization\",\"@id\":\"https:\/\/kapitalis.com\/tunisie\/#organization\",\"name\":\"Kapitalis\",\"url\":\"https:\/\/kapitalis.com\/tunisie\/\",\"logo\":{\"@type\":\"ImageObject\",\"inLanguage\":\"fr-FR\",\"@id\":\"https:\/\/kapitalis.com\/tunisie\/#\/schema\/logo\/image\/\",\"url\":\"https:\/\/kapitalis.com\/tunisie\/wp-content\/uploads\/2022\/05\/Kapitalis-big-size.png\",\"contentUrl\":\"https:\/\/kapitalis.com\/tunisie\/wp-content\/uploads\/2022\/05\/Kapitalis-big-size.png\",\"width\":5000,\"height\":1500,\"caption\":\"Kapitalis\"},\"image\":{\"@id\":\"https:\/\/kapitalis.com\/tunisie\/#\/schema\/logo\/image\/\"},\"sameAs\":[\"https:\/\/www.facebook.com\/KapitalisInfo\/\",\"https:\/\/x.com\/KapitalisInfo\",\"https:\/\/www.youtube.com\/channel\/UC-yDYrHyfFBWWZaOw3FPg9Q\"]},{\"@type\":\"Person\",\"@id\":\"https:\/\/kapitalis.com\/tunisie\/#\/schema\/person\/74bbde0154d49d790a92aaeac5bc01d5\",\"name\":\"Yusra NY\",\"url\":\"https:\/\/kapitalis.com\/tunisie\/author\/yuza_adam\/\"}]}<\/script>\n<!-- \/ Yoast SEO plugin. -->","yoast_head_json":{"title":"Ben Alaya : \u00abConfinement cibl\u00e9 \u00e0 partir de lundi, d'autres mesures seront propos\u00e9es par le comit\u00e9 scientifique\u00bb - Kapitalis","robots":{"index":"index","follow":"follow","max-snippet":"max-snippet:-1","max-image-preview":"max-image-preview:large","max-video-preview":"max-video-preview:-1"},"canonical":"https:\/\/kapitalis.com\/tunisie\/2021\/01\/16\/ben-alaya-confinement-cible-a-partir-de-lundi-dautres-mesures-seront-proposees-par-le-comite-scientifique\/","og_locale":"fr_FR","og_type":"article","og_title":"Ben Alaya : \u00abConfinement cibl\u00e9 \u00e0 partir de lundi, d'autres mesures seront propos\u00e9es par le comit\u00e9 scientifique\u00bb - Kapitalis","og_description":"Nissaf Ben Alaya, porte-parole du minist\u00e8re de la Sant\u00e9 et directrice de l&rsquo;Observatoire national des maladies nouvelles et \u00e9mergentes (ONMNE) a rappel\u00e9 que le confinement sanitaire g\u00e9n\u00e9ral qui prend fin, demain dimanche 17 janvier 2021, sera suivi d&rsquo;un confinement cibl\u00e9 qui se poursuivra jusqu\u2019au 24 du m\u00eame mois.","og_url":"https:\/\/kapitalis.com\/tunisie\/2021\/01\/16\/ben-alaya-confinement-cible-a-partir-de-lundi-dautres-mesures-seront-proposees-par-le-comite-scientifique\/","og_site_name":"Kapitalis","article_publisher":"https:\/\/www.facebook.com\/KapitalisInfo\/","article_published_time":"2021-01-16T11:46:25+00:00","article_modified_time":"2021-01-16T11:49:19+00:00","og_image":[{"url":"http:\/\/kapitalis.com\/tunisie\/wp-content\/uploads\/2020\/08\/Nissaf-Ben-Alaya.jpg","type":"","width":"","height":""}],"author":"Yusra NY","twitter_card":"summary_large_image","twitter_creator":"@KapitalisInfo","twitter_site":"@KapitalisInfo","twitter_misc":{"\u00c9crit par":"Yusra NY","Dur\u00e9e de lecture estim\u00e9e":"1 minute"},"schema":{"@context":"https:\/\/schema.org","@graph":[{"@type":"Article","@id":"https:\/\/kapitalis.com\/tunisie\/2021\/01\/16\/ben-alaya-confinement-cible-a-partir-de-lundi-dautres-mesures-seront-proposees-par-le-comite-scientifique\/#article","isPartOf":{"@id":"https:\/\/kapitalis.com\/tunisie\/2021\/01\/16\/ben-alaya-confinement-cible-a-partir-de-lundi-dautres-mesures-seront-proposees-par-le-comite-scientifique\/"},"author":{"name":"Yusra NY","@id":"https:\/\/kapitalis.com\/tunisie\/#\/schema\/person\/74bbde0154d49d790a92aaeac5bc01d5"},"headline":"Ben Alaya : \u00abConfinement cibl\u00e9 \u00e0 partir de lundi, d&rsquo;autres mesures seront propos\u00e9es par le comit\u00e9 scientifique\u00bb","datePublished":"2021-01-16T11:46:25+00:00","dateModified":"2021-01-16T11:49:19+00:00","mainEntityOfPage":{"@id":"https:\/\/kapitalis.com\/tunisie\/2021\/01\/16\/ben-alaya-confinement-cible-a-partir-de-lundi-dautres-mesures-seront-proposees-par-le-comite-scientifique\/"},"wordCount":240,"commentCount":0,"publisher":{"@id":"https:\/\/kapitalis.com\/tunisie\/#organization"},"image":{"@id":"https:\/\/kapitalis.com\/tunisie\/2021\/01\/16\/ben-alaya-confinement-cible-a-partir-de-lundi-dautres-mesures-seront-proposees-par-le-comite-scientifique\/#primaryimage"},"thumbnailUrl":"http:\/\/kapitalis.com\/tunisie\/wp-content\/uploads\/2020\/08\/Nissaf-Ben-Alaya.jpg","keywords":["confinement cibl\u00e9","Coronavirus","covid","Nissaf Ben Alaya","Sant\u00e9"],"articleSection":["SOCIETE","Tunisie"],"inLanguage":"fr-FR","potentialAction":[{"@type":"CommentAction","name":"Comment","target":["https:\/\/kapitalis.com\/tunisie\/2021\/01\/16\/ben-alaya-confinement-cible-a-partir-de-lundi-dautres-mesures-seront-proposees-par-le-comite-scientifique\/#respond"]}]},{"@type":"WebPage","@id":"https:\/\/kapitalis.com\/tunisie\/2021\/01\/16\/ben-alaya-confinement-cible-a-partir-de-lundi-dautres-mesures-seront-proposees-par-le-comite-scientifique\/","url":"https:\/\/kapitalis.com\/tunisie\/2021\/01\/16\/ben-alaya-confinement-cible-a-partir-de-lundi-dautres-mesures-seront-proposees-par-le-comite-scientifique\/","name":"Ben Alaya : \u00abConfinement cibl\u00e9 \u00e0 partir de lundi, d'autres mesures seront propos\u00e9es par le comit\u00e9 scientifique\u00bb - Kapitalis","isPartOf":{"@id":"https:\/\/kapitalis.com\/tunisie\/#website"},"primaryImageOfPage":{"@id":"https:\/\/kapitalis.com\/tunisie\/2021\/01\/16\/ben-alaya-confinement-cible-a-partir-de-lundi-dautres-mesures-seront-proposees-par-le-comite-scientifique\/#primaryimage"},"image":{"@id":"https:\/\/kapitalis.com\/tunisie\/2021\/01\/16\/ben-alaya-confinement-cible-a-partir-de-lundi-dautres-mesures-seront-proposees-par-le-comite-scientifique\/#primaryimage"},"thumbnailUrl":"http:\/\/kapitalis.com\/tunisie\/wp-content\/uploads\/2020\/08\/Nissaf-Ben-Alaya.jpg","datePublished":"2021-01-16T11:46:25+00:00","dateModified":"2021-01-16T11:49:19+00:00","breadcrumb":{"@id":"https:\/\/kapitalis.com\/tunisie\/2021\/01\/16\/ben-alaya-confinement-cible-a-partir-de-lundi-dautres-mesures-seront-proposees-par-le-comite-scientifique\/#breadcrumb"},"inLanguage":"fr-FR","potentialAction":[{"@type":"ReadAction","target":["https:\/\/kapitalis.com\/tunisie\/2021\/01\/16\/ben-alaya-confinement-cible-a-partir-de-lundi-dautres-mesures-seront-proposees-par-le-comite-scientifique\/"]}]},{"@type":"ImageObject","inLanguage":"fr-FR","@id":"https:\/\/kapitalis.com\/tunisie\/2021\/01\/16\/ben-alaya-confinement-cible-a-partir-de-lundi-dautres-mesures-seront-proposees-par-le-comite-scientifique\/#primaryimage","url":"","contentUrl":""},{"@type":"BreadcrumbList","@id":"https:\/\/kapitalis.com\/tunisie\/2021\/01\/16\/ben-alaya-confinement-cible-a-partir-de-lundi-dautres-mesures-seront-proposees-par-le-comite-scientifique\/#breadcrumb","itemListElement":[{"@type":"ListItem","position":1,"name":"Accueil","item":"https:\/\/kapitalis.com\/tunisie\/"},{"@type":"ListItem","position":2,"name":"Ben Alaya : \u00abConfinement cibl\u00e9 \u00e0 partir de lundi, d&rsquo;autres mesures seront propos\u00e9es par le comit\u00e9 scientifique\u00bb"}]},{"@type":"WebSite","@id":"https:\/\/kapitalis.com\/tunisie\/#website","url":"https:\/\/kapitalis.com\/tunisie\/","name":"Kapitalis","description":"L&#039;actualit\u00e9 en Tunisie et dans le monde","publisher":{"@id":"https:\/\/kapitalis.com\/tunisie\/#organization"},"potentialAction":[{"@type":"SearchAction","target":{"@type":"EntryPoint","urlTemplate":"https:\/\/kapitalis.com\/tunisie\/?s={search_term_string}"},"query-input":{"@type":"PropertyValueSpecification","valueRequired":true,"valueName":"search_term_string"}}],"inLanguage":"fr-FR"},{"@type":"Organization","@id":"https:\/\/kapitalis.com\/tunisie\/#organization","name":"Kapitalis","url":"https:\/\/kapitalis.com\/tunisie\/","logo":{"@type":"ImageObject","inLanguage":"fr-FR","@id":"https:\/\/kapitalis.com\/tunisie\/#\/schema\/logo\/image\/","url":"https:\/\/kapitalis.com\/tunisie\/wp-content\/uploads\/2022\/05\/Kapitalis-big-size.png","contentUrl":"https:\/\/kapitalis.com\/tunisie\/wp-content\/uploads\/2022\/05\/Kapitalis-big-size.png","width":5000,"height":1500,"caption":"Kapitalis"},"image":{"@id":"https:\/\/kapitalis.com\/tunisie\/#\/schema\/logo\/image\/"},"sameAs":["https:\/\/www.facebook.com\/KapitalisInfo\/","https:\/\/x.com\/KapitalisInfo","https:\/\/www.youtube.com\/channel\/UC-yDYrHyfFBWWZaOw3FPg9Q"]},{"@type":"Person","@id":"https:\/\/kapitalis.com\/tunisie\/#\/schema\/person\/74bbde0154d49d790a92aaeac5bc01d5","name":"Yusra NY","url":"https:\/\/kapitalis.com\/tunisie\/author\/yuza_adam\/"}]}},"_links":{"self":[{"href":"https:\/\/kapitalis.com\/tunisie\/wp-json\/wp\/v2\/posts\/332311","targetHints":{"allow":["GET"]}}],"collection":[{"href":"https:\/\/kapitalis.com\/tunisie\/wp-json\/wp\/v2\/posts"}],"about":[{"href":"https:\/\/kapitalis.com\/tunisie\/wp-json\/wp\/v2\/types\/post"}],"author":[{"embeddable":true,"href":"https:\/\/kapitalis.com\/tunisie\/wp-json\/wp\/v2\/users\/6"}],"replies":[{"embeddable":true,"href":"https:\/\/kapitalis.com\/tunisie\/wp-json\/wp\/v2\/comments?post=332311"}],"version-history":[{"count":0,"href":"https:\/\/kapitalis.com\/tunisie\/wp-json\/wp\/v2\/posts\/332311\/revisions"}],"wp:attachment":[{"href":"https:\/\/kapitalis.com\/tunisie\/wp-json\/wp\/v2\/media?parent=332311"}],"wp:term":[{"taxonomy":"category","embeddable":true,"href":"https:\/\/kapitalis.com\/tunisie\/wp-json\/wp\/v2\/categories?post=332311"},{"taxonomy":"post_tag","embeddable":true,"href":"https:\/\/kapitalis.com\/tunisie\/wp-json\/wp\/v2\/tags?post=332311"}],"curies":[{"name":"wp","href":"https:\/\/api.w.org\/{rel}","templated":true}]}}