{"id":332744,"date":"2021-01-19T19:22:27","date_gmt":"2021-01-19T18:22:27","guid":{"rendered":"http:\/\/kapitalis.com\/tunisie\/?p=332744"},"modified":"2021-01-19T19:25:05","modified_gmt":"2021-01-19T18:25:05","slug":"polemique-suite-au-tweet-du-journaliste-israelien-edy-cohen-parlant-dune-2e-revolution-en-tunisie","status":"publish","type":"post","link":"https:\/\/kapitalis.com\/tunisie\/2021\/01\/19\/polemique-suite-au-tweet-du-journaliste-israelien-edy-cohen-parlant-dune-2e-revolution-en-tunisie\/","title":{"rendered":"Pol\u00e9mique suite au tweet du journaliste isra\u00e9lien Edy Cohen parlant d&rsquo;une 2e r\u00e9volution en Tunisie"},"content":{"rendered":"\n<figure class=\"wp-block-image size-large\"><img decoding=\"async\" src=\"http:\/\/kapitalis.com\/tunisie\/wp-content\/uploads\/2021\/01\/Edy-Cohen-revolution-2-Tunisie.jpg\" alt=\"\" class=\"wp-image-332750\"\/><\/figure>\n\n\n\n<p><strong><em>Le Tweet du journaliste isra\u00e9lien Edy Cohen expert en affaires arabes, qui a parl\u00e9 d&rsquo;une deuxi\u00e8me r\u00e9volution tunisienne en commentant les derniers \u00e9v\u00e8nements qui secouent la Tunisie depuis quatre jours, suscite la pol\u00e9mique sur les r\u00e9seaux sociaux.<\/em><\/strong><\/p>\n\n\n\n<!--more-->\n\n\n\n<p>\u00ab<em>Deuxi\u00e8me r\u00e9volution du Jasmin 2021, contre Ka\u00efs Sa\u00efed et le mouvement des Fr\u00e8res musulmans Ennahdha<\/em>\u00bb, a tweet\u00e9 le journaliste isra\u00e9lien Edy Cohen, pr\u00e9sent\u00e9 par certaines parties comme conseiller de Benyamin Netanyahou, vivement critiqu\u00e9 par des internautes, qui lui ont demand\u00e9 de <em>\u00abse m\u00ealer de ses affaires et de laisser le Maghreb en paix et de ne pas y semer le trouble\u00bb<\/em>.<\/p>\n\n\n\n<p>Edy Cohen a par ailleurs de nouveau \u00e9voqu\u00e9 la demande d&rsquo;Isra\u00ebl qui r\u00e9clame \u00e0 7 pays, dont la Tunisie, des d\u00e9dommagements pour biens abandonn\u00e9s par des personnes de confession juive, en 1948, dont le montant est estim\u00e9 \u00e0 250 milliards de dollars, soit plus de 741 milliards de dinars tunisiens (MDT).<\/p>\n\n\n\n<p><em>\u00abLes compensation des pays pour les juifs dont l&rsquo;argent a \u00e9t\u00e9 vol\u00e9 devra se faire, m\u00eame si cela a pris un si\u00e8cle\u00bb, <\/em>a-t-il encore post\u00e9 sur Twitter, et aux internautes arabes de lui r\u00e9pondre, qu\u2019Isra\u00ebl <em>\u00abmet la pression sur les pays arabes pour les pousser \u00e0 normaliser leurs relations  avec ce pays, mais que de toute fa\u00e7on, cela ne l\u2019emp\u00eachera pas pour autant d\u2019abandonner ses revendications concernant les dommages\u00bb.<\/em><\/p>\n\n\n\n<p><em>\u00abL&rsquo;entit\u00e9 sioniste a spoli\u00e9 la terre palestinienne, viol\u00e9 les droits de son peuple et confisqu\u00e9 leurs biens.Alors commencez vous par indemniser ceux que vous massacrer depuis des ann\u00e9es\u00bb<\/em>, a comment\u00e9, de son c\u00f4t\u00e9, un internaute tunisien.<\/p>\n\n\n\n<p class=\"has-text-align-right\"><strong>Y. N.<\/strong><\/p>\n","protected":false},"excerpt":{"rendered":"<p>Le Tweet du journaliste isra\u00e9lien Edy Cohen expert en affaires arabes, qui a parl\u00e9 d&rsquo;une deuxi\u00e8me r\u00e9volution tunisienne en commentant les derniers \u00e9v\u00e8nements qui secouent la Tunisie depuis quatre jours, suscite la pol\u00e9mique sur les r\u00e9seaux sociaux.<\/p>\n","protected":false},"author":6,"featured_media":332750,"comment_status":"open","ping_status":"open","sticky":false,"template":"","format":"standard","meta":{"footnotes":""},"categories":[996,997,2433],"tags":[86684,49543,26229,79627,86683,7336],"class_list":["post-332744","post","type-post","status-publish","format-standard","has-post-thumbnail","hentry","category-media","category-politique","category-tunisie","tag-edy-cohen","tag-ennahdha","tag-journaliste-israelien","tag-kais-saied","tag-normalisation-israel","tag-revolution-tunisienne"],"yoast_head":"<!-- This site is optimized with the Yoast SEO plugin v26.6 - https:\/\/yoast.com\/wordpress\/plugins\/seo\/ -->\n<title>Pol\u00e9mique suite au tweet du journaliste isra\u00e9lien Edy Cohen parlant d&#039;une 2e r\u00e9volution en Tunisie - Kapitalis<\/title>\n<meta name=\"robots\" content=\"index, follow, max-snippet:-1, max-image-preview:large, max-video-preview:-1\" \/>\n<link rel=\"canonical\" href=\"https:\/\/kapitalis.com\/tunisie\/2021\/01\/19\/polemique-suite-au-tweet-du-journaliste-israelien-edy-cohen-parlant-dune-2e-revolution-en-tunisie\/\" \/>\n<meta property=\"og:locale\" content=\"fr_FR\" \/>\n<meta property=\"og:type\" content=\"article\" \/>\n<meta property=\"og:title\" content=\"Pol\u00e9mique suite au tweet du journaliste isra\u00e9lien Edy Cohen parlant d&#039;une 2e r\u00e9volution en Tunisie - Kapitalis\" \/>\n<meta property=\"og:description\" content=\"Le Tweet du journaliste isra\u00e9lien Edy Cohen expert en affaires arabes, qui a parl\u00e9 d&rsquo;une deuxi\u00e8me r\u00e9volution tunisienne en commentant les derniers \u00e9v\u00e8nements qui secouent la Tunisie depuis quatre jours, suscite la pol\u00e9mique sur les r\u00e9seaux sociaux.\" \/>\n<meta property=\"og:url\" content=\"https:\/\/kapitalis.com\/tunisie\/2021\/01\/19\/polemique-suite-au-tweet-du-journaliste-israelien-edy-cohen-parlant-dune-2e-revolution-en-tunisie\/\" \/>\n<meta property=\"og:site_name\" content=\"Kapitalis\" \/>\n<meta property=\"article:publisher\" content=\"https:\/\/www.facebook.com\/KapitalisInfo\/\" \/>\n<meta property=\"article:published_time\" content=\"2021-01-19T18:22:27+00:00\" \/>\n<meta property=\"article:modified_time\" content=\"2021-01-19T18:25:05+00:00\" \/>\n<meta property=\"og:image\" content=\"https:\/\/kapitalis.com\/tunisie\/wp-content\/uploads\/2022\/05\/kapitalis-logo-fb.png\" \/>\n\t<meta property=\"og:image:width\" content=\"1200\" \/>\n\t<meta property=\"og:image:height\" content=\"630\" \/>\n\t<meta property=\"og:image:type\" content=\"image\/png\" \/>\n<meta name=\"author\" content=\"Yusra NY\" \/>\n<meta name=\"twitter:card\" content=\"summary_large_image\" \/>\n<meta name=\"twitter:creator\" content=\"@KapitalisInfo\" \/>\n<meta name=\"twitter:site\" content=\"@KapitalisInfo\" \/>\n<meta name=\"twitter:label1\" content=\"\u00c9crit par\" \/>\n\t<meta name=\"twitter:data1\" content=\"Yusra NY\" \/>\n\t<meta name=\"twitter:label2\" content=\"Dur\u00e9e de lecture estim\u00e9e\" \/>\n\t<meta name=\"twitter:data2\" content=\"1 minute\" \/>\n<script type=\"application\/ld+json\" class=\"yoast-schema-graph\">{\"@context\":\"https:\/\/schema.org\",\"@graph\":[{\"@type\":\"Article\",\"@id\":\"https:\/\/kapitalis.com\/tunisie\/2021\/01\/19\/polemique-suite-au-tweet-du-journaliste-israelien-edy-cohen-parlant-dune-2e-revolution-en-tunisie\/#article\",\"isPartOf\":{\"@id\":\"https:\/\/kapitalis.com\/tunisie\/2021\/01\/19\/polemique-suite-au-tweet-du-journaliste-israelien-edy-cohen-parlant-dune-2e-revolution-en-tunisie\/\"},\"author\":{\"name\":\"Yusra NY\",\"@id\":\"https:\/\/kapitalis.com\/tunisie\/#\/schema\/person\/74bbde0154d49d790a92aaeac5bc01d5\"},\"headline\":\"Pol\u00e9mique suite au tweet du journaliste isra\u00e9lien Edy Cohen parlant d&rsquo;une 2e r\u00e9volution en Tunisie\",\"datePublished\":\"2021-01-19T18:22:27+00:00\",\"dateModified\":\"2021-01-19T18:25:05+00:00\",\"mainEntityOfPage\":{\"@id\":\"https:\/\/kapitalis.com\/tunisie\/2021\/01\/19\/polemique-suite-au-tweet-du-journaliste-israelien-edy-cohen-parlant-dune-2e-revolution-en-tunisie\/\"},\"wordCount\":296,\"commentCount\":7,\"publisher\":{\"@id\":\"https:\/\/kapitalis.com\/tunisie\/#organization\"},\"image\":{\"@id\":\"https:\/\/kapitalis.com\/tunisie\/2021\/01\/19\/polemique-suite-au-tweet-du-journaliste-israelien-edy-cohen-parlant-dune-2e-revolution-en-tunisie\/#primaryimage\"},\"thumbnailUrl\":\"\",\"keywords\":[\"Edy Cohen\",\"Ennahdha\",\"journaliste isra\u00e9lien\",\"\u064fKa\u00efs Sa\u00efed\",\"normalisation Isra\u00ebl\",\"R\u00e9volution tunisienne\"],\"articleSection\":[\"MEDIA\",\"POLITIQUE\",\"Tunisie\"],\"inLanguage\":\"fr-FR\",\"potentialAction\":[{\"@type\":\"CommentAction\",\"name\":\"Comment\",\"target\":[\"https:\/\/kapitalis.com\/tunisie\/2021\/01\/19\/polemique-suite-au-tweet-du-journaliste-israelien-edy-cohen-parlant-dune-2e-revolution-en-tunisie\/#respond\"]}]},{\"@type\":\"WebPage\",\"@id\":\"https:\/\/kapitalis.com\/tunisie\/2021\/01\/19\/polemique-suite-au-tweet-du-journaliste-israelien-edy-cohen-parlant-dune-2e-revolution-en-tunisie\/\",\"url\":\"https:\/\/kapitalis.com\/tunisie\/2021\/01\/19\/polemique-suite-au-tweet-du-journaliste-israelien-edy-cohen-parlant-dune-2e-revolution-en-tunisie\/\",\"name\":\"Pol\u00e9mique suite au tweet du journaliste isra\u00e9lien Edy Cohen parlant d'une 2e r\u00e9volution en Tunisie - Kapitalis\",\"isPartOf\":{\"@id\":\"https:\/\/kapitalis.com\/tunisie\/#website\"},\"primaryImageOfPage\":{\"@id\":\"https:\/\/kapitalis.com\/tunisie\/2021\/01\/19\/polemique-suite-au-tweet-du-journaliste-israelien-edy-cohen-parlant-dune-2e-revolution-en-tunisie\/#primaryimage\"},\"image\":{\"@id\":\"https:\/\/kapitalis.com\/tunisie\/2021\/01\/19\/polemique-suite-au-tweet-du-journaliste-israelien-edy-cohen-parlant-dune-2e-revolution-en-tunisie\/#primaryimage\"},\"thumbnailUrl\":\"\",\"datePublished\":\"2021-01-19T18:22:27+00:00\",\"dateModified\":\"2021-01-19T18:25:05+00:00\",\"breadcrumb\":{\"@id\":\"https:\/\/kapitalis.com\/tunisie\/2021\/01\/19\/polemique-suite-au-tweet-du-journaliste-israelien-edy-cohen-parlant-dune-2e-revolution-en-tunisie\/#breadcrumb\"},\"inLanguage\":\"fr-FR\",\"potentialAction\":[{\"@type\":\"ReadAction\",\"target\":[\"https:\/\/kapitalis.com\/tunisie\/2021\/01\/19\/polemique-suite-au-tweet-du-journaliste-israelien-edy-cohen-parlant-dune-2e-revolution-en-tunisie\/\"]}]},{\"@type\":\"ImageObject\",\"inLanguage\":\"fr-FR\",\"@id\":\"https:\/\/kapitalis.com\/tunisie\/2021\/01\/19\/polemique-suite-au-tweet-du-journaliste-israelien-edy-cohen-parlant-dune-2e-revolution-en-tunisie\/#primaryimage\",\"url\":\"\",\"contentUrl\":\"\"},{\"@type\":\"BreadcrumbList\",\"@id\":\"https:\/\/kapitalis.com\/tunisie\/2021\/01\/19\/polemique-suite-au-tweet-du-journaliste-israelien-edy-cohen-parlant-dune-2e-revolution-en-tunisie\/#breadcrumb\",\"itemListElement\":[{\"@type\":\"ListItem\",\"position\":1,\"name\":\"Accueil\",\"item\":\"https:\/\/kapitalis.com\/tunisie\/\"},{\"@type\":\"ListItem\",\"position\":2,\"name\":\"Pol\u00e9mique suite au tweet du journaliste isra\u00e9lien Edy Cohen parlant d&rsquo;une 2e r\u00e9volution en Tunisie\"}]},{\"@type\":\"WebSite\",\"@id\":\"https:\/\/kapitalis.com\/tunisie\/#website\",\"url\":\"https:\/\/kapitalis.com\/tunisie\/\",\"name\":\"Kapitalis\",\"description\":\"L&#039;actualit\u00e9 en Tunisie et dans le monde\",\"publisher\":{\"@id\":\"https:\/\/kapitalis.com\/tunisie\/#organization\"},\"potentialAction\":[{\"@type\":\"SearchAction\",\"target\":{\"@type\":\"EntryPoint\",\"urlTemplate\":\"https:\/\/kapitalis.com\/tunisie\/?s={search_term_string}\"},\"query-input\":{\"@type\":\"PropertyValueSpecification\",\"valueRequired\":true,\"valueName\":\"search_term_string\"}}],\"inLanguage\":\"fr-FR\"},{\"@type\":\"Organization\",\"@id\":\"https:\/\/kapitalis.com\/tunisie\/#organization\",\"name\":\"Kapitalis\",\"url\":\"https:\/\/kapitalis.com\/tunisie\/\",\"logo\":{\"@type\":\"ImageObject\",\"inLanguage\":\"fr-FR\",\"@id\":\"https:\/\/kapitalis.com\/tunisie\/#\/schema\/logo\/image\/\",\"url\":\"https:\/\/kapitalis.com\/tunisie\/wp-content\/uploads\/2022\/05\/Kapitalis-big-size.png\",\"contentUrl\":\"https:\/\/kapitalis.com\/tunisie\/wp-content\/uploads\/2022\/05\/Kapitalis-big-size.png\",\"width\":5000,\"height\":1500,\"caption\":\"Kapitalis\"},\"image\":{\"@id\":\"https:\/\/kapitalis.com\/tunisie\/#\/schema\/logo\/image\/\"},\"sameAs\":[\"https:\/\/www.facebook.com\/KapitalisInfo\/\",\"https:\/\/x.com\/KapitalisInfo\",\"https:\/\/www.youtube.com\/channel\/UC-yDYrHyfFBWWZaOw3FPg9Q\"]},{\"@type\":\"Person\",\"@id\":\"https:\/\/kapitalis.com\/tunisie\/#\/schema\/person\/74bbde0154d49d790a92aaeac5bc01d5\",\"name\":\"Yusra NY\",\"url\":\"https:\/\/kapitalis.com\/tunisie\/author\/yuza_adam\/\"}]}<\/script>\n<!-- \/ Yoast SEO plugin. -->","yoast_head_json":{"title":"Pol\u00e9mique suite au tweet du journaliste isra\u00e9lien Edy Cohen parlant d'une 2e r\u00e9volution en Tunisie - Kapitalis","robots":{"index":"index","follow":"follow","max-snippet":"max-snippet:-1","max-image-preview":"max-image-preview:large","max-video-preview":"max-video-preview:-1"},"canonical":"https:\/\/kapitalis.com\/tunisie\/2021\/01\/19\/polemique-suite-au-tweet-du-journaliste-israelien-edy-cohen-parlant-dune-2e-revolution-en-tunisie\/","og_locale":"fr_FR","og_type":"article","og_title":"Pol\u00e9mique suite au tweet du journaliste isra\u00e9lien Edy Cohen parlant d'une 2e r\u00e9volution en Tunisie - Kapitalis","og_description":"Le Tweet du journaliste isra\u00e9lien Edy Cohen expert en affaires arabes, qui a parl\u00e9 d&rsquo;une deuxi\u00e8me r\u00e9volution tunisienne en commentant les derniers \u00e9v\u00e8nements qui secouent la Tunisie depuis quatre jours, suscite la pol\u00e9mique sur les r\u00e9seaux sociaux.","og_url":"https:\/\/kapitalis.com\/tunisie\/2021\/01\/19\/polemique-suite-au-tweet-du-journaliste-israelien-edy-cohen-parlant-dune-2e-revolution-en-tunisie\/","og_site_name":"Kapitalis","article_publisher":"https:\/\/www.facebook.com\/KapitalisInfo\/","article_published_time":"2021-01-19T18:22:27+00:00","article_modified_time":"2021-01-19T18:25:05+00:00","og_image":[{"width":1200,"height":630,"url":"https:\/\/kapitalis.com\/tunisie\/wp-content\/uploads\/2022\/05\/kapitalis-logo-fb.png","type":"image\/png"}],"author":"Yusra NY","twitter_card":"summary_large_image","twitter_creator":"@KapitalisInfo","twitter_site":"@KapitalisInfo","twitter_misc":{"\u00c9crit par":"Yusra NY","Dur\u00e9e de lecture estim\u00e9e":"1 minute"},"schema":{"@context":"https:\/\/schema.org","@graph":[{"@type":"Article","@id":"https:\/\/kapitalis.com\/tunisie\/2021\/01\/19\/polemique-suite-au-tweet-du-journaliste-israelien-edy-cohen-parlant-dune-2e-revolution-en-tunisie\/#article","isPartOf":{"@id":"https:\/\/kapitalis.com\/tunisie\/2021\/01\/19\/polemique-suite-au-tweet-du-journaliste-israelien-edy-cohen-parlant-dune-2e-revolution-en-tunisie\/"},"author":{"name":"Yusra NY","@id":"https:\/\/kapitalis.com\/tunisie\/#\/schema\/person\/74bbde0154d49d790a92aaeac5bc01d5"},"headline":"Pol\u00e9mique suite au tweet du journaliste isra\u00e9lien Edy Cohen parlant d&rsquo;une 2e r\u00e9volution en Tunisie","datePublished":"2021-01-19T18:22:27+00:00","dateModified":"2021-01-19T18:25:05+00:00","mainEntityOfPage":{"@id":"https:\/\/kapitalis.com\/tunisie\/2021\/01\/19\/polemique-suite-au-tweet-du-journaliste-israelien-edy-cohen-parlant-dune-2e-revolution-en-tunisie\/"},"wordCount":296,"commentCount":7,"publisher":{"@id":"https:\/\/kapitalis.com\/tunisie\/#organization"},"image":{"@id":"https:\/\/kapitalis.com\/tunisie\/2021\/01\/19\/polemique-suite-au-tweet-du-journaliste-israelien-edy-cohen-parlant-dune-2e-revolution-en-tunisie\/#primaryimage"},"thumbnailUrl":"","keywords":["Edy Cohen","Ennahdha","journaliste isra\u00e9lien","\u064fKa\u00efs Sa\u00efed","normalisation Isra\u00ebl","R\u00e9volution tunisienne"],"articleSection":["MEDIA","POLITIQUE","Tunisie"],"inLanguage":"fr-FR","potentialAction":[{"@type":"CommentAction","name":"Comment","target":["https:\/\/kapitalis.com\/tunisie\/2021\/01\/19\/polemique-suite-au-tweet-du-journaliste-israelien-edy-cohen-parlant-dune-2e-revolution-en-tunisie\/#respond"]}]},{"@type":"WebPage","@id":"https:\/\/kapitalis.com\/tunisie\/2021\/01\/19\/polemique-suite-au-tweet-du-journaliste-israelien-edy-cohen-parlant-dune-2e-revolution-en-tunisie\/","url":"https:\/\/kapitalis.com\/tunisie\/2021\/01\/19\/polemique-suite-au-tweet-du-journaliste-israelien-edy-cohen-parlant-dune-2e-revolution-en-tunisie\/","name":"Pol\u00e9mique suite au tweet du journaliste isra\u00e9lien Edy Cohen parlant d'une 2e r\u00e9volution en Tunisie - Kapitalis","isPartOf":{"@id":"https:\/\/kapitalis.com\/tunisie\/#website"},"primaryImageOfPage":{"@id":"https:\/\/kapitalis.com\/tunisie\/2021\/01\/19\/polemique-suite-au-tweet-du-journaliste-israelien-edy-cohen-parlant-dune-2e-revolution-en-tunisie\/#primaryimage"},"image":{"@id":"https:\/\/kapitalis.com\/tunisie\/2021\/01\/19\/polemique-suite-au-tweet-du-journaliste-israelien-edy-cohen-parlant-dune-2e-revolution-en-tunisie\/#primaryimage"},"thumbnailUrl":"","datePublished":"2021-01-19T18:22:27+00:00","dateModified":"2021-01-19T18:25:05+00:00","breadcrumb":{"@id":"https:\/\/kapitalis.com\/tunisie\/2021\/01\/19\/polemique-suite-au-tweet-du-journaliste-israelien-edy-cohen-parlant-dune-2e-revolution-en-tunisie\/#breadcrumb"},"inLanguage":"fr-FR","potentialAction":[{"@type":"ReadAction","target":["https:\/\/kapitalis.com\/tunisie\/2021\/01\/19\/polemique-suite-au-tweet-du-journaliste-israelien-edy-cohen-parlant-dune-2e-revolution-en-tunisie\/"]}]},{"@type":"ImageObject","inLanguage":"fr-FR","@id":"https:\/\/kapitalis.com\/tunisie\/2021\/01\/19\/polemique-suite-au-tweet-du-journaliste-israelien-edy-cohen-parlant-dune-2e-revolution-en-tunisie\/#primaryimage","url":"","contentUrl":""},{"@type":"BreadcrumbList","@id":"https:\/\/kapitalis.com\/tunisie\/2021\/01\/19\/polemique-suite-au-tweet-du-journaliste-israelien-edy-cohen-parlant-dune-2e-revolution-en-tunisie\/#breadcrumb","itemListElement":[{"@type":"ListItem","position":1,"name":"Accueil","item":"https:\/\/kapitalis.com\/tunisie\/"},{"@type":"ListItem","position":2,"name":"Pol\u00e9mique suite au tweet du journaliste isra\u00e9lien Edy Cohen parlant d&rsquo;une 2e r\u00e9volution en Tunisie"}]},{"@type":"WebSite","@id":"https:\/\/kapitalis.com\/tunisie\/#website","url":"https:\/\/kapitalis.com\/tunisie\/","name":"Kapitalis","description":"L&#039;actualit\u00e9 en Tunisie et dans le monde","publisher":{"@id":"https:\/\/kapitalis.com\/tunisie\/#organization"},"potentialAction":[{"@type":"SearchAction","target":{"@type":"EntryPoint","urlTemplate":"https:\/\/kapitalis.com\/tunisie\/?s={search_term_string}"},"query-input":{"@type":"PropertyValueSpecification","valueRequired":true,"valueName":"search_term_string"}}],"inLanguage":"fr-FR"},{"@type":"Organization","@id":"https:\/\/kapitalis.com\/tunisie\/#organization","name":"Kapitalis","url":"https:\/\/kapitalis.com\/tunisie\/","logo":{"@type":"ImageObject","inLanguage":"fr-FR","@id":"https:\/\/kapitalis.com\/tunisie\/#\/schema\/logo\/image\/","url":"https:\/\/kapitalis.com\/tunisie\/wp-content\/uploads\/2022\/05\/Kapitalis-big-size.png","contentUrl":"https:\/\/kapitalis.com\/tunisie\/wp-content\/uploads\/2022\/05\/Kapitalis-big-size.png","width":5000,"height":1500,"caption":"Kapitalis"},"image":{"@id":"https:\/\/kapitalis.com\/tunisie\/#\/schema\/logo\/image\/"},"sameAs":["https:\/\/www.facebook.com\/KapitalisInfo\/","https:\/\/x.com\/KapitalisInfo","https:\/\/www.youtube.com\/channel\/UC-yDYrHyfFBWWZaOw3FPg9Q"]},{"@type":"Person","@id":"https:\/\/kapitalis.com\/tunisie\/#\/schema\/person\/74bbde0154d49d790a92aaeac5bc01d5","name":"Yusra NY","url":"https:\/\/kapitalis.com\/tunisie\/author\/yuza_adam\/"}]}},"_links":{"self":[{"href":"https:\/\/kapitalis.com\/tunisie\/wp-json\/wp\/v2\/posts\/332744","targetHints":{"allow":["GET"]}}],"collection":[{"href":"https:\/\/kapitalis.com\/tunisie\/wp-json\/wp\/v2\/posts"}],"about":[{"href":"https:\/\/kapitalis.com\/tunisie\/wp-json\/wp\/v2\/types\/post"}],"author":[{"embeddable":true,"href":"https:\/\/kapitalis.com\/tunisie\/wp-json\/wp\/v2\/users\/6"}],"replies":[{"embeddable":true,"href":"https:\/\/kapitalis.com\/tunisie\/wp-json\/wp\/v2\/comments?post=332744"}],"version-history":[{"count":0,"href":"https:\/\/kapitalis.com\/tunisie\/wp-json\/wp\/v2\/posts\/332744\/revisions"}],"wp:featuredmedia":[{"embeddable":true,"href":"https:\/\/kapitalis.com\/tunisie\/wp-json\/wp\/v2\/media\/332750"}],"wp:attachment":[{"href":"https:\/\/kapitalis.com\/tunisie\/wp-json\/wp\/v2\/media?parent=332744"}],"wp:term":[{"taxonomy":"category","embeddable":true,"href":"https:\/\/kapitalis.com\/tunisie\/wp-json\/wp\/v2\/categories?post=332744"},{"taxonomy":"post_tag","embeddable":true,"href":"https:\/\/kapitalis.com\/tunisie\/wp-json\/wp\/v2\/tags?post=332744"}],"curies":[{"name":"wp","href":"https:\/\/api.w.org\/{rel}","templated":true}]}}