{"id":332796,"date":"2021-01-20T11:23:02","date_gmt":"2021-01-20T10:23:02","guid":{"rendered":"http:\/\/kapitalis.com\/tunisie\/?p=332796"},"modified":"2021-01-20T11:23:07","modified_gmt":"2021-01-20T10:23:07","slug":"kaouther-ben-hania-et-sami-bouajila-primes-a-la-ceremonie-des-lumieres-de-la-presse-internationale","status":"publish","type":"post","link":"https:\/\/kapitalis.com\/tunisie\/2021\/01\/20\/kaouther-ben-hania-et-sami-bouajila-primes-a-la-ceremonie-des-lumieres-de-la-presse-internationale\/","title":{"rendered":"Kaouther Ben Hania et Sami Bouajila prim\u00e9s \u00e0 la C\u00e9r\u00e9monie des Lumi\u00e8res de la presse internationale"},"content":{"rendered":"\n<div class=\"wp-block-image\"><figure class=\"aligncenter size-large\"><img decoding=\"async\" src=\"http:\/\/kapitalis.com\/tunisie\/wp-content\/uploads\/2021\/01\/Untitled-1-7.jpg\" alt=\"\" class=\"wp-image-332802\"\/><\/figure><\/div>\n\n\n\n<p><strong><em>La cin\u00e9aste tunisienne Kaouther Ben Hania et l\u2019acteur franco-tunisien Sami Bouajila viennent d\u2019\u00eatre prim\u00e9s dans le cadre de la 26<sup>e<\/sup> C\u00e9r\u00e9monie des Lumi\u00e8res de la Presse internationale (Paris).<\/em><\/strong><\/p>\n\n\n\n<p>La C\u00e9r\u00e9monie des Lumi\u00e8res de la Presse internationale est un rendez-vous annuel organis\u00e9 par l\u2019Acad\u00e9mie des Lumi\u00e8res qui r\u00e9compense les films sortis l\u2019ann\u00e9e pr\u00e9c\u00e9dente dans diff\u00e9rentes cat\u00e9gories, jug\u00e9s par des critiques et des journalistes de la presse internationale, bas\u00e9s \u00e0 Paris.<\/p>\n\n\n\n<p>Trois films tunisiens (\u00ab\u00a0<em>Un fils<\/em>\u00a0\u00bb de Mehdi Barsaoui, \u00ab\u00a0<em>Un divan \u00e0 Tunis<\/em>\u00a0\u00bb de Menele Labidi et \u00ab\u00a0<em>L\u2019homme qui a vendu sa peau\u00a0<\/em>\u00bb de Kaouther Ben Hania) \u00e9taient retenus \u00e0 la s\u00e9lection finale de la 26<sup>e<\/sup> \u00e9dition a eu lieu hier soir, mardi 19 janvier.<\/p>\n\n\n\n<p>L\u2019acteur franco-tunisien Sami Bouajila vient de remporter le Prix du meilleur acteur pour son r\u00f4le dans \u00ab\u00a0<em>Un fils<\/em>\u00a0\u00bb de Mehdi Barsaoui, et la cin\u00e9aste tunisienne Kaouther Ben Hania a obtenue le Prix de la meilleure coproduction internationale pour son dernier film \u00ab\u00a0<em>L\u2019homme qui a vendu sa peau<\/em>\u00a0\u00bb.<\/p>\n\n\n\n<p class=\"has-text-align-right\"><strong>Fawz Benali<\/strong><\/p>\n","protected":false},"excerpt":{"rendered":"<p>La cin\u00e9aste tunisienne Kaouther Ben Hania et l\u2019acteur franco-tunisien Sami Bouajila viennent d\u2019\u00eatre prim\u00e9s dans le cadre de la 26e C\u00e9r\u00e9monie des Lumi\u00e8res de la Presse internationale (Paris). La C\u00e9r\u00e9monie des Lumi\u00e8res de la Presse internationale est un rendez-vous annuel organis\u00e9 par l\u2019Acad\u00e9mie des Lumi\u00e8res qui r\u00e9compense les films sortis l\u2019ann\u00e9e pr\u00e9c\u00e9dente dans diff\u00e9rentes cat\u00e9gories,&#8230;<\/p>\n","protected":false},"author":26,"featured_media":332802,"comment_status":"open","ping_status":"open","sticky":false,"template":"","format":"standard","meta":{"footnotes":""},"categories":[994,996,2433],"tags":[85675,86699,9668,22952,86700,72152],"class_list":["post-332796","post","type-post","status-publish","format-standard","has-post-thumbnail","hentry","category-culture","category-media","category-tunisie","tag-academie-des-lumieres","tag-ceremonie-des-lumieres","tag-cinema-tunisien","tag-kaouther-ben-hania","tag-presse-internationale","tag-sami-bouajila"],"yoast_head":"<!-- This site is optimized with the Yoast SEO plugin v26.6 - https:\/\/yoast.com\/wordpress\/plugins\/seo\/ -->\n<title>Kaouther Ben Hania et Sami Bouajila prim\u00e9s \u00e0 la C\u00e9r\u00e9monie des Lumi\u00e8res de la presse internationale - Kapitalis<\/title>\n<meta name=\"robots\" content=\"index, follow, max-snippet:-1, max-image-preview:large, max-video-preview:-1\" \/>\n<link rel=\"canonical\" href=\"https:\/\/kapitalis.com\/tunisie\/2021\/01\/20\/kaouther-ben-hania-et-sami-bouajila-primes-a-la-ceremonie-des-lumieres-de-la-presse-internationale\/\" \/>\n<meta property=\"og:locale\" content=\"fr_FR\" \/>\n<meta property=\"og:type\" content=\"article\" \/>\n<meta property=\"og:title\" content=\"Kaouther Ben Hania et Sami Bouajila prim\u00e9s \u00e0 la C\u00e9r\u00e9monie des Lumi\u00e8res de la presse internationale - Kapitalis\" \/>\n<meta property=\"og:description\" content=\"La cin\u00e9aste tunisienne Kaouther Ben Hania et l\u2019acteur franco-tunisien Sami Bouajila viennent d\u2019\u00eatre prim\u00e9s dans le cadre de la 26e C\u00e9r\u00e9monie des Lumi\u00e8res de la Presse internationale (Paris). La C\u00e9r\u00e9monie des Lumi\u00e8res de la Presse internationale est un rendez-vous annuel organis\u00e9 par l\u2019Acad\u00e9mie des Lumi\u00e8res qui r\u00e9compense les films sortis l\u2019ann\u00e9e pr\u00e9c\u00e9dente dans diff\u00e9rentes cat\u00e9gories,...\" \/>\n<meta property=\"og:url\" content=\"https:\/\/kapitalis.com\/tunisie\/2021\/01\/20\/kaouther-ben-hania-et-sami-bouajila-primes-a-la-ceremonie-des-lumieres-de-la-presse-internationale\/\" \/>\n<meta property=\"og:site_name\" content=\"Kapitalis\" \/>\n<meta property=\"article:publisher\" content=\"https:\/\/www.facebook.com\/KapitalisInfo\/\" \/>\n<meta property=\"article:published_time\" content=\"2021-01-20T10:23:02+00:00\" \/>\n<meta property=\"article:modified_time\" content=\"2021-01-20T10:23:07+00:00\" \/>\n<meta property=\"og:image\" content=\"https:\/\/kapitalis.com\/tunisie\/wp-content\/uploads\/2022\/05\/kapitalis-logo-fb.png\" \/>\n\t<meta property=\"og:image:width\" content=\"1200\" \/>\n\t<meta property=\"og:image:height\" content=\"630\" \/>\n\t<meta property=\"og:image:type\" content=\"image\/png\" \/>\n<meta name=\"author\" content=\"Fawz BenAli\" \/>\n<meta name=\"twitter:card\" content=\"summary_large_image\" \/>\n<meta name=\"twitter:creator\" content=\"@KapitalisInfo\" \/>\n<meta name=\"twitter:site\" content=\"@KapitalisInfo\" \/>\n<meta name=\"twitter:label1\" content=\"\u00c9crit par\" \/>\n\t<meta name=\"twitter:data1\" content=\"Fawz BenAli\" \/>\n\t<meta name=\"twitter:label2\" content=\"Dur\u00e9e de lecture estim\u00e9e\" \/>\n\t<meta name=\"twitter:data2\" content=\"1 minute\" \/>\n<script type=\"application\/ld+json\" class=\"yoast-schema-graph\">{\"@context\":\"https:\/\/schema.org\",\"@graph\":[{\"@type\":\"Article\",\"@id\":\"https:\/\/kapitalis.com\/tunisie\/2021\/01\/20\/kaouther-ben-hania-et-sami-bouajila-primes-a-la-ceremonie-des-lumieres-de-la-presse-internationale\/#article\",\"isPartOf\":{\"@id\":\"https:\/\/kapitalis.com\/tunisie\/2021\/01\/20\/kaouther-ben-hania-et-sami-bouajila-primes-a-la-ceremonie-des-lumieres-de-la-presse-internationale\/\"},\"author\":{\"name\":\"Fawz BenAli\",\"@id\":\"https:\/\/kapitalis.com\/tunisie\/#\/schema\/person\/73a5ecc1f6ae540c6ed91342eadca948\"},\"headline\":\"Kaouther Ben Hania et Sami Bouajila prim\u00e9s \u00e0 la C\u00e9r\u00e9monie des Lumi\u00e8res de la presse internationale\",\"datePublished\":\"2021-01-20T10:23:02+00:00\",\"dateModified\":\"2021-01-20T10:23:07+00:00\",\"mainEntityOfPage\":{\"@id\":\"https:\/\/kapitalis.com\/tunisie\/2021\/01\/20\/kaouther-ben-hania-et-sami-bouajila-primes-a-la-ceremonie-des-lumieres-de-la-presse-internationale\/\"},\"wordCount\":205,\"commentCount\":1,\"publisher\":{\"@id\":\"https:\/\/kapitalis.com\/tunisie\/#organization\"},\"image\":{\"@id\":\"https:\/\/kapitalis.com\/tunisie\/2021\/01\/20\/kaouther-ben-hania-et-sami-bouajila-primes-a-la-ceremonie-des-lumieres-de-la-presse-internationale\/#primaryimage\"},\"thumbnailUrl\":\"\",\"keywords\":[\"Acad\u00e9mie des Lumi\u00e8res\",\"C\u00e9r\u00e9monie des lumi\u00e8res\",\"cin\u00e9ma tunisien\",\"Kaouther Ben Hania\",\"presse internationale\",\"Sami Bouajila\"],\"articleSection\":[\"CULTURE\",\"MEDIA\",\"Tunisie\"],\"inLanguage\":\"fr-FR\",\"potentialAction\":[{\"@type\":\"CommentAction\",\"name\":\"Comment\",\"target\":[\"https:\/\/kapitalis.com\/tunisie\/2021\/01\/20\/kaouther-ben-hania-et-sami-bouajila-primes-a-la-ceremonie-des-lumieres-de-la-presse-internationale\/#respond\"]}]},{\"@type\":\"WebPage\",\"@id\":\"https:\/\/kapitalis.com\/tunisie\/2021\/01\/20\/kaouther-ben-hania-et-sami-bouajila-primes-a-la-ceremonie-des-lumieres-de-la-presse-internationale\/\",\"url\":\"https:\/\/kapitalis.com\/tunisie\/2021\/01\/20\/kaouther-ben-hania-et-sami-bouajila-primes-a-la-ceremonie-des-lumieres-de-la-presse-internationale\/\",\"name\":\"Kaouther Ben Hania et Sami Bouajila prim\u00e9s \u00e0 la C\u00e9r\u00e9monie des Lumi\u00e8res de la presse internationale - Kapitalis\",\"isPartOf\":{\"@id\":\"https:\/\/kapitalis.com\/tunisie\/#website\"},\"primaryImageOfPage\":{\"@id\":\"https:\/\/kapitalis.com\/tunisie\/2021\/01\/20\/kaouther-ben-hania-et-sami-bouajila-primes-a-la-ceremonie-des-lumieres-de-la-presse-internationale\/#primaryimage\"},\"image\":{\"@id\":\"https:\/\/kapitalis.com\/tunisie\/2021\/01\/20\/kaouther-ben-hania-et-sami-bouajila-primes-a-la-ceremonie-des-lumieres-de-la-presse-internationale\/#primaryimage\"},\"thumbnailUrl\":\"\",\"datePublished\":\"2021-01-20T10:23:02+00:00\",\"dateModified\":\"2021-01-20T10:23:07+00:00\",\"breadcrumb\":{\"@id\":\"https:\/\/kapitalis.com\/tunisie\/2021\/01\/20\/kaouther-ben-hania-et-sami-bouajila-primes-a-la-ceremonie-des-lumieres-de-la-presse-internationale\/#breadcrumb\"},\"inLanguage\":\"fr-FR\",\"potentialAction\":[{\"@type\":\"ReadAction\",\"target\":[\"https:\/\/kapitalis.com\/tunisie\/2021\/01\/20\/kaouther-ben-hania-et-sami-bouajila-primes-a-la-ceremonie-des-lumieres-de-la-presse-internationale\/\"]}]},{\"@type\":\"ImageObject\",\"inLanguage\":\"fr-FR\",\"@id\":\"https:\/\/kapitalis.com\/tunisie\/2021\/01\/20\/kaouther-ben-hania-et-sami-bouajila-primes-a-la-ceremonie-des-lumieres-de-la-presse-internationale\/#primaryimage\",\"url\":\"\",\"contentUrl\":\"\"},{\"@type\":\"BreadcrumbList\",\"@id\":\"https:\/\/kapitalis.com\/tunisie\/2021\/01\/20\/kaouther-ben-hania-et-sami-bouajila-primes-a-la-ceremonie-des-lumieres-de-la-presse-internationale\/#breadcrumb\",\"itemListElement\":[{\"@type\":\"ListItem\",\"position\":1,\"name\":\"Accueil\",\"item\":\"https:\/\/kapitalis.com\/tunisie\/\"},{\"@type\":\"ListItem\",\"position\":2,\"name\":\"Kaouther Ben Hania et Sami Bouajila prim\u00e9s \u00e0 la C\u00e9r\u00e9monie des Lumi\u00e8res de la presse internationale\"}]},{\"@type\":\"WebSite\",\"@id\":\"https:\/\/kapitalis.com\/tunisie\/#website\",\"url\":\"https:\/\/kapitalis.com\/tunisie\/\",\"name\":\"Kapitalis\",\"description\":\"L&#039;actualit\u00e9 en Tunisie et dans le monde\",\"publisher\":{\"@id\":\"https:\/\/kapitalis.com\/tunisie\/#organization\"},\"potentialAction\":[{\"@type\":\"SearchAction\",\"target\":{\"@type\":\"EntryPoint\",\"urlTemplate\":\"https:\/\/kapitalis.com\/tunisie\/?s={search_term_string}\"},\"query-input\":{\"@type\":\"PropertyValueSpecification\",\"valueRequired\":true,\"valueName\":\"search_term_string\"}}],\"inLanguage\":\"fr-FR\"},{\"@type\":\"Organization\",\"@id\":\"https:\/\/kapitalis.com\/tunisie\/#organization\",\"name\":\"Kapitalis\",\"url\":\"https:\/\/kapitalis.com\/tunisie\/\",\"logo\":{\"@type\":\"ImageObject\",\"inLanguage\":\"fr-FR\",\"@id\":\"https:\/\/kapitalis.com\/tunisie\/#\/schema\/logo\/image\/\",\"url\":\"https:\/\/kapitalis.com\/tunisie\/wp-content\/uploads\/2022\/05\/Kapitalis-big-size.png\",\"contentUrl\":\"https:\/\/kapitalis.com\/tunisie\/wp-content\/uploads\/2022\/05\/Kapitalis-big-size.png\",\"width\":5000,\"height\":1500,\"caption\":\"Kapitalis\"},\"image\":{\"@id\":\"https:\/\/kapitalis.com\/tunisie\/#\/schema\/logo\/image\/\"},\"sameAs\":[\"https:\/\/www.facebook.com\/KapitalisInfo\/\",\"https:\/\/x.com\/KapitalisInfo\",\"https:\/\/www.youtube.com\/channel\/UC-yDYrHyfFBWWZaOw3FPg9Q\"]},{\"@type\":\"Person\",\"@id\":\"https:\/\/kapitalis.com\/tunisie\/#\/schema\/person\/73a5ecc1f6ae540c6ed91342eadca948\",\"name\":\"Fawz BenAli\",\"url\":\"https:\/\/kapitalis.com\/tunisie\/author\/fawz\/\"}]}<\/script>\n<!-- \/ Yoast SEO plugin. -->","yoast_head_json":{"title":"Kaouther Ben Hania et Sami Bouajila prim\u00e9s \u00e0 la C\u00e9r\u00e9monie des Lumi\u00e8res de la presse internationale - Kapitalis","robots":{"index":"index","follow":"follow","max-snippet":"max-snippet:-1","max-image-preview":"max-image-preview:large","max-video-preview":"max-video-preview:-1"},"canonical":"https:\/\/kapitalis.com\/tunisie\/2021\/01\/20\/kaouther-ben-hania-et-sami-bouajila-primes-a-la-ceremonie-des-lumieres-de-la-presse-internationale\/","og_locale":"fr_FR","og_type":"article","og_title":"Kaouther Ben Hania et Sami Bouajila prim\u00e9s \u00e0 la C\u00e9r\u00e9monie des Lumi\u00e8res de la presse internationale - Kapitalis","og_description":"La cin\u00e9aste tunisienne Kaouther Ben Hania et l\u2019acteur franco-tunisien Sami Bouajila viennent d\u2019\u00eatre prim\u00e9s dans le cadre de la 26e C\u00e9r\u00e9monie des Lumi\u00e8res de la Presse internationale (Paris). La C\u00e9r\u00e9monie des Lumi\u00e8res de la Presse internationale est un rendez-vous annuel organis\u00e9 par l\u2019Acad\u00e9mie des Lumi\u00e8res qui r\u00e9compense les films sortis l\u2019ann\u00e9e pr\u00e9c\u00e9dente dans diff\u00e9rentes cat\u00e9gories,...","og_url":"https:\/\/kapitalis.com\/tunisie\/2021\/01\/20\/kaouther-ben-hania-et-sami-bouajila-primes-a-la-ceremonie-des-lumieres-de-la-presse-internationale\/","og_site_name":"Kapitalis","article_publisher":"https:\/\/www.facebook.com\/KapitalisInfo\/","article_published_time":"2021-01-20T10:23:02+00:00","article_modified_time":"2021-01-20T10:23:07+00:00","og_image":[{"width":1200,"height":630,"url":"https:\/\/kapitalis.com\/tunisie\/wp-content\/uploads\/2022\/05\/kapitalis-logo-fb.png","type":"image\/png"}],"author":"Fawz BenAli","twitter_card":"summary_large_image","twitter_creator":"@KapitalisInfo","twitter_site":"@KapitalisInfo","twitter_misc":{"\u00c9crit par":"Fawz BenAli","Dur\u00e9e de lecture estim\u00e9e":"1 minute"},"schema":{"@context":"https:\/\/schema.org","@graph":[{"@type":"Article","@id":"https:\/\/kapitalis.com\/tunisie\/2021\/01\/20\/kaouther-ben-hania-et-sami-bouajila-primes-a-la-ceremonie-des-lumieres-de-la-presse-internationale\/#article","isPartOf":{"@id":"https:\/\/kapitalis.com\/tunisie\/2021\/01\/20\/kaouther-ben-hania-et-sami-bouajila-primes-a-la-ceremonie-des-lumieres-de-la-presse-internationale\/"},"author":{"name":"Fawz BenAli","@id":"https:\/\/kapitalis.com\/tunisie\/#\/schema\/person\/73a5ecc1f6ae540c6ed91342eadca948"},"headline":"Kaouther Ben Hania et Sami Bouajila prim\u00e9s \u00e0 la C\u00e9r\u00e9monie des Lumi\u00e8res de la presse internationale","datePublished":"2021-01-20T10:23:02+00:00","dateModified":"2021-01-20T10:23:07+00:00","mainEntityOfPage":{"@id":"https:\/\/kapitalis.com\/tunisie\/2021\/01\/20\/kaouther-ben-hania-et-sami-bouajila-primes-a-la-ceremonie-des-lumieres-de-la-presse-internationale\/"},"wordCount":205,"commentCount":1,"publisher":{"@id":"https:\/\/kapitalis.com\/tunisie\/#organization"},"image":{"@id":"https:\/\/kapitalis.com\/tunisie\/2021\/01\/20\/kaouther-ben-hania-et-sami-bouajila-primes-a-la-ceremonie-des-lumieres-de-la-presse-internationale\/#primaryimage"},"thumbnailUrl":"","keywords":["Acad\u00e9mie des Lumi\u00e8res","C\u00e9r\u00e9monie des lumi\u00e8res","cin\u00e9ma tunisien","Kaouther Ben Hania","presse internationale","Sami Bouajila"],"articleSection":["CULTURE","MEDIA","Tunisie"],"inLanguage":"fr-FR","potentialAction":[{"@type":"CommentAction","name":"Comment","target":["https:\/\/kapitalis.com\/tunisie\/2021\/01\/20\/kaouther-ben-hania-et-sami-bouajila-primes-a-la-ceremonie-des-lumieres-de-la-presse-internationale\/#respond"]}]},{"@type":"WebPage","@id":"https:\/\/kapitalis.com\/tunisie\/2021\/01\/20\/kaouther-ben-hania-et-sami-bouajila-primes-a-la-ceremonie-des-lumieres-de-la-presse-internationale\/","url":"https:\/\/kapitalis.com\/tunisie\/2021\/01\/20\/kaouther-ben-hania-et-sami-bouajila-primes-a-la-ceremonie-des-lumieres-de-la-presse-internationale\/","name":"Kaouther Ben Hania et Sami Bouajila prim\u00e9s \u00e0 la C\u00e9r\u00e9monie des Lumi\u00e8res de la presse internationale - Kapitalis","isPartOf":{"@id":"https:\/\/kapitalis.com\/tunisie\/#website"},"primaryImageOfPage":{"@id":"https:\/\/kapitalis.com\/tunisie\/2021\/01\/20\/kaouther-ben-hania-et-sami-bouajila-primes-a-la-ceremonie-des-lumieres-de-la-presse-internationale\/#primaryimage"},"image":{"@id":"https:\/\/kapitalis.com\/tunisie\/2021\/01\/20\/kaouther-ben-hania-et-sami-bouajila-primes-a-la-ceremonie-des-lumieres-de-la-presse-internationale\/#primaryimage"},"thumbnailUrl":"","datePublished":"2021-01-20T10:23:02+00:00","dateModified":"2021-01-20T10:23:07+00:00","breadcrumb":{"@id":"https:\/\/kapitalis.com\/tunisie\/2021\/01\/20\/kaouther-ben-hania-et-sami-bouajila-primes-a-la-ceremonie-des-lumieres-de-la-presse-internationale\/#breadcrumb"},"inLanguage":"fr-FR","potentialAction":[{"@type":"ReadAction","target":["https:\/\/kapitalis.com\/tunisie\/2021\/01\/20\/kaouther-ben-hania-et-sami-bouajila-primes-a-la-ceremonie-des-lumieres-de-la-presse-internationale\/"]}]},{"@type":"ImageObject","inLanguage":"fr-FR","@id":"https:\/\/kapitalis.com\/tunisie\/2021\/01\/20\/kaouther-ben-hania-et-sami-bouajila-primes-a-la-ceremonie-des-lumieres-de-la-presse-internationale\/#primaryimage","url":"","contentUrl":""},{"@type":"BreadcrumbList","@id":"https:\/\/kapitalis.com\/tunisie\/2021\/01\/20\/kaouther-ben-hania-et-sami-bouajila-primes-a-la-ceremonie-des-lumieres-de-la-presse-internationale\/#breadcrumb","itemListElement":[{"@type":"ListItem","position":1,"name":"Accueil","item":"https:\/\/kapitalis.com\/tunisie\/"},{"@type":"ListItem","position":2,"name":"Kaouther Ben Hania et Sami Bouajila prim\u00e9s \u00e0 la C\u00e9r\u00e9monie des Lumi\u00e8res de la presse internationale"}]},{"@type":"WebSite","@id":"https:\/\/kapitalis.com\/tunisie\/#website","url":"https:\/\/kapitalis.com\/tunisie\/","name":"Kapitalis","description":"L&#039;actualit\u00e9 en Tunisie et dans le monde","publisher":{"@id":"https:\/\/kapitalis.com\/tunisie\/#organization"},"potentialAction":[{"@type":"SearchAction","target":{"@type":"EntryPoint","urlTemplate":"https:\/\/kapitalis.com\/tunisie\/?s={search_term_string}"},"query-input":{"@type":"PropertyValueSpecification","valueRequired":true,"valueName":"search_term_string"}}],"inLanguage":"fr-FR"},{"@type":"Organization","@id":"https:\/\/kapitalis.com\/tunisie\/#organization","name":"Kapitalis","url":"https:\/\/kapitalis.com\/tunisie\/","logo":{"@type":"ImageObject","inLanguage":"fr-FR","@id":"https:\/\/kapitalis.com\/tunisie\/#\/schema\/logo\/image\/","url":"https:\/\/kapitalis.com\/tunisie\/wp-content\/uploads\/2022\/05\/Kapitalis-big-size.png","contentUrl":"https:\/\/kapitalis.com\/tunisie\/wp-content\/uploads\/2022\/05\/Kapitalis-big-size.png","width":5000,"height":1500,"caption":"Kapitalis"},"image":{"@id":"https:\/\/kapitalis.com\/tunisie\/#\/schema\/logo\/image\/"},"sameAs":["https:\/\/www.facebook.com\/KapitalisInfo\/","https:\/\/x.com\/KapitalisInfo","https:\/\/www.youtube.com\/channel\/UC-yDYrHyfFBWWZaOw3FPg9Q"]},{"@type":"Person","@id":"https:\/\/kapitalis.com\/tunisie\/#\/schema\/person\/73a5ecc1f6ae540c6ed91342eadca948","name":"Fawz BenAli","url":"https:\/\/kapitalis.com\/tunisie\/author\/fawz\/"}]}},"_links":{"self":[{"href":"https:\/\/kapitalis.com\/tunisie\/wp-json\/wp\/v2\/posts\/332796","targetHints":{"allow":["GET"]}}],"collection":[{"href":"https:\/\/kapitalis.com\/tunisie\/wp-json\/wp\/v2\/posts"}],"about":[{"href":"https:\/\/kapitalis.com\/tunisie\/wp-json\/wp\/v2\/types\/post"}],"author":[{"embeddable":true,"href":"https:\/\/kapitalis.com\/tunisie\/wp-json\/wp\/v2\/users\/26"}],"replies":[{"embeddable":true,"href":"https:\/\/kapitalis.com\/tunisie\/wp-json\/wp\/v2\/comments?post=332796"}],"version-history":[{"count":0,"href":"https:\/\/kapitalis.com\/tunisie\/wp-json\/wp\/v2\/posts\/332796\/revisions"}],"wp:featuredmedia":[{"embeddable":true,"href":"https:\/\/kapitalis.com\/tunisie\/wp-json\/wp\/v2\/media\/332802"}],"wp:attachment":[{"href":"https:\/\/kapitalis.com\/tunisie\/wp-json\/wp\/v2\/media?parent=332796"}],"wp:term":[{"taxonomy":"category","embeddable":true,"href":"https:\/\/kapitalis.com\/tunisie\/wp-json\/wp\/v2\/categories?post=332796"},{"taxonomy":"post_tag","embeddable":true,"href":"https:\/\/kapitalis.com\/tunisie\/wp-json\/wp\/v2\/tags?post=332796"}],"curies":[{"name":"wp","href":"https:\/\/api.w.org\/{rel}","templated":true}]}}