{"id":332900,"date":"2021-01-21T08:59:10","date_gmt":"2021-01-21T07:59:10","guid":{"rendered":"http:\/\/kapitalis.com\/tunisie\/?p=332900"},"modified":"2021-01-21T09:05:33","modified_gmt":"2021-01-21T08:05:33","slug":"la-revolution-tunisienne-du-jasmin-au-cactus","status":"publish","type":"post","link":"https:\/\/kapitalis.com\/tunisie\/2021\/01\/21\/la-revolution-tunisienne-du-jasmin-au-cactus\/","title":{"rendered":"La r\u00e9volution tunisienne : du jasmin au cactus"},"content":{"rendered":"\n<figure class=\"wp-block-image size-large\"><img decoding=\"async\" src=\"http:\/\/kapitalis.com\/tunisie\/wp-content\/uploads\/2021\/01\/Tunisie-Jasmin-Cactus-1.jpg\" alt=\"\" class=\"wp-image-332907\"\/><\/figure>\n\n\n\n<p><strong><em>\u00abTaht el yasmina fi lil\u2026\u00bb Le refrain de cette chanson du patrimoine tunisien trouve un \u00e9cho bien plus triste \u00e0 pr\u00e9sent que le jour s\u2019est lev\u00e9 sur les dix ann\u00e9es post-r\u00e9volution en Tunisie.<\/em><\/strong><\/p>\n\n\n\n<p>Par <strong>Jean-Guillaume Lozato<\/strong> *<\/p>\n\n\n\n<!--more-->\n\n\n\n<div class=\"wp-block-image\"><figure class=\"alignleft size-large\"><img decoding=\"async\" src=\"http:\/\/kapitalis.com\/tunisie\/wp-content\/uploads\/2019\/09\/Jean-Guillaume-Lozato-1.jpg\" alt=\"\" class=\"wp-image-241349\"\/><\/figure><\/div>\n\n\n\n<p>Avec la pand\u00e9mie de la Covid-19 et les restrictions qu\u2019elle impose pour les d\u00e9placements en alliant confinement et couvre-feu, le folklore n\u2019est plus \u00e0 l\u2019ordre du jour et l\u2019heure n\u2019est pas vraiment \u00e0 la comm\u00e9moration joyeuse. Presque logiquement \u2013 si la notion de logique pouvait s\u2019appliquer momentan\u00e9ment \u00e0 tout \u00e7a \u2013 des \u00e9meutes se sont produites, sous formes de tentatives de manifestations donnant lieu \u00e0 des espaces inorganis\u00e9s de protestation. Sans plus savoir quoi revendiquer en premier.<\/p>\n\n\n\n<p>Le citoyen se sent perdu. Ou bern\u00e9. Il vit au jour le jour.<\/p>\n\n\n\n<p>L\u2019opinion publique internationale, elle, semble aussi \u00e9gar\u00e9e. Quand elle n\u2019est pas devenue carr\u00e9ment indiff\u00e9rente par la faute d\u2019organes de presse ou de communication officiels manquant de r\u00e9activit\u00e9 par rapport \u00e0 ce dossier.<\/p>\n\n\n\n<p>Dix ans. Une d\u00e9cennie au bilan comptable et humain d\u00e9cevant pour cet anniversaire de la R\u00e9volution du Jasmin pourtant aussi porteuse d\u2019espoirs qu\u2019inattendue dans le monde arabe.<\/p>\n\n\n\n<h3 class=\"wp-block-heading\">Des inconditionnels du d\u00e9gagisme aux nostalgiques de Ben Ali !<\/h3>\n\n\n\n<p>La Tunisie a tout essay\u00e9 : le traitement de l\u2019urgence face au terrorisme; la patience, r\u00e9elle par le peuple, parfois feinte dans la classe dirigeante dans des perspectives le plus souvent \u00e9lectoralistes; l\u2019encouragement m\u00e9diatique, y compris dans le secteur du divertissement (par exemple avec les chanteuses Ameni Souissi et Chaima Helali).<\/p>\n\n\n\n<p>La floraison de partis n\u2019a pas aid\u00e9 \u00e0 se forger une vraie culture d\u00e9mocratique au Tunisien lambda qui n\u2019aura pas la patiente de jouer \u00e0 l\u2019apprenti \u00e9tudiant en IEP. La cons\u00e9quence en est une succession de gouvernements plus occup\u00e9s \u00e0 colmater les br\u00e8ches ouvertes par les pr\u00e9d\u00e9cesseurs qu\u2019\u00e0 construire un vrai programme, soit par incomp\u00e9tence, soit \u00e0 cause de l\u2019engagement dans un vrai goulet d\u2019\u00e9tranglement l\u00e9gislatif et fiscal, accentu\u00e9 par un nouveau type de client\u00e9lisme arriviste. La corruption a renforc\u00e9 l\u2019inertie d\u2019un c\u00f4t\u00e9, au plus haut niveau de l\u2019ex\u00e9cutif.<\/p>\n\n\n\n<p>Sur l&rsquo;autre versant s\u2019est invit\u00e9 le fatalisme comme l\u2019a d\u00e9montr\u00e9 l\u2019affaire du stockage des d\u00e9chets italiens d\u00e9port\u00e9s dans les environs de Sousse. Un d\u00e9tail qui souligne une d\u00e9rive de nature mafieuse n\u00e9faste \u00e0 une nation fragilis\u00e9e qui a rendu frileux tout investissement \u00e9tranger et se retrouvant soumise \u00e0 une myriade de sp\u00e9culations tant haussi\u00e8res que baissi\u00e8res.<\/p>\n\n\n\n<p>La Tunisie est devenue un terrain de jeu. C&rsquo;est pourquoi le citoyen tunisien se partage mentalement entre une position hallucinatoire et une posture amn\u00e9sique, selon qu\u2019il se place en nostalgique de Ben Ali ou en partisan inconditionnel du d\u00e9gagisme. Quant au scepticisme, il a de beaux jours devant lui, avec un acc\u00e8s entrouvert pour le populisme version islamiste, tout dans l\u2019apparence pour ce qui est de sa version religieuse-civile avec le parti de Rached Ghannouchi et dans son interpr\u00e9tation militaris\u00e9e pour les candidats \u00e0 l\u2019expatriation (avec au pr\u00e9alable des \u00abentra\u00eenements\u00bb au Jebel Chaambi, \u00e0 Kasserine).<\/p>\n\n\n\n<p>Sous un autre angle, du point de vue culturel et spatial, les m\u00e9dias \u00e9trangers ne sont pas d\u2019un grand secours. Ne s\u2019int\u00e9ressant qu\u2019\u00e9pisodiquement \u00e0 l\u2019\u00e9volution de la situation, y compris de la part de grands groupes m\u00e9diatiques arabophones, sans rechercher les sources du mal-\u00eatre. On ne produit que peu d\u2019analyses, fauss\u00e9es ou orient\u00e9es comme celles ignorant le vrai d\u00e9coupage politique tunisien, oubliant qu\u2019il existe un indice Tunindex, que le Dinar tunisien a chut\u00e9 valant d\u00e9sormais 0,30 euro et que le tourisme n\u2019agit plus en rem\u00e8de efficace sur le march\u00e9 de l\u2019emploi.<\/p>\n\n\n\n<h3 class=\"wp-block-heading\">Le jasmin de la r\u00e9volution est en train de se faner<\/h3>\n\n\n\n<p>L\u2019autre th\u00e9matique sur laquelle l\u2019Occident et ses m\u00e9dias, mais parfois aussi ses institutions \u2013 et l\u00e0 c&rsquo;est plus inqui\u00e9tant! \u2013 est le traitement de la vie politique. Alors que la France s\u2019enlise dans le macronisme philosophie du surplace<em> \u00aben m\u00eame temps\u00bb<\/em>, les acteurs de la sc\u00e8ne politique y ont souvent employ\u00e9 la terminologie contradictoire d\u2019islamo-gauchisme.<\/p>\n\n\n\n<p>Cette expression qui r\u00e9sonne comme un mot-valise inappropri\u00e9 fait s\u2019entrechoquer deux opinions incompatibles, ses analystes ne sont m\u00eame pas en mesure de r\u00e9aliser que le vrai islamo-gauchisme existe davantage en Tunisie que dans l\u2019Hexagone puisque l\u2019on y est en pr\u00e9sence d\u2019une coexistence opportuniste entre des conservateurs d\u2019Ennahdha et des progressistes qui ont pactis\u00e9 ensemble. L\u00e0 le caract\u00e8re insoluble se manifeste cette fois par l\u2019incompatibilit\u00e9 avec l\u2019int\u00e9grit\u00e9 \u2013 int\u00e9grisme ne veut pas forc\u00e9ment dire int\u00e9grit\u00e9 selon les circonstances et les pays\u2026 \u2013 n\u00e9cessaire \u00e0 la bonne gouvernance d&rsquo;un Etat. Les int\u00e9r\u00eats anim\u00e9s par l\u2019app\u00e2t du gain et la corrosion constitutionnelle ont form\u00e9 le moteur de cette entente contre-nature.<\/p>\n\n\n\n<p>Le jasmin de la r\u00e9volution est en train de se faner. Pouss\u00e9 par la croissance du cactus. Avec l\u2019obligation cette fois-ci de puiser l\u2019eau r\u00e9g\u00e9n\u00e9ratrice pour le Printemps Arabe au c\u0153ur de la plante cact\u00e9e qui s&rsquo;est \u00e9lev\u00e9e sur les bords de l\u2019autoroute m\u00e9diatique menant au d\u00e9sert politicien et spirituel d\u2019un paysage institutionnel en pleine d\u00e9sarticulation. Avec des aggravations socio-\u00e9conomiques in\u00e9vitables.<\/p>\n\n\n\n<p>Le seul mode \u00e9chappatoire qu\u2019il reste \u00e0 actionner est le second aspect de cette r\u00e9volution : la r\u00e9volution num\u00e9rique, normalement une denr\u00e9e non p\u00e9rissable. Mais avec toute la mati\u00e8re grise en fuite\u2026 L\u00e0 le risque de court-circuit existe. En particulier avec l&rsquo;\u00e9tranger peu enclin \u00e0 juger avec les outils idoines une situation semblant condamn\u00e9e \u00e0 \u00e9chapper \u00e0 son entendement pour le moment.<\/p>\n\n\n\n<p><em>* Enseignant en langue et civilisation italiennes. <\/em><\/p>\n\n\n\n<h4 class=\"wp-block-heading\"><em>Articles du m\u00eame auteur dans Kapitalis  :<\/em><\/h4>\n\n\n\n<figure class=\"wp-block-embed is-type-wp-embed is-provider-kapitalis wp-block-embed-kapitalis\"><div class=\"wp-block-embed__wrapper\">\n<blockquote class=\"wp-embedded-content\" data-secret=\"gu0txpdnqO\"><a href=\"https:\/\/kapitalis.com\/tunisie\/2020\/11\/09\/terrorisme-en-france-existe-t-il-reellement-un-probleme-tunisien\/\">Terrorisme en France : existe-t-il r\u00e9ellement un probl\u00e8me tunisien ?<\/a><\/blockquote><iframe loading=\"lazy\" class=\"wp-embedded-content\" sandbox=\"allow-scripts\" security=\"restricted\" style=\"position: absolute; clip: rect(1px, 1px, 1px, 1px);\" title=\"\u00ab\u00a0Terrorisme en France : existe-t-il r\u00e9ellement un probl\u00e8me tunisien ?\u00a0\u00bb &#8212; Kapitalis\" src=\"https:\/\/kapitalis.com\/tunisie\/2020\/11\/09\/terrorisme-en-france-existe-t-il-reellement-un-probleme-tunisien\/embed\/#?secret=iphWIvMjho#?secret=gu0txpdnqO\" data-secret=\"gu0txpdnqO\" width=\"600\" height=\"338\" frameborder=\"0\" marginwidth=\"0\" marginheight=\"0\" scrolling=\"no\"><\/iframe>\n<\/div><\/figure>\n\n\n\n<figure class=\"wp-block-embed is-type-wp-embed is-provider-kapitalis wp-block-embed-kapitalis\"><div class=\"wp-block-embed__wrapper\">\n<blockquote class=\"wp-embedded-content\" data-secret=\"ZGox2xMMxd\"><a href=\"https:\/\/kapitalis.com\/tunisie\/2020\/10\/17\/entretien-erkin-ablimit-parle-de-la-cause-des-ouighours\/\">Entretien : Erkin Ablimit parle de la cause des Ouighours<\/a><\/blockquote><iframe loading=\"lazy\" class=\"wp-embedded-content\" sandbox=\"allow-scripts\" security=\"restricted\" style=\"position: absolute; clip: rect(1px, 1px, 1px, 1px);\" title=\"\u00ab\u00a0Entretien : Erkin Ablimit parle de la cause des Ouighours\u00a0\u00bb &#8212; Kapitalis\" src=\"https:\/\/kapitalis.com\/tunisie\/2020\/10\/17\/entretien-erkin-ablimit-parle-de-la-cause-des-ouighours\/embed\/#?secret=K6jAM7yRYk#?secret=ZGox2xMMxd\" data-secret=\"ZGox2xMMxd\" width=\"600\" height=\"338\" frameborder=\"0\" marginwidth=\"0\" marginheight=\"0\" scrolling=\"no\"><\/iframe>\n<\/div><\/figure>\n\n\n\n<figure class=\"wp-block-embed is-type-wp-embed is-provider-kapitalis wp-block-embed-kapitalis\"><div class=\"wp-block-embed__wrapper\">\n<blockquote class=\"wp-embedded-content\" data-secret=\"E8z26k9ydy\"><a href=\"https:\/\/kapitalis.com\/tunisie\/2020\/05\/22\/la-tragedie-des-ouighours-une-deportation-a-domicile\/\">La trag\u00e9die des Ouighours : Une d\u00e9portation \u00e0 domicile<\/a><\/blockquote><iframe loading=\"lazy\" class=\"wp-embedded-content\" sandbox=\"allow-scripts\" security=\"restricted\" style=\"position: absolute; clip: rect(1px, 1px, 1px, 1px);\" title=\"\u00ab\u00a0La trag\u00e9die des Ouighours : Une d\u00e9portation \u00e0 domicile\u00a0\u00bb &#8212; Kapitalis\" src=\"https:\/\/kapitalis.com\/tunisie\/2020\/05\/22\/la-tragedie-des-ouighours-une-deportation-a-domicile\/embed\/#?secret=SYkWZD9Bgx#?secret=E8z26k9ydy\" data-secret=\"E8z26k9ydy\" width=\"600\" height=\"338\" frameborder=\"0\" marginwidth=\"0\" marginheight=\"0\" scrolling=\"no\"><\/iframe>\n<\/div><\/figure>\n","protected":false},"excerpt":{"rendered":"<p>\u00abTaht el yasmina fi lil\u2026\u00bb Le refrain de cette chanson du patrimoine tunisien trouve un \u00e9cho bien plus triste \u00e0 pr\u00e9sent que le jour s\u2019est lev\u00e9 sur les dix ann\u00e9es post-r\u00e9volution en Tunisie. Par Jean-Guillaume Lozato *<\/p>\n","protected":false},"author":8,"featured_media":332907,"comment_status":"open","ping_status":"open","sticky":false,"template":"","format":"standard","meta":{"footnotes":""},"categories":[992,997,1000,2433],"tags":[49543,86720,1514,758,7336],"class_list":["post-332900","post","type-post","status-publish","format-standard","has-post-thumbnail","hentry","category-a-la-une","category-politique","category-tribune","category-tunisie","tag-ennahdha","tag-islamo-gauchisme","tag-printemps-arabe","tag-rached-ghannouchi","tag-revolution-tunisienne"],"yoast_head":"<!-- This site is optimized with the Yoast SEO plugin v26.6 - https:\/\/yoast.com\/wordpress\/plugins\/seo\/ -->\n<title>La r\u00e9volution tunisienne : du jasmin au cactus - Kapitalis<\/title>\n<meta name=\"robots\" content=\"index, follow, max-snippet:-1, max-image-preview:large, max-video-preview:-1\" \/>\n<link rel=\"canonical\" href=\"https:\/\/kapitalis.com\/tunisie\/2021\/01\/21\/la-revolution-tunisienne-du-jasmin-au-cactus\/\" \/>\n<meta property=\"og:locale\" content=\"fr_FR\" \/>\n<meta property=\"og:type\" content=\"article\" \/>\n<meta property=\"og:title\" content=\"La r\u00e9volution tunisienne : du jasmin au cactus - Kapitalis\" \/>\n<meta property=\"og:description\" content=\"\u00abTaht el yasmina fi lil\u2026\u00bb Le refrain de cette chanson du patrimoine tunisien trouve un \u00e9cho bien plus triste \u00e0 pr\u00e9sent que le jour s\u2019est lev\u00e9 sur les dix ann\u00e9es post-r\u00e9volution en Tunisie. Par Jean-Guillaume Lozato *\" \/>\n<meta property=\"og:url\" content=\"https:\/\/kapitalis.com\/tunisie\/2021\/01\/21\/la-revolution-tunisienne-du-jasmin-au-cactus\/\" \/>\n<meta property=\"og:site_name\" content=\"Kapitalis\" \/>\n<meta property=\"article:publisher\" content=\"https:\/\/www.facebook.com\/KapitalisInfo\/\" \/>\n<meta property=\"article:published_time\" content=\"2021-01-21T07:59:10+00:00\" \/>\n<meta property=\"article:modified_time\" content=\"2021-01-21T08:05:33+00:00\" \/>\n<meta property=\"og:image\" content=\"https:\/\/kapitalis.com\/tunisie\/wp-content\/uploads\/2022\/05\/kapitalis-logo-fb.png\" \/>\n\t<meta property=\"og:image:width\" content=\"1200\" \/>\n\t<meta property=\"og:image:height\" content=\"630\" \/>\n\t<meta property=\"og:image:type\" content=\"image\/png\" \/>\n<meta name=\"author\" content=\"webmaster kapitalis\" \/>\n<meta name=\"twitter:card\" content=\"summary_large_image\" \/>\n<meta name=\"twitter:creator\" content=\"@KapitalisInfo\" \/>\n<meta name=\"twitter:site\" content=\"@KapitalisInfo\" \/>\n<meta name=\"twitter:label1\" content=\"\u00c9crit par\" \/>\n\t<meta name=\"twitter:data1\" content=\"webmaster kapitalis\" \/>\n\t<meta name=\"twitter:label2\" content=\"Dur\u00e9e de lecture estim\u00e9e\" \/>\n\t<meta name=\"twitter:data2\" content=\"5 minutes\" \/>\n<script type=\"application\/ld+json\" class=\"yoast-schema-graph\">{\"@context\":\"https:\/\/schema.org\",\"@graph\":[{\"@type\":\"Article\",\"@id\":\"https:\/\/kapitalis.com\/tunisie\/2021\/01\/21\/la-revolution-tunisienne-du-jasmin-au-cactus\/#article\",\"isPartOf\":{\"@id\":\"https:\/\/kapitalis.com\/tunisie\/2021\/01\/21\/la-revolution-tunisienne-du-jasmin-au-cactus\/\"},\"author\":{\"name\":\"webmaster kapitalis\",\"@id\":\"https:\/\/kapitalis.com\/tunisie\/#\/schema\/person\/d71f33a9ca44f7bad4698210b480c8e9\"},\"headline\":\"La r\u00e9volution tunisienne : du jasmin au cactus\",\"datePublished\":\"2021-01-21T07:59:10+00:00\",\"dateModified\":\"2021-01-21T08:05:33+00:00\",\"mainEntityOfPage\":{\"@id\":\"https:\/\/kapitalis.com\/tunisie\/2021\/01\/21\/la-revolution-tunisienne-du-jasmin-au-cactus\/\"},\"wordCount\":1028,\"commentCount\":14,\"publisher\":{\"@id\":\"https:\/\/kapitalis.com\/tunisie\/#organization\"},\"image\":{\"@id\":\"https:\/\/kapitalis.com\/tunisie\/2021\/01\/21\/la-revolution-tunisienne-du-jasmin-au-cactus\/#primaryimage\"},\"thumbnailUrl\":\"\",\"keywords\":[\"Ennahdha\",\"islamo-gauchisme\",\"printemps arabe\",\"Rached Ghannouchi\",\"R\u00e9volution tunisienne\"],\"articleSection\":[\"A LA UNE\",\"POLITIQUE\",\"TRIBUNE\",\"Tunisie\"],\"inLanguage\":\"fr-FR\",\"potentialAction\":[{\"@type\":\"CommentAction\",\"name\":\"Comment\",\"target\":[\"https:\/\/kapitalis.com\/tunisie\/2021\/01\/21\/la-revolution-tunisienne-du-jasmin-au-cactus\/#respond\"]}]},{\"@type\":\"WebPage\",\"@id\":\"https:\/\/kapitalis.com\/tunisie\/2021\/01\/21\/la-revolution-tunisienne-du-jasmin-au-cactus\/\",\"url\":\"https:\/\/kapitalis.com\/tunisie\/2021\/01\/21\/la-revolution-tunisienne-du-jasmin-au-cactus\/\",\"name\":\"La r\u00e9volution tunisienne : du jasmin au cactus - Kapitalis\",\"isPartOf\":{\"@id\":\"https:\/\/kapitalis.com\/tunisie\/#website\"},\"primaryImageOfPage\":{\"@id\":\"https:\/\/kapitalis.com\/tunisie\/2021\/01\/21\/la-revolution-tunisienne-du-jasmin-au-cactus\/#primaryimage\"},\"image\":{\"@id\":\"https:\/\/kapitalis.com\/tunisie\/2021\/01\/21\/la-revolution-tunisienne-du-jasmin-au-cactus\/#primaryimage\"},\"thumbnailUrl\":\"\",\"datePublished\":\"2021-01-21T07:59:10+00:00\",\"dateModified\":\"2021-01-21T08:05:33+00:00\",\"breadcrumb\":{\"@id\":\"https:\/\/kapitalis.com\/tunisie\/2021\/01\/21\/la-revolution-tunisienne-du-jasmin-au-cactus\/#breadcrumb\"},\"inLanguage\":\"fr-FR\",\"potentialAction\":[{\"@type\":\"ReadAction\",\"target\":[\"https:\/\/kapitalis.com\/tunisie\/2021\/01\/21\/la-revolution-tunisienne-du-jasmin-au-cactus\/\"]}]},{\"@type\":\"ImageObject\",\"inLanguage\":\"fr-FR\",\"@id\":\"https:\/\/kapitalis.com\/tunisie\/2021\/01\/21\/la-revolution-tunisienne-du-jasmin-au-cactus\/#primaryimage\",\"url\":\"\",\"contentUrl\":\"\"},{\"@type\":\"BreadcrumbList\",\"@id\":\"https:\/\/kapitalis.com\/tunisie\/2021\/01\/21\/la-revolution-tunisienne-du-jasmin-au-cactus\/#breadcrumb\",\"itemListElement\":[{\"@type\":\"ListItem\",\"position\":1,\"name\":\"Accueil\",\"item\":\"https:\/\/kapitalis.com\/tunisie\/\"},{\"@type\":\"ListItem\",\"position\":2,\"name\":\"La r\u00e9volution tunisienne : du jasmin au cactus\"}]},{\"@type\":\"WebSite\",\"@id\":\"https:\/\/kapitalis.com\/tunisie\/#website\",\"url\":\"https:\/\/kapitalis.com\/tunisie\/\",\"name\":\"Kapitalis\",\"description\":\"L&#039;actualit\u00e9 en Tunisie et dans le monde\",\"publisher\":{\"@id\":\"https:\/\/kapitalis.com\/tunisie\/#organization\"},\"potentialAction\":[{\"@type\":\"SearchAction\",\"target\":{\"@type\":\"EntryPoint\",\"urlTemplate\":\"https:\/\/kapitalis.com\/tunisie\/?s={search_term_string}\"},\"query-input\":{\"@type\":\"PropertyValueSpecification\",\"valueRequired\":true,\"valueName\":\"search_term_string\"}}],\"inLanguage\":\"fr-FR\"},{\"@type\":\"Organization\",\"@id\":\"https:\/\/kapitalis.com\/tunisie\/#organization\",\"name\":\"Kapitalis\",\"url\":\"https:\/\/kapitalis.com\/tunisie\/\",\"logo\":{\"@type\":\"ImageObject\",\"inLanguage\":\"fr-FR\",\"@id\":\"https:\/\/kapitalis.com\/tunisie\/#\/schema\/logo\/image\/\",\"url\":\"https:\/\/kapitalis.com\/tunisie\/wp-content\/uploads\/2022\/05\/Kapitalis-big-size.png\",\"contentUrl\":\"https:\/\/kapitalis.com\/tunisie\/wp-content\/uploads\/2022\/05\/Kapitalis-big-size.png\",\"width\":5000,\"height\":1500,\"caption\":\"Kapitalis\"},\"image\":{\"@id\":\"https:\/\/kapitalis.com\/tunisie\/#\/schema\/logo\/image\/\"},\"sameAs\":[\"https:\/\/www.facebook.com\/KapitalisInfo\/\",\"https:\/\/x.com\/KapitalisInfo\",\"https:\/\/www.youtube.com\/channel\/UC-yDYrHyfFBWWZaOw3FPg9Q\"]},{\"@type\":\"Person\",\"@id\":\"https:\/\/kapitalis.com\/tunisie\/#\/schema\/person\/d71f33a9ca44f7bad4698210b480c8e9\",\"name\":\"webmaster kapitalis\",\"url\":\"https:\/\/kapitalis.com\/tunisie\/author\/webmaster-kapitalis\/\"}]}<\/script>\n<!-- \/ Yoast SEO plugin. -->","yoast_head_json":{"title":"La r\u00e9volution tunisienne : du jasmin au cactus - Kapitalis","robots":{"index":"index","follow":"follow","max-snippet":"max-snippet:-1","max-image-preview":"max-image-preview:large","max-video-preview":"max-video-preview:-1"},"canonical":"https:\/\/kapitalis.com\/tunisie\/2021\/01\/21\/la-revolution-tunisienne-du-jasmin-au-cactus\/","og_locale":"fr_FR","og_type":"article","og_title":"La r\u00e9volution tunisienne : du jasmin au cactus - Kapitalis","og_description":"\u00abTaht el yasmina fi lil\u2026\u00bb Le refrain de cette chanson du patrimoine tunisien trouve un \u00e9cho bien plus triste \u00e0 pr\u00e9sent que le jour s\u2019est lev\u00e9 sur les dix ann\u00e9es post-r\u00e9volution en Tunisie. Par Jean-Guillaume Lozato *","og_url":"https:\/\/kapitalis.com\/tunisie\/2021\/01\/21\/la-revolution-tunisienne-du-jasmin-au-cactus\/","og_site_name":"Kapitalis","article_publisher":"https:\/\/www.facebook.com\/KapitalisInfo\/","article_published_time":"2021-01-21T07:59:10+00:00","article_modified_time":"2021-01-21T08:05:33+00:00","og_image":[{"width":1200,"height":630,"url":"https:\/\/kapitalis.com\/tunisie\/wp-content\/uploads\/2022\/05\/kapitalis-logo-fb.png","type":"image\/png"}],"author":"webmaster kapitalis","twitter_card":"summary_large_image","twitter_creator":"@KapitalisInfo","twitter_site":"@KapitalisInfo","twitter_misc":{"\u00c9crit par":"webmaster kapitalis","Dur\u00e9e de lecture estim\u00e9e":"5 minutes"},"schema":{"@context":"https:\/\/schema.org","@graph":[{"@type":"Article","@id":"https:\/\/kapitalis.com\/tunisie\/2021\/01\/21\/la-revolution-tunisienne-du-jasmin-au-cactus\/#article","isPartOf":{"@id":"https:\/\/kapitalis.com\/tunisie\/2021\/01\/21\/la-revolution-tunisienne-du-jasmin-au-cactus\/"},"author":{"name":"webmaster kapitalis","@id":"https:\/\/kapitalis.com\/tunisie\/#\/schema\/person\/d71f33a9ca44f7bad4698210b480c8e9"},"headline":"La r\u00e9volution tunisienne : du jasmin au cactus","datePublished":"2021-01-21T07:59:10+00:00","dateModified":"2021-01-21T08:05:33+00:00","mainEntityOfPage":{"@id":"https:\/\/kapitalis.com\/tunisie\/2021\/01\/21\/la-revolution-tunisienne-du-jasmin-au-cactus\/"},"wordCount":1028,"commentCount":14,"publisher":{"@id":"https:\/\/kapitalis.com\/tunisie\/#organization"},"image":{"@id":"https:\/\/kapitalis.com\/tunisie\/2021\/01\/21\/la-revolution-tunisienne-du-jasmin-au-cactus\/#primaryimage"},"thumbnailUrl":"","keywords":["Ennahdha","islamo-gauchisme","printemps arabe","Rached Ghannouchi","R\u00e9volution tunisienne"],"articleSection":["A LA UNE","POLITIQUE","TRIBUNE","Tunisie"],"inLanguage":"fr-FR","potentialAction":[{"@type":"CommentAction","name":"Comment","target":["https:\/\/kapitalis.com\/tunisie\/2021\/01\/21\/la-revolution-tunisienne-du-jasmin-au-cactus\/#respond"]}]},{"@type":"WebPage","@id":"https:\/\/kapitalis.com\/tunisie\/2021\/01\/21\/la-revolution-tunisienne-du-jasmin-au-cactus\/","url":"https:\/\/kapitalis.com\/tunisie\/2021\/01\/21\/la-revolution-tunisienne-du-jasmin-au-cactus\/","name":"La r\u00e9volution tunisienne : du jasmin au cactus - Kapitalis","isPartOf":{"@id":"https:\/\/kapitalis.com\/tunisie\/#website"},"primaryImageOfPage":{"@id":"https:\/\/kapitalis.com\/tunisie\/2021\/01\/21\/la-revolution-tunisienne-du-jasmin-au-cactus\/#primaryimage"},"image":{"@id":"https:\/\/kapitalis.com\/tunisie\/2021\/01\/21\/la-revolution-tunisienne-du-jasmin-au-cactus\/#primaryimage"},"thumbnailUrl":"","datePublished":"2021-01-21T07:59:10+00:00","dateModified":"2021-01-21T08:05:33+00:00","breadcrumb":{"@id":"https:\/\/kapitalis.com\/tunisie\/2021\/01\/21\/la-revolution-tunisienne-du-jasmin-au-cactus\/#breadcrumb"},"inLanguage":"fr-FR","potentialAction":[{"@type":"ReadAction","target":["https:\/\/kapitalis.com\/tunisie\/2021\/01\/21\/la-revolution-tunisienne-du-jasmin-au-cactus\/"]}]},{"@type":"ImageObject","inLanguage":"fr-FR","@id":"https:\/\/kapitalis.com\/tunisie\/2021\/01\/21\/la-revolution-tunisienne-du-jasmin-au-cactus\/#primaryimage","url":"","contentUrl":""},{"@type":"BreadcrumbList","@id":"https:\/\/kapitalis.com\/tunisie\/2021\/01\/21\/la-revolution-tunisienne-du-jasmin-au-cactus\/#breadcrumb","itemListElement":[{"@type":"ListItem","position":1,"name":"Accueil","item":"https:\/\/kapitalis.com\/tunisie\/"},{"@type":"ListItem","position":2,"name":"La r\u00e9volution tunisienne : du jasmin au cactus"}]},{"@type":"WebSite","@id":"https:\/\/kapitalis.com\/tunisie\/#website","url":"https:\/\/kapitalis.com\/tunisie\/","name":"Kapitalis","description":"L&#039;actualit\u00e9 en Tunisie et dans le monde","publisher":{"@id":"https:\/\/kapitalis.com\/tunisie\/#organization"},"potentialAction":[{"@type":"SearchAction","target":{"@type":"EntryPoint","urlTemplate":"https:\/\/kapitalis.com\/tunisie\/?s={search_term_string}"},"query-input":{"@type":"PropertyValueSpecification","valueRequired":true,"valueName":"search_term_string"}}],"inLanguage":"fr-FR"},{"@type":"Organization","@id":"https:\/\/kapitalis.com\/tunisie\/#organization","name":"Kapitalis","url":"https:\/\/kapitalis.com\/tunisie\/","logo":{"@type":"ImageObject","inLanguage":"fr-FR","@id":"https:\/\/kapitalis.com\/tunisie\/#\/schema\/logo\/image\/","url":"https:\/\/kapitalis.com\/tunisie\/wp-content\/uploads\/2022\/05\/Kapitalis-big-size.png","contentUrl":"https:\/\/kapitalis.com\/tunisie\/wp-content\/uploads\/2022\/05\/Kapitalis-big-size.png","width":5000,"height":1500,"caption":"Kapitalis"},"image":{"@id":"https:\/\/kapitalis.com\/tunisie\/#\/schema\/logo\/image\/"},"sameAs":["https:\/\/www.facebook.com\/KapitalisInfo\/","https:\/\/x.com\/KapitalisInfo","https:\/\/www.youtube.com\/channel\/UC-yDYrHyfFBWWZaOw3FPg9Q"]},{"@type":"Person","@id":"https:\/\/kapitalis.com\/tunisie\/#\/schema\/person\/d71f33a9ca44f7bad4698210b480c8e9","name":"webmaster kapitalis","url":"https:\/\/kapitalis.com\/tunisie\/author\/webmaster-kapitalis\/"}]}},"_links":{"self":[{"href":"https:\/\/kapitalis.com\/tunisie\/wp-json\/wp\/v2\/posts\/332900","targetHints":{"allow":["GET"]}}],"collection":[{"href":"https:\/\/kapitalis.com\/tunisie\/wp-json\/wp\/v2\/posts"}],"about":[{"href":"https:\/\/kapitalis.com\/tunisie\/wp-json\/wp\/v2\/types\/post"}],"author":[{"embeddable":true,"href":"https:\/\/kapitalis.com\/tunisie\/wp-json\/wp\/v2\/users\/8"}],"replies":[{"embeddable":true,"href":"https:\/\/kapitalis.com\/tunisie\/wp-json\/wp\/v2\/comments?post=332900"}],"version-history":[{"count":0,"href":"https:\/\/kapitalis.com\/tunisie\/wp-json\/wp\/v2\/posts\/332900\/revisions"}],"wp:featuredmedia":[{"embeddable":true,"href":"https:\/\/kapitalis.com\/tunisie\/wp-json\/wp\/v2\/media\/332907"}],"wp:attachment":[{"href":"https:\/\/kapitalis.com\/tunisie\/wp-json\/wp\/v2\/media?parent=332900"}],"wp:term":[{"taxonomy":"category","embeddable":true,"href":"https:\/\/kapitalis.com\/tunisie\/wp-json\/wp\/v2\/categories?post=332900"},{"taxonomy":"post_tag","embeddable":true,"href":"https:\/\/kapitalis.com\/tunisie\/wp-json\/wp\/v2\/tags?post=332900"}],"curies":[{"name":"wp","href":"https:\/\/api.w.org\/{rel}","templated":true}]}}