{"id":332927,"date":"2021-01-21T11:24:09","date_gmt":"2021-01-21T10:24:09","guid":{"rendered":"http:\/\/kapitalis.com\/tunisie\/?p=332927"},"modified":"2021-01-21T11:24:12","modified_gmt":"2021-01-21T10:24:12","slug":"propose-comme-ministre-de-la-sante-hedi-khairi-a-son-tour-epingle-par-i-watch","status":"publish","type":"post","link":"https:\/\/kapitalis.com\/tunisie\/2021\/01\/21\/propose-comme-ministre-de-la-sante-hedi-khairi-a-son-tour-epingle-par-i-watch\/","title":{"rendered":"Propos\u00e9 comme ministre de la Sant\u00e9, Hedi Khairi \u00e0 son tour \u00e9pingl\u00e9 par I Watch"},"content":{"rendered":"\n<figure class=\"wp-block-image size-large\"><img decoding=\"async\" src=\"http:\/\/kapitalis.com\/tunisie\/wp-content\/uploads\/2021\/01\/hedi-khairi.jpg\" alt=\"\" class=\"wp-image-332934\"\/><\/figure>\n\n\n\n<p><strong><em>L&rsquo;organisation I watch a appel\u00e9 le chef du gouvernement, Hichem Mechichi, \u00e0 renoncer \u00e0 la d\u00e9signation de Hedi Khairi comme nouveau ministre de la Sant\u00e9 publique, dans le cadre du remaniement minist\u00e9riel, \u00e9tant donn\u00e9 qu&rsquo;il fait face \u00e0 des soup\u00e7ons de corruption.<\/em><\/strong><\/p>\n\n\n\n<!--more-->\n\n\n\n<p>Dans un communiqu\u00e9 publi\u00e9 mercredi, 20 janvier 2021, I watch a pr\u00e9cis\u00e9 que le doyen de la facult\u00e9 de m\u00e9decine de Sousse est soup\u00e7onn\u00e9 d&rsquo;avoir falsifi\u00e9 un dossier li\u00e9 \u00e0 une l\u2019affaire de meurtre pr\u00e9m\u00e9dit\u00e9 dans lequel, son fr\u00e8re, l\u2019avocat Jamel Hajji, \u00e9tait impliqu\u00e9, et que de ce fait, il pourrait \u00eatre appel\u00e9 \u00e0 tout moment \u00e0 se pr\u00e9senter devant le juge d\u2019instruction.<\/p>\n\n\n\n<p>Il existerait, selon l&rsquo;ONG, un r\u00e9seau de relations suspectes et de conflits d&rsquo;int\u00e9r\u00eats ax\u00e9 autour des fr\u00e8res Hedi Khairi et Jamel Hajji, qui est accus\u00e9 du meurtre d\u2019un citoyen de 20 ans, ayant fait irruption chez lui, le 17 juillet 2019.<\/p>\n\n\n\n<p>La famille de la victime avait mis en doute la v\u00e9racit\u00e9 du rapport de m\u00e9decine l\u00e9gale et accus\u00e9 les responsables du dossier d\u2019avoir cach\u00e9 le rapport balistique dont l\u2019avocat de la victime n\u2019a toujours pas re\u00e7u de copie, plus d\u2019un an et demi apr\u00e8s l\u2019incident, rappelle I watch.<\/p>\n\n\n\n<div class=\"wp-block-image\"><figure class=\"aligncenter size-large\"><img decoding=\"async\" src=\"http:\/\/kapitalis.com\/tunisie\/wp-content\/uploads\/2021\/01\/document-i-watch-contre-hedi-khairi-1024x683.jpg\" alt=\"\" class=\"wp-image-332933\"\/><figcaption><em>Document qui explique le r\u00e9seau de corruption dans lequel serait impliqu\u00e9 Hedi Khairi, partag\u00e9 par I watch.<\/em><\/figcaption><\/figure><\/div>\n\n\n\n<p>Par cons\u00e9quent, en nommant Hedi Khairi comme ministre de la sant\u00e9, le risque qu&rsquo;il exploite davantage son r\u00e9seau, dans les milieux judiciaire et sanitaire, afin d\u2019assurer l\u2019impunit\u00e9 de son fr\u00e8re, augmente, selon I watch, qui rappelle que la Cour de cassation de Tunis a d\u00e9cid\u00e9 de retirer cette affaire \u00e0 la juge Monia Safi et de la d\u00e9l\u00e9guer au tribunal de M\u00e9denine, sur la base des soup\u00e7ons entourant le dossier et du r\u00f4le que Hedi Khairi aurait ill\u00e9galement jou\u00e9 dans la lib\u00e9ration de son fr\u00e8re.<\/p>\n\n\n\n<p>Rappelons que le juge d\u2019instruction du tribunal de premi\u00e8re instance de Sousse avait d\u00e9cid\u00e9, en ao\u00fbt dernier, de lib\u00e9rer l\u2019avocat Jamel Hajji.<\/p>\n\n\n\n<p>Hedi Khairi n&rsquo;est pas le seul choix controvers\u00e9 de Hichem Mechichi, dans le cadre du remaniement minist\u00e9riel qu&rsquo;il a propos\u00e9 en fin de semaine derni\u00e8re et qui sera vot\u00e9 \u00e0 l&rsquo;Assembl\u00e9e des repr\u00e9sentants du peuple (ARP), le 26 janvier.<\/p>\n\n\n\n<p><a href=\"http:\/\/kapitalis.com\/tunisie\/2021\/01\/16\/propose-au-poste-de-ministre-de-lenergie-et-des-mines-sofiene-ben-tounes-epingle-par-i-watch\/\"><strong>Sofien Ben Tounes<\/strong><\/a>, propos\u00e9 en tant que ministre de l&rsquo;\u00c9nergie, des Mines et de la Transition \u00e9nerg\u00e9tique, et <a href=\"http:\/\/kapitalis.com\/tunisie\/2021\/01\/18\/remaniement-ministeriel-le-choix-de-youssef-fenira-comme-ministre-de-lemploi-souleve-les-controverses\/\"><strong>Youssef Fenira<\/strong><\/a>, propos\u00e9 en tant que ministre de la Formation professionnelle et de l&rsquo;Emploi, sont \u00e9galement soup\u00e7onn\u00e9s de corruption.<\/p>\n\n\n\n<p class=\"has-text-align-right\"><strong>Cherif Ben Youn\u00e8s<\/strong><\/p>\n\n\n\n<figure class=\"wp-block-embed is-type-wp-embed is-provider-kapitalis wp-block-embed-kapitalis\"><div class=\"wp-block-embed__wrapper\">\n<blockquote class=\"wp-embedded-content\" data-secret=\"fg4DqDGWqG\"><a href=\"https:\/\/kapitalis.com\/tunisie\/2021\/01\/16\/remaniement-ministeriel-liste-des-nouveaux-membres-du-gouvernement-mechichi\/\">Remaniement minist\u00e9riel : Liste des nouveaux membres du gouvernement Mechichi<\/a><\/blockquote><iframe loading=\"lazy\" class=\"wp-embedded-content\" sandbox=\"allow-scripts\" security=\"restricted\" style=\"position: absolute; clip: rect(1px, 1px, 1px, 1px);\" title=\"\u00ab\u00a0Remaniement minist\u00e9riel : Liste des nouveaux membres du gouvernement Mechichi\u00a0\u00bb &#8212; Kapitalis\" src=\"https:\/\/kapitalis.com\/tunisie\/2021\/01\/16\/remaniement-ministeriel-liste-des-nouveaux-membres-du-gouvernement-mechichi\/embed\/#?secret=eRhwmLm9zp#?secret=fg4DqDGWqG\" data-secret=\"fg4DqDGWqG\" width=\"600\" height=\"338\" frameborder=\"0\" marginwidth=\"0\" marginheight=\"0\" scrolling=\"no\"><\/iframe>\n<\/div><\/figure>\n\n\n\n<figure class=\"wp-block-embed is-type-wp-embed is-provider-kapitalis wp-block-embed-kapitalis\"><div class=\"wp-block-embed__wrapper\">\n<blockquote class=\"wp-embedded-content\" data-secret=\"EcmT0EXYsK\"><a href=\"https:\/\/kapitalis.com\/tunisie\/2021\/01\/18\/remaniement-ministeriel-le-choix-de-youssef-fenira-comme-ministre-de-lemploi-souleve-les-controverses\/\">Remaniement minist\u00e9riel : Le choix de Youssef Fenira comme ministre de l&rsquo;Emploi soul\u00e8ve les controverses<\/a><\/blockquote><iframe loading=\"lazy\" class=\"wp-embedded-content\" sandbox=\"allow-scripts\" security=\"restricted\" style=\"position: absolute; clip: rect(1px, 1px, 1px, 1px);\" title=\"\u00ab\u00a0Remaniement minist\u00e9riel : Le choix de Youssef Fenira comme ministre de l&rsquo;Emploi soul\u00e8ve les controverses\u00a0\u00bb &#8212; Kapitalis\" src=\"https:\/\/kapitalis.com\/tunisie\/2021\/01\/18\/remaniement-ministeriel-le-choix-de-youssef-fenira-comme-ministre-de-lemploi-souleve-les-controverses\/embed\/#?secret=dD6vPTzmst#?secret=EcmT0EXYsK\" data-secret=\"EcmT0EXYsK\" width=\"600\" height=\"338\" frameborder=\"0\" marginwidth=\"0\" marginheight=\"0\" scrolling=\"no\"><\/iframe>\n<\/div><\/figure>\n\n\n\n<figure class=\"wp-block-embed is-type-wp-embed is-provider-kapitalis wp-block-embed-kapitalis\"><div class=\"wp-block-embed__wrapper\">\n<blockquote class=\"wp-embedded-content\" data-secret=\"iGHfsO6wc6\"><a href=\"https:\/\/kapitalis.com\/tunisie\/2021\/01\/16\/propose-au-poste-de-ministre-de-lenergie-et-des-mines-sofiene-ben-tounes-epingle-par-i-watch\/\">Propos\u00e9 au poste de ministre de l&rsquo;\u00c9nergie et des mines, Sofi\u00e8ne Ben Tounes \u00e9pingl\u00e9 par I Watch<\/a><\/blockquote><iframe loading=\"lazy\" class=\"wp-embedded-content\" sandbox=\"allow-scripts\" security=\"restricted\" style=\"position: absolute; clip: rect(1px, 1px, 1px, 1px);\" title=\"\u00ab\u00a0Propos\u00e9 au poste de ministre de l&rsquo;\u00c9nergie et des mines, Sofi\u00e8ne Ben Tounes \u00e9pingl\u00e9 par I Watch\u00a0\u00bb &#8212; Kapitalis\" src=\"https:\/\/kapitalis.com\/tunisie\/2021\/01\/16\/propose-au-poste-de-ministre-de-lenergie-et-des-mines-sofiene-ben-tounes-epingle-par-i-watch\/embed\/#?secret=DqdXANbcU5#?secret=iGHfsO6wc6\" data-secret=\"iGHfsO6wc6\" width=\"600\" height=\"338\" frameborder=\"0\" marginwidth=\"0\" marginheight=\"0\" scrolling=\"no\"><\/iframe>\n<\/div><\/figure>\n","protected":false},"excerpt":{"rendered":"<p>L&rsquo;organisation I watch a appel\u00e9 le chef du gouvernement, Hichem Mechichi, \u00e0 renoncer \u00e0 la d\u00e9signation de Hedi Khairi comme nouveau ministre de la Sant\u00e9 publique, dans le cadre du remaniement minist\u00e9riel, \u00e9tant donn\u00e9 qu&rsquo;il fait face \u00e0 des soup\u00e7ons de corruption.<\/p>\n","protected":false},"author":24,"featured_media":332933,"comment_status":"open","ping_status":"open","sticky":false,"template":"","format":"standard","meta":{"footnotes":""},"categories":[997,2433],"tags":[86728,74899,5183,86729,86730,86631],"class_list":["post-332927","post","type-post","status-publish","format-standard","has-post-thumbnail","hentry","category-politique","category-tunisie","tag-hedi-khairi","tag-hichem-mechichi","tag-i-watch","tag-jamel-hajji","tag-sofien-ben-tounes","tag-youssef-fenira"],"yoast_head":"<!-- This site is optimized with the Yoast SEO plugin v26.6 - https:\/\/yoast.com\/wordpress\/plugins\/seo\/ -->\n<title>Propos\u00e9 comme ministre de la Sant\u00e9, Hedi Khairi \u00e0 son tour \u00e9pingl\u00e9 par I Watch - Kapitalis<\/title>\n<meta name=\"robots\" content=\"index, follow, max-snippet:-1, max-image-preview:large, max-video-preview:-1\" \/>\n<link rel=\"canonical\" href=\"https:\/\/kapitalis.com\/tunisie\/2021\/01\/21\/propose-comme-ministre-de-la-sante-hedi-khairi-a-son-tour-epingle-par-i-watch\/\" \/>\n<meta property=\"og:locale\" content=\"fr_FR\" \/>\n<meta property=\"og:type\" content=\"article\" \/>\n<meta property=\"og:title\" content=\"Propos\u00e9 comme ministre de la Sant\u00e9, Hedi Khairi \u00e0 son tour \u00e9pingl\u00e9 par I Watch - Kapitalis\" \/>\n<meta property=\"og:description\" content=\"L&rsquo;organisation I watch a appel\u00e9 le chef du gouvernement, Hichem Mechichi, \u00e0 renoncer \u00e0 la d\u00e9signation de Hedi Khairi comme nouveau ministre de la Sant\u00e9 publique, dans le cadre du remaniement minist\u00e9riel, \u00e9tant donn\u00e9 qu&rsquo;il fait face \u00e0 des soup\u00e7ons de corruption.\" \/>\n<meta property=\"og:url\" content=\"https:\/\/kapitalis.com\/tunisie\/2021\/01\/21\/propose-comme-ministre-de-la-sante-hedi-khairi-a-son-tour-epingle-par-i-watch\/\" \/>\n<meta property=\"og:site_name\" content=\"Kapitalis\" \/>\n<meta property=\"article:publisher\" content=\"https:\/\/www.facebook.com\/KapitalisInfo\/\" \/>\n<meta property=\"article:published_time\" content=\"2021-01-21T10:24:09+00:00\" \/>\n<meta property=\"article:modified_time\" content=\"2021-01-21T10:24:12+00:00\" \/>\n<meta property=\"og:image\" content=\"https:\/\/kapitalis.com\/tunisie\/wp-content\/uploads\/2022\/05\/kapitalis-logo-fb.png\" \/>\n\t<meta property=\"og:image:width\" content=\"1200\" \/>\n\t<meta property=\"og:image:height\" content=\"630\" \/>\n\t<meta property=\"og:image:type\" content=\"image\/png\" \/>\n<meta name=\"author\" content=\"Cherif Benyounes\" \/>\n<meta name=\"twitter:card\" content=\"summary_large_image\" \/>\n<meta name=\"twitter:creator\" content=\"@KapitalisInfo\" \/>\n<meta name=\"twitter:site\" content=\"@KapitalisInfo\" \/>\n<meta name=\"twitter:label1\" content=\"\u00c9crit par\" \/>\n\t<meta name=\"twitter:data1\" content=\"Cherif Benyounes\" \/>\n\t<meta name=\"twitter:label2\" content=\"Dur\u00e9e de lecture estim\u00e9e\" \/>\n\t<meta name=\"twitter:data2\" content=\"2 minutes\" \/>\n<script type=\"application\/ld+json\" class=\"yoast-schema-graph\">{\"@context\":\"https:\/\/schema.org\",\"@graph\":[{\"@type\":\"Article\",\"@id\":\"https:\/\/kapitalis.com\/tunisie\/2021\/01\/21\/propose-comme-ministre-de-la-sante-hedi-khairi-a-son-tour-epingle-par-i-watch\/#article\",\"isPartOf\":{\"@id\":\"https:\/\/kapitalis.com\/tunisie\/2021\/01\/21\/propose-comme-ministre-de-la-sante-hedi-khairi-a-son-tour-epingle-par-i-watch\/\"},\"author\":{\"name\":\"Cherif Benyounes\",\"@id\":\"https:\/\/kapitalis.com\/tunisie\/#\/schema\/person\/b35b8d631961131107263178aeb8019e\"},\"headline\":\"Propos\u00e9 comme ministre de la Sant\u00e9, Hedi Khairi \u00e0 son tour \u00e9pingl\u00e9 par I Watch\",\"datePublished\":\"2021-01-21T10:24:09+00:00\",\"dateModified\":\"2021-01-21T10:24:12+00:00\",\"mainEntityOfPage\":{\"@id\":\"https:\/\/kapitalis.com\/tunisie\/2021\/01\/21\/propose-comme-ministre-de-la-sante-hedi-khairi-a-son-tour-epingle-par-i-watch\/\"},\"wordCount\":470,\"commentCount\":2,\"publisher\":{\"@id\":\"https:\/\/kapitalis.com\/tunisie\/#organization\"},\"image\":{\"@id\":\"https:\/\/kapitalis.com\/tunisie\/2021\/01\/21\/propose-comme-ministre-de-la-sante-hedi-khairi-a-son-tour-epingle-par-i-watch\/#primaryimage\"},\"thumbnailUrl\":\"\",\"keywords\":[\"Hedi Khairi\",\"Hichem Mechichi\",\"I Watch\",\"Jamel Hajji\",\"Sofien Ben Tounes\",\"youssef fenira\"],\"articleSection\":[\"POLITIQUE\",\"Tunisie\"],\"inLanguage\":\"fr-FR\",\"potentialAction\":[{\"@type\":\"CommentAction\",\"name\":\"Comment\",\"target\":[\"https:\/\/kapitalis.com\/tunisie\/2021\/01\/21\/propose-comme-ministre-de-la-sante-hedi-khairi-a-son-tour-epingle-par-i-watch\/#respond\"]}]},{\"@type\":\"WebPage\",\"@id\":\"https:\/\/kapitalis.com\/tunisie\/2021\/01\/21\/propose-comme-ministre-de-la-sante-hedi-khairi-a-son-tour-epingle-par-i-watch\/\",\"url\":\"https:\/\/kapitalis.com\/tunisie\/2021\/01\/21\/propose-comme-ministre-de-la-sante-hedi-khairi-a-son-tour-epingle-par-i-watch\/\",\"name\":\"Propos\u00e9 comme ministre de la Sant\u00e9, Hedi Khairi \u00e0 son tour \u00e9pingl\u00e9 par I Watch - Kapitalis\",\"isPartOf\":{\"@id\":\"https:\/\/kapitalis.com\/tunisie\/#website\"},\"primaryImageOfPage\":{\"@id\":\"https:\/\/kapitalis.com\/tunisie\/2021\/01\/21\/propose-comme-ministre-de-la-sante-hedi-khairi-a-son-tour-epingle-par-i-watch\/#primaryimage\"},\"image\":{\"@id\":\"https:\/\/kapitalis.com\/tunisie\/2021\/01\/21\/propose-comme-ministre-de-la-sante-hedi-khairi-a-son-tour-epingle-par-i-watch\/#primaryimage\"},\"thumbnailUrl\":\"\",\"datePublished\":\"2021-01-21T10:24:09+00:00\",\"dateModified\":\"2021-01-21T10:24:12+00:00\",\"breadcrumb\":{\"@id\":\"https:\/\/kapitalis.com\/tunisie\/2021\/01\/21\/propose-comme-ministre-de-la-sante-hedi-khairi-a-son-tour-epingle-par-i-watch\/#breadcrumb\"},\"inLanguage\":\"fr-FR\",\"potentialAction\":[{\"@type\":\"ReadAction\",\"target\":[\"https:\/\/kapitalis.com\/tunisie\/2021\/01\/21\/propose-comme-ministre-de-la-sante-hedi-khairi-a-son-tour-epingle-par-i-watch\/\"]}]},{\"@type\":\"ImageObject\",\"inLanguage\":\"fr-FR\",\"@id\":\"https:\/\/kapitalis.com\/tunisie\/2021\/01\/21\/propose-comme-ministre-de-la-sante-hedi-khairi-a-son-tour-epingle-par-i-watch\/#primaryimage\",\"url\":\"\",\"contentUrl\":\"\"},{\"@type\":\"BreadcrumbList\",\"@id\":\"https:\/\/kapitalis.com\/tunisie\/2021\/01\/21\/propose-comme-ministre-de-la-sante-hedi-khairi-a-son-tour-epingle-par-i-watch\/#breadcrumb\",\"itemListElement\":[{\"@type\":\"ListItem\",\"position\":1,\"name\":\"Accueil\",\"item\":\"https:\/\/kapitalis.com\/tunisie\/\"},{\"@type\":\"ListItem\",\"position\":2,\"name\":\"Propos\u00e9 comme ministre de la Sant\u00e9, Hedi Khairi \u00e0 son tour \u00e9pingl\u00e9 par I Watch\"}]},{\"@type\":\"WebSite\",\"@id\":\"https:\/\/kapitalis.com\/tunisie\/#website\",\"url\":\"https:\/\/kapitalis.com\/tunisie\/\",\"name\":\"Kapitalis\",\"description\":\"L&#039;actualit\u00e9 en Tunisie et dans le monde\",\"publisher\":{\"@id\":\"https:\/\/kapitalis.com\/tunisie\/#organization\"},\"potentialAction\":[{\"@type\":\"SearchAction\",\"target\":{\"@type\":\"EntryPoint\",\"urlTemplate\":\"https:\/\/kapitalis.com\/tunisie\/?s={search_term_string}\"},\"query-input\":{\"@type\":\"PropertyValueSpecification\",\"valueRequired\":true,\"valueName\":\"search_term_string\"}}],\"inLanguage\":\"fr-FR\"},{\"@type\":\"Organization\",\"@id\":\"https:\/\/kapitalis.com\/tunisie\/#organization\",\"name\":\"Kapitalis\",\"url\":\"https:\/\/kapitalis.com\/tunisie\/\",\"logo\":{\"@type\":\"ImageObject\",\"inLanguage\":\"fr-FR\",\"@id\":\"https:\/\/kapitalis.com\/tunisie\/#\/schema\/logo\/image\/\",\"url\":\"https:\/\/kapitalis.com\/tunisie\/wp-content\/uploads\/2022\/05\/Kapitalis-big-size.png\",\"contentUrl\":\"https:\/\/kapitalis.com\/tunisie\/wp-content\/uploads\/2022\/05\/Kapitalis-big-size.png\",\"width\":5000,\"height\":1500,\"caption\":\"Kapitalis\"},\"image\":{\"@id\":\"https:\/\/kapitalis.com\/tunisie\/#\/schema\/logo\/image\/\"},\"sameAs\":[\"https:\/\/www.facebook.com\/KapitalisInfo\/\",\"https:\/\/x.com\/KapitalisInfo\",\"https:\/\/www.youtube.com\/channel\/UC-yDYrHyfFBWWZaOw3FPg9Q\"]},{\"@type\":\"Person\",\"@id\":\"https:\/\/kapitalis.com\/tunisie\/#\/schema\/person\/b35b8d631961131107263178aeb8019e\",\"name\":\"Cherif Benyounes\",\"url\":\"https:\/\/kapitalis.com\/tunisie\/author\/cherif\/\"}]}<\/script>\n<!-- \/ Yoast SEO plugin. -->","yoast_head_json":{"title":"Propos\u00e9 comme ministre de la Sant\u00e9, Hedi Khairi \u00e0 son tour \u00e9pingl\u00e9 par I Watch - Kapitalis","robots":{"index":"index","follow":"follow","max-snippet":"max-snippet:-1","max-image-preview":"max-image-preview:large","max-video-preview":"max-video-preview:-1"},"canonical":"https:\/\/kapitalis.com\/tunisie\/2021\/01\/21\/propose-comme-ministre-de-la-sante-hedi-khairi-a-son-tour-epingle-par-i-watch\/","og_locale":"fr_FR","og_type":"article","og_title":"Propos\u00e9 comme ministre de la Sant\u00e9, Hedi Khairi \u00e0 son tour \u00e9pingl\u00e9 par I Watch - Kapitalis","og_description":"L&rsquo;organisation I watch a appel\u00e9 le chef du gouvernement, Hichem Mechichi, \u00e0 renoncer \u00e0 la d\u00e9signation de Hedi Khairi comme nouveau ministre de la Sant\u00e9 publique, dans le cadre du remaniement minist\u00e9riel, \u00e9tant donn\u00e9 qu&rsquo;il fait face \u00e0 des soup\u00e7ons de corruption.","og_url":"https:\/\/kapitalis.com\/tunisie\/2021\/01\/21\/propose-comme-ministre-de-la-sante-hedi-khairi-a-son-tour-epingle-par-i-watch\/","og_site_name":"Kapitalis","article_publisher":"https:\/\/www.facebook.com\/KapitalisInfo\/","article_published_time":"2021-01-21T10:24:09+00:00","article_modified_time":"2021-01-21T10:24:12+00:00","og_image":[{"width":1200,"height":630,"url":"https:\/\/kapitalis.com\/tunisie\/wp-content\/uploads\/2022\/05\/kapitalis-logo-fb.png","type":"image\/png"}],"author":"Cherif Benyounes","twitter_card":"summary_large_image","twitter_creator":"@KapitalisInfo","twitter_site":"@KapitalisInfo","twitter_misc":{"\u00c9crit par":"Cherif Benyounes","Dur\u00e9e de lecture estim\u00e9e":"2 minutes"},"schema":{"@context":"https:\/\/schema.org","@graph":[{"@type":"Article","@id":"https:\/\/kapitalis.com\/tunisie\/2021\/01\/21\/propose-comme-ministre-de-la-sante-hedi-khairi-a-son-tour-epingle-par-i-watch\/#article","isPartOf":{"@id":"https:\/\/kapitalis.com\/tunisie\/2021\/01\/21\/propose-comme-ministre-de-la-sante-hedi-khairi-a-son-tour-epingle-par-i-watch\/"},"author":{"name":"Cherif Benyounes","@id":"https:\/\/kapitalis.com\/tunisie\/#\/schema\/person\/b35b8d631961131107263178aeb8019e"},"headline":"Propos\u00e9 comme ministre de la Sant\u00e9, Hedi Khairi \u00e0 son tour \u00e9pingl\u00e9 par I Watch","datePublished":"2021-01-21T10:24:09+00:00","dateModified":"2021-01-21T10:24:12+00:00","mainEntityOfPage":{"@id":"https:\/\/kapitalis.com\/tunisie\/2021\/01\/21\/propose-comme-ministre-de-la-sante-hedi-khairi-a-son-tour-epingle-par-i-watch\/"},"wordCount":470,"commentCount":2,"publisher":{"@id":"https:\/\/kapitalis.com\/tunisie\/#organization"},"image":{"@id":"https:\/\/kapitalis.com\/tunisie\/2021\/01\/21\/propose-comme-ministre-de-la-sante-hedi-khairi-a-son-tour-epingle-par-i-watch\/#primaryimage"},"thumbnailUrl":"","keywords":["Hedi Khairi","Hichem Mechichi","I Watch","Jamel Hajji","Sofien Ben Tounes","youssef fenira"],"articleSection":["POLITIQUE","Tunisie"],"inLanguage":"fr-FR","potentialAction":[{"@type":"CommentAction","name":"Comment","target":["https:\/\/kapitalis.com\/tunisie\/2021\/01\/21\/propose-comme-ministre-de-la-sante-hedi-khairi-a-son-tour-epingle-par-i-watch\/#respond"]}]},{"@type":"WebPage","@id":"https:\/\/kapitalis.com\/tunisie\/2021\/01\/21\/propose-comme-ministre-de-la-sante-hedi-khairi-a-son-tour-epingle-par-i-watch\/","url":"https:\/\/kapitalis.com\/tunisie\/2021\/01\/21\/propose-comme-ministre-de-la-sante-hedi-khairi-a-son-tour-epingle-par-i-watch\/","name":"Propos\u00e9 comme ministre de la Sant\u00e9, Hedi Khairi \u00e0 son tour \u00e9pingl\u00e9 par I Watch - Kapitalis","isPartOf":{"@id":"https:\/\/kapitalis.com\/tunisie\/#website"},"primaryImageOfPage":{"@id":"https:\/\/kapitalis.com\/tunisie\/2021\/01\/21\/propose-comme-ministre-de-la-sante-hedi-khairi-a-son-tour-epingle-par-i-watch\/#primaryimage"},"image":{"@id":"https:\/\/kapitalis.com\/tunisie\/2021\/01\/21\/propose-comme-ministre-de-la-sante-hedi-khairi-a-son-tour-epingle-par-i-watch\/#primaryimage"},"thumbnailUrl":"","datePublished":"2021-01-21T10:24:09+00:00","dateModified":"2021-01-21T10:24:12+00:00","breadcrumb":{"@id":"https:\/\/kapitalis.com\/tunisie\/2021\/01\/21\/propose-comme-ministre-de-la-sante-hedi-khairi-a-son-tour-epingle-par-i-watch\/#breadcrumb"},"inLanguage":"fr-FR","potentialAction":[{"@type":"ReadAction","target":["https:\/\/kapitalis.com\/tunisie\/2021\/01\/21\/propose-comme-ministre-de-la-sante-hedi-khairi-a-son-tour-epingle-par-i-watch\/"]}]},{"@type":"ImageObject","inLanguage":"fr-FR","@id":"https:\/\/kapitalis.com\/tunisie\/2021\/01\/21\/propose-comme-ministre-de-la-sante-hedi-khairi-a-son-tour-epingle-par-i-watch\/#primaryimage","url":"","contentUrl":""},{"@type":"BreadcrumbList","@id":"https:\/\/kapitalis.com\/tunisie\/2021\/01\/21\/propose-comme-ministre-de-la-sante-hedi-khairi-a-son-tour-epingle-par-i-watch\/#breadcrumb","itemListElement":[{"@type":"ListItem","position":1,"name":"Accueil","item":"https:\/\/kapitalis.com\/tunisie\/"},{"@type":"ListItem","position":2,"name":"Propos\u00e9 comme ministre de la Sant\u00e9, Hedi Khairi \u00e0 son tour \u00e9pingl\u00e9 par I Watch"}]},{"@type":"WebSite","@id":"https:\/\/kapitalis.com\/tunisie\/#website","url":"https:\/\/kapitalis.com\/tunisie\/","name":"Kapitalis","description":"L&#039;actualit\u00e9 en Tunisie et dans le monde","publisher":{"@id":"https:\/\/kapitalis.com\/tunisie\/#organization"},"potentialAction":[{"@type":"SearchAction","target":{"@type":"EntryPoint","urlTemplate":"https:\/\/kapitalis.com\/tunisie\/?s={search_term_string}"},"query-input":{"@type":"PropertyValueSpecification","valueRequired":true,"valueName":"search_term_string"}}],"inLanguage":"fr-FR"},{"@type":"Organization","@id":"https:\/\/kapitalis.com\/tunisie\/#organization","name":"Kapitalis","url":"https:\/\/kapitalis.com\/tunisie\/","logo":{"@type":"ImageObject","inLanguage":"fr-FR","@id":"https:\/\/kapitalis.com\/tunisie\/#\/schema\/logo\/image\/","url":"https:\/\/kapitalis.com\/tunisie\/wp-content\/uploads\/2022\/05\/Kapitalis-big-size.png","contentUrl":"https:\/\/kapitalis.com\/tunisie\/wp-content\/uploads\/2022\/05\/Kapitalis-big-size.png","width":5000,"height":1500,"caption":"Kapitalis"},"image":{"@id":"https:\/\/kapitalis.com\/tunisie\/#\/schema\/logo\/image\/"},"sameAs":["https:\/\/www.facebook.com\/KapitalisInfo\/","https:\/\/x.com\/KapitalisInfo","https:\/\/www.youtube.com\/channel\/UC-yDYrHyfFBWWZaOw3FPg9Q"]},{"@type":"Person","@id":"https:\/\/kapitalis.com\/tunisie\/#\/schema\/person\/b35b8d631961131107263178aeb8019e","name":"Cherif Benyounes","url":"https:\/\/kapitalis.com\/tunisie\/author\/cherif\/"}]}},"_links":{"self":[{"href":"https:\/\/kapitalis.com\/tunisie\/wp-json\/wp\/v2\/posts\/332927","targetHints":{"allow":["GET"]}}],"collection":[{"href":"https:\/\/kapitalis.com\/tunisie\/wp-json\/wp\/v2\/posts"}],"about":[{"href":"https:\/\/kapitalis.com\/tunisie\/wp-json\/wp\/v2\/types\/post"}],"author":[{"embeddable":true,"href":"https:\/\/kapitalis.com\/tunisie\/wp-json\/wp\/v2\/users\/24"}],"replies":[{"embeddable":true,"href":"https:\/\/kapitalis.com\/tunisie\/wp-json\/wp\/v2\/comments?post=332927"}],"version-history":[{"count":0,"href":"https:\/\/kapitalis.com\/tunisie\/wp-json\/wp\/v2\/posts\/332927\/revisions"}],"wp:featuredmedia":[{"embeddable":true,"href":"https:\/\/kapitalis.com\/tunisie\/wp-json\/wp\/v2\/media\/332933"}],"wp:attachment":[{"href":"https:\/\/kapitalis.com\/tunisie\/wp-json\/wp\/v2\/media?parent=332927"}],"wp:term":[{"taxonomy":"category","embeddable":true,"href":"https:\/\/kapitalis.com\/tunisie\/wp-json\/wp\/v2\/categories?post=332927"},{"taxonomy":"post_tag","embeddable":true,"href":"https:\/\/kapitalis.com\/tunisie\/wp-json\/wp\/v2\/tags?post=332927"}],"curies":[{"name":"wp","href":"https:\/\/api.w.org\/{rel}","templated":true}]}}