{"id":332939,"date":"2021-01-21T12:12:07","date_gmt":"2021-01-21T11:12:07","guid":{"rendered":"http:\/\/kapitalis.com\/tunisie\/?p=332939"},"modified":"2021-01-21T12:12:10","modified_gmt":"2021-01-21T11:12:10","slug":"eliminatoires-de-lafrobasket-2021-la-liste-des-convoques-de-lequipe-nationale-tunisienne","status":"publish","type":"post","link":"https:\/\/kapitalis.com\/tunisie\/2021\/01\/21\/eliminatoires-de-lafrobasket-2021-la-liste-des-convoques-de-lequipe-nationale-tunisienne\/","title":{"rendered":"\u00c9liminatoires de l\u2019Afrobasket 2021 : La liste des convoqu\u00e9s de l&rsquo;\u00e9quipe nationale tunisienne"},"content":{"rendered":"\n<figure class=\"wp-block-image size-large\"><img decoding=\"async\" src=\"http:\/\/kapitalis.com\/tunisie\/wp-content\/uploads\/2019\/08\/Tunisie-Basketball.jpg\" alt=\"\" class=\"wp-image-236257\"\/><\/figure>\n\n\n\n<p><strong><em>Dirk Bauermann, le s\u00e9lectionneur de l&rsquo;\u00e9quipe nationale tunisienne de basketball, a convoqu\u00e9, mercredi 20 janvier 2021, 18 joueurs pour la 2\u00e8me fen\u00eatre des \u00e9liminatoires de l\u2019Afrobasket masculin (Rwanda 2021), pr\u00e9vue du 17 au 21 f\u00e9vrier 2021 en Tunisie.<\/em><\/strong><\/p>\n\n\n\n<!--more-->\n\n\n\n<p>La liste des joueurs retenus a notamment connu le retour de la vedette de l&rsquo;\u00e9quipe, Salah Mejri, qui \u00e9tait absent depuis une longue p\u00e9riode.<\/p>\n\n\n\n<p>Voici les convoqu\u00e9s : Salah Mejri, Omar Abada, Hosni\u00a0Ilehi, Mourad Mabrouk, Achraf\u00a0Gannouni, Oussama\u00a0Marnaoui, Amor\u00a0Mouhli,\u00a0Radhou\u00e8ne\u00a0Slimane, Makram Ben\u00a0Romdhane, Mohamed\u00a0Hadidane, Ahmed\u00a0Adami, Mohamed Abbassi, Mokhtar\u00a0Ghayaza, Zied\u00a0Chennoufi, Skander\u00a0Bhouri,\u00a0Wassef\u00a0Methnani, Mohamed Ben Taher et\u00a0Amrou\u00a0Bouallegue.\u00a0<\/p>\n\n\n\n<p>Les matchs se d\u00e9rouleront \u00e0 la salle de Monastir du 17 au 21 f\u00e9vrier 2021.\u00a0<\/p>\n\n\n\n<p>Notons que la Tunisie est \u00e0 la t\u00eate de son groupe apr\u00e8s la premi\u00e8re fen\u00eatre des \u00e9liminatoires organis\u00e9e au Rwanda au mois de novembre 2020.<\/p>\n\n\n\n<p>La phase finale du championnat d&rsquo;Afrique de basketball aura lieu du 24 ao\u00fbt au 5 septembre 2021, au Rwanda, qui accueille la comp\u00e9tition pour la 1\u00e8re fois de son histoire.<\/p>\n\n\n\n<p class=\"has-text-align-right\"><strong>C. B. Y.<\/strong><\/p>\n","protected":false},"excerpt":{"rendered":"<p>Dirk Bauermann, le s\u00e9lectionneur de l&rsquo;\u00e9quipe nationale tunisienne de basketball, a convoqu\u00e9, mercredi 20 janvier 2021, 18 joueurs pour la 2\u00e8me fen\u00eatre des \u00e9liminatoires de l\u2019Afrobasket masculin (Rwanda 2021), pr\u00e9vue du 17 au 21 f\u00e9vrier 2021 en Tunisie.<\/p>\n","protected":false},"author":24,"featured_media":0,"comment_status":"open","ping_status":"open","sticky":false,"template":"","format":"standard","meta":{"footnotes":""},"categories":[999,2433],"tags":[86735,86732,86739,86733,86734,4905,86740,86744,36248,34489,3807,86742,86743],"class_list":["post-332939","post","type-post","status-publish","format-standard","hentry","category-sport","category-tunisie","tag-achraf-gannouni","tag-afrobasket-2021","tag-ahmed-adami","tag-dirk-bauermann","tag-hosni-ilehi","tag-makram-ben-romdhane","tag-mohamed-abbassi","tag-mohamed-ben-taher","tag-mohamed-hadidane","tag-mourad-mabrouk","tag-salah-mejri","tag-skander-bhouri","tag-wassef-methnani"],"yoast_head":"<!-- This site is optimized with the Yoast SEO plugin v26.6 - https:\/\/yoast.com\/wordpress\/plugins\/seo\/ -->\n<title>\u00c9liminatoires de l\u2019Afrobasket 2021 : La liste des convoqu\u00e9s de l&#039;\u00e9quipe nationale tunisienne - Kapitalis<\/title>\n<meta name=\"robots\" content=\"index, follow, max-snippet:-1, max-image-preview:large, max-video-preview:-1\" \/>\n<link rel=\"canonical\" href=\"https:\/\/kapitalis.com\/tunisie\/2021\/01\/21\/eliminatoires-de-lafrobasket-2021-la-liste-des-convoques-de-lequipe-nationale-tunisienne\/\" \/>\n<meta property=\"og:locale\" content=\"fr_FR\" \/>\n<meta property=\"og:type\" content=\"article\" \/>\n<meta property=\"og:title\" content=\"\u00c9liminatoires de l\u2019Afrobasket 2021 : La liste des convoqu\u00e9s de l&#039;\u00e9quipe nationale tunisienne - Kapitalis\" \/>\n<meta property=\"og:description\" content=\"Dirk Bauermann, le s\u00e9lectionneur de l&rsquo;\u00e9quipe nationale tunisienne de basketball, a convoqu\u00e9, mercredi 20 janvier 2021, 18 joueurs pour la 2\u00e8me fen\u00eatre des \u00e9liminatoires de l\u2019Afrobasket masculin (Rwanda 2021), pr\u00e9vue du 17 au 21 f\u00e9vrier 2021 en Tunisie.\" \/>\n<meta property=\"og:url\" content=\"https:\/\/kapitalis.com\/tunisie\/2021\/01\/21\/eliminatoires-de-lafrobasket-2021-la-liste-des-convoques-de-lequipe-nationale-tunisienne\/\" \/>\n<meta property=\"og:site_name\" content=\"Kapitalis\" \/>\n<meta property=\"article:publisher\" content=\"https:\/\/www.facebook.com\/KapitalisInfo\/\" \/>\n<meta property=\"article:published_time\" content=\"2021-01-21T11:12:07+00:00\" \/>\n<meta property=\"article:modified_time\" content=\"2021-01-21T11:12:10+00:00\" \/>\n<meta property=\"og:image\" content=\"http:\/\/kapitalis.com\/tunisie\/wp-content\/uploads\/2019\/08\/Tunisie-Basketball.jpg\" \/>\n<meta name=\"author\" content=\"Cherif Benyounes\" \/>\n<meta name=\"twitter:card\" content=\"summary_large_image\" \/>\n<meta name=\"twitter:creator\" content=\"@KapitalisInfo\" \/>\n<meta name=\"twitter:site\" content=\"@KapitalisInfo\" \/>\n<meta name=\"twitter:label1\" content=\"\u00c9crit par\" \/>\n\t<meta name=\"twitter:data1\" content=\"Cherif Benyounes\" \/>\n\t<meta name=\"twitter:label2\" content=\"Dur\u00e9e de lecture estim\u00e9e\" \/>\n\t<meta name=\"twitter:data2\" content=\"1 minute\" \/>\n<script type=\"application\/ld+json\" class=\"yoast-schema-graph\">{\"@context\":\"https:\/\/schema.org\",\"@graph\":[{\"@type\":\"Article\",\"@id\":\"https:\/\/kapitalis.com\/tunisie\/2021\/01\/21\/eliminatoires-de-lafrobasket-2021-la-liste-des-convoques-de-lequipe-nationale-tunisienne\/#article\",\"isPartOf\":{\"@id\":\"https:\/\/kapitalis.com\/tunisie\/2021\/01\/21\/eliminatoires-de-lafrobasket-2021-la-liste-des-convoques-de-lequipe-nationale-tunisienne\/\"},\"author\":{\"name\":\"Cherif Benyounes\",\"@id\":\"https:\/\/kapitalis.com\/tunisie\/#\/schema\/person\/b35b8d631961131107263178aeb8019e\"},\"headline\":\"\u00c9liminatoires de l\u2019Afrobasket 2021 : La liste des convoqu\u00e9s de l&rsquo;\u00e9quipe nationale tunisienne\",\"datePublished\":\"2021-01-21T11:12:07+00:00\",\"dateModified\":\"2021-01-21T11:12:10+00:00\",\"mainEntityOfPage\":{\"@id\":\"https:\/\/kapitalis.com\/tunisie\/2021\/01\/21\/eliminatoires-de-lafrobasket-2021-la-liste-des-convoques-de-lequipe-nationale-tunisienne\/\"},\"wordCount\":194,\"commentCount\":1,\"publisher\":{\"@id\":\"https:\/\/kapitalis.com\/tunisie\/#organization\"},\"image\":{\"@id\":\"https:\/\/kapitalis.com\/tunisie\/2021\/01\/21\/eliminatoires-de-lafrobasket-2021-la-liste-des-convoques-de-lequipe-nationale-tunisienne\/#primaryimage\"},\"thumbnailUrl\":\"http:\/\/kapitalis.com\/tunisie\/wp-content\/uploads\/2019\/08\/Tunisie-Basketball.jpg\",\"keywords\":[\"Achraf Gannouni\",\"Afrobasket 2021\",\"Ahmed Adami\",\"Dirk Bauermann\",\"Hosni Ilehi\",\"Makram Ben Romdhane\",\"Mohamed Abbassi\",\"Mohamed Ben Taher\",\"Mohamed Hadidane\",\"Mourad Mabrouk\",\"Salah Mejri\",\"Skander Bhouri\",\"Wassef Methnani\"],\"articleSection\":[\"SPORT\",\"Tunisie\"],\"inLanguage\":\"fr-FR\",\"potentialAction\":[{\"@type\":\"CommentAction\",\"name\":\"Comment\",\"target\":[\"https:\/\/kapitalis.com\/tunisie\/2021\/01\/21\/eliminatoires-de-lafrobasket-2021-la-liste-des-convoques-de-lequipe-nationale-tunisienne\/#respond\"]}]},{\"@type\":\"WebPage\",\"@id\":\"https:\/\/kapitalis.com\/tunisie\/2021\/01\/21\/eliminatoires-de-lafrobasket-2021-la-liste-des-convoques-de-lequipe-nationale-tunisienne\/\",\"url\":\"https:\/\/kapitalis.com\/tunisie\/2021\/01\/21\/eliminatoires-de-lafrobasket-2021-la-liste-des-convoques-de-lequipe-nationale-tunisienne\/\",\"name\":\"\u00c9liminatoires de l\u2019Afrobasket 2021 : La liste des convoqu\u00e9s de l'\u00e9quipe nationale tunisienne - Kapitalis\",\"isPartOf\":{\"@id\":\"https:\/\/kapitalis.com\/tunisie\/#website\"},\"primaryImageOfPage\":{\"@id\":\"https:\/\/kapitalis.com\/tunisie\/2021\/01\/21\/eliminatoires-de-lafrobasket-2021-la-liste-des-convoques-de-lequipe-nationale-tunisienne\/#primaryimage\"},\"image\":{\"@id\":\"https:\/\/kapitalis.com\/tunisie\/2021\/01\/21\/eliminatoires-de-lafrobasket-2021-la-liste-des-convoques-de-lequipe-nationale-tunisienne\/#primaryimage\"},\"thumbnailUrl\":\"http:\/\/kapitalis.com\/tunisie\/wp-content\/uploads\/2019\/08\/Tunisie-Basketball.jpg\",\"datePublished\":\"2021-01-21T11:12:07+00:00\",\"dateModified\":\"2021-01-21T11:12:10+00:00\",\"breadcrumb\":{\"@id\":\"https:\/\/kapitalis.com\/tunisie\/2021\/01\/21\/eliminatoires-de-lafrobasket-2021-la-liste-des-convoques-de-lequipe-nationale-tunisienne\/#breadcrumb\"},\"inLanguage\":\"fr-FR\",\"potentialAction\":[{\"@type\":\"ReadAction\",\"target\":[\"https:\/\/kapitalis.com\/tunisie\/2021\/01\/21\/eliminatoires-de-lafrobasket-2021-la-liste-des-convoques-de-lequipe-nationale-tunisienne\/\"]}]},{\"@type\":\"ImageObject\",\"inLanguage\":\"fr-FR\",\"@id\":\"https:\/\/kapitalis.com\/tunisie\/2021\/01\/21\/eliminatoires-de-lafrobasket-2021-la-liste-des-convoques-de-lequipe-nationale-tunisienne\/#primaryimage\",\"url\":\"\",\"contentUrl\":\"\"},{\"@type\":\"BreadcrumbList\",\"@id\":\"https:\/\/kapitalis.com\/tunisie\/2021\/01\/21\/eliminatoires-de-lafrobasket-2021-la-liste-des-convoques-de-lequipe-nationale-tunisienne\/#breadcrumb\",\"itemListElement\":[{\"@type\":\"ListItem\",\"position\":1,\"name\":\"Accueil\",\"item\":\"https:\/\/kapitalis.com\/tunisie\/\"},{\"@type\":\"ListItem\",\"position\":2,\"name\":\"\u00c9liminatoires de l\u2019Afrobasket 2021 : La liste des convoqu\u00e9s de l&rsquo;\u00e9quipe nationale tunisienne\"}]},{\"@type\":\"WebSite\",\"@id\":\"https:\/\/kapitalis.com\/tunisie\/#website\",\"url\":\"https:\/\/kapitalis.com\/tunisie\/\",\"name\":\"Kapitalis\",\"description\":\"L&#039;actualit\u00e9 en Tunisie et dans le monde\",\"publisher\":{\"@id\":\"https:\/\/kapitalis.com\/tunisie\/#organization\"},\"potentialAction\":[{\"@type\":\"SearchAction\",\"target\":{\"@type\":\"EntryPoint\",\"urlTemplate\":\"https:\/\/kapitalis.com\/tunisie\/?s={search_term_string}\"},\"query-input\":{\"@type\":\"PropertyValueSpecification\",\"valueRequired\":true,\"valueName\":\"search_term_string\"}}],\"inLanguage\":\"fr-FR\"},{\"@type\":\"Organization\",\"@id\":\"https:\/\/kapitalis.com\/tunisie\/#organization\",\"name\":\"Kapitalis\",\"url\":\"https:\/\/kapitalis.com\/tunisie\/\",\"logo\":{\"@type\":\"ImageObject\",\"inLanguage\":\"fr-FR\",\"@id\":\"https:\/\/kapitalis.com\/tunisie\/#\/schema\/logo\/image\/\",\"url\":\"https:\/\/kapitalis.com\/tunisie\/wp-content\/uploads\/2022\/05\/Kapitalis-big-size.png\",\"contentUrl\":\"https:\/\/kapitalis.com\/tunisie\/wp-content\/uploads\/2022\/05\/Kapitalis-big-size.png\",\"width\":5000,\"height\":1500,\"caption\":\"Kapitalis\"},\"image\":{\"@id\":\"https:\/\/kapitalis.com\/tunisie\/#\/schema\/logo\/image\/\"},\"sameAs\":[\"https:\/\/www.facebook.com\/KapitalisInfo\/\",\"https:\/\/x.com\/KapitalisInfo\",\"https:\/\/www.youtube.com\/channel\/UC-yDYrHyfFBWWZaOw3FPg9Q\"]},{\"@type\":\"Person\",\"@id\":\"https:\/\/kapitalis.com\/tunisie\/#\/schema\/person\/b35b8d631961131107263178aeb8019e\",\"name\":\"Cherif Benyounes\",\"url\":\"https:\/\/kapitalis.com\/tunisie\/author\/cherif\/\"}]}<\/script>\n<!-- \/ Yoast SEO plugin. -->","yoast_head_json":{"title":"\u00c9liminatoires de l\u2019Afrobasket 2021 : La liste des convoqu\u00e9s de l'\u00e9quipe nationale tunisienne - Kapitalis","robots":{"index":"index","follow":"follow","max-snippet":"max-snippet:-1","max-image-preview":"max-image-preview:large","max-video-preview":"max-video-preview:-1"},"canonical":"https:\/\/kapitalis.com\/tunisie\/2021\/01\/21\/eliminatoires-de-lafrobasket-2021-la-liste-des-convoques-de-lequipe-nationale-tunisienne\/","og_locale":"fr_FR","og_type":"article","og_title":"\u00c9liminatoires de l\u2019Afrobasket 2021 : La liste des convoqu\u00e9s de l'\u00e9quipe nationale tunisienne - Kapitalis","og_description":"Dirk Bauermann, le s\u00e9lectionneur de l&rsquo;\u00e9quipe nationale tunisienne de basketball, a convoqu\u00e9, mercredi 20 janvier 2021, 18 joueurs pour la 2\u00e8me fen\u00eatre des \u00e9liminatoires de l\u2019Afrobasket masculin (Rwanda 2021), pr\u00e9vue du 17 au 21 f\u00e9vrier 2021 en Tunisie.","og_url":"https:\/\/kapitalis.com\/tunisie\/2021\/01\/21\/eliminatoires-de-lafrobasket-2021-la-liste-des-convoques-de-lequipe-nationale-tunisienne\/","og_site_name":"Kapitalis","article_publisher":"https:\/\/www.facebook.com\/KapitalisInfo\/","article_published_time":"2021-01-21T11:12:07+00:00","article_modified_time":"2021-01-21T11:12:10+00:00","og_image":[{"url":"http:\/\/kapitalis.com\/tunisie\/wp-content\/uploads\/2019\/08\/Tunisie-Basketball.jpg","type":"","width":"","height":""}],"author":"Cherif Benyounes","twitter_card":"summary_large_image","twitter_creator":"@KapitalisInfo","twitter_site":"@KapitalisInfo","twitter_misc":{"\u00c9crit par":"Cherif Benyounes","Dur\u00e9e de lecture estim\u00e9e":"1 minute"},"schema":{"@context":"https:\/\/schema.org","@graph":[{"@type":"Article","@id":"https:\/\/kapitalis.com\/tunisie\/2021\/01\/21\/eliminatoires-de-lafrobasket-2021-la-liste-des-convoques-de-lequipe-nationale-tunisienne\/#article","isPartOf":{"@id":"https:\/\/kapitalis.com\/tunisie\/2021\/01\/21\/eliminatoires-de-lafrobasket-2021-la-liste-des-convoques-de-lequipe-nationale-tunisienne\/"},"author":{"name":"Cherif Benyounes","@id":"https:\/\/kapitalis.com\/tunisie\/#\/schema\/person\/b35b8d631961131107263178aeb8019e"},"headline":"\u00c9liminatoires de l\u2019Afrobasket 2021 : La liste des convoqu\u00e9s de l&rsquo;\u00e9quipe nationale tunisienne","datePublished":"2021-01-21T11:12:07+00:00","dateModified":"2021-01-21T11:12:10+00:00","mainEntityOfPage":{"@id":"https:\/\/kapitalis.com\/tunisie\/2021\/01\/21\/eliminatoires-de-lafrobasket-2021-la-liste-des-convoques-de-lequipe-nationale-tunisienne\/"},"wordCount":194,"commentCount":1,"publisher":{"@id":"https:\/\/kapitalis.com\/tunisie\/#organization"},"image":{"@id":"https:\/\/kapitalis.com\/tunisie\/2021\/01\/21\/eliminatoires-de-lafrobasket-2021-la-liste-des-convoques-de-lequipe-nationale-tunisienne\/#primaryimage"},"thumbnailUrl":"http:\/\/kapitalis.com\/tunisie\/wp-content\/uploads\/2019\/08\/Tunisie-Basketball.jpg","keywords":["Achraf Gannouni","Afrobasket 2021","Ahmed Adami","Dirk Bauermann","Hosni Ilehi","Makram Ben Romdhane","Mohamed Abbassi","Mohamed Ben Taher","Mohamed Hadidane","Mourad Mabrouk","Salah Mejri","Skander Bhouri","Wassef Methnani"],"articleSection":["SPORT","Tunisie"],"inLanguage":"fr-FR","potentialAction":[{"@type":"CommentAction","name":"Comment","target":["https:\/\/kapitalis.com\/tunisie\/2021\/01\/21\/eliminatoires-de-lafrobasket-2021-la-liste-des-convoques-de-lequipe-nationale-tunisienne\/#respond"]}]},{"@type":"WebPage","@id":"https:\/\/kapitalis.com\/tunisie\/2021\/01\/21\/eliminatoires-de-lafrobasket-2021-la-liste-des-convoques-de-lequipe-nationale-tunisienne\/","url":"https:\/\/kapitalis.com\/tunisie\/2021\/01\/21\/eliminatoires-de-lafrobasket-2021-la-liste-des-convoques-de-lequipe-nationale-tunisienne\/","name":"\u00c9liminatoires de l\u2019Afrobasket 2021 : La liste des convoqu\u00e9s de l'\u00e9quipe nationale tunisienne - Kapitalis","isPartOf":{"@id":"https:\/\/kapitalis.com\/tunisie\/#website"},"primaryImageOfPage":{"@id":"https:\/\/kapitalis.com\/tunisie\/2021\/01\/21\/eliminatoires-de-lafrobasket-2021-la-liste-des-convoques-de-lequipe-nationale-tunisienne\/#primaryimage"},"image":{"@id":"https:\/\/kapitalis.com\/tunisie\/2021\/01\/21\/eliminatoires-de-lafrobasket-2021-la-liste-des-convoques-de-lequipe-nationale-tunisienne\/#primaryimage"},"thumbnailUrl":"http:\/\/kapitalis.com\/tunisie\/wp-content\/uploads\/2019\/08\/Tunisie-Basketball.jpg","datePublished":"2021-01-21T11:12:07+00:00","dateModified":"2021-01-21T11:12:10+00:00","breadcrumb":{"@id":"https:\/\/kapitalis.com\/tunisie\/2021\/01\/21\/eliminatoires-de-lafrobasket-2021-la-liste-des-convoques-de-lequipe-nationale-tunisienne\/#breadcrumb"},"inLanguage":"fr-FR","potentialAction":[{"@type":"ReadAction","target":["https:\/\/kapitalis.com\/tunisie\/2021\/01\/21\/eliminatoires-de-lafrobasket-2021-la-liste-des-convoques-de-lequipe-nationale-tunisienne\/"]}]},{"@type":"ImageObject","inLanguage":"fr-FR","@id":"https:\/\/kapitalis.com\/tunisie\/2021\/01\/21\/eliminatoires-de-lafrobasket-2021-la-liste-des-convoques-de-lequipe-nationale-tunisienne\/#primaryimage","url":"","contentUrl":""},{"@type":"BreadcrumbList","@id":"https:\/\/kapitalis.com\/tunisie\/2021\/01\/21\/eliminatoires-de-lafrobasket-2021-la-liste-des-convoques-de-lequipe-nationale-tunisienne\/#breadcrumb","itemListElement":[{"@type":"ListItem","position":1,"name":"Accueil","item":"https:\/\/kapitalis.com\/tunisie\/"},{"@type":"ListItem","position":2,"name":"\u00c9liminatoires de l\u2019Afrobasket 2021 : La liste des convoqu\u00e9s de l&rsquo;\u00e9quipe nationale tunisienne"}]},{"@type":"WebSite","@id":"https:\/\/kapitalis.com\/tunisie\/#website","url":"https:\/\/kapitalis.com\/tunisie\/","name":"Kapitalis","description":"L&#039;actualit\u00e9 en Tunisie et dans le monde","publisher":{"@id":"https:\/\/kapitalis.com\/tunisie\/#organization"},"potentialAction":[{"@type":"SearchAction","target":{"@type":"EntryPoint","urlTemplate":"https:\/\/kapitalis.com\/tunisie\/?s={search_term_string}"},"query-input":{"@type":"PropertyValueSpecification","valueRequired":true,"valueName":"search_term_string"}}],"inLanguage":"fr-FR"},{"@type":"Organization","@id":"https:\/\/kapitalis.com\/tunisie\/#organization","name":"Kapitalis","url":"https:\/\/kapitalis.com\/tunisie\/","logo":{"@type":"ImageObject","inLanguage":"fr-FR","@id":"https:\/\/kapitalis.com\/tunisie\/#\/schema\/logo\/image\/","url":"https:\/\/kapitalis.com\/tunisie\/wp-content\/uploads\/2022\/05\/Kapitalis-big-size.png","contentUrl":"https:\/\/kapitalis.com\/tunisie\/wp-content\/uploads\/2022\/05\/Kapitalis-big-size.png","width":5000,"height":1500,"caption":"Kapitalis"},"image":{"@id":"https:\/\/kapitalis.com\/tunisie\/#\/schema\/logo\/image\/"},"sameAs":["https:\/\/www.facebook.com\/KapitalisInfo\/","https:\/\/x.com\/KapitalisInfo","https:\/\/www.youtube.com\/channel\/UC-yDYrHyfFBWWZaOw3FPg9Q"]},{"@type":"Person","@id":"https:\/\/kapitalis.com\/tunisie\/#\/schema\/person\/b35b8d631961131107263178aeb8019e","name":"Cherif Benyounes","url":"https:\/\/kapitalis.com\/tunisie\/author\/cherif\/"}]}},"_links":{"self":[{"href":"https:\/\/kapitalis.com\/tunisie\/wp-json\/wp\/v2\/posts\/332939","targetHints":{"allow":["GET"]}}],"collection":[{"href":"https:\/\/kapitalis.com\/tunisie\/wp-json\/wp\/v2\/posts"}],"about":[{"href":"https:\/\/kapitalis.com\/tunisie\/wp-json\/wp\/v2\/types\/post"}],"author":[{"embeddable":true,"href":"https:\/\/kapitalis.com\/tunisie\/wp-json\/wp\/v2\/users\/24"}],"replies":[{"embeddable":true,"href":"https:\/\/kapitalis.com\/tunisie\/wp-json\/wp\/v2\/comments?post=332939"}],"version-history":[{"count":0,"href":"https:\/\/kapitalis.com\/tunisie\/wp-json\/wp\/v2\/posts\/332939\/revisions"}],"wp:attachment":[{"href":"https:\/\/kapitalis.com\/tunisie\/wp-json\/wp\/v2\/media?parent=332939"}],"wp:term":[{"taxonomy":"category","embeddable":true,"href":"https:\/\/kapitalis.com\/tunisie\/wp-json\/wp\/v2\/categories?post=332939"},{"taxonomy":"post_tag","embeddable":true,"href":"https:\/\/kapitalis.com\/tunisie\/wp-json\/wp\/v2\/tags?post=332939"}],"curies":[{"name":"wp","href":"https:\/\/api.w.org\/{rel}","templated":true}]}}