{"id":333053,"date":"2021-01-21T23:00:42","date_gmt":"2021-01-21T22:00:42","guid":{"rendered":"http:\/\/kapitalis.com\/tunisie\/?p=333053"},"modified":"2021-01-22T16:34:55","modified_gmt":"2021-01-22T15:34:55","slug":"prends-le-si-tu-as-froid-des-manteaux-accroches-dans-les-rues-de-gabes-pour-les-demunis","status":"publish","type":"post","link":"https:\/\/kapitalis.com\/tunisie\/2021\/01\/21\/prends-le-si-tu-as-froid-des-manteaux-accroches-dans-les-rues-de-gabes-pour-les-demunis\/","title":{"rendered":"\u00abPrends-le si tu as froid\u00bb : Des manteaux accroch\u00e9s dans les rues de Gab\u00e8s pour les d\u00e9munis"},"content":{"rendered":"\n<figure class=\"wp-block-image size-large\"><img decoding=\"async\" src=\"http:\/\/kapitalis.com\/tunisie\/wp-content\/uploads\/2021\/01\/Gabes-manteaux.jpg\" alt=\"\" class=\"wp-image-333055\"\/><\/figure>\n\n\n\n<p><strong><em>L&rsquo;Association Bassmati a lanc\u00e9 ce jeudi 21 janvier 2021, une action pour aider les d\u00e9munis en accrochant des manteaux \u00e0 des arbres et \u00e0 des poteaux dans les rues de Gab\u00e8s<\/em><\/strong>, <strong><em>avec un petit mot : \u00abPrends-le si tu as froid\u00bb<\/em><\/strong>&#8230;<\/p>\n\n\n\n<!--more-->\n\n\n\n<p>Apr\u00e8s avoir fait une collecte de v\u00eatements chauds neufs et\/ou en bon \u00e9tat, l&rsquo;Association a lanc\u00e9 aujourd&rsquo;hui son action destin\u00e9e essentiellement aux sans-abris, qui par le froid hivernal ont bien besoin de se r\u00e9chauffer, et qui pourront r\u00e9cup\u00e9rer les manteaux sans \u00eatre vus et sans \u00eatre en contact direct avec les donateurs.<\/p>\n\n\n\n<p><em>\u00abCela est plus facile et surtout beaucoup moins g\u00eanant pour ceux qui sont dans le besoin\u00bb,<\/em> indique l&rsquo;association.<\/p>\n\n\n\n<p>Cette action est la premi\u00e8re du genre \u00e0 Gab\u00e8s, elle avait \u00e9t\u00e9 men\u00e9e en 2019 \u00e0 Ben Arous par Leo Club et \u00e0 Djerba par Global youth leadership organisation (Gylo).<\/p>\n\n\n\n<figure class=\"wp-block-gallery columns-2 is-cropped wp-block-gallery-1 is-layout-flex wp-block-gallery-is-layout-flex\"><ul class=\"blocks-gallery-grid\"><li class=\"blocks-gallery-item\"><figure><img decoding=\"async\" src=\"http:\/\/kapitalis.com\/tunisie\/wp-content\/uploads\/2021\/01\/gabes2.jpeg\" alt=\"\" data-id=\"333060\" data-full-url=\"http:\/\/kapitalis.com\/tunisie\/wp-content\/uploads\/2021\/01\/gabes2.jpeg\" data-link=\"http:\/\/kapitalis.com\/tunisie\/2021\/01\/21\/prends-le-si-tu-as-froid-des-manteaux-accroches-dans-les-rues-de-gabes-pour-les-demunis\/gabes2\/\" class=\"wp-image-333060\"\/><\/figure><\/li><li class=\"blocks-gallery-item\"><figure><img decoding=\"async\" src=\"http:\/\/kapitalis.com\/tunisie\/wp-content\/uploads\/2021\/01\/gabes.jpeg\" alt=\"\" data-id=\"333061\" data-full-url=\"http:\/\/kapitalis.com\/tunisie\/wp-content\/uploads\/2021\/01\/gabes.jpeg\" data-link=\"http:\/\/kapitalis.com\/tunisie\/2021\/01\/21\/prends-le-si-tu-as-froid-des-manteaux-accroches-dans-les-rues-de-gabes-pour-les-demunis\/gabes-11\/\" class=\"wp-image-333061\"\/><\/figure><\/li><\/ul><\/figure>\n\n\n\n<p>On notera que l&rsquo;association Bassmati fond\u00e9e en 2019, a men\u00e9e plusieurs actions, notamment la distribution des courses pour le mois de ramadan et s&rsquo;est \u00e9galement engag\u00e9e dans la lutte contre le coronavirus. <\/p>\n\n\n\n<p>Les b\u00e9n\u00e9voles continueront \u00e0 distribuer des v\u00eatements cet hiver et comptent \u00e9galement mener d&rsquo;autres actions en faveur de ceux qui sont dans le besoin.<\/p>\n\n\n\n<p class=\"has-text-align-right\"><strong>Y. N.<\/strong><\/p>\n","protected":false},"excerpt":{"rendered":"<p>L&rsquo;Association Bassmati a lanc\u00e9 ce jeudi 21 janvier 2021, une action pour aider les d\u00e9munis en accrochant des manteaux \u00e0 des arbres et \u00e0 des poteaux dans les rues de Gab\u00e8s, avec un petit mot : \u00abPrends-le si tu as froid\u00bb&#8230;<\/p>\n","protected":false},"author":6,"featured_media":333055,"comment_status":"open","ping_status":"open","sticky":false,"template":"","format":"standard","meta":{"footnotes":""},"categories":[998,2433],"tags":[95,86764,79489,86766,86765,62643],"class_list":["post-333053","post","type-post","status-publish","format-standard","has-post-thumbnail","hentry","category-societe","category-tunisie","tag-association","tag-bassmati","tag-gabes-2","tag-hiver","tag-manteaux","tag-tunisie"],"yoast_head":"<!-- This site is optimized with the Yoast SEO plugin v26.6 - https:\/\/yoast.com\/wordpress\/plugins\/seo\/ -->\n<title>\u00abPrends-le si tu as froid\u00bb : Des manteaux accroch\u00e9s dans les rues de Gab\u00e8s pour les d\u00e9munis - Kapitalis<\/title>\n<meta name=\"robots\" content=\"index, follow, max-snippet:-1, max-image-preview:large, max-video-preview:-1\" \/>\n<link rel=\"canonical\" href=\"https:\/\/kapitalis.com\/tunisie\/2021\/01\/21\/prends-le-si-tu-as-froid-des-manteaux-accroches-dans-les-rues-de-gabes-pour-les-demunis\/\" \/>\n<meta property=\"og:locale\" content=\"fr_FR\" \/>\n<meta property=\"og:type\" content=\"article\" \/>\n<meta property=\"og:title\" content=\"\u00abPrends-le si tu as froid\u00bb : Des manteaux accroch\u00e9s dans les rues de Gab\u00e8s pour les d\u00e9munis - Kapitalis\" \/>\n<meta property=\"og:description\" content=\"L&rsquo;Association Bassmati a lanc\u00e9 ce jeudi 21 janvier 2021, une action pour aider les d\u00e9munis en accrochant des manteaux \u00e0 des arbres et \u00e0 des poteaux dans les rues de Gab\u00e8s, avec un petit mot : \u00abPrends-le si tu as froid\u00bb&#8230;\" \/>\n<meta property=\"og:url\" content=\"https:\/\/kapitalis.com\/tunisie\/2021\/01\/21\/prends-le-si-tu-as-froid-des-manteaux-accroches-dans-les-rues-de-gabes-pour-les-demunis\/\" \/>\n<meta property=\"og:site_name\" content=\"Kapitalis\" \/>\n<meta property=\"article:publisher\" content=\"https:\/\/www.facebook.com\/KapitalisInfo\/\" \/>\n<meta property=\"article:published_time\" content=\"2021-01-21T22:00:42+00:00\" \/>\n<meta property=\"article:modified_time\" content=\"2021-01-22T15:34:55+00:00\" \/>\n<meta property=\"og:image\" content=\"https:\/\/kapitalis.com\/tunisie\/wp-content\/uploads\/2022\/05\/kapitalis-logo-fb.png\" \/>\n\t<meta property=\"og:image:width\" content=\"1200\" \/>\n\t<meta property=\"og:image:height\" content=\"630\" \/>\n\t<meta property=\"og:image:type\" content=\"image\/png\" \/>\n<meta name=\"author\" content=\"Yusra NY\" \/>\n<meta name=\"twitter:card\" content=\"summary_large_image\" \/>\n<meta name=\"twitter:creator\" content=\"@KapitalisInfo\" \/>\n<meta name=\"twitter:site\" content=\"@KapitalisInfo\" \/>\n<meta name=\"twitter:label1\" content=\"\u00c9crit par\" \/>\n\t<meta name=\"twitter:data1\" content=\"Yusra NY\" \/>\n\t<meta name=\"twitter:label2\" content=\"Dur\u00e9e de lecture estim\u00e9e\" \/>\n\t<meta name=\"twitter:data2\" content=\"1 minute\" \/>\n<script type=\"application\/ld+json\" class=\"yoast-schema-graph\">{\"@context\":\"https:\/\/schema.org\",\"@graph\":[{\"@type\":\"Article\",\"@id\":\"https:\/\/kapitalis.com\/tunisie\/2021\/01\/21\/prends-le-si-tu-as-froid-des-manteaux-accroches-dans-les-rues-de-gabes-pour-les-demunis\/#article\",\"isPartOf\":{\"@id\":\"https:\/\/kapitalis.com\/tunisie\/2021\/01\/21\/prends-le-si-tu-as-froid-des-manteaux-accroches-dans-les-rues-de-gabes-pour-les-demunis\/\"},\"author\":{\"name\":\"Yusra NY\",\"@id\":\"https:\/\/kapitalis.com\/tunisie\/#\/schema\/person\/74bbde0154d49d790a92aaeac5bc01d5\"},\"headline\":\"\u00abPrends-le si tu as froid\u00bb : Des manteaux accroch\u00e9s dans les rues de Gab\u00e8s pour les d\u00e9munis\",\"datePublished\":\"2021-01-21T22:00:42+00:00\",\"dateModified\":\"2021-01-22T15:34:55+00:00\",\"mainEntityOfPage\":{\"@id\":\"https:\/\/kapitalis.com\/tunisie\/2021\/01\/21\/prends-le-si-tu-as-froid-des-manteaux-accroches-dans-les-rues-de-gabes-pour-les-demunis\/\"},\"wordCount\":226,\"commentCount\":0,\"publisher\":{\"@id\":\"https:\/\/kapitalis.com\/tunisie\/#organization\"},\"image\":{\"@id\":\"https:\/\/kapitalis.com\/tunisie\/2021\/01\/21\/prends-le-si-tu-as-froid-des-manteaux-accroches-dans-les-rues-de-gabes-pour-les-demunis\/#primaryimage\"},\"thumbnailUrl\":\"\",\"keywords\":[\"association\",\"Bassmati\",\"Gabes\",\"hiver\",\"manteaux\",\"Tunisie\"],\"articleSection\":[\"SOCIETE\",\"Tunisie\"],\"inLanguage\":\"fr-FR\",\"potentialAction\":[{\"@type\":\"CommentAction\",\"name\":\"Comment\",\"target\":[\"https:\/\/kapitalis.com\/tunisie\/2021\/01\/21\/prends-le-si-tu-as-froid-des-manteaux-accroches-dans-les-rues-de-gabes-pour-les-demunis\/#respond\"]}]},{\"@type\":\"WebPage\",\"@id\":\"https:\/\/kapitalis.com\/tunisie\/2021\/01\/21\/prends-le-si-tu-as-froid-des-manteaux-accroches-dans-les-rues-de-gabes-pour-les-demunis\/\",\"url\":\"https:\/\/kapitalis.com\/tunisie\/2021\/01\/21\/prends-le-si-tu-as-froid-des-manteaux-accroches-dans-les-rues-de-gabes-pour-les-demunis\/\",\"name\":\"\u00abPrends-le si tu as froid\u00bb : Des manteaux accroch\u00e9s dans les rues de Gab\u00e8s pour les d\u00e9munis - Kapitalis\",\"isPartOf\":{\"@id\":\"https:\/\/kapitalis.com\/tunisie\/#website\"},\"primaryImageOfPage\":{\"@id\":\"https:\/\/kapitalis.com\/tunisie\/2021\/01\/21\/prends-le-si-tu-as-froid-des-manteaux-accroches-dans-les-rues-de-gabes-pour-les-demunis\/#primaryimage\"},\"image\":{\"@id\":\"https:\/\/kapitalis.com\/tunisie\/2021\/01\/21\/prends-le-si-tu-as-froid-des-manteaux-accroches-dans-les-rues-de-gabes-pour-les-demunis\/#primaryimage\"},\"thumbnailUrl\":\"\",\"datePublished\":\"2021-01-21T22:00:42+00:00\",\"dateModified\":\"2021-01-22T15:34:55+00:00\",\"breadcrumb\":{\"@id\":\"https:\/\/kapitalis.com\/tunisie\/2021\/01\/21\/prends-le-si-tu-as-froid-des-manteaux-accroches-dans-les-rues-de-gabes-pour-les-demunis\/#breadcrumb\"},\"inLanguage\":\"fr-FR\",\"potentialAction\":[{\"@type\":\"ReadAction\",\"target\":[\"https:\/\/kapitalis.com\/tunisie\/2021\/01\/21\/prends-le-si-tu-as-froid-des-manteaux-accroches-dans-les-rues-de-gabes-pour-les-demunis\/\"]}]},{\"@type\":\"ImageObject\",\"inLanguage\":\"fr-FR\",\"@id\":\"https:\/\/kapitalis.com\/tunisie\/2021\/01\/21\/prends-le-si-tu-as-froid-des-manteaux-accroches-dans-les-rues-de-gabes-pour-les-demunis\/#primaryimage\",\"url\":\"\",\"contentUrl\":\"\"},{\"@type\":\"BreadcrumbList\",\"@id\":\"https:\/\/kapitalis.com\/tunisie\/2021\/01\/21\/prends-le-si-tu-as-froid-des-manteaux-accroches-dans-les-rues-de-gabes-pour-les-demunis\/#breadcrumb\",\"itemListElement\":[{\"@type\":\"ListItem\",\"position\":1,\"name\":\"Accueil\",\"item\":\"https:\/\/kapitalis.com\/tunisie\/\"},{\"@type\":\"ListItem\",\"position\":2,\"name\":\"\u00abPrends-le si tu as froid\u00bb : Des manteaux accroch\u00e9s dans les rues de Gab\u00e8s pour les d\u00e9munis\"}]},{\"@type\":\"WebSite\",\"@id\":\"https:\/\/kapitalis.com\/tunisie\/#website\",\"url\":\"https:\/\/kapitalis.com\/tunisie\/\",\"name\":\"Kapitalis\",\"description\":\"L&#039;actualit\u00e9 en Tunisie et dans le monde\",\"publisher\":{\"@id\":\"https:\/\/kapitalis.com\/tunisie\/#organization\"},\"potentialAction\":[{\"@type\":\"SearchAction\",\"target\":{\"@type\":\"EntryPoint\",\"urlTemplate\":\"https:\/\/kapitalis.com\/tunisie\/?s={search_term_string}\"},\"query-input\":{\"@type\":\"PropertyValueSpecification\",\"valueRequired\":true,\"valueName\":\"search_term_string\"}}],\"inLanguage\":\"fr-FR\"},{\"@type\":\"Organization\",\"@id\":\"https:\/\/kapitalis.com\/tunisie\/#organization\",\"name\":\"Kapitalis\",\"url\":\"https:\/\/kapitalis.com\/tunisie\/\",\"logo\":{\"@type\":\"ImageObject\",\"inLanguage\":\"fr-FR\",\"@id\":\"https:\/\/kapitalis.com\/tunisie\/#\/schema\/logo\/image\/\",\"url\":\"https:\/\/kapitalis.com\/tunisie\/wp-content\/uploads\/2022\/05\/Kapitalis-big-size.png\",\"contentUrl\":\"https:\/\/kapitalis.com\/tunisie\/wp-content\/uploads\/2022\/05\/Kapitalis-big-size.png\",\"width\":5000,\"height\":1500,\"caption\":\"Kapitalis\"},\"image\":{\"@id\":\"https:\/\/kapitalis.com\/tunisie\/#\/schema\/logo\/image\/\"},\"sameAs\":[\"https:\/\/www.facebook.com\/KapitalisInfo\/\",\"https:\/\/x.com\/KapitalisInfo\",\"https:\/\/www.youtube.com\/channel\/UC-yDYrHyfFBWWZaOw3FPg9Q\"]},{\"@type\":\"Person\",\"@id\":\"https:\/\/kapitalis.com\/tunisie\/#\/schema\/person\/74bbde0154d49d790a92aaeac5bc01d5\",\"name\":\"Yusra NY\",\"url\":\"https:\/\/kapitalis.com\/tunisie\/author\/yuza_adam\/\"}]}<\/script>\n<!-- \/ Yoast SEO plugin. -->","yoast_head_json":{"title":"\u00abPrends-le si tu as froid\u00bb : Des manteaux accroch\u00e9s dans les rues de Gab\u00e8s pour les d\u00e9munis - Kapitalis","robots":{"index":"index","follow":"follow","max-snippet":"max-snippet:-1","max-image-preview":"max-image-preview:large","max-video-preview":"max-video-preview:-1"},"canonical":"https:\/\/kapitalis.com\/tunisie\/2021\/01\/21\/prends-le-si-tu-as-froid-des-manteaux-accroches-dans-les-rues-de-gabes-pour-les-demunis\/","og_locale":"fr_FR","og_type":"article","og_title":"\u00abPrends-le si tu as froid\u00bb : Des manteaux accroch\u00e9s dans les rues de Gab\u00e8s pour les d\u00e9munis - Kapitalis","og_description":"L&rsquo;Association Bassmati a lanc\u00e9 ce jeudi 21 janvier 2021, une action pour aider les d\u00e9munis en accrochant des manteaux \u00e0 des arbres et \u00e0 des poteaux dans les rues de Gab\u00e8s, avec un petit mot : \u00abPrends-le si tu as froid\u00bb&#8230;","og_url":"https:\/\/kapitalis.com\/tunisie\/2021\/01\/21\/prends-le-si-tu-as-froid-des-manteaux-accroches-dans-les-rues-de-gabes-pour-les-demunis\/","og_site_name":"Kapitalis","article_publisher":"https:\/\/www.facebook.com\/KapitalisInfo\/","article_published_time":"2021-01-21T22:00:42+00:00","article_modified_time":"2021-01-22T15:34:55+00:00","og_image":[{"width":1200,"height":630,"url":"https:\/\/kapitalis.com\/tunisie\/wp-content\/uploads\/2022\/05\/kapitalis-logo-fb.png","type":"image\/png"}],"author":"Yusra NY","twitter_card":"summary_large_image","twitter_creator":"@KapitalisInfo","twitter_site":"@KapitalisInfo","twitter_misc":{"\u00c9crit par":"Yusra NY","Dur\u00e9e de lecture estim\u00e9e":"1 minute"},"schema":{"@context":"https:\/\/schema.org","@graph":[{"@type":"Article","@id":"https:\/\/kapitalis.com\/tunisie\/2021\/01\/21\/prends-le-si-tu-as-froid-des-manteaux-accroches-dans-les-rues-de-gabes-pour-les-demunis\/#article","isPartOf":{"@id":"https:\/\/kapitalis.com\/tunisie\/2021\/01\/21\/prends-le-si-tu-as-froid-des-manteaux-accroches-dans-les-rues-de-gabes-pour-les-demunis\/"},"author":{"name":"Yusra NY","@id":"https:\/\/kapitalis.com\/tunisie\/#\/schema\/person\/74bbde0154d49d790a92aaeac5bc01d5"},"headline":"\u00abPrends-le si tu as froid\u00bb : Des manteaux accroch\u00e9s dans les rues de Gab\u00e8s pour les d\u00e9munis","datePublished":"2021-01-21T22:00:42+00:00","dateModified":"2021-01-22T15:34:55+00:00","mainEntityOfPage":{"@id":"https:\/\/kapitalis.com\/tunisie\/2021\/01\/21\/prends-le-si-tu-as-froid-des-manteaux-accroches-dans-les-rues-de-gabes-pour-les-demunis\/"},"wordCount":226,"commentCount":0,"publisher":{"@id":"https:\/\/kapitalis.com\/tunisie\/#organization"},"image":{"@id":"https:\/\/kapitalis.com\/tunisie\/2021\/01\/21\/prends-le-si-tu-as-froid-des-manteaux-accroches-dans-les-rues-de-gabes-pour-les-demunis\/#primaryimage"},"thumbnailUrl":"","keywords":["association","Bassmati","Gabes","hiver","manteaux","Tunisie"],"articleSection":["SOCIETE","Tunisie"],"inLanguage":"fr-FR","potentialAction":[{"@type":"CommentAction","name":"Comment","target":["https:\/\/kapitalis.com\/tunisie\/2021\/01\/21\/prends-le-si-tu-as-froid-des-manteaux-accroches-dans-les-rues-de-gabes-pour-les-demunis\/#respond"]}]},{"@type":"WebPage","@id":"https:\/\/kapitalis.com\/tunisie\/2021\/01\/21\/prends-le-si-tu-as-froid-des-manteaux-accroches-dans-les-rues-de-gabes-pour-les-demunis\/","url":"https:\/\/kapitalis.com\/tunisie\/2021\/01\/21\/prends-le-si-tu-as-froid-des-manteaux-accroches-dans-les-rues-de-gabes-pour-les-demunis\/","name":"\u00abPrends-le si tu as froid\u00bb : Des manteaux accroch\u00e9s dans les rues de Gab\u00e8s pour les d\u00e9munis - Kapitalis","isPartOf":{"@id":"https:\/\/kapitalis.com\/tunisie\/#website"},"primaryImageOfPage":{"@id":"https:\/\/kapitalis.com\/tunisie\/2021\/01\/21\/prends-le-si-tu-as-froid-des-manteaux-accroches-dans-les-rues-de-gabes-pour-les-demunis\/#primaryimage"},"image":{"@id":"https:\/\/kapitalis.com\/tunisie\/2021\/01\/21\/prends-le-si-tu-as-froid-des-manteaux-accroches-dans-les-rues-de-gabes-pour-les-demunis\/#primaryimage"},"thumbnailUrl":"","datePublished":"2021-01-21T22:00:42+00:00","dateModified":"2021-01-22T15:34:55+00:00","breadcrumb":{"@id":"https:\/\/kapitalis.com\/tunisie\/2021\/01\/21\/prends-le-si-tu-as-froid-des-manteaux-accroches-dans-les-rues-de-gabes-pour-les-demunis\/#breadcrumb"},"inLanguage":"fr-FR","potentialAction":[{"@type":"ReadAction","target":["https:\/\/kapitalis.com\/tunisie\/2021\/01\/21\/prends-le-si-tu-as-froid-des-manteaux-accroches-dans-les-rues-de-gabes-pour-les-demunis\/"]}]},{"@type":"ImageObject","inLanguage":"fr-FR","@id":"https:\/\/kapitalis.com\/tunisie\/2021\/01\/21\/prends-le-si-tu-as-froid-des-manteaux-accroches-dans-les-rues-de-gabes-pour-les-demunis\/#primaryimage","url":"","contentUrl":""},{"@type":"BreadcrumbList","@id":"https:\/\/kapitalis.com\/tunisie\/2021\/01\/21\/prends-le-si-tu-as-froid-des-manteaux-accroches-dans-les-rues-de-gabes-pour-les-demunis\/#breadcrumb","itemListElement":[{"@type":"ListItem","position":1,"name":"Accueil","item":"https:\/\/kapitalis.com\/tunisie\/"},{"@type":"ListItem","position":2,"name":"\u00abPrends-le si tu as froid\u00bb : Des manteaux accroch\u00e9s dans les rues de Gab\u00e8s pour les d\u00e9munis"}]},{"@type":"WebSite","@id":"https:\/\/kapitalis.com\/tunisie\/#website","url":"https:\/\/kapitalis.com\/tunisie\/","name":"Kapitalis","description":"L&#039;actualit\u00e9 en Tunisie et dans le monde","publisher":{"@id":"https:\/\/kapitalis.com\/tunisie\/#organization"},"potentialAction":[{"@type":"SearchAction","target":{"@type":"EntryPoint","urlTemplate":"https:\/\/kapitalis.com\/tunisie\/?s={search_term_string}"},"query-input":{"@type":"PropertyValueSpecification","valueRequired":true,"valueName":"search_term_string"}}],"inLanguage":"fr-FR"},{"@type":"Organization","@id":"https:\/\/kapitalis.com\/tunisie\/#organization","name":"Kapitalis","url":"https:\/\/kapitalis.com\/tunisie\/","logo":{"@type":"ImageObject","inLanguage":"fr-FR","@id":"https:\/\/kapitalis.com\/tunisie\/#\/schema\/logo\/image\/","url":"https:\/\/kapitalis.com\/tunisie\/wp-content\/uploads\/2022\/05\/Kapitalis-big-size.png","contentUrl":"https:\/\/kapitalis.com\/tunisie\/wp-content\/uploads\/2022\/05\/Kapitalis-big-size.png","width":5000,"height":1500,"caption":"Kapitalis"},"image":{"@id":"https:\/\/kapitalis.com\/tunisie\/#\/schema\/logo\/image\/"},"sameAs":["https:\/\/www.facebook.com\/KapitalisInfo\/","https:\/\/x.com\/KapitalisInfo","https:\/\/www.youtube.com\/channel\/UC-yDYrHyfFBWWZaOw3FPg9Q"]},{"@type":"Person","@id":"https:\/\/kapitalis.com\/tunisie\/#\/schema\/person\/74bbde0154d49d790a92aaeac5bc01d5","name":"Yusra NY","url":"https:\/\/kapitalis.com\/tunisie\/author\/yuza_adam\/"}]}},"_links":{"self":[{"href":"https:\/\/kapitalis.com\/tunisie\/wp-json\/wp\/v2\/posts\/333053","targetHints":{"allow":["GET"]}}],"collection":[{"href":"https:\/\/kapitalis.com\/tunisie\/wp-json\/wp\/v2\/posts"}],"about":[{"href":"https:\/\/kapitalis.com\/tunisie\/wp-json\/wp\/v2\/types\/post"}],"author":[{"embeddable":true,"href":"https:\/\/kapitalis.com\/tunisie\/wp-json\/wp\/v2\/users\/6"}],"replies":[{"embeddable":true,"href":"https:\/\/kapitalis.com\/tunisie\/wp-json\/wp\/v2\/comments?post=333053"}],"version-history":[{"count":0,"href":"https:\/\/kapitalis.com\/tunisie\/wp-json\/wp\/v2\/posts\/333053\/revisions"}],"wp:featuredmedia":[{"embeddable":true,"href":"https:\/\/kapitalis.com\/tunisie\/wp-json\/wp\/v2\/media\/333055"}],"wp:attachment":[{"href":"https:\/\/kapitalis.com\/tunisie\/wp-json\/wp\/v2\/media?parent=333053"}],"wp:term":[{"taxonomy":"category","embeddable":true,"href":"https:\/\/kapitalis.com\/tunisie\/wp-json\/wp\/v2\/categories?post=333053"},{"taxonomy":"post_tag","embeddable":true,"href":"https:\/\/kapitalis.com\/tunisie\/wp-json\/wp\/v2\/tags?post=333053"}],"curies":[{"name":"wp","href":"https:\/\/api.w.org\/{rel}","templated":true}]}}