{"id":333116,"date":"2021-01-22T16:15:33","date_gmt":"2021-01-22T15:15:33","guid":{"rendered":"http:\/\/kapitalis.com\/tunisie\/?p=333116"},"modified":"2021-01-22T16:19:17","modified_gmt":"2021-01-22T15:19:17","slug":"tunisie-nouvelle-mesure-pour-les-voyageurs-se-rendant-a-vienne","status":"publish","type":"post","link":"https:\/\/kapitalis.com\/tunisie\/2021\/01\/22\/tunisie-nouvelle-mesure-pour-les-voyageurs-se-rendant-a-vienne\/","title":{"rendered":"Tunisie : Nouvelle mesure pour les voyageurs se rendant \u00e0 Vienne"},"content":{"rendered":"\n<figure class=\"wp-block-image size-large\"><img decoding=\"async\" src=\"http:\/\/kapitalis.com\/tunisie\/wp-content\/uploads\/2021\/01\/FFP2-Vienne-Tunisair.jpg\" alt=\"\" class=\"wp-image-333118\"\/><\/figure>\n\n\n\n<p><strong><em>La compagnie a\u00e9rienne nationale Tunisair a annonc\u00e9, ce vendredi 22 janvier 2021, une nouvelle consigne destin\u00e9es aux voyageurs se rendant \u00e0 Vienne, impos\u00e9e dans ce pays dans le cadre de la lutte contre le coronavirus.<\/em><\/strong><\/p>\n\n\n\n<!--more-->\n\n\n\n<p>Ainsi, \u00e0 compter du lundi 25 janvier 2021, le port du masque de protection FFP2 est obligatoire pour acce\u0301der aux a\u00e9roports en Autriche, indique Tunisair, en pr\u00e9cisant que les enfants de moins de 6 ans et toute personne dont la condition m\u00e9dicale particuli\u00e8re emp\u00eache le port de ce type de masque seront exceptionnellement exempt\u00e9s de cette obligation.<\/p>\n\n\n\n<p>Les femmes enceintes et les enfants entre 6 et 14 ans peuvent porter les masques ordinaires, ajoute encore la compagnie a\u00e9rienne, en invitant les passagers \u00e0 se renseigner aupr\u00e8s des autorit\u00e9s comp\u00e9tentes pour plus de d\u00e9tails sur les mesures impos\u00e9es en Autriche.<\/p>\n\n\n\n<p>Rappelons \u00e0 cet effet que depuis le 15 janvier, une <a href=\"https:\/\/www.formularservice.gv.at\/site\/fsrv\/user\/formular.aspx?pid=15dd7f9c98c24952828eb414c8884f1a&amp;pn=Bfd027cf662624276a5ca9a9b970bcdf9\" target=\"_blank\" aria-label=\"undefined (s\u2019ouvre dans un nouvel onglet)\" rel=\"noreferrer noopener\">inscription<\/a> pr\u00e9alable \u00e9lectronique avant l\u2019entr\u00e9e en Autriche est obligatoire (Pre-Travel-Clrearance \u2013 PTC). Le formulaire d\u2019inscription PTC est disponible en langues allemande et (bient\u00f4t) anglaise sur le site d\u00e9di\u00e9.<\/p>\n\n\n\n<p class=\"has-text-align-right\"><strong>Y. N.<\/strong><\/p>\n\n\n\n<figure class=\"wp-block-embed is-type-wp-embed is-provider-kapitalis wp-block-embed-kapitalis\"><div class=\"wp-block-embed__wrapper\">\n<blockquote class=\"wp-embedded-content\" data-secret=\"7vVC5ts3j6\"><a href=\"https:\/\/kapitalis.com\/tunisie\/2021\/01\/13\/tunisie-avis-aux-passagers-a-destination-de-lautriche\/\">Tunisie : Avis aux passagers \u00e0 destination de l&rsquo;Autriche<\/a><\/blockquote><iframe loading=\"lazy\" class=\"wp-embedded-content\" sandbox=\"allow-scripts\" security=\"restricted\" style=\"position: absolute; clip: rect(1px, 1px, 1px, 1px);\" title=\"\u00ab\u00a0Tunisie : Avis aux passagers \u00e0 destination de l&rsquo;Autriche\u00a0\u00bb &#8212; Kapitalis\" src=\"https:\/\/kapitalis.com\/tunisie\/2021\/01\/13\/tunisie-avis-aux-passagers-a-destination-de-lautriche\/embed\/#?secret=4prTY6BPZj#?secret=7vVC5ts3j6\" data-secret=\"7vVC5ts3j6\" width=\"600\" height=\"338\" frameborder=\"0\" marginwidth=\"0\" marginheight=\"0\" scrolling=\"no\"><\/iframe>\n<\/div><\/figure>\n\n\n\n<p><\/p>\n","protected":false},"excerpt":{"rendered":"<p>La compagnie a\u00e9rienne nationale Tunisair a annonc\u00e9, ce vendredi 22 janvier 2021, une nouvelle consigne destin\u00e9es aux voyageurs se rendant \u00e0 Vienne, impos\u00e9e dans ce pays dans le cadre de la lutte contre le coronavirus.<\/p>\n","protected":false},"author":6,"featured_media":333118,"comment_status":"open","ping_status":"open","sticky":false,"template":"","format":"standard","meta":{"footnotes":""},"categories":[998,2433],"tags":[73060,75682,1501,62643,1742,3292],"class_list":["post-333116","post","type-post","status-publish","format-standard","has-post-thumbnail","hentry","category-societe","category-tunisie","tag-coronavirus","tag-ffp2","tag-tunisair","tag-tunisie","tag-vienne","tag-voyageurs"],"yoast_head":"<!-- This site is optimized with the Yoast SEO plugin v26.6 - https:\/\/yoast.com\/wordpress\/plugins\/seo\/ -->\n<title>Tunisie : Nouvelle mesure pour les voyageurs se rendant \u00e0 Vienne - Kapitalis<\/title>\n<meta name=\"robots\" content=\"index, follow, max-snippet:-1, max-image-preview:large, max-video-preview:-1\" \/>\n<link rel=\"canonical\" href=\"https:\/\/kapitalis.com\/tunisie\/2021\/01\/22\/tunisie-nouvelle-mesure-pour-les-voyageurs-se-rendant-a-vienne\/\" \/>\n<meta property=\"og:locale\" content=\"fr_FR\" \/>\n<meta property=\"og:type\" content=\"article\" \/>\n<meta property=\"og:title\" content=\"Tunisie : Nouvelle mesure pour les voyageurs se rendant \u00e0 Vienne - Kapitalis\" \/>\n<meta property=\"og:description\" content=\"La compagnie a\u00e9rienne nationale Tunisair a annonc\u00e9, ce vendredi 22 janvier 2021, une nouvelle consigne destin\u00e9es aux voyageurs se rendant \u00e0 Vienne, impos\u00e9e dans ce pays dans le cadre de la lutte contre le coronavirus.\" \/>\n<meta property=\"og:url\" content=\"https:\/\/kapitalis.com\/tunisie\/2021\/01\/22\/tunisie-nouvelle-mesure-pour-les-voyageurs-se-rendant-a-vienne\/\" \/>\n<meta property=\"og:site_name\" content=\"Kapitalis\" \/>\n<meta property=\"article:publisher\" content=\"https:\/\/www.facebook.com\/KapitalisInfo\/\" \/>\n<meta property=\"article:published_time\" content=\"2021-01-22T15:15:33+00:00\" \/>\n<meta property=\"article:modified_time\" content=\"2021-01-22T15:19:17+00:00\" \/>\n<meta property=\"og:image\" content=\"https:\/\/kapitalis.com\/tunisie\/wp-content\/uploads\/2022\/05\/kapitalis-logo-fb.png\" \/>\n\t<meta property=\"og:image:width\" content=\"1200\" \/>\n\t<meta property=\"og:image:height\" content=\"630\" \/>\n\t<meta property=\"og:image:type\" content=\"image\/png\" \/>\n<meta name=\"author\" content=\"Yusra NY\" \/>\n<meta name=\"twitter:card\" content=\"summary_large_image\" \/>\n<meta name=\"twitter:creator\" content=\"@KapitalisInfo\" \/>\n<meta name=\"twitter:site\" content=\"@KapitalisInfo\" \/>\n<meta name=\"twitter:label1\" content=\"\u00c9crit par\" \/>\n\t<meta name=\"twitter:data1\" content=\"Yusra NY\" \/>\n\t<meta name=\"twitter:label2\" content=\"Dur\u00e9e de lecture estim\u00e9e\" \/>\n\t<meta name=\"twitter:data2\" content=\"1 minute\" \/>\n<script type=\"application\/ld+json\" class=\"yoast-schema-graph\">{\"@context\":\"https:\/\/schema.org\",\"@graph\":[{\"@type\":\"Article\",\"@id\":\"https:\/\/kapitalis.com\/tunisie\/2021\/01\/22\/tunisie-nouvelle-mesure-pour-les-voyageurs-se-rendant-a-vienne\/#article\",\"isPartOf\":{\"@id\":\"https:\/\/kapitalis.com\/tunisie\/2021\/01\/22\/tunisie-nouvelle-mesure-pour-les-voyageurs-se-rendant-a-vienne\/\"},\"author\":{\"name\":\"Yusra NY\",\"@id\":\"https:\/\/kapitalis.com\/tunisie\/#\/schema\/person\/74bbde0154d49d790a92aaeac5bc01d5\"},\"headline\":\"Tunisie : Nouvelle mesure pour les voyageurs se rendant \u00e0 Vienne\",\"datePublished\":\"2021-01-22T15:15:33+00:00\",\"dateModified\":\"2021-01-22T15:19:17+00:00\",\"mainEntityOfPage\":{\"@id\":\"https:\/\/kapitalis.com\/tunisie\/2021\/01\/22\/tunisie-nouvelle-mesure-pour-les-voyageurs-se-rendant-a-vienne\/\"},\"wordCount\":197,\"commentCount\":0,\"publisher\":{\"@id\":\"https:\/\/kapitalis.com\/tunisie\/#organization\"},\"image\":{\"@id\":\"https:\/\/kapitalis.com\/tunisie\/2021\/01\/22\/tunisie-nouvelle-mesure-pour-les-voyageurs-se-rendant-a-vienne\/#primaryimage\"},\"thumbnailUrl\":\"\",\"keywords\":[\"Coronavirus\",\"FFP2\",\"Tunisair\",\"Tunisie\",\"Vienne\",\"voyageurs\"],\"articleSection\":[\"SOCIETE\",\"Tunisie\"],\"inLanguage\":\"fr-FR\",\"potentialAction\":[{\"@type\":\"CommentAction\",\"name\":\"Comment\",\"target\":[\"https:\/\/kapitalis.com\/tunisie\/2021\/01\/22\/tunisie-nouvelle-mesure-pour-les-voyageurs-se-rendant-a-vienne\/#respond\"]}]},{\"@type\":\"WebPage\",\"@id\":\"https:\/\/kapitalis.com\/tunisie\/2021\/01\/22\/tunisie-nouvelle-mesure-pour-les-voyageurs-se-rendant-a-vienne\/\",\"url\":\"https:\/\/kapitalis.com\/tunisie\/2021\/01\/22\/tunisie-nouvelle-mesure-pour-les-voyageurs-se-rendant-a-vienne\/\",\"name\":\"Tunisie : Nouvelle mesure pour les voyageurs se rendant \u00e0 Vienne - Kapitalis\",\"isPartOf\":{\"@id\":\"https:\/\/kapitalis.com\/tunisie\/#website\"},\"primaryImageOfPage\":{\"@id\":\"https:\/\/kapitalis.com\/tunisie\/2021\/01\/22\/tunisie-nouvelle-mesure-pour-les-voyageurs-se-rendant-a-vienne\/#primaryimage\"},\"image\":{\"@id\":\"https:\/\/kapitalis.com\/tunisie\/2021\/01\/22\/tunisie-nouvelle-mesure-pour-les-voyageurs-se-rendant-a-vienne\/#primaryimage\"},\"thumbnailUrl\":\"\",\"datePublished\":\"2021-01-22T15:15:33+00:00\",\"dateModified\":\"2021-01-22T15:19:17+00:00\",\"breadcrumb\":{\"@id\":\"https:\/\/kapitalis.com\/tunisie\/2021\/01\/22\/tunisie-nouvelle-mesure-pour-les-voyageurs-se-rendant-a-vienne\/#breadcrumb\"},\"inLanguage\":\"fr-FR\",\"potentialAction\":[{\"@type\":\"ReadAction\",\"target\":[\"https:\/\/kapitalis.com\/tunisie\/2021\/01\/22\/tunisie-nouvelle-mesure-pour-les-voyageurs-se-rendant-a-vienne\/\"]}]},{\"@type\":\"ImageObject\",\"inLanguage\":\"fr-FR\",\"@id\":\"https:\/\/kapitalis.com\/tunisie\/2021\/01\/22\/tunisie-nouvelle-mesure-pour-les-voyageurs-se-rendant-a-vienne\/#primaryimage\",\"url\":\"\",\"contentUrl\":\"\"},{\"@type\":\"BreadcrumbList\",\"@id\":\"https:\/\/kapitalis.com\/tunisie\/2021\/01\/22\/tunisie-nouvelle-mesure-pour-les-voyageurs-se-rendant-a-vienne\/#breadcrumb\",\"itemListElement\":[{\"@type\":\"ListItem\",\"position\":1,\"name\":\"Accueil\",\"item\":\"https:\/\/kapitalis.com\/tunisie\/\"},{\"@type\":\"ListItem\",\"position\":2,\"name\":\"Tunisie : Nouvelle mesure pour les voyageurs se rendant \u00e0 Vienne\"}]},{\"@type\":\"WebSite\",\"@id\":\"https:\/\/kapitalis.com\/tunisie\/#website\",\"url\":\"https:\/\/kapitalis.com\/tunisie\/\",\"name\":\"Kapitalis\",\"description\":\"L&#039;actualit\u00e9 en Tunisie et dans le monde\",\"publisher\":{\"@id\":\"https:\/\/kapitalis.com\/tunisie\/#organization\"},\"potentialAction\":[{\"@type\":\"SearchAction\",\"target\":{\"@type\":\"EntryPoint\",\"urlTemplate\":\"https:\/\/kapitalis.com\/tunisie\/?s={search_term_string}\"},\"query-input\":{\"@type\":\"PropertyValueSpecification\",\"valueRequired\":true,\"valueName\":\"search_term_string\"}}],\"inLanguage\":\"fr-FR\"},{\"@type\":\"Organization\",\"@id\":\"https:\/\/kapitalis.com\/tunisie\/#organization\",\"name\":\"Kapitalis\",\"url\":\"https:\/\/kapitalis.com\/tunisie\/\",\"logo\":{\"@type\":\"ImageObject\",\"inLanguage\":\"fr-FR\",\"@id\":\"https:\/\/kapitalis.com\/tunisie\/#\/schema\/logo\/image\/\",\"url\":\"https:\/\/kapitalis.com\/tunisie\/wp-content\/uploads\/2022\/05\/Kapitalis-big-size.png\",\"contentUrl\":\"https:\/\/kapitalis.com\/tunisie\/wp-content\/uploads\/2022\/05\/Kapitalis-big-size.png\",\"width\":5000,\"height\":1500,\"caption\":\"Kapitalis\"},\"image\":{\"@id\":\"https:\/\/kapitalis.com\/tunisie\/#\/schema\/logo\/image\/\"},\"sameAs\":[\"https:\/\/www.facebook.com\/KapitalisInfo\/\",\"https:\/\/x.com\/KapitalisInfo\",\"https:\/\/www.youtube.com\/channel\/UC-yDYrHyfFBWWZaOw3FPg9Q\"]},{\"@type\":\"Person\",\"@id\":\"https:\/\/kapitalis.com\/tunisie\/#\/schema\/person\/74bbde0154d49d790a92aaeac5bc01d5\",\"name\":\"Yusra NY\",\"url\":\"https:\/\/kapitalis.com\/tunisie\/author\/yuza_adam\/\"}]}<\/script>\n<!-- \/ Yoast SEO plugin. -->","yoast_head_json":{"title":"Tunisie : Nouvelle mesure pour les voyageurs se rendant \u00e0 Vienne - Kapitalis","robots":{"index":"index","follow":"follow","max-snippet":"max-snippet:-1","max-image-preview":"max-image-preview:large","max-video-preview":"max-video-preview:-1"},"canonical":"https:\/\/kapitalis.com\/tunisie\/2021\/01\/22\/tunisie-nouvelle-mesure-pour-les-voyageurs-se-rendant-a-vienne\/","og_locale":"fr_FR","og_type":"article","og_title":"Tunisie : Nouvelle mesure pour les voyageurs se rendant \u00e0 Vienne - Kapitalis","og_description":"La compagnie a\u00e9rienne nationale Tunisair a annonc\u00e9, ce vendredi 22 janvier 2021, une nouvelle consigne destin\u00e9es aux voyageurs se rendant \u00e0 Vienne, impos\u00e9e dans ce pays dans le cadre de la lutte contre le coronavirus.","og_url":"https:\/\/kapitalis.com\/tunisie\/2021\/01\/22\/tunisie-nouvelle-mesure-pour-les-voyageurs-se-rendant-a-vienne\/","og_site_name":"Kapitalis","article_publisher":"https:\/\/www.facebook.com\/KapitalisInfo\/","article_published_time":"2021-01-22T15:15:33+00:00","article_modified_time":"2021-01-22T15:19:17+00:00","og_image":[{"width":1200,"height":630,"url":"https:\/\/kapitalis.com\/tunisie\/wp-content\/uploads\/2022\/05\/kapitalis-logo-fb.png","type":"image\/png"}],"author":"Yusra NY","twitter_card":"summary_large_image","twitter_creator":"@KapitalisInfo","twitter_site":"@KapitalisInfo","twitter_misc":{"\u00c9crit par":"Yusra NY","Dur\u00e9e de lecture estim\u00e9e":"1 minute"},"schema":{"@context":"https:\/\/schema.org","@graph":[{"@type":"Article","@id":"https:\/\/kapitalis.com\/tunisie\/2021\/01\/22\/tunisie-nouvelle-mesure-pour-les-voyageurs-se-rendant-a-vienne\/#article","isPartOf":{"@id":"https:\/\/kapitalis.com\/tunisie\/2021\/01\/22\/tunisie-nouvelle-mesure-pour-les-voyageurs-se-rendant-a-vienne\/"},"author":{"name":"Yusra NY","@id":"https:\/\/kapitalis.com\/tunisie\/#\/schema\/person\/74bbde0154d49d790a92aaeac5bc01d5"},"headline":"Tunisie : Nouvelle mesure pour les voyageurs se rendant \u00e0 Vienne","datePublished":"2021-01-22T15:15:33+00:00","dateModified":"2021-01-22T15:19:17+00:00","mainEntityOfPage":{"@id":"https:\/\/kapitalis.com\/tunisie\/2021\/01\/22\/tunisie-nouvelle-mesure-pour-les-voyageurs-se-rendant-a-vienne\/"},"wordCount":197,"commentCount":0,"publisher":{"@id":"https:\/\/kapitalis.com\/tunisie\/#organization"},"image":{"@id":"https:\/\/kapitalis.com\/tunisie\/2021\/01\/22\/tunisie-nouvelle-mesure-pour-les-voyageurs-se-rendant-a-vienne\/#primaryimage"},"thumbnailUrl":"","keywords":["Coronavirus","FFP2","Tunisair","Tunisie","Vienne","voyageurs"],"articleSection":["SOCIETE","Tunisie"],"inLanguage":"fr-FR","potentialAction":[{"@type":"CommentAction","name":"Comment","target":["https:\/\/kapitalis.com\/tunisie\/2021\/01\/22\/tunisie-nouvelle-mesure-pour-les-voyageurs-se-rendant-a-vienne\/#respond"]}]},{"@type":"WebPage","@id":"https:\/\/kapitalis.com\/tunisie\/2021\/01\/22\/tunisie-nouvelle-mesure-pour-les-voyageurs-se-rendant-a-vienne\/","url":"https:\/\/kapitalis.com\/tunisie\/2021\/01\/22\/tunisie-nouvelle-mesure-pour-les-voyageurs-se-rendant-a-vienne\/","name":"Tunisie : Nouvelle mesure pour les voyageurs se rendant \u00e0 Vienne - Kapitalis","isPartOf":{"@id":"https:\/\/kapitalis.com\/tunisie\/#website"},"primaryImageOfPage":{"@id":"https:\/\/kapitalis.com\/tunisie\/2021\/01\/22\/tunisie-nouvelle-mesure-pour-les-voyageurs-se-rendant-a-vienne\/#primaryimage"},"image":{"@id":"https:\/\/kapitalis.com\/tunisie\/2021\/01\/22\/tunisie-nouvelle-mesure-pour-les-voyageurs-se-rendant-a-vienne\/#primaryimage"},"thumbnailUrl":"","datePublished":"2021-01-22T15:15:33+00:00","dateModified":"2021-01-22T15:19:17+00:00","breadcrumb":{"@id":"https:\/\/kapitalis.com\/tunisie\/2021\/01\/22\/tunisie-nouvelle-mesure-pour-les-voyageurs-se-rendant-a-vienne\/#breadcrumb"},"inLanguage":"fr-FR","potentialAction":[{"@type":"ReadAction","target":["https:\/\/kapitalis.com\/tunisie\/2021\/01\/22\/tunisie-nouvelle-mesure-pour-les-voyageurs-se-rendant-a-vienne\/"]}]},{"@type":"ImageObject","inLanguage":"fr-FR","@id":"https:\/\/kapitalis.com\/tunisie\/2021\/01\/22\/tunisie-nouvelle-mesure-pour-les-voyageurs-se-rendant-a-vienne\/#primaryimage","url":"","contentUrl":""},{"@type":"BreadcrumbList","@id":"https:\/\/kapitalis.com\/tunisie\/2021\/01\/22\/tunisie-nouvelle-mesure-pour-les-voyageurs-se-rendant-a-vienne\/#breadcrumb","itemListElement":[{"@type":"ListItem","position":1,"name":"Accueil","item":"https:\/\/kapitalis.com\/tunisie\/"},{"@type":"ListItem","position":2,"name":"Tunisie : Nouvelle mesure pour les voyageurs se rendant \u00e0 Vienne"}]},{"@type":"WebSite","@id":"https:\/\/kapitalis.com\/tunisie\/#website","url":"https:\/\/kapitalis.com\/tunisie\/","name":"Kapitalis","description":"L&#039;actualit\u00e9 en Tunisie et dans le monde","publisher":{"@id":"https:\/\/kapitalis.com\/tunisie\/#organization"},"potentialAction":[{"@type":"SearchAction","target":{"@type":"EntryPoint","urlTemplate":"https:\/\/kapitalis.com\/tunisie\/?s={search_term_string}"},"query-input":{"@type":"PropertyValueSpecification","valueRequired":true,"valueName":"search_term_string"}}],"inLanguage":"fr-FR"},{"@type":"Organization","@id":"https:\/\/kapitalis.com\/tunisie\/#organization","name":"Kapitalis","url":"https:\/\/kapitalis.com\/tunisie\/","logo":{"@type":"ImageObject","inLanguage":"fr-FR","@id":"https:\/\/kapitalis.com\/tunisie\/#\/schema\/logo\/image\/","url":"https:\/\/kapitalis.com\/tunisie\/wp-content\/uploads\/2022\/05\/Kapitalis-big-size.png","contentUrl":"https:\/\/kapitalis.com\/tunisie\/wp-content\/uploads\/2022\/05\/Kapitalis-big-size.png","width":5000,"height":1500,"caption":"Kapitalis"},"image":{"@id":"https:\/\/kapitalis.com\/tunisie\/#\/schema\/logo\/image\/"},"sameAs":["https:\/\/www.facebook.com\/KapitalisInfo\/","https:\/\/x.com\/KapitalisInfo","https:\/\/www.youtube.com\/channel\/UC-yDYrHyfFBWWZaOw3FPg9Q"]},{"@type":"Person","@id":"https:\/\/kapitalis.com\/tunisie\/#\/schema\/person\/74bbde0154d49d790a92aaeac5bc01d5","name":"Yusra NY","url":"https:\/\/kapitalis.com\/tunisie\/author\/yuza_adam\/"}]}},"_links":{"self":[{"href":"https:\/\/kapitalis.com\/tunisie\/wp-json\/wp\/v2\/posts\/333116","targetHints":{"allow":["GET"]}}],"collection":[{"href":"https:\/\/kapitalis.com\/tunisie\/wp-json\/wp\/v2\/posts"}],"about":[{"href":"https:\/\/kapitalis.com\/tunisie\/wp-json\/wp\/v2\/types\/post"}],"author":[{"embeddable":true,"href":"https:\/\/kapitalis.com\/tunisie\/wp-json\/wp\/v2\/users\/6"}],"replies":[{"embeddable":true,"href":"https:\/\/kapitalis.com\/tunisie\/wp-json\/wp\/v2\/comments?post=333116"}],"version-history":[{"count":0,"href":"https:\/\/kapitalis.com\/tunisie\/wp-json\/wp\/v2\/posts\/333116\/revisions"}],"wp:featuredmedia":[{"embeddable":true,"href":"https:\/\/kapitalis.com\/tunisie\/wp-json\/wp\/v2\/media\/333118"}],"wp:attachment":[{"href":"https:\/\/kapitalis.com\/tunisie\/wp-json\/wp\/v2\/media?parent=333116"}],"wp:term":[{"taxonomy":"category","embeddable":true,"href":"https:\/\/kapitalis.com\/tunisie\/wp-json\/wp\/v2\/categories?post=333116"},{"taxonomy":"post_tag","embeddable":true,"href":"https:\/\/kapitalis.com\/tunisie\/wp-json\/wp\/v2\/tags?post=333116"}],"curies":[{"name":"wp","href":"https:\/\/api.w.org\/{rel}","templated":true}]}}