{"id":333139,"date":"2021-01-22T20:53:29","date_gmt":"2021-01-22T19:53:29","guid":{"rendered":"http:\/\/kapitalis.com\/tunisie\/?p=333139"},"modified":"2021-01-22T22:06:06","modified_gmt":"2021-01-22T21:06:06","slug":"covid-19-la-barre-des-6-000-deces-franchie-en-tunisie","status":"publish","type":"post","link":"https:\/\/kapitalis.com\/tunisie\/2021\/01\/22\/covid-19-la-barre-des-6-000-deces-franchie-en-tunisie\/","title":{"rendered":"Covid-19 : La barre des 6.000 d\u00e9c\u00e8s franchie en Tunisie"},"content":{"rendered":"\n<figure class=\"wp-block-image size-large\"><img decoding=\"async\" src=\"http:\/\/kapitalis.com\/tunisie\/wp-content\/uploads\/2020\/08\/Ariana-deces-coronavirus.jpg\" alt=\"\" class=\"wp-image-312806\"\/><\/figure>\n\n\n\n<p><strong><em>Depuis la propagation de la pand\u00e9mie en Tunisie, en mars dernier, 6.092 personnes ont succomb\u00e9 au coronavirus, sachant que l&rsquo;on a d\u00e9pist\u00e9 un total de 193.273 contaminations ( sur 802.376 tests), dont 140.180 gu\u00e9risons. On notera que 103 d\u00e9c\u00e8s ont \u00e9t\u00e9 enregistr\u00e9 hier, jeudi 21 janvier 2021, ce qui repr\u00e9sente le nombre le plus \u00e9lev\u00e9 depuis l\u2019apparition de la Covid-19.<\/em><\/strong><\/p>\n\n\n\n<!--more-->\n\n\n\n<p>Dans un communiqu\u00e9 publi\u00e9 dans la soir\u00e9e de ce vendredi 22 janvier 2021, le minist\u00e8re de la Sant\u00e9 a \u00e9galement annonc\u00e9 , le d\u00e9pistage de 2.389 nouveaux cas de coronavirus (sur 7.640 tests), ainsi que 2.720 gu\u00e9risons.<\/p>\n\n\n\n<p>Le rapport relatif \u00e0 l\u2019\u00e9volution de la situation \u00e9pid\u00e9miologique, r\u00e9v\u00e8le aussi une hausse du nombre d&rsquo;hospitalisations : on en compte \u00e0 ce jour 2.077 (contre 2.049, la veille), dont 409 (410) en r\u00e9animation et 140 (141) sous respiration artificielle.<\/p>\n\n\n\n<p class=\"has-text-align-right\"><strong>Y. N.<\/strong><\/p>\n\n\n\n<figure class=\"wp-block-embed is-type-wp-embed is-provider-kapitalis wp-block-embed-kapitalis\"><div class=\"wp-block-embed__wrapper\">\n<blockquote class=\"wp-embedded-content\" data-secret=\"Td3LdlzlCH\"><a href=\"https:\/\/kapitalis.com\/tunisie\/2021\/01\/22\/covid-19-la-tunisie-enregistre-un-record-de-deces-de-nouvelles-mesures-seront-proposees-par-le-comite-scientifique\/\">Covid-19 : La Tunisie enregistre un record de d\u00e9c\u00e8s, de nouvelles mesures seront propos\u00e9es par le comit\u00e9 scientifique<\/a><\/blockquote><iframe loading=\"lazy\" class=\"wp-embedded-content\" sandbox=\"allow-scripts\" security=\"restricted\" style=\"position: absolute; clip: rect(1px, 1px, 1px, 1px);\" title=\"\u00ab\u00a0Covid-19 : La Tunisie enregistre un record de d\u00e9c\u00e8s, de nouvelles mesures seront propos\u00e9es par le comit\u00e9 scientifique\u00a0\u00bb &#8212; Kapitalis\" src=\"https:\/\/kapitalis.com\/tunisie\/2021\/01\/22\/covid-19-la-tunisie-enregistre-un-record-de-deces-de-nouvelles-mesures-seront-proposees-par-le-comite-scientifique\/embed\/#?secret=34sYBmuNwN#?secret=Td3LdlzlCH\" data-secret=\"Td3LdlzlCH\" width=\"600\" height=\"338\" frameborder=\"0\" marginwidth=\"0\" marginheight=\"0\" scrolling=\"no\"><\/iframe>\n<\/div><\/figure>\n","protected":false},"excerpt":{"rendered":"<p>Depuis la propagation de la pand\u00e9mie en Tunisie, en mars dernier, 6.092 personnes ont succomb\u00e9 au coronavirus, sachant que l&rsquo;on a d\u00e9pist\u00e9 un total de 193.273 contaminations ( sur 802.376 tests), dont 140.180 gu\u00e9risons. On notera que 103 d\u00e9c\u00e8s ont \u00e9t\u00e9 enregistr\u00e9 hier, jeudi 21 janvier 2021, ce qui repr\u00e9sente le nombre le plus \u00e9lev\u00e9&#8230;<\/p>\n","protected":false},"author":6,"featured_media":0,"comment_status":"open","ping_status":"open","sticky":false,"template":"","format":"standard","meta":{"footnotes":""},"categories":[998,2433],"tags":[76446,73060,64263,76242,62643],"class_list":["post-333139","post","type-post","status-publish","format-standard","hentry","category-societe","category-tunisie","tag-contaminations","tag-coronavirus","tag-deces","tag-pandemie","tag-tunisie"],"yoast_head":"<!-- This site is optimized with the Yoast SEO plugin v26.6 - https:\/\/yoast.com\/wordpress\/plugins\/seo\/ -->\n<title>Covid-19 : La barre des 6.000 d\u00e9c\u00e8s franchie en Tunisie - Kapitalis<\/title>\n<meta name=\"robots\" content=\"index, follow, max-snippet:-1, max-image-preview:large, max-video-preview:-1\" \/>\n<link rel=\"canonical\" href=\"https:\/\/kapitalis.com\/tunisie\/2021\/01\/22\/covid-19-la-barre-des-6-000-deces-franchie-en-tunisie\/\" \/>\n<meta property=\"og:locale\" content=\"fr_FR\" \/>\n<meta property=\"og:type\" content=\"article\" \/>\n<meta property=\"og:title\" content=\"Covid-19 : La barre des 6.000 d\u00e9c\u00e8s franchie en Tunisie - Kapitalis\" \/>\n<meta property=\"og:description\" content=\"Depuis la propagation de la pand\u00e9mie en Tunisie, en mars dernier, 6.092 personnes ont succomb\u00e9 au coronavirus, sachant que l&rsquo;on a d\u00e9pist\u00e9 un total de 193.273 contaminations ( sur 802.376 tests), dont 140.180 gu\u00e9risons. On notera que 103 d\u00e9c\u00e8s ont \u00e9t\u00e9 enregistr\u00e9 hier, jeudi 21 janvier 2021, ce qui repr\u00e9sente le nombre le plus \u00e9lev\u00e9...\" \/>\n<meta property=\"og:url\" content=\"https:\/\/kapitalis.com\/tunisie\/2021\/01\/22\/covid-19-la-barre-des-6-000-deces-franchie-en-tunisie\/\" \/>\n<meta property=\"og:site_name\" content=\"Kapitalis\" \/>\n<meta property=\"article:publisher\" content=\"https:\/\/www.facebook.com\/KapitalisInfo\/\" \/>\n<meta property=\"article:published_time\" content=\"2021-01-22T19:53:29+00:00\" \/>\n<meta property=\"article:modified_time\" content=\"2021-01-22T21:06:06+00:00\" \/>\n<meta property=\"og:image\" content=\"http:\/\/kapitalis.com\/tunisie\/wp-content\/uploads\/2020\/08\/Ariana-deces-coronavirus.jpg\" \/>\n<meta name=\"author\" content=\"Yusra NY\" \/>\n<meta name=\"twitter:card\" content=\"summary_large_image\" \/>\n<meta name=\"twitter:creator\" content=\"@KapitalisInfo\" \/>\n<meta name=\"twitter:site\" content=\"@KapitalisInfo\" \/>\n<meta name=\"twitter:label1\" content=\"\u00c9crit par\" \/>\n\t<meta name=\"twitter:data1\" content=\"Yusra NY\" \/>\n\t<meta name=\"twitter:label2\" content=\"Dur\u00e9e de lecture estim\u00e9e\" \/>\n\t<meta name=\"twitter:data2\" content=\"1 minute\" \/>\n<script type=\"application\/ld+json\" class=\"yoast-schema-graph\">{\"@context\":\"https:\/\/schema.org\",\"@graph\":[{\"@type\":\"Article\",\"@id\":\"https:\/\/kapitalis.com\/tunisie\/2021\/01\/22\/covid-19-la-barre-des-6-000-deces-franchie-en-tunisie\/#article\",\"isPartOf\":{\"@id\":\"https:\/\/kapitalis.com\/tunisie\/2021\/01\/22\/covid-19-la-barre-des-6-000-deces-franchie-en-tunisie\/\"},\"author\":{\"name\":\"Yusra NY\",\"@id\":\"https:\/\/kapitalis.com\/tunisie\/#\/schema\/person\/74bbde0154d49d790a92aaeac5bc01d5\"},\"headline\":\"Covid-19 : La barre des 6.000 d\u00e9c\u00e8s franchie en Tunisie\",\"datePublished\":\"2021-01-22T19:53:29+00:00\",\"dateModified\":\"2021-01-22T21:06:06+00:00\",\"mainEntityOfPage\":{\"@id\":\"https:\/\/kapitalis.com\/tunisie\/2021\/01\/22\/covid-19-la-barre-des-6-000-deces-franchie-en-tunisie\/\"},\"wordCount\":147,\"commentCount\":0,\"publisher\":{\"@id\":\"https:\/\/kapitalis.com\/tunisie\/#organization\"},\"image\":{\"@id\":\"https:\/\/kapitalis.com\/tunisie\/2021\/01\/22\/covid-19-la-barre-des-6-000-deces-franchie-en-tunisie\/#primaryimage\"},\"thumbnailUrl\":\"http:\/\/kapitalis.com\/tunisie\/wp-content\/uploads\/2020\/08\/Ariana-deces-coronavirus.jpg\",\"keywords\":[\"contaminations\",\"Coronavirus\",\"d\u00e9c\u00e8s\",\"pand\u00e9mie\",\"Tunisie\"],\"articleSection\":[\"SOCIETE\",\"Tunisie\"],\"inLanguage\":\"fr-FR\",\"potentialAction\":[{\"@type\":\"CommentAction\",\"name\":\"Comment\",\"target\":[\"https:\/\/kapitalis.com\/tunisie\/2021\/01\/22\/covid-19-la-barre-des-6-000-deces-franchie-en-tunisie\/#respond\"]}]},{\"@type\":\"WebPage\",\"@id\":\"https:\/\/kapitalis.com\/tunisie\/2021\/01\/22\/covid-19-la-barre-des-6-000-deces-franchie-en-tunisie\/\",\"url\":\"https:\/\/kapitalis.com\/tunisie\/2021\/01\/22\/covid-19-la-barre-des-6-000-deces-franchie-en-tunisie\/\",\"name\":\"Covid-19 : La barre des 6.000 d\u00e9c\u00e8s franchie en Tunisie - Kapitalis\",\"isPartOf\":{\"@id\":\"https:\/\/kapitalis.com\/tunisie\/#website\"},\"primaryImageOfPage\":{\"@id\":\"https:\/\/kapitalis.com\/tunisie\/2021\/01\/22\/covid-19-la-barre-des-6-000-deces-franchie-en-tunisie\/#primaryimage\"},\"image\":{\"@id\":\"https:\/\/kapitalis.com\/tunisie\/2021\/01\/22\/covid-19-la-barre-des-6-000-deces-franchie-en-tunisie\/#primaryimage\"},\"thumbnailUrl\":\"http:\/\/kapitalis.com\/tunisie\/wp-content\/uploads\/2020\/08\/Ariana-deces-coronavirus.jpg\",\"datePublished\":\"2021-01-22T19:53:29+00:00\",\"dateModified\":\"2021-01-22T21:06:06+00:00\",\"breadcrumb\":{\"@id\":\"https:\/\/kapitalis.com\/tunisie\/2021\/01\/22\/covid-19-la-barre-des-6-000-deces-franchie-en-tunisie\/#breadcrumb\"},\"inLanguage\":\"fr-FR\",\"potentialAction\":[{\"@type\":\"ReadAction\",\"target\":[\"https:\/\/kapitalis.com\/tunisie\/2021\/01\/22\/covid-19-la-barre-des-6-000-deces-franchie-en-tunisie\/\"]}]},{\"@type\":\"ImageObject\",\"inLanguage\":\"fr-FR\",\"@id\":\"https:\/\/kapitalis.com\/tunisie\/2021\/01\/22\/covid-19-la-barre-des-6-000-deces-franchie-en-tunisie\/#primaryimage\",\"url\":\"\",\"contentUrl\":\"\"},{\"@type\":\"BreadcrumbList\",\"@id\":\"https:\/\/kapitalis.com\/tunisie\/2021\/01\/22\/covid-19-la-barre-des-6-000-deces-franchie-en-tunisie\/#breadcrumb\",\"itemListElement\":[{\"@type\":\"ListItem\",\"position\":1,\"name\":\"Accueil\",\"item\":\"https:\/\/kapitalis.com\/tunisie\/\"},{\"@type\":\"ListItem\",\"position\":2,\"name\":\"Covid-19 : La barre des 6.000 d\u00e9c\u00e8s franchie en Tunisie\"}]},{\"@type\":\"WebSite\",\"@id\":\"https:\/\/kapitalis.com\/tunisie\/#website\",\"url\":\"https:\/\/kapitalis.com\/tunisie\/\",\"name\":\"Kapitalis\",\"description\":\"L&#039;actualit\u00e9 en Tunisie et dans le monde\",\"publisher\":{\"@id\":\"https:\/\/kapitalis.com\/tunisie\/#organization\"},\"potentialAction\":[{\"@type\":\"SearchAction\",\"target\":{\"@type\":\"EntryPoint\",\"urlTemplate\":\"https:\/\/kapitalis.com\/tunisie\/?s={search_term_string}\"},\"query-input\":{\"@type\":\"PropertyValueSpecification\",\"valueRequired\":true,\"valueName\":\"search_term_string\"}}],\"inLanguage\":\"fr-FR\"},{\"@type\":\"Organization\",\"@id\":\"https:\/\/kapitalis.com\/tunisie\/#organization\",\"name\":\"Kapitalis\",\"url\":\"https:\/\/kapitalis.com\/tunisie\/\",\"logo\":{\"@type\":\"ImageObject\",\"inLanguage\":\"fr-FR\",\"@id\":\"https:\/\/kapitalis.com\/tunisie\/#\/schema\/logo\/image\/\",\"url\":\"https:\/\/kapitalis.com\/tunisie\/wp-content\/uploads\/2022\/05\/Kapitalis-big-size.png\",\"contentUrl\":\"https:\/\/kapitalis.com\/tunisie\/wp-content\/uploads\/2022\/05\/Kapitalis-big-size.png\",\"width\":5000,\"height\":1500,\"caption\":\"Kapitalis\"},\"image\":{\"@id\":\"https:\/\/kapitalis.com\/tunisie\/#\/schema\/logo\/image\/\"},\"sameAs\":[\"https:\/\/www.facebook.com\/KapitalisInfo\/\",\"https:\/\/x.com\/KapitalisInfo\",\"https:\/\/www.youtube.com\/channel\/UC-yDYrHyfFBWWZaOw3FPg9Q\"]},{\"@type\":\"Person\",\"@id\":\"https:\/\/kapitalis.com\/tunisie\/#\/schema\/person\/74bbde0154d49d790a92aaeac5bc01d5\",\"name\":\"Yusra NY\",\"url\":\"https:\/\/kapitalis.com\/tunisie\/author\/yuza_adam\/\"}]}<\/script>\n<!-- \/ Yoast SEO plugin. -->","yoast_head_json":{"title":"Covid-19 : La barre des 6.000 d\u00e9c\u00e8s franchie en Tunisie - Kapitalis","robots":{"index":"index","follow":"follow","max-snippet":"max-snippet:-1","max-image-preview":"max-image-preview:large","max-video-preview":"max-video-preview:-1"},"canonical":"https:\/\/kapitalis.com\/tunisie\/2021\/01\/22\/covid-19-la-barre-des-6-000-deces-franchie-en-tunisie\/","og_locale":"fr_FR","og_type":"article","og_title":"Covid-19 : La barre des 6.000 d\u00e9c\u00e8s franchie en Tunisie - Kapitalis","og_description":"Depuis la propagation de la pand\u00e9mie en Tunisie, en mars dernier, 6.092 personnes ont succomb\u00e9 au coronavirus, sachant que l&rsquo;on a d\u00e9pist\u00e9 un total de 193.273 contaminations ( sur 802.376 tests), dont 140.180 gu\u00e9risons. On notera que 103 d\u00e9c\u00e8s ont \u00e9t\u00e9 enregistr\u00e9 hier, jeudi 21 janvier 2021, ce qui repr\u00e9sente le nombre le plus \u00e9lev\u00e9...","og_url":"https:\/\/kapitalis.com\/tunisie\/2021\/01\/22\/covid-19-la-barre-des-6-000-deces-franchie-en-tunisie\/","og_site_name":"Kapitalis","article_publisher":"https:\/\/www.facebook.com\/KapitalisInfo\/","article_published_time":"2021-01-22T19:53:29+00:00","article_modified_time":"2021-01-22T21:06:06+00:00","og_image":[{"url":"http:\/\/kapitalis.com\/tunisie\/wp-content\/uploads\/2020\/08\/Ariana-deces-coronavirus.jpg","type":"","width":"","height":""}],"author":"Yusra NY","twitter_card":"summary_large_image","twitter_creator":"@KapitalisInfo","twitter_site":"@KapitalisInfo","twitter_misc":{"\u00c9crit par":"Yusra NY","Dur\u00e9e de lecture estim\u00e9e":"1 minute"},"schema":{"@context":"https:\/\/schema.org","@graph":[{"@type":"Article","@id":"https:\/\/kapitalis.com\/tunisie\/2021\/01\/22\/covid-19-la-barre-des-6-000-deces-franchie-en-tunisie\/#article","isPartOf":{"@id":"https:\/\/kapitalis.com\/tunisie\/2021\/01\/22\/covid-19-la-barre-des-6-000-deces-franchie-en-tunisie\/"},"author":{"name":"Yusra NY","@id":"https:\/\/kapitalis.com\/tunisie\/#\/schema\/person\/74bbde0154d49d790a92aaeac5bc01d5"},"headline":"Covid-19 : La barre des 6.000 d\u00e9c\u00e8s franchie en Tunisie","datePublished":"2021-01-22T19:53:29+00:00","dateModified":"2021-01-22T21:06:06+00:00","mainEntityOfPage":{"@id":"https:\/\/kapitalis.com\/tunisie\/2021\/01\/22\/covid-19-la-barre-des-6-000-deces-franchie-en-tunisie\/"},"wordCount":147,"commentCount":0,"publisher":{"@id":"https:\/\/kapitalis.com\/tunisie\/#organization"},"image":{"@id":"https:\/\/kapitalis.com\/tunisie\/2021\/01\/22\/covid-19-la-barre-des-6-000-deces-franchie-en-tunisie\/#primaryimage"},"thumbnailUrl":"http:\/\/kapitalis.com\/tunisie\/wp-content\/uploads\/2020\/08\/Ariana-deces-coronavirus.jpg","keywords":["contaminations","Coronavirus","d\u00e9c\u00e8s","pand\u00e9mie","Tunisie"],"articleSection":["SOCIETE","Tunisie"],"inLanguage":"fr-FR","potentialAction":[{"@type":"CommentAction","name":"Comment","target":["https:\/\/kapitalis.com\/tunisie\/2021\/01\/22\/covid-19-la-barre-des-6-000-deces-franchie-en-tunisie\/#respond"]}]},{"@type":"WebPage","@id":"https:\/\/kapitalis.com\/tunisie\/2021\/01\/22\/covid-19-la-barre-des-6-000-deces-franchie-en-tunisie\/","url":"https:\/\/kapitalis.com\/tunisie\/2021\/01\/22\/covid-19-la-barre-des-6-000-deces-franchie-en-tunisie\/","name":"Covid-19 : La barre des 6.000 d\u00e9c\u00e8s franchie en Tunisie - Kapitalis","isPartOf":{"@id":"https:\/\/kapitalis.com\/tunisie\/#website"},"primaryImageOfPage":{"@id":"https:\/\/kapitalis.com\/tunisie\/2021\/01\/22\/covid-19-la-barre-des-6-000-deces-franchie-en-tunisie\/#primaryimage"},"image":{"@id":"https:\/\/kapitalis.com\/tunisie\/2021\/01\/22\/covid-19-la-barre-des-6-000-deces-franchie-en-tunisie\/#primaryimage"},"thumbnailUrl":"http:\/\/kapitalis.com\/tunisie\/wp-content\/uploads\/2020\/08\/Ariana-deces-coronavirus.jpg","datePublished":"2021-01-22T19:53:29+00:00","dateModified":"2021-01-22T21:06:06+00:00","breadcrumb":{"@id":"https:\/\/kapitalis.com\/tunisie\/2021\/01\/22\/covid-19-la-barre-des-6-000-deces-franchie-en-tunisie\/#breadcrumb"},"inLanguage":"fr-FR","potentialAction":[{"@type":"ReadAction","target":["https:\/\/kapitalis.com\/tunisie\/2021\/01\/22\/covid-19-la-barre-des-6-000-deces-franchie-en-tunisie\/"]}]},{"@type":"ImageObject","inLanguage":"fr-FR","@id":"https:\/\/kapitalis.com\/tunisie\/2021\/01\/22\/covid-19-la-barre-des-6-000-deces-franchie-en-tunisie\/#primaryimage","url":"","contentUrl":""},{"@type":"BreadcrumbList","@id":"https:\/\/kapitalis.com\/tunisie\/2021\/01\/22\/covid-19-la-barre-des-6-000-deces-franchie-en-tunisie\/#breadcrumb","itemListElement":[{"@type":"ListItem","position":1,"name":"Accueil","item":"https:\/\/kapitalis.com\/tunisie\/"},{"@type":"ListItem","position":2,"name":"Covid-19 : La barre des 6.000 d\u00e9c\u00e8s franchie en Tunisie"}]},{"@type":"WebSite","@id":"https:\/\/kapitalis.com\/tunisie\/#website","url":"https:\/\/kapitalis.com\/tunisie\/","name":"Kapitalis","description":"L&#039;actualit\u00e9 en Tunisie et dans le monde","publisher":{"@id":"https:\/\/kapitalis.com\/tunisie\/#organization"},"potentialAction":[{"@type":"SearchAction","target":{"@type":"EntryPoint","urlTemplate":"https:\/\/kapitalis.com\/tunisie\/?s={search_term_string}"},"query-input":{"@type":"PropertyValueSpecification","valueRequired":true,"valueName":"search_term_string"}}],"inLanguage":"fr-FR"},{"@type":"Organization","@id":"https:\/\/kapitalis.com\/tunisie\/#organization","name":"Kapitalis","url":"https:\/\/kapitalis.com\/tunisie\/","logo":{"@type":"ImageObject","inLanguage":"fr-FR","@id":"https:\/\/kapitalis.com\/tunisie\/#\/schema\/logo\/image\/","url":"https:\/\/kapitalis.com\/tunisie\/wp-content\/uploads\/2022\/05\/Kapitalis-big-size.png","contentUrl":"https:\/\/kapitalis.com\/tunisie\/wp-content\/uploads\/2022\/05\/Kapitalis-big-size.png","width":5000,"height":1500,"caption":"Kapitalis"},"image":{"@id":"https:\/\/kapitalis.com\/tunisie\/#\/schema\/logo\/image\/"},"sameAs":["https:\/\/www.facebook.com\/KapitalisInfo\/","https:\/\/x.com\/KapitalisInfo","https:\/\/www.youtube.com\/channel\/UC-yDYrHyfFBWWZaOw3FPg9Q"]},{"@type":"Person","@id":"https:\/\/kapitalis.com\/tunisie\/#\/schema\/person\/74bbde0154d49d790a92aaeac5bc01d5","name":"Yusra NY","url":"https:\/\/kapitalis.com\/tunisie\/author\/yuza_adam\/"}]}},"_links":{"self":[{"href":"https:\/\/kapitalis.com\/tunisie\/wp-json\/wp\/v2\/posts\/333139","targetHints":{"allow":["GET"]}}],"collection":[{"href":"https:\/\/kapitalis.com\/tunisie\/wp-json\/wp\/v2\/posts"}],"about":[{"href":"https:\/\/kapitalis.com\/tunisie\/wp-json\/wp\/v2\/types\/post"}],"author":[{"embeddable":true,"href":"https:\/\/kapitalis.com\/tunisie\/wp-json\/wp\/v2\/users\/6"}],"replies":[{"embeddable":true,"href":"https:\/\/kapitalis.com\/tunisie\/wp-json\/wp\/v2\/comments?post=333139"}],"version-history":[{"count":0,"href":"https:\/\/kapitalis.com\/tunisie\/wp-json\/wp\/v2\/posts\/333139\/revisions"}],"wp:attachment":[{"href":"https:\/\/kapitalis.com\/tunisie\/wp-json\/wp\/v2\/media?parent=333139"}],"wp:term":[{"taxonomy":"category","embeddable":true,"href":"https:\/\/kapitalis.com\/tunisie\/wp-json\/wp\/v2\/categories?post=333139"},{"taxonomy":"post_tag","embeddable":true,"href":"https:\/\/kapitalis.com\/tunisie\/wp-json\/wp\/v2\/tags?post=333139"}],"curies":[{"name":"wp","href":"https:\/\/api.w.org\/{rel}","templated":true}]}}