{"id":33343,"date":"2016-01-05T17:24:42","date_gmt":"2016-01-05T16:24:42","guid":{"rendered":"http:\/\/kapitalis.com\/tunisie\/?p=33343"},"modified":"2016-01-05T17:24:42","modified_gmt":"2016-01-05T16:24:42","slug":"a-el-teatro-bik-n3ich-ou-la-liberte-sous-surveillance","status":"publish","type":"post","link":"https:\/\/kapitalis.com\/tunisie\/2016\/01\/05\/a-el-teatro-bik-n3ich-ou-la-liberte-sous-surveillance\/","title":{"rendered":"A El-Teatro : \u2018\u2018Bik n3ich\u2019\u2019 ou la libert\u00e9 sous surveillance"},"content":{"rendered":"<p><img loading=\"lazy\" decoding=\"async\" class=\"alignnone size-full wp-image-33344 aligncenter\" src=\"http:\/\/kapitalis.com\/tunisie\/wp-content\/uploads\/2016\/01\/Bik-n3ich.jpg\" alt=\"Bik-n3ich\" width=\"626\" height=\"380\" \/><\/p>\n<p><em><strong>La premi\u00e8re de \u2018\u2018Bik n3ich\u2019\u2019 (De toi, je vis) a \u00e9t\u00e9 donn\u00e9e, le jeudi 24 d\u00e9cembre 2015, \u00e0 l\u2019espace El-Teatro, en pr\u00e9sence d\u2019un grand nombre d\u2019amoureux du 4e art.<\/strong><\/em><\/p>\n<p>Par <strong>Fawz Ben Ali<\/strong><\/p>\n<p><!--more--><\/p>\n<p>Le premier cycle de pr\u00e9sentations de ce monodrame, mis en sc\u00e8ne par Naoufel Azara, jou\u00e9 par Hassen El-Gharbi et \u00e9crit par les deux artistes, a d\u2019ailleurs \u00e9t\u00e9 donn\u00e9 dans ce m\u00eame espace.<\/p>\n<p><strong>Un tandem de talent <\/strong><\/p>\n<p>Acteur, dramaturge et metteur en sc\u00e8ne, Naoufel Azara nous a habitu\u00e9s \u00e0 des textes forts, toujours ancr\u00e9s dans l\u2019actualit\u00e9, et des mises en sc\u00e8nes finement \u00e9labor\u00e9es, comme en t\u00e9moignent ses nombreuses cr\u00e9ations tels que <em>\u2018\u2018Si&#8230; Da m\u2019\u00e9tait cont\u00e9\u2019\u2019<\/em> (2010), <em>\u2018\u2018Lettre \u00e0 mon seigneur\u2019\u2019<\/em> (2011), <em>\u2018\u2018Cherche Saadia d\u00e9sesp\u00e9r\u00e9ment\u2019\u2019<\/em> (2012). Un talent et des succ\u00e8s qui lui ont permis de collaborer avec les plus grandes figures du th\u00e9\u00e2tre tunisien comme Taoufik Jebali dans <em>\u2018\u2018L\u2019isoloir\u2019\u2019<\/em> et<em> \u2018\u2018Danse avec le singe\u2019\u2019<\/em>.<\/p>\n<p style=\"text-align: center;\"><img loading=\"lazy\" decoding=\"async\" class=\"alignnone size-full wp-image-33349\" src=\"http:\/\/kapitalis.com\/tunisie\/wp-content\/uploads\/2016\/01\/Hassen-El-Gharbi-2.jpg\" alt=\"Hassen-El-Gharbi-2\" width=\"500\" height=\"350\" \/><\/p>\n<p style=\"text-align: center;\"><em>Hassen El Gharbi (Ph. Fawz Ben Ali). <\/em><\/p>\n<p>Pour sa derni\u00e8re cr\u00e9ation, Naoufel Azara a mis\u00e9 sur un jeune acteur qu\u2019il a form\u00e9 lui-m\u00eame dans le cadre des formations d\u2019art dramatique \u00e0 l\u2019espace El-Teatro. <em>\u00abHassen El Gharbi a \u00e9t\u00e9 choisi pour son talent mais aussi pour son imagination, son intelligence et sa modestie\u00bb,<\/em> explique Naoufel Azara.<\/p>\n<p>D\u2019ailleurs Hassen El-Gharbi a \u00e9t\u00e9 \u00e0 la hauteur de ce challenge, celui de porter le monodrame durant un peu plus d\u2019une heure et demie, sans temps mort, g\u00e9rant l\u2019espace gr\u00e2ce \u00e0 une belle pr\u00e9sence sc\u00e9nique, une grande technicit\u00e9 et une \u00e9nergie d\u00e9bordante. Agile dans sa gestuelle et expressif dans ses regards, Hassen El-Gharbi porte en lui tous les visages de ce pays avec un humour et un charisme saisissants.<\/p>\n<p style=\"text-align: center;\"><img loading=\"lazy\" decoding=\"async\" class=\"alignnone size-full wp-image-33350\" src=\"http:\/\/kapitalis.com\/tunisie\/wp-content\/uploads\/2016\/01\/Hassen-El-Gharbi-3.jpg\" alt=\"Hassen-El-Gharbi-3\" width=\"500\" height=\"350\" \/><\/p>\n<p style=\"text-align: center;\"><em> Les tribulations d&rsquo;un revenant confront\u00e9 \u00e0 une r\u00e9alit\u00e9 aust\u00e8re et intraitable (Ph. Fawz Ben Ali).<\/em><\/p>\n<p><strong>L\u2019impossible int\u00e9gration<\/strong><\/p>\n<p>Apr\u00e8s une expatriation de vingt ans durant lesquels il a v\u00e9cu en tant qu\u2019artiste de cabaret et acteur de cin\u00e9ma, le personnage central de la pi\u00e8ce d\u00e9cide de rentrer \u00e0 son pays natal, \u00ab<em>le pays des merveilles<\/em>\u00bb, dit-il, portant en lui le r\u00eave de changer la r\u00e9alit\u00e9 et les mentalit\u00e9s gr\u00e2ce \u00e0 un projet soci\u00e9tal moderne et progressiste en vue d\u2019un monde meilleur, un projet aliment\u00e9 simplement par son imagination qu\u2019il consid\u00e8re la cl\u00e9 de toute r\u00e9ussite, citant Marquis de Sade: <em>\u00abLe bonheur des hommes est dans l\u2019imagination\u00bb<\/em>.<\/p>\n<p>Cependant, d\u00e8s son arriv\u00e9e \u00e0 l\u2019a\u00e9roport, il est re\u00e7u par \u00ab<em>La Haute Instance des R\u00e9fugi\u00e9s et Retourn\u00e9s<\/em>\u00bb qui lui fait subir un test d\u2019int\u00e9gration afin de s\u2019assurer que la personnalit\u00e9 et les pens\u00e9es de ce nouvel arriv\u00e9 soient bien adapt\u00e9es \u00e0 la r\u00e9alit\u00e9 nationale. Le test est r\u00e9ussi, Hassen est laiss\u00e9 en libert\u00e9 mais sous surveillance. C\u2019est alors que commencent les tribulations du personnage qui se trouve confront\u00e9 \u00e0 une r\u00e9alit\u00e9 aust\u00e8re et intraitable o\u00f9 tout le monde est hostile \u00e0 son projet.<\/p>\n<p>Le spectateur se trouve d\u00e8s lors dans des situations tragi-comiques avec le personnage, qui, entre humour et gravit\u00e9, essaie tant bien que mal de s\u2019en sortir. On en rit mais on r\u00e9fl\u00e9chit aussi beaucoup sur notre pr\u00e9sent qui se dessine devant nous dans toute sa grossi\u00e8ret\u00e9.<\/p>\n<p style=\"text-align: center;\"><img loading=\"lazy\" decoding=\"async\" class=\"alignnone size-full wp-image-33351\" src=\"http:\/\/kapitalis.com\/tunisie\/wp-content\/uploads\/2016\/01\/Hassen-El-Gharbi-4.jpg\" alt=\"Hassen-El-Gharbi-4\" width=\"500\" height=\"350\" \/><\/p>\n<p style=\"text-align: center;\"><em>Situations tragi-comiques avec un personnage tiraill\u00e9 entre humour et gravit\u00e9.<\/em><\/p>\n<p>Apr\u00e8s un long combat d\u2019int\u00e9gration dans son nouvel environnement aussi bien \u00e9trange qu\u2019\u00e9tranger, Hassen prend conscience du degr\u00e9 de son d\u00e9racinement et de son ali\u00e9nation, se rendant \u00e0 l\u2019\u00e9vidence de son \u00e9chec, il crie alors de toutes ses forces : \u00ab<em>J\u2019abandonne, j\u2019abandonne!\u00bb<\/em>.<\/p>\n<p><em>\u2018\u2018Bik n3ich\u2019\u2019<\/em> est une r\u00e9flexion sur l\u2019humanit\u00e9 \u00e0 port\u00e9e locale, mettant encore et toujours en \u00e9vidence le r\u00f4le que joue le th\u00e9\u00e2tre dans tout combat citoyen.<\/p>\n<p>Un moment de pur bonheur th\u00e9\u00e2tral nous est offert par l\u2019auteur et metteur en sc\u00e8ne Naoufel Azara et le jeune com\u00e9dien prometteur Hassen El-Gharbi.<\/p>\n","protected":false},"excerpt":{"rendered":"<p>La premi\u00e8re de \u2018\u2018Bik n3ich\u2019\u2019 (De toi, je vis) a \u00e9t\u00e9 donn\u00e9e, le jeudi 24 d\u00e9cembre 2015, \u00e0 l\u2019espace El-Teatro, en pr\u00e9sence d\u2019un grand nombre d\u2019amoureux du 4e art. Par Fawz Ben Ali<\/p>\n","protected":false},"author":8,"featured_media":33344,"comment_status":"open","ping_status":"open","sticky":false,"template":"","format":"standard","meta":{"footnotes":""},"categories":[992,994,2433],"tags":[7435],"class_list":["post-33343","post","type-post","status-publish","format-standard","has-post-thumbnail","hentry","category-a-la-une","category-culture","category-tunisie","tag-el-teatro"],"yoast_head":"<!-- This site is optimized with the Yoast SEO plugin v26.6 - https:\/\/yoast.com\/wordpress\/plugins\/seo\/ -->\n<title>A El-Teatro : \u2018\u2018Bik n3ich\u2019\u2019 ou la libert\u00e9 sous surveillance - Kapitalis<\/title>\n<meta name=\"robots\" content=\"index, follow, max-snippet:-1, max-image-preview:large, max-video-preview:-1\" \/>\n<link rel=\"canonical\" href=\"https:\/\/kapitalis.com\/tunisie\/2016\/01\/05\/a-el-teatro-bik-n3ich-ou-la-liberte-sous-surveillance\/\" \/>\n<meta property=\"og:locale\" content=\"fr_FR\" \/>\n<meta property=\"og:type\" content=\"article\" \/>\n<meta property=\"og:title\" content=\"A El-Teatro : \u2018\u2018Bik n3ich\u2019\u2019 ou la libert\u00e9 sous surveillance - Kapitalis\" \/>\n<meta property=\"og:description\" content=\"La premi\u00e8re de \u2018\u2018Bik n3ich\u2019\u2019 (De toi, je vis) a \u00e9t\u00e9 donn\u00e9e, le jeudi 24 d\u00e9cembre 2015, \u00e0 l\u2019espace El-Teatro, en pr\u00e9sence d\u2019un grand nombre d\u2019amoureux du 4e art. Par Fawz Ben Ali\" \/>\n<meta property=\"og:url\" content=\"https:\/\/kapitalis.com\/tunisie\/2016\/01\/05\/a-el-teatro-bik-n3ich-ou-la-liberte-sous-surveillance\/\" \/>\n<meta property=\"og:site_name\" content=\"Kapitalis\" \/>\n<meta property=\"article:publisher\" content=\"https:\/\/www.facebook.com\/KapitalisInfo\/\" \/>\n<meta property=\"article:published_time\" content=\"2016-01-05T16:24:42+00:00\" \/>\n<meta property=\"og:image\" content=\"https:\/\/kapitalis.com\/tunisie\/wp-content\/uploads\/2022\/05\/kapitalis-logo-fb.png\" \/>\n\t<meta property=\"og:image:width\" content=\"1200\" \/>\n\t<meta property=\"og:image:height\" content=\"630\" \/>\n\t<meta property=\"og:image:type\" content=\"image\/png\" \/>\n<meta name=\"author\" content=\"webmaster kapitalis\" \/>\n<meta name=\"twitter:card\" content=\"summary_large_image\" \/>\n<meta name=\"twitter:creator\" content=\"@KapitalisInfo\" \/>\n<meta name=\"twitter:site\" content=\"@KapitalisInfo\" \/>\n<meta name=\"twitter:label1\" content=\"\u00c9crit par\" \/>\n\t<meta name=\"twitter:data1\" content=\"webmaster kapitalis\" \/>\n\t<meta name=\"twitter:label2\" content=\"Dur\u00e9e de lecture estim\u00e9e\" \/>\n\t<meta name=\"twitter:data2\" content=\"3 minutes\" \/>\n<script type=\"application\/ld+json\" class=\"yoast-schema-graph\">{\"@context\":\"https:\/\/schema.org\",\"@graph\":[{\"@type\":\"Article\",\"@id\":\"https:\/\/kapitalis.com\/tunisie\/2016\/01\/05\/a-el-teatro-bik-n3ich-ou-la-liberte-sous-surveillance\/#article\",\"isPartOf\":{\"@id\":\"https:\/\/kapitalis.com\/tunisie\/2016\/01\/05\/a-el-teatro-bik-n3ich-ou-la-liberte-sous-surveillance\/\"},\"author\":{\"name\":\"webmaster kapitalis\",\"@id\":\"https:\/\/kapitalis.com\/tunisie\/#\/schema\/person\/d71f33a9ca44f7bad4698210b480c8e9\"},\"headline\":\"A El-Teatro : \u2018\u2018Bik n3ich\u2019\u2019 ou la libert\u00e9 sous surveillance\",\"datePublished\":\"2016-01-05T16:24:42+00:00\",\"mainEntityOfPage\":{\"@id\":\"https:\/\/kapitalis.com\/tunisie\/2016\/01\/05\/a-el-teatro-bik-n3ich-ou-la-liberte-sous-surveillance\/\"},\"wordCount\":699,\"commentCount\":0,\"publisher\":{\"@id\":\"https:\/\/kapitalis.com\/tunisie\/#organization\"},\"image\":{\"@id\":\"https:\/\/kapitalis.com\/tunisie\/2016\/01\/05\/a-el-teatro-bik-n3ich-ou-la-liberte-sous-surveillance\/#primaryimage\"},\"thumbnailUrl\":\"\",\"keywords\":[\"El Teatro\"],\"articleSection\":[\"A LA UNE\",\"CULTURE\",\"Tunisie\"],\"inLanguage\":\"fr-FR\",\"potentialAction\":[{\"@type\":\"CommentAction\",\"name\":\"Comment\",\"target\":[\"https:\/\/kapitalis.com\/tunisie\/2016\/01\/05\/a-el-teatro-bik-n3ich-ou-la-liberte-sous-surveillance\/#respond\"]}]},{\"@type\":\"WebPage\",\"@id\":\"https:\/\/kapitalis.com\/tunisie\/2016\/01\/05\/a-el-teatro-bik-n3ich-ou-la-liberte-sous-surveillance\/\",\"url\":\"https:\/\/kapitalis.com\/tunisie\/2016\/01\/05\/a-el-teatro-bik-n3ich-ou-la-liberte-sous-surveillance\/\",\"name\":\"A El-Teatro : \u2018\u2018Bik n3ich\u2019\u2019 ou la libert\u00e9 sous surveillance - Kapitalis\",\"isPartOf\":{\"@id\":\"https:\/\/kapitalis.com\/tunisie\/#website\"},\"primaryImageOfPage\":{\"@id\":\"https:\/\/kapitalis.com\/tunisie\/2016\/01\/05\/a-el-teatro-bik-n3ich-ou-la-liberte-sous-surveillance\/#primaryimage\"},\"image\":{\"@id\":\"https:\/\/kapitalis.com\/tunisie\/2016\/01\/05\/a-el-teatro-bik-n3ich-ou-la-liberte-sous-surveillance\/#primaryimage\"},\"thumbnailUrl\":\"\",\"datePublished\":\"2016-01-05T16:24:42+00:00\",\"breadcrumb\":{\"@id\":\"https:\/\/kapitalis.com\/tunisie\/2016\/01\/05\/a-el-teatro-bik-n3ich-ou-la-liberte-sous-surveillance\/#breadcrumb\"},\"inLanguage\":\"fr-FR\",\"potentialAction\":[{\"@type\":\"ReadAction\",\"target\":[\"https:\/\/kapitalis.com\/tunisie\/2016\/01\/05\/a-el-teatro-bik-n3ich-ou-la-liberte-sous-surveillance\/\"]}]},{\"@type\":\"ImageObject\",\"inLanguage\":\"fr-FR\",\"@id\":\"https:\/\/kapitalis.com\/tunisie\/2016\/01\/05\/a-el-teatro-bik-n3ich-ou-la-liberte-sous-surveillance\/#primaryimage\",\"url\":\"\",\"contentUrl\":\"\"},{\"@type\":\"BreadcrumbList\",\"@id\":\"https:\/\/kapitalis.com\/tunisie\/2016\/01\/05\/a-el-teatro-bik-n3ich-ou-la-liberte-sous-surveillance\/#breadcrumb\",\"itemListElement\":[{\"@type\":\"ListItem\",\"position\":1,\"name\":\"Accueil\",\"item\":\"https:\/\/kapitalis.com\/tunisie\/\"},{\"@type\":\"ListItem\",\"position\":2,\"name\":\"A El-Teatro : \u2018\u2018Bik n3ich\u2019\u2019 ou la libert\u00e9 sous surveillance\"}]},{\"@type\":\"WebSite\",\"@id\":\"https:\/\/kapitalis.com\/tunisie\/#website\",\"url\":\"https:\/\/kapitalis.com\/tunisie\/\",\"name\":\"Kapitalis\",\"description\":\"L&#039;actualit\u00e9 en Tunisie et dans le monde\",\"publisher\":{\"@id\":\"https:\/\/kapitalis.com\/tunisie\/#organization\"},\"potentialAction\":[{\"@type\":\"SearchAction\",\"target\":{\"@type\":\"EntryPoint\",\"urlTemplate\":\"https:\/\/kapitalis.com\/tunisie\/?s={search_term_string}\"},\"query-input\":{\"@type\":\"PropertyValueSpecification\",\"valueRequired\":true,\"valueName\":\"search_term_string\"}}],\"inLanguage\":\"fr-FR\"},{\"@type\":\"Organization\",\"@id\":\"https:\/\/kapitalis.com\/tunisie\/#organization\",\"name\":\"Kapitalis\",\"url\":\"https:\/\/kapitalis.com\/tunisie\/\",\"logo\":{\"@type\":\"ImageObject\",\"inLanguage\":\"fr-FR\",\"@id\":\"https:\/\/kapitalis.com\/tunisie\/#\/schema\/logo\/image\/\",\"url\":\"https:\/\/kapitalis.com\/tunisie\/wp-content\/uploads\/2022\/05\/Kapitalis-big-size.png\",\"contentUrl\":\"https:\/\/kapitalis.com\/tunisie\/wp-content\/uploads\/2022\/05\/Kapitalis-big-size.png\",\"width\":5000,\"height\":1500,\"caption\":\"Kapitalis\"},\"image\":{\"@id\":\"https:\/\/kapitalis.com\/tunisie\/#\/schema\/logo\/image\/\"},\"sameAs\":[\"https:\/\/www.facebook.com\/KapitalisInfo\/\",\"https:\/\/x.com\/KapitalisInfo\",\"https:\/\/www.youtube.com\/channel\/UC-yDYrHyfFBWWZaOw3FPg9Q\"]},{\"@type\":\"Person\",\"@id\":\"https:\/\/kapitalis.com\/tunisie\/#\/schema\/person\/d71f33a9ca44f7bad4698210b480c8e9\",\"name\":\"webmaster kapitalis\",\"url\":\"https:\/\/kapitalis.com\/tunisie\/author\/webmaster-kapitalis\/\"}]}<\/script>\n<!-- \/ Yoast SEO plugin. -->","yoast_head_json":{"title":"A El-Teatro : \u2018\u2018Bik n3ich\u2019\u2019 ou la libert\u00e9 sous surveillance - Kapitalis","robots":{"index":"index","follow":"follow","max-snippet":"max-snippet:-1","max-image-preview":"max-image-preview:large","max-video-preview":"max-video-preview:-1"},"canonical":"https:\/\/kapitalis.com\/tunisie\/2016\/01\/05\/a-el-teatro-bik-n3ich-ou-la-liberte-sous-surveillance\/","og_locale":"fr_FR","og_type":"article","og_title":"A El-Teatro : \u2018\u2018Bik n3ich\u2019\u2019 ou la libert\u00e9 sous surveillance - Kapitalis","og_description":"La premi\u00e8re de \u2018\u2018Bik n3ich\u2019\u2019 (De toi, je vis) a \u00e9t\u00e9 donn\u00e9e, le jeudi 24 d\u00e9cembre 2015, \u00e0 l\u2019espace El-Teatro, en pr\u00e9sence d\u2019un grand nombre d\u2019amoureux du 4e art. Par Fawz Ben Ali","og_url":"https:\/\/kapitalis.com\/tunisie\/2016\/01\/05\/a-el-teatro-bik-n3ich-ou-la-liberte-sous-surveillance\/","og_site_name":"Kapitalis","article_publisher":"https:\/\/www.facebook.com\/KapitalisInfo\/","article_published_time":"2016-01-05T16:24:42+00:00","og_image":[{"width":1200,"height":630,"url":"https:\/\/kapitalis.com\/tunisie\/wp-content\/uploads\/2022\/05\/kapitalis-logo-fb.png","type":"image\/png"}],"author":"webmaster kapitalis","twitter_card":"summary_large_image","twitter_creator":"@KapitalisInfo","twitter_site":"@KapitalisInfo","twitter_misc":{"\u00c9crit par":"webmaster kapitalis","Dur\u00e9e de lecture estim\u00e9e":"3 minutes"},"schema":{"@context":"https:\/\/schema.org","@graph":[{"@type":"Article","@id":"https:\/\/kapitalis.com\/tunisie\/2016\/01\/05\/a-el-teatro-bik-n3ich-ou-la-liberte-sous-surveillance\/#article","isPartOf":{"@id":"https:\/\/kapitalis.com\/tunisie\/2016\/01\/05\/a-el-teatro-bik-n3ich-ou-la-liberte-sous-surveillance\/"},"author":{"name":"webmaster kapitalis","@id":"https:\/\/kapitalis.com\/tunisie\/#\/schema\/person\/d71f33a9ca44f7bad4698210b480c8e9"},"headline":"A El-Teatro : \u2018\u2018Bik n3ich\u2019\u2019 ou la libert\u00e9 sous surveillance","datePublished":"2016-01-05T16:24:42+00:00","mainEntityOfPage":{"@id":"https:\/\/kapitalis.com\/tunisie\/2016\/01\/05\/a-el-teatro-bik-n3ich-ou-la-liberte-sous-surveillance\/"},"wordCount":699,"commentCount":0,"publisher":{"@id":"https:\/\/kapitalis.com\/tunisie\/#organization"},"image":{"@id":"https:\/\/kapitalis.com\/tunisie\/2016\/01\/05\/a-el-teatro-bik-n3ich-ou-la-liberte-sous-surveillance\/#primaryimage"},"thumbnailUrl":"","keywords":["El Teatro"],"articleSection":["A LA UNE","CULTURE","Tunisie"],"inLanguage":"fr-FR","potentialAction":[{"@type":"CommentAction","name":"Comment","target":["https:\/\/kapitalis.com\/tunisie\/2016\/01\/05\/a-el-teatro-bik-n3ich-ou-la-liberte-sous-surveillance\/#respond"]}]},{"@type":"WebPage","@id":"https:\/\/kapitalis.com\/tunisie\/2016\/01\/05\/a-el-teatro-bik-n3ich-ou-la-liberte-sous-surveillance\/","url":"https:\/\/kapitalis.com\/tunisie\/2016\/01\/05\/a-el-teatro-bik-n3ich-ou-la-liberte-sous-surveillance\/","name":"A El-Teatro : \u2018\u2018Bik n3ich\u2019\u2019 ou la libert\u00e9 sous surveillance - Kapitalis","isPartOf":{"@id":"https:\/\/kapitalis.com\/tunisie\/#website"},"primaryImageOfPage":{"@id":"https:\/\/kapitalis.com\/tunisie\/2016\/01\/05\/a-el-teatro-bik-n3ich-ou-la-liberte-sous-surveillance\/#primaryimage"},"image":{"@id":"https:\/\/kapitalis.com\/tunisie\/2016\/01\/05\/a-el-teatro-bik-n3ich-ou-la-liberte-sous-surveillance\/#primaryimage"},"thumbnailUrl":"","datePublished":"2016-01-05T16:24:42+00:00","breadcrumb":{"@id":"https:\/\/kapitalis.com\/tunisie\/2016\/01\/05\/a-el-teatro-bik-n3ich-ou-la-liberte-sous-surveillance\/#breadcrumb"},"inLanguage":"fr-FR","potentialAction":[{"@type":"ReadAction","target":["https:\/\/kapitalis.com\/tunisie\/2016\/01\/05\/a-el-teatro-bik-n3ich-ou-la-liberte-sous-surveillance\/"]}]},{"@type":"ImageObject","inLanguage":"fr-FR","@id":"https:\/\/kapitalis.com\/tunisie\/2016\/01\/05\/a-el-teatro-bik-n3ich-ou-la-liberte-sous-surveillance\/#primaryimage","url":"","contentUrl":""},{"@type":"BreadcrumbList","@id":"https:\/\/kapitalis.com\/tunisie\/2016\/01\/05\/a-el-teatro-bik-n3ich-ou-la-liberte-sous-surveillance\/#breadcrumb","itemListElement":[{"@type":"ListItem","position":1,"name":"Accueil","item":"https:\/\/kapitalis.com\/tunisie\/"},{"@type":"ListItem","position":2,"name":"A El-Teatro : \u2018\u2018Bik n3ich\u2019\u2019 ou la libert\u00e9 sous surveillance"}]},{"@type":"WebSite","@id":"https:\/\/kapitalis.com\/tunisie\/#website","url":"https:\/\/kapitalis.com\/tunisie\/","name":"Kapitalis","description":"L&#039;actualit\u00e9 en Tunisie et dans le monde","publisher":{"@id":"https:\/\/kapitalis.com\/tunisie\/#organization"},"potentialAction":[{"@type":"SearchAction","target":{"@type":"EntryPoint","urlTemplate":"https:\/\/kapitalis.com\/tunisie\/?s={search_term_string}"},"query-input":{"@type":"PropertyValueSpecification","valueRequired":true,"valueName":"search_term_string"}}],"inLanguage":"fr-FR"},{"@type":"Organization","@id":"https:\/\/kapitalis.com\/tunisie\/#organization","name":"Kapitalis","url":"https:\/\/kapitalis.com\/tunisie\/","logo":{"@type":"ImageObject","inLanguage":"fr-FR","@id":"https:\/\/kapitalis.com\/tunisie\/#\/schema\/logo\/image\/","url":"https:\/\/kapitalis.com\/tunisie\/wp-content\/uploads\/2022\/05\/Kapitalis-big-size.png","contentUrl":"https:\/\/kapitalis.com\/tunisie\/wp-content\/uploads\/2022\/05\/Kapitalis-big-size.png","width":5000,"height":1500,"caption":"Kapitalis"},"image":{"@id":"https:\/\/kapitalis.com\/tunisie\/#\/schema\/logo\/image\/"},"sameAs":["https:\/\/www.facebook.com\/KapitalisInfo\/","https:\/\/x.com\/KapitalisInfo","https:\/\/www.youtube.com\/channel\/UC-yDYrHyfFBWWZaOw3FPg9Q"]},{"@type":"Person","@id":"https:\/\/kapitalis.com\/tunisie\/#\/schema\/person\/d71f33a9ca44f7bad4698210b480c8e9","name":"webmaster kapitalis","url":"https:\/\/kapitalis.com\/tunisie\/author\/webmaster-kapitalis\/"}]}},"_links":{"self":[{"href":"https:\/\/kapitalis.com\/tunisie\/wp-json\/wp\/v2\/posts\/33343","targetHints":{"allow":["GET"]}}],"collection":[{"href":"https:\/\/kapitalis.com\/tunisie\/wp-json\/wp\/v2\/posts"}],"about":[{"href":"https:\/\/kapitalis.com\/tunisie\/wp-json\/wp\/v2\/types\/post"}],"author":[{"embeddable":true,"href":"https:\/\/kapitalis.com\/tunisie\/wp-json\/wp\/v2\/users\/8"}],"replies":[{"embeddable":true,"href":"https:\/\/kapitalis.com\/tunisie\/wp-json\/wp\/v2\/comments?post=33343"}],"version-history":[{"count":0,"href":"https:\/\/kapitalis.com\/tunisie\/wp-json\/wp\/v2\/posts\/33343\/revisions"}],"wp:featuredmedia":[{"embeddable":true,"href":"https:\/\/kapitalis.com\/tunisie\/wp-json\/wp\/v2\/media\/33344"}],"wp:attachment":[{"href":"https:\/\/kapitalis.com\/tunisie\/wp-json\/wp\/v2\/media?parent=33343"}],"wp:term":[{"taxonomy":"category","embeddable":true,"href":"https:\/\/kapitalis.com\/tunisie\/wp-json\/wp\/v2\/categories?post=33343"},{"taxonomy":"post_tag","embeddable":true,"href":"https:\/\/kapitalis.com\/tunisie\/wp-json\/wp\/v2\/tags?post=33343"}],"curies":[{"name":"wp","href":"https:\/\/api.w.org\/{rel}","templated":true}]}}