{"id":333479,"date":"2021-01-25T22:59:07","date_gmt":"2021-01-25T21:59:07","guid":{"rendered":"http:\/\/kapitalis.com\/tunisie\/?p=333479"},"modified":"2021-01-25T23:01:26","modified_gmt":"2021-01-25T22:01:26","slug":"gabes-fermeture-totale-de-la-delegation-de-mareth","status":"publish","type":"post","link":"https:\/\/kapitalis.com\/tunisie\/2021\/01\/25\/gabes-fermeture-totale-de-la-delegation-de-mareth\/","title":{"rendered":"Gab\u00e8s : Fermeture totale de la d\u00e9l\u00e9gation de Mareth"},"content":{"rendered":"\n<figure class=\"wp-block-image size-large\"><img decoding=\"async\" src=\"http:\/\/kapitalis.com\/tunisie\/wp-content\/uploads\/2021\/01\/mareth-coronavirus-gabes.jpg\" alt=\"\" class=\"wp-image-333480\"\/><\/figure>\n\n\n\n<p><strong><em>Le gouvernorat de Gab\u00e8s a d\u00e9cid\u00e9 dans la soir\u00e9e de ce lundi 25 janvier 2021, la fermeture totale de la d\u00e9l\u00e9gation de Mareth, qui conna\u00eet un fort taux de propagation du coronavirus.<\/em><\/strong><\/p>\n\n\n\n<!--more-->\n\n\n\n<p>Cette mesure, d\u00e9cid\u00e9e suite \u00e0 une r\u00e9union organis\u00e9e cet apr\u00e8s-midi avec le comit\u00e9 r\u00e9gional charg\u00e9 de la lutte contre la Covid-19, sera appliqu\u00e9e du mercredi 27 janvier au dimanche 7 f\u00e9vrier 2021, pr\u00e9cise le gouvernorat dans un communiqu\u00e9.<\/p>\n\n\n\n<p>Il a \u00e9galement \u00e9t\u00e9 d\u00e9cid\u00e9 de suspendre la pri\u00e8re du vendredi \u00e0 la mosqu\u00e9e et de fermer les souks durant la m\u00eame p\u00e9riode, dans la m\u00eame d\u00e9l\u00e9gation, o\u00f9 des op\u00e9rations de st\u00e9rilisations seront quotidiennement men\u00e9es.<\/p>\n\n\n\n<p>Le gouvernorat a \u00e9galement rappel\u00e9 l&rsquo;obligation de porter le masque et de respecter la distanciation physique, ainsi que l&rsquo;interdiction de se rassembler.<\/p>\n\n\n\n<p class=\"has-text-align-right\"><strong>Y. N.<\/strong><\/p>\n","protected":false},"excerpt":{"rendered":"<p>Le gouvernorat de Gab\u00e8s a d\u00e9cid\u00e9 dans la soir\u00e9e de ce lundi 25 janvier 2021, la fermeture totale de la d\u00e9l\u00e9gation de Mareth, qui conna\u00eet un fort taux de propagation du coronavirus.<\/p>\n","protected":false},"author":6,"featured_media":333480,"comment_status":"open","ping_status":"open","sticky":false,"template":"","format":"standard","meta":{"footnotes":""},"categories":[998,2433],"tags":[73060,78820,81747,79489,3519],"class_list":["post-333479","post","type-post","status-publish","format-standard","has-post-thumbnail","hentry","category-societe","category-tunisie","tag-coronavirus","tag-covid-2","tag-fermeture-delegation","tag-gabes-2","tag-mareth"],"yoast_head":"<!-- This site is optimized with the Yoast SEO plugin v26.6 - https:\/\/yoast.com\/wordpress\/plugins\/seo\/ -->\n<title>Gab\u00e8s : Fermeture totale de la d\u00e9l\u00e9gation de Mareth - Kapitalis<\/title>\n<meta name=\"robots\" content=\"index, follow, max-snippet:-1, max-image-preview:large, max-video-preview:-1\" \/>\n<link rel=\"canonical\" href=\"https:\/\/kapitalis.com\/tunisie\/2021\/01\/25\/gabes-fermeture-totale-de-la-delegation-de-mareth\/\" \/>\n<meta property=\"og:locale\" content=\"fr_FR\" \/>\n<meta property=\"og:type\" content=\"article\" \/>\n<meta property=\"og:title\" content=\"Gab\u00e8s : Fermeture totale de la d\u00e9l\u00e9gation de Mareth - Kapitalis\" \/>\n<meta property=\"og:description\" content=\"Le gouvernorat de Gab\u00e8s a d\u00e9cid\u00e9 dans la soir\u00e9e de ce lundi 25 janvier 2021, la fermeture totale de la d\u00e9l\u00e9gation de Mareth, qui conna\u00eet un fort taux de propagation du coronavirus.\" \/>\n<meta property=\"og:url\" content=\"https:\/\/kapitalis.com\/tunisie\/2021\/01\/25\/gabes-fermeture-totale-de-la-delegation-de-mareth\/\" \/>\n<meta property=\"og:site_name\" content=\"Kapitalis\" \/>\n<meta property=\"article:publisher\" content=\"https:\/\/www.facebook.com\/KapitalisInfo\/\" \/>\n<meta property=\"article:published_time\" content=\"2021-01-25T21:59:07+00:00\" \/>\n<meta property=\"article:modified_time\" content=\"2021-01-25T22:01:26+00:00\" \/>\n<meta property=\"og:image\" content=\"https:\/\/kapitalis.com\/tunisie\/wp-content\/uploads\/2022\/05\/kapitalis-logo-fb.png\" \/>\n\t<meta property=\"og:image:width\" content=\"1200\" \/>\n\t<meta property=\"og:image:height\" content=\"630\" \/>\n\t<meta property=\"og:image:type\" content=\"image\/png\" \/>\n<meta name=\"author\" content=\"Yusra NY\" \/>\n<meta name=\"twitter:card\" content=\"summary_large_image\" \/>\n<meta name=\"twitter:creator\" content=\"@KapitalisInfo\" \/>\n<meta name=\"twitter:site\" content=\"@KapitalisInfo\" \/>\n<meta name=\"twitter:label1\" content=\"\u00c9crit par\" \/>\n\t<meta name=\"twitter:data1\" content=\"Yusra NY\" \/>\n\t<meta name=\"twitter:label2\" content=\"Dur\u00e9e de lecture estim\u00e9e\" \/>\n\t<meta name=\"twitter:data2\" content=\"1 minute\" \/>\n<script type=\"application\/ld+json\" class=\"yoast-schema-graph\">{\"@context\":\"https:\/\/schema.org\",\"@graph\":[{\"@type\":\"Article\",\"@id\":\"https:\/\/kapitalis.com\/tunisie\/2021\/01\/25\/gabes-fermeture-totale-de-la-delegation-de-mareth\/#article\",\"isPartOf\":{\"@id\":\"https:\/\/kapitalis.com\/tunisie\/2021\/01\/25\/gabes-fermeture-totale-de-la-delegation-de-mareth\/\"},\"author\":{\"name\":\"Yusra NY\",\"@id\":\"https:\/\/kapitalis.com\/tunisie\/#\/schema\/person\/74bbde0154d49d790a92aaeac5bc01d5\"},\"headline\":\"Gab\u00e8s : Fermeture totale de la d\u00e9l\u00e9gation de Mareth\",\"datePublished\":\"2021-01-25T21:59:07+00:00\",\"dateModified\":\"2021-01-25T22:01:26+00:00\",\"mainEntityOfPage\":{\"@id\":\"https:\/\/kapitalis.com\/tunisie\/2021\/01\/25\/gabes-fermeture-totale-de-la-delegation-de-mareth\/\"},\"wordCount\":159,\"commentCount\":0,\"publisher\":{\"@id\":\"https:\/\/kapitalis.com\/tunisie\/#organization\"},\"image\":{\"@id\":\"https:\/\/kapitalis.com\/tunisie\/2021\/01\/25\/gabes-fermeture-totale-de-la-delegation-de-mareth\/#primaryimage\"},\"thumbnailUrl\":\"\",\"keywords\":[\"Coronavirus\",\"covid\",\"fermeture d\u00e9l\u00e9gation\",\"Gabes\",\"Mareth\"],\"articleSection\":[\"SOCIETE\",\"Tunisie\"],\"inLanguage\":\"fr-FR\",\"potentialAction\":[{\"@type\":\"CommentAction\",\"name\":\"Comment\",\"target\":[\"https:\/\/kapitalis.com\/tunisie\/2021\/01\/25\/gabes-fermeture-totale-de-la-delegation-de-mareth\/#respond\"]}]},{\"@type\":\"WebPage\",\"@id\":\"https:\/\/kapitalis.com\/tunisie\/2021\/01\/25\/gabes-fermeture-totale-de-la-delegation-de-mareth\/\",\"url\":\"https:\/\/kapitalis.com\/tunisie\/2021\/01\/25\/gabes-fermeture-totale-de-la-delegation-de-mareth\/\",\"name\":\"Gab\u00e8s : Fermeture totale de la d\u00e9l\u00e9gation de Mareth - Kapitalis\",\"isPartOf\":{\"@id\":\"https:\/\/kapitalis.com\/tunisie\/#website\"},\"primaryImageOfPage\":{\"@id\":\"https:\/\/kapitalis.com\/tunisie\/2021\/01\/25\/gabes-fermeture-totale-de-la-delegation-de-mareth\/#primaryimage\"},\"image\":{\"@id\":\"https:\/\/kapitalis.com\/tunisie\/2021\/01\/25\/gabes-fermeture-totale-de-la-delegation-de-mareth\/#primaryimage\"},\"thumbnailUrl\":\"\",\"datePublished\":\"2021-01-25T21:59:07+00:00\",\"dateModified\":\"2021-01-25T22:01:26+00:00\",\"breadcrumb\":{\"@id\":\"https:\/\/kapitalis.com\/tunisie\/2021\/01\/25\/gabes-fermeture-totale-de-la-delegation-de-mareth\/#breadcrumb\"},\"inLanguage\":\"fr-FR\",\"potentialAction\":[{\"@type\":\"ReadAction\",\"target\":[\"https:\/\/kapitalis.com\/tunisie\/2021\/01\/25\/gabes-fermeture-totale-de-la-delegation-de-mareth\/\"]}]},{\"@type\":\"ImageObject\",\"inLanguage\":\"fr-FR\",\"@id\":\"https:\/\/kapitalis.com\/tunisie\/2021\/01\/25\/gabes-fermeture-totale-de-la-delegation-de-mareth\/#primaryimage\",\"url\":\"\",\"contentUrl\":\"\"},{\"@type\":\"BreadcrumbList\",\"@id\":\"https:\/\/kapitalis.com\/tunisie\/2021\/01\/25\/gabes-fermeture-totale-de-la-delegation-de-mareth\/#breadcrumb\",\"itemListElement\":[{\"@type\":\"ListItem\",\"position\":1,\"name\":\"Accueil\",\"item\":\"https:\/\/kapitalis.com\/tunisie\/\"},{\"@type\":\"ListItem\",\"position\":2,\"name\":\"Gab\u00e8s : Fermeture totale de la d\u00e9l\u00e9gation de Mareth\"}]},{\"@type\":\"WebSite\",\"@id\":\"https:\/\/kapitalis.com\/tunisie\/#website\",\"url\":\"https:\/\/kapitalis.com\/tunisie\/\",\"name\":\"Kapitalis\",\"description\":\"L&#039;actualit\u00e9 en Tunisie et dans le monde\",\"publisher\":{\"@id\":\"https:\/\/kapitalis.com\/tunisie\/#organization\"},\"potentialAction\":[{\"@type\":\"SearchAction\",\"target\":{\"@type\":\"EntryPoint\",\"urlTemplate\":\"https:\/\/kapitalis.com\/tunisie\/?s={search_term_string}\"},\"query-input\":{\"@type\":\"PropertyValueSpecification\",\"valueRequired\":true,\"valueName\":\"search_term_string\"}}],\"inLanguage\":\"fr-FR\"},{\"@type\":\"Organization\",\"@id\":\"https:\/\/kapitalis.com\/tunisie\/#organization\",\"name\":\"Kapitalis\",\"url\":\"https:\/\/kapitalis.com\/tunisie\/\",\"logo\":{\"@type\":\"ImageObject\",\"inLanguage\":\"fr-FR\",\"@id\":\"https:\/\/kapitalis.com\/tunisie\/#\/schema\/logo\/image\/\",\"url\":\"https:\/\/kapitalis.com\/tunisie\/wp-content\/uploads\/2022\/05\/Kapitalis-big-size.png\",\"contentUrl\":\"https:\/\/kapitalis.com\/tunisie\/wp-content\/uploads\/2022\/05\/Kapitalis-big-size.png\",\"width\":5000,\"height\":1500,\"caption\":\"Kapitalis\"},\"image\":{\"@id\":\"https:\/\/kapitalis.com\/tunisie\/#\/schema\/logo\/image\/\"},\"sameAs\":[\"https:\/\/www.facebook.com\/KapitalisInfo\/\",\"https:\/\/x.com\/KapitalisInfo\",\"https:\/\/www.youtube.com\/channel\/UC-yDYrHyfFBWWZaOw3FPg9Q\"]},{\"@type\":\"Person\",\"@id\":\"https:\/\/kapitalis.com\/tunisie\/#\/schema\/person\/74bbde0154d49d790a92aaeac5bc01d5\",\"name\":\"Yusra NY\",\"url\":\"https:\/\/kapitalis.com\/tunisie\/author\/yuza_adam\/\"}]}<\/script>\n<!-- \/ Yoast SEO plugin. -->","yoast_head_json":{"title":"Gab\u00e8s : Fermeture totale de la d\u00e9l\u00e9gation de Mareth - Kapitalis","robots":{"index":"index","follow":"follow","max-snippet":"max-snippet:-1","max-image-preview":"max-image-preview:large","max-video-preview":"max-video-preview:-1"},"canonical":"https:\/\/kapitalis.com\/tunisie\/2021\/01\/25\/gabes-fermeture-totale-de-la-delegation-de-mareth\/","og_locale":"fr_FR","og_type":"article","og_title":"Gab\u00e8s : Fermeture totale de la d\u00e9l\u00e9gation de Mareth - Kapitalis","og_description":"Le gouvernorat de Gab\u00e8s a d\u00e9cid\u00e9 dans la soir\u00e9e de ce lundi 25 janvier 2021, la fermeture totale de la d\u00e9l\u00e9gation de Mareth, qui conna\u00eet un fort taux de propagation du coronavirus.","og_url":"https:\/\/kapitalis.com\/tunisie\/2021\/01\/25\/gabes-fermeture-totale-de-la-delegation-de-mareth\/","og_site_name":"Kapitalis","article_publisher":"https:\/\/www.facebook.com\/KapitalisInfo\/","article_published_time":"2021-01-25T21:59:07+00:00","article_modified_time":"2021-01-25T22:01:26+00:00","og_image":[{"width":1200,"height":630,"url":"https:\/\/kapitalis.com\/tunisie\/wp-content\/uploads\/2022\/05\/kapitalis-logo-fb.png","type":"image\/png"}],"author":"Yusra NY","twitter_card":"summary_large_image","twitter_creator":"@KapitalisInfo","twitter_site":"@KapitalisInfo","twitter_misc":{"\u00c9crit par":"Yusra NY","Dur\u00e9e de lecture estim\u00e9e":"1 minute"},"schema":{"@context":"https:\/\/schema.org","@graph":[{"@type":"Article","@id":"https:\/\/kapitalis.com\/tunisie\/2021\/01\/25\/gabes-fermeture-totale-de-la-delegation-de-mareth\/#article","isPartOf":{"@id":"https:\/\/kapitalis.com\/tunisie\/2021\/01\/25\/gabes-fermeture-totale-de-la-delegation-de-mareth\/"},"author":{"name":"Yusra NY","@id":"https:\/\/kapitalis.com\/tunisie\/#\/schema\/person\/74bbde0154d49d790a92aaeac5bc01d5"},"headline":"Gab\u00e8s : Fermeture totale de la d\u00e9l\u00e9gation de Mareth","datePublished":"2021-01-25T21:59:07+00:00","dateModified":"2021-01-25T22:01:26+00:00","mainEntityOfPage":{"@id":"https:\/\/kapitalis.com\/tunisie\/2021\/01\/25\/gabes-fermeture-totale-de-la-delegation-de-mareth\/"},"wordCount":159,"commentCount":0,"publisher":{"@id":"https:\/\/kapitalis.com\/tunisie\/#organization"},"image":{"@id":"https:\/\/kapitalis.com\/tunisie\/2021\/01\/25\/gabes-fermeture-totale-de-la-delegation-de-mareth\/#primaryimage"},"thumbnailUrl":"","keywords":["Coronavirus","covid","fermeture d\u00e9l\u00e9gation","Gabes","Mareth"],"articleSection":["SOCIETE","Tunisie"],"inLanguage":"fr-FR","potentialAction":[{"@type":"CommentAction","name":"Comment","target":["https:\/\/kapitalis.com\/tunisie\/2021\/01\/25\/gabes-fermeture-totale-de-la-delegation-de-mareth\/#respond"]}]},{"@type":"WebPage","@id":"https:\/\/kapitalis.com\/tunisie\/2021\/01\/25\/gabes-fermeture-totale-de-la-delegation-de-mareth\/","url":"https:\/\/kapitalis.com\/tunisie\/2021\/01\/25\/gabes-fermeture-totale-de-la-delegation-de-mareth\/","name":"Gab\u00e8s : Fermeture totale de la d\u00e9l\u00e9gation de Mareth - Kapitalis","isPartOf":{"@id":"https:\/\/kapitalis.com\/tunisie\/#website"},"primaryImageOfPage":{"@id":"https:\/\/kapitalis.com\/tunisie\/2021\/01\/25\/gabes-fermeture-totale-de-la-delegation-de-mareth\/#primaryimage"},"image":{"@id":"https:\/\/kapitalis.com\/tunisie\/2021\/01\/25\/gabes-fermeture-totale-de-la-delegation-de-mareth\/#primaryimage"},"thumbnailUrl":"","datePublished":"2021-01-25T21:59:07+00:00","dateModified":"2021-01-25T22:01:26+00:00","breadcrumb":{"@id":"https:\/\/kapitalis.com\/tunisie\/2021\/01\/25\/gabes-fermeture-totale-de-la-delegation-de-mareth\/#breadcrumb"},"inLanguage":"fr-FR","potentialAction":[{"@type":"ReadAction","target":["https:\/\/kapitalis.com\/tunisie\/2021\/01\/25\/gabes-fermeture-totale-de-la-delegation-de-mareth\/"]}]},{"@type":"ImageObject","inLanguage":"fr-FR","@id":"https:\/\/kapitalis.com\/tunisie\/2021\/01\/25\/gabes-fermeture-totale-de-la-delegation-de-mareth\/#primaryimage","url":"","contentUrl":""},{"@type":"BreadcrumbList","@id":"https:\/\/kapitalis.com\/tunisie\/2021\/01\/25\/gabes-fermeture-totale-de-la-delegation-de-mareth\/#breadcrumb","itemListElement":[{"@type":"ListItem","position":1,"name":"Accueil","item":"https:\/\/kapitalis.com\/tunisie\/"},{"@type":"ListItem","position":2,"name":"Gab\u00e8s : Fermeture totale de la d\u00e9l\u00e9gation de Mareth"}]},{"@type":"WebSite","@id":"https:\/\/kapitalis.com\/tunisie\/#website","url":"https:\/\/kapitalis.com\/tunisie\/","name":"Kapitalis","description":"L&#039;actualit\u00e9 en Tunisie et dans le monde","publisher":{"@id":"https:\/\/kapitalis.com\/tunisie\/#organization"},"potentialAction":[{"@type":"SearchAction","target":{"@type":"EntryPoint","urlTemplate":"https:\/\/kapitalis.com\/tunisie\/?s={search_term_string}"},"query-input":{"@type":"PropertyValueSpecification","valueRequired":true,"valueName":"search_term_string"}}],"inLanguage":"fr-FR"},{"@type":"Organization","@id":"https:\/\/kapitalis.com\/tunisie\/#organization","name":"Kapitalis","url":"https:\/\/kapitalis.com\/tunisie\/","logo":{"@type":"ImageObject","inLanguage":"fr-FR","@id":"https:\/\/kapitalis.com\/tunisie\/#\/schema\/logo\/image\/","url":"https:\/\/kapitalis.com\/tunisie\/wp-content\/uploads\/2022\/05\/Kapitalis-big-size.png","contentUrl":"https:\/\/kapitalis.com\/tunisie\/wp-content\/uploads\/2022\/05\/Kapitalis-big-size.png","width":5000,"height":1500,"caption":"Kapitalis"},"image":{"@id":"https:\/\/kapitalis.com\/tunisie\/#\/schema\/logo\/image\/"},"sameAs":["https:\/\/www.facebook.com\/KapitalisInfo\/","https:\/\/x.com\/KapitalisInfo","https:\/\/www.youtube.com\/channel\/UC-yDYrHyfFBWWZaOw3FPg9Q"]},{"@type":"Person","@id":"https:\/\/kapitalis.com\/tunisie\/#\/schema\/person\/74bbde0154d49d790a92aaeac5bc01d5","name":"Yusra NY","url":"https:\/\/kapitalis.com\/tunisie\/author\/yuza_adam\/"}]}},"_links":{"self":[{"href":"https:\/\/kapitalis.com\/tunisie\/wp-json\/wp\/v2\/posts\/333479","targetHints":{"allow":["GET"]}}],"collection":[{"href":"https:\/\/kapitalis.com\/tunisie\/wp-json\/wp\/v2\/posts"}],"about":[{"href":"https:\/\/kapitalis.com\/tunisie\/wp-json\/wp\/v2\/types\/post"}],"author":[{"embeddable":true,"href":"https:\/\/kapitalis.com\/tunisie\/wp-json\/wp\/v2\/users\/6"}],"replies":[{"embeddable":true,"href":"https:\/\/kapitalis.com\/tunisie\/wp-json\/wp\/v2\/comments?post=333479"}],"version-history":[{"count":0,"href":"https:\/\/kapitalis.com\/tunisie\/wp-json\/wp\/v2\/posts\/333479\/revisions"}],"wp:featuredmedia":[{"embeddable":true,"href":"https:\/\/kapitalis.com\/tunisie\/wp-json\/wp\/v2\/media\/333480"}],"wp:attachment":[{"href":"https:\/\/kapitalis.com\/tunisie\/wp-json\/wp\/v2\/media?parent=333479"}],"wp:term":[{"taxonomy":"category","embeddable":true,"href":"https:\/\/kapitalis.com\/tunisie\/wp-json\/wp\/v2\/categories?post=333479"},{"taxonomy":"post_tag","embeddable":true,"href":"https:\/\/kapitalis.com\/tunisie\/wp-json\/wp\/v2\/tags?post=333479"}],"curies":[{"name":"wp","href":"https:\/\/api.w.org\/{rel}","templated":true}]}}