{"id":333536,"date":"2021-01-26T15:28:34","date_gmt":"2021-01-26T14:28:34","guid":{"rendered":"http:\/\/kapitalis.com\/tunisie\/?p=333536"},"modified":"2021-01-26T23:34:27","modified_gmt":"2021-01-26T22:34:27","slug":"abir-moussi-fustige-hichem-mechichi-le-bilan-de-votre-gouvernement-est-catastrophique","status":"publish","type":"post","link":"https:\/\/kapitalis.com\/tunisie\/2021\/01\/26\/abir-moussi-fustige-hichem-mechichi-le-bilan-de-votre-gouvernement-est-catastrophique\/","title":{"rendered":"Abir Moussi fustige Hichem Mechichi : \u00abLe bilan de votre gouvernement est catastrophique !\u00bb"},"content":{"rendered":"\n<figure class=\"wp-block-image size-large\"><img decoding=\"async\" src=\"http:\/\/kapitalis.com\/tunisie\/wp-content\/uploads\/2021\/01\/Abir-Moussi-PDL-Assemblee.jpg\" alt=\"\" class=\"wp-image-333580\"\/><\/figure>\n\n\n\n<p>\u00ab<strong><em>Le bilan de ce gouvernement est catastrophique et le remaniement n&rsquo;y changera rien, il risque m\u00eame d&rsquo;aggraver la situation. Nous refusons donc d&rsquo;\u00eatre t\u00e9moins de cette pi\u00e8ce de th\u00e9\u00e2tre et nous allons nous retirer\u00bb, a annonc\u00e9 la pr\u00e9sidente du PDL, Abir Moussi, ce mardi 26 janvier 2021, lors de la pl\u00e9ni\u00e8re consacr\u00e9e au vote de confiance au remaniement minist\u00e9riel propos\u00e9 par le chef du gouvernement, Hichem Mechichi.<\/em><\/strong><\/p>\n\n\n\n<!--more-->\n\n\n\n<p>Pour Abir Moussi le gouvernement Mechichi, a \u00e9chou\u00e9 d\u00e8s sa prise de fonction, et ce \u00e0 cause de son alliance avec des partis qui cherchent leurs int\u00e9r\u00eats et non ceux du peuple et du pays, a-t-elle dit.<\/p>\n\n\n\n<p><em>\u00abVous avez ensuite sign\u00e9 l&rsquo;accord de l&rsquo;\u00e9chec, l&rsquo;accord avec El-Kamour, que vous n&rsquo;avez pas respect\u00e9. D&rsquo;ailleurs alors que vous \u00eates ici, \u00e0 vouloir faire passer ce remaniement, les membres du mouvement El-Kamour, eux, menacent de refermer les vannes car vous n&rsquo;avez pas tenu vos promesses<\/em>\u00bb, a-t-elle lanc\u00e9 en s&rsquo;adressant au chef du gouvernement Hichem Mechichi, en ajoutant : \u00ab<em>Quant au ministre de l&rsquo;Int\u00e9rieur que vous avez limog\u00e9 en lan\u00e7ant des accusations graves, nous n&rsquo;avons toujours pas vu de plainte aupr\u00e8s de la justice qui pourrait justifier vos accusations et votre d\u00e9cision. Nous vous demandons de la transparence et non de jeter des accusations graves touchant la s\u00e9curit\u00e9 du pays, sans donner suite\u00bb.<\/em><\/p>\n\n\n\n<p>La pr\u00e9sidente du PDL a \u00e9galement rappel\u00e9 qu&rsquo;un ministre de ce gouvernement (ministre de l\u2019Environnement et des Affaires locales limog\u00e9, Mustapha Laroui) a \u00e9t\u00e9 plac\u00e9 en d\u00e9tention dans l&rsquo;affaire de corruption li\u00e9e au d\u00e9chets ill\u00e9galement import\u00e9s d&rsquo;Italie, en s&rsquo;interrogeant sur la volont\u00e9 du gouvernement Mechichi \u00e0 lutter contre la corruption :<em> \u00abau m\u00eame temps lorsque l&rsquo;on se penche sur les alliances, on peut avoir la r\u00e9ponse \u00e0 cette question<\/em>\u00bb, ajoute la cheffe du bloc PDL en lan\u00e7ant : \u00ab<em>Celui qui nomme des corrompus et le plus grand des corrompus<\/em>\u00bb.<\/p>\n\n\n\n<p>Abir Moussi estime, par ailleurs, que le remaniement minist\u00e9riel n&rsquo;a pas de sens et ne changera rien \u00e0 la situation actuelle, ni n\u2019apaisera la col\u00e8re du peuple et que la solution doit \u00eatre radicale : Rompre avec le r\u00e9gime actuelle en retirant la confiance au gouvernement et au pr\u00e9sident de l\u2019Assembl\u00e9e, Rached Ghannouchi.<\/p>\n\n\n\n<p>\u00ab<em>Pour r\u00e9pondre aux revendications l\u00e9gitimes du peuple, les blocs parlementaires et les forces civiles doivent s\u2019unir et mettre en place une nouvelle formation gouvernementale capable de r\u00e9pondre \u00e0 la demande du peuple et qui doit rompre avec l&rsquo;islam politique, qui nous a men\u00e9s dans cette impasse\u00bb<\/em>, a-t-elle conclu, avant de se retirer de l&rsquo;Assembl\u00e9e avec les autres d\u00e9put\u00e9s du PDL.<\/p>\n\n\n\n<p class=\"has-text-align-right\"><strong>Y. N.<\/strong><\/p>\n","protected":false},"excerpt":{"rendered":"<p>\u00abLe bilan de ce gouvernement est catastrophique et le remaniement n&rsquo;y changera rien, il risque m\u00eame d&rsquo;aggraver la situation. Nous refusons donc d&rsquo;\u00eatre t\u00e9moins de cette pi\u00e8ce de th\u00e9\u00e2tre et nous allons nous retirer\u00bb, a annonc\u00e9 la pr\u00e9sidente du PDL, Abir Moussi, ce mardi 26 janvier 2021, lors de la pl\u00e9ni\u00e8re consacr\u00e9e au vote de&#8230;<\/p>\n","protected":false},"author":6,"featured_media":333580,"comment_status":"open","ping_status":"open","sticky":false,"template":"","format":"standard","meta":{"footnotes":""},"categories":[997,2433],"tags":[15144,84,93,418,74899,33536,7356],"class_list":["post-333536","post","type-post","status-publish","format-standard","has-post-thumbnail","hentry","category-politique","category-tunisie","tag-abir-moussi","tag-arp","tag-assemblee","tag-gouvernement","tag-hichem-mechichi","tag-pdl","tag-remaniement-ministeriel"],"yoast_head":"<!-- This site is optimized with the Yoast SEO plugin v26.6 - https:\/\/yoast.com\/wordpress\/plugins\/seo\/ -->\n<title>Abir Moussi fustige Hichem Mechichi : \u00abLe bilan de votre gouvernement est catastrophique !\u00bb - Kapitalis<\/title>\n<meta name=\"robots\" content=\"index, follow, max-snippet:-1, max-image-preview:large, max-video-preview:-1\" \/>\n<link rel=\"canonical\" href=\"https:\/\/kapitalis.com\/tunisie\/2021\/01\/26\/abir-moussi-fustige-hichem-mechichi-le-bilan-de-votre-gouvernement-est-catastrophique\/\" \/>\n<meta property=\"og:locale\" content=\"fr_FR\" \/>\n<meta property=\"og:type\" content=\"article\" \/>\n<meta property=\"og:title\" content=\"Abir Moussi fustige Hichem Mechichi : \u00abLe bilan de votre gouvernement est catastrophique !\u00bb - Kapitalis\" \/>\n<meta property=\"og:description\" content=\"\u00abLe bilan de ce gouvernement est catastrophique et le remaniement n&rsquo;y changera rien, il risque m\u00eame d&rsquo;aggraver la situation. Nous refusons donc d&rsquo;\u00eatre t\u00e9moins de cette pi\u00e8ce de th\u00e9\u00e2tre et nous allons nous retirer\u00bb, a annonc\u00e9 la pr\u00e9sidente du PDL, Abir Moussi, ce mardi 26 janvier 2021, lors de la pl\u00e9ni\u00e8re consacr\u00e9e au vote de...\" \/>\n<meta property=\"og:url\" content=\"https:\/\/kapitalis.com\/tunisie\/2021\/01\/26\/abir-moussi-fustige-hichem-mechichi-le-bilan-de-votre-gouvernement-est-catastrophique\/\" \/>\n<meta property=\"og:site_name\" content=\"Kapitalis\" \/>\n<meta property=\"article:publisher\" content=\"https:\/\/www.facebook.com\/KapitalisInfo\/\" \/>\n<meta property=\"article:published_time\" content=\"2021-01-26T14:28:34+00:00\" \/>\n<meta property=\"article:modified_time\" content=\"2021-01-26T22:34:27+00:00\" \/>\n<meta property=\"og:image\" content=\"https:\/\/kapitalis.com\/tunisie\/wp-content\/uploads\/2022\/05\/kapitalis-logo-fb.png\" \/>\n\t<meta property=\"og:image:width\" content=\"1200\" \/>\n\t<meta property=\"og:image:height\" content=\"630\" \/>\n\t<meta property=\"og:image:type\" content=\"image\/png\" \/>\n<meta name=\"author\" content=\"Yusra NY\" \/>\n<meta name=\"twitter:card\" content=\"summary_large_image\" \/>\n<meta name=\"twitter:creator\" content=\"@KapitalisInfo\" \/>\n<meta name=\"twitter:site\" content=\"@KapitalisInfo\" \/>\n<meta name=\"twitter:label1\" content=\"\u00c9crit par\" \/>\n\t<meta name=\"twitter:data1\" content=\"Yusra NY\" \/>\n\t<meta name=\"twitter:label2\" content=\"Dur\u00e9e de lecture estim\u00e9e\" \/>\n\t<meta name=\"twitter:data2\" content=\"2 minutes\" \/>\n<script type=\"application\/ld+json\" class=\"yoast-schema-graph\">{\"@context\":\"https:\/\/schema.org\",\"@graph\":[{\"@type\":\"Article\",\"@id\":\"https:\/\/kapitalis.com\/tunisie\/2021\/01\/26\/abir-moussi-fustige-hichem-mechichi-le-bilan-de-votre-gouvernement-est-catastrophique\/#article\",\"isPartOf\":{\"@id\":\"https:\/\/kapitalis.com\/tunisie\/2021\/01\/26\/abir-moussi-fustige-hichem-mechichi-le-bilan-de-votre-gouvernement-est-catastrophique\/\"},\"author\":{\"name\":\"Yusra NY\",\"@id\":\"https:\/\/kapitalis.com\/tunisie\/#\/schema\/person\/74bbde0154d49d790a92aaeac5bc01d5\"},\"headline\":\"Abir Moussi fustige Hichem Mechichi : \u00abLe bilan de votre gouvernement est catastrophique !\u00bb\",\"datePublished\":\"2021-01-26T14:28:34+00:00\",\"dateModified\":\"2021-01-26T22:34:27+00:00\",\"mainEntityOfPage\":{\"@id\":\"https:\/\/kapitalis.com\/tunisie\/2021\/01\/26\/abir-moussi-fustige-hichem-mechichi-le-bilan-de-votre-gouvernement-est-catastrophique\/\"},\"wordCount\":464,\"commentCount\":3,\"publisher\":{\"@id\":\"https:\/\/kapitalis.com\/tunisie\/#organization\"},\"image\":{\"@id\":\"https:\/\/kapitalis.com\/tunisie\/2021\/01\/26\/abir-moussi-fustige-hichem-mechichi-le-bilan-de-votre-gouvernement-est-catastrophique\/#primaryimage\"},\"thumbnailUrl\":\"\",\"keywords\":[\"Abir Moussi\",\"ARP\",\"Assembl\u00e9e\",\"gouvernement\",\"Hichem Mechichi\",\"PDL\",\"remaniement minist\u00e9riel\"],\"articleSection\":[\"POLITIQUE\",\"Tunisie\"],\"inLanguage\":\"fr-FR\",\"potentialAction\":[{\"@type\":\"CommentAction\",\"name\":\"Comment\",\"target\":[\"https:\/\/kapitalis.com\/tunisie\/2021\/01\/26\/abir-moussi-fustige-hichem-mechichi-le-bilan-de-votre-gouvernement-est-catastrophique\/#respond\"]}]},{\"@type\":\"WebPage\",\"@id\":\"https:\/\/kapitalis.com\/tunisie\/2021\/01\/26\/abir-moussi-fustige-hichem-mechichi-le-bilan-de-votre-gouvernement-est-catastrophique\/\",\"url\":\"https:\/\/kapitalis.com\/tunisie\/2021\/01\/26\/abir-moussi-fustige-hichem-mechichi-le-bilan-de-votre-gouvernement-est-catastrophique\/\",\"name\":\"Abir Moussi fustige Hichem Mechichi : \u00abLe bilan de votre gouvernement est catastrophique !\u00bb - Kapitalis\",\"isPartOf\":{\"@id\":\"https:\/\/kapitalis.com\/tunisie\/#website\"},\"primaryImageOfPage\":{\"@id\":\"https:\/\/kapitalis.com\/tunisie\/2021\/01\/26\/abir-moussi-fustige-hichem-mechichi-le-bilan-de-votre-gouvernement-est-catastrophique\/#primaryimage\"},\"image\":{\"@id\":\"https:\/\/kapitalis.com\/tunisie\/2021\/01\/26\/abir-moussi-fustige-hichem-mechichi-le-bilan-de-votre-gouvernement-est-catastrophique\/#primaryimage\"},\"thumbnailUrl\":\"\",\"datePublished\":\"2021-01-26T14:28:34+00:00\",\"dateModified\":\"2021-01-26T22:34:27+00:00\",\"breadcrumb\":{\"@id\":\"https:\/\/kapitalis.com\/tunisie\/2021\/01\/26\/abir-moussi-fustige-hichem-mechichi-le-bilan-de-votre-gouvernement-est-catastrophique\/#breadcrumb\"},\"inLanguage\":\"fr-FR\",\"potentialAction\":[{\"@type\":\"ReadAction\",\"target\":[\"https:\/\/kapitalis.com\/tunisie\/2021\/01\/26\/abir-moussi-fustige-hichem-mechichi-le-bilan-de-votre-gouvernement-est-catastrophique\/\"]}]},{\"@type\":\"ImageObject\",\"inLanguage\":\"fr-FR\",\"@id\":\"https:\/\/kapitalis.com\/tunisie\/2021\/01\/26\/abir-moussi-fustige-hichem-mechichi-le-bilan-de-votre-gouvernement-est-catastrophique\/#primaryimage\",\"url\":\"\",\"contentUrl\":\"\"},{\"@type\":\"BreadcrumbList\",\"@id\":\"https:\/\/kapitalis.com\/tunisie\/2021\/01\/26\/abir-moussi-fustige-hichem-mechichi-le-bilan-de-votre-gouvernement-est-catastrophique\/#breadcrumb\",\"itemListElement\":[{\"@type\":\"ListItem\",\"position\":1,\"name\":\"Accueil\",\"item\":\"https:\/\/kapitalis.com\/tunisie\/\"},{\"@type\":\"ListItem\",\"position\":2,\"name\":\"Abir Moussi fustige Hichem Mechichi : \u00abLe bilan de votre gouvernement est catastrophique !\u00bb\"}]},{\"@type\":\"WebSite\",\"@id\":\"https:\/\/kapitalis.com\/tunisie\/#website\",\"url\":\"https:\/\/kapitalis.com\/tunisie\/\",\"name\":\"Kapitalis\",\"description\":\"L&#039;actualit\u00e9 en Tunisie et dans le monde\",\"publisher\":{\"@id\":\"https:\/\/kapitalis.com\/tunisie\/#organization\"},\"potentialAction\":[{\"@type\":\"SearchAction\",\"target\":{\"@type\":\"EntryPoint\",\"urlTemplate\":\"https:\/\/kapitalis.com\/tunisie\/?s={search_term_string}\"},\"query-input\":{\"@type\":\"PropertyValueSpecification\",\"valueRequired\":true,\"valueName\":\"search_term_string\"}}],\"inLanguage\":\"fr-FR\"},{\"@type\":\"Organization\",\"@id\":\"https:\/\/kapitalis.com\/tunisie\/#organization\",\"name\":\"Kapitalis\",\"url\":\"https:\/\/kapitalis.com\/tunisie\/\",\"logo\":{\"@type\":\"ImageObject\",\"inLanguage\":\"fr-FR\",\"@id\":\"https:\/\/kapitalis.com\/tunisie\/#\/schema\/logo\/image\/\",\"url\":\"https:\/\/kapitalis.com\/tunisie\/wp-content\/uploads\/2022\/05\/Kapitalis-big-size.png\",\"contentUrl\":\"https:\/\/kapitalis.com\/tunisie\/wp-content\/uploads\/2022\/05\/Kapitalis-big-size.png\",\"width\":5000,\"height\":1500,\"caption\":\"Kapitalis\"},\"image\":{\"@id\":\"https:\/\/kapitalis.com\/tunisie\/#\/schema\/logo\/image\/\"},\"sameAs\":[\"https:\/\/www.facebook.com\/KapitalisInfo\/\",\"https:\/\/x.com\/KapitalisInfo\",\"https:\/\/www.youtube.com\/channel\/UC-yDYrHyfFBWWZaOw3FPg9Q\"]},{\"@type\":\"Person\",\"@id\":\"https:\/\/kapitalis.com\/tunisie\/#\/schema\/person\/74bbde0154d49d790a92aaeac5bc01d5\",\"name\":\"Yusra NY\",\"url\":\"https:\/\/kapitalis.com\/tunisie\/author\/yuza_adam\/\"}]}<\/script>\n<!-- \/ Yoast SEO plugin. -->","yoast_head_json":{"title":"Abir Moussi fustige Hichem Mechichi : \u00abLe bilan de votre gouvernement est catastrophique !\u00bb - Kapitalis","robots":{"index":"index","follow":"follow","max-snippet":"max-snippet:-1","max-image-preview":"max-image-preview:large","max-video-preview":"max-video-preview:-1"},"canonical":"https:\/\/kapitalis.com\/tunisie\/2021\/01\/26\/abir-moussi-fustige-hichem-mechichi-le-bilan-de-votre-gouvernement-est-catastrophique\/","og_locale":"fr_FR","og_type":"article","og_title":"Abir Moussi fustige Hichem Mechichi : \u00abLe bilan de votre gouvernement est catastrophique !\u00bb - Kapitalis","og_description":"\u00abLe bilan de ce gouvernement est catastrophique et le remaniement n&rsquo;y changera rien, il risque m\u00eame d&rsquo;aggraver la situation. Nous refusons donc d&rsquo;\u00eatre t\u00e9moins de cette pi\u00e8ce de th\u00e9\u00e2tre et nous allons nous retirer\u00bb, a annonc\u00e9 la pr\u00e9sidente du PDL, Abir Moussi, ce mardi 26 janvier 2021, lors de la pl\u00e9ni\u00e8re consacr\u00e9e au vote de...","og_url":"https:\/\/kapitalis.com\/tunisie\/2021\/01\/26\/abir-moussi-fustige-hichem-mechichi-le-bilan-de-votre-gouvernement-est-catastrophique\/","og_site_name":"Kapitalis","article_publisher":"https:\/\/www.facebook.com\/KapitalisInfo\/","article_published_time":"2021-01-26T14:28:34+00:00","article_modified_time":"2021-01-26T22:34:27+00:00","og_image":[{"width":1200,"height":630,"url":"https:\/\/kapitalis.com\/tunisie\/wp-content\/uploads\/2022\/05\/kapitalis-logo-fb.png","type":"image\/png"}],"author":"Yusra NY","twitter_card":"summary_large_image","twitter_creator":"@KapitalisInfo","twitter_site":"@KapitalisInfo","twitter_misc":{"\u00c9crit par":"Yusra NY","Dur\u00e9e de lecture estim\u00e9e":"2 minutes"},"schema":{"@context":"https:\/\/schema.org","@graph":[{"@type":"Article","@id":"https:\/\/kapitalis.com\/tunisie\/2021\/01\/26\/abir-moussi-fustige-hichem-mechichi-le-bilan-de-votre-gouvernement-est-catastrophique\/#article","isPartOf":{"@id":"https:\/\/kapitalis.com\/tunisie\/2021\/01\/26\/abir-moussi-fustige-hichem-mechichi-le-bilan-de-votre-gouvernement-est-catastrophique\/"},"author":{"name":"Yusra NY","@id":"https:\/\/kapitalis.com\/tunisie\/#\/schema\/person\/74bbde0154d49d790a92aaeac5bc01d5"},"headline":"Abir Moussi fustige Hichem Mechichi : \u00abLe bilan de votre gouvernement est catastrophique !\u00bb","datePublished":"2021-01-26T14:28:34+00:00","dateModified":"2021-01-26T22:34:27+00:00","mainEntityOfPage":{"@id":"https:\/\/kapitalis.com\/tunisie\/2021\/01\/26\/abir-moussi-fustige-hichem-mechichi-le-bilan-de-votre-gouvernement-est-catastrophique\/"},"wordCount":464,"commentCount":3,"publisher":{"@id":"https:\/\/kapitalis.com\/tunisie\/#organization"},"image":{"@id":"https:\/\/kapitalis.com\/tunisie\/2021\/01\/26\/abir-moussi-fustige-hichem-mechichi-le-bilan-de-votre-gouvernement-est-catastrophique\/#primaryimage"},"thumbnailUrl":"","keywords":["Abir Moussi","ARP","Assembl\u00e9e","gouvernement","Hichem Mechichi","PDL","remaniement minist\u00e9riel"],"articleSection":["POLITIQUE","Tunisie"],"inLanguage":"fr-FR","potentialAction":[{"@type":"CommentAction","name":"Comment","target":["https:\/\/kapitalis.com\/tunisie\/2021\/01\/26\/abir-moussi-fustige-hichem-mechichi-le-bilan-de-votre-gouvernement-est-catastrophique\/#respond"]}]},{"@type":"WebPage","@id":"https:\/\/kapitalis.com\/tunisie\/2021\/01\/26\/abir-moussi-fustige-hichem-mechichi-le-bilan-de-votre-gouvernement-est-catastrophique\/","url":"https:\/\/kapitalis.com\/tunisie\/2021\/01\/26\/abir-moussi-fustige-hichem-mechichi-le-bilan-de-votre-gouvernement-est-catastrophique\/","name":"Abir Moussi fustige Hichem Mechichi : \u00abLe bilan de votre gouvernement est catastrophique !\u00bb - Kapitalis","isPartOf":{"@id":"https:\/\/kapitalis.com\/tunisie\/#website"},"primaryImageOfPage":{"@id":"https:\/\/kapitalis.com\/tunisie\/2021\/01\/26\/abir-moussi-fustige-hichem-mechichi-le-bilan-de-votre-gouvernement-est-catastrophique\/#primaryimage"},"image":{"@id":"https:\/\/kapitalis.com\/tunisie\/2021\/01\/26\/abir-moussi-fustige-hichem-mechichi-le-bilan-de-votre-gouvernement-est-catastrophique\/#primaryimage"},"thumbnailUrl":"","datePublished":"2021-01-26T14:28:34+00:00","dateModified":"2021-01-26T22:34:27+00:00","breadcrumb":{"@id":"https:\/\/kapitalis.com\/tunisie\/2021\/01\/26\/abir-moussi-fustige-hichem-mechichi-le-bilan-de-votre-gouvernement-est-catastrophique\/#breadcrumb"},"inLanguage":"fr-FR","potentialAction":[{"@type":"ReadAction","target":["https:\/\/kapitalis.com\/tunisie\/2021\/01\/26\/abir-moussi-fustige-hichem-mechichi-le-bilan-de-votre-gouvernement-est-catastrophique\/"]}]},{"@type":"ImageObject","inLanguage":"fr-FR","@id":"https:\/\/kapitalis.com\/tunisie\/2021\/01\/26\/abir-moussi-fustige-hichem-mechichi-le-bilan-de-votre-gouvernement-est-catastrophique\/#primaryimage","url":"","contentUrl":""},{"@type":"BreadcrumbList","@id":"https:\/\/kapitalis.com\/tunisie\/2021\/01\/26\/abir-moussi-fustige-hichem-mechichi-le-bilan-de-votre-gouvernement-est-catastrophique\/#breadcrumb","itemListElement":[{"@type":"ListItem","position":1,"name":"Accueil","item":"https:\/\/kapitalis.com\/tunisie\/"},{"@type":"ListItem","position":2,"name":"Abir Moussi fustige Hichem Mechichi : \u00abLe bilan de votre gouvernement est catastrophique !\u00bb"}]},{"@type":"WebSite","@id":"https:\/\/kapitalis.com\/tunisie\/#website","url":"https:\/\/kapitalis.com\/tunisie\/","name":"Kapitalis","description":"L&#039;actualit\u00e9 en Tunisie et dans le monde","publisher":{"@id":"https:\/\/kapitalis.com\/tunisie\/#organization"},"potentialAction":[{"@type":"SearchAction","target":{"@type":"EntryPoint","urlTemplate":"https:\/\/kapitalis.com\/tunisie\/?s={search_term_string}"},"query-input":{"@type":"PropertyValueSpecification","valueRequired":true,"valueName":"search_term_string"}}],"inLanguage":"fr-FR"},{"@type":"Organization","@id":"https:\/\/kapitalis.com\/tunisie\/#organization","name":"Kapitalis","url":"https:\/\/kapitalis.com\/tunisie\/","logo":{"@type":"ImageObject","inLanguage":"fr-FR","@id":"https:\/\/kapitalis.com\/tunisie\/#\/schema\/logo\/image\/","url":"https:\/\/kapitalis.com\/tunisie\/wp-content\/uploads\/2022\/05\/Kapitalis-big-size.png","contentUrl":"https:\/\/kapitalis.com\/tunisie\/wp-content\/uploads\/2022\/05\/Kapitalis-big-size.png","width":5000,"height":1500,"caption":"Kapitalis"},"image":{"@id":"https:\/\/kapitalis.com\/tunisie\/#\/schema\/logo\/image\/"},"sameAs":["https:\/\/www.facebook.com\/KapitalisInfo\/","https:\/\/x.com\/KapitalisInfo","https:\/\/www.youtube.com\/channel\/UC-yDYrHyfFBWWZaOw3FPg9Q"]},{"@type":"Person","@id":"https:\/\/kapitalis.com\/tunisie\/#\/schema\/person\/74bbde0154d49d790a92aaeac5bc01d5","name":"Yusra NY","url":"https:\/\/kapitalis.com\/tunisie\/author\/yuza_adam\/"}]}},"_links":{"self":[{"href":"https:\/\/kapitalis.com\/tunisie\/wp-json\/wp\/v2\/posts\/333536","targetHints":{"allow":["GET"]}}],"collection":[{"href":"https:\/\/kapitalis.com\/tunisie\/wp-json\/wp\/v2\/posts"}],"about":[{"href":"https:\/\/kapitalis.com\/tunisie\/wp-json\/wp\/v2\/types\/post"}],"author":[{"embeddable":true,"href":"https:\/\/kapitalis.com\/tunisie\/wp-json\/wp\/v2\/users\/6"}],"replies":[{"embeddable":true,"href":"https:\/\/kapitalis.com\/tunisie\/wp-json\/wp\/v2\/comments?post=333536"}],"version-history":[{"count":0,"href":"https:\/\/kapitalis.com\/tunisie\/wp-json\/wp\/v2\/posts\/333536\/revisions"}],"wp:featuredmedia":[{"embeddable":true,"href":"https:\/\/kapitalis.com\/tunisie\/wp-json\/wp\/v2\/media\/333580"}],"wp:attachment":[{"href":"https:\/\/kapitalis.com\/tunisie\/wp-json\/wp\/v2\/media?parent=333536"}],"wp:term":[{"taxonomy":"category","embeddable":true,"href":"https:\/\/kapitalis.com\/tunisie\/wp-json\/wp\/v2\/categories?post=333536"},{"taxonomy":"post_tag","embeddable":true,"href":"https:\/\/kapitalis.com\/tunisie\/wp-json\/wp\/v2\/tags?post=333536"}],"curies":[{"name":"wp","href":"https:\/\/api.w.org\/{rel}","templated":true}]}}