{"id":333605,"date":"2021-01-26T17:28:35","date_gmt":"2021-01-26T16:28:35","guid":{"rendered":"http:\/\/kapitalis.com\/tunisie\/?p=333605"},"modified":"2021-01-26T23:34:09","modified_gmt":"2021-01-26T22:34:09","slug":"elloumi-risee-de-la-toile-apres-avoir-attribue-une-citation-dibn-khaldoun-a-churchill-video","status":"publish","type":"post","link":"https:\/\/kapitalis.com\/tunisie\/2021\/01\/26\/elloumi-risee-de-la-toile-apres-avoir-attribue-une-citation-dibn-khaldoun-a-churchill-video\/","title":{"rendered":"Elloumi ris\u00e9e de la toile apr\u00e8s avoir attribu\u00e9 une citation d&rsquo;Ibn Khaldoun \u00e0 Churchill (Vid\u00e9o)"},"content":{"rendered":"\n<figure class=\"wp-block-image size-large\"><img decoding=\"async\" src=\"http:\/\/kapitalis.com\/tunisie\/wp-content\/uploads\/2021\/01\/Ibn-Khaldoun-yadh-elloumi.jpg\" alt=\"\" class=\"wp-image-333617\"\/><\/figure>\n\n\n\n<p><strong><em>L&rsquo;intervention du d\u00e9put\u00e9 Yadh Elloumi, lors de la pl\u00e9ni\u00e8re consacr\u00e9e au vote de confiance au remaniement minist\u00e9riel n&rsquo;est pas pass\u00e9e inaper\u00e7ue, ce mardi 26 janvier 2021, non pas pour sa port\u00e9e politique mais \u00e0 cause d&rsquo;une bourde commise par l&rsquo;\u00e9lu Qalb Tounes.<\/em><\/strong><\/p>\n\n\n\n<!--more-->\n\n\n\n<p>En effet, alors que le d\u00e9put\u00e9 parlait tr\u00e8s s\u00e9rieusement de la situation politique, en mena\u00e7ant de mettre fin au son mandat du pr\u00e9sident de la r\u00e9publique Ka\u00efs Sa\u00efed, via l\u2019article 88 de la constitution, et en \u00e9voquant l&rsquo;incarc\u00e9ration de Nabil Karoui, pr\u00e9sident de son parti, appelant la justice \u00e0 appliquer la loi avec \u00e9quit\u00e9 et \u00e0 rester \u00e0 l&rsquo;\u00e9cart des tiraillements politiques, il a lanc\u00e9 : \u00ab<em>Je crois sinc\u00e8rement que pour r\u00e9ussir, nous devons garder en t\u00eate la citation de Churchill qui a dit : \u00ab\u00a0la Justice est la base de toute civilisation\u00a0\u00bb\u00bb.<\/em><\/p>\n\n\n\n<p>Les internautes n&rsquo;ont pas rat\u00e9 cette occasion pour railler le d\u00e9put\u00e9, qui a attribu\u00e9 la citation du savant et penseur tunisien Ibn Khaldoun, \u00e0 l\u2019ancien Premier ministre britannique Winston Churchill.<\/p>\n\n\n\n<figure class=\"wp-block-gallery columns-2 is-cropped wp-block-gallery-1 is-layout-flex wp-block-gallery-is-layout-flex\"><ul class=\"blocks-gallery-grid\"><li class=\"blocks-gallery-item\"><figure><img decoding=\"async\" src=\"http:\/\/kapitalis.com\/tunisie\/wp-content\/uploads\/2021\/01\/Elloumi-post2.jpg\" alt=\"\" data-id=\"333624\" data-full-url=\"http:\/\/kapitalis.com\/tunisie\/wp-content\/uploads\/2021\/01\/Elloumi-post2.jpg\" data-link=\"http:\/\/kapitalis.com\/tunisie\/2021\/01\/26\/elloumi-risee-de-la-toile-apres-avoir-attribue-une-citation-dibn-khaldoun-a-churchill-video\/elloumi-post2\/\" class=\"wp-image-333624\"\/><\/figure><\/li><li class=\"blocks-gallery-item\"><figure><img decoding=\"async\" src=\"http:\/\/kapitalis.com\/tunisie\/wp-content\/uploads\/2021\/01\/Elloumi-post.jpg\" alt=\"\" data-id=\"333625\" data-full-url=\"http:\/\/kapitalis.com\/tunisie\/wp-content\/uploads\/2021\/01\/Elloumi-post.jpg\" data-link=\"http:\/\/kapitalis.com\/tunisie\/2021\/01\/26\/elloumi-risee-de-la-toile-apres-avoir-attribue-une-citation-dibn-khaldoun-a-churchill-video\/elloumi-post\/\" class=\"wp-image-333625\"\/><\/figure><\/li><li class=\"blocks-gallery-item\"><figure><img decoding=\"async\" src=\"http:\/\/kapitalis.com\/tunisie\/wp-content\/uploads\/2021\/01\/Elloumi-post3.jpg\" alt=\"\" data-id=\"333623\" data-full-url=\"http:\/\/kapitalis.com\/tunisie\/wp-content\/uploads\/2021\/01\/Elloumi-post3.jpg\" data-link=\"http:\/\/kapitalis.com\/tunisie\/2021\/01\/26\/elloumi-risee-de-la-toile-apres-avoir-attribue-une-citation-dibn-khaldoun-a-churchill-video\/elloumi-post3\/\" class=\"wp-image-333623\"\/><\/figure><\/li><\/ul><\/figure>\n\n\n\n<p>Sur les r\u00e9seaux sociaux, les internautes ont post\u00e9 des caricatures et des publications ironiques en inventant des citations en les attribuant \u00e0 des personnalit\u00e9s publiques ou encore en publiant des chansons arabes et en les attribuant \u00e0 des chanteurs fran\u00e7ais, \u00e0 l&rsquo;instar de Brel et Aznavour.<\/p>\n\n\n\n<p>Une petite parenth\u00e8se a \u00e9t\u00e9 ouverte, qui leur a permis de rire un peu dans une situation marqu\u00e9e par des tensions politiques et sociales, alors que le chef du gouvernement tente de passer \u00e0 l&rsquo;Assembl\u00e9e, un remaniement minist\u00e9riel dont beaucoup ne comprennent pas la necessit\u00e9, d&rsquo;autant que celui-ci a \u00e9t\u00e9 op\u00e9r\u00e9 pour r\u00e9pondre aux int\u00e9r\u00eats des partis le soutenant et non pour l\u2019int\u00e9r\u00eat du pays.<\/p>\n\n\n\n<p class=\"has-text-align-right\"><strong>Y. N.<\/strong><\/p>\n\n\n\n<div class=\"embed\">\n<div class=\"video\">\n<iframe loading=\"lazy\" src=\"https:\/\/www.facebook.com\/plugins\/video.php?height=476&#038;href=https%3A%2F%2Fwww.facebook.com%2F500995103263567%2Fvideos%2F185044466706172%2F&#038;show_text=false&#038;width=476\" width=\"476\" height=\"476\" style=\"border:none;overflow:hidden\" scrolling=\"no\" frameborder=\"0\" allowfullscreen=\"true\" allow=\"autoplay; clipboard-write; encrypted-media; picture-in-picture; web-share\" allowFullScreen=\"true\"><\/iframe>\n<\/div>\n<\/div>\n&nbsp;\n\n\n\n<figure class=\"wp-block-embed is-type-wp-embed is-provider-kapitalis wp-block-embed-kapitalis\"><div class=\"wp-block-embed__wrapper\">\n<blockquote class=\"wp-embedded-content\" data-secret=\"U0wOQWcBDj\"><a href=\"https:\/\/kapitalis.com\/tunisie\/2019\/10\/28\/le-premier-ministre-britannique-cite-ibn-khaldoun-pour-defendre-ses-theses-liberales\/\">Le Premier ministre britannique cite Ibn Khaldoun pour d\u00e9fendre ses th\u00e8ses lib\u00e9rales<\/a><\/blockquote><iframe loading=\"lazy\" class=\"wp-embedded-content\" sandbox=\"allow-scripts\" security=\"restricted\" style=\"position: absolute; clip: rect(1px, 1px, 1px, 1px);\" title=\"\u00ab\u00a0Le Premier ministre britannique cite Ibn Khaldoun pour d\u00e9fendre ses th\u00e8ses lib\u00e9rales\u00a0\u00bb &#8212; Kapitalis\" src=\"https:\/\/kapitalis.com\/tunisie\/2019\/10\/28\/le-premier-ministre-britannique-cite-ibn-khaldoun-pour-defendre-ses-theses-liberales\/embed\/#?secret=xGlQEpWPFY#?secret=U0wOQWcBDj\" data-secret=\"U0wOQWcBDj\" width=\"600\" height=\"338\" frameborder=\"0\" marginwidth=\"0\" marginheight=\"0\" scrolling=\"no\"><\/iframe>\n<\/div><\/figure>\n\n\n\n<figure class=\"wp-block-embed is-type-wp-embed is-provider-kapitalis wp-block-embed-kapitalis\"><div class=\"wp-block-embed__wrapper\">\n<blockquote class=\"wp-embedded-content\" data-secret=\"kukpLZ6aeW\"><a href=\"https:\/\/kapitalis.com\/tunisie\/2021\/01\/26\/yadh-elloumi-glorifie-les-ministres-proposes-par-mechichi-et-menace-de-mettre-fin-au-mandat-de-saied\/\">Yadh Elloumi glorifie les ministres propos\u00e9s par Mechichi et menace de mettre fin au mandat de Sa\u00efed<\/a><\/blockquote><iframe loading=\"lazy\" class=\"wp-embedded-content\" sandbox=\"allow-scripts\" security=\"restricted\" style=\"position: absolute; clip: rect(1px, 1px, 1px, 1px);\" title=\"\u00ab\u00a0Yadh Elloumi glorifie les ministres propos\u00e9s par Mechichi et menace de mettre fin au mandat de Sa\u00efed\u00a0\u00bb &#8212; Kapitalis\" src=\"https:\/\/kapitalis.com\/tunisie\/2021\/01\/26\/yadh-elloumi-glorifie-les-ministres-proposes-par-mechichi-et-menace-de-mettre-fin-au-mandat-de-saied\/embed\/#?secret=kSx1v3irMg#?secret=kukpLZ6aeW\" data-secret=\"kukpLZ6aeW\" width=\"600\" height=\"338\" frameborder=\"0\" marginwidth=\"0\" marginheight=\"0\" scrolling=\"no\"><\/iframe>\n<\/div><\/figure>\n\n\n\n\n\n<p><\/p>\n","protected":false},"excerpt":{"rendered":"<p>L&rsquo;intervention du d\u00e9put\u00e9 Yadh Elloumi, lors de la pl\u00e9ni\u00e8re consacr\u00e9e au vote de confiance au remaniement minist\u00e9riel n&rsquo;est pas pass\u00e9e inaper\u00e7ue, ce mardi 26 janvier 2021, non pas pour sa port\u00e9e politique mais \u00e0 cause d&rsquo;une bourde commise par l&rsquo;\u00e9lu Qalb Tounes.<\/p>\n","protected":false},"author":6,"featured_media":333617,"comment_status":"open","ping_status":"open","sticky":false,"template":"","format":"standard","meta":{"footnotes":""},"categories":[997,2433,4806],"tags":[93,86878,1347,66297,16468],"class_list":["post-333605","post","type-post","status-publish","format-standard","has-post-thumbnail","hentry","category-politique","category-tunisie","category-videos","tag-assemblee","tag-churchill","tag-depute","tag-elloumi","tag-ibn-khaldoun"],"yoast_head":"<!-- This site is optimized with the Yoast SEO plugin v26.6 - https:\/\/yoast.com\/wordpress\/plugins\/seo\/ -->\n<title>Elloumi ris\u00e9e de la toile apr\u00e8s avoir attribu\u00e9 une citation d&#039;Ibn Khaldoun \u00e0 Churchill (Vid\u00e9o) - Kapitalis<\/title>\n<meta name=\"robots\" content=\"index, follow, max-snippet:-1, max-image-preview:large, max-video-preview:-1\" \/>\n<link rel=\"canonical\" href=\"https:\/\/kapitalis.com\/tunisie\/2021\/01\/26\/elloumi-risee-de-la-toile-apres-avoir-attribue-une-citation-dibn-khaldoun-a-churchill-video\/\" \/>\n<meta property=\"og:locale\" content=\"fr_FR\" \/>\n<meta property=\"og:type\" content=\"article\" \/>\n<meta property=\"og:title\" content=\"Elloumi ris\u00e9e de la toile apr\u00e8s avoir attribu\u00e9 une citation d&#039;Ibn Khaldoun \u00e0 Churchill (Vid\u00e9o) - Kapitalis\" \/>\n<meta property=\"og:description\" content=\"L&rsquo;intervention du d\u00e9put\u00e9 Yadh Elloumi, lors de la pl\u00e9ni\u00e8re consacr\u00e9e au vote de confiance au remaniement minist\u00e9riel n&rsquo;est pas pass\u00e9e inaper\u00e7ue, ce mardi 26 janvier 2021, non pas pour sa port\u00e9e politique mais \u00e0 cause d&rsquo;une bourde commise par l&rsquo;\u00e9lu Qalb Tounes.\" \/>\n<meta property=\"og:url\" content=\"https:\/\/kapitalis.com\/tunisie\/2021\/01\/26\/elloumi-risee-de-la-toile-apres-avoir-attribue-une-citation-dibn-khaldoun-a-churchill-video\/\" \/>\n<meta property=\"og:site_name\" content=\"Kapitalis\" \/>\n<meta property=\"article:publisher\" content=\"https:\/\/www.facebook.com\/KapitalisInfo\/\" \/>\n<meta property=\"article:published_time\" content=\"2021-01-26T16:28:35+00:00\" \/>\n<meta property=\"article:modified_time\" content=\"2021-01-26T22:34:09+00:00\" \/>\n<meta property=\"og:image\" content=\"https:\/\/kapitalis.com\/tunisie\/wp-content\/uploads\/2022\/05\/kapitalis-logo-fb.png\" \/>\n\t<meta property=\"og:image:width\" content=\"1200\" \/>\n\t<meta property=\"og:image:height\" content=\"630\" \/>\n\t<meta property=\"og:image:type\" content=\"image\/png\" \/>\n<meta name=\"author\" content=\"Yusra NY\" \/>\n<meta name=\"twitter:card\" content=\"summary_large_image\" \/>\n<meta name=\"twitter:creator\" content=\"@KapitalisInfo\" \/>\n<meta name=\"twitter:site\" content=\"@KapitalisInfo\" \/>\n<meta name=\"twitter:label1\" content=\"\u00c9crit par\" \/>\n\t<meta name=\"twitter:data1\" content=\"Yusra NY\" \/>\n\t<meta name=\"twitter:label2\" content=\"Dur\u00e9e de lecture estim\u00e9e\" \/>\n\t<meta name=\"twitter:data2\" content=\"2 minutes\" \/>\n<script type=\"application\/ld+json\" class=\"yoast-schema-graph\">{\"@context\":\"https:\/\/schema.org\",\"@graph\":[{\"@type\":\"Article\",\"@id\":\"https:\/\/kapitalis.com\/tunisie\/2021\/01\/26\/elloumi-risee-de-la-toile-apres-avoir-attribue-une-citation-dibn-khaldoun-a-churchill-video\/#article\",\"isPartOf\":{\"@id\":\"https:\/\/kapitalis.com\/tunisie\/2021\/01\/26\/elloumi-risee-de-la-toile-apres-avoir-attribue-une-citation-dibn-khaldoun-a-churchill-video\/\"},\"author\":{\"name\":\"Yusra NY\",\"@id\":\"https:\/\/kapitalis.com\/tunisie\/#\/schema\/person\/74bbde0154d49d790a92aaeac5bc01d5\"},\"headline\":\"Elloumi ris\u00e9e de la toile apr\u00e8s avoir attribu\u00e9 une citation d&rsquo;Ibn Khaldoun \u00e0 Churchill (Vid\u00e9o)\",\"datePublished\":\"2021-01-26T16:28:35+00:00\",\"dateModified\":\"2021-01-26T22:34:09+00:00\",\"mainEntityOfPage\":{\"@id\":\"https:\/\/kapitalis.com\/tunisie\/2021\/01\/26\/elloumi-risee-de-la-toile-apres-avoir-attribue-une-citation-dibn-khaldoun-a-churchill-video\/\"},\"wordCount\":332,\"commentCount\":6,\"publisher\":{\"@id\":\"https:\/\/kapitalis.com\/tunisie\/#organization\"},\"image\":{\"@id\":\"https:\/\/kapitalis.com\/tunisie\/2021\/01\/26\/elloumi-risee-de-la-toile-apres-avoir-attribue-une-citation-dibn-khaldoun-a-churchill-video\/#primaryimage\"},\"thumbnailUrl\":\"\",\"keywords\":[\"Assembl\u00e9e\",\"Churchill\",\"d\u00e9put\u00e9\",\"Elloumi\",\"Ibn Khaldoun\"],\"articleSection\":[\"POLITIQUE\",\"Tunisie\",\"VIDEOS\"],\"inLanguage\":\"fr-FR\",\"potentialAction\":[{\"@type\":\"CommentAction\",\"name\":\"Comment\",\"target\":[\"https:\/\/kapitalis.com\/tunisie\/2021\/01\/26\/elloumi-risee-de-la-toile-apres-avoir-attribue-une-citation-dibn-khaldoun-a-churchill-video\/#respond\"]}]},{\"@type\":\"WebPage\",\"@id\":\"https:\/\/kapitalis.com\/tunisie\/2021\/01\/26\/elloumi-risee-de-la-toile-apres-avoir-attribue-une-citation-dibn-khaldoun-a-churchill-video\/\",\"url\":\"https:\/\/kapitalis.com\/tunisie\/2021\/01\/26\/elloumi-risee-de-la-toile-apres-avoir-attribue-une-citation-dibn-khaldoun-a-churchill-video\/\",\"name\":\"Elloumi ris\u00e9e de la toile apr\u00e8s avoir attribu\u00e9 une citation d'Ibn Khaldoun \u00e0 Churchill (Vid\u00e9o) - Kapitalis\",\"isPartOf\":{\"@id\":\"https:\/\/kapitalis.com\/tunisie\/#website\"},\"primaryImageOfPage\":{\"@id\":\"https:\/\/kapitalis.com\/tunisie\/2021\/01\/26\/elloumi-risee-de-la-toile-apres-avoir-attribue-une-citation-dibn-khaldoun-a-churchill-video\/#primaryimage\"},\"image\":{\"@id\":\"https:\/\/kapitalis.com\/tunisie\/2021\/01\/26\/elloumi-risee-de-la-toile-apres-avoir-attribue-une-citation-dibn-khaldoun-a-churchill-video\/#primaryimage\"},\"thumbnailUrl\":\"\",\"datePublished\":\"2021-01-26T16:28:35+00:00\",\"dateModified\":\"2021-01-26T22:34:09+00:00\",\"breadcrumb\":{\"@id\":\"https:\/\/kapitalis.com\/tunisie\/2021\/01\/26\/elloumi-risee-de-la-toile-apres-avoir-attribue-une-citation-dibn-khaldoun-a-churchill-video\/#breadcrumb\"},\"inLanguage\":\"fr-FR\",\"potentialAction\":[{\"@type\":\"ReadAction\",\"target\":[\"https:\/\/kapitalis.com\/tunisie\/2021\/01\/26\/elloumi-risee-de-la-toile-apres-avoir-attribue-une-citation-dibn-khaldoun-a-churchill-video\/\"]}]},{\"@type\":\"ImageObject\",\"inLanguage\":\"fr-FR\",\"@id\":\"https:\/\/kapitalis.com\/tunisie\/2021\/01\/26\/elloumi-risee-de-la-toile-apres-avoir-attribue-une-citation-dibn-khaldoun-a-churchill-video\/#primaryimage\",\"url\":\"\",\"contentUrl\":\"\"},{\"@type\":\"BreadcrumbList\",\"@id\":\"https:\/\/kapitalis.com\/tunisie\/2021\/01\/26\/elloumi-risee-de-la-toile-apres-avoir-attribue-une-citation-dibn-khaldoun-a-churchill-video\/#breadcrumb\",\"itemListElement\":[{\"@type\":\"ListItem\",\"position\":1,\"name\":\"Accueil\",\"item\":\"https:\/\/kapitalis.com\/tunisie\/\"},{\"@type\":\"ListItem\",\"position\":2,\"name\":\"Elloumi ris\u00e9e de la toile apr\u00e8s avoir attribu\u00e9 une citation d&rsquo;Ibn Khaldoun \u00e0 Churchill (Vid\u00e9o)\"}]},{\"@type\":\"WebSite\",\"@id\":\"https:\/\/kapitalis.com\/tunisie\/#website\",\"url\":\"https:\/\/kapitalis.com\/tunisie\/\",\"name\":\"Kapitalis\",\"description\":\"L&#039;actualit\u00e9 en Tunisie et dans le monde\",\"publisher\":{\"@id\":\"https:\/\/kapitalis.com\/tunisie\/#organization\"},\"potentialAction\":[{\"@type\":\"SearchAction\",\"target\":{\"@type\":\"EntryPoint\",\"urlTemplate\":\"https:\/\/kapitalis.com\/tunisie\/?s={search_term_string}\"},\"query-input\":{\"@type\":\"PropertyValueSpecification\",\"valueRequired\":true,\"valueName\":\"search_term_string\"}}],\"inLanguage\":\"fr-FR\"},{\"@type\":\"Organization\",\"@id\":\"https:\/\/kapitalis.com\/tunisie\/#organization\",\"name\":\"Kapitalis\",\"url\":\"https:\/\/kapitalis.com\/tunisie\/\",\"logo\":{\"@type\":\"ImageObject\",\"inLanguage\":\"fr-FR\",\"@id\":\"https:\/\/kapitalis.com\/tunisie\/#\/schema\/logo\/image\/\",\"url\":\"https:\/\/kapitalis.com\/tunisie\/wp-content\/uploads\/2022\/05\/Kapitalis-big-size.png\",\"contentUrl\":\"https:\/\/kapitalis.com\/tunisie\/wp-content\/uploads\/2022\/05\/Kapitalis-big-size.png\",\"width\":5000,\"height\":1500,\"caption\":\"Kapitalis\"},\"image\":{\"@id\":\"https:\/\/kapitalis.com\/tunisie\/#\/schema\/logo\/image\/\"},\"sameAs\":[\"https:\/\/www.facebook.com\/KapitalisInfo\/\",\"https:\/\/x.com\/KapitalisInfo\",\"https:\/\/www.youtube.com\/channel\/UC-yDYrHyfFBWWZaOw3FPg9Q\"]},{\"@type\":\"Person\",\"@id\":\"https:\/\/kapitalis.com\/tunisie\/#\/schema\/person\/74bbde0154d49d790a92aaeac5bc01d5\",\"name\":\"Yusra NY\",\"url\":\"https:\/\/kapitalis.com\/tunisie\/author\/yuza_adam\/\"}]}<\/script>\n<!-- \/ Yoast SEO plugin. -->","yoast_head_json":{"title":"Elloumi ris\u00e9e de la toile apr\u00e8s avoir attribu\u00e9 une citation d'Ibn Khaldoun \u00e0 Churchill (Vid\u00e9o) - Kapitalis","robots":{"index":"index","follow":"follow","max-snippet":"max-snippet:-1","max-image-preview":"max-image-preview:large","max-video-preview":"max-video-preview:-1"},"canonical":"https:\/\/kapitalis.com\/tunisie\/2021\/01\/26\/elloumi-risee-de-la-toile-apres-avoir-attribue-une-citation-dibn-khaldoun-a-churchill-video\/","og_locale":"fr_FR","og_type":"article","og_title":"Elloumi ris\u00e9e de la toile apr\u00e8s avoir attribu\u00e9 une citation d'Ibn Khaldoun \u00e0 Churchill (Vid\u00e9o) - Kapitalis","og_description":"L&rsquo;intervention du d\u00e9put\u00e9 Yadh Elloumi, lors de la pl\u00e9ni\u00e8re consacr\u00e9e au vote de confiance au remaniement minist\u00e9riel n&rsquo;est pas pass\u00e9e inaper\u00e7ue, ce mardi 26 janvier 2021, non pas pour sa port\u00e9e politique mais \u00e0 cause d&rsquo;une bourde commise par l&rsquo;\u00e9lu Qalb Tounes.","og_url":"https:\/\/kapitalis.com\/tunisie\/2021\/01\/26\/elloumi-risee-de-la-toile-apres-avoir-attribue-une-citation-dibn-khaldoun-a-churchill-video\/","og_site_name":"Kapitalis","article_publisher":"https:\/\/www.facebook.com\/KapitalisInfo\/","article_published_time":"2021-01-26T16:28:35+00:00","article_modified_time":"2021-01-26T22:34:09+00:00","og_image":[{"width":1200,"height":630,"url":"https:\/\/kapitalis.com\/tunisie\/wp-content\/uploads\/2022\/05\/kapitalis-logo-fb.png","type":"image\/png"}],"author":"Yusra NY","twitter_card":"summary_large_image","twitter_creator":"@KapitalisInfo","twitter_site":"@KapitalisInfo","twitter_misc":{"\u00c9crit par":"Yusra NY","Dur\u00e9e de lecture estim\u00e9e":"2 minutes"},"schema":{"@context":"https:\/\/schema.org","@graph":[{"@type":"Article","@id":"https:\/\/kapitalis.com\/tunisie\/2021\/01\/26\/elloumi-risee-de-la-toile-apres-avoir-attribue-une-citation-dibn-khaldoun-a-churchill-video\/#article","isPartOf":{"@id":"https:\/\/kapitalis.com\/tunisie\/2021\/01\/26\/elloumi-risee-de-la-toile-apres-avoir-attribue-une-citation-dibn-khaldoun-a-churchill-video\/"},"author":{"name":"Yusra NY","@id":"https:\/\/kapitalis.com\/tunisie\/#\/schema\/person\/74bbde0154d49d790a92aaeac5bc01d5"},"headline":"Elloumi ris\u00e9e de la toile apr\u00e8s avoir attribu\u00e9 une citation d&rsquo;Ibn Khaldoun \u00e0 Churchill (Vid\u00e9o)","datePublished":"2021-01-26T16:28:35+00:00","dateModified":"2021-01-26T22:34:09+00:00","mainEntityOfPage":{"@id":"https:\/\/kapitalis.com\/tunisie\/2021\/01\/26\/elloumi-risee-de-la-toile-apres-avoir-attribue-une-citation-dibn-khaldoun-a-churchill-video\/"},"wordCount":332,"commentCount":6,"publisher":{"@id":"https:\/\/kapitalis.com\/tunisie\/#organization"},"image":{"@id":"https:\/\/kapitalis.com\/tunisie\/2021\/01\/26\/elloumi-risee-de-la-toile-apres-avoir-attribue-une-citation-dibn-khaldoun-a-churchill-video\/#primaryimage"},"thumbnailUrl":"","keywords":["Assembl\u00e9e","Churchill","d\u00e9put\u00e9","Elloumi","Ibn Khaldoun"],"articleSection":["POLITIQUE","Tunisie","VIDEOS"],"inLanguage":"fr-FR","potentialAction":[{"@type":"CommentAction","name":"Comment","target":["https:\/\/kapitalis.com\/tunisie\/2021\/01\/26\/elloumi-risee-de-la-toile-apres-avoir-attribue-une-citation-dibn-khaldoun-a-churchill-video\/#respond"]}]},{"@type":"WebPage","@id":"https:\/\/kapitalis.com\/tunisie\/2021\/01\/26\/elloumi-risee-de-la-toile-apres-avoir-attribue-une-citation-dibn-khaldoun-a-churchill-video\/","url":"https:\/\/kapitalis.com\/tunisie\/2021\/01\/26\/elloumi-risee-de-la-toile-apres-avoir-attribue-une-citation-dibn-khaldoun-a-churchill-video\/","name":"Elloumi ris\u00e9e de la toile apr\u00e8s avoir attribu\u00e9 une citation d'Ibn Khaldoun \u00e0 Churchill (Vid\u00e9o) - Kapitalis","isPartOf":{"@id":"https:\/\/kapitalis.com\/tunisie\/#website"},"primaryImageOfPage":{"@id":"https:\/\/kapitalis.com\/tunisie\/2021\/01\/26\/elloumi-risee-de-la-toile-apres-avoir-attribue-une-citation-dibn-khaldoun-a-churchill-video\/#primaryimage"},"image":{"@id":"https:\/\/kapitalis.com\/tunisie\/2021\/01\/26\/elloumi-risee-de-la-toile-apres-avoir-attribue-une-citation-dibn-khaldoun-a-churchill-video\/#primaryimage"},"thumbnailUrl":"","datePublished":"2021-01-26T16:28:35+00:00","dateModified":"2021-01-26T22:34:09+00:00","breadcrumb":{"@id":"https:\/\/kapitalis.com\/tunisie\/2021\/01\/26\/elloumi-risee-de-la-toile-apres-avoir-attribue-une-citation-dibn-khaldoun-a-churchill-video\/#breadcrumb"},"inLanguage":"fr-FR","potentialAction":[{"@type":"ReadAction","target":["https:\/\/kapitalis.com\/tunisie\/2021\/01\/26\/elloumi-risee-de-la-toile-apres-avoir-attribue-une-citation-dibn-khaldoun-a-churchill-video\/"]}]},{"@type":"ImageObject","inLanguage":"fr-FR","@id":"https:\/\/kapitalis.com\/tunisie\/2021\/01\/26\/elloumi-risee-de-la-toile-apres-avoir-attribue-une-citation-dibn-khaldoun-a-churchill-video\/#primaryimage","url":"","contentUrl":""},{"@type":"BreadcrumbList","@id":"https:\/\/kapitalis.com\/tunisie\/2021\/01\/26\/elloumi-risee-de-la-toile-apres-avoir-attribue-une-citation-dibn-khaldoun-a-churchill-video\/#breadcrumb","itemListElement":[{"@type":"ListItem","position":1,"name":"Accueil","item":"https:\/\/kapitalis.com\/tunisie\/"},{"@type":"ListItem","position":2,"name":"Elloumi ris\u00e9e de la toile apr\u00e8s avoir attribu\u00e9 une citation d&rsquo;Ibn Khaldoun \u00e0 Churchill (Vid\u00e9o)"}]},{"@type":"WebSite","@id":"https:\/\/kapitalis.com\/tunisie\/#website","url":"https:\/\/kapitalis.com\/tunisie\/","name":"Kapitalis","description":"L&#039;actualit\u00e9 en Tunisie et dans le monde","publisher":{"@id":"https:\/\/kapitalis.com\/tunisie\/#organization"},"potentialAction":[{"@type":"SearchAction","target":{"@type":"EntryPoint","urlTemplate":"https:\/\/kapitalis.com\/tunisie\/?s={search_term_string}"},"query-input":{"@type":"PropertyValueSpecification","valueRequired":true,"valueName":"search_term_string"}}],"inLanguage":"fr-FR"},{"@type":"Organization","@id":"https:\/\/kapitalis.com\/tunisie\/#organization","name":"Kapitalis","url":"https:\/\/kapitalis.com\/tunisie\/","logo":{"@type":"ImageObject","inLanguage":"fr-FR","@id":"https:\/\/kapitalis.com\/tunisie\/#\/schema\/logo\/image\/","url":"https:\/\/kapitalis.com\/tunisie\/wp-content\/uploads\/2022\/05\/Kapitalis-big-size.png","contentUrl":"https:\/\/kapitalis.com\/tunisie\/wp-content\/uploads\/2022\/05\/Kapitalis-big-size.png","width":5000,"height":1500,"caption":"Kapitalis"},"image":{"@id":"https:\/\/kapitalis.com\/tunisie\/#\/schema\/logo\/image\/"},"sameAs":["https:\/\/www.facebook.com\/KapitalisInfo\/","https:\/\/x.com\/KapitalisInfo","https:\/\/www.youtube.com\/channel\/UC-yDYrHyfFBWWZaOw3FPg9Q"]},{"@type":"Person","@id":"https:\/\/kapitalis.com\/tunisie\/#\/schema\/person\/74bbde0154d49d790a92aaeac5bc01d5","name":"Yusra NY","url":"https:\/\/kapitalis.com\/tunisie\/author\/yuza_adam\/"}]}},"_links":{"self":[{"href":"https:\/\/kapitalis.com\/tunisie\/wp-json\/wp\/v2\/posts\/333605","targetHints":{"allow":["GET"]}}],"collection":[{"href":"https:\/\/kapitalis.com\/tunisie\/wp-json\/wp\/v2\/posts"}],"about":[{"href":"https:\/\/kapitalis.com\/tunisie\/wp-json\/wp\/v2\/types\/post"}],"author":[{"embeddable":true,"href":"https:\/\/kapitalis.com\/tunisie\/wp-json\/wp\/v2\/users\/6"}],"replies":[{"embeddable":true,"href":"https:\/\/kapitalis.com\/tunisie\/wp-json\/wp\/v2\/comments?post=333605"}],"version-history":[{"count":0,"href":"https:\/\/kapitalis.com\/tunisie\/wp-json\/wp\/v2\/posts\/333605\/revisions"}],"wp:featuredmedia":[{"embeddable":true,"href":"https:\/\/kapitalis.com\/tunisie\/wp-json\/wp\/v2\/media\/333617"}],"wp:attachment":[{"href":"https:\/\/kapitalis.com\/tunisie\/wp-json\/wp\/v2\/media?parent=333605"}],"wp:term":[{"taxonomy":"category","embeddable":true,"href":"https:\/\/kapitalis.com\/tunisie\/wp-json\/wp\/v2\/categories?post=333605"},{"taxonomy":"post_tag","embeddable":true,"href":"https:\/\/kapitalis.com\/tunisie\/wp-json\/wp\/v2\/tags?post=333605"}],"curies":[{"name":"wp","href":"https:\/\/api.w.org\/{rel}","templated":true}]}}