{"id":333677,"date":"2021-01-27T02:13:56","date_gmt":"2021-01-27T01:13:56","guid":{"rendered":"http:\/\/kapitalis.com\/tunisie\/?p=333677"},"modified":"2021-01-27T02:17:29","modified_gmt":"2021-01-27T01:17:29","slug":"apres-ladoption-du-remaniement-ministeriel-ghannouchi-publie-un-communique-pour-defendre-les-deputes-al-karama","status":"publish","type":"post","link":"https:\/\/kapitalis.com\/tunisie\/2021\/01\/27\/apres-ladoption-du-remaniement-ministeriel-ghannouchi-publie-un-communique-pour-defendre-les-deputes-al-karama\/","title":{"rendered":"Apr\u00e8s l&rsquo;adoption du remaniement minist\u00e9riel, Ghannouchi publie un communiqu\u00e9 pour d\u00e9fendre les d\u00e9put\u00e9s Al-Karama"},"content":{"rendered":"\n<figure class=\"wp-block-image size-large\"><img decoding=\"async\" src=\"http:\/\/kapitalis.com\/tunisie\/wp-content\/uploads\/2021\/01\/Ghannouchi-Karama.jpg\" alt=\"\" class=\"wp-image-333685\"\/><\/figure>\n\n\n\n<p><strong><em>Le pr\u00e9sident de l&rsquo;Assembl\u00e9e, Rached Ghannouchi a publi\u00e9 un communiqu\u00e9 dans la nuit du mardi 26 au mercredi 27 d\u00e9cembre 2021, soit peu de temps apr\u00e8s l&rsquo;adoption du remaniement minist\u00e9riel par les d\u00e9put\u00e9s,<\/em><\/strong> <strong><em>pour \u00abcondamner fermement la violence verbale des \u00e9lus du bloc d\u00e9mocratique Anouar Bechahed et Mounira Ayari, contre ceux du bloc Al-Karama\u00bb.<\/em><\/strong>..<\/p>\n\n\n\n<!--more-->\n\n\n\n<p>Le communiqu\u00e9 publi\u00e9 vers 1h du matin (y avait-il urgence ?) pr\u00e9cise que cette condamnation intervient \u00ab<em>apr\u00e8s consultation du rapport de l\u2019\u00e9quipe d\u2019enqu\u00eate charg\u00e9e par le pr\u00e9sident de l&rsquo;Assembl\u00e9e et apr\u00e8s avoir pris connaissance de tous les enregistrements et les t\u00e9moignages sur les \u00e9v\u00e8nements du 7 d\u00e9cembre 2020\u00bb<\/em><\/p>\n\n\n\n<p>Le pr\u00e9sident de l&rsquo;Assembl\u00e9e, chef du parti islamiste et alli\u00e9 d&rsquo;Al-Karama a appel\u00e9 \u00e0 ce que cela ne se reproduise plus, tout en demandant \u00e0 tous les d\u00e9put\u00e9s <em>\u00abde respecter le r\u00e8glement int\u00e9rieur et \u00e0 se conformer aux valeurs \u00e9thiques du travail parlementaire\u00bb.<\/em><\/p>\n\n\n\n<p>Ce communiqu\u00e9 de d\u00e9nonciation en faveur des d\u00e9put\u00e9s Al-Karama,a \u00e9t\u00e9 publi\u00e9 \u00e0 l&rsquo;issue du vote de confiance aux nouveaux ministres du gouvernement Mechichi, soutenus par Ennahdha et Qalb Tounes\u2026 Une sorte de renvoi d\u2019ascenseur. Honni soit qui mal y pense !<\/p>\n\n\n\n<p>Rappelons que le 15 janvier courant, le pr\u00e9sident de l\u2019Assembl\u00e9e avait d\u00e9nonc\u00e9 les agressions commises par des d\u00e9put\u00e9s Al-Karama contre leurs coll\u00e8gues du bloc d\u00e9mocratique. Le communiqu\u00e9 de Ghannouchi avait cependant \u00e9t\u00e9 publi\u00e9 un mois apr\u00e8s le sit-in et une gr\u00e8ve de la faim observ\u00e9e par les victimes\u2026<\/p>\n\n\n\n<p>Le soir m\u00eame Siefeddine Makhlouf avait qualifi\u00e9 ce communiqu\u00e9 du 15 janvier de \u00ab<em>coup de poignard dans le dos\u00bb<\/em>, en mena\u00e7ant : <em>\u00abNous ne sommes concern\u00e9s par aucune alliance&#8230;. Nous ne voterons pas pour le remaniement minist\u00e9riel, ni pour quoi que ce soit d&rsquo;autre\u00bb<\/em>.<\/p>\n\n\n\n<p>D\u00e9sormais tout semble \u00eatre  rentr\u00e9 dans l&rsquo;ordre entre les islamistes, apr\u00e8s cet<em> \u00ab\u00e9change de bons proc\u00e9d\u00e9s\u00bb<\/em>&#8230;<\/p>\n\n\n\n<p class=\"has-text-align-right\"><strong>Y. N.<\/strong><\/p>\n\n\n\n<figure class=\"wp-block-embed is-type-wp-embed is-provider-kapitalis wp-block-embed-kapitalis\"><div class=\"wp-block-embed__wrapper\">\n<blockquote class=\"wp-embedded-content\" data-secret=\"VM5K2KLIIA\"><a href=\"https:\/\/kapitalis.com\/tunisie\/2021\/01\/15\/makhlouf-qualifie-le-communique-de-ghannouchi-de-coup-de-poignard-dans-le-dos\/\">Makhlouf qualifie le communiqu\u00e9 de Ghannouchi de \u00abcoup de poignard dans le dos\u00bb<\/a><\/blockquote><iframe loading=\"lazy\" class=\"wp-embedded-content\" sandbox=\"allow-scripts\" security=\"restricted\" style=\"position: absolute; clip: rect(1px, 1px, 1px, 1px);\" title=\"\u00ab\u00a0Makhlouf qualifie le communiqu\u00e9 de Ghannouchi de \u00abcoup de poignard dans le dos\u00bb\u00a0\u00bb &#8212; Kapitalis\" src=\"https:\/\/kapitalis.com\/tunisie\/2021\/01\/15\/makhlouf-qualifie-le-communique-de-ghannouchi-de-coup-de-poignard-dans-le-dos\/embed\/#?secret=FS7jIZRvqM#?secret=VM5K2KLIIA\" data-secret=\"VM5K2KLIIA\" width=\"600\" height=\"338\" frameborder=\"0\" marginwidth=\"0\" marginheight=\"0\" scrolling=\"no\"><\/iframe>\n<\/div><\/figure>\n\n\n\n<figure class=\"wp-block-embed is-type-wp-embed is-provider-kapitalis wp-block-embed-kapitalis\"><div class=\"wp-block-embed__wrapper\">\n<blockquote class=\"wp-embedded-content\" data-secret=\"YGK8jTMnhD\"><a href=\"https:\/\/kapitalis.com\/tunisie\/2020\/12\/07\/deputes-agresses-au-parlement-ajbouni-estime-que-ghannouchi-est-responsable-de-cette-situation\/\">D\u00e9put\u00e9s agress\u00e9s au parlement : Ajbouni estime que Ghannouchi est responsable de cette situation<\/a><\/blockquote><iframe loading=\"lazy\" class=\"wp-embedded-content\" sandbox=\"allow-scripts\" security=\"restricted\" style=\"position: absolute; clip: rect(1px, 1px, 1px, 1px);\" title=\"\u00ab\u00a0D\u00e9put\u00e9s agress\u00e9s au parlement : Ajbouni estime que Ghannouchi est responsable de cette situation\u00a0\u00bb &#8212; Kapitalis\" src=\"https:\/\/kapitalis.com\/tunisie\/2020\/12\/07\/deputes-agresses-au-parlement-ajbouni-estime-que-ghannouchi-est-responsable-de-cette-situation\/embed\/#?secret=yUrNUa3LsV#?secret=YGK8jTMnhD\" data-secret=\"YGK8jTMnhD\" width=\"600\" height=\"338\" frameborder=\"0\" marginwidth=\"0\" marginheight=\"0\" scrolling=\"no\"><\/iframe>\n<\/div><\/figure>\n","protected":false},"excerpt":{"rendered":"<p>Le pr\u00e9sident de l&rsquo;Assembl\u00e9e, Rached Ghannouchi a publi\u00e9 un communiqu\u00e9 dans la nuit du mardi 26 au mercredi 27 d\u00e9cembre 2021, soit peu de temps apr\u00e8s l&rsquo;adoption du remaniement minist\u00e9riel par les d\u00e9put\u00e9s, pour \u00abcondamner fermement la violence verbale des \u00e9lus du bloc d\u00e9mocratique Anouar Bechahed et Mounira Ayari, contre ceux du bloc Al-Karama\u00bb&#8230;<\/p>\n","protected":false},"author":6,"featured_media":333685,"comment_status":"open","ping_status":"open","sticky":false,"template":"","format":"standard","meta":{"footnotes":""},"categories":[997,2433],"tags":[76464,93,81345,413,81393,80722,6459,6581],"class_list":["post-333677","post","type-post","status-publish","format-standard","has-post-thumbnail","hentry","category-politique","category-tunisie","tag-al-karama-2","tag-assemblee","tag-bloc-democratique","tag-ghannouchi","tag-gouvernement-mechichi","tag-makhlouf","tag-remaniement","tag-violences"],"yoast_head":"<!-- This site is optimized with the Yoast SEO plugin v26.6 - https:\/\/yoast.com\/wordpress\/plugins\/seo\/ -->\n<title>Apr\u00e8s l&#039;adoption du remaniement minist\u00e9riel, Ghannouchi publie un communiqu\u00e9 pour d\u00e9fendre les d\u00e9put\u00e9s Al-Karama - Kapitalis<\/title>\n<meta name=\"robots\" content=\"index, follow, max-snippet:-1, max-image-preview:large, max-video-preview:-1\" \/>\n<link rel=\"canonical\" href=\"https:\/\/kapitalis.com\/tunisie\/2021\/01\/27\/apres-ladoption-du-remaniement-ministeriel-ghannouchi-publie-un-communique-pour-defendre-les-deputes-al-karama\/\" \/>\n<meta property=\"og:locale\" content=\"fr_FR\" \/>\n<meta property=\"og:type\" content=\"article\" \/>\n<meta property=\"og:title\" content=\"Apr\u00e8s l&#039;adoption du remaniement minist\u00e9riel, Ghannouchi publie un communiqu\u00e9 pour d\u00e9fendre les d\u00e9put\u00e9s Al-Karama - Kapitalis\" \/>\n<meta property=\"og:description\" content=\"Le pr\u00e9sident de l&rsquo;Assembl\u00e9e, Rached Ghannouchi a publi\u00e9 un communiqu\u00e9 dans la nuit du mardi 26 au mercredi 27 d\u00e9cembre 2021, soit peu de temps apr\u00e8s l&rsquo;adoption du remaniement minist\u00e9riel par les d\u00e9put\u00e9s, pour \u00abcondamner fermement la violence verbale des \u00e9lus du bloc d\u00e9mocratique Anouar Bechahed et Mounira Ayari, contre ceux du bloc Al-Karama\u00bb...\" \/>\n<meta property=\"og:url\" content=\"https:\/\/kapitalis.com\/tunisie\/2021\/01\/27\/apres-ladoption-du-remaniement-ministeriel-ghannouchi-publie-un-communique-pour-defendre-les-deputes-al-karama\/\" \/>\n<meta property=\"og:site_name\" content=\"Kapitalis\" \/>\n<meta property=\"article:publisher\" content=\"https:\/\/www.facebook.com\/KapitalisInfo\/\" \/>\n<meta property=\"article:published_time\" content=\"2021-01-27T01:13:56+00:00\" \/>\n<meta property=\"article:modified_time\" content=\"2021-01-27T01:17:29+00:00\" \/>\n<meta property=\"og:image\" content=\"https:\/\/kapitalis.com\/tunisie\/wp-content\/uploads\/2022\/05\/kapitalis-logo-fb.png\" \/>\n\t<meta property=\"og:image:width\" content=\"1200\" \/>\n\t<meta property=\"og:image:height\" content=\"630\" \/>\n\t<meta property=\"og:image:type\" content=\"image\/png\" \/>\n<meta name=\"author\" content=\"Yusra NY\" \/>\n<meta name=\"twitter:card\" content=\"summary_large_image\" \/>\n<meta name=\"twitter:creator\" content=\"@KapitalisInfo\" \/>\n<meta name=\"twitter:site\" content=\"@KapitalisInfo\" \/>\n<meta name=\"twitter:label1\" content=\"\u00c9crit par\" \/>\n\t<meta name=\"twitter:data1\" content=\"Yusra NY\" \/>\n\t<meta name=\"twitter:label2\" content=\"Dur\u00e9e de lecture estim\u00e9e\" \/>\n\t<meta name=\"twitter:data2\" content=\"2 minutes\" \/>\n<script type=\"application\/ld+json\" class=\"yoast-schema-graph\">{\"@context\":\"https:\/\/schema.org\",\"@graph\":[{\"@type\":\"Article\",\"@id\":\"https:\/\/kapitalis.com\/tunisie\/2021\/01\/27\/apres-ladoption-du-remaniement-ministeriel-ghannouchi-publie-un-communique-pour-defendre-les-deputes-al-karama\/#article\",\"isPartOf\":{\"@id\":\"https:\/\/kapitalis.com\/tunisie\/2021\/01\/27\/apres-ladoption-du-remaniement-ministeriel-ghannouchi-publie-un-communique-pour-defendre-les-deputes-al-karama\/\"},\"author\":{\"name\":\"Yusra NY\",\"@id\":\"https:\/\/kapitalis.com\/tunisie\/#\/schema\/person\/74bbde0154d49d790a92aaeac5bc01d5\"},\"headline\":\"Apr\u00e8s l&rsquo;adoption du remaniement minist\u00e9riel, Ghannouchi publie un communiqu\u00e9 pour d\u00e9fendre les d\u00e9put\u00e9s Al-Karama\",\"datePublished\":\"2021-01-27T01:13:56+00:00\",\"dateModified\":\"2021-01-27T01:17:29+00:00\",\"mainEntityOfPage\":{\"@id\":\"https:\/\/kapitalis.com\/tunisie\/2021\/01\/27\/apres-ladoption-du-remaniement-ministeriel-ghannouchi-publie-un-communique-pour-defendre-les-deputes-al-karama\/\"},\"wordCount\":361,\"commentCount\":2,\"publisher\":{\"@id\":\"https:\/\/kapitalis.com\/tunisie\/#organization\"},\"image\":{\"@id\":\"https:\/\/kapitalis.com\/tunisie\/2021\/01\/27\/apres-ladoption-du-remaniement-ministeriel-ghannouchi-publie-un-communique-pour-defendre-les-deputes-al-karama\/#primaryimage\"},\"thumbnailUrl\":\"\",\"keywords\":[\"Al-Karama\",\"Assembl\u00e9e\",\"bloc d\u00e9mocratique\",\"ghannouchi\",\"Gouvernement Mechichi\",\"Makhlouf\",\"remaniement\",\"violences\"],\"articleSection\":[\"POLITIQUE\",\"Tunisie\"],\"inLanguage\":\"fr-FR\",\"potentialAction\":[{\"@type\":\"CommentAction\",\"name\":\"Comment\",\"target\":[\"https:\/\/kapitalis.com\/tunisie\/2021\/01\/27\/apres-ladoption-du-remaniement-ministeriel-ghannouchi-publie-un-communique-pour-defendre-les-deputes-al-karama\/#respond\"]}]},{\"@type\":\"WebPage\",\"@id\":\"https:\/\/kapitalis.com\/tunisie\/2021\/01\/27\/apres-ladoption-du-remaniement-ministeriel-ghannouchi-publie-un-communique-pour-defendre-les-deputes-al-karama\/\",\"url\":\"https:\/\/kapitalis.com\/tunisie\/2021\/01\/27\/apres-ladoption-du-remaniement-ministeriel-ghannouchi-publie-un-communique-pour-defendre-les-deputes-al-karama\/\",\"name\":\"Apr\u00e8s l'adoption du remaniement minist\u00e9riel, Ghannouchi publie un communiqu\u00e9 pour d\u00e9fendre les d\u00e9put\u00e9s Al-Karama - Kapitalis\",\"isPartOf\":{\"@id\":\"https:\/\/kapitalis.com\/tunisie\/#website\"},\"primaryImageOfPage\":{\"@id\":\"https:\/\/kapitalis.com\/tunisie\/2021\/01\/27\/apres-ladoption-du-remaniement-ministeriel-ghannouchi-publie-un-communique-pour-defendre-les-deputes-al-karama\/#primaryimage\"},\"image\":{\"@id\":\"https:\/\/kapitalis.com\/tunisie\/2021\/01\/27\/apres-ladoption-du-remaniement-ministeriel-ghannouchi-publie-un-communique-pour-defendre-les-deputes-al-karama\/#primaryimage\"},\"thumbnailUrl\":\"\",\"datePublished\":\"2021-01-27T01:13:56+00:00\",\"dateModified\":\"2021-01-27T01:17:29+00:00\",\"breadcrumb\":{\"@id\":\"https:\/\/kapitalis.com\/tunisie\/2021\/01\/27\/apres-ladoption-du-remaniement-ministeriel-ghannouchi-publie-un-communique-pour-defendre-les-deputes-al-karama\/#breadcrumb\"},\"inLanguage\":\"fr-FR\",\"potentialAction\":[{\"@type\":\"ReadAction\",\"target\":[\"https:\/\/kapitalis.com\/tunisie\/2021\/01\/27\/apres-ladoption-du-remaniement-ministeriel-ghannouchi-publie-un-communique-pour-defendre-les-deputes-al-karama\/\"]}]},{\"@type\":\"ImageObject\",\"inLanguage\":\"fr-FR\",\"@id\":\"https:\/\/kapitalis.com\/tunisie\/2021\/01\/27\/apres-ladoption-du-remaniement-ministeriel-ghannouchi-publie-un-communique-pour-defendre-les-deputes-al-karama\/#primaryimage\",\"url\":\"\",\"contentUrl\":\"\"},{\"@type\":\"BreadcrumbList\",\"@id\":\"https:\/\/kapitalis.com\/tunisie\/2021\/01\/27\/apres-ladoption-du-remaniement-ministeriel-ghannouchi-publie-un-communique-pour-defendre-les-deputes-al-karama\/#breadcrumb\",\"itemListElement\":[{\"@type\":\"ListItem\",\"position\":1,\"name\":\"Accueil\",\"item\":\"https:\/\/kapitalis.com\/tunisie\/\"},{\"@type\":\"ListItem\",\"position\":2,\"name\":\"Apr\u00e8s l&rsquo;adoption du remaniement minist\u00e9riel, Ghannouchi publie un communiqu\u00e9 pour d\u00e9fendre les d\u00e9put\u00e9s Al-Karama\"}]},{\"@type\":\"WebSite\",\"@id\":\"https:\/\/kapitalis.com\/tunisie\/#website\",\"url\":\"https:\/\/kapitalis.com\/tunisie\/\",\"name\":\"Kapitalis\",\"description\":\"L&#039;actualit\u00e9 en Tunisie et dans le monde\",\"publisher\":{\"@id\":\"https:\/\/kapitalis.com\/tunisie\/#organization\"},\"potentialAction\":[{\"@type\":\"SearchAction\",\"target\":{\"@type\":\"EntryPoint\",\"urlTemplate\":\"https:\/\/kapitalis.com\/tunisie\/?s={search_term_string}\"},\"query-input\":{\"@type\":\"PropertyValueSpecification\",\"valueRequired\":true,\"valueName\":\"search_term_string\"}}],\"inLanguage\":\"fr-FR\"},{\"@type\":\"Organization\",\"@id\":\"https:\/\/kapitalis.com\/tunisie\/#organization\",\"name\":\"Kapitalis\",\"url\":\"https:\/\/kapitalis.com\/tunisie\/\",\"logo\":{\"@type\":\"ImageObject\",\"inLanguage\":\"fr-FR\",\"@id\":\"https:\/\/kapitalis.com\/tunisie\/#\/schema\/logo\/image\/\",\"url\":\"https:\/\/kapitalis.com\/tunisie\/wp-content\/uploads\/2022\/05\/Kapitalis-big-size.png\",\"contentUrl\":\"https:\/\/kapitalis.com\/tunisie\/wp-content\/uploads\/2022\/05\/Kapitalis-big-size.png\",\"width\":5000,\"height\":1500,\"caption\":\"Kapitalis\"},\"image\":{\"@id\":\"https:\/\/kapitalis.com\/tunisie\/#\/schema\/logo\/image\/\"},\"sameAs\":[\"https:\/\/www.facebook.com\/KapitalisInfo\/\",\"https:\/\/x.com\/KapitalisInfo\",\"https:\/\/www.youtube.com\/channel\/UC-yDYrHyfFBWWZaOw3FPg9Q\"]},{\"@type\":\"Person\",\"@id\":\"https:\/\/kapitalis.com\/tunisie\/#\/schema\/person\/74bbde0154d49d790a92aaeac5bc01d5\",\"name\":\"Yusra NY\",\"url\":\"https:\/\/kapitalis.com\/tunisie\/author\/yuza_adam\/\"}]}<\/script>\n<!-- \/ Yoast SEO plugin. -->","yoast_head_json":{"title":"Apr\u00e8s l'adoption du remaniement minist\u00e9riel, Ghannouchi publie un communiqu\u00e9 pour d\u00e9fendre les d\u00e9put\u00e9s Al-Karama - Kapitalis","robots":{"index":"index","follow":"follow","max-snippet":"max-snippet:-1","max-image-preview":"max-image-preview:large","max-video-preview":"max-video-preview:-1"},"canonical":"https:\/\/kapitalis.com\/tunisie\/2021\/01\/27\/apres-ladoption-du-remaniement-ministeriel-ghannouchi-publie-un-communique-pour-defendre-les-deputes-al-karama\/","og_locale":"fr_FR","og_type":"article","og_title":"Apr\u00e8s l'adoption du remaniement minist\u00e9riel, Ghannouchi publie un communiqu\u00e9 pour d\u00e9fendre les d\u00e9put\u00e9s Al-Karama - Kapitalis","og_description":"Le pr\u00e9sident de l&rsquo;Assembl\u00e9e, Rached Ghannouchi a publi\u00e9 un communiqu\u00e9 dans la nuit du mardi 26 au mercredi 27 d\u00e9cembre 2021, soit peu de temps apr\u00e8s l&rsquo;adoption du remaniement minist\u00e9riel par les d\u00e9put\u00e9s, pour \u00abcondamner fermement la violence verbale des \u00e9lus du bloc d\u00e9mocratique Anouar Bechahed et Mounira Ayari, contre ceux du bloc Al-Karama\u00bb...","og_url":"https:\/\/kapitalis.com\/tunisie\/2021\/01\/27\/apres-ladoption-du-remaniement-ministeriel-ghannouchi-publie-un-communique-pour-defendre-les-deputes-al-karama\/","og_site_name":"Kapitalis","article_publisher":"https:\/\/www.facebook.com\/KapitalisInfo\/","article_published_time":"2021-01-27T01:13:56+00:00","article_modified_time":"2021-01-27T01:17:29+00:00","og_image":[{"width":1200,"height":630,"url":"https:\/\/kapitalis.com\/tunisie\/wp-content\/uploads\/2022\/05\/kapitalis-logo-fb.png","type":"image\/png"}],"author":"Yusra NY","twitter_card":"summary_large_image","twitter_creator":"@KapitalisInfo","twitter_site":"@KapitalisInfo","twitter_misc":{"\u00c9crit par":"Yusra NY","Dur\u00e9e de lecture estim\u00e9e":"2 minutes"},"schema":{"@context":"https:\/\/schema.org","@graph":[{"@type":"Article","@id":"https:\/\/kapitalis.com\/tunisie\/2021\/01\/27\/apres-ladoption-du-remaniement-ministeriel-ghannouchi-publie-un-communique-pour-defendre-les-deputes-al-karama\/#article","isPartOf":{"@id":"https:\/\/kapitalis.com\/tunisie\/2021\/01\/27\/apres-ladoption-du-remaniement-ministeriel-ghannouchi-publie-un-communique-pour-defendre-les-deputes-al-karama\/"},"author":{"name":"Yusra NY","@id":"https:\/\/kapitalis.com\/tunisie\/#\/schema\/person\/74bbde0154d49d790a92aaeac5bc01d5"},"headline":"Apr\u00e8s l&rsquo;adoption du remaniement minist\u00e9riel, Ghannouchi publie un communiqu\u00e9 pour d\u00e9fendre les d\u00e9put\u00e9s Al-Karama","datePublished":"2021-01-27T01:13:56+00:00","dateModified":"2021-01-27T01:17:29+00:00","mainEntityOfPage":{"@id":"https:\/\/kapitalis.com\/tunisie\/2021\/01\/27\/apres-ladoption-du-remaniement-ministeriel-ghannouchi-publie-un-communique-pour-defendre-les-deputes-al-karama\/"},"wordCount":361,"commentCount":2,"publisher":{"@id":"https:\/\/kapitalis.com\/tunisie\/#organization"},"image":{"@id":"https:\/\/kapitalis.com\/tunisie\/2021\/01\/27\/apres-ladoption-du-remaniement-ministeriel-ghannouchi-publie-un-communique-pour-defendre-les-deputes-al-karama\/#primaryimage"},"thumbnailUrl":"","keywords":["Al-Karama","Assembl\u00e9e","bloc d\u00e9mocratique","ghannouchi","Gouvernement Mechichi","Makhlouf","remaniement","violences"],"articleSection":["POLITIQUE","Tunisie"],"inLanguage":"fr-FR","potentialAction":[{"@type":"CommentAction","name":"Comment","target":["https:\/\/kapitalis.com\/tunisie\/2021\/01\/27\/apres-ladoption-du-remaniement-ministeriel-ghannouchi-publie-un-communique-pour-defendre-les-deputes-al-karama\/#respond"]}]},{"@type":"WebPage","@id":"https:\/\/kapitalis.com\/tunisie\/2021\/01\/27\/apres-ladoption-du-remaniement-ministeriel-ghannouchi-publie-un-communique-pour-defendre-les-deputes-al-karama\/","url":"https:\/\/kapitalis.com\/tunisie\/2021\/01\/27\/apres-ladoption-du-remaniement-ministeriel-ghannouchi-publie-un-communique-pour-defendre-les-deputes-al-karama\/","name":"Apr\u00e8s l'adoption du remaniement minist\u00e9riel, Ghannouchi publie un communiqu\u00e9 pour d\u00e9fendre les d\u00e9put\u00e9s Al-Karama - Kapitalis","isPartOf":{"@id":"https:\/\/kapitalis.com\/tunisie\/#website"},"primaryImageOfPage":{"@id":"https:\/\/kapitalis.com\/tunisie\/2021\/01\/27\/apres-ladoption-du-remaniement-ministeriel-ghannouchi-publie-un-communique-pour-defendre-les-deputes-al-karama\/#primaryimage"},"image":{"@id":"https:\/\/kapitalis.com\/tunisie\/2021\/01\/27\/apres-ladoption-du-remaniement-ministeriel-ghannouchi-publie-un-communique-pour-defendre-les-deputes-al-karama\/#primaryimage"},"thumbnailUrl":"","datePublished":"2021-01-27T01:13:56+00:00","dateModified":"2021-01-27T01:17:29+00:00","breadcrumb":{"@id":"https:\/\/kapitalis.com\/tunisie\/2021\/01\/27\/apres-ladoption-du-remaniement-ministeriel-ghannouchi-publie-un-communique-pour-defendre-les-deputes-al-karama\/#breadcrumb"},"inLanguage":"fr-FR","potentialAction":[{"@type":"ReadAction","target":["https:\/\/kapitalis.com\/tunisie\/2021\/01\/27\/apres-ladoption-du-remaniement-ministeriel-ghannouchi-publie-un-communique-pour-defendre-les-deputes-al-karama\/"]}]},{"@type":"ImageObject","inLanguage":"fr-FR","@id":"https:\/\/kapitalis.com\/tunisie\/2021\/01\/27\/apres-ladoption-du-remaniement-ministeriel-ghannouchi-publie-un-communique-pour-defendre-les-deputes-al-karama\/#primaryimage","url":"","contentUrl":""},{"@type":"BreadcrumbList","@id":"https:\/\/kapitalis.com\/tunisie\/2021\/01\/27\/apres-ladoption-du-remaniement-ministeriel-ghannouchi-publie-un-communique-pour-defendre-les-deputes-al-karama\/#breadcrumb","itemListElement":[{"@type":"ListItem","position":1,"name":"Accueil","item":"https:\/\/kapitalis.com\/tunisie\/"},{"@type":"ListItem","position":2,"name":"Apr\u00e8s l&rsquo;adoption du remaniement minist\u00e9riel, Ghannouchi publie un communiqu\u00e9 pour d\u00e9fendre les d\u00e9put\u00e9s Al-Karama"}]},{"@type":"WebSite","@id":"https:\/\/kapitalis.com\/tunisie\/#website","url":"https:\/\/kapitalis.com\/tunisie\/","name":"Kapitalis","description":"L&#039;actualit\u00e9 en Tunisie et dans le monde","publisher":{"@id":"https:\/\/kapitalis.com\/tunisie\/#organization"},"potentialAction":[{"@type":"SearchAction","target":{"@type":"EntryPoint","urlTemplate":"https:\/\/kapitalis.com\/tunisie\/?s={search_term_string}"},"query-input":{"@type":"PropertyValueSpecification","valueRequired":true,"valueName":"search_term_string"}}],"inLanguage":"fr-FR"},{"@type":"Organization","@id":"https:\/\/kapitalis.com\/tunisie\/#organization","name":"Kapitalis","url":"https:\/\/kapitalis.com\/tunisie\/","logo":{"@type":"ImageObject","inLanguage":"fr-FR","@id":"https:\/\/kapitalis.com\/tunisie\/#\/schema\/logo\/image\/","url":"https:\/\/kapitalis.com\/tunisie\/wp-content\/uploads\/2022\/05\/Kapitalis-big-size.png","contentUrl":"https:\/\/kapitalis.com\/tunisie\/wp-content\/uploads\/2022\/05\/Kapitalis-big-size.png","width":5000,"height":1500,"caption":"Kapitalis"},"image":{"@id":"https:\/\/kapitalis.com\/tunisie\/#\/schema\/logo\/image\/"},"sameAs":["https:\/\/www.facebook.com\/KapitalisInfo\/","https:\/\/x.com\/KapitalisInfo","https:\/\/www.youtube.com\/channel\/UC-yDYrHyfFBWWZaOw3FPg9Q"]},{"@type":"Person","@id":"https:\/\/kapitalis.com\/tunisie\/#\/schema\/person\/74bbde0154d49d790a92aaeac5bc01d5","name":"Yusra NY","url":"https:\/\/kapitalis.com\/tunisie\/author\/yuza_adam\/"}]}},"_links":{"self":[{"href":"https:\/\/kapitalis.com\/tunisie\/wp-json\/wp\/v2\/posts\/333677","targetHints":{"allow":["GET"]}}],"collection":[{"href":"https:\/\/kapitalis.com\/tunisie\/wp-json\/wp\/v2\/posts"}],"about":[{"href":"https:\/\/kapitalis.com\/tunisie\/wp-json\/wp\/v2\/types\/post"}],"author":[{"embeddable":true,"href":"https:\/\/kapitalis.com\/tunisie\/wp-json\/wp\/v2\/users\/6"}],"replies":[{"embeddable":true,"href":"https:\/\/kapitalis.com\/tunisie\/wp-json\/wp\/v2\/comments?post=333677"}],"version-history":[{"count":0,"href":"https:\/\/kapitalis.com\/tunisie\/wp-json\/wp\/v2\/posts\/333677\/revisions"}],"wp:featuredmedia":[{"embeddable":true,"href":"https:\/\/kapitalis.com\/tunisie\/wp-json\/wp\/v2\/media\/333685"}],"wp:attachment":[{"href":"https:\/\/kapitalis.com\/tunisie\/wp-json\/wp\/v2\/media?parent=333677"}],"wp:term":[{"taxonomy":"category","embeddable":true,"href":"https:\/\/kapitalis.com\/tunisie\/wp-json\/wp\/v2\/categories?post=333677"},{"taxonomy":"post_tag","embeddable":true,"href":"https:\/\/kapitalis.com\/tunisie\/wp-json\/wp\/v2\/tags?post=333677"}],"curies":[{"name":"wp","href":"https:\/\/api.w.org\/{rel}","templated":true}]}}