{"id":334167,"date":"2021-01-30T10:15:11","date_gmt":"2021-01-30T09:15:11","guid":{"rendered":"http:\/\/kapitalis.com\/tunisie\/?p=334167"},"modified":"2021-01-30T10:15:13","modified_gmt":"2021-01-30T09:15:13","slug":"les-siestes-du-grand-pere-le-temoignage-de-monia-ben-jemia-sur-linceste","status":"publish","type":"post","link":"https:\/\/kapitalis.com\/tunisie\/2021\/01\/30\/les-siestes-du-grand-pere-le-temoignage-de-monia-ben-jemia-sur-linceste\/","title":{"rendered":"\u00ab\u00a0Les siestes du grand -p\u00e8re\u00a0\u00bb : Le t\u00e9moignage de Monia Ben J\u00e9mia sur l&rsquo;inceste"},"content":{"rendered":"\n<div class=\"wp-block-image\"><figure class=\"aligncenter size-large\"><img decoding=\"async\" src=\"http:\/\/kapitalis.com\/tunisie\/wp-content\/uploads\/2021\/01\/Untitled-2-8.jpg\" alt=\"\" class=\"wp-image-334168\"\/><\/figure><\/div>\n\n\n\n<p><strong><em>L\u2019universitaire et militante f\u00e9ministe Monia Ben J\u00e9mia vient de publier \u00ab&nbsp;Les siestes du grand-p\u00e8re&nbsp;\u00bb, un r\u00e9cit poignant entre r\u00e9alit\u00e9 et fiction sur l\u2019inceste.<\/em><\/strong><\/p>\n\n\n\n<!--more-->\n\n\n\n<p>Monia Ben J\u00e9mia, figure du f\u00e9minisme en Tunisie, vient de publier aux \u00e9ditions C\u00e9r\u00e8s \u00ab&nbsp;<em>Les siestes du grand-p\u00e8re<\/em>&nbsp;\u00bb, un livre qui ne passera certainement pas inaper\u00e7u, puisqu\u2019il aborde un sujet encore tabou, celui de l\u2019inceste, et qui nous rappelle forc\u00e9ment une autre sortie litt\u00e9raire qui a fait l\u2019effet d\u2019un v\u00e9ritable s\u00e9isme en France il y a \u00e0 peine quelques semaines&nbsp;: \u00ab&nbsp;<em>La familia grande<\/em>&nbsp;\u00bb de Camille Kouchner o\u00f9 elle accuse son beau-p\u00e8re le c\u00e9l\u00e8bre politologue Olivier Duhamel d\u2019avoir viol\u00e9 son fr\u00e8re jumeau alors qu\u2019il \u00e9tait adolescent.<\/p>\n\n\n\n<p>Comme beaucoup de femmes et de jeunes filles qui ont d\u00e9cid\u00e9&nbsp; de briser le silence depuis le mouvement #me_too, qui ne cesse de lib\u00e9rer la parole autour du harc\u00e8lement sexuel, Monia Ben J\u00e9mia a souhait\u00e9 t\u00e9moigner \u00e0 son tour contre l\u2019oublie et le silence, et d\u00e9noncer, \u00e0 travers ce r\u00e9cit, ce parent criminel qui s\u2019est servi de sa proximit\u00e9 familiale pour abuser d\u2019une enfant dans cette maison des grands-parents <em>\u00ab\u00a0aussi lumineuse et joyeuse que sombre et effrayante\u00a0\u00bb<\/em>.<\/p>\n\n\n\n<p class=\"has-text-align-right\"><strong>Fawz Benali<\/strong><\/p>\n","protected":false},"excerpt":{"rendered":"<p>L\u2019universitaire et militante f\u00e9ministe Monia Ben J\u00e9mia vient de publier \u00ab&nbsp;Les siestes du grand-p\u00e8re&nbsp;\u00bb, un r\u00e9cit poignant entre r\u00e9alit\u00e9 et fiction sur l\u2019inceste.<\/p>\n","protected":false},"author":26,"featured_media":334168,"comment_status":"open","ping_status":"open","sticky":false,"template":"","format":"standard","meta":{"footnotes":""},"categories":[994,998,2433],"tags":[87000,37791,2153,29435,86998,86996,86999],"class_list":["post-334167","post","type-post","status-publish","format-standard","has-post-thumbnail","hentry","category-culture","category-societe","category-tunisie","tag-metooinceste","tag-editions-ceres","tag-harcelement-sexuel","tag-inceste","tag-les-siestes-du-grand-pere","tag-monia-ben-jemia","tag-sortie-litteraire-2021"],"yoast_head":"<!-- This site is optimized with the Yoast SEO plugin v26.6 - https:\/\/yoast.com\/wordpress\/plugins\/seo\/ -->\n<title>&quot;Les siestes du grand -p\u00e8re&quot; : Le t\u00e9moignage de Monia Ben J\u00e9mia sur l&#039;inceste - Kapitalis<\/title>\n<meta name=\"robots\" content=\"index, follow, max-snippet:-1, max-image-preview:large, max-video-preview:-1\" \/>\n<link rel=\"canonical\" href=\"https:\/\/kapitalis.com\/tunisie\/2021\/01\/30\/les-siestes-du-grand-pere-le-temoignage-de-monia-ben-jemia-sur-linceste\/\" \/>\n<meta property=\"og:locale\" content=\"fr_FR\" \/>\n<meta property=\"og:type\" content=\"article\" \/>\n<meta property=\"og:title\" content=\"&quot;Les siestes du grand -p\u00e8re&quot; : Le t\u00e9moignage de Monia Ben J\u00e9mia sur l&#039;inceste - Kapitalis\" \/>\n<meta property=\"og:description\" content=\"L\u2019universitaire et militante f\u00e9ministe Monia Ben J\u00e9mia vient de publier \u00ab&nbsp;Les siestes du grand-p\u00e8re&nbsp;\u00bb, un r\u00e9cit poignant entre r\u00e9alit\u00e9 et fiction sur l\u2019inceste.\" \/>\n<meta property=\"og:url\" content=\"https:\/\/kapitalis.com\/tunisie\/2021\/01\/30\/les-siestes-du-grand-pere-le-temoignage-de-monia-ben-jemia-sur-linceste\/\" \/>\n<meta property=\"og:site_name\" content=\"Kapitalis\" \/>\n<meta property=\"article:publisher\" content=\"https:\/\/www.facebook.com\/KapitalisInfo\/\" \/>\n<meta property=\"article:published_time\" content=\"2021-01-30T09:15:11+00:00\" \/>\n<meta property=\"article:modified_time\" content=\"2021-01-30T09:15:13+00:00\" \/>\n<meta property=\"og:image\" content=\"https:\/\/kapitalis.com\/tunisie\/wp-content\/uploads\/2022\/05\/kapitalis-logo-fb.png\" \/>\n\t<meta property=\"og:image:width\" content=\"1200\" \/>\n\t<meta property=\"og:image:height\" content=\"630\" \/>\n\t<meta property=\"og:image:type\" content=\"image\/png\" \/>\n<meta name=\"author\" content=\"Fawz BenAli\" \/>\n<meta name=\"twitter:card\" content=\"summary_large_image\" \/>\n<meta name=\"twitter:creator\" content=\"@KapitalisInfo\" \/>\n<meta name=\"twitter:site\" content=\"@KapitalisInfo\" \/>\n<meta name=\"twitter:label1\" content=\"\u00c9crit par\" \/>\n\t<meta name=\"twitter:data1\" content=\"Fawz BenAli\" \/>\n\t<meta name=\"twitter:label2\" content=\"Dur\u00e9e de lecture estim\u00e9e\" \/>\n\t<meta name=\"twitter:data2\" content=\"1 minute\" \/>\n<script type=\"application\/ld+json\" class=\"yoast-schema-graph\">{\"@context\":\"https:\/\/schema.org\",\"@graph\":[{\"@type\":\"Article\",\"@id\":\"https:\/\/kapitalis.com\/tunisie\/2021\/01\/30\/les-siestes-du-grand-pere-le-temoignage-de-monia-ben-jemia-sur-linceste\/#article\",\"isPartOf\":{\"@id\":\"https:\/\/kapitalis.com\/tunisie\/2021\/01\/30\/les-siestes-du-grand-pere-le-temoignage-de-monia-ben-jemia-sur-linceste\/\"},\"author\":{\"name\":\"Fawz BenAli\",\"@id\":\"https:\/\/kapitalis.com\/tunisie\/#\/schema\/person\/73a5ecc1f6ae540c6ed91342eadca948\"},\"headline\":\"\u00ab\u00a0Les siestes du grand -p\u00e8re\u00a0\u00bb : Le t\u00e9moignage de Monia Ben J\u00e9mia sur l&rsquo;inceste\",\"datePublished\":\"2021-01-30T09:15:11+00:00\",\"dateModified\":\"2021-01-30T09:15:13+00:00\",\"mainEntityOfPage\":{\"@id\":\"https:\/\/kapitalis.com\/tunisie\/2021\/01\/30\/les-siestes-du-grand-pere-le-temoignage-de-monia-ben-jemia-sur-linceste\/\"},\"wordCount\":246,\"commentCount\":1,\"publisher\":{\"@id\":\"https:\/\/kapitalis.com\/tunisie\/#organization\"},\"image\":{\"@id\":\"https:\/\/kapitalis.com\/tunisie\/2021\/01\/30\/les-siestes-du-grand-pere-le-temoignage-de-monia-ben-jemia-sur-linceste\/#primaryimage\"},\"thumbnailUrl\":\"\",\"keywords\":[\"#metooinceste\",\"\u00e9ditions C\u00e9r\u00e8s\",\"harc\u00e8lement sexuel\",\"inceste\",\"Les siestes du grand-p\u00e8re\",\"Monia Ben Jemia\",\"sortie litt\u00e9raire 2021\"],\"articleSection\":[\"CULTURE\",\"SOCIETE\",\"Tunisie\"],\"inLanguage\":\"fr-FR\",\"potentialAction\":[{\"@type\":\"CommentAction\",\"name\":\"Comment\",\"target\":[\"https:\/\/kapitalis.com\/tunisie\/2021\/01\/30\/les-siestes-du-grand-pere-le-temoignage-de-monia-ben-jemia-sur-linceste\/#respond\"]}]},{\"@type\":\"WebPage\",\"@id\":\"https:\/\/kapitalis.com\/tunisie\/2021\/01\/30\/les-siestes-du-grand-pere-le-temoignage-de-monia-ben-jemia-sur-linceste\/\",\"url\":\"https:\/\/kapitalis.com\/tunisie\/2021\/01\/30\/les-siestes-du-grand-pere-le-temoignage-de-monia-ben-jemia-sur-linceste\/\",\"name\":\"\\\"Les siestes du grand -p\u00e8re\\\" : Le t\u00e9moignage de Monia Ben J\u00e9mia sur l'inceste - Kapitalis\",\"isPartOf\":{\"@id\":\"https:\/\/kapitalis.com\/tunisie\/#website\"},\"primaryImageOfPage\":{\"@id\":\"https:\/\/kapitalis.com\/tunisie\/2021\/01\/30\/les-siestes-du-grand-pere-le-temoignage-de-monia-ben-jemia-sur-linceste\/#primaryimage\"},\"image\":{\"@id\":\"https:\/\/kapitalis.com\/tunisie\/2021\/01\/30\/les-siestes-du-grand-pere-le-temoignage-de-monia-ben-jemia-sur-linceste\/#primaryimage\"},\"thumbnailUrl\":\"\",\"datePublished\":\"2021-01-30T09:15:11+00:00\",\"dateModified\":\"2021-01-30T09:15:13+00:00\",\"breadcrumb\":{\"@id\":\"https:\/\/kapitalis.com\/tunisie\/2021\/01\/30\/les-siestes-du-grand-pere-le-temoignage-de-monia-ben-jemia-sur-linceste\/#breadcrumb\"},\"inLanguage\":\"fr-FR\",\"potentialAction\":[{\"@type\":\"ReadAction\",\"target\":[\"https:\/\/kapitalis.com\/tunisie\/2021\/01\/30\/les-siestes-du-grand-pere-le-temoignage-de-monia-ben-jemia-sur-linceste\/\"]}]},{\"@type\":\"ImageObject\",\"inLanguage\":\"fr-FR\",\"@id\":\"https:\/\/kapitalis.com\/tunisie\/2021\/01\/30\/les-siestes-du-grand-pere-le-temoignage-de-monia-ben-jemia-sur-linceste\/#primaryimage\",\"url\":\"\",\"contentUrl\":\"\"},{\"@type\":\"BreadcrumbList\",\"@id\":\"https:\/\/kapitalis.com\/tunisie\/2021\/01\/30\/les-siestes-du-grand-pere-le-temoignage-de-monia-ben-jemia-sur-linceste\/#breadcrumb\",\"itemListElement\":[{\"@type\":\"ListItem\",\"position\":1,\"name\":\"Accueil\",\"item\":\"https:\/\/kapitalis.com\/tunisie\/\"},{\"@type\":\"ListItem\",\"position\":2,\"name\":\"\u00ab\u00a0Les siestes du grand -p\u00e8re\u00a0\u00bb : Le t\u00e9moignage de Monia Ben J\u00e9mia sur l&rsquo;inceste\"}]},{\"@type\":\"WebSite\",\"@id\":\"https:\/\/kapitalis.com\/tunisie\/#website\",\"url\":\"https:\/\/kapitalis.com\/tunisie\/\",\"name\":\"Kapitalis\",\"description\":\"L&#039;actualit\u00e9 en Tunisie et dans le monde\",\"publisher\":{\"@id\":\"https:\/\/kapitalis.com\/tunisie\/#organization\"},\"potentialAction\":[{\"@type\":\"SearchAction\",\"target\":{\"@type\":\"EntryPoint\",\"urlTemplate\":\"https:\/\/kapitalis.com\/tunisie\/?s={search_term_string}\"},\"query-input\":{\"@type\":\"PropertyValueSpecification\",\"valueRequired\":true,\"valueName\":\"search_term_string\"}}],\"inLanguage\":\"fr-FR\"},{\"@type\":\"Organization\",\"@id\":\"https:\/\/kapitalis.com\/tunisie\/#organization\",\"name\":\"Kapitalis\",\"url\":\"https:\/\/kapitalis.com\/tunisie\/\",\"logo\":{\"@type\":\"ImageObject\",\"inLanguage\":\"fr-FR\",\"@id\":\"https:\/\/kapitalis.com\/tunisie\/#\/schema\/logo\/image\/\",\"url\":\"https:\/\/kapitalis.com\/tunisie\/wp-content\/uploads\/2022\/05\/Kapitalis-big-size.png\",\"contentUrl\":\"https:\/\/kapitalis.com\/tunisie\/wp-content\/uploads\/2022\/05\/Kapitalis-big-size.png\",\"width\":5000,\"height\":1500,\"caption\":\"Kapitalis\"},\"image\":{\"@id\":\"https:\/\/kapitalis.com\/tunisie\/#\/schema\/logo\/image\/\"},\"sameAs\":[\"https:\/\/www.facebook.com\/KapitalisInfo\/\",\"https:\/\/x.com\/KapitalisInfo\",\"https:\/\/www.youtube.com\/channel\/UC-yDYrHyfFBWWZaOw3FPg9Q\"]},{\"@type\":\"Person\",\"@id\":\"https:\/\/kapitalis.com\/tunisie\/#\/schema\/person\/73a5ecc1f6ae540c6ed91342eadca948\",\"name\":\"Fawz BenAli\",\"url\":\"https:\/\/kapitalis.com\/tunisie\/author\/fawz\/\"}]}<\/script>\n<!-- \/ Yoast SEO plugin. -->","yoast_head_json":{"title":"\"Les siestes du grand -p\u00e8re\" : Le t\u00e9moignage de Monia Ben J\u00e9mia sur l'inceste - Kapitalis","robots":{"index":"index","follow":"follow","max-snippet":"max-snippet:-1","max-image-preview":"max-image-preview:large","max-video-preview":"max-video-preview:-1"},"canonical":"https:\/\/kapitalis.com\/tunisie\/2021\/01\/30\/les-siestes-du-grand-pere-le-temoignage-de-monia-ben-jemia-sur-linceste\/","og_locale":"fr_FR","og_type":"article","og_title":"\"Les siestes du grand -p\u00e8re\" : Le t\u00e9moignage de Monia Ben J\u00e9mia sur l'inceste - Kapitalis","og_description":"L\u2019universitaire et militante f\u00e9ministe Monia Ben J\u00e9mia vient de publier \u00ab&nbsp;Les siestes du grand-p\u00e8re&nbsp;\u00bb, un r\u00e9cit poignant entre r\u00e9alit\u00e9 et fiction sur l\u2019inceste.","og_url":"https:\/\/kapitalis.com\/tunisie\/2021\/01\/30\/les-siestes-du-grand-pere-le-temoignage-de-monia-ben-jemia-sur-linceste\/","og_site_name":"Kapitalis","article_publisher":"https:\/\/www.facebook.com\/KapitalisInfo\/","article_published_time":"2021-01-30T09:15:11+00:00","article_modified_time":"2021-01-30T09:15:13+00:00","og_image":[{"width":1200,"height":630,"url":"https:\/\/kapitalis.com\/tunisie\/wp-content\/uploads\/2022\/05\/kapitalis-logo-fb.png","type":"image\/png"}],"author":"Fawz BenAli","twitter_card":"summary_large_image","twitter_creator":"@KapitalisInfo","twitter_site":"@KapitalisInfo","twitter_misc":{"\u00c9crit par":"Fawz BenAli","Dur\u00e9e de lecture estim\u00e9e":"1 minute"},"schema":{"@context":"https:\/\/schema.org","@graph":[{"@type":"Article","@id":"https:\/\/kapitalis.com\/tunisie\/2021\/01\/30\/les-siestes-du-grand-pere-le-temoignage-de-monia-ben-jemia-sur-linceste\/#article","isPartOf":{"@id":"https:\/\/kapitalis.com\/tunisie\/2021\/01\/30\/les-siestes-du-grand-pere-le-temoignage-de-monia-ben-jemia-sur-linceste\/"},"author":{"name":"Fawz BenAli","@id":"https:\/\/kapitalis.com\/tunisie\/#\/schema\/person\/73a5ecc1f6ae540c6ed91342eadca948"},"headline":"\u00ab\u00a0Les siestes du grand -p\u00e8re\u00a0\u00bb : Le t\u00e9moignage de Monia Ben J\u00e9mia sur l&rsquo;inceste","datePublished":"2021-01-30T09:15:11+00:00","dateModified":"2021-01-30T09:15:13+00:00","mainEntityOfPage":{"@id":"https:\/\/kapitalis.com\/tunisie\/2021\/01\/30\/les-siestes-du-grand-pere-le-temoignage-de-monia-ben-jemia-sur-linceste\/"},"wordCount":246,"commentCount":1,"publisher":{"@id":"https:\/\/kapitalis.com\/tunisie\/#organization"},"image":{"@id":"https:\/\/kapitalis.com\/tunisie\/2021\/01\/30\/les-siestes-du-grand-pere-le-temoignage-de-monia-ben-jemia-sur-linceste\/#primaryimage"},"thumbnailUrl":"","keywords":["#metooinceste","\u00e9ditions C\u00e9r\u00e8s","harc\u00e8lement sexuel","inceste","Les siestes du grand-p\u00e8re","Monia Ben Jemia","sortie litt\u00e9raire 2021"],"articleSection":["CULTURE","SOCIETE","Tunisie"],"inLanguage":"fr-FR","potentialAction":[{"@type":"CommentAction","name":"Comment","target":["https:\/\/kapitalis.com\/tunisie\/2021\/01\/30\/les-siestes-du-grand-pere-le-temoignage-de-monia-ben-jemia-sur-linceste\/#respond"]}]},{"@type":"WebPage","@id":"https:\/\/kapitalis.com\/tunisie\/2021\/01\/30\/les-siestes-du-grand-pere-le-temoignage-de-monia-ben-jemia-sur-linceste\/","url":"https:\/\/kapitalis.com\/tunisie\/2021\/01\/30\/les-siestes-du-grand-pere-le-temoignage-de-monia-ben-jemia-sur-linceste\/","name":"\"Les siestes du grand -p\u00e8re\" : Le t\u00e9moignage de Monia Ben J\u00e9mia sur l'inceste - Kapitalis","isPartOf":{"@id":"https:\/\/kapitalis.com\/tunisie\/#website"},"primaryImageOfPage":{"@id":"https:\/\/kapitalis.com\/tunisie\/2021\/01\/30\/les-siestes-du-grand-pere-le-temoignage-de-monia-ben-jemia-sur-linceste\/#primaryimage"},"image":{"@id":"https:\/\/kapitalis.com\/tunisie\/2021\/01\/30\/les-siestes-du-grand-pere-le-temoignage-de-monia-ben-jemia-sur-linceste\/#primaryimage"},"thumbnailUrl":"","datePublished":"2021-01-30T09:15:11+00:00","dateModified":"2021-01-30T09:15:13+00:00","breadcrumb":{"@id":"https:\/\/kapitalis.com\/tunisie\/2021\/01\/30\/les-siestes-du-grand-pere-le-temoignage-de-monia-ben-jemia-sur-linceste\/#breadcrumb"},"inLanguage":"fr-FR","potentialAction":[{"@type":"ReadAction","target":["https:\/\/kapitalis.com\/tunisie\/2021\/01\/30\/les-siestes-du-grand-pere-le-temoignage-de-monia-ben-jemia-sur-linceste\/"]}]},{"@type":"ImageObject","inLanguage":"fr-FR","@id":"https:\/\/kapitalis.com\/tunisie\/2021\/01\/30\/les-siestes-du-grand-pere-le-temoignage-de-monia-ben-jemia-sur-linceste\/#primaryimage","url":"","contentUrl":""},{"@type":"BreadcrumbList","@id":"https:\/\/kapitalis.com\/tunisie\/2021\/01\/30\/les-siestes-du-grand-pere-le-temoignage-de-monia-ben-jemia-sur-linceste\/#breadcrumb","itemListElement":[{"@type":"ListItem","position":1,"name":"Accueil","item":"https:\/\/kapitalis.com\/tunisie\/"},{"@type":"ListItem","position":2,"name":"\u00ab\u00a0Les siestes du grand -p\u00e8re\u00a0\u00bb : Le t\u00e9moignage de Monia Ben J\u00e9mia sur l&rsquo;inceste"}]},{"@type":"WebSite","@id":"https:\/\/kapitalis.com\/tunisie\/#website","url":"https:\/\/kapitalis.com\/tunisie\/","name":"Kapitalis","description":"L&#039;actualit\u00e9 en Tunisie et dans le monde","publisher":{"@id":"https:\/\/kapitalis.com\/tunisie\/#organization"},"potentialAction":[{"@type":"SearchAction","target":{"@type":"EntryPoint","urlTemplate":"https:\/\/kapitalis.com\/tunisie\/?s={search_term_string}"},"query-input":{"@type":"PropertyValueSpecification","valueRequired":true,"valueName":"search_term_string"}}],"inLanguage":"fr-FR"},{"@type":"Organization","@id":"https:\/\/kapitalis.com\/tunisie\/#organization","name":"Kapitalis","url":"https:\/\/kapitalis.com\/tunisie\/","logo":{"@type":"ImageObject","inLanguage":"fr-FR","@id":"https:\/\/kapitalis.com\/tunisie\/#\/schema\/logo\/image\/","url":"https:\/\/kapitalis.com\/tunisie\/wp-content\/uploads\/2022\/05\/Kapitalis-big-size.png","contentUrl":"https:\/\/kapitalis.com\/tunisie\/wp-content\/uploads\/2022\/05\/Kapitalis-big-size.png","width":5000,"height":1500,"caption":"Kapitalis"},"image":{"@id":"https:\/\/kapitalis.com\/tunisie\/#\/schema\/logo\/image\/"},"sameAs":["https:\/\/www.facebook.com\/KapitalisInfo\/","https:\/\/x.com\/KapitalisInfo","https:\/\/www.youtube.com\/channel\/UC-yDYrHyfFBWWZaOw3FPg9Q"]},{"@type":"Person","@id":"https:\/\/kapitalis.com\/tunisie\/#\/schema\/person\/73a5ecc1f6ae540c6ed91342eadca948","name":"Fawz BenAli","url":"https:\/\/kapitalis.com\/tunisie\/author\/fawz\/"}]}},"_links":{"self":[{"href":"https:\/\/kapitalis.com\/tunisie\/wp-json\/wp\/v2\/posts\/334167","targetHints":{"allow":["GET"]}}],"collection":[{"href":"https:\/\/kapitalis.com\/tunisie\/wp-json\/wp\/v2\/posts"}],"about":[{"href":"https:\/\/kapitalis.com\/tunisie\/wp-json\/wp\/v2\/types\/post"}],"author":[{"embeddable":true,"href":"https:\/\/kapitalis.com\/tunisie\/wp-json\/wp\/v2\/users\/26"}],"replies":[{"embeddable":true,"href":"https:\/\/kapitalis.com\/tunisie\/wp-json\/wp\/v2\/comments?post=334167"}],"version-history":[{"count":0,"href":"https:\/\/kapitalis.com\/tunisie\/wp-json\/wp\/v2\/posts\/334167\/revisions"}],"wp:featuredmedia":[{"embeddable":true,"href":"https:\/\/kapitalis.com\/tunisie\/wp-json\/wp\/v2\/media\/334168"}],"wp:attachment":[{"href":"https:\/\/kapitalis.com\/tunisie\/wp-json\/wp\/v2\/media?parent=334167"}],"wp:term":[{"taxonomy":"category","embeddable":true,"href":"https:\/\/kapitalis.com\/tunisie\/wp-json\/wp\/v2\/categories?post=334167"},{"taxonomy":"post_tag","embeddable":true,"href":"https:\/\/kapitalis.com\/tunisie\/wp-json\/wp\/v2\/tags?post=334167"}],"curies":[{"name":"wp","href":"https:\/\/api.w.org\/{rel}","templated":true}]}}