{"id":334304,"date":"2021-01-31T10:23:07","date_gmt":"2021-01-31T09:23:07","guid":{"rendered":"http:\/\/kapitalis.com\/tunisie\/?p=334304"},"modified":"2021-01-31T10:23:11","modified_gmt":"2021-01-31T09:23:11","slug":"attentat-contre-la-presidence-les-nuages-samoncellent-sur-la-tunisie","status":"publish","type":"post","link":"https:\/\/kapitalis.com\/tunisie\/2021\/01\/31\/attentat-contre-la-presidence-les-nuages-samoncellent-sur-la-tunisie\/","title":{"rendered":"\u00abAttentat\u00bb contre la pr\u00e9sidence : les nuages s\u2019amoncellent sur la Tunisie"},"content":{"rendered":"\n<figure class=\"wp-block-image size-large\"><img decoding=\"async\" src=\"http:\/\/kapitalis.com\/tunisie\/wp-content\/uploads\/2021\/01\/Kais-Saied-Nadia-Akacha.jpg\" alt=\"\" class=\"wp-image-334305\"\/><figcaption><em>Nadia Akacha aurait ouvert le courrier suspect. <\/em><\/figcaption><\/figure>\n\n\n\n<p><strong><em>On ne peut pas impliquer sans preuves les parties tunisiennes hostiles au pr\u00e9sident Ka\u00efs Saied dans l\u2019attentat terroriste dont ce dernier aurait \u00e9t\u00e9 la cible cette semaine et qui impliquerait selon toute vraisemblance des parties \u00e9trang\u00e8res. Ce qu\u2019on peut leur reprocher, en revanche, c\u2019est avant tout d\u2019en nier la r\u00e9alit\u00e9 sans arguments pour le faire, ensuite de fournir le contexte politique ad\u00e9quat le favorisant, celui d\u2019une crise institutionnelle que la d\u00e9mission de l\u2019actuel gouvernement, la dissolution du parlement, et le recours \u00e0 de nouvelles \u00e9lections pourraient \u00e9viter.<\/em><\/strong><\/p>\n\n\n\n<p>Par <strong>Dr Mounir Hanablia<\/strong> *<\/p>\n\n\n\n<!--more-->\n\n\n\n<p>L\u2019affaire de la r\u00e9cente tentative d\u2019assassinat dont la pr\u00e9sidence de la r\u00e9publique a \u00e9t\u00e9 le th\u00e9\u00e2tre, concerne tous les citoyens de ce pays, dont le droit de savoir, confront\u00e9 \u00e0 la raison d\u2019Etat, ne souffre aucune discussion. Le simple citoyen qui n\u2019assume aucune responsabilit\u00e9 politique et qui se trouve loin du cercle restreint sombre et virtuel du pouvoir, o\u00f9 les d\u00e9cisions se prennent, se doit de faire le tri parmi les informations qui lui sont distill\u00e9es, tout en en d\u00e9duisant celles qui lui sont tues, loin des consid\u00e9rations partisanes et des ambitions politiques.<\/p>\n\n\n\n<p>Comme la v\u00e9rit\u00e9 demeure tellement pr\u00e9cieuse qu\u2019il faille toujours l\u2019envelopper dans un tissu de mensonges, la conna\u00eetre ne rel\u00e8verait que de la gageure, pour peu qu\u2019elle ne soit pas relative, qu\u2019elle ne d\u00e9pende pas de l\u2019observateur comme le commande le principe d\u2019incertitude de la physique quantique, et qu\u2019elle ne soit pas multiple ainsi que le prescrit la th\u00e9orie des multivers. M\u00eames si ces m\u00e9taphores sont emprunt\u00e9es \u00e0 la physique, elles paraissent adapt\u00e9es \u00e0 une situation dont la recherche de la v\u00e9rit\u00e9 constitue l\u2019objectif ultime; d\u2019autant que dans cette affaire deux v\u00e9rit\u00e9s possibles coexistent d\u00e9j\u00e0 : ou bien la pr\u00e9sidence de la r\u00e9publique dit vrai \u00e0 propos des faits rapport\u00e9s dont elle a confirm\u00e9 la v\u00e9racit\u00e9, ou bien elle ne le fait pas ainsi que le pr\u00e9tend un d\u00e9put\u00e9 comme Yadh Elloumi, toujours prompt aux jugements \u00e0 l\u2019emporte-pi\u00e8ce que rien ne vient corroborer, pas m\u00eame des r\u00e9f\u00e9rences erron\u00e9es ou des pr\u00e9tentions infond\u00e9es \u00e0 la connaissance de l\u2019Histoire.<\/p>\n\n\n\n<h3 class=\"wp-block-heading\">Chronologie des faits<\/h3>\n\n\n\n<p>Pour en revenir aux faits, une information a circul\u00e9 \u00e0 partir des r\u00e9seaux sociaux, selon laquelle le pr\u00e9sident de la r\u00e9publique Kais Saied a \u00e9t\u00e9 la cible d\u2019un attentat au courrier empoisonn\u00e9. Cette information a \u00e9t\u00e9 reprise et confirm\u00e9e par Riadh Jrad, le chroniqueur d\u2019une cha\u00eene t\u00e9l\u00e9vis\u00e9e locale priv\u00e9e, Attessia pour ne pas la nommer, \u00e0 une heure de grande \u00e9coute. Dans la foul\u00e9e, la page officielle de la pr\u00e9sidence d\u2019un pays voisin, l\u2019Alg\u00e9rie en l\u2019occurrence, a rapport\u00e9 que le pr\u00e9sident Abdelmadgid Tebboune s\u2019\u00e9tait inqui\u00e9t\u00e9e de la sant\u00e9 du pr\u00e9sident tunisien apr\u00e8s l\u2019attentat dont ce dernier fut victime, information rapidement relay\u00e9e par les m\u00e9dias tunisiens. Pour ajouter au myst\u00e8re de l\u2019affaire, \u00e0 sa sortie des studios, le chroniqueur a \u00e9t\u00e9 intercept\u00e9 pour interrogatoire, semble-t-il, par la brigade antiterroriste, puis rel\u00e2ch\u00e9 peu apr\u00e8s.<\/p>\n\n\n\n<p>Cette nouvelle a aggrav\u00e9 la pol\u00e9mique entre les partisans et les adversaires du pr\u00e9sident, enclench\u00e9e par sa prise de position contre le dernier remaniement minist\u00e9riel ent\u00e9rin\u00e9 par un vote du parlement. Mais il a fallu attendre encore quelques heures pour que la pr\u00e9sidence tunisienne sorte de son mutisme et publie un communiqu\u00e9 reconnaissant la r\u00e9alit\u00e9 des informations, en particulier le malaise dont a \u00e9t\u00e9 victime la directrice de cabinet du pr\u00e9sident de la r\u00e9publique, Nadia Akacha, ainsi qu\u2019un agent, transport\u00e9s \u00e0 l\u2019h\u00f4pital militaire pour \u00eatre soign\u00e9s apr\u00e8s l\u2019ouverture d\u2019un courrier. La pr\u00e9sidence a pr\u00e9cis\u00e9 qu\u2019elle avait eu l\u2019intention de ne pas divulguer ces informations afin de pr\u00e9server le pays d\u2019un sujet de discorde suppl\u00e9mentaire dont il n\u2019avait pas besoin, mais ayant constat\u00e9 leur communication, elle avait \u00e9t\u00e9 oblig\u00e9e de les porter \u00e0 la connaissance du public. Et 24 heures apr\u00e8s, le parquet a, dans un communiqu\u00e9 diffus\u00e9 par les moyens d\u2019information habituels, infirm\u00e9 la d\u00e9couverte de substance toxique dans les \u00e9chantillons du courrier (une enveloppe vide) envoy\u00e9s pour analyse par la pr\u00e9sidence. On apprendra que ce courrier avait \u00e9t\u00e9 pr\u00e9alablement maladroitement pass\u00e9 au broyeur.<\/p>\n\n\n\n<h3 class=\"wp-block-heading\">La mauvaise communication de la pr\u00e9sidence de la r\u00e9publique<\/h3>\n\n\n\n<p>Fait important, cette communication ne s\u2019est pas faite par le biais d\u2019une conf\u00e9rence de presse, o\u00f9 les journalistes auraient pu demander plus de pr\u00e9cisions, pour savoir si l\u2019analyse toxicologique avait \u00e9limin\u00e9 l\u2019usage d\u2019une substance toxique, ou bien seulement sa pr\u00e9sence, ce qui ne signifie pas du tout la m\u00eame chose. Dans tout ceci, le premier fait constat\u00e9, une nouvelle fois, c\u2019est le d\u00e9faut majeur de communication. La pr\u00e9sidence n\u2019a toujours pas de porte-parole officiel, et dans les situations comparables cela pr\u00eate \u00e0 \u00e9quivoque et risque de lui co\u00fbter cher. Elle n\u2019a pas besoin d\u2019\u00eatre accus\u00e9e de monter une mise en sc\u00e8ne \u00e0 des fins politiques, particuli\u00e8rement dans le contexte de crise institutionnelle que s\u2019appr\u00eate \u00e0 traverser le pays. Mais l\u2019absence de porte-parole officiel \u00e0 la pr\u00e9sidence n\u2019est pas un fait nouveau, elle semble faire partie du personnage de Kais Saied, habitu\u00e9 \u00e0 communiquer dans son style chaloup\u00e9 qui n\u2019accepte aucune r\u00e9partie; il serait d\u2019ailleurs difficile de trouver un interlocuteur capable de la lui donner dans son propre langage, l\u2019arabe litt\u00e9raire issu de l\u2019\u00e9mirat hamdanide d\u2019Alep au Xe si\u00e8cle.<\/p>\n\n\n\n<p>Le pr\u00e9sident Kais Saied est un communicateur tr\u00e8s particulier, et cela n\u2019a pas peu contribu\u00e9 \u00e0 \u00e9tablir son aura d\u2019arabisant v\u00e9ritable propre \u00e0 lui gagner le label de l\u2019authenticit\u00e9 qui, associ\u00e9e \u00e0 ses prises de position tranch\u00e9es en faveur de la cause palestinienne et contre la normalisation avec l\u2019Etat d\u2019Isra\u00ebl, a s\u00e9duit la foule de ses \u00e9lecteurs et lui a gagn\u00e9 leurs c\u0153urs.<\/p>\n\n\n\n<p>Mais \u00e0 ce d\u00e9faut de communication structurel, s\u2019en est ajout\u00e9 un autre, conjoncturel : la pr\u00e9sidence tunisienne, pour des raisons politiques se rapportant \u00e0 l\u2019int\u00e9r\u00eat du pays, ne voulait pas transmettre cette information au public, et ce n\u2019est pas elle qui l\u2019a fait. Ceci ne plaide d\u00e9j\u00e0 pas en faveur d\u2019un usage politique pr\u00e9m\u00e9dit\u00e9 de l&rsquo;\u00e9v\u00e9nement, et on a du mal \u00e0 penser que la pr\u00e9sidence alg\u00e9rienne, puisque c\u2019est d\u2019elle qu\u2019il s\u2019agit, se soit impliqu\u00e9e d\u2019une mani\u00e8re aussi flagrante dans une affaire relevant de la s\u00e9curit\u00e9 nationale de la Tunisie, en donnant foi \u00e0 une information non v\u00e9rifi\u00e9e.<\/p>\n\n\n\n<h3 class=\"wp-block-heading\">Les adversaires de Kais Saied montent au cr\u00e9neau<\/h3>\n\n\n\n<p>Rien ne justifie donc \u00e0 priori l\u2019accusation de machiav\u00e9lisme que les adversaires de Kais Saied brandissent, c&rsquo;est-\u00e0-dire certains membres des partis Ennahdha, Qalb Toun\u00e8s, et Al-Karama, alli\u00e9s au chef du gouvernement Hichem Mechichi. Ces partis ont par ailleurs condamn\u00e9 l&rsquo;attentat, et appel\u00e9 \u00e0 \u00e9tablir toute la lumi\u00e8re sur les circonstances de cette affaire d\u2019Etat mais dans le contexte politique tunisien on n&rsquo;en est pas \u00e0 une contradiction pr\u00e8s.<\/p>\n\n\n\n<p>Cependant le communiqu\u00e9 issu du parquet ne confirme pas la th\u00e8se pr\u00e9sidentielle et semble m\u00eame la mettre en doute. On peut d\u00e9j\u00e0 relever la mani\u00e8re avec laquelle il a \u00e9t\u00e9 diffus\u00e9, presque laconique, autoritaire, p\u00e9remptoire, r\u00e9galienne, ne souffrant aucune discussion. Mais on n\u2019annonce \u00e0 priori pas de la m\u00eame mani\u00e8re la saisie d\u2019une quantit\u00e9 de bl\u00e9 avari\u00e9 pr\u00e9lev\u00e9e dans les stocks de la coop\u00e9rative de Dahmani, et les r\u00e9sultats d\u2019un test toxicologique effectu\u00e9 sur une lettre cens\u00e9e contenir du poison adress\u00e9e au pr\u00e9sident de la r\u00e9publique. On peut se demander pourquoi ce n\u2019est pas le ministre de la Justice qui a pris sur lui de le faire. \u00c0 titre d\u2019exemple, c\u2019est l\u2019attorney g\u00e9n\u00e9ral Bill Barr qui avait inform\u00e9 le public des conclusions du rapport du procureur Robert Muller relativement \u00e0 l\u2019implication de Donald Trump dans le Russia gate, d\u2019une mani\u00e8re d\u2019ailleurs tendancieuse. Mais en Tunisie, le ministre de la Justice r\u00e9cemment nomm\u00e9 n\u2019a pas encore pr\u00eat\u00e9 serment, et pour cause. Et son coll\u00e8gue, sur le d\u00e9part, n\u2019a apparemment pas int\u00e9r\u00eat \u00e0 se trouver m\u00eal\u00e9 \u00e0 une affaire qui rel\u00e8ve au mieux de la mythomanie, ainsi que l&rsquo;ont pr\u00e9tendu certains, au pire du complot contre le chef de l\u2019Etat. D\u2019une mani\u00e8re plus g\u00e9n\u00e9rale, dans le gouvernement, on pr\u00e9f\u00e8re autant laisser \u00e0 ce dernier la responsabilit\u00e9 de ses dires. M\u00eame le ministre de l\u2019Int\u00e9rieur par int\u00e9rim, et qui se trouve \u00eatre le chef de gouvernement lui-m\u00eame, n\u2019a pas voulu prendre la responsabilit\u00e9 de communiquer les conclusions des services de la police technique qui d\u00e9pendent pourtant de lui. Et ces m\u00eames partis politiques, qui ont condamn\u00e9 la tentative d\u2019assassinat (son \u00e9ventualit\u00e9 ?) et qui si\u00e8gent en force au sein de l\u2019Assembl\u00e9e, n\u2019ont pas jug\u00e9 utile de nommer une commission d\u2019enqu\u00eate pour faire toute la lumi\u00e8re qu\u2019ils r\u00e9clament.<\/p>\n\n\n\n<p>C\u2019est l\u00e0 un exemple fort de la solidarit\u00e9 qui r\u00e8gne actuellement au plus haut sommet de l\u2019Etat. Pourtant si on s\u2019en r\u00e9f\u00e8re \u00e0 la narration des faits, ce qui a \u00e9t\u00e9 rapport\u00e9 ne para\u00eet pas issu d\u2019un esprit d\u00e9rang\u00e9 ou pervers, mais bel et bien d\u2019un encha\u00eenement de causalit\u00e9s, vraies et r\u00e9elles. Et on sait de quelle mani\u00e8re les jours pr\u00e9c\u00e9dents le coup d\u2019Etat de Ben Ali, le 7 novembre 1987, on avait essay\u00e9 de faire passer le pr\u00e9sident Habib Bourguiba pour fou, th\u00e8se d\u00e9nonc\u00e9e dans son livre par feu le professeur Amor Chedli, et combien cela avait contribu\u00e9 \u00e0 normaliser sa destitution.<\/p>\n\n\n\n<h3 class=\"wp-block-heading\">Un gaz innervant hautement toxique ?<\/h3>\n\n\n\n<p>Pour en revenir aux faits, une lettre arrive donc entre les mains de la conseill\u00e8re du pr\u00e9sident, une femme qui, \u00e0 tort ou \u00e0 raison, en tant que telle, cristallise dans le champ politique la haine misogyne de certains \u00e9lus de l\u2019ARP. Si elle l\u2019a eue entre les mains, c\u2019est qu\u2019elle n\u2019\u00e9tait pas adress\u00e9e par les habitants du Kram-Ouest se plaignant de la qualit\u00e9 de la voirie ou de l\u2019incurie de la Sonede, elle aurait alors \u00e9t\u00e9 r\u00e9percut\u00e9e \u00e0 un niveau subalterne vers la pr\u00e9sidence du gouvernement, mais qu\u2019elle provenait d\u2019une source ayant l\u2019habitude de communiquer avec la pr\u00e9sidence, et qui pour cette raison ne pose habituellement pas un probl\u00e8me pour la s\u00e9curit\u00e9 pr\u00e9sidentielle.<\/p>\n\n\n\n<p>La conseill\u00e8re n\u2019avait donc pas de raisons particuli\u00e8res de se m\u00e9fier de ce courrier anodin dont elle a l\u2019habitude de prendre connaissance avant de l\u2019envoyer elle-m\u00eame au broyeur, probablement en raison de son caract\u00e8re top secret.<\/p>\n\n\n\n<p>Pourtant cette fois les choses tournent mal. Une substance, probablement un gaz, se d\u00e9gage alors, avant ou lors du broyage, entra\u00eenant un malaise d\u00e9crit comme une perte transitoire de la vision et des vomissements, qui frappe \u00e9galement l\u2019un des pr\u00e9sents. Or ces sympt\u00f4mes l\u00e0 sont les m\u00eames que peuvent entra\u00eener des gaz dits innervants, en g\u00e9n\u00e9ral des organophosphor\u00e9s ayant pour effet une stimulation hyper puissante du syst\u00e8me nerveux v\u00e9g\u00e9tatif parasympathique, dont d\u00e9pend la r\u00e9gulation de la respiration, du c\u0153ur, de la circulation sanguine, et de la temp\u00e9rature.<\/p>\n\n\n\n<p>Il se trouve que ces substances, connues sous le nom russe de Novitchok, se pr\u00e9sentent parfois sous forme binaire, c&rsquo;est-\u00e0-dire de deux ou plusieurs compos\u00e9s dont chacun pris isol\u00e9ment est inoffensif. Novitchok ? avec les empoisonnements r\u00e9cents de l\u2019opposant russe Novolny et il y a quelques mois de la famille Skripal, le sujet est d\u2019actualit\u00e9. Et on peut concevoir qu\u2019une substance inoffensive enferm\u00e9e en quantit\u00e9s infinit\u00e9simales dans une enveloppe herm\u00e9tiquement close, sous vide, devienne hautement toxique au contact de l\u2019air et qu\u2019elle s\u2019\u00e9vapore sans laisser de traces en terrassant ceux qui la respirent. Mais dans le cas qui nous int\u00e9resse, la dose utilis\u00e9e n\u2019\u00e9tait pas suffisante pour tuer, ce qui laisse supposer qu\u2019il ne s\u2019agissait l\u00e0 que d\u2019un avertissement, et que la partie vis\u00e9e \u00e9tait le pr\u00e9sident, mais indirectement, \u00e0 travers sa conseill\u00e8re.<\/p>\n\n\n\n<p>Il aurait \u00e9t\u00e9 int\u00e9ressant d\u2019examiner l\u2019enveloppe utilis\u00e9e qui malheureusement a \u00e9t\u00e9 broy\u00e9e, mais pas forc\u00e9ment ainsi qu\u2019on l\u2019a pr\u00e9tendu pour cacher la v\u00e9rit\u00e9. En fait, la pr\u00e9sidence conna\u00eet l\u2019exp\u00e9diteur au nom duquel la lettre a \u00e9t\u00e9 envoy\u00e9e, mais il semble bien que ce renseignement-l\u00e0 fasse partie du secret-d\u00e9fense, et qui entre autres explique la volont\u00e9 pr\u00e9sidentielle de taire l\u2019attentat dont sa conseill\u00e8re a \u00e9t\u00e9 victime. Et comme les r\u00e9sultats des examens effectu\u00e9s sur Mme Akacha et son interlocuteur, dont le nom n\u2019a pas \u00e9t\u00e9 communiqu\u00e9, demeureront confidentiels, il sera toujours difficile de conna\u00eetre le fin mot de l\u2019histoire.<\/p>\n\n\n\n<h3 class=\"wp-block-heading\">La piste isra\u00e9lienne ne doit pas \u00eatre rapidement \u00e9cart\u00e9e<\/h3>\n\n\n\n<p>Si on veut r\u00e9sumer la situation, le pr\u00e9sident Kais Saied poss\u00e8de beaucoup d\u2019ennemis politiques, aussi bien au niveau national qu\u2019international. La caract\u00e9ristique de ces ennemis-l\u00e0 est qu\u2019ils disposent de moyens et de connaissances scientifiques et techniques hyper sophistiqu\u00e9s que m\u00eame nos laboratoires, avec tout le respect que nous leur devons, ne poss\u00e9dant pas les moyens n\u00e9cessaires \u00e0 leur d\u00e9tection, se r\u00e9v\u00e8lent incapables de mettre en \u00e9vidence.<\/p>\n\n\n\n<p>Ces moyens-l\u00e0, seuls des \u00c9tats peuvent en disposer. Mais mis \u00e0 part les Russes qu\u2019on accuse r\u00e9guli\u00e8rement d\u2019utiliser contre leurs opposants des substances toxiques mais qui ne nourrissent vis-\u00e0-vis de la Tunisie aucune rancune particuli\u00e8re et qu\u2019on peut exclure de la liste des suspects, les pr\u00e9c\u00e9dents connus de leur utilisation contre des individus ont impliqu\u00e9 l\u2019Etat d\u2019Isra\u00ebl, dans la tentative d\u2019assassinat contre Khaled Mechaal, et surtout dans la mort suspecte de Yasser Arafat.<\/p>\n\n\n\n<p>Il se trouve que le refus du pr\u00e9sident Kais Saied de s\u2019ins\u00e9rer dans le processus dit des accords d\u2019Abraham de normalisation avec l\u2019Etat h\u00e9breu suscite des r\u00e9actions peu am\u00e8nes de la part des dirigeants sionistes, qui l\u2019ont m\u00eame accus\u00e9 il y a quelques jours d\u2019antis\u00e9mitisme. Et certains commentaires sur Twitter le visant issus de ces parties-l\u00e0 sont assez explicites de leur \u00e9tat d\u2019esprit; ils sont m\u00eame inqui\u00e9tants. Et on a vu comment tous les ennemis proclam\u00e9s d\u2019Isra\u00ebl dans le monde arabe, comme Saddam Hussein ou Mouammar Kadhafi, ont fini.<\/p>\n\n\n\n<p>Ceci n\u2019exclut nullement que d\u2019autres parties comme la Turquie puissent \u00e9galement \u00eatre impliqu\u00e9es. Mais avec son arm\u00e9e campant de l\u2019autre c\u00f4t\u00e9 de la fronti\u00e8re libyenne, Recep Tayyip Erdogan n\u2019a jusqu\u2019\u00e0 pr\u00e9sent jamais menac\u00e9 le pr\u00e9sident tunisien, du moins publiquement, quoique le sujet des relations <em>\u00abintimes\u00bb<\/em> avec la Turquie voulues par Rached Ghannouchi gr\u00e2ce \u00e0 un vote au parlement aient marqu\u00e9 le d\u00e9but des hostilit\u00e9s entre les deux hommes.<\/p>\n\n\n\n<p>On ne peut, pour autant, pas impliquer sans preuves les parties tunisiennes hostiles au pr\u00e9sident dans ce v\u00e9ritable attentat terroriste impliquant selon toute vraisemblance des parties \u00e9trang\u00e8res. Ce qu\u2019on peut leur reprocher, en revanche, c\u2019est avant tout d\u2019en nier la r\u00e9alit\u00e9 sans arguments pour le faire, ensuite de fournir le contexte politique ad\u00e9quat le favorisant, celui d\u2019une crise institutionnelle que la d\u00e9mission de l\u2019actuel gouvernement, la dissolution du parlement, et le recours \u00e0 de nouvelles \u00e9lections pourraient \u00e9viter, m\u00eame en l\u2019absence de la Cour Constitutionnelle que ces m\u00eames partis politiques ne veulent pas introniser depuis plusieurs ann\u00e9es\u2026 en violation de la Constitution et de la d\u00e9mocratie qu\u2019ils pr\u00e9tendent d\u00e9fendre.<\/p>\n\n\n\n<p><em>* Cardiologue, Gammarth, La Marsa.<\/em><\/p>\n\n\n\n<h4 class=\"wp-block-heading\"><em>Articles du m\u00eame auteur dans Kapitalis : <\/em><\/h4>\n\n\n\n<figure class=\"wp-block-embed is-type-wp-embed is-provider-kapitalis wp-block-embed-kapitalis\"><div class=\"wp-block-embed__wrapper\">\n<blockquote class=\"wp-embedded-content\" data-secret=\"xXwU8KBL0e\"><a href=\"https:\/\/kapitalis.com\/tunisie\/2021\/01\/28\/a-propos-de-yadh-elloumi-churchill-le-deshonneur-et-la-guerre\/\">\u00c0 propos de Yadh Elloumi, Churchill, le d\u00e9shonneur et la guerre<\/a><\/blockquote><iframe loading=\"lazy\" class=\"wp-embedded-content\" sandbox=\"allow-scripts\" security=\"restricted\" style=\"position: absolute; clip: rect(1px, 1px, 1px, 1px);\" title=\"\u00ab\u00a0\u00c0 propos de Yadh Elloumi, Churchill, le d\u00e9shonneur et la guerre\u00a0\u00bb &#8212; Kapitalis\" src=\"https:\/\/kapitalis.com\/tunisie\/2021\/01\/28\/a-propos-de-yadh-elloumi-churchill-le-deshonneur-et-la-guerre\/embed\/#?secret=avE39tECXc#?secret=xXwU8KBL0e\" data-secret=\"xXwU8KBL0e\" width=\"600\" height=\"338\" frameborder=\"0\" marginwidth=\"0\" marginheight=\"0\" scrolling=\"no\"><\/iframe>\n<\/div><\/figure>\n\n\n\n<figure class=\"wp-block-embed is-type-wp-embed is-provider-kapitalis wp-block-embed-kapitalis\"><div class=\"wp-block-embed__wrapper\">\n<blockquote class=\"wp-embedded-content\" data-secret=\"Hnjy6gX9iF\"><a href=\"https:\/\/kapitalis.com\/tunisie\/2021\/01\/18\/tunisie-israel-faut-il-installer-les-rescapes-dauschwitz-a-djerba\/\">Tunisie &#8211; Isra\u00ebl : faut-il installer les rescap\u00e9s d\u2019Auschwitz \u00e0 Djerba ?<\/a><\/blockquote><iframe loading=\"lazy\" class=\"wp-embedded-content\" sandbox=\"allow-scripts\" security=\"restricted\" style=\"position: absolute; clip: rect(1px, 1px, 1px, 1px);\" title=\"\u00ab\u00a0Tunisie &#8211; Isra\u00ebl : faut-il installer les rescap\u00e9s d\u2019Auschwitz \u00e0 Djerba ?\u00a0\u00bb &#8212; Kapitalis\" src=\"https:\/\/kapitalis.com\/tunisie\/2021\/01\/18\/tunisie-israel-faut-il-installer-les-rescapes-dauschwitz-a-djerba\/embed\/#?secret=k4WUt6ontL#?secret=Hnjy6gX9iF\" data-secret=\"Hnjy6gX9iF\" width=\"600\" height=\"338\" frameborder=\"0\" marginwidth=\"0\" marginheight=\"0\" scrolling=\"no\"><\/iframe>\n<\/div><\/figure>\n\n\n\n<figure class=\"wp-block-embed is-type-wp-embed is-provider-kapitalis wp-block-embed-kapitalis\"><div class=\"wp-block-embed__wrapper\">\n<blockquote class=\"wp-embedded-content\" data-secret=\"pld69P6TAE\"><a href=\"https:\/\/kapitalis.com\/tunisie\/2021\/01\/14\/10e-anniversaire-de-la-revolution-rached-ghannouchi-du-jasmin-au-chardon\/\">10e anniversaire de la r\u00e9volution : Rached Ghannouchi, du jasmin au chardon.<\/a><\/blockquote><iframe loading=\"lazy\" class=\"wp-embedded-content\" sandbox=\"allow-scripts\" security=\"restricted\" style=\"position: absolute; clip: rect(1px, 1px, 1px, 1px);\" title=\"\u00ab\u00a010e anniversaire de la r\u00e9volution : Rached Ghannouchi, du jasmin au chardon.\u00a0\u00bb &#8212; Kapitalis\" src=\"https:\/\/kapitalis.com\/tunisie\/2021\/01\/14\/10e-anniversaire-de-la-revolution-rached-ghannouchi-du-jasmin-au-chardon\/embed\/#?secret=rQQTbmP3MN#?secret=pld69P6TAE\" data-secret=\"pld69P6TAE\" width=\"600\" height=\"338\" frameborder=\"0\" marginwidth=\"0\" marginheight=\"0\" scrolling=\"no\"><\/iframe>\n<\/div><\/figure>\n","protected":false},"excerpt":{"rendered":"<p>On ne peut pas impliquer sans preuves les parties tunisiennes hostiles au pr\u00e9sident Ka\u00efs Saied dans l\u2019attentat terroriste dont ce dernier aurait \u00e9t\u00e9 la cible cette semaine et qui impliquerait selon toute vraisemblance des parties \u00e9trang\u00e8res. Ce qu\u2019on peut leur reprocher, en revanche, c\u2019est avant tout d\u2019en nier la r\u00e9alit\u00e9 sans arguments pour le faire,&#8230;<\/p>\n","protected":false},"author":8,"featured_media":334305,"comment_status":"open","ping_status":"open","sticky":false,"template":"","format":"standard","meta":{"footnotes":""},"categories":[992,997,1000,2433],"tags":[87031,76464,49543,74899,76012,81124,77464,86920,72051],"class_list":["post-334304","post","type-post","status-publish","format-standard","has-post-thumbnail","hentry","category-a-la-une","category-politique","category-tribune","category-tunisie","tag-abdelmadgid-tebboune","tag-al-karama-2","tag-ennahdha","tag-hichem-mechichi","tag-kais-saied-2","tag-nadia-akacha","tag-qalb-tounes-2","tag-riadh-jrad","tag-yadh-elloumi"],"yoast_head":"<!-- This site is optimized with the Yoast SEO plugin v26.6 - https:\/\/yoast.com\/wordpress\/plugins\/seo\/ -->\n<title>\u00abAttentat\u00bb contre la pr\u00e9sidence : les nuages s\u2019amoncellent sur la Tunisie - Kapitalis<\/title>\n<meta name=\"robots\" content=\"index, follow, max-snippet:-1, max-image-preview:large, max-video-preview:-1\" \/>\n<link rel=\"canonical\" href=\"https:\/\/kapitalis.com\/tunisie\/2021\/01\/31\/attentat-contre-la-presidence-les-nuages-samoncellent-sur-la-tunisie\/\" \/>\n<meta property=\"og:locale\" content=\"fr_FR\" \/>\n<meta property=\"og:type\" content=\"article\" \/>\n<meta property=\"og:title\" content=\"\u00abAttentat\u00bb contre la pr\u00e9sidence : les nuages s\u2019amoncellent sur la Tunisie - Kapitalis\" \/>\n<meta property=\"og:description\" content=\"On ne peut pas impliquer sans preuves les parties tunisiennes hostiles au pr\u00e9sident Ka\u00efs Saied dans l\u2019attentat terroriste dont ce dernier aurait \u00e9t\u00e9 la cible cette semaine et qui impliquerait selon toute vraisemblance des parties \u00e9trang\u00e8res. Ce qu\u2019on peut leur reprocher, en revanche, c\u2019est avant tout d\u2019en nier la r\u00e9alit\u00e9 sans arguments pour le faire,...\" \/>\n<meta property=\"og:url\" content=\"https:\/\/kapitalis.com\/tunisie\/2021\/01\/31\/attentat-contre-la-presidence-les-nuages-samoncellent-sur-la-tunisie\/\" \/>\n<meta property=\"og:site_name\" content=\"Kapitalis\" \/>\n<meta property=\"article:publisher\" content=\"https:\/\/www.facebook.com\/KapitalisInfo\/\" \/>\n<meta property=\"article:published_time\" content=\"2021-01-31T09:23:07+00:00\" \/>\n<meta property=\"article:modified_time\" content=\"2021-01-31T09:23:11+00:00\" \/>\n<meta property=\"og:image\" content=\"https:\/\/kapitalis.com\/tunisie\/wp-content\/uploads\/2022\/05\/kapitalis-logo-fb.png\" \/>\n\t<meta property=\"og:image:width\" content=\"1200\" \/>\n\t<meta property=\"og:image:height\" content=\"630\" \/>\n\t<meta property=\"og:image:type\" content=\"image\/png\" \/>\n<meta name=\"author\" content=\"webmaster kapitalis\" \/>\n<meta name=\"twitter:card\" content=\"summary_large_image\" \/>\n<meta name=\"twitter:creator\" content=\"@KapitalisInfo\" \/>\n<meta name=\"twitter:site\" content=\"@KapitalisInfo\" \/>\n<meta name=\"twitter:label1\" content=\"\u00c9crit par\" \/>\n\t<meta name=\"twitter:data1\" content=\"webmaster kapitalis\" \/>\n\t<meta name=\"twitter:label2\" content=\"Dur\u00e9e de lecture estim\u00e9e\" \/>\n\t<meta name=\"twitter:data2\" content=\"14 minutes\" \/>\n<script type=\"application\/ld+json\" class=\"yoast-schema-graph\">{\"@context\":\"https:\/\/schema.org\",\"@graph\":[{\"@type\":\"Article\",\"@id\":\"https:\/\/kapitalis.com\/tunisie\/2021\/01\/31\/attentat-contre-la-presidence-les-nuages-samoncellent-sur-la-tunisie\/#article\",\"isPartOf\":{\"@id\":\"https:\/\/kapitalis.com\/tunisie\/2021\/01\/31\/attentat-contre-la-presidence-les-nuages-samoncellent-sur-la-tunisie\/\"},\"author\":{\"name\":\"webmaster kapitalis\",\"@id\":\"https:\/\/kapitalis.com\/tunisie\/#\/schema\/person\/d71f33a9ca44f7bad4698210b480c8e9\"},\"headline\":\"\u00abAttentat\u00bb contre la pr\u00e9sidence : les nuages s\u2019amoncellent sur la Tunisie\",\"datePublished\":\"2021-01-31T09:23:07+00:00\",\"dateModified\":\"2021-01-31T09:23:11+00:00\",\"mainEntityOfPage\":{\"@id\":\"https:\/\/kapitalis.com\/tunisie\/2021\/01\/31\/attentat-contre-la-presidence-les-nuages-samoncellent-sur-la-tunisie\/\"},\"wordCount\":2828,\"commentCount\":0,\"publisher\":{\"@id\":\"https:\/\/kapitalis.com\/tunisie\/#organization\"},\"image\":{\"@id\":\"https:\/\/kapitalis.com\/tunisie\/2021\/01\/31\/attentat-contre-la-presidence-les-nuages-samoncellent-sur-la-tunisie\/#primaryimage\"},\"thumbnailUrl\":\"\",\"keywords\":[\"Abdelmadgid Tebboune\",\"Al-Karama\",\"Ennahdha\",\"Hichem Mechichi\",\"Ka\u00efs Sa\u00efed\",\"Nadia Akacha\",\"Qalb Toun\u00e8s\",\"Riadh Jrad\",\"Yadh Elloumi\"],\"articleSection\":[\"A LA UNE\",\"POLITIQUE\",\"TRIBUNE\",\"Tunisie\"],\"inLanguage\":\"fr-FR\",\"potentialAction\":[{\"@type\":\"CommentAction\",\"name\":\"Comment\",\"target\":[\"https:\/\/kapitalis.com\/tunisie\/2021\/01\/31\/attentat-contre-la-presidence-les-nuages-samoncellent-sur-la-tunisie\/#respond\"]}]},{\"@type\":\"WebPage\",\"@id\":\"https:\/\/kapitalis.com\/tunisie\/2021\/01\/31\/attentat-contre-la-presidence-les-nuages-samoncellent-sur-la-tunisie\/\",\"url\":\"https:\/\/kapitalis.com\/tunisie\/2021\/01\/31\/attentat-contre-la-presidence-les-nuages-samoncellent-sur-la-tunisie\/\",\"name\":\"\u00abAttentat\u00bb contre la pr\u00e9sidence : les nuages s\u2019amoncellent sur la Tunisie - Kapitalis\",\"isPartOf\":{\"@id\":\"https:\/\/kapitalis.com\/tunisie\/#website\"},\"primaryImageOfPage\":{\"@id\":\"https:\/\/kapitalis.com\/tunisie\/2021\/01\/31\/attentat-contre-la-presidence-les-nuages-samoncellent-sur-la-tunisie\/#primaryimage\"},\"image\":{\"@id\":\"https:\/\/kapitalis.com\/tunisie\/2021\/01\/31\/attentat-contre-la-presidence-les-nuages-samoncellent-sur-la-tunisie\/#primaryimage\"},\"thumbnailUrl\":\"\",\"datePublished\":\"2021-01-31T09:23:07+00:00\",\"dateModified\":\"2021-01-31T09:23:11+00:00\",\"breadcrumb\":{\"@id\":\"https:\/\/kapitalis.com\/tunisie\/2021\/01\/31\/attentat-contre-la-presidence-les-nuages-samoncellent-sur-la-tunisie\/#breadcrumb\"},\"inLanguage\":\"fr-FR\",\"potentialAction\":[{\"@type\":\"ReadAction\",\"target\":[\"https:\/\/kapitalis.com\/tunisie\/2021\/01\/31\/attentat-contre-la-presidence-les-nuages-samoncellent-sur-la-tunisie\/\"]}]},{\"@type\":\"ImageObject\",\"inLanguage\":\"fr-FR\",\"@id\":\"https:\/\/kapitalis.com\/tunisie\/2021\/01\/31\/attentat-contre-la-presidence-les-nuages-samoncellent-sur-la-tunisie\/#primaryimage\",\"url\":\"\",\"contentUrl\":\"\"},{\"@type\":\"BreadcrumbList\",\"@id\":\"https:\/\/kapitalis.com\/tunisie\/2021\/01\/31\/attentat-contre-la-presidence-les-nuages-samoncellent-sur-la-tunisie\/#breadcrumb\",\"itemListElement\":[{\"@type\":\"ListItem\",\"position\":1,\"name\":\"Accueil\",\"item\":\"https:\/\/kapitalis.com\/tunisie\/\"},{\"@type\":\"ListItem\",\"position\":2,\"name\":\"\u00abAttentat\u00bb contre la pr\u00e9sidence : les nuages s\u2019amoncellent sur la Tunisie\"}]},{\"@type\":\"WebSite\",\"@id\":\"https:\/\/kapitalis.com\/tunisie\/#website\",\"url\":\"https:\/\/kapitalis.com\/tunisie\/\",\"name\":\"Kapitalis\",\"description\":\"L&#039;actualit\u00e9 en Tunisie et dans le monde\",\"publisher\":{\"@id\":\"https:\/\/kapitalis.com\/tunisie\/#organization\"},\"potentialAction\":[{\"@type\":\"SearchAction\",\"target\":{\"@type\":\"EntryPoint\",\"urlTemplate\":\"https:\/\/kapitalis.com\/tunisie\/?s={search_term_string}\"},\"query-input\":{\"@type\":\"PropertyValueSpecification\",\"valueRequired\":true,\"valueName\":\"search_term_string\"}}],\"inLanguage\":\"fr-FR\"},{\"@type\":\"Organization\",\"@id\":\"https:\/\/kapitalis.com\/tunisie\/#organization\",\"name\":\"Kapitalis\",\"url\":\"https:\/\/kapitalis.com\/tunisie\/\",\"logo\":{\"@type\":\"ImageObject\",\"inLanguage\":\"fr-FR\",\"@id\":\"https:\/\/kapitalis.com\/tunisie\/#\/schema\/logo\/image\/\",\"url\":\"https:\/\/kapitalis.com\/tunisie\/wp-content\/uploads\/2022\/05\/Kapitalis-big-size.png\",\"contentUrl\":\"https:\/\/kapitalis.com\/tunisie\/wp-content\/uploads\/2022\/05\/Kapitalis-big-size.png\",\"width\":5000,\"height\":1500,\"caption\":\"Kapitalis\"},\"image\":{\"@id\":\"https:\/\/kapitalis.com\/tunisie\/#\/schema\/logo\/image\/\"},\"sameAs\":[\"https:\/\/www.facebook.com\/KapitalisInfo\/\",\"https:\/\/x.com\/KapitalisInfo\",\"https:\/\/www.youtube.com\/channel\/UC-yDYrHyfFBWWZaOw3FPg9Q\"]},{\"@type\":\"Person\",\"@id\":\"https:\/\/kapitalis.com\/tunisie\/#\/schema\/person\/d71f33a9ca44f7bad4698210b480c8e9\",\"name\":\"webmaster kapitalis\",\"url\":\"https:\/\/kapitalis.com\/tunisie\/author\/webmaster-kapitalis\/\"}]}<\/script>\n<!-- \/ Yoast SEO plugin. -->","yoast_head_json":{"title":"\u00abAttentat\u00bb contre la pr\u00e9sidence : les nuages s\u2019amoncellent sur la Tunisie - Kapitalis","robots":{"index":"index","follow":"follow","max-snippet":"max-snippet:-1","max-image-preview":"max-image-preview:large","max-video-preview":"max-video-preview:-1"},"canonical":"https:\/\/kapitalis.com\/tunisie\/2021\/01\/31\/attentat-contre-la-presidence-les-nuages-samoncellent-sur-la-tunisie\/","og_locale":"fr_FR","og_type":"article","og_title":"\u00abAttentat\u00bb contre la pr\u00e9sidence : les nuages s\u2019amoncellent sur la Tunisie - Kapitalis","og_description":"On ne peut pas impliquer sans preuves les parties tunisiennes hostiles au pr\u00e9sident Ka\u00efs Saied dans l\u2019attentat terroriste dont ce dernier aurait \u00e9t\u00e9 la cible cette semaine et qui impliquerait selon toute vraisemblance des parties \u00e9trang\u00e8res. Ce qu\u2019on peut leur reprocher, en revanche, c\u2019est avant tout d\u2019en nier la r\u00e9alit\u00e9 sans arguments pour le faire,...","og_url":"https:\/\/kapitalis.com\/tunisie\/2021\/01\/31\/attentat-contre-la-presidence-les-nuages-samoncellent-sur-la-tunisie\/","og_site_name":"Kapitalis","article_publisher":"https:\/\/www.facebook.com\/KapitalisInfo\/","article_published_time":"2021-01-31T09:23:07+00:00","article_modified_time":"2021-01-31T09:23:11+00:00","og_image":[{"width":1200,"height":630,"url":"https:\/\/kapitalis.com\/tunisie\/wp-content\/uploads\/2022\/05\/kapitalis-logo-fb.png","type":"image\/png"}],"author":"webmaster kapitalis","twitter_card":"summary_large_image","twitter_creator":"@KapitalisInfo","twitter_site":"@KapitalisInfo","twitter_misc":{"\u00c9crit par":"webmaster kapitalis","Dur\u00e9e de lecture estim\u00e9e":"14 minutes"},"schema":{"@context":"https:\/\/schema.org","@graph":[{"@type":"Article","@id":"https:\/\/kapitalis.com\/tunisie\/2021\/01\/31\/attentat-contre-la-presidence-les-nuages-samoncellent-sur-la-tunisie\/#article","isPartOf":{"@id":"https:\/\/kapitalis.com\/tunisie\/2021\/01\/31\/attentat-contre-la-presidence-les-nuages-samoncellent-sur-la-tunisie\/"},"author":{"name":"webmaster kapitalis","@id":"https:\/\/kapitalis.com\/tunisie\/#\/schema\/person\/d71f33a9ca44f7bad4698210b480c8e9"},"headline":"\u00abAttentat\u00bb contre la pr\u00e9sidence : les nuages s\u2019amoncellent sur la Tunisie","datePublished":"2021-01-31T09:23:07+00:00","dateModified":"2021-01-31T09:23:11+00:00","mainEntityOfPage":{"@id":"https:\/\/kapitalis.com\/tunisie\/2021\/01\/31\/attentat-contre-la-presidence-les-nuages-samoncellent-sur-la-tunisie\/"},"wordCount":2828,"commentCount":0,"publisher":{"@id":"https:\/\/kapitalis.com\/tunisie\/#organization"},"image":{"@id":"https:\/\/kapitalis.com\/tunisie\/2021\/01\/31\/attentat-contre-la-presidence-les-nuages-samoncellent-sur-la-tunisie\/#primaryimage"},"thumbnailUrl":"","keywords":["Abdelmadgid Tebboune","Al-Karama","Ennahdha","Hichem Mechichi","Ka\u00efs Sa\u00efed","Nadia Akacha","Qalb Toun\u00e8s","Riadh Jrad","Yadh Elloumi"],"articleSection":["A LA UNE","POLITIQUE","TRIBUNE","Tunisie"],"inLanguage":"fr-FR","potentialAction":[{"@type":"CommentAction","name":"Comment","target":["https:\/\/kapitalis.com\/tunisie\/2021\/01\/31\/attentat-contre-la-presidence-les-nuages-samoncellent-sur-la-tunisie\/#respond"]}]},{"@type":"WebPage","@id":"https:\/\/kapitalis.com\/tunisie\/2021\/01\/31\/attentat-contre-la-presidence-les-nuages-samoncellent-sur-la-tunisie\/","url":"https:\/\/kapitalis.com\/tunisie\/2021\/01\/31\/attentat-contre-la-presidence-les-nuages-samoncellent-sur-la-tunisie\/","name":"\u00abAttentat\u00bb contre la pr\u00e9sidence : les nuages s\u2019amoncellent sur la Tunisie - Kapitalis","isPartOf":{"@id":"https:\/\/kapitalis.com\/tunisie\/#website"},"primaryImageOfPage":{"@id":"https:\/\/kapitalis.com\/tunisie\/2021\/01\/31\/attentat-contre-la-presidence-les-nuages-samoncellent-sur-la-tunisie\/#primaryimage"},"image":{"@id":"https:\/\/kapitalis.com\/tunisie\/2021\/01\/31\/attentat-contre-la-presidence-les-nuages-samoncellent-sur-la-tunisie\/#primaryimage"},"thumbnailUrl":"","datePublished":"2021-01-31T09:23:07+00:00","dateModified":"2021-01-31T09:23:11+00:00","breadcrumb":{"@id":"https:\/\/kapitalis.com\/tunisie\/2021\/01\/31\/attentat-contre-la-presidence-les-nuages-samoncellent-sur-la-tunisie\/#breadcrumb"},"inLanguage":"fr-FR","potentialAction":[{"@type":"ReadAction","target":["https:\/\/kapitalis.com\/tunisie\/2021\/01\/31\/attentat-contre-la-presidence-les-nuages-samoncellent-sur-la-tunisie\/"]}]},{"@type":"ImageObject","inLanguage":"fr-FR","@id":"https:\/\/kapitalis.com\/tunisie\/2021\/01\/31\/attentat-contre-la-presidence-les-nuages-samoncellent-sur-la-tunisie\/#primaryimage","url":"","contentUrl":""},{"@type":"BreadcrumbList","@id":"https:\/\/kapitalis.com\/tunisie\/2021\/01\/31\/attentat-contre-la-presidence-les-nuages-samoncellent-sur-la-tunisie\/#breadcrumb","itemListElement":[{"@type":"ListItem","position":1,"name":"Accueil","item":"https:\/\/kapitalis.com\/tunisie\/"},{"@type":"ListItem","position":2,"name":"\u00abAttentat\u00bb contre la pr\u00e9sidence : les nuages s\u2019amoncellent sur la Tunisie"}]},{"@type":"WebSite","@id":"https:\/\/kapitalis.com\/tunisie\/#website","url":"https:\/\/kapitalis.com\/tunisie\/","name":"Kapitalis","description":"L&#039;actualit\u00e9 en Tunisie et dans le monde","publisher":{"@id":"https:\/\/kapitalis.com\/tunisie\/#organization"},"potentialAction":[{"@type":"SearchAction","target":{"@type":"EntryPoint","urlTemplate":"https:\/\/kapitalis.com\/tunisie\/?s={search_term_string}"},"query-input":{"@type":"PropertyValueSpecification","valueRequired":true,"valueName":"search_term_string"}}],"inLanguage":"fr-FR"},{"@type":"Organization","@id":"https:\/\/kapitalis.com\/tunisie\/#organization","name":"Kapitalis","url":"https:\/\/kapitalis.com\/tunisie\/","logo":{"@type":"ImageObject","inLanguage":"fr-FR","@id":"https:\/\/kapitalis.com\/tunisie\/#\/schema\/logo\/image\/","url":"https:\/\/kapitalis.com\/tunisie\/wp-content\/uploads\/2022\/05\/Kapitalis-big-size.png","contentUrl":"https:\/\/kapitalis.com\/tunisie\/wp-content\/uploads\/2022\/05\/Kapitalis-big-size.png","width":5000,"height":1500,"caption":"Kapitalis"},"image":{"@id":"https:\/\/kapitalis.com\/tunisie\/#\/schema\/logo\/image\/"},"sameAs":["https:\/\/www.facebook.com\/KapitalisInfo\/","https:\/\/x.com\/KapitalisInfo","https:\/\/www.youtube.com\/channel\/UC-yDYrHyfFBWWZaOw3FPg9Q"]},{"@type":"Person","@id":"https:\/\/kapitalis.com\/tunisie\/#\/schema\/person\/d71f33a9ca44f7bad4698210b480c8e9","name":"webmaster kapitalis","url":"https:\/\/kapitalis.com\/tunisie\/author\/webmaster-kapitalis\/"}]}},"_links":{"self":[{"href":"https:\/\/kapitalis.com\/tunisie\/wp-json\/wp\/v2\/posts\/334304","targetHints":{"allow":["GET"]}}],"collection":[{"href":"https:\/\/kapitalis.com\/tunisie\/wp-json\/wp\/v2\/posts"}],"about":[{"href":"https:\/\/kapitalis.com\/tunisie\/wp-json\/wp\/v2\/types\/post"}],"author":[{"embeddable":true,"href":"https:\/\/kapitalis.com\/tunisie\/wp-json\/wp\/v2\/users\/8"}],"replies":[{"embeddable":true,"href":"https:\/\/kapitalis.com\/tunisie\/wp-json\/wp\/v2\/comments?post=334304"}],"version-history":[{"count":0,"href":"https:\/\/kapitalis.com\/tunisie\/wp-json\/wp\/v2\/posts\/334304\/revisions"}],"wp:featuredmedia":[{"embeddable":true,"href":"https:\/\/kapitalis.com\/tunisie\/wp-json\/wp\/v2\/media\/334305"}],"wp:attachment":[{"href":"https:\/\/kapitalis.com\/tunisie\/wp-json\/wp\/v2\/media?parent=334304"}],"wp:term":[{"taxonomy":"category","embeddable":true,"href":"https:\/\/kapitalis.com\/tunisie\/wp-json\/wp\/v2\/categories?post=334304"},{"taxonomy":"post_tag","embeddable":true,"href":"https:\/\/kapitalis.com\/tunisie\/wp-json\/wp\/v2\/tags?post=334304"}],"curies":[{"name":"wp","href":"https:\/\/api.w.org\/{rel}","templated":true}]}}