{"id":334377,"date":"2021-02-01T14:11:27","date_gmt":"2021-02-01T13:11:27","guid":{"rendered":"http:\/\/kapitalis.com\/tunisie\/?p=334377"},"modified":"2021-02-01T20:15:01","modified_gmt":"2021-02-01T19:15:01","slug":"greve-sncft-pas-de-trains-en-tunisie-le-18-fevier-2021","status":"publish","type":"post","link":"https:\/\/kapitalis.com\/tunisie\/2021\/02\/01\/greve-sncft-pas-de-trains-en-tunisie-le-18-fevier-2021\/","title":{"rendered":"Gr\u00e8ve SNCFT : Pas de trains en Tunisie le 18 f\u00e9vier 2021"},"content":{"rendered":"\n<figure class=\"wp-block-image size-large\"><img decoding=\"async\" src=\"http:\/\/kapitalis.com\/tunisie\/wp-content\/uploads\/2019\/08\/train-SNCFT....jpg\" alt=\"\" class=\"wp-image-234762\"\/><\/figure>\n\n\n\n<p><strong><em>La F\u00e9d\u00e9ration g\u00e9n\u00e9rale des Chemins de fer, relevant de l&rsquo;Union g\u00e9n\u00e9rale tunisienne du travail (UGTT), a annonc\u00e9 ce lundi 1er f\u00e9vrier 2021, une gr\u00e8ve g\u00e9n\u00e9rale le 18 f\u00e9vrier prochain.<\/em><\/strong><\/p>\n\n\n\n<!--more-->\n\n\n\n<p>Cette gr\u00e8ve a \u00e9t\u00e9 d\u00e9cid\u00e9e en raison de la non-application du proc\u00e8s-verbal de la s\u00e9ance du 27 novembre, sign\u00e9 par la direction g\u00e9n\u00e9rale, le minist\u00e8re du Transport et de la Logistique et le syndicat, pr\u00e9cise la F\u00e9d\u00e9ration, en indiquant que ce mouvement sera observ\u00e9 par les agents et cadres de la SNCFT ainsi que ceux de la Soci\u00e9t\u00e9 des travaux ferroviaires (Sotrafer).<\/p>\n\n\n\n<p>Notons que les revendications concernent essentiellement la r\u00e9gularisation de la situation des agents, ainsi que le versement de primes de l&rsquo;ann\u00e9e pr\u00e9c\u00e9dente.<\/p>\n\n\n\n<p class=\"has-text-align-right\"><strong>Y. N.<\/strong><\/p>\n","protected":false},"excerpt":{"rendered":"<p>La F\u00e9d\u00e9ration g\u00e9n\u00e9rale des Chemins de fer, relevant de l&rsquo;Union g\u00e9n\u00e9rale tunisienne du travail (UGTT), a annonc\u00e9 ce lundi 1er f\u00e9vrier 2021, une gr\u00e8ve g\u00e9n\u00e9rale le 18 f\u00e9vrier prochain.<\/p>\n","protected":false},"author":6,"featured_media":0,"comment_status":"open","ping_status":"open","sticky":false,"template":"","format":"standard","meta":{"footnotes":""},"categories":[998,2433],"tags":[10258,425,837,3351,936],"class_list":["post-334377","post","type-post","status-publish","format-standard","hentry","category-societe","category-tunisie","tag-chemins-de-fer","tag-greve","tag-sncft","tag-trains","tag-ugtt"],"yoast_head":"<!-- This site is optimized with the Yoast SEO plugin v26.6 - https:\/\/yoast.com\/wordpress\/plugins\/seo\/ -->\n<title>Gr\u00e8ve SNCFT : Pas de trains en Tunisie le 18 f\u00e9vier 2021 - Kapitalis<\/title>\n<meta name=\"robots\" content=\"index, follow, max-snippet:-1, max-image-preview:large, max-video-preview:-1\" \/>\n<link rel=\"canonical\" href=\"https:\/\/kapitalis.com\/tunisie\/2021\/02\/01\/greve-sncft-pas-de-trains-en-tunisie-le-18-fevier-2021\/\" \/>\n<meta property=\"og:locale\" content=\"fr_FR\" \/>\n<meta property=\"og:type\" content=\"article\" \/>\n<meta property=\"og:title\" content=\"Gr\u00e8ve SNCFT : Pas de trains en Tunisie le 18 f\u00e9vier 2021 - Kapitalis\" \/>\n<meta property=\"og:description\" content=\"La F\u00e9d\u00e9ration g\u00e9n\u00e9rale des Chemins de fer, relevant de l&rsquo;Union g\u00e9n\u00e9rale tunisienne du travail (UGTT), a annonc\u00e9 ce lundi 1er f\u00e9vrier 2021, une gr\u00e8ve g\u00e9n\u00e9rale le 18 f\u00e9vrier prochain.\" \/>\n<meta property=\"og:url\" content=\"https:\/\/kapitalis.com\/tunisie\/2021\/02\/01\/greve-sncft-pas-de-trains-en-tunisie-le-18-fevier-2021\/\" \/>\n<meta property=\"og:site_name\" content=\"Kapitalis\" \/>\n<meta property=\"article:publisher\" content=\"https:\/\/www.facebook.com\/KapitalisInfo\/\" \/>\n<meta property=\"article:published_time\" content=\"2021-02-01T13:11:27+00:00\" \/>\n<meta property=\"article:modified_time\" content=\"2021-02-01T19:15:01+00:00\" \/>\n<meta property=\"og:image\" content=\"http:\/\/kapitalis.com\/tunisie\/wp-content\/uploads\/2019\/08\/train-SNCFT....jpg\" \/>\n<meta name=\"author\" content=\"Yusra NY\" \/>\n<meta name=\"twitter:card\" content=\"summary_large_image\" \/>\n<meta name=\"twitter:creator\" content=\"@KapitalisInfo\" \/>\n<meta name=\"twitter:site\" content=\"@KapitalisInfo\" \/>\n<meta name=\"twitter:label1\" content=\"\u00c9crit par\" \/>\n\t<meta name=\"twitter:data1\" content=\"Yusra NY\" \/>\n\t<meta name=\"twitter:label2\" content=\"Dur\u00e9e de lecture estim\u00e9e\" \/>\n\t<meta name=\"twitter:data2\" content=\"1 minute\" \/>\n<script type=\"application\/ld+json\" class=\"yoast-schema-graph\">{\"@context\":\"https:\/\/schema.org\",\"@graph\":[{\"@type\":\"Article\",\"@id\":\"https:\/\/kapitalis.com\/tunisie\/2021\/02\/01\/greve-sncft-pas-de-trains-en-tunisie-le-18-fevier-2021\/#article\",\"isPartOf\":{\"@id\":\"https:\/\/kapitalis.com\/tunisie\/2021\/02\/01\/greve-sncft-pas-de-trains-en-tunisie-le-18-fevier-2021\/\"},\"author\":{\"name\":\"Yusra NY\",\"@id\":\"https:\/\/kapitalis.com\/tunisie\/#\/schema\/person\/74bbde0154d49d790a92aaeac5bc01d5\"},\"headline\":\"Gr\u00e8ve SNCFT : Pas de trains en Tunisie le 18 f\u00e9vier 2021\",\"datePublished\":\"2021-02-01T13:11:27+00:00\",\"dateModified\":\"2021-02-01T19:15:01+00:00\",\"mainEntityOfPage\":{\"@id\":\"https:\/\/kapitalis.com\/tunisie\/2021\/02\/01\/greve-sncft-pas-de-trains-en-tunisie-le-18-fevier-2021\/\"},\"wordCount\":150,\"commentCount\":0,\"publisher\":{\"@id\":\"https:\/\/kapitalis.com\/tunisie\/#organization\"},\"image\":{\"@id\":\"https:\/\/kapitalis.com\/tunisie\/2021\/02\/01\/greve-sncft-pas-de-trains-en-tunisie-le-18-fevier-2021\/#primaryimage\"},\"thumbnailUrl\":\"http:\/\/kapitalis.com\/tunisie\/wp-content\/uploads\/2019\/08\/train-SNCFT....jpg\",\"keywords\":[\"chemins de fer\",\"gr\u00e8ve\",\"SNCFT\",\"trains\",\"UGTT\"],\"articleSection\":[\"SOCIETE\",\"Tunisie\"],\"inLanguage\":\"fr-FR\",\"potentialAction\":[{\"@type\":\"CommentAction\",\"name\":\"Comment\",\"target\":[\"https:\/\/kapitalis.com\/tunisie\/2021\/02\/01\/greve-sncft-pas-de-trains-en-tunisie-le-18-fevier-2021\/#respond\"]}]},{\"@type\":\"WebPage\",\"@id\":\"https:\/\/kapitalis.com\/tunisie\/2021\/02\/01\/greve-sncft-pas-de-trains-en-tunisie-le-18-fevier-2021\/\",\"url\":\"https:\/\/kapitalis.com\/tunisie\/2021\/02\/01\/greve-sncft-pas-de-trains-en-tunisie-le-18-fevier-2021\/\",\"name\":\"Gr\u00e8ve SNCFT : Pas de trains en Tunisie le 18 f\u00e9vier 2021 - Kapitalis\",\"isPartOf\":{\"@id\":\"https:\/\/kapitalis.com\/tunisie\/#website\"},\"primaryImageOfPage\":{\"@id\":\"https:\/\/kapitalis.com\/tunisie\/2021\/02\/01\/greve-sncft-pas-de-trains-en-tunisie-le-18-fevier-2021\/#primaryimage\"},\"image\":{\"@id\":\"https:\/\/kapitalis.com\/tunisie\/2021\/02\/01\/greve-sncft-pas-de-trains-en-tunisie-le-18-fevier-2021\/#primaryimage\"},\"thumbnailUrl\":\"http:\/\/kapitalis.com\/tunisie\/wp-content\/uploads\/2019\/08\/train-SNCFT....jpg\",\"datePublished\":\"2021-02-01T13:11:27+00:00\",\"dateModified\":\"2021-02-01T19:15:01+00:00\",\"breadcrumb\":{\"@id\":\"https:\/\/kapitalis.com\/tunisie\/2021\/02\/01\/greve-sncft-pas-de-trains-en-tunisie-le-18-fevier-2021\/#breadcrumb\"},\"inLanguage\":\"fr-FR\",\"potentialAction\":[{\"@type\":\"ReadAction\",\"target\":[\"https:\/\/kapitalis.com\/tunisie\/2021\/02\/01\/greve-sncft-pas-de-trains-en-tunisie-le-18-fevier-2021\/\"]}]},{\"@type\":\"ImageObject\",\"inLanguage\":\"fr-FR\",\"@id\":\"https:\/\/kapitalis.com\/tunisie\/2021\/02\/01\/greve-sncft-pas-de-trains-en-tunisie-le-18-fevier-2021\/#primaryimage\",\"url\":\"\",\"contentUrl\":\"\"},{\"@type\":\"BreadcrumbList\",\"@id\":\"https:\/\/kapitalis.com\/tunisie\/2021\/02\/01\/greve-sncft-pas-de-trains-en-tunisie-le-18-fevier-2021\/#breadcrumb\",\"itemListElement\":[{\"@type\":\"ListItem\",\"position\":1,\"name\":\"Accueil\",\"item\":\"https:\/\/kapitalis.com\/tunisie\/\"},{\"@type\":\"ListItem\",\"position\":2,\"name\":\"Gr\u00e8ve SNCFT : Pas de trains en Tunisie le 18 f\u00e9vier 2021\"}]},{\"@type\":\"WebSite\",\"@id\":\"https:\/\/kapitalis.com\/tunisie\/#website\",\"url\":\"https:\/\/kapitalis.com\/tunisie\/\",\"name\":\"Kapitalis\",\"description\":\"L&#039;actualit\u00e9 en Tunisie et dans le monde\",\"publisher\":{\"@id\":\"https:\/\/kapitalis.com\/tunisie\/#organization\"},\"potentialAction\":[{\"@type\":\"SearchAction\",\"target\":{\"@type\":\"EntryPoint\",\"urlTemplate\":\"https:\/\/kapitalis.com\/tunisie\/?s={search_term_string}\"},\"query-input\":{\"@type\":\"PropertyValueSpecification\",\"valueRequired\":true,\"valueName\":\"search_term_string\"}}],\"inLanguage\":\"fr-FR\"},{\"@type\":\"Organization\",\"@id\":\"https:\/\/kapitalis.com\/tunisie\/#organization\",\"name\":\"Kapitalis\",\"url\":\"https:\/\/kapitalis.com\/tunisie\/\",\"logo\":{\"@type\":\"ImageObject\",\"inLanguage\":\"fr-FR\",\"@id\":\"https:\/\/kapitalis.com\/tunisie\/#\/schema\/logo\/image\/\",\"url\":\"https:\/\/kapitalis.com\/tunisie\/wp-content\/uploads\/2022\/05\/Kapitalis-big-size.png\",\"contentUrl\":\"https:\/\/kapitalis.com\/tunisie\/wp-content\/uploads\/2022\/05\/Kapitalis-big-size.png\",\"width\":5000,\"height\":1500,\"caption\":\"Kapitalis\"},\"image\":{\"@id\":\"https:\/\/kapitalis.com\/tunisie\/#\/schema\/logo\/image\/\"},\"sameAs\":[\"https:\/\/www.facebook.com\/KapitalisInfo\/\",\"https:\/\/x.com\/KapitalisInfo\",\"https:\/\/www.youtube.com\/channel\/UC-yDYrHyfFBWWZaOw3FPg9Q\"]},{\"@type\":\"Person\",\"@id\":\"https:\/\/kapitalis.com\/tunisie\/#\/schema\/person\/74bbde0154d49d790a92aaeac5bc01d5\",\"name\":\"Yusra NY\",\"url\":\"https:\/\/kapitalis.com\/tunisie\/author\/yuza_adam\/\"}]}<\/script>\n<!-- \/ Yoast SEO plugin. -->","yoast_head_json":{"title":"Gr\u00e8ve SNCFT : Pas de trains en Tunisie le 18 f\u00e9vier 2021 - Kapitalis","robots":{"index":"index","follow":"follow","max-snippet":"max-snippet:-1","max-image-preview":"max-image-preview:large","max-video-preview":"max-video-preview:-1"},"canonical":"https:\/\/kapitalis.com\/tunisie\/2021\/02\/01\/greve-sncft-pas-de-trains-en-tunisie-le-18-fevier-2021\/","og_locale":"fr_FR","og_type":"article","og_title":"Gr\u00e8ve SNCFT : Pas de trains en Tunisie le 18 f\u00e9vier 2021 - Kapitalis","og_description":"La F\u00e9d\u00e9ration g\u00e9n\u00e9rale des Chemins de fer, relevant de l&rsquo;Union g\u00e9n\u00e9rale tunisienne du travail (UGTT), a annonc\u00e9 ce lundi 1er f\u00e9vrier 2021, une gr\u00e8ve g\u00e9n\u00e9rale le 18 f\u00e9vrier prochain.","og_url":"https:\/\/kapitalis.com\/tunisie\/2021\/02\/01\/greve-sncft-pas-de-trains-en-tunisie-le-18-fevier-2021\/","og_site_name":"Kapitalis","article_publisher":"https:\/\/www.facebook.com\/KapitalisInfo\/","article_published_time":"2021-02-01T13:11:27+00:00","article_modified_time":"2021-02-01T19:15:01+00:00","og_image":[{"url":"http:\/\/kapitalis.com\/tunisie\/wp-content\/uploads\/2019\/08\/train-SNCFT....jpg","type":"","width":"","height":""}],"author":"Yusra NY","twitter_card":"summary_large_image","twitter_creator":"@KapitalisInfo","twitter_site":"@KapitalisInfo","twitter_misc":{"\u00c9crit par":"Yusra NY","Dur\u00e9e de lecture estim\u00e9e":"1 minute"},"schema":{"@context":"https:\/\/schema.org","@graph":[{"@type":"Article","@id":"https:\/\/kapitalis.com\/tunisie\/2021\/02\/01\/greve-sncft-pas-de-trains-en-tunisie-le-18-fevier-2021\/#article","isPartOf":{"@id":"https:\/\/kapitalis.com\/tunisie\/2021\/02\/01\/greve-sncft-pas-de-trains-en-tunisie-le-18-fevier-2021\/"},"author":{"name":"Yusra NY","@id":"https:\/\/kapitalis.com\/tunisie\/#\/schema\/person\/74bbde0154d49d790a92aaeac5bc01d5"},"headline":"Gr\u00e8ve SNCFT : Pas de trains en Tunisie le 18 f\u00e9vier 2021","datePublished":"2021-02-01T13:11:27+00:00","dateModified":"2021-02-01T19:15:01+00:00","mainEntityOfPage":{"@id":"https:\/\/kapitalis.com\/tunisie\/2021\/02\/01\/greve-sncft-pas-de-trains-en-tunisie-le-18-fevier-2021\/"},"wordCount":150,"commentCount":0,"publisher":{"@id":"https:\/\/kapitalis.com\/tunisie\/#organization"},"image":{"@id":"https:\/\/kapitalis.com\/tunisie\/2021\/02\/01\/greve-sncft-pas-de-trains-en-tunisie-le-18-fevier-2021\/#primaryimage"},"thumbnailUrl":"http:\/\/kapitalis.com\/tunisie\/wp-content\/uploads\/2019\/08\/train-SNCFT....jpg","keywords":["chemins de fer","gr\u00e8ve","SNCFT","trains","UGTT"],"articleSection":["SOCIETE","Tunisie"],"inLanguage":"fr-FR","potentialAction":[{"@type":"CommentAction","name":"Comment","target":["https:\/\/kapitalis.com\/tunisie\/2021\/02\/01\/greve-sncft-pas-de-trains-en-tunisie-le-18-fevier-2021\/#respond"]}]},{"@type":"WebPage","@id":"https:\/\/kapitalis.com\/tunisie\/2021\/02\/01\/greve-sncft-pas-de-trains-en-tunisie-le-18-fevier-2021\/","url":"https:\/\/kapitalis.com\/tunisie\/2021\/02\/01\/greve-sncft-pas-de-trains-en-tunisie-le-18-fevier-2021\/","name":"Gr\u00e8ve SNCFT : Pas de trains en Tunisie le 18 f\u00e9vier 2021 - Kapitalis","isPartOf":{"@id":"https:\/\/kapitalis.com\/tunisie\/#website"},"primaryImageOfPage":{"@id":"https:\/\/kapitalis.com\/tunisie\/2021\/02\/01\/greve-sncft-pas-de-trains-en-tunisie-le-18-fevier-2021\/#primaryimage"},"image":{"@id":"https:\/\/kapitalis.com\/tunisie\/2021\/02\/01\/greve-sncft-pas-de-trains-en-tunisie-le-18-fevier-2021\/#primaryimage"},"thumbnailUrl":"http:\/\/kapitalis.com\/tunisie\/wp-content\/uploads\/2019\/08\/train-SNCFT....jpg","datePublished":"2021-02-01T13:11:27+00:00","dateModified":"2021-02-01T19:15:01+00:00","breadcrumb":{"@id":"https:\/\/kapitalis.com\/tunisie\/2021\/02\/01\/greve-sncft-pas-de-trains-en-tunisie-le-18-fevier-2021\/#breadcrumb"},"inLanguage":"fr-FR","potentialAction":[{"@type":"ReadAction","target":["https:\/\/kapitalis.com\/tunisie\/2021\/02\/01\/greve-sncft-pas-de-trains-en-tunisie-le-18-fevier-2021\/"]}]},{"@type":"ImageObject","inLanguage":"fr-FR","@id":"https:\/\/kapitalis.com\/tunisie\/2021\/02\/01\/greve-sncft-pas-de-trains-en-tunisie-le-18-fevier-2021\/#primaryimage","url":"","contentUrl":""},{"@type":"BreadcrumbList","@id":"https:\/\/kapitalis.com\/tunisie\/2021\/02\/01\/greve-sncft-pas-de-trains-en-tunisie-le-18-fevier-2021\/#breadcrumb","itemListElement":[{"@type":"ListItem","position":1,"name":"Accueil","item":"https:\/\/kapitalis.com\/tunisie\/"},{"@type":"ListItem","position":2,"name":"Gr\u00e8ve SNCFT : Pas de trains en Tunisie le 18 f\u00e9vier 2021"}]},{"@type":"WebSite","@id":"https:\/\/kapitalis.com\/tunisie\/#website","url":"https:\/\/kapitalis.com\/tunisie\/","name":"Kapitalis","description":"L&#039;actualit\u00e9 en Tunisie et dans le monde","publisher":{"@id":"https:\/\/kapitalis.com\/tunisie\/#organization"},"potentialAction":[{"@type":"SearchAction","target":{"@type":"EntryPoint","urlTemplate":"https:\/\/kapitalis.com\/tunisie\/?s={search_term_string}"},"query-input":{"@type":"PropertyValueSpecification","valueRequired":true,"valueName":"search_term_string"}}],"inLanguage":"fr-FR"},{"@type":"Organization","@id":"https:\/\/kapitalis.com\/tunisie\/#organization","name":"Kapitalis","url":"https:\/\/kapitalis.com\/tunisie\/","logo":{"@type":"ImageObject","inLanguage":"fr-FR","@id":"https:\/\/kapitalis.com\/tunisie\/#\/schema\/logo\/image\/","url":"https:\/\/kapitalis.com\/tunisie\/wp-content\/uploads\/2022\/05\/Kapitalis-big-size.png","contentUrl":"https:\/\/kapitalis.com\/tunisie\/wp-content\/uploads\/2022\/05\/Kapitalis-big-size.png","width":5000,"height":1500,"caption":"Kapitalis"},"image":{"@id":"https:\/\/kapitalis.com\/tunisie\/#\/schema\/logo\/image\/"},"sameAs":["https:\/\/www.facebook.com\/KapitalisInfo\/","https:\/\/x.com\/KapitalisInfo","https:\/\/www.youtube.com\/channel\/UC-yDYrHyfFBWWZaOw3FPg9Q"]},{"@type":"Person","@id":"https:\/\/kapitalis.com\/tunisie\/#\/schema\/person\/74bbde0154d49d790a92aaeac5bc01d5","name":"Yusra NY","url":"https:\/\/kapitalis.com\/tunisie\/author\/yuza_adam\/"}]}},"_links":{"self":[{"href":"https:\/\/kapitalis.com\/tunisie\/wp-json\/wp\/v2\/posts\/334377","targetHints":{"allow":["GET"]}}],"collection":[{"href":"https:\/\/kapitalis.com\/tunisie\/wp-json\/wp\/v2\/posts"}],"about":[{"href":"https:\/\/kapitalis.com\/tunisie\/wp-json\/wp\/v2\/types\/post"}],"author":[{"embeddable":true,"href":"https:\/\/kapitalis.com\/tunisie\/wp-json\/wp\/v2\/users\/6"}],"replies":[{"embeddable":true,"href":"https:\/\/kapitalis.com\/tunisie\/wp-json\/wp\/v2\/comments?post=334377"}],"version-history":[{"count":0,"href":"https:\/\/kapitalis.com\/tunisie\/wp-json\/wp\/v2\/posts\/334377\/revisions"}],"wp:attachment":[{"href":"https:\/\/kapitalis.com\/tunisie\/wp-json\/wp\/v2\/media?parent=334377"}],"wp:term":[{"taxonomy":"category","embeddable":true,"href":"https:\/\/kapitalis.com\/tunisie\/wp-json\/wp\/v2\/categories?post=334377"},{"taxonomy":"post_tag","embeddable":true,"href":"https:\/\/kapitalis.com\/tunisie\/wp-json\/wp\/v2\/tags?post=334377"}],"curies":[{"name":"wp","href":"https:\/\/api.w.org\/{rel}","templated":true}]}}