{"id":334382,"date":"2021-02-01T14:53:26","date_gmt":"2021-02-01T13:53:26","guid":{"rendered":"http:\/\/kapitalis.com\/tunisie\/?p=334382"},"modified":"2021-02-01T23:54:35","modified_gmt":"2021-02-01T22:54:35","slug":"des-deputes-europeens-se-mobilisent-pour-la-restitution-des-dechets-envoyes-illegalement-en-tunisie","status":"publish","type":"post","link":"https:\/\/kapitalis.com\/tunisie\/2021\/02\/01\/des-deputes-europeens-se-mobilisent-pour-la-restitution-des-dechets-envoyes-illegalement-en-tunisie\/","title":{"rendered":"Des d\u00e9put\u00e9s europ\u00e9ens se mobilisent pour la restitution des d\u00e9chets envoy\u00e9s ill\u00e9galement en Tunisie"},"content":{"rendered":"\n<figure class=\"wp-block-image size-large\"><img decoding=\"async\" src=\"http:\/\/kapitalis.com\/tunisie\/wp-content\/uploads\/2021\/02\/Piernicola-Pedicini.jpg\" alt=\"\" class=\"wp-image-334391\"\/><figcaption><em>Piernicola Pedicini.<\/em><\/figcaption><\/figure>\n\n\n\n<p><strong><em>Des d\u00e9put\u00e9s europ\u00e9ens, \u00e0 l&rsquo;instar de Piernicola Pedicini Rosa D\u2019Amato, Ignazio Corrao, soutenus par la conseill\u00e8re r\u00e9gionale Maria Muscar\u00e0, estiment que la responsabilit\u00e9 des d\u00e9chets italiens, import\u00e9s ill\u00e9galement en Tunisie, incombe \u00e0 la r\u00e9gion de Campanie (sud de l\u2019Italie). Ils appellent dans ce sens les autorit\u00e9s r\u00e9gionales italiennes \u00e0 prendre leurs responsabilit\u00e9s et \u00e0 restituer les conteneurs.<\/em><\/strong><\/p>\n\n\n\n<!--more-->\n\n\n\n<p>Les d\u00e9put\u00e9s qui se mobilisent estiment que l&rsquo;envoi en Tunisie, constitue une violation flagrante des principes de la Convention de B\u00e2le sur l&rsquo;exportation des d\u00e9chets, tout en affirmant avoir adress\u00e9 une question \u00e0 la Commission europ\u00e9enne (CE), \u00e0 ce propos.<\/p>\n\n\n\n<p>Celle-ci a expliqu\u00e9 \u00e0 son tour, qu\u2019au niveau europ\u00e9en, le r\u00e8glement sur les transferts de d\u00e9chets contient des dispositions d\u00e9taill\u00e9es, imposant aux \u00c9tats membres d\u2019effectuer des contr\u00f4les sur les transferts de d\u00e9chets et que le r\u00e8glement sanctionne toute infraction aux r\u00e8gles.<\/p>\n\n\n\n<p>\u00ab<em>La r\u00e9ponse de la Commission europ\u00e9enne ne laisse aucun doute, sur la responsabilit\u00e9 des autorit\u00e9s locales, et donc de la r\u00e9gion de Campanie, vis \u00e0 vis du trafic de d\u00e9chets transport\u00e9s ill\u00e9galement vers la Tunisie<\/em>\u00bb, a indiqu\u00e9 la d\u00e9put\u00e9e Piernicola Pedicini dans une d\u00e9claration \u00e0<a aria-label=\"undefined (s\u2019ouvre dans un nouvel onglet)\" href=\"http:\/\/www.irpinia24.it\" target=\"_blank\" rel=\"noreferrer noopener\"> un m\u00e9dia local,<\/a> en rappelant que des n\u00e9gociations bilat\u00e9rales sur une zone de libre-\u00e9change approfondi et complet avec la Tunisie, ont \u00e9t\u00e9 lanc\u00e9es en 2015 et sont toujours en cours.<\/p>\n\n\n\n<p><em>\u00abLe trafic de d\u00e9chets qui arrivent en Tunisie d&rsquo;une entreprise op\u00e9rant dans la Terra dei Fuochi aura des effets sur la vie de chacun \u00e0 long terme\u00bb<\/em>, a d\u00e9plor\u00e9 le d\u00e9put\u00e9 italien en affirmant que le gouvernement r\u00e9gional est responsable de la n\u00e9gligence avec laquelle il surveille le trafic des d\u00e9chets et doit en assumer la responsabilit\u00e9 \u00bb.<\/p>\n\n\n\n<p>Rappelons que 212 conteneurs de d\u00e9chets italiens sont encore au port de Sousse et 70 autres se trouvent au si\u00e8ge de la soci\u00e9t\u00e9 importatrice et que la justice tunisienne, qui m\u00e8ne une enqu\u00eate \u00e0 ce propos, depuis novembre 2020, a mis en examens 8 suspects  : l&rsquo;ancien  ministre de l\u2019Environnement et des Affaires locales Mustapha Laroui,i, l\u2019ancien PDG et deux directeurs de l\u2019Agence nationale de gestion des d\u00e9chets (Anged), deux directeurs de l\u2019Agence nationale de protection de l\u2019Environnement (ANPE), le propri\u00e9taire du laboratoire ainsi qu\u2019un fonctionnaire de la direction r\u00e9gionale de l\u2019Environnement Sousse.<\/p>\n\n\n\n<p class=\"has-text-align-right\"><strong>Y. N.<\/strong><\/p>\n\n\n\n<figure class=\"wp-block-embed is-type-wp-embed is-provider-kapitalis wp-block-embed-kapitalis\"><div class=\"wp-block-embed__wrapper\">\n<blockquote class=\"wp-embedded-content\" data-secret=\"G60EqNJuZw\"><a href=\"https:\/\/kapitalis.com\/tunisie\/2020\/12\/22\/affaire-des-dechets-italiens-liste-des-huit-suspects-mis-en-examen-et-places-en-prison\/\">Affaire des d\u00e9chets italiens : Liste des huit suspects mis en examen et plac\u00e9s en prison<\/a><\/blockquote><iframe loading=\"lazy\" class=\"wp-embedded-content\" sandbox=\"allow-scripts\" security=\"restricted\" style=\"position: absolute; clip: rect(1px, 1px, 1px, 1px);\" title=\"\u00ab\u00a0Affaire des d\u00e9chets italiens : Liste des huit suspects mis en examen et plac\u00e9s en prison\u00a0\u00bb &#8212; Kapitalis\" src=\"https:\/\/kapitalis.com\/tunisie\/2020\/12\/22\/affaire-des-dechets-italiens-liste-des-huit-suspects-mis-en-examen-et-places-en-prison\/embed\/#?secret=sRJix2EUIJ#?secret=G60EqNJuZw\" data-secret=\"G60EqNJuZw\" width=\"600\" height=\"338\" frameborder=\"0\" marginwidth=\"0\" marginheight=\"0\" scrolling=\"no\"><\/iframe>\n<\/div><\/figure>\n","protected":false},"excerpt":{"rendered":"<p>Des d\u00e9put\u00e9s europ\u00e9ens, \u00e0 l&rsquo;instar de Piernicola Pedicini Rosa D\u2019Amato, Ignazio Corrao, soutenus par la conseill\u00e8re r\u00e9gionale Maria Muscar\u00e0, estiment que la responsabilit\u00e9 des d\u00e9chets italiens, import\u00e9s ill\u00e9galement en Tunisie, incombe \u00e0 la r\u00e9gion de Campanie (sud de l\u2019Italie). Ils appellent dans ce sens les autorit\u00e9s r\u00e9gionales italiennes \u00e0 prendre leurs responsabilit\u00e9s et \u00e0 restituer&#8230;<\/p>\n","protected":false},"author":6,"featured_media":334391,"comment_status":"open","ping_status":"open","sticky":false,"template":"","format":"standard","meta":{"footnotes":""},"categories":[997,998,2433],"tags":[87055,1293,84652,87054,505,84993,62643],"class_list":["post-334382","post","type-post","status-publish","format-standard","has-post-thumbnail","hentry","category-politique","category-societe","category-tunisie","tag-campanie","tag-conteneurs","tag-dechets-italiens","tag-deputes-europeens","tag-italie","tag-port-sousse","tag-tunisie"],"yoast_head":"<!-- This site is optimized with the Yoast SEO plugin v26.6 - https:\/\/yoast.com\/wordpress\/plugins\/seo\/ -->\n<title>Des d\u00e9put\u00e9s europ\u00e9ens se mobilisent pour la restitution des d\u00e9chets envoy\u00e9s ill\u00e9galement en Tunisie - Kapitalis<\/title>\n<meta name=\"robots\" content=\"index, follow, max-snippet:-1, max-image-preview:large, max-video-preview:-1\" \/>\n<link rel=\"canonical\" href=\"https:\/\/kapitalis.com\/tunisie\/2021\/02\/01\/des-deputes-europeens-se-mobilisent-pour-la-restitution-des-dechets-envoyes-illegalement-en-tunisie\/\" \/>\n<meta property=\"og:locale\" content=\"fr_FR\" \/>\n<meta property=\"og:type\" content=\"article\" \/>\n<meta property=\"og:title\" content=\"Des d\u00e9put\u00e9s europ\u00e9ens se mobilisent pour la restitution des d\u00e9chets envoy\u00e9s ill\u00e9galement en Tunisie - Kapitalis\" \/>\n<meta property=\"og:description\" content=\"Des d\u00e9put\u00e9s europ\u00e9ens, \u00e0 l&rsquo;instar de Piernicola Pedicini Rosa D\u2019Amato, Ignazio Corrao, soutenus par la conseill\u00e8re r\u00e9gionale Maria Muscar\u00e0, estiment que la responsabilit\u00e9 des d\u00e9chets italiens, import\u00e9s ill\u00e9galement en Tunisie, incombe \u00e0 la r\u00e9gion de Campanie (sud de l\u2019Italie). Ils appellent dans ce sens les autorit\u00e9s r\u00e9gionales italiennes \u00e0 prendre leurs responsabilit\u00e9s et \u00e0 restituer...\" \/>\n<meta property=\"og:url\" content=\"https:\/\/kapitalis.com\/tunisie\/2021\/02\/01\/des-deputes-europeens-se-mobilisent-pour-la-restitution-des-dechets-envoyes-illegalement-en-tunisie\/\" \/>\n<meta property=\"og:site_name\" content=\"Kapitalis\" \/>\n<meta property=\"article:publisher\" content=\"https:\/\/www.facebook.com\/KapitalisInfo\/\" \/>\n<meta property=\"article:published_time\" content=\"2021-02-01T13:53:26+00:00\" \/>\n<meta property=\"article:modified_time\" content=\"2021-02-01T22:54:35+00:00\" \/>\n<meta property=\"og:image\" content=\"https:\/\/kapitalis.com\/tunisie\/wp-content\/uploads\/2022\/05\/kapitalis-logo-fb.png\" \/>\n\t<meta property=\"og:image:width\" content=\"1200\" \/>\n\t<meta property=\"og:image:height\" content=\"630\" \/>\n\t<meta property=\"og:image:type\" content=\"image\/png\" \/>\n<meta name=\"author\" content=\"Yusra NY\" \/>\n<meta name=\"twitter:card\" content=\"summary_large_image\" \/>\n<meta name=\"twitter:creator\" content=\"@KapitalisInfo\" \/>\n<meta name=\"twitter:site\" content=\"@KapitalisInfo\" \/>\n<meta name=\"twitter:label1\" content=\"\u00c9crit par\" \/>\n\t<meta name=\"twitter:data1\" content=\"Yusra NY\" \/>\n\t<meta name=\"twitter:label2\" content=\"Dur\u00e9e de lecture estim\u00e9e\" \/>\n\t<meta name=\"twitter:data2\" content=\"2 minutes\" \/>\n<script type=\"application\/ld+json\" class=\"yoast-schema-graph\">{\"@context\":\"https:\/\/schema.org\",\"@graph\":[{\"@type\":\"Article\",\"@id\":\"https:\/\/kapitalis.com\/tunisie\/2021\/02\/01\/des-deputes-europeens-se-mobilisent-pour-la-restitution-des-dechets-envoyes-illegalement-en-tunisie\/#article\",\"isPartOf\":{\"@id\":\"https:\/\/kapitalis.com\/tunisie\/2021\/02\/01\/des-deputes-europeens-se-mobilisent-pour-la-restitution-des-dechets-envoyes-illegalement-en-tunisie\/\"},\"author\":{\"name\":\"Yusra NY\",\"@id\":\"https:\/\/kapitalis.com\/tunisie\/#\/schema\/person\/74bbde0154d49d790a92aaeac5bc01d5\"},\"headline\":\"Des d\u00e9put\u00e9s europ\u00e9ens se mobilisent pour la restitution des d\u00e9chets envoy\u00e9s ill\u00e9galement en Tunisie\",\"datePublished\":\"2021-02-01T13:53:26+00:00\",\"dateModified\":\"2021-02-01T22:54:35+00:00\",\"mainEntityOfPage\":{\"@id\":\"https:\/\/kapitalis.com\/tunisie\/2021\/02\/01\/des-deputes-europeens-se-mobilisent-pour-la-restitution-des-dechets-envoyes-illegalement-en-tunisie\/\"},\"wordCount\":443,\"commentCount\":3,\"publisher\":{\"@id\":\"https:\/\/kapitalis.com\/tunisie\/#organization\"},\"image\":{\"@id\":\"https:\/\/kapitalis.com\/tunisie\/2021\/02\/01\/des-deputes-europeens-se-mobilisent-pour-la-restitution-des-dechets-envoyes-illegalement-en-tunisie\/#primaryimage\"},\"thumbnailUrl\":\"\",\"keywords\":[\"Campanie\",\"conteneurs\",\"d\u00e9chets italiens\",\"d\u00e9put\u00e9s europ\u00e9ens\",\"Italie\",\"port Sousse\",\"Tunisie\"],\"articleSection\":[\"POLITIQUE\",\"SOCIETE\",\"Tunisie\"],\"inLanguage\":\"fr-FR\",\"potentialAction\":[{\"@type\":\"CommentAction\",\"name\":\"Comment\",\"target\":[\"https:\/\/kapitalis.com\/tunisie\/2021\/02\/01\/des-deputes-europeens-se-mobilisent-pour-la-restitution-des-dechets-envoyes-illegalement-en-tunisie\/#respond\"]}]},{\"@type\":\"WebPage\",\"@id\":\"https:\/\/kapitalis.com\/tunisie\/2021\/02\/01\/des-deputes-europeens-se-mobilisent-pour-la-restitution-des-dechets-envoyes-illegalement-en-tunisie\/\",\"url\":\"https:\/\/kapitalis.com\/tunisie\/2021\/02\/01\/des-deputes-europeens-se-mobilisent-pour-la-restitution-des-dechets-envoyes-illegalement-en-tunisie\/\",\"name\":\"Des d\u00e9put\u00e9s europ\u00e9ens se mobilisent pour la restitution des d\u00e9chets envoy\u00e9s ill\u00e9galement en Tunisie - Kapitalis\",\"isPartOf\":{\"@id\":\"https:\/\/kapitalis.com\/tunisie\/#website\"},\"primaryImageOfPage\":{\"@id\":\"https:\/\/kapitalis.com\/tunisie\/2021\/02\/01\/des-deputes-europeens-se-mobilisent-pour-la-restitution-des-dechets-envoyes-illegalement-en-tunisie\/#primaryimage\"},\"image\":{\"@id\":\"https:\/\/kapitalis.com\/tunisie\/2021\/02\/01\/des-deputes-europeens-se-mobilisent-pour-la-restitution-des-dechets-envoyes-illegalement-en-tunisie\/#primaryimage\"},\"thumbnailUrl\":\"\",\"datePublished\":\"2021-02-01T13:53:26+00:00\",\"dateModified\":\"2021-02-01T22:54:35+00:00\",\"breadcrumb\":{\"@id\":\"https:\/\/kapitalis.com\/tunisie\/2021\/02\/01\/des-deputes-europeens-se-mobilisent-pour-la-restitution-des-dechets-envoyes-illegalement-en-tunisie\/#breadcrumb\"},\"inLanguage\":\"fr-FR\",\"potentialAction\":[{\"@type\":\"ReadAction\",\"target\":[\"https:\/\/kapitalis.com\/tunisie\/2021\/02\/01\/des-deputes-europeens-se-mobilisent-pour-la-restitution-des-dechets-envoyes-illegalement-en-tunisie\/\"]}]},{\"@type\":\"ImageObject\",\"inLanguage\":\"fr-FR\",\"@id\":\"https:\/\/kapitalis.com\/tunisie\/2021\/02\/01\/des-deputes-europeens-se-mobilisent-pour-la-restitution-des-dechets-envoyes-illegalement-en-tunisie\/#primaryimage\",\"url\":\"\",\"contentUrl\":\"\"},{\"@type\":\"BreadcrumbList\",\"@id\":\"https:\/\/kapitalis.com\/tunisie\/2021\/02\/01\/des-deputes-europeens-se-mobilisent-pour-la-restitution-des-dechets-envoyes-illegalement-en-tunisie\/#breadcrumb\",\"itemListElement\":[{\"@type\":\"ListItem\",\"position\":1,\"name\":\"Accueil\",\"item\":\"https:\/\/kapitalis.com\/tunisie\/\"},{\"@type\":\"ListItem\",\"position\":2,\"name\":\"Des d\u00e9put\u00e9s europ\u00e9ens se mobilisent pour la restitution des d\u00e9chets envoy\u00e9s ill\u00e9galement en Tunisie\"}]},{\"@type\":\"WebSite\",\"@id\":\"https:\/\/kapitalis.com\/tunisie\/#website\",\"url\":\"https:\/\/kapitalis.com\/tunisie\/\",\"name\":\"Kapitalis\",\"description\":\"L&#039;actualit\u00e9 en Tunisie et dans le monde\",\"publisher\":{\"@id\":\"https:\/\/kapitalis.com\/tunisie\/#organization\"},\"potentialAction\":[{\"@type\":\"SearchAction\",\"target\":{\"@type\":\"EntryPoint\",\"urlTemplate\":\"https:\/\/kapitalis.com\/tunisie\/?s={search_term_string}\"},\"query-input\":{\"@type\":\"PropertyValueSpecification\",\"valueRequired\":true,\"valueName\":\"search_term_string\"}}],\"inLanguage\":\"fr-FR\"},{\"@type\":\"Organization\",\"@id\":\"https:\/\/kapitalis.com\/tunisie\/#organization\",\"name\":\"Kapitalis\",\"url\":\"https:\/\/kapitalis.com\/tunisie\/\",\"logo\":{\"@type\":\"ImageObject\",\"inLanguage\":\"fr-FR\",\"@id\":\"https:\/\/kapitalis.com\/tunisie\/#\/schema\/logo\/image\/\",\"url\":\"https:\/\/kapitalis.com\/tunisie\/wp-content\/uploads\/2022\/05\/Kapitalis-big-size.png\",\"contentUrl\":\"https:\/\/kapitalis.com\/tunisie\/wp-content\/uploads\/2022\/05\/Kapitalis-big-size.png\",\"width\":5000,\"height\":1500,\"caption\":\"Kapitalis\"},\"image\":{\"@id\":\"https:\/\/kapitalis.com\/tunisie\/#\/schema\/logo\/image\/\"},\"sameAs\":[\"https:\/\/www.facebook.com\/KapitalisInfo\/\",\"https:\/\/x.com\/KapitalisInfo\",\"https:\/\/www.youtube.com\/channel\/UC-yDYrHyfFBWWZaOw3FPg9Q\"]},{\"@type\":\"Person\",\"@id\":\"https:\/\/kapitalis.com\/tunisie\/#\/schema\/person\/74bbde0154d49d790a92aaeac5bc01d5\",\"name\":\"Yusra NY\",\"url\":\"https:\/\/kapitalis.com\/tunisie\/author\/yuza_adam\/\"}]}<\/script>\n<!-- \/ Yoast SEO plugin. -->","yoast_head_json":{"title":"Des d\u00e9put\u00e9s europ\u00e9ens se mobilisent pour la restitution des d\u00e9chets envoy\u00e9s ill\u00e9galement en Tunisie - Kapitalis","robots":{"index":"index","follow":"follow","max-snippet":"max-snippet:-1","max-image-preview":"max-image-preview:large","max-video-preview":"max-video-preview:-1"},"canonical":"https:\/\/kapitalis.com\/tunisie\/2021\/02\/01\/des-deputes-europeens-se-mobilisent-pour-la-restitution-des-dechets-envoyes-illegalement-en-tunisie\/","og_locale":"fr_FR","og_type":"article","og_title":"Des d\u00e9put\u00e9s europ\u00e9ens se mobilisent pour la restitution des d\u00e9chets envoy\u00e9s ill\u00e9galement en Tunisie - Kapitalis","og_description":"Des d\u00e9put\u00e9s europ\u00e9ens, \u00e0 l&rsquo;instar de Piernicola Pedicini Rosa D\u2019Amato, Ignazio Corrao, soutenus par la conseill\u00e8re r\u00e9gionale Maria Muscar\u00e0, estiment que la responsabilit\u00e9 des d\u00e9chets italiens, import\u00e9s ill\u00e9galement en Tunisie, incombe \u00e0 la r\u00e9gion de Campanie (sud de l\u2019Italie). Ils appellent dans ce sens les autorit\u00e9s r\u00e9gionales italiennes \u00e0 prendre leurs responsabilit\u00e9s et \u00e0 restituer...","og_url":"https:\/\/kapitalis.com\/tunisie\/2021\/02\/01\/des-deputes-europeens-se-mobilisent-pour-la-restitution-des-dechets-envoyes-illegalement-en-tunisie\/","og_site_name":"Kapitalis","article_publisher":"https:\/\/www.facebook.com\/KapitalisInfo\/","article_published_time":"2021-02-01T13:53:26+00:00","article_modified_time":"2021-02-01T22:54:35+00:00","og_image":[{"width":1200,"height":630,"url":"https:\/\/kapitalis.com\/tunisie\/wp-content\/uploads\/2022\/05\/kapitalis-logo-fb.png","type":"image\/png"}],"author":"Yusra NY","twitter_card":"summary_large_image","twitter_creator":"@KapitalisInfo","twitter_site":"@KapitalisInfo","twitter_misc":{"\u00c9crit par":"Yusra NY","Dur\u00e9e de lecture estim\u00e9e":"2 minutes"},"schema":{"@context":"https:\/\/schema.org","@graph":[{"@type":"Article","@id":"https:\/\/kapitalis.com\/tunisie\/2021\/02\/01\/des-deputes-europeens-se-mobilisent-pour-la-restitution-des-dechets-envoyes-illegalement-en-tunisie\/#article","isPartOf":{"@id":"https:\/\/kapitalis.com\/tunisie\/2021\/02\/01\/des-deputes-europeens-se-mobilisent-pour-la-restitution-des-dechets-envoyes-illegalement-en-tunisie\/"},"author":{"name":"Yusra NY","@id":"https:\/\/kapitalis.com\/tunisie\/#\/schema\/person\/74bbde0154d49d790a92aaeac5bc01d5"},"headline":"Des d\u00e9put\u00e9s europ\u00e9ens se mobilisent pour la restitution des d\u00e9chets envoy\u00e9s ill\u00e9galement en Tunisie","datePublished":"2021-02-01T13:53:26+00:00","dateModified":"2021-02-01T22:54:35+00:00","mainEntityOfPage":{"@id":"https:\/\/kapitalis.com\/tunisie\/2021\/02\/01\/des-deputes-europeens-se-mobilisent-pour-la-restitution-des-dechets-envoyes-illegalement-en-tunisie\/"},"wordCount":443,"commentCount":3,"publisher":{"@id":"https:\/\/kapitalis.com\/tunisie\/#organization"},"image":{"@id":"https:\/\/kapitalis.com\/tunisie\/2021\/02\/01\/des-deputes-europeens-se-mobilisent-pour-la-restitution-des-dechets-envoyes-illegalement-en-tunisie\/#primaryimage"},"thumbnailUrl":"","keywords":["Campanie","conteneurs","d\u00e9chets italiens","d\u00e9put\u00e9s europ\u00e9ens","Italie","port Sousse","Tunisie"],"articleSection":["POLITIQUE","SOCIETE","Tunisie"],"inLanguage":"fr-FR","potentialAction":[{"@type":"CommentAction","name":"Comment","target":["https:\/\/kapitalis.com\/tunisie\/2021\/02\/01\/des-deputes-europeens-se-mobilisent-pour-la-restitution-des-dechets-envoyes-illegalement-en-tunisie\/#respond"]}]},{"@type":"WebPage","@id":"https:\/\/kapitalis.com\/tunisie\/2021\/02\/01\/des-deputes-europeens-se-mobilisent-pour-la-restitution-des-dechets-envoyes-illegalement-en-tunisie\/","url":"https:\/\/kapitalis.com\/tunisie\/2021\/02\/01\/des-deputes-europeens-se-mobilisent-pour-la-restitution-des-dechets-envoyes-illegalement-en-tunisie\/","name":"Des d\u00e9put\u00e9s europ\u00e9ens se mobilisent pour la restitution des d\u00e9chets envoy\u00e9s ill\u00e9galement en Tunisie - Kapitalis","isPartOf":{"@id":"https:\/\/kapitalis.com\/tunisie\/#website"},"primaryImageOfPage":{"@id":"https:\/\/kapitalis.com\/tunisie\/2021\/02\/01\/des-deputes-europeens-se-mobilisent-pour-la-restitution-des-dechets-envoyes-illegalement-en-tunisie\/#primaryimage"},"image":{"@id":"https:\/\/kapitalis.com\/tunisie\/2021\/02\/01\/des-deputes-europeens-se-mobilisent-pour-la-restitution-des-dechets-envoyes-illegalement-en-tunisie\/#primaryimage"},"thumbnailUrl":"","datePublished":"2021-02-01T13:53:26+00:00","dateModified":"2021-02-01T22:54:35+00:00","breadcrumb":{"@id":"https:\/\/kapitalis.com\/tunisie\/2021\/02\/01\/des-deputes-europeens-se-mobilisent-pour-la-restitution-des-dechets-envoyes-illegalement-en-tunisie\/#breadcrumb"},"inLanguage":"fr-FR","potentialAction":[{"@type":"ReadAction","target":["https:\/\/kapitalis.com\/tunisie\/2021\/02\/01\/des-deputes-europeens-se-mobilisent-pour-la-restitution-des-dechets-envoyes-illegalement-en-tunisie\/"]}]},{"@type":"ImageObject","inLanguage":"fr-FR","@id":"https:\/\/kapitalis.com\/tunisie\/2021\/02\/01\/des-deputes-europeens-se-mobilisent-pour-la-restitution-des-dechets-envoyes-illegalement-en-tunisie\/#primaryimage","url":"","contentUrl":""},{"@type":"BreadcrumbList","@id":"https:\/\/kapitalis.com\/tunisie\/2021\/02\/01\/des-deputes-europeens-se-mobilisent-pour-la-restitution-des-dechets-envoyes-illegalement-en-tunisie\/#breadcrumb","itemListElement":[{"@type":"ListItem","position":1,"name":"Accueil","item":"https:\/\/kapitalis.com\/tunisie\/"},{"@type":"ListItem","position":2,"name":"Des d\u00e9put\u00e9s europ\u00e9ens se mobilisent pour la restitution des d\u00e9chets envoy\u00e9s ill\u00e9galement en Tunisie"}]},{"@type":"WebSite","@id":"https:\/\/kapitalis.com\/tunisie\/#website","url":"https:\/\/kapitalis.com\/tunisie\/","name":"Kapitalis","description":"L&#039;actualit\u00e9 en Tunisie et dans le monde","publisher":{"@id":"https:\/\/kapitalis.com\/tunisie\/#organization"},"potentialAction":[{"@type":"SearchAction","target":{"@type":"EntryPoint","urlTemplate":"https:\/\/kapitalis.com\/tunisie\/?s={search_term_string}"},"query-input":{"@type":"PropertyValueSpecification","valueRequired":true,"valueName":"search_term_string"}}],"inLanguage":"fr-FR"},{"@type":"Organization","@id":"https:\/\/kapitalis.com\/tunisie\/#organization","name":"Kapitalis","url":"https:\/\/kapitalis.com\/tunisie\/","logo":{"@type":"ImageObject","inLanguage":"fr-FR","@id":"https:\/\/kapitalis.com\/tunisie\/#\/schema\/logo\/image\/","url":"https:\/\/kapitalis.com\/tunisie\/wp-content\/uploads\/2022\/05\/Kapitalis-big-size.png","contentUrl":"https:\/\/kapitalis.com\/tunisie\/wp-content\/uploads\/2022\/05\/Kapitalis-big-size.png","width":5000,"height":1500,"caption":"Kapitalis"},"image":{"@id":"https:\/\/kapitalis.com\/tunisie\/#\/schema\/logo\/image\/"},"sameAs":["https:\/\/www.facebook.com\/KapitalisInfo\/","https:\/\/x.com\/KapitalisInfo","https:\/\/www.youtube.com\/channel\/UC-yDYrHyfFBWWZaOw3FPg9Q"]},{"@type":"Person","@id":"https:\/\/kapitalis.com\/tunisie\/#\/schema\/person\/74bbde0154d49d790a92aaeac5bc01d5","name":"Yusra NY","url":"https:\/\/kapitalis.com\/tunisie\/author\/yuza_adam\/"}]}},"_links":{"self":[{"href":"https:\/\/kapitalis.com\/tunisie\/wp-json\/wp\/v2\/posts\/334382","targetHints":{"allow":["GET"]}}],"collection":[{"href":"https:\/\/kapitalis.com\/tunisie\/wp-json\/wp\/v2\/posts"}],"about":[{"href":"https:\/\/kapitalis.com\/tunisie\/wp-json\/wp\/v2\/types\/post"}],"author":[{"embeddable":true,"href":"https:\/\/kapitalis.com\/tunisie\/wp-json\/wp\/v2\/users\/6"}],"replies":[{"embeddable":true,"href":"https:\/\/kapitalis.com\/tunisie\/wp-json\/wp\/v2\/comments?post=334382"}],"version-history":[{"count":0,"href":"https:\/\/kapitalis.com\/tunisie\/wp-json\/wp\/v2\/posts\/334382\/revisions"}],"wp:featuredmedia":[{"embeddable":true,"href":"https:\/\/kapitalis.com\/tunisie\/wp-json\/wp\/v2\/media\/334391"}],"wp:attachment":[{"href":"https:\/\/kapitalis.com\/tunisie\/wp-json\/wp\/v2\/media?parent=334382"}],"wp:term":[{"taxonomy":"category","embeddable":true,"href":"https:\/\/kapitalis.com\/tunisie\/wp-json\/wp\/v2\/categories?post=334382"},{"taxonomy":"post_tag","embeddable":true,"href":"https:\/\/kapitalis.com\/tunisie\/wp-json\/wp\/v2\/tags?post=334382"}],"curies":[{"name":"wp","href":"https:\/\/api.w.org\/{rel}","templated":true}]}}