{"id":334405,"date":"2021-02-01T16:02:46","date_gmt":"2021-02-01T15:02:46","guid":{"rendered":"http:\/\/kapitalis.com\/tunisie\/?p=334405"},"modified":"2021-02-01T16:02:51","modified_gmt":"2021-02-01T15:02:51","slug":"nebeur-des-habitants-bloquent-la-route-reliant-kef-et-jendouba","status":"publish","type":"post","link":"https:\/\/kapitalis.com\/tunisie\/2021\/02\/01\/nebeur-des-habitants-bloquent-la-route-reliant-kef-et-jendouba\/","title":{"rendered":"Nebeur : Des habitants bloquent la route reliant Kef et Jendouba"},"content":{"rendered":"\n<figure class=\"wp-block-image size-large\"><img decoding=\"async\" src=\"http:\/\/kapitalis.com\/tunisie\/wp-content\/uploads\/2021\/02\/nebeur.jpg\" alt=\"\" class=\"wp-image-334407\"\/><\/figure>\n\n\n\n<p><em><strong>Dans le cadre de protestations observ\u00e9es, ce lundi 1er f\u00e9vrier 2021, par des habitants de la d\u00e9l\u00e9gation de Nebeur (Kef), la route reliant les gouvernorats du Kef et de Jendouba a \u00e9t\u00e9 bloqu\u00e9e.<\/strong><\/em><\/p>\n\n\n\n<!--more-->\n\n\n\n<p>La manifestation, qui a eu lieu devant le local de l&rsquo;ancien h\u00f4pital de la ville, a eu pour objectif de revendiquer sa transformation en dispensaire, car beaucoup de personnes \u00e0 mobilit\u00e9 r\u00e9duite ne peuvent plus y acc\u00e9der suite \u00e0 son remplacement par un nouvel h\u00f4pital local, \u00e0 l\u2019entr\u00e9e de la ville.\u00a0<\/p>\n\n\n\n<p>Les protestataires assurent que le nouvel h\u00f4pital est trop \u00e9loign\u00e9 et qu&rsquo;au vu de l&rsquo;absence de transport rural, il est difficile de s&rsquo;y rendre.<\/p>\n\n\n\n<p>De leur c\u00f4t\u00e9, les autorit\u00e9s locales ont assur\u00e9 qu&rsquo;ils transmettront ces revendications \u00e0 la direction r\u00e9gionale de la sant\u00e9 du Kef.<\/p>\n\n\n\n<p class=\"has-text-align-right\"><strong>C. B. Y.<\/strong><\/p>\n","protected":false},"excerpt":{"rendered":"<p>Dans le cadre de protestations observ\u00e9es, ce lundi 1er f\u00e9vrier 2021, par des habitants de la d\u00e9l\u00e9gation de Nebeur (Kef), la route reliant les gouvernorats du Kef et de Jendouba a \u00e9t\u00e9 bloqu\u00e9e.<\/p>\n","protected":false},"author":24,"featured_media":334407,"comment_status":"open","ping_status":"open","sticky":false,"template":"","format":"standard","meta":{"footnotes":""},"categories":[998,2433],"tags":[515,527,87058],"class_list":["post-334405","post","type-post","status-publish","format-standard","has-post-thumbnail","hentry","category-societe","category-tunisie","tag-jendouba","tag-kef","tag-nebeur"],"yoast_head":"<!-- This site is optimized with the Yoast SEO plugin v26.6 - https:\/\/yoast.com\/wordpress\/plugins\/seo\/ -->\n<title>Nebeur : Des habitants bloquent la route reliant Kef et Jendouba - Kapitalis<\/title>\n<meta name=\"robots\" content=\"index, follow, max-snippet:-1, max-image-preview:large, max-video-preview:-1\" \/>\n<link rel=\"canonical\" href=\"https:\/\/kapitalis.com\/tunisie\/2021\/02\/01\/nebeur-des-habitants-bloquent-la-route-reliant-kef-et-jendouba\/\" \/>\n<meta property=\"og:locale\" content=\"fr_FR\" \/>\n<meta property=\"og:type\" content=\"article\" \/>\n<meta property=\"og:title\" content=\"Nebeur : Des habitants bloquent la route reliant Kef et Jendouba - Kapitalis\" \/>\n<meta property=\"og:description\" content=\"Dans le cadre de protestations observ\u00e9es, ce lundi 1er f\u00e9vrier 2021, par des habitants de la d\u00e9l\u00e9gation de Nebeur (Kef), la route reliant les gouvernorats du Kef et de Jendouba a \u00e9t\u00e9 bloqu\u00e9e.\" \/>\n<meta property=\"og:url\" content=\"https:\/\/kapitalis.com\/tunisie\/2021\/02\/01\/nebeur-des-habitants-bloquent-la-route-reliant-kef-et-jendouba\/\" \/>\n<meta property=\"og:site_name\" content=\"Kapitalis\" \/>\n<meta property=\"article:publisher\" content=\"https:\/\/www.facebook.com\/KapitalisInfo\/\" \/>\n<meta property=\"article:published_time\" content=\"2021-02-01T15:02:46+00:00\" \/>\n<meta property=\"article:modified_time\" content=\"2021-02-01T15:02:51+00:00\" \/>\n<meta property=\"og:image\" content=\"https:\/\/kapitalis.com\/tunisie\/wp-content\/uploads\/2022\/05\/kapitalis-logo-fb.png\" \/>\n\t<meta property=\"og:image:width\" content=\"1200\" \/>\n\t<meta property=\"og:image:height\" content=\"630\" \/>\n\t<meta property=\"og:image:type\" content=\"image\/png\" \/>\n<meta name=\"author\" content=\"Cherif Benyounes\" \/>\n<meta name=\"twitter:card\" content=\"summary_large_image\" \/>\n<meta name=\"twitter:creator\" content=\"@KapitalisInfo\" \/>\n<meta name=\"twitter:site\" content=\"@KapitalisInfo\" \/>\n<meta name=\"twitter:label1\" content=\"\u00c9crit par\" \/>\n\t<meta name=\"twitter:data1\" content=\"Cherif Benyounes\" \/>\n\t<meta name=\"twitter:label2\" content=\"Dur\u00e9e de lecture estim\u00e9e\" \/>\n\t<meta name=\"twitter:data2\" content=\"1 minute\" \/>\n<script type=\"application\/ld+json\" class=\"yoast-schema-graph\">{\"@context\":\"https:\/\/schema.org\",\"@graph\":[{\"@type\":\"Article\",\"@id\":\"https:\/\/kapitalis.com\/tunisie\/2021\/02\/01\/nebeur-des-habitants-bloquent-la-route-reliant-kef-et-jendouba\/#article\",\"isPartOf\":{\"@id\":\"https:\/\/kapitalis.com\/tunisie\/2021\/02\/01\/nebeur-des-habitants-bloquent-la-route-reliant-kef-et-jendouba\/\"},\"author\":{\"name\":\"Cherif Benyounes\",\"@id\":\"https:\/\/kapitalis.com\/tunisie\/#\/schema\/person\/b35b8d631961131107263178aeb8019e\"},\"headline\":\"Nebeur : Des habitants bloquent la route reliant Kef et Jendouba\",\"datePublished\":\"2021-02-01T15:02:46+00:00\",\"dateModified\":\"2021-02-01T15:02:51+00:00\",\"mainEntityOfPage\":{\"@id\":\"https:\/\/kapitalis.com\/tunisie\/2021\/02\/01\/nebeur-des-habitants-bloquent-la-route-reliant-kef-et-jendouba\/\"},\"wordCount\":152,\"commentCount\":0,\"publisher\":{\"@id\":\"https:\/\/kapitalis.com\/tunisie\/#organization\"},\"image\":{\"@id\":\"https:\/\/kapitalis.com\/tunisie\/2021\/02\/01\/nebeur-des-habitants-bloquent-la-route-reliant-kef-et-jendouba\/#primaryimage\"},\"thumbnailUrl\":\"\",\"keywords\":[\"Jendouba\",\"Kef\",\"nebeur\"],\"articleSection\":[\"SOCIETE\",\"Tunisie\"],\"inLanguage\":\"fr-FR\",\"potentialAction\":[{\"@type\":\"CommentAction\",\"name\":\"Comment\",\"target\":[\"https:\/\/kapitalis.com\/tunisie\/2021\/02\/01\/nebeur-des-habitants-bloquent-la-route-reliant-kef-et-jendouba\/#respond\"]}]},{\"@type\":\"WebPage\",\"@id\":\"https:\/\/kapitalis.com\/tunisie\/2021\/02\/01\/nebeur-des-habitants-bloquent-la-route-reliant-kef-et-jendouba\/\",\"url\":\"https:\/\/kapitalis.com\/tunisie\/2021\/02\/01\/nebeur-des-habitants-bloquent-la-route-reliant-kef-et-jendouba\/\",\"name\":\"Nebeur : Des habitants bloquent la route reliant Kef et Jendouba - Kapitalis\",\"isPartOf\":{\"@id\":\"https:\/\/kapitalis.com\/tunisie\/#website\"},\"primaryImageOfPage\":{\"@id\":\"https:\/\/kapitalis.com\/tunisie\/2021\/02\/01\/nebeur-des-habitants-bloquent-la-route-reliant-kef-et-jendouba\/#primaryimage\"},\"image\":{\"@id\":\"https:\/\/kapitalis.com\/tunisie\/2021\/02\/01\/nebeur-des-habitants-bloquent-la-route-reliant-kef-et-jendouba\/#primaryimage\"},\"thumbnailUrl\":\"\",\"datePublished\":\"2021-02-01T15:02:46+00:00\",\"dateModified\":\"2021-02-01T15:02:51+00:00\",\"breadcrumb\":{\"@id\":\"https:\/\/kapitalis.com\/tunisie\/2021\/02\/01\/nebeur-des-habitants-bloquent-la-route-reliant-kef-et-jendouba\/#breadcrumb\"},\"inLanguage\":\"fr-FR\",\"potentialAction\":[{\"@type\":\"ReadAction\",\"target\":[\"https:\/\/kapitalis.com\/tunisie\/2021\/02\/01\/nebeur-des-habitants-bloquent-la-route-reliant-kef-et-jendouba\/\"]}]},{\"@type\":\"ImageObject\",\"inLanguage\":\"fr-FR\",\"@id\":\"https:\/\/kapitalis.com\/tunisie\/2021\/02\/01\/nebeur-des-habitants-bloquent-la-route-reliant-kef-et-jendouba\/#primaryimage\",\"url\":\"\",\"contentUrl\":\"\"},{\"@type\":\"BreadcrumbList\",\"@id\":\"https:\/\/kapitalis.com\/tunisie\/2021\/02\/01\/nebeur-des-habitants-bloquent-la-route-reliant-kef-et-jendouba\/#breadcrumb\",\"itemListElement\":[{\"@type\":\"ListItem\",\"position\":1,\"name\":\"Accueil\",\"item\":\"https:\/\/kapitalis.com\/tunisie\/\"},{\"@type\":\"ListItem\",\"position\":2,\"name\":\"Nebeur : Des habitants bloquent la route reliant Kef et Jendouba\"}]},{\"@type\":\"WebSite\",\"@id\":\"https:\/\/kapitalis.com\/tunisie\/#website\",\"url\":\"https:\/\/kapitalis.com\/tunisie\/\",\"name\":\"Kapitalis\",\"description\":\"L&#039;actualit\u00e9 en Tunisie et dans le monde\",\"publisher\":{\"@id\":\"https:\/\/kapitalis.com\/tunisie\/#organization\"},\"potentialAction\":[{\"@type\":\"SearchAction\",\"target\":{\"@type\":\"EntryPoint\",\"urlTemplate\":\"https:\/\/kapitalis.com\/tunisie\/?s={search_term_string}\"},\"query-input\":{\"@type\":\"PropertyValueSpecification\",\"valueRequired\":true,\"valueName\":\"search_term_string\"}}],\"inLanguage\":\"fr-FR\"},{\"@type\":\"Organization\",\"@id\":\"https:\/\/kapitalis.com\/tunisie\/#organization\",\"name\":\"Kapitalis\",\"url\":\"https:\/\/kapitalis.com\/tunisie\/\",\"logo\":{\"@type\":\"ImageObject\",\"inLanguage\":\"fr-FR\",\"@id\":\"https:\/\/kapitalis.com\/tunisie\/#\/schema\/logo\/image\/\",\"url\":\"https:\/\/kapitalis.com\/tunisie\/wp-content\/uploads\/2022\/05\/Kapitalis-big-size.png\",\"contentUrl\":\"https:\/\/kapitalis.com\/tunisie\/wp-content\/uploads\/2022\/05\/Kapitalis-big-size.png\",\"width\":5000,\"height\":1500,\"caption\":\"Kapitalis\"},\"image\":{\"@id\":\"https:\/\/kapitalis.com\/tunisie\/#\/schema\/logo\/image\/\"},\"sameAs\":[\"https:\/\/www.facebook.com\/KapitalisInfo\/\",\"https:\/\/x.com\/KapitalisInfo\",\"https:\/\/www.youtube.com\/channel\/UC-yDYrHyfFBWWZaOw3FPg9Q\"]},{\"@type\":\"Person\",\"@id\":\"https:\/\/kapitalis.com\/tunisie\/#\/schema\/person\/b35b8d631961131107263178aeb8019e\",\"name\":\"Cherif Benyounes\",\"url\":\"https:\/\/kapitalis.com\/tunisie\/author\/cherif\/\"}]}<\/script>\n<!-- \/ Yoast SEO plugin. -->","yoast_head_json":{"title":"Nebeur : Des habitants bloquent la route reliant Kef et Jendouba - Kapitalis","robots":{"index":"index","follow":"follow","max-snippet":"max-snippet:-1","max-image-preview":"max-image-preview:large","max-video-preview":"max-video-preview:-1"},"canonical":"https:\/\/kapitalis.com\/tunisie\/2021\/02\/01\/nebeur-des-habitants-bloquent-la-route-reliant-kef-et-jendouba\/","og_locale":"fr_FR","og_type":"article","og_title":"Nebeur : Des habitants bloquent la route reliant Kef et Jendouba - Kapitalis","og_description":"Dans le cadre de protestations observ\u00e9es, ce lundi 1er f\u00e9vrier 2021, par des habitants de la d\u00e9l\u00e9gation de Nebeur (Kef), la route reliant les gouvernorats du Kef et de Jendouba a \u00e9t\u00e9 bloqu\u00e9e.","og_url":"https:\/\/kapitalis.com\/tunisie\/2021\/02\/01\/nebeur-des-habitants-bloquent-la-route-reliant-kef-et-jendouba\/","og_site_name":"Kapitalis","article_publisher":"https:\/\/www.facebook.com\/KapitalisInfo\/","article_published_time":"2021-02-01T15:02:46+00:00","article_modified_time":"2021-02-01T15:02:51+00:00","og_image":[{"width":1200,"height":630,"url":"https:\/\/kapitalis.com\/tunisie\/wp-content\/uploads\/2022\/05\/kapitalis-logo-fb.png","type":"image\/png"}],"author":"Cherif Benyounes","twitter_card":"summary_large_image","twitter_creator":"@KapitalisInfo","twitter_site":"@KapitalisInfo","twitter_misc":{"\u00c9crit par":"Cherif Benyounes","Dur\u00e9e de lecture estim\u00e9e":"1 minute"},"schema":{"@context":"https:\/\/schema.org","@graph":[{"@type":"Article","@id":"https:\/\/kapitalis.com\/tunisie\/2021\/02\/01\/nebeur-des-habitants-bloquent-la-route-reliant-kef-et-jendouba\/#article","isPartOf":{"@id":"https:\/\/kapitalis.com\/tunisie\/2021\/02\/01\/nebeur-des-habitants-bloquent-la-route-reliant-kef-et-jendouba\/"},"author":{"name":"Cherif Benyounes","@id":"https:\/\/kapitalis.com\/tunisie\/#\/schema\/person\/b35b8d631961131107263178aeb8019e"},"headline":"Nebeur : Des habitants bloquent la route reliant Kef et Jendouba","datePublished":"2021-02-01T15:02:46+00:00","dateModified":"2021-02-01T15:02:51+00:00","mainEntityOfPage":{"@id":"https:\/\/kapitalis.com\/tunisie\/2021\/02\/01\/nebeur-des-habitants-bloquent-la-route-reliant-kef-et-jendouba\/"},"wordCount":152,"commentCount":0,"publisher":{"@id":"https:\/\/kapitalis.com\/tunisie\/#organization"},"image":{"@id":"https:\/\/kapitalis.com\/tunisie\/2021\/02\/01\/nebeur-des-habitants-bloquent-la-route-reliant-kef-et-jendouba\/#primaryimage"},"thumbnailUrl":"","keywords":["Jendouba","Kef","nebeur"],"articleSection":["SOCIETE","Tunisie"],"inLanguage":"fr-FR","potentialAction":[{"@type":"CommentAction","name":"Comment","target":["https:\/\/kapitalis.com\/tunisie\/2021\/02\/01\/nebeur-des-habitants-bloquent-la-route-reliant-kef-et-jendouba\/#respond"]}]},{"@type":"WebPage","@id":"https:\/\/kapitalis.com\/tunisie\/2021\/02\/01\/nebeur-des-habitants-bloquent-la-route-reliant-kef-et-jendouba\/","url":"https:\/\/kapitalis.com\/tunisie\/2021\/02\/01\/nebeur-des-habitants-bloquent-la-route-reliant-kef-et-jendouba\/","name":"Nebeur : Des habitants bloquent la route reliant Kef et Jendouba - Kapitalis","isPartOf":{"@id":"https:\/\/kapitalis.com\/tunisie\/#website"},"primaryImageOfPage":{"@id":"https:\/\/kapitalis.com\/tunisie\/2021\/02\/01\/nebeur-des-habitants-bloquent-la-route-reliant-kef-et-jendouba\/#primaryimage"},"image":{"@id":"https:\/\/kapitalis.com\/tunisie\/2021\/02\/01\/nebeur-des-habitants-bloquent-la-route-reliant-kef-et-jendouba\/#primaryimage"},"thumbnailUrl":"","datePublished":"2021-02-01T15:02:46+00:00","dateModified":"2021-02-01T15:02:51+00:00","breadcrumb":{"@id":"https:\/\/kapitalis.com\/tunisie\/2021\/02\/01\/nebeur-des-habitants-bloquent-la-route-reliant-kef-et-jendouba\/#breadcrumb"},"inLanguage":"fr-FR","potentialAction":[{"@type":"ReadAction","target":["https:\/\/kapitalis.com\/tunisie\/2021\/02\/01\/nebeur-des-habitants-bloquent-la-route-reliant-kef-et-jendouba\/"]}]},{"@type":"ImageObject","inLanguage":"fr-FR","@id":"https:\/\/kapitalis.com\/tunisie\/2021\/02\/01\/nebeur-des-habitants-bloquent-la-route-reliant-kef-et-jendouba\/#primaryimage","url":"","contentUrl":""},{"@type":"BreadcrumbList","@id":"https:\/\/kapitalis.com\/tunisie\/2021\/02\/01\/nebeur-des-habitants-bloquent-la-route-reliant-kef-et-jendouba\/#breadcrumb","itemListElement":[{"@type":"ListItem","position":1,"name":"Accueil","item":"https:\/\/kapitalis.com\/tunisie\/"},{"@type":"ListItem","position":2,"name":"Nebeur : Des habitants bloquent la route reliant Kef et Jendouba"}]},{"@type":"WebSite","@id":"https:\/\/kapitalis.com\/tunisie\/#website","url":"https:\/\/kapitalis.com\/tunisie\/","name":"Kapitalis","description":"L&#039;actualit\u00e9 en Tunisie et dans le monde","publisher":{"@id":"https:\/\/kapitalis.com\/tunisie\/#organization"},"potentialAction":[{"@type":"SearchAction","target":{"@type":"EntryPoint","urlTemplate":"https:\/\/kapitalis.com\/tunisie\/?s={search_term_string}"},"query-input":{"@type":"PropertyValueSpecification","valueRequired":true,"valueName":"search_term_string"}}],"inLanguage":"fr-FR"},{"@type":"Organization","@id":"https:\/\/kapitalis.com\/tunisie\/#organization","name":"Kapitalis","url":"https:\/\/kapitalis.com\/tunisie\/","logo":{"@type":"ImageObject","inLanguage":"fr-FR","@id":"https:\/\/kapitalis.com\/tunisie\/#\/schema\/logo\/image\/","url":"https:\/\/kapitalis.com\/tunisie\/wp-content\/uploads\/2022\/05\/Kapitalis-big-size.png","contentUrl":"https:\/\/kapitalis.com\/tunisie\/wp-content\/uploads\/2022\/05\/Kapitalis-big-size.png","width":5000,"height":1500,"caption":"Kapitalis"},"image":{"@id":"https:\/\/kapitalis.com\/tunisie\/#\/schema\/logo\/image\/"},"sameAs":["https:\/\/www.facebook.com\/KapitalisInfo\/","https:\/\/x.com\/KapitalisInfo","https:\/\/www.youtube.com\/channel\/UC-yDYrHyfFBWWZaOw3FPg9Q"]},{"@type":"Person","@id":"https:\/\/kapitalis.com\/tunisie\/#\/schema\/person\/b35b8d631961131107263178aeb8019e","name":"Cherif Benyounes","url":"https:\/\/kapitalis.com\/tunisie\/author\/cherif\/"}]}},"_links":{"self":[{"href":"https:\/\/kapitalis.com\/tunisie\/wp-json\/wp\/v2\/posts\/334405","targetHints":{"allow":["GET"]}}],"collection":[{"href":"https:\/\/kapitalis.com\/tunisie\/wp-json\/wp\/v2\/posts"}],"about":[{"href":"https:\/\/kapitalis.com\/tunisie\/wp-json\/wp\/v2\/types\/post"}],"author":[{"embeddable":true,"href":"https:\/\/kapitalis.com\/tunisie\/wp-json\/wp\/v2\/users\/24"}],"replies":[{"embeddable":true,"href":"https:\/\/kapitalis.com\/tunisie\/wp-json\/wp\/v2\/comments?post=334405"}],"version-history":[{"count":0,"href":"https:\/\/kapitalis.com\/tunisie\/wp-json\/wp\/v2\/posts\/334405\/revisions"}],"wp:featuredmedia":[{"embeddable":true,"href":"https:\/\/kapitalis.com\/tunisie\/wp-json\/wp\/v2\/media\/334407"}],"wp:attachment":[{"href":"https:\/\/kapitalis.com\/tunisie\/wp-json\/wp\/v2\/media?parent=334405"}],"wp:term":[{"taxonomy":"category","embeddable":true,"href":"https:\/\/kapitalis.com\/tunisie\/wp-json\/wp\/v2\/categories?post=334405"},{"taxonomy":"post_tag","embeddable":true,"href":"https:\/\/kapitalis.com\/tunisie\/wp-json\/wp\/v2\/tags?post=334405"}],"curies":[{"name":"wp","href":"https:\/\/api.w.org\/{rel}","templated":true}]}}