{"id":334616,"date":"2021-02-02T17:36:05","date_gmt":"2021-02-02T16:36:05","guid":{"rendered":"http:\/\/kapitalis.com\/tunisie\/?p=334616"},"modified":"2021-02-02T23:28:31","modified_gmt":"2021-02-02T22:28:31","slug":"tunis-saied-rencontre-des-citoyens-a-lav-bourguiba-qui-lui-demandent-de-dissoudre-le-parlement","status":"publish","type":"post","link":"https:\/\/kapitalis.com\/tunisie\/2021\/02\/02\/tunis-saied-rencontre-des-citoyens-a-lav-bourguiba-qui-lui-demandent-de-dissoudre-le-parlement\/","title":{"rendered":"Tunis : Sa\u00efed rencontre des citoyens \u00e0 l&rsquo;Av. Bourguiba qui lui demandent de dissoudre le parlement"},"content":{"rendered":"\n<figure class=\"wp-block-image size-large\"><img decoding=\"async\" src=\"http:\/\/kapitalis.com\/tunisie\/wp-content\/uploads\/2021\/02\/Saied-Av-Bourguiba.jpg\" alt=\"\" class=\"wp-image-334619\"\/><\/figure>\n\n\n\n<p><strong><em>Le pr\u00e9sident de la r\u00e9publique, Ka\u00efs Sa\u00efed, s&rsquo;est rendu cet apr\u00e8s-midi, mardi 2 f\u00e9vrier 2021, \u00e0 l\u2019avenue Habib Bourguiba, au centre-ville de Tunis, o\u00f9 il a rencontr\u00e9 des citoyens. \u00abIl faut dissoudre le parlement monsieur le pr\u00e9sident !\u00bb, ont-il lanc\u00e9.<\/em><\/strong><\/p>\n\n\n\n<!--more-->\n\n\n\n<p>Lors de cette visite inopin\u00e9e organis\u00e9e \u00e0 l&rsquo;avenue principale et symbolique du centre-ville de Tunis, Ka\u00efs Sa\u00efed, accompagnait de la garde pr\u00e9sidentielle, a pu bri\u00e8vement \u00e9changer avec des citoyens.<\/p>\n\n\n\n<p>Ces derniers ont r\u00e9affirm\u00e9 leur soutien au chef de l&rsquo;Etat et ont appel\u00e9 \u00e0 la dissolution du Parlement :<em> \u00abLe probl\u00e8me vient de l&rsquo;Assembl\u00e9e, il faut le dissoudre avec loi\u00bb,<\/em> ont-il lanc\u00e9.<\/p>\n\n\n\n<figure class=\"wp-block-gallery columns-2 is-cropped wp-block-gallery-1 is-layout-flex wp-block-gallery-is-layout-flex\"><ul class=\"blocks-gallery-grid\"><li class=\"blocks-gallery-item\"><figure><img decoding=\"async\" src=\"http:\/\/kapitalis.com\/tunisie\/wp-content\/uploads\/2021\/02\/ks3.jpeg\" alt=\"\" data-id=\"334626\" data-link=\"http:\/\/kapitalis.com\/tunisie\/2021\/02\/02\/tunis-saied-rencontre-des-citoyens-a-lav-bourguiba-qui-lui-demandent-de-dissoudre-le-parlement\/ks3-4\/\" class=\"wp-image-334626\"\/><\/figure><\/li><li class=\"blocks-gallery-item\"><figure><img decoding=\"async\" src=\"http:\/\/kapitalis.com\/tunisie\/wp-content\/uploads\/2021\/02\/ks1.jpeg\" alt=\"\" data-id=\"334627\" data-link=\"http:\/\/kapitalis.com\/tunisie\/2021\/02\/02\/tunis-saied-rencontre-des-citoyens-a-lav-bourguiba-qui-lui-demandent-de-dissoudre-le-parlement\/ks1-3\/\" class=\"wp-image-334627\"\/><\/figure><\/li><li class=\"blocks-gallery-item\"><figure><img decoding=\"async\" src=\"http:\/\/kapitalis.com\/tunisie\/wp-content\/uploads\/2021\/02\/ks4.jpeg\" alt=\"\" data-id=\"334629\" data-full-url=\"http:\/\/kapitalis.com\/tunisie\/wp-content\/uploads\/2021\/02\/ks4.jpeg\" data-link=\"http:\/\/kapitalis.com\/tunisie\/2021\/02\/02\/tunis-saied-rencontre-des-citoyens-a-lav-bourguiba-qui-lui-demandent-de-dissoudre-le-parlement\/ks4-4\/\" class=\"wp-image-334629\"\/><\/figure><\/li><\/ul><\/figure>\n\n\n\n<p>Notons que le pr\u00e9sident de la r\u00e9publique a \u00e9galement effectu\u00e9 une visite au minist\u00e8re de l&rsquo;Int\u00e9rieur.<\/p>\n\n\n\n<p class=\"has-text-align-right\"><strong>Y. N.<\/strong><\/p>\n","protected":false},"excerpt":{"rendered":"<p>Le pr\u00e9sident de la r\u00e9publique, Ka\u00efs Sa\u00efed, s&rsquo;est rendu cet apr\u00e8s-midi, mardi 2 f\u00e9vrier 2021, \u00e0 l\u2019avenue Habib Bourguiba, au centre-ville de Tunis, o\u00f9 il a rencontr\u00e9 des citoyens. \u00abIl faut dissoudre le parlement monsieur le pr\u00e9sident !\u00bb, ont-il lanc\u00e9.<\/p>\n","protected":false},"author":6,"featured_media":334619,"comment_status":"open","ping_status":"open","sticky":false,"template":"","format":"standard","meta":{"footnotes":""},"categories":[997,2433],"tags":[93,72687,5330,5848,2645,71623,64491],"class_list":["post-334616","post","type-post","status-publish","format-standard","has-post-thumbnail","hentry","category-politique","category-tunisie","tag-assemblee","tag-avenue-bourguiba","tag-dissolution","tag-parlement","tag-president-de-la-republique","tag-saied","tag-tunis"],"yoast_head":"<!-- This site is optimized with the Yoast SEO plugin v26.6 - https:\/\/yoast.com\/wordpress\/plugins\/seo\/ -->\n<title>Tunis : Sa\u00efed rencontre des citoyens \u00e0 l&#039;Av. Bourguiba qui lui demandent de dissoudre le parlement - Kapitalis<\/title>\n<meta name=\"robots\" content=\"index, follow, max-snippet:-1, max-image-preview:large, max-video-preview:-1\" \/>\n<link rel=\"canonical\" href=\"https:\/\/kapitalis.com\/tunisie\/2021\/02\/02\/tunis-saied-rencontre-des-citoyens-a-lav-bourguiba-qui-lui-demandent-de-dissoudre-le-parlement\/\" \/>\n<meta property=\"og:locale\" content=\"fr_FR\" \/>\n<meta property=\"og:type\" content=\"article\" \/>\n<meta property=\"og:title\" content=\"Tunis : Sa\u00efed rencontre des citoyens \u00e0 l&#039;Av. Bourguiba qui lui demandent de dissoudre le parlement - Kapitalis\" \/>\n<meta property=\"og:description\" content=\"Le pr\u00e9sident de la r\u00e9publique, Ka\u00efs Sa\u00efed, s&rsquo;est rendu cet apr\u00e8s-midi, mardi 2 f\u00e9vrier 2021, \u00e0 l\u2019avenue Habib Bourguiba, au centre-ville de Tunis, o\u00f9 il a rencontr\u00e9 des citoyens. \u00abIl faut dissoudre le parlement monsieur le pr\u00e9sident !\u00bb, ont-il lanc\u00e9.\" \/>\n<meta property=\"og:url\" content=\"https:\/\/kapitalis.com\/tunisie\/2021\/02\/02\/tunis-saied-rencontre-des-citoyens-a-lav-bourguiba-qui-lui-demandent-de-dissoudre-le-parlement\/\" \/>\n<meta property=\"og:site_name\" content=\"Kapitalis\" \/>\n<meta property=\"article:publisher\" content=\"https:\/\/www.facebook.com\/KapitalisInfo\/\" \/>\n<meta property=\"article:published_time\" content=\"2021-02-02T16:36:05+00:00\" \/>\n<meta property=\"article:modified_time\" content=\"2021-02-02T22:28:31+00:00\" \/>\n<meta property=\"og:image\" content=\"https:\/\/kapitalis.com\/tunisie\/wp-content\/uploads\/2022\/05\/kapitalis-logo-fb.png\" \/>\n\t<meta property=\"og:image:width\" content=\"1200\" \/>\n\t<meta property=\"og:image:height\" content=\"630\" \/>\n\t<meta property=\"og:image:type\" content=\"image\/png\" \/>\n<meta name=\"author\" content=\"Yusra NY\" \/>\n<meta name=\"twitter:card\" content=\"summary_large_image\" \/>\n<meta name=\"twitter:creator\" content=\"@KapitalisInfo\" \/>\n<meta name=\"twitter:site\" content=\"@KapitalisInfo\" \/>\n<meta name=\"twitter:label1\" content=\"\u00c9crit par\" \/>\n\t<meta name=\"twitter:data1\" content=\"Yusra NY\" \/>\n\t<meta name=\"twitter:label2\" content=\"Dur\u00e9e de lecture estim\u00e9e\" \/>\n\t<meta name=\"twitter:data2\" content=\"1 minute\" \/>\n<script type=\"application\/ld+json\" class=\"yoast-schema-graph\">{\"@context\":\"https:\/\/schema.org\",\"@graph\":[{\"@type\":\"Article\",\"@id\":\"https:\/\/kapitalis.com\/tunisie\/2021\/02\/02\/tunis-saied-rencontre-des-citoyens-a-lav-bourguiba-qui-lui-demandent-de-dissoudre-le-parlement\/#article\",\"isPartOf\":{\"@id\":\"https:\/\/kapitalis.com\/tunisie\/2021\/02\/02\/tunis-saied-rencontre-des-citoyens-a-lav-bourguiba-qui-lui-demandent-de-dissoudre-le-parlement\/\"},\"author\":{\"name\":\"Yusra NY\",\"@id\":\"https:\/\/kapitalis.com\/tunisie\/#\/schema\/person\/74bbde0154d49d790a92aaeac5bc01d5\"},\"headline\":\"Tunis : Sa\u00efed rencontre des citoyens \u00e0 l&rsquo;Av. Bourguiba qui lui demandent de dissoudre le parlement\",\"datePublished\":\"2021-02-02T16:36:05+00:00\",\"dateModified\":\"2021-02-02T22:28:31+00:00\",\"mainEntityOfPage\":{\"@id\":\"https:\/\/kapitalis.com\/tunisie\/2021\/02\/02\/tunis-saied-rencontre-des-citoyens-a-lav-bourguiba-qui-lui-demandent-de-dissoudre-le-parlement\/\"},\"wordCount\":148,\"commentCount\":3,\"publisher\":{\"@id\":\"https:\/\/kapitalis.com\/tunisie\/#organization\"},\"image\":{\"@id\":\"https:\/\/kapitalis.com\/tunisie\/2021\/02\/02\/tunis-saied-rencontre-des-citoyens-a-lav-bourguiba-qui-lui-demandent-de-dissoudre-le-parlement\/#primaryimage\"},\"thumbnailUrl\":\"\",\"keywords\":[\"Assembl\u00e9e\",\"avenue Bourguiba\",\"dissolution\",\"parlement\",\"pr\u00e9sident de la r\u00e9publique\",\"Saied\",\"Tunis\"],\"articleSection\":[\"POLITIQUE\",\"Tunisie\"],\"inLanguage\":\"fr-FR\",\"potentialAction\":[{\"@type\":\"CommentAction\",\"name\":\"Comment\",\"target\":[\"https:\/\/kapitalis.com\/tunisie\/2021\/02\/02\/tunis-saied-rencontre-des-citoyens-a-lav-bourguiba-qui-lui-demandent-de-dissoudre-le-parlement\/#respond\"]}]},{\"@type\":\"WebPage\",\"@id\":\"https:\/\/kapitalis.com\/tunisie\/2021\/02\/02\/tunis-saied-rencontre-des-citoyens-a-lav-bourguiba-qui-lui-demandent-de-dissoudre-le-parlement\/\",\"url\":\"https:\/\/kapitalis.com\/tunisie\/2021\/02\/02\/tunis-saied-rencontre-des-citoyens-a-lav-bourguiba-qui-lui-demandent-de-dissoudre-le-parlement\/\",\"name\":\"Tunis : Sa\u00efed rencontre des citoyens \u00e0 l'Av. Bourguiba qui lui demandent de dissoudre le parlement - Kapitalis\",\"isPartOf\":{\"@id\":\"https:\/\/kapitalis.com\/tunisie\/#website\"},\"primaryImageOfPage\":{\"@id\":\"https:\/\/kapitalis.com\/tunisie\/2021\/02\/02\/tunis-saied-rencontre-des-citoyens-a-lav-bourguiba-qui-lui-demandent-de-dissoudre-le-parlement\/#primaryimage\"},\"image\":{\"@id\":\"https:\/\/kapitalis.com\/tunisie\/2021\/02\/02\/tunis-saied-rencontre-des-citoyens-a-lav-bourguiba-qui-lui-demandent-de-dissoudre-le-parlement\/#primaryimage\"},\"thumbnailUrl\":\"\",\"datePublished\":\"2021-02-02T16:36:05+00:00\",\"dateModified\":\"2021-02-02T22:28:31+00:00\",\"breadcrumb\":{\"@id\":\"https:\/\/kapitalis.com\/tunisie\/2021\/02\/02\/tunis-saied-rencontre-des-citoyens-a-lav-bourguiba-qui-lui-demandent-de-dissoudre-le-parlement\/#breadcrumb\"},\"inLanguage\":\"fr-FR\",\"potentialAction\":[{\"@type\":\"ReadAction\",\"target\":[\"https:\/\/kapitalis.com\/tunisie\/2021\/02\/02\/tunis-saied-rencontre-des-citoyens-a-lav-bourguiba-qui-lui-demandent-de-dissoudre-le-parlement\/\"]}]},{\"@type\":\"ImageObject\",\"inLanguage\":\"fr-FR\",\"@id\":\"https:\/\/kapitalis.com\/tunisie\/2021\/02\/02\/tunis-saied-rencontre-des-citoyens-a-lav-bourguiba-qui-lui-demandent-de-dissoudre-le-parlement\/#primaryimage\",\"url\":\"\",\"contentUrl\":\"\"},{\"@type\":\"BreadcrumbList\",\"@id\":\"https:\/\/kapitalis.com\/tunisie\/2021\/02\/02\/tunis-saied-rencontre-des-citoyens-a-lav-bourguiba-qui-lui-demandent-de-dissoudre-le-parlement\/#breadcrumb\",\"itemListElement\":[{\"@type\":\"ListItem\",\"position\":1,\"name\":\"Accueil\",\"item\":\"https:\/\/kapitalis.com\/tunisie\/\"},{\"@type\":\"ListItem\",\"position\":2,\"name\":\"Tunis : Sa\u00efed rencontre des citoyens \u00e0 l&rsquo;Av. Bourguiba qui lui demandent de dissoudre le parlement\"}]},{\"@type\":\"WebSite\",\"@id\":\"https:\/\/kapitalis.com\/tunisie\/#website\",\"url\":\"https:\/\/kapitalis.com\/tunisie\/\",\"name\":\"Kapitalis\",\"description\":\"L&#039;actualit\u00e9 en Tunisie et dans le monde\",\"publisher\":{\"@id\":\"https:\/\/kapitalis.com\/tunisie\/#organization\"},\"potentialAction\":[{\"@type\":\"SearchAction\",\"target\":{\"@type\":\"EntryPoint\",\"urlTemplate\":\"https:\/\/kapitalis.com\/tunisie\/?s={search_term_string}\"},\"query-input\":{\"@type\":\"PropertyValueSpecification\",\"valueRequired\":true,\"valueName\":\"search_term_string\"}}],\"inLanguage\":\"fr-FR\"},{\"@type\":\"Organization\",\"@id\":\"https:\/\/kapitalis.com\/tunisie\/#organization\",\"name\":\"Kapitalis\",\"url\":\"https:\/\/kapitalis.com\/tunisie\/\",\"logo\":{\"@type\":\"ImageObject\",\"inLanguage\":\"fr-FR\",\"@id\":\"https:\/\/kapitalis.com\/tunisie\/#\/schema\/logo\/image\/\",\"url\":\"https:\/\/kapitalis.com\/tunisie\/wp-content\/uploads\/2022\/05\/Kapitalis-big-size.png\",\"contentUrl\":\"https:\/\/kapitalis.com\/tunisie\/wp-content\/uploads\/2022\/05\/Kapitalis-big-size.png\",\"width\":5000,\"height\":1500,\"caption\":\"Kapitalis\"},\"image\":{\"@id\":\"https:\/\/kapitalis.com\/tunisie\/#\/schema\/logo\/image\/\"},\"sameAs\":[\"https:\/\/www.facebook.com\/KapitalisInfo\/\",\"https:\/\/x.com\/KapitalisInfo\",\"https:\/\/www.youtube.com\/channel\/UC-yDYrHyfFBWWZaOw3FPg9Q\"]},{\"@type\":\"Person\",\"@id\":\"https:\/\/kapitalis.com\/tunisie\/#\/schema\/person\/74bbde0154d49d790a92aaeac5bc01d5\",\"name\":\"Yusra NY\",\"url\":\"https:\/\/kapitalis.com\/tunisie\/author\/yuza_adam\/\"}]}<\/script>\n<!-- \/ Yoast SEO plugin. -->","yoast_head_json":{"title":"Tunis : Sa\u00efed rencontre des citoyens \u00e0 l'Av. Bourguiba qui lui demandent de dissoudre le parlement - Kapitalis","robots":{"index":"index","follow":"follow","max-snippet":"max-snippet:-1","max-image-preview":"max-image-preview:large","max-video-preview":"max-video-preview:-1"},"canonical":"https:\/\/kapitalis.com\/tunisie\/2021\/02\/02\/tunis-saied-rencontre-des-citoyens-a-lav-bourguiba-qui-lui-demandent-de-dissoudre-le-parlement\/","og_locale":"fr_FR","og_type":"article","og_title":"Tunis : Sa\u00efed rencontre des citoyens \u00e0 l'Av. Bourguiba qui lui demandent de dissoudre le parlement - Kapitalis","og_description":"Le pr\u00e9sident de la r\u00e9publique, Ka\u00efs Sa\u00efed, s&rsquo;est rendu cet apr\u00e8s-midi, mardi 2 f\u00e9vrier 2021, \u00e0 l\u2019avenue Habib Bourguiba, au centre-ville de Tunis, o\u00f9 il a rencontr\u00e9 des citoyens. \u00abIl faut dissoudre le parlement monsieur le pr\u00e9sident !\u00bb, ont-il lanc\u00e9.","og_url":"https:\/\/kapitalis.com\/tunisie\/2021\/02\/02\/tunis-saied-rencontre-des-citoyens-a-lav-bourguiba-qui-lui-demandent-de-dissoudre-le-parlement\/","og_site_name":"Kapitalis","article_publisher":"https:\/\/www.facebook.com\/KapitalisInfo\/","article_published_time":"2021-02-02T16:36:05+00:00","article_modified_time":"2021-02-02T22:28:31+00:00","og_image":[{"width":1200,"height":630,"url":"https:\/\/kapitalis.com\/tunisie\/wp-content\/uploads\/2022\/05\/kapitalis-logo-fb.png","type":"image\/png"}],"author":"Yusra NY","twitter_card":"summary_large_image","twitter_creator":"@KapitalisInfo","twitter_site":"@KapitalisInfo","twitter_misc":{"\u00c9crit par":"Yusra NY","Dur\u00e9e de lecture estim\u00e9e":"1 minute"},"schema":{"@context":"https:\/\/schema.org","@graph":[{"@type":"Article","@id":"https:\/\/kapitalis.com\/tunisie\/2021\/02\/02\/tunis-saied-rencontre-des-citoyens-a-lav-bourguiba-qui-lui-demandent-de-dissoudre-le-parlement\/#article","isPartOf":{"@id":"https:\/\/kapitalis.com\/tunisie\/2021\/02\/02\/tunis-saied-rencontre-des-citoyens-a-lav-bourguiba-qui-lui-demandent-de-dissoudre-le-parlement\/"},"author":{"name":"Yusra NY","@id":"https:\/\/kapitalis.com\/tunisie\/#\/schema\/person\/74bbde0154d49d790a92aaeac5bc01d5"},"headline":"Tunis : Sa\u00efed rencontre des citoyens \u00e0 l&rsquo;Av. Bourguiba qui lui demandent de dissoudre le parlement","datePublished":"2021-02-02T16:36:05+00:00","dateModified":"2021-02-02T22:28:31+00:00","mainEntityOfPage":{"@id":"https:\/\/kapitalis.com\/tunisie\/2021\/02\/02\/tunis-saied-rencontre-des-citoyens-a-lav-bourguiba-qui-lui-demandent-de-dissoudre-le-parlement\/"},"wordCount":148,"commentCount":3,"publisher":{"@id":"https:\/\/kapitalis.com\/tunisie\/#organization"},"image":{"@id":"https:\/\/kapitalis.com\/tunisie\/2021\/02\/02\/tunis-saied-rencontre-des-citoyens-a-lav-bourguiba-qui-lui-demandent-de-dissoudre-le-parlement\/#primaryimage"},"thumbnailUrl":"","keywords":["Assembl\u00e9e","avenue Bourguiba","dissolution","parlement","pr\u00e9sident de la r\u00e9publique","Saied","Tunis"],"articleSection":["POLITIQUE","Tunisie"],"inLanguage":"fr-FR","potentialAction":[{"@type":"CommentAction","name":"Comment","target":["https:\/\/kapitalis.com\/tunisie\/2021\/02\/02\/tunis-saied-rencontre-des-citoyens-a-lav-bourguiba-qui-lui-demandent-de-dissoudre-le-parlement\/#respond"]}]},{"@type":"WebPage","@id":"https:\/\/kapitalis.com\/tunisie\/2021\/02\/02\/tunis-saied-rencontre-des-citoyens-a-lav-bourguiba-qui-lui-demandent-de-dissoudre-le-parlement\/","url":"https:\/\/kapitalis.com\/tunisie\/2021\/02\/02\/tunis-saied-rencontre-des-citoyens-a-lav-bourguiba-qui-lui-demandent-de-dissoudre-le-parlement\/","name":"Tunis : Sa\u00efed rencontre des citoyens \u00e0 l'Av. Bourguiba qui lui demandent de dissoudre le parlement - Kapitalis","isPartOf":{"@id":"https:\/\/kapitalis.com\/tunisie\/#website"},"primaryImageOfPage":{"@id":"https:\/\/kapitalis.com\/tunisie\/2021\/02\/02\/tunis-saied-rencontre-des-citoyens-a-lav-bourguiba-qui-lui-demandent-de-dissoudre-le-parlement\/#primaryimage"},"image":{"@id":"https:\/\/kapitalis.com\/tunisie\/2021\/02\/02\/tunis-saied-rencontre-des-citoyens-a-lav-bourguiba-qui-lui-demandent-de-dissoudre-le-parlement\/#primaryimage"},"thumbnailUrl":"","datePublished":"2021-02-02T16:36:05+00:00","dateModified":"2021-02-02T22:28:31+00:00","breadcrumb":{"@id":"https:\/\/kapitalis.com\/tunisie\/2021\/02\/02\/tunis-saied-rencontre-des-citoyens-a-lav-bourguiba-qui-lui-demandent-de-dissoudre-le-parlement\/#breadcrumb"},"inLanguage":"fr-FR","potentialAction":[{"@type":"ReadAction","target":["https:\/\/kapitalis.com\/tunisie\/2021\/02\/02\/tunis-saied-rencontre-des-citoyens-a-lav-bourguiba-qui-lui-demandent-de-dissoudre-le-parlement\/"]}]},{"@type":"ImageObject","inLanguage":"fr-FR","@id":"https:\/\/kapitalis.com\/tunisie\/2021\/02\/02\/tunis-saied-rencontre-des-citoyens-a-lav-bourguiba-qui-lui-demandent-de-dissoudre-le-parlement\/#primaryimage","url":"","contentUrl":""},{"@type":"BreadcrumbList","@id":"https:\/\/kapitalis.com\/tunisie\/2021\/02\/02\/tunis-saied-rencontre-des-citoyens-a-lav-bourguiba-qui-lui-demandent-de-dissoudre-le-parlement\/#breadcrumb","itemListElement":[{"@type":"ListItem","position":1,"name":"Accueil","item":"https:\/\/kapitalis.com\/tunisie\/"},{"@type":"ListItem","position":2,"name":"Tunis : Sa\u00efed rencontre des citoyens \u00e0 l&rsquo;Av. Bourguiba qui lui demandent de dissoudre le parlement"}]},{"@type":"WebSite","@id":"https:\/\/kapitalis.com\/tunisie\/#website","url":"https:\/\/kapitalis.com\/tunisie\/","name":"Kapitalis","description":"L&#039;actualit\u00e9 en Tunisie et dans le monde","publisher":{"@id":"https:\/\/kapitalis.com\/tunisie\/#organization"},"potentialAction":[{"@type":"SearchAction","target":{"@type":"EntryPoint","urlTemplate":"https:\/\/kapitalis.com\/tunisie\/?s={search_term_string}"},"query-input":{"@type":"PropertyValueSpecification","valueRequired":true,"valueName":"search_term_string"}}],"inLanguage":"fr-FR"},{"@type":"Organization","@id":"https:\/\/kapitalis.com\/tunisie\/#organization","name":"Kapitalis","url":"https:\/\/kapitalis.com\/tunisie\/","logo":{"@type":"ImageObject","inLanguage":"fr-FR","@id":"https:\/\/kapitalis.com\/tunisie\/#\/schema\/logo\/image\/","url":"https:\/\/kapitalis.com\/tunisie\/wp-content\/uploads\/2022\/05\/Kapitalis-big-size.png","contentUrl":"https:\/\/kapitalis.com\/tunisie\/wp-content\/uploads\/2022\/05\/Kapitalis-big-size.png","width":5000,"height":1500,"caption":"Kapitalis"},"image":{"@id":"https:\/\/kapitalis.com\/tunisie\/#\/schema\/logo\/image\/"},"sameAs":["https:\/\/www.facebook.com\/KapitalisInfo\/","https:\/\/x.com\/KapitalisInfo","https:\/\/www.youtube.com\/channel\/UC-yDYrHyfFBWWZaOw3FPg9Q"]},{"@type":"Person","@id":"https:\/\/kapitalis.com\/tunisie\/#\/schema\/person\/74bbde0154d49d790a92aaeac5bc01d5","name":"Yusra NY","url":"https:\/\/kapitalis.com\/tunisie\/author\/yuza_adam\/"}]}},"_links":{"self":[{"href":"https:\/\/kapitalis.com\/tunisie\/wp-json\/wp\/v2\/posts\/334616","targetHints":{"allow":["GET"]}}],"collection":[{"href":"https:\/\/kapitalis.com\/tunisie\/wp-json\/wp\/v2\/posts"}],"about":[{"href":"https:\/\/kapitalis.com\/tunisie\/wp-json\/wp\/v2\/types\/post"}],"author":[{"embeddable":true,"href":"https:\/\/kapitalis.com\/tunisie\/wp-json\/wp\/v2\/users\/6"}],"replies":[{"embeddable":true,"href":"https:\/\/kapitalis.com\/tunisie\/wp-json\/wp\/v2\/comments?post=334616"}],"version-history":[{"count":0,"href":"https:\/\/kapitalis.com\/tunisie\/wp-json\/wp\/v2\/posts\/334616\/revisions"}],"wp:featuredmedia":[{"embeddable":true,"href":"https:\/\/kapitalis.com\/tunisie\/wp-json\/wp\/v2\/media\/334619"}],"wp:attachment":[{"href":"https:\/\/kapitalis.com\/tunisie\/wp-json\/wp\/v2\/media?parent=334616"}],"wp:term":[{"taxonomy":"category","embeddable":true,"href":"https:\/\/kapitalis.com\/tunisie\/wp-json\/wp\/v2\/categories?post=334616"},{"taxonomy":"post_tag","embeddable":true,"href":"https:\/\/kapitalis.com\/tunisie\/wp-json\/wp\/v2\/tags?post=334616"}],"curies":[{"name":"wp","href":"https:\/\/api.w.org\/{rel}","templated":true}]}}