{"id":335096,"date":"2021-02-05T17:00:02","date_gmt":"2021-02-05T16:00:02","guid":{"rendered":"http:\/\/kapitalis.com\/tunisie\/?p=335096"},"modified":"2021-02-05T22:37:32","modified_gmt":"2021-02-05T21:37:32","slug":"initiative-du-pdl-pour-amender-la-loi-58-relative-a-lelimination-des-violences-faites-aux-femmes-en-tunisie","status":"publish","type":"post","link":"https:\/\/kapitalis.com\/tunisie\/2021\/02\/05\/initiative-du-pdl-pour-amender-la-loi-58-relative-a-lelimination-des-violences-faites-aux-femmes-en-tunisie\/","title":{"rendered":"Initiative du PDL pour amender \u00abla loi 58\u00bb, relative \u00e0 l&rsquo;\u00e9limination des violences faites aux femmes en Tunisie"},"content":{"rendered":"\n<figure class=\"wp-block-image size-large\"><img decoding=\"async\" src=\"http:\/\/kapitalis.com\/tunisie\/wp-content\/uploads\/2021\/02\/PDL-Abir-Assemblee.jpg\" alt=\"\" class=\"wp-image-335099\"\/><\/figure>\n\n\n\n<p><strong><em>Le bloc du Parti destourien libre (PDL) a pr\u00e9sent\u00e9, aujourd&rsquo;hui, vendredi 5 f\u00e9vrier 2021, une initiative l\u00e9gislative pour l\u2019amendement de la loi organique N\u00b058 du 11 ao\u00fbt 2017, relative \u00e0 l&rsquo;\u00e9limination des violences faites aux femmes en Tunisie.<\/em><\/strong><\/p>\n\n\n\n<!--more-->\n\n\n\n<p>Lors d&rsquo;une conf\u00e9rence de presse organis\u00e9e au si\u00e8ge de l&rsquo;Assembl\u00e9e des Repr\u00e9sentants du Peuple (ARP), Abir Moussi, cheffe du bloc parlementaire du PDL, a rappel\u00e9 que la r\u00e9publique a toujours prot\u00e9g\u00e9 les droits et la dignit\u00e9 des femmes, mais que la mont\u00e9e de certains courants obscurantistes repr\u00e9sente, aujourd&rsquo;hui, un danger pour la soci\u00e9t\u00e9 tunisienne. <em>\u00abIls essaient de porter atteinte aux acquis de la femme tunisienne et nous ne laisserons pas faire<\/em>\u00bb, a-t-elle dit.<\/p>\n\n\n\n<p>\u00ab<em>Depuis 2011 des radicaux se sont mis \u00e0 parler de compl\u00e9mentarit\u00e9 au lieu d&rsquo;\u00e9galit\u00e9, de l\u00e9galisation de la polygamie et autres faits pour r\u00e9duire la valeur de la femme. Des partis et des associations, \u00e0 l&rsquo;instar de l&rsquo;Union nationale de la femme tunisienne, se sont unis pou faire face \u00e0 ces tentatives<\/em> <em>destrucives<\/em>\u00bb, a-t-elle rappel\u00e9. <\/p>\n\n\n\n<p>Abir Moussi estime cependant que cette loi 58 ne pr\u00e9voit pas toutes les situations et a, par ailleurs,  propos\u00e9 d&rsquo;aggraver les peines encourues, et de poser une interdiction de l\u2019att\u00e9nuation des peines dans le cadre de cette initiative.<\/p>\n\n\n\n<p><em>\u00abLa loi 58 ne r\u00e9pond pas aux situations v\u00e9cues quotidiennement par la <a href=\"http:\/\/kapitalis.com\/tunisie\/2021\/01\/27\/nouvelle-agression-dabir-moussi-par-seifeddine-makhlouf-a-lassemblee-videos\/\" target=\"_blank\" aria-label=\"undefined (s\u2019ouvre dans un nouvel onglet)\" rel=\"noreferrer noopener\">femme<\/a> politique et doit pr\u00e9voir des peines plus lourdes si le crime a lieu lors de l&rsquo;accomplissement d&rsquo;une mission politique ou d&rsquo;une activit\u00e9 partisane ou associative\u00bb<\/em>, a-t-elle affirm\u00e9, en estimant que la tentative doit et l&rsquo;incitation \u00e0 porter atteinte aux acquis de la femme devront \u00e9galement \u00eatre sanctionn\u00e9es par la loi, pour mettre fin \u00e0 la discrimination de la femme.<\/p>\n\n\n\n<p>La pr\u00e9sidente du PDL affirme par ailleurs que son parti veut lutter contre les parties qui cherchent \u00e0 exploiter et \u00e0 discriminer la femmes, \u00ab<em>notamment via certains m\u00e9dias ou des publicit\u00e9s portant atteinte \u00e0 l&rsquo;image et \u00e0 l&rsquo;honneur des femmes, ou encore des discours discriminatoires ou tentant de justifier ces violences\u00bb<\/em>.<\/p>\n\n\n\n<p class=\"has-text-align-right\"><strong>Y. N.<\/strong><\/p>\n\n\n\n<figure class=\"wp-block-embed is-type-wp-embed is-provider-kapitalis wp-block-embed-kapitalis\"><div class=\"wp-block-embed__wrapper\">\n<blockquote class=\"wp-embedded-content\" data-secret=\"pU4b8rzx8G\"><a href=\"https:\/\/kapitalis.com\/tunisie\/2021\/02\/03\/visite-de-soutien-de-lunion-de-la-femme-tunisienne-a-abir-moussi-pour-denoncer-les-violences-a-lassemblee\/\">Visite de soutien de l&rsquo;Union de la Femme tunisienne \u00e0 Abir Moussi pour d\u00e9noncer les violences \u00e0 l&rsquo;Assembl\u00e9e<\/a><\/blockquote><iframe loading=\"lazy\" class=\"wp-embedded-content\" sandbox=\"allow-scripts\" security=\"restricted\" style=\"position: absolute; clip: rect(1px, 1px, 1px, 1px);\" title=\"\u00ab\u00a0Visite de soutien de l&rsquo;Union de la Femme tunisienne \u00e0 Abir Moussi pour d\u00e9noncer les violences \u00e0 l&rsquo;Assembl\u00e9e\u00a0\u00bb &#8212; Kapitalis\" src=\"https:\/\/kapitalis.com\/tunisie\/2021\/02\/03\/visite-de-soutien-de-lunion-de-la-femme-tunisienne-a-abir-moussi-pour-denoncer-les-violences-a-lassemblee\/embed\/#?secret=b3mOWM9wTY#?secret=pU4b8rzx8G\" data-secret=\"pU4b8rzx8G\" width=\"600\" height=\"338\" frameborder=\"0\" marginwidth=\"0\" marginheight=\"0\" scrolling=\"no\"><\/iframe>\n<\/div><\/figure>\n\n\n\n<p><\/p>\n","protected":false},"excerpt":{"rendered":"<p>Le bloc du Parti destourien libre (PDL) a pr\u00e9sent\u00e9, aujourd&rsquo;hui, vendredi 5 f\u00e9vrier 2021, une initiative l\u00e9gislative pour l\u2019amendement de la loi organique N\u00b058 du 11 ao\u00fbt 2017, relative \u00e0 l&rsquo;\u00e9limination des violences faites aux femmes en Tunisie.<\/p>\n","protected":false},"author":6,"featured_media":335099,"comment_status":"open","ping_status":"open","sticky":false,"template":"","format":"standard","meta":{"footnotes":""},"categories":[997,2433],"tags":[15144,93,1479,81761,80722,33536,62643,6581],"class_list":["post-335096","post","type-post","status-publish","format-standard","has-post-thumbnail","hentry","category-politique","category-tunisie","tag-abir-moussi","tag-assemblee","tag-femmes","tag-loi-58","tag-makhlouf","tag-pdl","tag-tunisie","tag-violences"],"yoast_head":"<!-- This site is optimized with the Yoast SEO plugin v26.6 - https:\/\/yoast.com\/wordpress\/plugins\/seo\/ -->\n<title>Initiative du PDL pour amender \u00abla loi 58\u00bb, relative \u00e0 l&#039;\u00e9limination des violences faites aux femmes en Tunisie - Kapitalis<\/title>\n<meta name=\"robots\" content=\"index, follow, max-snippet:-1, max-image-preview:large, max-video-preview:-1\" \/>\n<link rel=\"canonical\" href=\"https:\/\/kapitalis.com\/tunisie\/2021\/02\/05\/initiative-du-pdl-pour-amender-la-loi-58-relative-a-lelimination-des-violences-faites-aux-femmes-en-tunisie\/\" \/>\n<meta property=\"og:locale\" content=\"fr_FR\" \/>\n<meta property=\"og:type\" content=\"article\" \/>\n<meta property=\"og:title\" content=\"Initiative du PDL pour amender \u00abla loi 58\u00bb, relative \u00e0 l&#039;\u00e9limination des violences faites aux femmes en Tunisie - Kapitalis\" \/>\n<meta property=\"og:description\" content=\"Le bloc du Parti destourien libre (PDL) a pr\u00e9sent\u00e9, aujourd&rsquo;hui, vendredi 5 f\u00e9vrier 2021, une initiative l\u00e9gislative pour l\u2019amendement de la loi organique N\u00b058 du 11 ao\u00fbt 2017, relative \u00e0 l&rsquo;\u00e9limination des violences faites aux femmes en Tunisie.\" \/>\n<meta property=\"og:url\" content=\"https:\/\/kapitalis.com\/tunisie\/2021\/02\/05\/initiative-du-pdl-pour-amender-la-loi-58-relative-a-lelimination-des-violences-faites-aux-femmes-en-tunisie\/\" \/>\n<meta property=\"og:site_name\" content=\"Kapitalis\" \/>\n<meta property=\"article:publisher\" content=\"https:\/\/www.facebook.com\/KapitalisInfo\/\" \/>\n<meta property=\"article:published_time\" content=\"2021-02-05T16:00:02+00:00\" \/>\n<meta property=\"article:modified_time\" content=\"2021-02-05T21:37:32+00:00\" \/>\n<meta property=\"og:image\" content=\"https:\/\/kapitalis.com\/tunisie\/wp-content\/uploads\/2022\/05\/kapitalis-logo-fb.png\" \/>\n\t<meta property=\"og:image:width\" content=\"1200\" \/>\n\t<meta property=\"og:image:height\" content=\"630\" \/>\n\t<meta property=\"og:image:type\" content=\"image\/png\" \/>\n<meta name=\"author\" content=\"Yusra NY\" \/>\n<meta name=\"twitter:card\" content=\"summary_large_image\" \/>\n<meta name=\"twitter:creator\" content=\"@KapitalisInfo\" \/>\n<meta name=\"twitter:site\" content=\"@KapitalisInfo\" \/>\n<meta name=\"twitter:label1\" content=\"\u00c9crit par\" \/>\n\t<meta name=\"twitter:data1\" content=\"Yusra NY\" \/>\n\t<meta name=\"twitter:label2\" content=\"Dur\u00e9e de lecture estim\u00e9e\" \/>\n\t<meta name=\"twitter:data2\" content=\"2 minutes\" \/>\n<script type=\"application\/ld+json\" class=\"yoast-schema-graph\">{\"@context\":\"https:\/\/schema.org\",\"@graph\":[{\"@type\":\"Article\",\"@id\":\"https:\/\/kapitalis.com\/tunisie\/2021\/02\/05\/initiative-du-pdl-pour-amender-la-loi-58-relative-a-lelimination-des-violences-faites-aux-femmes-en-tunisie\/#article\",\"isPartOf\":{\"@id\":\"https:\/\/kapitalis.com\/tunisie\/2021\/02\/05\/initiative-du-pdl-pour-amender-la-loi-58-relative-a-lelimination-des-violences-faites-aux-femmes-en-tunisie\/\"},\"author\":{\"name\":\"Yusra NY\",\"@id\":\"https:\/\/kapitalis.com\/tunisie\/#\/schema\/person\/74bbde0154d49d790a92aaeac5bc01d5\"},\"headline\":\"Initiative du PDL pour amender \u00abla loi 58\u00bb, relative \u00e0 l&rsquo;\u00e9limination des violences faites aux femmes en Tunisie\",\"datePublished\":\"2021-02-05T16:00:02+00:00\",\"dateModified\":\"2021-02-05T21:37:32+00:00\",\"mainEntityOfPage\":{\"@id\":\"https:\/\/kapitalis.com\/tunisie\/2021\/02\/05\/initiative-du-pdl-pour-amender-la-loi-58-relative-a-lelimination-des-violences-faites-aux-femmes-en-tunisie\/\"},\"wordCount\":364,\"commentCount\":1,\"publisher\":{\"@id\":\"https:\/\/kapitalis.com\/tunisie\/#organization\"},\"image\":{\"@id\":\"https:\/\/kapitalis.com\/tunisie\/2021\/02\/05\/initiative-du-pdl-pour-amender-la-loi-58-relative-a-lelimination-des-violences-faites-aux-femmes-en-tunisie\/#primaryimage\"},\"thumbnailUrl\":\"\",\"keywords\":[\"Abir Moussi\",\"Assembl\u00e9e\",\"femmes\",\"loi 58\",\"Makhlouf\",\"PDL\",\"Tunisie\",\"violences\"],\"articleSection\":[\"POLITIQUE\",\"Tunisie\"],\"inLanguage\":\"fr-FR\",\"potentialAction\":[{\"@type\":\"CommentAction\",\"name\":\"Comment\",\"target\":[\"https:\/\/kapitalis.com\/tunisie\/2021\/02\/05\/initiative-du-pdl-pour-amender-la-loi-58-relative-a-lelimination-des-violences-faites-aux-femmes-en-tunisie\/#respond\"]}]},{\"@type\":\"WebPage\",\"@id\":\"https:\/\/kapitalis.com\/tunisie\/2021\/02\/05\/initiative-du-pdl-pour-amender-la-loi-58-relative-a-lelimination-des-violences-faites-aux-femmes-en-tunisie\/\",\"url\":\"https:\/\/kapitalis.com\/tunisie\/2021\/02\/05\/initiative-du-pdl-pour-amender-la-loi-58-relative-a-lelimination-des-violences-faites-aux-femmes-en-tunisie\/\",\"name\":\"Initiative du PDL pour amender \u00abla loi 58\u00bb, relative \u00e0 l'\u00e9limination des violences faites aux femmes en Tunisie - Kapitalis\",\"isPartOf\":{\"@id\":\"https:\/\/kapitalis.com\/tunisie\/#website\"},\"primaryImageOfPage\":{\"@id\":\"https:\/\/kapitalis.com\/tunisie\/2021\/02\/05\/initiative-du-pdl-pour-amender-la-loi-58-relative-a-lelimination-des-violences-faites-aux-femmes-en-tunisie\/#primaryimage\"},\"image\":{\"@id\":\"https:\/\/kapitalis.com\/tunisie\/2021\/02\/05\/initiative-du-pdl-pour-amender-la-loi-58-relative-a-lelimination-des-violences-faites-aux-femmes-en-tunisie\/#primaryimage\"},\"thumbnailUrl\":\"\",\"datePublished\":\"2021-02-05T16:00:02+00:00\",\"dateModified\":\"2021-02-05T21:37:32+00:00\",\"breadcrumb\":{\"@id\":\"https:\/\/kapitalis.com\/tunisie\/2021\/02\/05\/initiative-du-pdl-pour-amender-la-loi-58-relative-a-lelimination-des-violences-faites-aux-femmes-en-tunisie\/#breadcrumb\"},\"inLanguage\":\"fr-FR\",\"potentialAction\":[{\"@type\":\"ReadAction\",\"target\":[\"https:\/\/kapitalis.com\/tunisie\/2021\/02\/05\/initiative-du-pdl-pour-amender-la-loi-58-relative-a-lelimination-des-violences-faites-aux-femmes-en-tunisie\/\"]}]},{\"@type\":\"ImageObject\",\"inLanguage\":\"fr-FR\",\"@id\":\"https:\/\/kapitalis.com\/tunisie\/2021\/02\/05\/initiative-du-pdl-pour-amender-la-loi-58-relative-a-lelimination-des-violences-faites-aux-femmes-en-tunisie\/#primaryimage\",\"url\":\"\",\"contentUrl\":\"\"},{\"@type\":\"BreadcrumbList\",\"@id\":\"https:\/\/kapitalis.com\/tunisie\/2021\/02\/05\/initiative-du-pdl-pour-amender-la-loi-58-relative-a-lelimination-des-violences-faites-aux-femmes-en-tunisie\/#breadcrumb\",\"itemListElement\":[{\"@type\":\"ListItem\",\"position\":1,\"name\":\"Accueil\",\"item\":\"https:\/\/kapitalis.com\/tunisie\/\"},{\"@type\":\"ListItem\",\"position\":2,\"name\":\"Initiative du PDL pour amender \u00abla loi 58\u00bb, relative \u00e0 l&rsquo;\u00e9limination des violences faites aux femmes en Tunisie\"}]},{\"@type\":\"WebSite\",\"@id\":\"https:\/\/kapitalis.com\/tunisie\/#website\",\"url\":\"https:\/\/kapitalis.com\/tunisie\/\",\"name\":\"Kapitalis\",\"description\":\"L&#039;actualit\u00e9 en Tunisie et dans le monde\",\"publisher\":{\"@id\":\"https:\/\/kapitalis.com\/tunisie\/#organization\"},\"potentialAction\":[{\"@type\":\"SearchAction\",\"target\":{\"@type\":\"EntryPoint\",\"urlTemplate\":\"https:\/\/kapitalis.com\/tunisie\/?s={search_term_string}\"},\"query-input\":{\"@type\":\"PropertyValueSpecification\",\"valueRequired\":true,\"valueName\":\"search_term_string\"}}],\"inLanguage\":\"fr-FR\"},{\"@type\":\"Organization\",\"@id\":\"https:\/\/kapitalis.com\/tunisie\/#organization\",\"name\":\"Kapitalis\",\"url\":\"https:\/\/kapitalis.com\/tunisie\/\",\"logo\":{\"@type\":\"ImageObject\",\"inLanguage\":\"fr-FR\",\"@id\":\"https:\/\/kapitalis.com\/tunisie\/#\/schema\/logo\/image\/\",\"url\":\"https:\/\/kapitalis.com\/tunisie\/wp-content\/uploads\/2022\/05\/Kapitalis-big-size.png\",\"contentUrl\":\"https:\/\/kapitalis.com\/tunisie\/wp-content\/uploads\/2022\/05\/Kapitalis-big-size.png\",\"width\":5000,\"height\":1500,\"caption\":\"Kapitalis\"},\"image\":{\"@id\":\"https:\/\/kapitalis.com\/tunisie\/#\/schema\/logo\/image\/\"},\"sameAs\":[\"https:\/\/www.facebook.com\/KapitalisInfo\/\",\"https:\/\/x.com\/KapitalisInfo\",\"https:\/\/www.youtube.com\/channel\/UC-yDYrHyfFBWWZaOw3FPg9Q\"]},{\"@type\":\"Person\",\"@id\":\"https:\/\/kapitalis.com\/tunisie\/#\/schema\/person\/74bbde0154d49d790a92aaeac5bc01d5\",\"name\":\"Yusra NY\",\"url\":\"https:\/\/kapitalis.com\/tunisie\/author\/yuza_adam\/\"}]}<\/script>\n<!-- \/ Yoast SEO plugin. -->","yoast_head_json":{"title":"Initiative du PDL pour amender \u00abla loi 58\u00bb, relative \u00e0 l'\u00e9limination des violences faites aux femmes en Tunisie - Kapitalis","robots":{"index":"index","follow":"follow","max-snippet":"max-snippet:-1","max-image-preview":"max-image-preview:large","max-video-preview":"max-video-preview:-1"},"canonical":"https:\/\/kapitalis.com\/tunisie\/2021\/02\/05\/initiative-du-pdl-pour-amender-la-loi-58-relative-a-lelimination-des-violences-faites-aux-femmes-en-tunisie\/","og_locale":"fr_FR","og_type":"article","og_title":"Initiative du PDL pour amender \u00abla loi 58\u00bb, relative \u00e0 l'\u00e9limination des violences faites aux femmes en Tunisie - Kapitalis","og_description":"Le bloc du Parti destourien libre (PDL) a pr\u00e9sent\u00e9, aujourd&rsquo;hui, vendredi 5 f\u00e9vrier 2021, une initiative l\u00e9gislative pour l\u2019amendement de la loi organique N\u00b058 du 11 ao\u00fbt 2017, relative \u00e0 l&rsquo;\u00e9limination des violences faites aux femmes en Tunisie.","og_url":"https:\/\/kapitalis.com\/tunisie\/2021\/02\/05\/initiative-du-pdl-pour-amender-la-loi-58-relative-a-lelimination-des-violences-faites-aux-femmes-en-tunisie\/","og_site_name":"Kapitalis","article_publisher":"https:\/\/www.facebook.com\/KapitalisInfo\/","article_published_time":"2021-02-05T16:00:02+00:00","article_modified_time":"2021-02-05T21:37:32+00:00","og_image":[{"width":1200,"height":630,"url":"https:\/\/kapitalis.com\/tunisie\/wp-content\/uploads\/2022\/05\/kapitalis-logo-fb.png","type":"image\/png"}],"author":"Yusra NY","twitter_card":"summary_large_image","twitter_creator":"@KapitalisInfo","twitter_site":"@KapitalisInfo","twitter_misc":{"\u00c9crit par":"Yusra NY","Dur\u00e9e de lecture estim\u00e9e":"2 minutes"},"schema":{"@context":"https:\/\/schema.org","@graph":[{"@type":"Article","@id":"https:\/\/kapitalis.com\/tunisie\/2021\/02\/05\/initiative-du-pdl-pour-amender-la-loi-58-relative-a-lelimination-des-violences-faites-aux-femmes-en-tunisie\/#article","isPartOf":{"@id":"https:\/\/kapitalis.com\/tunisie\/2021\/02\/05\/initiative-du-pdl-pour-amender-la-loi-58-relative-a-lelimination-des-violences-faites-aux-femmes-en-tunisie\/"},"author":{"name":"Yusra NY","@id":"https:\/\/kapitalis.com\/tunisie\/#\/schema\/person\/74bbde0154d49d790a92aaeac5bc01d5"},"headline":"Initiative du PDL pour amender \u00abla loi 58\u00bb, relative \u00e0 l&rsquo;\u00e9limination des violences faites aux femmes en Tunisie","datePublished":"2021-02-05T16:00:02+00:00","dateModified":"2021-02-05T21:37:32+00:00","mainEntityOfPage":{"@id":"https:\/\/kapitalis.com\/tunisie\/2021\/02\/05\/initiative-du-pdl-pour-amender-la-loi-58-relative-a-lelimination-des-violences-faites-aux-femmes-en-tunisie\/"},"wordCount":364,"commentCount":1,"publisher":{"@id":"https:\/\/kapitalis.com\/tunisie\/#organization"},"image":{"@id":"https:\/\/kapitalis.com\/tunisie\/2021\/02\/05\/initiative-du-pdl-pour-amender-la-loi-58-relative-a-lelimination-des-violences-faites-aux-femmes-en-tunisie\/#primaryimage"},"thumbnailUrl":"","keywords":["Abir Moussi","Assembl\u00e9e","femmes","loi 58","Makhlouf","PDL","Tunisie","violences"],"articleSection":["POLITIQUE","Tunisie"],"inLanguage":"fr-FR","potentialAction":[{"@type":"CommentAction","name":"Comment","target":["https:\/\/kapitalis.com\/tunisie\/2021\/02\/05\/initiative-du-pdl-pour-amender-la-loi-58-relative-a-lelimination-des-violences-faites-aux-femmes-en-tunisie\/#respond"]}]},{"@type":"WebPage","@id":"https:\/\/kapitalis.com\/tunisie\/2021\/02\/05\/initiative-du-pdl-pour-amender-la-loi-58-relative-a-lelimination-des-violences-faites-aux-femmes-en-tunisie\/","url":"https:\/\/kapitalis.com\/tunisie\/2021\/02\/05\/initiative-du-pdl-pour-amender-la-loi-58-relative-a-lelimination-des-violences-faites-aux-femmes-en-tunisie\/","name":"Initiative du PDL pour amender \u00abla loi 58\u00bb, relative \u00e0 l'\u00e9limination des violences faites aux femmes en Tunisie - Kapitalis","isPartOf":{"@id":"https:\/\/kapitalis.com\/tunisie\/#website"},"primaryImageOfPage":{"@id":"https:\/\/kapitalis.com\/tunisie\/2021\/02\/05\/initiative-du-pdl-pour-amender-la-loi-58-relative-a-lelimination-des-violences-faites-aux-femmes-en-tunisie\/#primaryimage"},"image":{"@id":"https:\/\/kapitalis.com\/tunisie\/2021\/02\/05\/initiative-du-pdl-pour-amender-la-loi-58-relative-a-lelimination-des-violences-faites-aux-femmes-en-tunisie\/#primaryimage"},"thumbnailUrl":"","datePublished":"2021-02-05T16:00:02+00:00","dateModified":"2021-02-05T21:37:32+00:00","breadcrumb":{"@id":"https:\/\/kapitalis.com\/tunisie\/2021\/02\/05\/initiative-du-pdl-pour-amender-la-loi-58-relative-a-lelimination-des-violences-faites-aux-femmes-en-tunisie\/#breadcrumb"},"inLanguage":"fr-FR","potentialAction":[{"@type":"ReadAction","target":["https:\/\/kapitalis.com\/tunisie\/2021\/02\/05\/initiative-du-pdl-pour-amender-la-loi-58-relative-a-lelimination-des-violences-faites-aux-femmes-en-tunisie\/"]}]},{"@type":"ImageObject","inLanguage":"fr-FR","@id":"https:\/\/kapitalis.com\/tunisie\/2021\/02\/05\/initiative-du-pdl-pour-amender-la-loi-58-relative-a-lelimination-des-violences-faites-aux-femmes-en-tunisie\/#primaryimage","url":"","contentUrl":""},{"@type":"BreadcrumbList","@id":"https:\/\/kapitalis.com\/tunisie\/2021\/02\/05\/initiative-du-pdl-pour-amender-la-loi-58-relative-a-lelimination-des-violences-faites-aux-femmes-en-tunisie\/#breadcrumb","itemListElement":[{"@type":"ListItem","position":1,"name":"Accueil","item":"https:\/\/kapitalis.com\/tunisie\/"},{"@type":"ListItem","position":2,"name":"Initiative du PDL pour amender \u00abla loi 58\u00bb, relative \u00e0 l&rsquo;\u00e9limination des violences faites aux femmes en Tunisie"}]},{"@type":"WebSite","@id":"https:\/\/kapitalis.com\/tunisie\/#website","url":"https:\/\/kapitalis.com\/tunisie\/","name":"Kapitalis","description":"L&#039;actualit\u00e9 en Tunisie et dans le monde","publisher":{"@id":"https:\/\/kapitalis.com\/tunisie\/#organization"},"potentialAction":[{"@type":"SearchAction","target":{"@type":"EntryPoint","urlTemplate":"https:\/\/kapitalis.com\/tunisie\/?s={search_term_string}"},"query-input":{"@type":"PropertyValueSpecification","valueRequired":true,"valueName":"search_term_string"}}],"inLanguage":"fr-FR"},{"@type":"Organization","@id":"https:\/\/kapitalis.com\/tunisie\/#organization","name":"Kapitalis","url":"https:\/\/kapitalis.com\/tunisie\/","logo":{"@type":"ImageObject","inLanguage":"fr-FR","@id":"https:\/\/kapitalis.com\/tunisie\/#\/schema\/logo\/image\/","url":"https:\/\/kapitalis.com\/tunisie\/wp-content\/uploads\/2022\/05\/Kapitalis-big-size.png","contentUrl":"https:\/\/kapitalis.com\/tunisie\/wp-content\/uploads\/2022\/05\/Kapitalis-big-size.png","width":5000,"height":1500,"caption":"Kapitalis"},"image":{"@id":"https:\/\/kapitalis.com\/tunisie\/#\/schema\/logo\/image\/"},"sameAs":["https:\/\/www.facebook.com\/KapitalisInfo\/","https:\/\/x.com\/KapitalisInfo","https:\/\/www.youtube.com\/channel\/UC-yDYrHyfFBWWZaOw3FPg9Q"]},{"@type":"Person","@id":"https:\/\/kapitalis.com\/tunisie\/#\/schema\/person\/74bbde0154d49d790a92aaeac5bc01d5","name":"Yusra NY","url":"https:\/\/kapitalis.com\/tunisie\/author\/yuza_adam\/"}]}},"_links":{"self":[{"href":"https:\/\/kapitalis.com\/tunisie\/wp-json\/wp\/v2\/posts\/335096","targetHints":{"allow":["GET"]}}],"collection":[{"href":"https:\/\/kapitalis.com\/tunisie\/wp-json\/wp\/v2\/posts"}],"about":[{"href":"https:\/\/kapitalis.com\/tunisie\/wp-json\/wp\/v2\/types\/post"}],"author":[{"embeddable":true,"href":"https:\/\/kapitalis.com\/tunisie\/wp-json\/wp\/v2\/users\/6"}],"replies":[{"embeddable":true,"href":"https:\/\/kapitalis.com\/tunisie\/wp-json\/wp\/v2\/comments?post=335096"}],"version-history":[{"count":0,"href":"https:\/\/kapitalis.com\/tunisie\/wp-json\/wp\/v2\/posts\/335096\/revisions"}],"wp:featuredmedia":[{"embeddable":true,"href":"https:\/\/kapitalis.com\/tunisie\/wp-json\/wp\/v2\/media\/335099"}],"wp:attachment":[{"href":"https:\/\/kapitalis.com\/tunisie\/wp-json\/wp\/v2\/media?parent=335096"}],"wp:term":[{"taxonomy":"category","embeddable":true,"href":"https:\/\/kapitalis.com\/tunisie\/wp-json\/wp\/v2\/categories?post=335096"},{"taxonomy":"post_tag","embeddable":true,"href":"https:\/\/kapitalis.com\/tunisie\/wp-json\/wp\/v2\/tags?post=335096"}],"curies":[{"name":"wp","href":"https:\/\/api.w.org\/{rel}","templated":true}]}}