{"id":335394,"date":"2021-02-08T14:01:41","date_gmt":"2021-02-08T13:01:41","guid":{"rendered":"http:\/\/kapitalis.com\/tunisie\/?p=335394"},"modified":"2021-02-09T00:33:31","modified_gmt":"2021-02-08T23:33:31","slug":"a-propos-des-voyageurs-qui-pourraient-etre-exemptes-du-confinement-obligatoire-en-arrivant-en-tunisie","status":"publish","type":"post","link":"https:\/\/kapitalis.com\/tunisie\/2021\/02\/08\/a-propos-des-voyageurs-qui-pourraient-etre-exemptes-du-confinement-obligatoire-en-arrivant-en-tunisie\/","title":{"rendered":"A propos des voyageurs qui pourraient \u00eatre exempt\u00e9s du confinement obligatoire en arrivant en Tunisie"},"content":{"rendered":"\n<figure class=\"wp-block-image size-large\"><img decoding=\"async\" src=\"http:\/\/kapitalis.com\/tunisie\/wp-content\/uploads\/2020\/05\/Mohamed-rabhi.jpg\" alt=\"\" class=\"wp-image-300731\"\/><\/figure>\n\n\n\n<p><strong><em>Mohamed Rabhi, pr\u00e9sident de la commission du confinement a affirm\u00e9 que le minist\u00e8re de la Sant\u00e9 envisage de mettre en place des mesures plus flexibles quant \u00e0 la quarantaine obligatoire dans des centres et\/ou h\u00f4tels, d\u00e9di\u00e9e aux voyageurs qui arrivent en Tunisie.<\/em><\/strong><\/p>\n\n\n\n<!--more-->\n\n\n\n<p>Dr Rabhi a pr\u00e9cis\u00e9 que ceux qui pourraient \u00eatre \u00e9pargn\u00e9s du confinement obligatoire devront pr\u00e9senter \u00e0 la commission du confinement, quelques jours avant leur arriv\u00e9e en Tunisie, des motifs valables (familiers ou professionnels) ainsi qu\u2019un test PCR n\u00e9gatif, effectu\u00e9 au maximum 72h avant l\u2019enregistrement.<\/p>\n\n\n\n<p>\u00ab<em>Apr\u00e8s l\u2019examen du dossier la commission validera ou non l\u2019exemption du voyageur concern\u00e9 du confinement obligatoire dans un centre sp\u00e9cialis\u00e9<\/em>\u00bb, a-t-il dit dans une d\u00e9claration ce lundi 8 f\u00e9vrier 2021, \u00e0 l&rsquo;agence Tap, en pr\u00e9cisant que cette mesure concernerait des cas particuliers.<\/p>\n\n\n\n<p> <em>\u00abCet all\u00e9gement pourra concerner<\/em> <em>des personnes malades n\u00e9cessitant une assistance permanente ou urgente, ou des porteurs de handicaps, ou encore des personnes venues sp\u00e9cialement, en Tunisie, pour visiter un proche en \u00e9tat grave ou encore celles convoqu\u00e9es d\u2019urgence par la justice ou en mission urgente notamment dans le cadre de la lutte contre le coronavirus\u00bb<\/em>, a-t-il encore pr\u00e9cis\u00e9.<\/p>\n\n\n\n<p class=\"has-text-align-right\"><strong>Y. N.<\/strong><\/p>\n\n\n\n<figure class=\"wp-block-embed is-type-wp-embed is-provider-kapitalis wp-block-embed-kapitalis\"><div class=\"wp-block-embed__wrapper\">\n<blockquote class=\"wp-embedded-content\" data-secret=\"f1iaK8Wuu1\"><a href=\"https:\/\/kapitalis.com\/tunisie\/2021\/01\/25\/officiel-les-nouvelles-mesures-pour-les-voyageurs-arrivant-en-tunisie\/\">Officiel : Les nouvelles mesures pour les voyageurs arrivant en Tunisie<\/a><\/blockquote><iframe loading=\"lazy\" class=\"wp-embedded-content\" sandbox=\"allow-scripts\" security=\"restricted\" style=\"position: absolute; clip: rect(1px, 1px, 1px, 1px);\" title=\"\u00ab\u00a0Officiel : Les nouvelles mesures pour les voyageurs arrivant en Tunisie\u00a0\u00bb &#8212; Kapitalis\" src=\"https:\/\/kapitalis.com\/tunisie\/2021\/01\/25\/officiel-les-nouvelles-mesures-pour-les-voyageurs-arrivant-en-tunisie\/embed\/#?secret=uwafXIvcaN#?secret=f1iaK8Wuu1\" data-secret=\"f1iaK8Wuu1\" width=\"600\" height=\"338\" frameborder=\"0\" marginwidth=\"0\" marginheight=\"0\" scrolling=\"no\"><\/iframe>\n<\/div><\/figure>\n","protected":false},"excerpt":{"rendered":"<p>Mohamed Rabhi, pr\u00e9sident de la commission du confinement a affirm\u00e9 que le minist\u00e8re de la Sant\u00e9 envisage de mettre en place des mesures plus flexibles quant \u00e0 la quarantaine obligatoire dans des centres et\/ou h\u00f4tels, d\u00e9di\u00e9e aux voyageurs qui arrivent en Tunisie.<\/p>\n","protected":false},"author":6,"featured_media":0,"comment_status":"open","ping_status":"open","sticky":false,"template":"","format":"standard","meta":{"footnotes":""},"categories":[998,2433],"tags":[76605,73060,77509,75865,810,62643,3292],"class_list":["post-335394","post","type-post","status-publish","format-standard","hentry","category-societe","category-tunisie","tag-confinement","tag-coronavirus","tag-mohamed-rabhi","tag-quarantaine","tag-sante","tag-tunisie","tag-voyageurs"],"yoast_head":"<!-- This site is optimized with the Yoast SEO plugin v26.6 - https:\/\/yoast.com\/wordpress\/plugins\/seo\/ -->\n<title>A propos des voyageurs qui pourraient \u00eatre exempt\u00e9s du confinement obligatoire en arrivant en Tunisie - Kapitalis<\/title>\n<meta name=\"robots\" content=\"index, follow, max-snippet:-1, max-image-preview:large, max-video-preview:-1\" \/>\n<link rel=\"canonical\" href=\"https:\/\/kapitalis.com\/tunisie\/2021\/02\/08\/a-propos-des-voyageurs-qui-pourraient-etre-exemptes-du-confinement-obligatoire-en-arrivant-en-tunisie\/\" \/>\n<meta property=\"og:locale\" content=\"fr_FR\" \/>\n<meta property=\"og:type\" content=\"article\" \/>\n<meta property=\"og:title\" content=\"A propos des voyageurs qui pourraient \u00eatre exempt\u00e9s du confinement obligatoire en arrivant en Tunisie - Kapitalis\" \/>\n<meta property=\"og:description\" content=\"Mohamed Rabhi, pr\u00e9sident de la commission du confinement a affirm\u00e9 que le minist\u00e8re de la Sant\u00e9 envisage de mettre en place des mesures plus flexibles quant \u00e0 la quarantaine obligatoire dans des centres et\/ou h\u00f4tels, d\u00e9di\u00e9e aux voyageurs qui arrivent en Tunisie.\" \/>\n<meta property=\"og:url\" content=\"https:\/\/kapitalis.com\/tunisie\/2021\/02\/08\/a-propos-des-voyageurs-qui-pourraient-etre-exemptes-du-confinement-obligatoire-en-arrivant-en-tunisie\/\" \/>\n<meta property=\"og:site_name\" content=\"Kapitalis\" \/>\n<meta property=\"article:publisher\" content=\"https:\/\/www.facebook.com\/KapitalisInfo\/\" \/>\n<meta property=\"article:published_time\" content=\"2021-02-08T13:01:41+00:00\" \/>\n<meta property=\"article:modified_time\" content=\"2021-02-08T23:33:31+00:00\" \/>\n<meta property=\"og:image\" content=\"http:\/\/kapitalis.com\/tunisie\/wp-content\/uploads\/2020\/05\/Mohamed-rabhi.jpg\" \/>\n<meta name=\"author\" content=\"Yusra NY\" \/>\n<meta name=\"twitter:card\" content=\"summary_large_image\" \/>\n<meta name=\"twitter:creator\" content=\"@KapitalisInfo\" \/>\n<meta name=\"twitter:site\" content=\"@KapitalisInfo\" \/>\n<meta name=\"twitter:label1\" content=\"\u00c9crit par\" \/>\n\t<meta name=\"twitter:data1\" content=\"Yusra NY\" \/>\n\t<meta name=\"twitter:label2\" content=\"Dur\u00e9e de lecture estim\u00e9e\" \/>\n\t<meta name=\"twitter:data2\" content=\"1 minute\" \/>\n<script type=\"application\/ld+json\" class=\"yoast-schema-graph\">{\"@context\":\"https:\/\/schema.org\",\"@graph\":[{\"@type\":\"Article\",\"@id\":\"https:\/\/kapitalis.com\/tunisie\/2021\/02\/08\/a-propos-des-voyageurs-qui-pourraient-etre-exemptes-du-confinement-obligatoire-en-arrivant-en-tunisie\/#article\",\"isPartOf\":{\"@id\":\"https:\/\/kapitalis.com\/tunisie\/2021\/02\/08\/a-propos-des-voyageurs-qui-pourraient-etre-exemptes-du-confinement-obligatoire-en-arrivant-en-tunisie\/\"},\"author\":{\"name\":\"Yusra NY\",\"@id\":\"https:\/\/kapitalis.com\/tunisie\/#\/schema\/person\/74bbde0154d49d790a92aaeac5bc01d5\"},\"headline\":\"A propos des voyageurs qui pourraient \u00eatre exempt\u00e9s du confinement obligatoire en arrivant en Tunisie\",\"datePublished\":\"2021-02-08T13:01:41+00:00\",\"dateModified\":\"2021-02-08T23:33:31+00:00\",\"mainEntityOfPage\":{\"@id\":\"https:\/\/kapitalis.com\/tunisie\/2021\/02\/08\/a-propos-des-voyageurs-qui-pourraient-etre-exemptes-du-confinement-obligatoire-en-arrivant-en-tunisie\/\"},\"wordCount\":230,\"commentCount\":6,\"publisher\":{\"@id\":\"https:\/\/kapitalis.com\/tunisie\/#organization\"},\"image\":{\"@id\":\"https:\/\/kapitalis.com\/tunisie\/2021\/02\/08\/a-propos-des-voyageurs-qui-pourraient-etre-exemptes-du-confinement-obligatoire-en-arrivant-en-tunisie\/#primaryimage\"},\"thumbnailUrl\":\"http:\/\/kapitalis.com\/tunisie\/wp-content\/uploads\/2020\/05\/Mohamed-rabhi.jpg\",\"keywords\":[\"confinement\",\"Coronavirus\",\"Mohamed Rabhi\",\"quarantaine\",\"Sant\u00e9\",\"Tunisie\",\"voyageurs\"],\"articleSection\":[\"SOCIETE\",\"Tunisie\"],\"inLanguage\":\"fr-FR\",\"potentialAction\":[{\"@type\":\"CommentAction\",\"name\":\"Comment\",\"target\":[\"https:\/\/kapitalis.com\/tunisie\/2021\/02\/08\/a-propos-des-voyageurs-qui-pourraient-etre-exemptes-du-confinement-obligatoire-en-arrivant-en-tunisie\/#respond\"]}]},{\"@type\":\"WebPage\",\"@id\":\"https:\/\/kapitalis.com\/tunisie\/2021\/02\/08\/a-propos-des-voyageurs-qui-pourraient-etre-exemptes-du-confinement-obligatoire-en-arrivant-en-tunisie\/\",\"url\":\"https:\/\/kapitalis.com\/tunisie\/2021\/02\/08\/a-propos-des-voyageurs-qui-pourraient-etre-exemptes-du-confinement-obligatoire-en-arrivant-en-tunisie\/\",\"name\":\"A propos des voyageurs qui pourraient \u00eatre exempt\u00e9s du confinement obligatoire en arrivant en Tunisie - Kapitalis\",\"isPartOf\":{\"@id\":\"https:\/\/kapitalis.com\/tunisie\/#website\"},\"primaryImageOfPage\":{\"@id\":\"https:\/\/kapitalis.com\/tunisie\/2021\/02\/08\/a-propos-des-voyageurs-qui-pourraient-etre-exemptes-du-confinement-obligatoire-en-arrivant-en-tunisie\/#primaryimage\"},\"image\":{\"@id\":\"https:\/\/kapitalis.com\/tunisie\/2021\/02\/08\/a-propos-des-voyageurs-qui-pourraient-etre-exemptes-du-confinement-obligatoire-en-arrivant-en-tunisie\/#primaryimage\"},\"thumbnailUrl\":\"http:\/\/kapitalis.com\/tunisie\/wp-content\/uploads\/2020\/05\/Mohamed-rabhi.jpg\",\"datePublished\":\"2021-02-08T13:01:41+00:00\",\"dateModified\":\"2021-02-08T23:33:31+00:00\",\"breadcrumb\":{\"@id\":\"https:\/\/kapitalis.com\/tunisie\/2021\/02\/08\/a-propos-des-voyageurs-qui-pourraient-etre-exemptes-du-confinement-obligatoire-en-arrivant-en-tunisie\/#breadcrumb\"},\"inLanguage\":\"fr-FR\",\"potentialAction\":[{\"@type\":\"ReadAction\",\"target\":[\"https:\/\/kapitalis.com\/tunisie\/2021\/02\/08\/a-propos-des-voyageurs-qui-pourraient-etre-exemptes-du-confinement-obligatoire-en-arrivant-en-tunisie\/\"]}]},{\"@type\":\"ImageObject\",\"inLanguage\":\"fr-FR\",\"@id\":\"https:\/\/kapitalis.com\/tunisie\/2021\/02\/08\/a-propos-des-voyageurs-qui-pourraient-etre-exemptes-du-confinement-obligatoire-en-arrivant-en-tunisie\/#primaryimage\",\"url\":\"\",\"contentUrl\":\"\"},{\"@type\":\"BreadcrumbList\",\"@id\":\"https:\/\/kapitalis.com\/tunisie\/2021\/02\/08\/a-propos-des-voyageurs-qui-pourraient-etre-exemptes-du-confinement-obligatoire-en-arrivant-en-tunisie\/#breadcrumb\",\"itemListElement\":[{\"@type\":\"ListItem\",\"position\":1,\"name\":\"Accueil\",\"item\":\"https:\/\/kapitalis.com\/tunisie\/\"},{\"@type\":\"ListItem\",\"position\":2,\"name\":\"A propos des voyageurs qui pourraient \u00eatre exempt\u00e9s du confinement obligatoire en arrivant en Tunisie\"}]},{\"@type\":\"WebSite\",\"@id\":\"https:\/\/kapitalis.com\/tunisie\/#website\",\"url\":\"https:\/\/kapitalis.com\/tunisie\/\",\"name\":\"Kapitalis\",\"description\":\"L&#039;actualit\u00e9 en Tunisie et dans le monde\",\"publisher\":{\"@id\":\"https:\/\/kapitalis.com\/tunisie\/#organization\"},\"potentialAction\":[{\"@type\":\"SearchAction\",\"target\":{\"@type\":\"EntryPoint\",\"urlTemplate\":\"https:\/\/kapitalis.com\/tunisie\/?s={search_term_string}\"},\"query-input\":{\"@type\":\"PropertyValueSpecification\",\"valueRequired\":true,\"valueName\":\"search_term_string\"}}],\"inLanguage\":\"fr-FR\"},{\"@type\":\"Organization\",\"@id\":\"https:\/\/kapitalis.com\/tunisie\/#organization\",\"name\":\"Kapitalis\",\"url\":\"https:\/\/kapitalis.com\/tunisie\/\",\"logo\":{\"@type\":\"ImageObject\",\"inLanguage\":\"fr-FR\",\"@id\":\"https:\/\/kapitalis.com\/tunisie\/#\/schema\/logo\/image\/\",\"url\":\"https:\/\/kapitalis.com\/tunisie\/wp-content\/uploads\/2022\/05\/Kapitalis-big-size.png\",\"contentUrl\":\"https:\/\/kapitalis.com\/tunisie\/wp-content\/uploads\/2022\/05\/Kapitalis-big-size.png\",\"width\":5000,\"height\":1500,\"caption\":\"Kapitalis\"},\"image\":{\"@id\":\"https:\/\/kapitalis.com\/tunisie\/#\/schema\/logo\/image\/\"},\"sameAs\":[\"https:\/\/www.facebook.com\/KapitalisInfo\/\",\"https:\/\/x.com\/KapitalisInfo\",\"https:\/\/www.youtube.com\/channel\/UC-yDYrHyfFBWWZaOw3FPg9Q\"]},{\"@type\":\"Person\",\"@id\":\"https:\/\/kapitalis.com\/tunisie\/#\/schema\/person\/74bbde0154d49d790a92aaeac5bc01d5\",\"name\":\"Yusra NY\",\"url\":\"https:\/\/kapitalis.com\/tunisie\/author\/yuza_adam\/\"}]}<\/script>\n<!-- \/ Yoast SEO plugin. -->","yoast_head_json":{"title":"A propos des voyageurs qui pourraient \u00eatre exempt\u00e9s du confinement obligatoire en arrivant en Tunisie - Kapitalis","robots":{"index":"index","follow":"follow","max-snippet":"max-snippet:-1","max-image-preview":"max-image-preview:large","max-video-preview":"max-video-preview:-1"},"canonical":"https:\/\/kapitalis.com\/tunisie\/2021\/02\/08\/a-propos-des-voyageurs-qui-pourraient-etre-exemptes-du-confinement-obligatoire-en-arrivant-en-tunisie\/","og_locale":"fr_FR","og_type":"article","og_title":"A propos des voyageurs qui pourraient \u00eatre exempt\u00e9s du confinement obligatoire en arrivant en Tunisie - Kapitalis","og_description":"Mohamed Rabhi, pr\u00e9sident de la commission du confinement a affirm\u00e9 que le minist\u00e8re de la Sant\u00e9 envisage de mettre en place des mesures plus flexibles quant \u00e0 la quarantaine obligatoire dans des centres et\/ou h\u00f4tels, d\u00e9di\u00e9e aux voyageurs qui arrivent en Tunisie.","og_url":"https:\/\/kapitalis.com\/tunisie\/2021\/02\/08\/a-propos-des-voyageurs-qui-pourraient-etre-exemptes-du-confinement-obligatoire-en-arrivant-en-tunisie\/","og_site_name":"Kapitalis","article_publisher":"https:\/\/www.facebook.com\/KapitalisInfo\/","article_published_time":"2021-02-08T13:01:41+00:00","article_modified_time":"2021-02-08T23:33:31+00:00","og_image":[{"url":"http:\/\/kapitalis.com\/tunisie\/wp-content\/uploads\/2020\/05\/Mohamed-rabhi.jpg","type":"","width":"","height":""}],"author":"Yusra NY","twitter_card":"summary_large_image","twitter_creator":"@KapitalisInfo","twitter_site":"@KapitalisInfo","twitter_misc":{"\u00c9crit par":"Yusra NY","Dur\u00e9e de lecture estim\u00e9e":"1 minute"},"schema":{"@context":"https:\/\/schema.org","@graph":[{"@type":"Article","@id":"https:\/\/kapitalis.com\/tunisie\/2021\/02\/08\/a-propos-des-voyageurs-qui-pourraient-etre-exemptes-du-confinement-obligatoire-en-arrivant-en-tunisie\/#article","isPartOf":{"@id":"https:\/\/kapitalis.com\/tunisie\/2021\/02\/08\/a-propos-des-voyageurs-qui-pourraient-etre-exemptes-du-confinement-obligatoire-en-arrivant-en-tunisie\/"},"author":{"name":"Yusra NY","@id":"https:\/\/kapitalis.com\/tunisie\/#\/schema\/person\/74bbde0154d49d790a92aaeac5bc01d5"},"headline":"A propos des voyageurs qui pourraient \u00eatre exempt\u00e9s du confinement obligatoire en arrivant en Tunisie","datePublished":"2021-02-08T13:01:41+00:00","dateModified":"2021-02-08T23:33:31+00:00","mainEntityOfPage":{"@id":"https:\/\/kapitalis.com\/tunisie\/2021\/02\/08\/a-propos-des-voyageurs-qui-pourraient-etre-exemptes-du-confinement-obligatoire-en-arrivant-en-tunisie\/"},"wordCount":230,"commentCount":6,"publisher":{"@id":"https:\/\/kapitalis.com\/tunisie\/#organization"},"image":{"@id":"https:\/\/kapitalis.com\/tunisie\/2021\/02\/08\/a-propos-des-voyageurs-qui-pourraient-etre-exemptes-du-confinement-obligatoire-en-arrivant-en-tunisie\/#primaryimage"},"thumbnailUrl":"http:\/\/kapitalis.com\/tunisie\/wp-content\/uploads\/2020\/05\/Mohamed-rabhi.jpg","keywords":["confinement","Coronavirus","Mohamed Rabhi","quarantaine","Sant\u00e9","Tunisie","voyageurs"],"articleSection":["SOCIETE","Tunisie"],"inLanguage":"fr-FR","potentialAction":[{"@type":"CommentAction","name":"Comment","target":["https:\/\/kapitalis.com\/tunisie\/2021\/02\/08\/a-propos-des-voyageurs-qui-pourraient-etre-exemptes-du-confinement-obligatoire-en-arrivant-en-tunisie\/#respond"]}]},{"@type":"WebPage","@id":"https:\/\/kapitalis.com\/tunisie\/2021\/02\/08\/a-propos-des-voyageurs-qui-pourraient-etre-exemptes-du-confinement-obligatoire-en-arrivant-en-tunisie\/","url":"https:\/\/kapitalis.com\/tunisie\/2021\/02\/08\/a-propos-des-voyageurs-qui-pourraient-etre-exemptes-du-confinement-obligatoire-en-arrivant-en-tunisie\/","name":"A propos des voyageurs qui pourraient \u00eatre exempt\u00e9s du confinement obligatoire en arrivant en Tunisie - Kapitalis","isPartOf":{"@id":"https:\/\/kapitalis.com\/tunisie\/#website"},"primaryImageOfPage":{"@id":"https:\/\/kapitalis.com\/tunisie\/2021\/02\/08\/a-propos-des-voyageurs-qui-pourraient-etre-exemptes-du-confinement-obligatoire-en-arrivant-en-tunisie\/#primaryimage"},"image":{"@id":"https:\/\/kapitalis.com\/tunisie\/2021\/02\/08\/a-propos-des-voyageurs-qui-pourraient-etre-exemptes-du-confinement-obligatoire-en-arrivant-en-tunisie\/#primaryimage"},"thumbnailUrl":"http:\/\/kapitalis.com\/tunisie\/wp-content\/uploads\/2020\/05\/Mohamed-rabhi.jpg","datePublished":"2021-02-08T13:01:41+00:00","dateModified":"2021-02-08T23:33:31+00:00","breadcrumb":{"@id":"https:\/\/kapitalis.com\/tunisie\/2021\/02\/08\/a-propos-des-voyageurs-qui-pourraient-etre-exemptes-du-confinement-obligatoire-en-arrivant-en-tunisie\/#breadcrumb"},"inLanguage":"fr-FR","potentialAction":[{"@type":"ReadAction","target":["https:\/\/kapitalis.com\/tunisie\/2021\/02\/08\/a-propos-des-voyageurs-qui-pourraient-etre-exemptes-du-confinement-obligatoire-en-arrivant-en-tunisie\/"]}]},{"@type":"ImageObject","inLanguage":"fr-FR","@id":"https:\/\/kapitalis.com\/tunisie\/2021\/02\/08\/a-propos-des-voyageurs-qui-pourraient-etre-exemptes-du-confinement-obligatoire-en-arrivant-en-tunisie\/#primaryimage","url":"","contentUrl":""},{"@type":"BreadcrumbList","@id":"https:\/\/kapitalis.com\/tunisie\/2021\/02\/08\/a-propos-des-voyageurs-qui-pourraient-etre-exemptes-du-confinement-obligatoire-en-arrivant-en-tunisie\/#breadcrumb","itemListElement":[{"@type":"ListItem","position":1,"name":"Accueil","item":"https:\/\/kapitalis.com\/tunisie\/"},{"@type":"ListItem","position":2,"name":"A propos des voyageurs qui pourraient \u00eatre exempt\u00e9s du confinement obligatoire en arrivant en Tunisie"}]},{"@type":"WebSite","@id":"https:\/\/kapitalis.com\/tunisie\/#website","url":"https:\/\/kapitalis.com\/tunisie\/","name":"Kapitalis","description":"L&#039;actualit\u00e9 en Tunisie et dans le monde","publisher":{"@id":"https:\/\/kapitalis.com\/tunisie\/#organization"},"potentialAction":[{"@type":"SearchAction","target":{"@type":"EntryPoint","urlTemplate":"https:\/\/kapitalis.com\/tunisie\/?s={search_term_string}"},"query-input":{"@type":"PropertyValueSpecification","valueRequired":true,"valueName":"search_term_string"}}],"inLanguage":"fr-FR"},{"@type":"Organization","@id":"https:\/\/kapitalis.com\/tunisie\/#organization","name":"Kapitalis","url":"https:\/\/kapitalis.com\/tunisie\/","logo":{"@type":"ImageObject","inLanguage":"fr-FR","@id":"https:\/\/kapitalis.com\/tunisie\/#\/schema\/logo\/image\/","url":"https:\/\/kapitalis.com\/tunisie\/wp-content\/uploads\/2022\/05\/Kapitalis-big-size.png","contentUrl":"https:\/\/kapitalis.com\/tunisie\/wp-content\/uploads\/2022\/05\/Kapitalis-big-size.png","width":5000,"height":1500,"caption":"Kapitalis"},"image":{"@id":"https:\/\/kapitalis.com\/tunisie\/#\/schema\/logo\/image\/"},"sameAs":["https:\/\/www.facebook.com\/KapitalisInfo\/","https:\/\/x.com\/KapitalisInfo","https:\/\/www.youtube.com\/channel\/UC-yDYrHyfFBWWZaOw3FPg9Q"]},{"@type":"Person","@id":"https:\/\/kapitalis.com\/tunisie\/#\/schema\/person\/74bbde0154d49d790a92aaeac5bc01d5","name":"Yusra NY","url":"https:\/\/kapitalis.com\/tunisie\/author\/yuza_adam\/"}]}},"_links":{"self":[{"href":"https:\/\/kapitalis.com\/tunisie\/wp-json\/wp\/v2\/posts\/335394","targetHints":{"allow":["GET"]}}],"collection":[{"href":"https:\/\/kapitalis.com\/tunisie\/wp-json\/wp\/v2\/posts"}],"about":[{"href":"https:\/\/kapitalis.com\/tunisie\/wp-json\/wp\/v2\/types\/post"}],"author":[{"embeddable":true,"href":"https:\/\/kapitalis.com\/tunisie\/wp-json\/wp\/v2\/users\/6"}],"replies":[{"embeddable":true,"href":"https:\/\/kapitalis.com\/tunisie\/wp-json\/wp\/v2\/comments?post=335394"}],"version-history":[{"count":0,"href":"https:\/\/kapitalis.com\/tunisie\/wp-json\/wp\/v2\/posts\/335394\/revisions"}],"wp:attachment":[{"href":"https:\/\/kapitalis.com\/tunisie\/wp-json\/wp\/v2\/media?parent=335394"}],"wp:term":[{"taxonomy":"category","embeddable":true,"href":"https:\/\/kapitalis.com\/tunisie\/wp-json\/wp\/v2\/categories?post=335394"},{"taxonomy":"post_tag","embeddable":true,"href":"https:\/\/kapitalis.com\/tunisie\/wp-json\/wp\/v2\/tags?post=335394"}],"curies":[{"name":"wp","href":"https:\/\/api.w.org\/{rel}","templated":true}]}}