{"id":335620,"date":"2021-02-09T17:04:30","date_gmt":"2021-02-09T16:04:30","guid":{"rendered":"http:\/\/kapitalis.com\/tunisie\/?p=335620"},"modified":"2021-02-09T17:04:32","modified_gmt":"2021-02-09T16:04:32","slug":"coronavirus-dhaker-lahidheb-preconise-le-maintien-du-couvre-feu","status":"publish","type":"post","link":"https:\/\/kapitalis.com\/tunisie\/2021\/02\/09\/coronavirus-dhaker-lahidheb-preconise-le-maintien-du-couvre-feu\/","title":{"rendered":"Coronavirus : Dhaker Lahidheb pr\u00e9conise le maintien du couvre-feu"},"content":{"rendered":"\n<figure class=\"wp-block-image size-large\"><img decoding=\"async\" src=\"http:\/\/kapitalis.com\/tunisie\/wp-content\/uploads\/2017\/10\/Dhaker-Lahidheb.jpg\" alt=\"\" class=\"wp-image-119644\"\/><\/figure>\n\n\n\n<p><em><strong>Malgr\u00e9 l&rsquo;am\u00e9lioration de la situation \u00e9pid\u00e9mique ces derniers jours, et l&rsquo;arriv\u00e9e imminente des premi\u00e8res doses du vaccin en Tunisie, le m\u00e9decin Dhaker Lahidheb, chirurgien cardiaque \u00e0 l\u2019h\u00f4pital militaire de Tunis, pr\u00e9conise le maintien du couvre-feu.<\/strong><\/em><\/p>\n\n\n\n<!--more-->\n\n\n\n<p>Dans une d\u00e9claration accord\u00e9e \u00e0 la radio nationale, il a assur\u00e9 que tout rel\u00e2chement li\u00e9 \u00e0 l\u2019application des mesures pr\u00e9ventives permettrait aussit\u00f4t au virus de se propager rapidement, rappelant qu&rsquo;au mois de janvier dernier, des chiffres records en termes des nouvelles contaminations ont \u00e9t\u00e9 enregistr\u00e9s, notamment \u00e0 cause des soir\u00e9es festives du r\u00e9veillon.<\/p>\n\n\n\n<p>Il a, par ailleurs, estim\u00e9 que la crise sanitaire pourrait \u00eatre r\u00e9solue au mois de juin prochain en cas d\u2019application du protocole de la campagne de vaccination mis en place par le minist\u00e8re de la Sant\u00e9. <\/p>\n\n\n\n<p>Selon lui, 1,5 millions de citoyens tunisiens, au minimum, dont particuli\u00e8rement les personnes \u00e2g\u00e9es, les personnes souffrant de maladies chroniques et le personnel de sant\u00e9, devraient se faire vacciner au cours du printemps prochain.<\/p>\n\n\n\n<p class=\"has-text-align-right\"><strong>C. B. Y.<\/strong><\/p>\n","protected":false},"excerpt":{"rendered":"<p>Malgr\u00e9 l&rsquo;am\u00e9lioration de la situation \u00e9pid\u00e9mique ces derniers jours, et l&rsquo;arriv\u00e9e imminente des premi\u00e8res doses du vaccin en Tunisie, le m\u00e9decin Dhaker Lahidheb, chirurgien cardiaque \u00e0 l\u2019h\u00f4pital militaire de Tunis, pr\u00e9conise le maintien du couvre-feu.<\/p>\n","protected":false},"author":24,"featured_media":0,"comment_status":"open","ping_status":"open","sticky":false,"template":"","format":"standard","meta":{"footnotes":""},"categories":[998,2433],"tags":[73060,83140],"class_list":["post-335620","post","type-post","status-publish","format-standard","hentry","category-societe","category-tunisie","tag-coronavirus","tag-dhaker-lahidheb"],"yoast_head":"<!-- This site is optimized with the Yoast SEO plugin v26.6 - https:\/\/yoast.com\/wordpress\/plugins\/seo\/ -->\n<title>Coronavirus : Dhaker Lahidheb pr\u00e9conise le maintien du couvre-feu - Kapitalis<\/title>\n<meta name=\"robots\" content=\"index, follow, max-snippet:-1, max-image-preview:large, max-video-preview:-1\" \/>\n<link rel=\"canonical\" href=\"https:\/\/kapitalis.com\/tunisie\/2021\/02\/09\/coronavirus-dhaker-lahidheb-preconise-le-maintien-du-couvre-feu\/\" \/>\n<meta property=\"og:locale\" content=\"fr_FR\" \/>\n<meta property=\"og:type\" content=\"article\" \/>\n<meta property=\"og:title\" content=\"Coronavirus : Dhaker Lahidheb pr\u00e9conise le maintien du couvre-feu - Kapitalis\" \/>\n<meta property=\"og:description\" content=\"Malgr\u00e9 l&rsquo;am\u00e9lioration de la situation \u00e9pid\u00e9mique ces derniers jours, et l&rsquo;arriv\u00e9e imminente des premi\u00e8res doses du vaccin en Tunisie, le m\u00e9decin Dhaker Lahidheb, chirurgien cardiaque \u00e0 l\u2019h\u00f4pital militaire de Tunis, pr\u00e9conise le maintien du couvre-feu.\" \/>\n<meta property=\"og:url\" content=\"https:\/\/kapitalis.com\/tunisie\/2021\/02\/09\/coronavirus-dhaker-lahidheb-preconise-le-maintien-du-couvre-feu\/\" \/>\n<meta property=\"og:site_name\" content=\"Kapitalis\" \/>\n<meta property=\"article:publisher\" content=\"https:\/\/www.facebook.com\/KapitalisInfo\/\" \/>\n<meta property=\"article:published_time\" content=\"2021-02-09T16:04:30+00:00\" \/>\n<meta property=\"article:modified_time\" content=\"2021-02-09T16:04:32+00:00\" \/>\n<meta property=\"og:image\" content=\"http:\/\/kapitalis.com\/tunisie\/wp-content\/uploads\/2017\/10\/Dhaker-Lahidheb.jpg\" \/>\n<meta name=\"author\" content=\"Cherif Benyounes\" \/>\n<meta name=\"twitter:card\" content=\"summary_large_image\" \/>\n<meta name=\"twitter:creator\" content=\"@KapitalisInfo\" \/>\n<meta name=\"twitter:site\" content=\"@KapitalisInfo\" \/>\n<meta name=\"twitter:label1\" content=\"\u00c9crit par\" \/>\n\t<meta name=\"twitter:data1\" content=\"Cherif Benyounes\" \/>\n\t<meta name=\"twitter:label2\" content=\"Dur\u00e9e de lecture estim\u00e9e\" \/>\n\t<meta name=\"twitter:data2\" content=\"1 minute\" \/>\n<script type=\"application\/ld+json\" class=\"yoast-schema-graph\">{\"@context\":\"https:\/\/schema.org\",\"@graph\":[{\"@type\":\"Article\",\"@id\":\"https:\/\/kapitalis.com\/tunisie\/2021\/02\/09\/coronavirus-dhaker-lahidheb-preconise-le-maintien-du-couvre-feu\/#article\",\"isPartOf\":{\"@id\":\"https:\/\/kapitalis.com\/tunisie\/2021\/02\/09\/coronavirus-dhaker-lahidheb-preconise-le-maintien-du-couvre-feu\/\"},\"author\":{\"name\":\"Cherif Benyounes\",\"@id\":\"https:\/\/kapitalis.com\/tunisie\/#\/schema\/person\/b35b8d631961131107263178aeb8019e\"},\"headline\":\"Coronavirus : Dhaker Lahidheb pr\u00e9conise le maintien du couvre-feu\",\"datePublished\":\"2021-02-09T16:04:30+00:00\",\"dateModified\":\"2021-02-09T16:04:32+00:00\",\"mainEntityOfPage\":{\"@id\":\"https:\/\/kapitalis.com\/tunisie\/2021\/02\/09\/coronavirus-dhaker-lahidheb-preconise-le-maintien-du-couvre-feu\/\"},\"wordCount\":187,\"commentCount\":2,\"publisher\":{\"@id\":\"https:\/\/kapitalis.com\/tunisie\/#organization\"},\"image\":{\"@id\":\"https:\/\/kapitalis.com\/tunisie\/2021\/02\/09\/coronavirus-dhaker-lahidheb-preconise-le-maintien-du-couvre-feu\/#primaryimage\"},\"thumbnailUrl\":\"http:\/\/kapitalis.com\/tunisie\/wp-content\/uploads\/2017\/10\/Dhaker-Lahidheb.jpg\",\"keywords\":[\"Coronavirus\",\"Dhaker Lahidheb\"],\"articleSection\":[\"SOCIETE\",\"Tunisie\"],\"inLanguage\":\"fr-FR\",\"potentialAction\":[{\"@type\":\"CommentAction\",\"name\":\"Comment\",\"target\":[\"https:\/\/kapitalis.com\/tunisie\/2021\/02\/09\/coronavirus-dhaker-lahidheb-preconise-le-maintien-du-couvre-feu\/#respond\"]}]},{\"@type\":\"WebPage\",\"@id\":\"https:\/\/kapitalis.com\/tunisie\/2021\/02\/09\/coronavirus-dhaker-lahidheb-preconise-le-maintien-du-couvre-feu\/\",\"url\":\"https:\/\/kapitalis.com\/tunisie\/2021\/02\/09\/coronavirus-dhaker-lahidheb-preconise-le-maintien-du-couvre-feu\/\",\"name\":\"Coronavirus : Dhaker Lahidheb pr\u00e9conise le maintien du couvre-feu - Kapitalis\",\"isPartOf\":{\"@id\":\"https:\/\/kapitalis.com\/tunisie\/#website\"},\"primaryImageOfPage\":{\"@id\":\"https:\/\/kapitalis.com\/tunisie\/2021\/02\/09\/coronavirus-dhaker-lahidheb-preconise-le-maintien-du-couvre-feu\/#primaryimage\"},\"image\":{\"@id\":\"https:\/\/kapitalis.com\/tunisie\/2021\/02\/09\/coronavirus-dhaker-lahidheb-preconise-le-maintien-du-couvre-feu\/#primaryimage\"},\"thumbnailUrl\":\"http:\/\/kapitalis.com\/tunisie\/wp-content\/uploads\/2017\/10\/Dhaker-Lahidheb.jpg\",\"datePublished\":\"2021-02-09T16:04:30+00:00\",\"dateModified\":\"2021-02-09T16:04:32+00:00\",\"breadcrumb\":{\"@id\":\"https:\/\/kapitalis.com\/tunisie\/2021\/02\/09\/coronavirus-dhaker-lahidheb-preconise-le-maintien-du-couvre-feu\/#breadcrumb\"},\"inLanguage\":\"fr-FR\",\"potentialAction\":[{\"@type\":\"ReadAction\",\"target\":[\"https:\/\/kapitalis.com\/tunisie\/2021\/02\/09\/coronavirus-dhaker-lahidheb-preconise-le-maintien-du-couvre-feu\/\"]}]},{\"@type\":\"ImageObject\",\"inLanguage\":\"fr-FR\",\"@id\":\"https:\/\/kapitalis.com\/tunisie\/2021\/02\/09\/coronavirus-dhaker-lahidheb-preconise-le-maintien-du-couvre-feu\/#primaryimage\",\"url\":\"http:\/\/kapitalis.com\/tunisie\/wp-content\/uploads\/2017\/10\/Dhaker-Lahidheb.jpg\",\"contentUrl\":\"http:\/\/kapitalis.com\/tunisie\/wp-content\/uploads\/2017\/10\/Dhaker-Lahidheb.jpg\"},{\"@type\":\"BreadcrumbList\",\"@id\":\"https:\/\/kapitalis.com\/tunisie\/2021\/02\/09\/coronavirus-dhaker-lahidheb-preconise-le-maintien-du-couvre-feu\/#breadcrumb\",\"itemListElement\":[{\"@type\":\"ListItem\",\"position\":1,\"name\":\"Accueil\",\"item\":\"https:\/\/kapitalis.com\/tunisie\/\"},{\"@type\":\"ListItem\",\"position\":2,\"name\":\"Coronavirus : Dhaker Lahidheb pr\u00e9conise le maintien du couvre-feu\"}]},{\"@type\":\"WebSite\",\"@id\":\"https:\/\/kapitalis.com\/tunisie\/#website\",\"url\":\"https:\/\/kapitalis.com\/tunisie\/\",\"name\":\"Kapitalis\",\"description\":\"L&#039;actualit\u00e9 en Tunisie et dans le monde\",\"publisher\":{\"@id\":\"https:\/\/kapitalis.com\/tunisie\/#organization\"},\"potentialAction\":[{\"@type\":\"SearchAction\",\"target\":{\"@type\":\"EntryPoint\",\"urlTemplate\":\"https:\/\/kapitalis.com\/tunisie\/?s={search_term_string}\"},\"query-input\":{\"@type\":\"PropertyValueSpecification\",\"valueRequired\":true,\"valueName\":\"search_term_string\"}}],\"inLanguage\":\"fr-FR\"},{\"@type\":\"Organization\",\"@id\":\"https:\/\/kapitalis.com\/tunisie\/#organization\",\"name\":\"Kapitalis\",\"url\":\"https:\/\/kapitalis.com\/tunisie\/\",\"logo\":{\"@type\":\"ImageObject\",\"inLanguage\":\"fr-FR\",\"@id\":\"https:\/\/kapitalis.com\/tunisie\/#\/schema\/logo\/image\/\",\"url\":\"https:\/\/kapitalis.com\/tunisie\/wp-content\/uploads\/2022\/05\/Kapitalis-big-size.png\",\"contentUrl\":\"https:\/\/kapitalis.com\/tunisie\/wp-content\/uploads\/2022\/05\/Kapitalis-big-size.png\",\"width\":5000,\"height\":1500,\"caption\":\"Kapitalis\"},\"image\":{\"@id\":\"https:\/\/kapitalis.com\/tunisie\/#\/schema\/logo\/image\/\"},\"sameAs\":[\"https:\/\/www.facebook.com\/KapitalisInfo\/\",\"https:\/\/x.com\/KapitalisInfo\",\"https:\/\/www.youtube.com\/channel\/UC-yDYrHyfFBWWZaOw3FPg9Q\"]},{\"@type\":\"Person\",\"@id\":\"https:\/\/kapitalis.com\/tunisie\/#\/schema\/person\/b35b8d631961131107263178aeb8019e\",\"name\":\"Cherif Benyounes\",\"url\":\"https:\/\/kapitalis.com\/tunisie\/author\/cherif\/\"}]}<\/script>\n<!-- \/ Yoast SEO plugin. -->","yoast_head_json":{"title":"Coronavirus : Dhaker Lahidheb pr\u00e9conise le maintien du couvre-feu - Kapitalis","robots":{"index":"index","follow":"follow","max-snippet":"max-snippet:-1","max-image-preview":"max-image-preview:large","max-video-preview":"max-video-preview:-1"},"canonical":"https:\/\/kapitalis.com\/tunisie\/2021\/02\/09\/coronavirus-dhaker-lahidheb-preconise-le-maintien-du-couvre-feu\/","og_locale":"fr_FR","og_type":"article","og_title":"Coronavirus : Dhaker Lahidheb pr\u00e9conise le maintien du couvre-feu - Kapitalis","og_description":"Malgr\u00e9 l&rsquo;am\u00e9lioration de la situation \u00e9pid\u00e9mique ces derniers jours, et l&rsquo;arriv\u00e9e imminente des premi\u00e8res doses du vaccin en Tunisie, le m\u00e9decin Dhaker Lahidheb, chirurgien cardiaque \u00e0 l\u2019h\u00f4pital militaire de Tunis, pr\u00e9conise le maintien du couvre-feu.","og_url":"https:\/\/kapitalis.com\/tunisie\/2021\/02\/09\/coronavirus-dhaker-lahidheb-preconise-le-maintien-du-couvre-feu\/","og_site_name":"Kapitalis","article_publisher":"https:\/\/www.facebook.com\/KapitalisInfo\/","article_published_time":"2021-02-09T16:04:30+00:00","article_modified_time":"2021-02-09T16:04:32+00:00","og_image":[{"url":"http:\/\/kapitalis.com\/tunisie\/wp-content\/uploads\/2017\/10\/Dhaker-Lahidheb.jpg","type":"","width":"","height":""}],"author":"Cherif Benyounes","twitter_card":"summary_large_image","twitter_creator":"@KapitalisInfo","twitter_site":"@KapitalisInfo","twitter_misc":{"\u00c9crit par":"Cherif Benyounes","Dur\u00e9e de lecture estim\u00e9e":"1 minute"},"schema":{"@context":"https:\/\/schema.org","@graph":[{"@type":"Article","@id":"https:\/\/kapitalis.com\/tunisie\/2021\/02\/09\/coronavirus-dhaker-lahidheb-preconise-le-maintien-du-couvre-feu\/#article","isPartOf":{"@id":"https:\/\/kapitalis.com\/tunisie\/2021\/02\/09\/coronavirus-dhaker-lahidheb-preconise-le-maintien-du-couvre-feu\/"},"author":{"name":"Cherif Benyounes","@id":"https:\/\/kapitalis.com\/tunisie\/#\/schema\/person\/b35b8d631961131107263178aeb8019e"},"headline":"Coronavirus : Dhaker Lahidheb pr\u00e9conise le maintien du couvre-feu","datePublished":"2021-02-09T16:04:30+00:00","dateModified":"2021-02-09T16:04:32+00:00","mainEntityOfPage":{"@id":"https:\/\/kapitalis.com\/tunisie\/2021\/02\/09\/coronavirus-dhaker-lahidheb-preconise-le-maintien-du-couvre-feu\/"},"wordCount":187,"commentCount":2,"publisher":{"@id":"https:\/\/kapitalis.com\/tunisie\/#organization"},"image":{"@id":"https:\/\/kapitalis.com\/tunisie\/2021\/02\/09\/coronavirus-dhaker-lahidheb-preconise-le-maintien-du-couvre-feu\/#primaryimage"},"thumbnailUrl":"http:\/\/kapitalis.com\/tunisie\/wp-content\/uploads\/2017\/10\/Dhaker-Lahidheb.jpg","keywords":["Coronavirus","Dhaker Lahidheb"],"articleSection":["SOCIETE","Tunisie"],"inLanguage":"fr-FR","potentialAction":[{"@type":"CommentAction","name":"Comment","target":["https:\/\/kapitalis.com\/tunisie\/2021\/02\/09\/coronavirus-dhaker-lahidheb-preconise-le-maintien-du-couvre-feu\/#respond"]}]},{"@type":"WebPage","@id":"https:\/\/kapitalis.com\/tunisie\/2021\/02\/09\/coronavirus-dhaker-lahidheb-preconise-le-maintien-du-couvre-feu\/","url":"https:\/\/kapitalis.com\/tunisie\/2021\/02\/09\/coronavirus-dhaker-lahidheb-preconise-le-maintien-du-couvre-feu\/","name":"Coronavirus : Dhaker Lahidheb pr\u00e9conise le maintien du couvre-feu - Kapitalis","isPartOf":{"@id":"https:\/\/kapitalis.com\/tunisie\/#website"},"primaryImageOfPage":{"@id":"https:\/\/kapitalis.com\/tunisie\/2021\/02\/09\/coronavirus-dhaker-lahidheb-preconise-le-maintien-du-couvre-feu\/#primaryimage"},"image":{"@id":"https:\/\/kapitalis.com\/tunisie\/2021\/02\/09\/coronavirus-dhaker-lahidheb-preconise-le-maintien-du-couvre-feu\/#primaryimage"},"thumbnailUrl":"http:\/\/kapitalis.com\/tunisie\/wp-content\/uploads\/2017\/10\/Dhaker-Lahidheb.jpg","datePublished":"2021-02-09T16:04:30+00:00","dateModified":"2021-02-09T16:04:32+00:00","breadcrumb":{"@id":"https:\/\/kapitalis.com\/tunisie\/2021\/02\/09\/coronavirus-dhaker-lahidheb-preconise-le-maintien-du-couvre-feu\/#breadcrumb"},"inLanguage":"fr-FR","potentialAction":[{"@type":"ReadAction","target":["https:\/\/kapitalis.com\/tunisie\/2021\/02\/09\/coronavirus-dhaker-lahidheb-preconise-le-maintien-du-couvre-feu\/"]}]},{"@type":"ImageObject","inLanguage":"fr-FR","@id":"https:\/\/kapitalis.com\/tunisie\/2021\/02\/09\/coronavirus-dhaker-lahidheb-preconise-le-maintien-du-couvre-feu\/#primaryimage","url":"http:\/\/kapitalis.com\/tunisie\/wp-content\/uploads\/2017\/10\/Dhaker-Lahidheb.jpg","contentUrl":"http:\/\/kapitalis.com\/tunisie\/wp-content\/uploads\/2017\/10\/Dhaker-Lahidheb.jpg"},{"@type":"BreadcrumbList","@id":"https:\/\/kapitalis.com\/tunisie\/2021\/02\/09\/coronavirus-dhaker-lahidheb-preconise-le-maintien-du-couvre-feu\/#breadcrumb","itemListElement":[{"@type":"ListItem","position":1,"name":"Accueil","item":"https:\/\/kapitalis.com\/tunisie\/"},{"@type":"ListItem","position":2,"name":"Coronavirus : Dhaker Lahidheb pr\u00e9conise le maintien du couvre-feu"}]},{"@type":"WebSite","@id":"https:\/\/kapitalis.com\/tunisie\/#website","url":"https:\/\/kapitalis.com\/tunisie\/","name":"Kapitalis","description":"L&#039;actualit\u00e9 en Tunisie et dans le monde","publisher":{"@id":"https:\/\/kapitalis.com\/tunisie\/#organization"},"potentialAction":[{"@type":"SearchAction","target":{"@type":"EntryPoint","urlTemplate":"https:\/\/kapitalis.com\/tunisie\/?s={search_term_string}"},"query-input":{"@type":"PropertyValueSpecification","valueRequired":true,"valueName":"search_term_string"}}],"inLanguage":"fr-FR"},{"@type":"Organization","@id":"https:\/\/kapitalis.com\/tunisie\/#organization","name":"Kapitalis","url":"https:\/\/kapitalis.com\/tunisie\/","logo":{"@type":"ImageObject","inLanguage":"fr-FR","@id":"https:\/\/kapitalis.com\/tunisie\/#\/schema\/logo\/image\/","url":"https:\/\/kapitalis.com\/tunisie\/wp-content\/uploads\/2022\/05\/Kapitalis-big-size.png","contentUrl":"https:\/\/kapitalis.com\/tunisie\/wp-content\/uploads\/2022\/05\/Kapitalis-big-size.png","width":5000,"height":1500,"caption":"Kapitalis"},"image":{"@id":"https:\/\/kapitalis.com\/tunisie\/#\/schema\/logo\/image\/"},"sameAs":["https:\/\/www.facebook.com\/KapitalisInfo\/","https:\/\/x.com\/KapitalisInfo","https:\/\/www.youtube.com\/channel\/UC-yDYrHyfFBWWZaOw3FPg9Q"]},{"@type":"Person","@id":"https:\/\/kapitalis.com\/tunisie\/#\/schema\/person\/b35b8d631961131107263178aeb8019e","name":"Cherif Benyounes","url":"https:\/\/kapitalis.com\/tunisie\/author\/cherif\/"}]}},"_links":{"self":[{"href":"https:\/\/kapitalis.com\/tunisie\/wp-json\/wp\/v2\/posts\/335620","targetHints":{"allow":["GET"]}}],"collection":[{"href":"https:\/\/kapitalis.com\/tunisie\/wp-json\/wp\/v2\/posts"}],"about":[{"href":"https:\/\/kapitalis.com\/tunisie\/wp-json\/wp\/v2\/types\/post"}],"author":[{"embeddable":true,"href":"https:\/\/kapitalis.com\/tunisie\/wp-json\/wp\/v2\/users\/24"}],"replies":[{"embeddable":true,"href":"https:\/\/kapitalis.com\/tunisie\/wp-json\/wp\/v2\/comments?post=335620"}],"version-history":[{"count":0,"href":"https:\/\/kapitalis.com\/tunisie\/wp-json\/wp\/v2\/posts\/335620\/revisions"}],"wp:attachment":[{"href":"https:\/\/kapitalis.com\/tunisie\/wp-json\/wp\/v2\/media?parent=335620"}],"wp:term":[{"taxonomy":"category","embeddable":true,"href":"https:\/\/kapitalis.com\/tunisie\/wp-json\/wp\/v2\/categories?post=335620"},{"taxonomy":"post_tag","embeddable":true,"href":"https:\/\/kapitalis.com\/tunisie\/wp-json\/wp\/v2\/tags?post=335620"}],"curies":[{"name":"wp","href":"https:\/\/api.w.org\/{rel}","templated":true}]}}