{"id":335765,"date":"2021-02-10T15:16:33","date_gmt":"2021-02-10T14:16:33","guid":{"rendered":"http:\/\/kapitalis.com\/tunisie\/?p=335765"},"modified":"2021-02-10T15:16:36","modified_gmt":"2021-02-10T14:16:36","slug":"blocage-lie-au-remaniement-ministeriel-la-solution-doit-etre-politique-selon-les-experts-en-droit-ayant-rencontre-mechichi","status":"publish","type":"post","link":"https:\/\/kapitalis.com\/tunisie\/2021\/02\/10\/blocage-lie-au-remaniement-ministeriel-la-solution-doit-etre-politique-selon-les-experts-en-droit-ayant-rencontre-mechichi\/","title":{"rendered":"Blocage li\u00e9 au remaniement minist\u00e9riel : La solution doit \u00eatre politique, selon les experts en droit ayant rencontr\u00e9 Mechichi"},"content":{"rendered":"\n<figure class=\"wp-block-image size-large\"><img decoding=\"async\" src=\"http:\/\/kapitalis.com\/tunisie\/wp-content\/uploads\/2021\/02\/Haykel-Ben-Mahfoudh.jpg\" alt=\"\" class=\"wp-image-335769\"\/><\/figure>\n\n\n\n<p><strong><em>Les experts en droit accueillis mercredi 10 f\u00e9vrier 2021 par le chef du gouvernement Hichem Mechichi ont \u00e9t\u00e9 unanimes sur le fait que la solution au blocage li\u00e9 au dernier remaniement minist\u00e9riel doit \u00eatre politique.<\/em><\/strong><\/p>\n\n\n\n<!--more-->\n\n\n\n<p>C&rsquo;est ce qu&rsquo;a fait savoir Haykel Ben Mahfoudh, professeur de droit \u00e0 la Facult\u00e9 des sciences juridiques, politiques et sociales de Tunis, dans une d\u00e9claration m\u00e9diatique donn\u00e9e \u00e0 l&rsquo;issue de la rencontre.<\/p>\n\n\n\n<p>Rappelons que Mechichi a sollicit\u00e9 les conseils de ces experts suite au refus du pr\u00e9sident de la r\u00e9publique, Ka\u00efs Sa\u00efed, d&rsquo;accueillir les nouveaux ministres qu&rsquo;il a d\u00e9sign\u00e9s car certains d&rsquo;entre eux sont soup\u00e7onn\u00e9s de corruption.<\/p>\n\n\n\n<p>Ben Mahfoudh a affirm\u00e9, au micro de Mosa\u00efque FM, que des solutions techniques sont possibles, mais que selon quelles ne garantiront pas la continuit\u00e9 de l\u2019\u00c9tat ni un rapport harmonieux entre les deux chefs du pouvoir ex\u00e9cutif en conflit, Sa\u00efed et Mechichi.<\/p>\n\n\n\n<p>Le juriste a ajout\u00e9 que lors de cette r\u00e9union, des options qui devraient assurer un niveau minimum de stabilit\u00e9 ont \u00e9t\u00e9 discut\u00e9es, soulignant que dans tous les cas, il n&rsquo;est pas possible de cr\u00e9er un pr\u00e9c\u00e9dent juridique qui s&rsquo;\u00e9carte du cadre constitutionnel, et que la m\u00e9diation et la poursuite des n\u00e9gociations ont \u00e9t\u00e9 propos\u00e9es  pour parvenir \u00e0 une solution ad\u00e9quate.<\/p>\n\n\n\n<p class=\"has-text-align-right\"><strong>C. B. Y.<\/strong><\/p>\n","protected":false},"excerpt":{"rendered":"<p>Les experts en droit accueillis mercredi 10 f\u00e9vrier 2021 par le chef du gouvernement Hichem Mechichi ont \u00e9t\u00e9 unanimes sur le fait que la solution au blocage li\u00e9 au dernier remaniement minist\u00e9riel doit \u00eatre politique.<\/p>\n","protected":false},"author":24,"featured_media":335769,"comment_status":"open","ping_status":"open","sticky":false,"template":"","format":"standard","meta":{"footnotes":""},"categories":[997,2433],"tags":[87358,74899,76012,7356],"class_list":["post-335765","post","type-post","status-publish","format-standard","has-post-thumbnail","hentry","category-politique","category-tunisie","tag-haykel-ben-mahfoudh","tag-hichem-mechichi","tag-kais-saied-2","tag-remaniement-ministeriel"],"yoast_head":"<!-- This site is optimized with the Yoast SEO plugin v26.6 - https:\/\/yoast.com\/wordpress\/plugins\/seo\/ -->\n<title>Blocage li\u00e9 au remaniement minist\u00e9riel : La solution doit \u00eatre politique, selon les experts en droit ayant rencontr\u00e9 Mechichi - Kapitalis<\/title>\n<meta name=\"robots\" content=\"index, follow, max-snippet:-1, max-image-preview:large, max-video-preview:-1\" \/>\n<link rel=\"canonical\" href=\"https:\/\/kapitalis.com\/tunisie\/2021\/02\/10\/blocage-lie-au-remaniement-ministeriel-la-solution-doit-etre-politique-selon-les-experts-en-droit-ayant-rencontre-mechichi\/\" \/>\n<meta property=\"og:locale\" content=\"fr_FR\" \/>\n<meta property=\"og:type\" content=\"article\" \/>\n<meta property=\"og:title\" content=\"Blocage li\u00e9 au remaniement minist\u00e9riel : La solution doit \u00eatre politique, selon les experts en droit ayant rencontr\u00e9 Mechichi - Kapitalis\" \/>\n<meta property=\"og:description\" content=\"Les experts en droit accueillis mercredi 10 f\u00e9vrier 2021 par le chef du gouvernement Hichem Mechichi ont \u00e9t\u00e9 unanimes sur le fait que la solution au blocage li\u00e9 au dernier remaniement minist\u00e9riel doit \u00eatre politique.\" \/>\n<meta property=\"og:url\" content=\"https:\/\/kapitalis.com\/tunisie\/2021\/02\/10\/blocage-lie-au-remaniement-ministeriel-la-solution-doit-etre-politique-selon-les-experts-en-droit-ayant-rencontre-mechichi\/\" \/>\n<meta property=\"og:site_name\" content=\"Kapitalis\" \/>\n<meta property=\"article:publisher\" content=\"https:\/\/www.facebook.com\/KapitalisInfo\/\" \/>\n<meta property=\"article:published_time\" content=\"2021-02-10T14:16:33+00:00\" \/>\n<meta property=\"article:modified_time\" content=\"2021-02-10T14:16:36+00:00\" \/>\n<meta property=\"og:image\" content=\"https:\/\/kapitalis.com\/tunisie\/wp-content\/uploads\/2022\/05\/kapitalis-logo-fb.png\" \/>\n\t<meta property=\"og:image:width\" content=\"1200\" \/>\n\t<meta property=\"og:image:height\" content=\"630\" \/>\n\t<meta property=\"og:image:type\" content=\"image\/png\" \/>\n<meta name=\"author\" content=\"Cherif Benyounes\" \/>\n<meta name=\"twitter:card\" content=\"summary_large_image\" \/>\n<meta name=\"twitter:creator\" content=\"@KapitalisInfo\" \/>\n<meta name=\"twitter:site\" content=\"@KapitalisInfo\" \/>\n<meta name=\"twitter:label1\" content=\"\u00c9crit par\" \/>\n\t<meta name=\"twitter:data1\" content=\"Cherif Benyounes\" \/>\n\t<meta name=\"twitter:label2\" content=\"Dur\u00e9e de lecture estim\u00e9e\" \/>\n\t<meta name=\"twitter:data2\" content=\"1 minute\" \/>\n<script type=\"application\/ld+json\" class=\"yoast-schema-graph\">{\"@context\":\"https:\/\/schema.org\",\"@graph\":[{\"@type\":\"Article\",\"@id\":\"https:\/\/kapitalis.com\/tunisie\/2021\/02\/10\/blocage-lie-au-remaniement-ministeriel-la-solution-doit-etre-politique-selon-les-experts-en-droit-ayant-rencontre-mechichi\/#article\",\"isPartOf\":{\"@id\":\"https:\/\/kapitalis.com\/tunisie\/2021\/02\/10\/blocage-lie-au-remaniement-ministeriel-la-solution-doit-etre-politique-selon-les-experts-en-droit-ayant-rencontre-mechichi\/\"},\"author\":{\"name\":\"Cherif Benyounes\",\"@id\":\"https:\/\/kapitalis.com\/tunisie\/#\/schema\/person\/b35b8d631961131107263178aeb8019e\"},\"headline\":\"Blocage li\u00e9 au remaniement minist\u00e9riel : La solution doit \u00eatre politique, selon les experts en droit ayant rencontr\u00e9 Mechichi\",\"datePublished\":\"2021-02-10T14:16:33+00:00\",\"dateModified\":\"2021-02-10T14:16:36+00:00\",\"mainEntityOfPage\":{\"@id\":\"https:\/\/kapitalis.com\/tunisie\/2021\/02\/10\/blocage-lie-au-remaniement-ministeriel-la-solution-doit-etre-politique-selon-les-experts-en-droit-ayant-rencontre-mechichi\/\"},\"wordCount\":248,\"commentCount\":2,\"publisher\":{\"@id\":\"https:\/\/kapitalis.com\/tunisie\/#organization\"},\"image\":{\"@id\":\"https:\/\/kapitalis.com\/tunisie\/2021\/02\/10\/blocage-lie-au-remaniement-ministeriel-la-solution-doit-etre-politique-selon-les-experts-en-droit-ayant-rencontre-mechichi\/#primaryimage\"},\"thumbnailUrl\":\"\",\"keywords\":[\"haykel ben mahfoudh\",\"Hichem Mechichi\",\"Ka\u00efs Sa\u00efed\",\"remaniement minist\u00e9riel\"],\"articleSection\":[\"POLITIQUE\",\"Tunisie\"],\"inLanguage\":\"fr-FR\",\"potentialAction\":[{\"@type\":\"CommentAction\",\"name\":\"Comment\",\"target\":[\"https:\/\/kapitalis.com\/tunisie\/2021\/02\/10\/blocage-lie-au-remaniement-ministeriel-la-solution-doit-etre-politique-selon-les-experts-en-droit-ayant-rencontre-mechichi\/#respond\"]}]},{\"@type\":\"WebPage\",\"@id\":\"https:\/\/kapitalis.com\/tunisie\/2021\/02\/10\/blocage-lie-au-remaniement-ministeriel-la-solution-doit-etre-politique-selon-les-experts-en-droit-ayant-rencontre-mechichi\/\",\"url\":\"https:\/\/kapitalis.com\/tunisie\/2021\/02\/10\/blocage-lie-au-remaniement-ministeriel-la-solution-doit-etre-politique-selon-les-experts-en-droit-ayant-rencontre-mechichi\/\",\"name\":\"Blocage li\u00e9 au remaniement minist\u00e9riel : La solution doit \u00eatre politique, selon les experts en droit ayant rencontr\u00e9 Mechichi - Kapitalis\",\"isPartOf\":{\"@id\":\"https:\/\/kapitalis.com\/tunisie\/#website\"},\"primaryImageOfPage\":{\"@id\":\"https:\/\/kapitalis.com\/tunisie\/2021\/02\/10\/blocage-lie-au-remaniement-ministeriel-la-solution-doit-etre-politique-selon-les-experts-en-droit-ayant-rencontre-mechichi\/#primaryimage\"},\"image\":{\"@id\":\"https:\/\/kapitalis.com\/tunisie\/2021\/02\/10\/blocage-lie-au-remaniement-ministeriel-la-solution-doit-etre-politique-selon-les-experts-en-droit-ayant-rencontre-mechichi\/#primaryimage\"},\"thumbnailUrl\":\"\",\"datePublished\":\"2021-02-10T14:16:33+00:00\",\"dateModified\":\"2021-02-10T14:16:36+00:00\",\"breadcrumb\":{\"@id\":\"https:\/\/kapitalis.com\/tunisie\/2021\/02\/10\/blocage-lie-au-remaniement-ministeriel-la-solution-doit-etre-politique-selon-les-experts-en-droit-ayant-rencontre-mechichi\/#breadcrumb\"},\"inLanguage\":\"fr-FR\",\"potentialAction\":[{\"@type\":\"ReadAction\",\"target\":[\"https:\/\/kapitalis.com\/tunisie\/2021\/02\/10\/blocage-lie-au-remaniement-ministeriel-la-solution-doit-etre-politique-selon-les-experts-en-droit-ayant-rencontre-mechichi\/\"]}]},{\"@type\":\"ImageObject\",\"inLanguage\":\"fr-FR\",\"@id\":\"https:\/\/kapitalis.com\/tunisie\/2021\/02\/10\/blocage-lie-au-remaniement-ministeriel-la-solution-doit-etre-politique-selon-les-experts-en-droit-ayant-rencontre-mechichi\/#primaryimage\",\"url\":\"\",\"contentUrl\":\"\"},{\"@type\":\"BreadcrumbList\",\"@id\":\"https:\/\/kapitalis.com\/tunisie\/2021\/02\/10\/blocage-lie-au-remaniement-ministeriel-la-solution-doit-etre-politique-selon-les-experts-en-droit-ayant-rencontre-mechichi\/#breadcrumb\",\"itemListElement\":[{\"@type\":\"ListItem\",\"position\":1,\"name\":\"Accueil\",\"item\":\"https:\/\/kapitalis.com\/tunisie\/\"},{\"@type\":\"ListItem\",\"position\":2,\"name\":\"Blocage li\u00e9 au remaniement minist\u00e9riel : La solution doit \u00eatre politique, selon les experts en droit ayant rencontr\u00e9 Mechichi\"}]},{\"@type\":\"WebSite\",\"@id\":\"https:\/\/kapitalis.com\/tunisie\/#website\",\"url\":\"https:\/\/kapitalis.com\/tunisie\/\",\"name\":\"Kapitalis\",\"description\":\"L&#039;actualit\u00e9 en Tunisie et dans le monde\",\"publisher\":{\"@id\":\"https:\/\/kapitalis.com\/tunisie\/#organization\"},\"potentialAction\":[{\"@type\":\"SearchAction\",\"target\":{\"@type\":\"EntryPoint\",\"urlTemplate\":\"https:\/\/kapitalis.com\/tunisie\/?s={search_term_string}\"},\"query-input\":{\"@type\":\"PropertyValueSpecification\",\"valueRequired\":true,\"valueName\":\"search_term_string\"}}],\"inLanguage\":\"fr-FR\"},{\"@type\":\"Organization\",\"@id\":\"https:\/\/kapitalis.com\/tunisie\/#organization\",\"name\":\"Kapitalis\",\"url\":\"https:\/\/kapitalis.com\/tunisie\/\",\"logo\":{\"@type\":\"ImageObject\",\"inLanguage\":\"fr-FR\",\"@id\":\"https:\/\/kapitalis.com\/tunisie\/#\/schema\/logo\/image\/\",\"url\":\"https:\/\/kapitalis.com\/tunisie\/wp-content\/uploads\/2022\/05\/Kapitalis-big-size.png\",\"contentUrl\":\"https:\/\/kapitalis.com\/tunisie\/wp-content\/uploads\/2022\/05\/Kapitalis-big-size.png\",\"width\":5000,\"height\":1500,\"caption\":\"Kapitalis\"},\"image\":{\"@id\":\"https:\/\/kapitalis.com\/tunisie\/#\/schema\/logo\/image\/\"},\"sameAs\":[\"https:\/\/www.facebook.com\/KapitalisInfo\/\",\"https:\/\/x.com\/KapitalisInfo\",\"https:\/\/www.youtube.com\/channel\/UC-yDYrHyfFBWWZaOw3FPg9Q\"]},{\"@type\":\"Person\",\"@id\":\"https:\/\/kapitalis.com\/tunisie\/#\/schema\/person\/b35b8d631961131107263178aeb8019e\",\"name\":\"Cherif Benyounes\",\"url\":\"https:\/\/kapitalis.com\/tunisie\/author\/cherif\/\"}]}<\/script>\n<!-- \/ Yoast SEO plugin. -->","yoast_head_json":{"title":"Blocage li\u00e9 au remaniement minist\u00e9riel : La solution doit \u00eatre politique, selon les experts en droit ayant rencontr\u00e9 Mechichi - Kapitalis","robots":{"index":"index","follow":"follow","max-snippet":"max-snippet:-1","max-image-preview":"max-image-preview:large","max-video-preview":"max-video-preview:-1"},"canonical":"https:\/\/kapitalis.com\/tunisie\/2021\/02\/10\/blocage-lie-au-remaniement-ministeriel-la-solution-doit-etre-politique-selon-les-experts-en-droit-ayant-rencontre-mechichi\/","og_locale":"fr_FR","og_type":"article","og_title":"Blocage li\u00e9 au remaniement minist\u00e9riel : La solution doit \u00eatre politique, selon les experts en droit ayant rencontr\u00e9 Mechichi - Kapitalis","og_description":"Les experts en droit accueillis mercredi 10 f\u00e9vrier 2021 par le chef du gouvernement Hichem Mechichi ont \u00e9t\u00e9 unanimes sur le fait que la solution au blocage li\u00e9 au dernier remaniement minist\u00e9riel doit \u00eatre politique.","og_url":"https:\/\/kapitalis.com\/tunisie\/2021\/02\/10\/blocage-lie-au-remaniement-ministeriel-la-solution-doit-etre-politique-selon-les-experts-en-droit-ayant-rencontre-mechichi\/","og_site_name":"Kapitalis","article_publisher":"https:\/\/www.facebook.com\/KapitalisInfo\/","article_published_time":"2021-02-10T14:16:33+00:00","article_modified_time":"2021-02-10T14:16:36+00:00","og_image":[{"width":1200,"height":630,"url":"https:\/\/kapitalis.com\/tunisie\/wp-content\/uploads\/2022\/05\/kapitalis-logo-fb.png","type":"image\/png"}],"author":"Cherif Benyounes","twitter_card":"summary_large_image","twitter_creator":"@KapitalisInfo","twitter_site":"@KapitalisInfo","twitter_misc":{"\u00c9crit par":"Cherif Benyounes","Dur\u00e9e de lecture estim\u00e9e":"1 minute"},"schema":{"@context":"https:\/\/schema.org","@graph":[{"@type":"Article","@id":"https:\/\/kapitalis.com\/tunisie\/2021\/02\/10\/blocage-lie-au-remaniement-ministeriel-la-solution-doit-etre-politique-selon-les-experts-en-droit-ayant-rencontre-mechichi\/#article","isPartOf":{"@id":"https:\/\/kapitalis.com\/tunisie\/2021\/02\/10\/blocage-lie-au-remaniement-ministeriel-la-solution-doit-etre-politique-selon-les-experts-en-droit-ayant-rencontre-mechichi\/"},"author":{"name":"Cherif Benyounes","@id":"https:\/\/kapitalis.com\/tunisie\/#\/schema\/person\/b35b8d631961131107263178aeb8019e"},"headline":"Blocage li\u00e9 au remaniement minist\u00e9riel : La solution doit \u00eatre politique, selon les experts en droit ayant rencontr\u00e9 Mechichi","datePublished":"2021-02-10T14:16:33+00:00","dateModified":"2021-02-10T14:16:36+00:00","mainEntityOfPage":{"@id":"https:\/\/kapitalis.com\/tunisie\/2021\/02\/10\/blocage-lie-au-remaniement-ministeriel-la-solution-doit-etre-politique-selon-les-experts-en-droit-ayant-rencontre-mechichi\/"},"wordCount":248,"commentCount":2,"publisher":{"@id":"https:\/\/kapitalis.com\/tunisie\/#organization"},"image":{"@id":"https:\/\/kapitalis.com\/tunisie\/2021\/02\/10\/blocage-lie-au-remaniement-ministeriel-la-solution-doit-etre-politique-selon-les-experts-en-droit-ayant-rencontre-mechichi\/#primaryimage"},"thumbnailUrl":"","keywords":["haykel ben mahfoudh","Hichem Mechichi","Ka\u00efs Sa\u00efed","remaniement minist\u00e9riel"],"articleSection":["POLITIQUE","Tunisie"],"inLanguage":"fr-FR","potentialAction":[{"@type":"CommentAction","name":"Comment","target":["https:\/\/kapitalis.com\/tunisie\/2021\/02\/10\/blocage-lie-au-remaniement-ministeriel-la-solution-doit-etre-politique-selon-les-experts-en-droit-ayant-rencontre-mechichi\/#respond"]}]},{"@type":"WebPage","@id":"https:\/\/kapitalis.com\/tunisie\/2021\/02\/10\/blocage-lie-au-remaniement-ministeriel-la-solution-doit-etre-politique-selon-les-experts-en-droit-ayant-rencontre-mechichi\/","url":"https:\/\/kapitalis.com\/tunisie\/2021\/02\/10\/blocage-lie-au-remaniement-ministeriel-la-solution-doit-etre-politique-selon-les-experts-en-droit-ayant-rencontre-mechichi\/","name":"Blocage li\u00e9 au remaniement minist\u00e9riel : La solution doit \u00eatre politique, selon les experts en droit ayant rencontr\u00e9 Mechichi - Kapitalis","isPartOf":{"@id":"https:\/\/kapitalis.com\/tunisie\/#website"},"primaryImageOfPage":{"@id":"https:\/\/kapitalis.com\/tunisie\/2021\/02\/10\/blocage-lie-au-remaniement-ministeriel-la-solution-doit-etre-politique-selon-les-experts-en-droit-ayant-rencontre-mechichi\/#primaryimage"},"image":{"@id":"https:\/\/kapitalis.com\/tunisie\/2021\/02\/10\/blocage-lie-au-remaniement-ministeriel-la-solution-doit-etre-politique-selon-les-experts-en-droit-ayant-rencontre-mechichi\/#primaryimage"},"thumbnailUrl":"","datePublished":"2021-02-10T14:16:33+00:00","dateModified":"2021-02-10T14:16:36+00:00","breadcrumb":{"@id":"https:\/\/kapitalis.com\/tunisie\/2021\/02\/10\/blocage-lie-au-remaniement-ministeriel-la-solution-doit-etre-politique-selon-les-experts-en-droit-ayant-rencontre-mechichi\/#breadcrumb"},"inLanguage":"fr-FR","potentialAction":[{"@type":"ReadAction","target":["https:\/\/kapitalis.com\/tunisie\/2021\/02\/10\/blocage-lie-au-remaniement-ministeriel-la-solution-doit-etre-politique-selon-les-experts-en-droit-ayant-rencontre-mechichi\/"]}]},{"@type":"ImageObject","inLanguage":"fr-FR","@id":"https:\/\/kapitalis.com\/tunisie\/2021\/02\/10\/blocage-lie-au-remaniement-ministeriel-la-solution-doit-etre-politique-selon-les-experts-en-droit-ayant-rencontre-mechichi\/#primaryimage","url":"","contentUrl":""},{"@type":"BreadcrumbList","@id":"https:\/\/kapitalis.com\/tunisie\/2021\/02\/10\/blocage-lie-au-remaniement-ministeriel-la-solution-doit-etre-politique-selon-les-experts-en-droit-ayant-rencontre-mechichi\/#breadcrumb","itemListElement":[{"@type":"ListItem","position":1,"name":"Accueil","item":"https:\/\/kapitalis.com\/tunisie\/"},{"@type":"ListItem","position":2,"name":"Blocage li\u00e9 au remaniement minist\u00e9riel : La solution doit \u00eatre politique, selon les experts en droit ayant rencontr\u00e9 Mechichi"}]},{"@type":"WebSite","@id":"https:\/\/kapitalis.com\/tunisie\/#website","url":"https:\/\/kapitalis.com\/tunisie\/","name":"Kapitalis","description":"L&#039;actualit\u00e9 en Tunisie et dans le monde","publisher":{"@id":"https:\/\/kapitalis.com\/tunisie\/#organization"},"potentialAction":[{"@type":"SearchAction","target":{"@type":"EntryPoint","urlTemplate":"https:\/\/kapitalis.com\/tunisie\/?s={search_term_string}"},"query-input":{"@type":"PropertyValueSpecification","valueRequired":true,"valueName":"search_term_string"}}],"inLanguage":"fr-FR"},{"@type":"Organization","@id":"https:\/\/kapitalis.com\/tunisie\/#organization","name":"Kapitalis","url":"https:\/\/kapitalis.com\/tunisie\/","logo":{"@type":"ImageObject","inLanguage":"fr-FR","@id":"https:\/\/kapitalis.com\/tunisie\/#\/schema\/logo\/image\/","url":"https:\/\/kapitalis.com\/tunisie\/wp-content\/uploads\/2022\/05\/Kapitalis-big-size.png","contentUrl":"https:\/\/kapitalis.com\/tunisie\/wp-content\/uploads\/2022\/05\/Kapitalis-big-size.png","width":5000,"height":1500,"caption":"Kapitalis"},"image":{"@id":"https:\/\/kapitalis.com\/tunisie\/#\/schema\/logo\/image\/"},"sameAs":["https:\/\/www.facebook.com\/KapitalisInfo\/","https:\/\/x.com\/KapitalisInfo","https:\/\/www.youtube.com\/channel\/UC-yDYrHyfFBWWZaOw3FPg9Q"]},{"@type":"Person","@id":"https:\/\/kapitalis.com\/tunisie\/#\/schema\/person\/b35b8d631961131107263178aeb8019e","name":"Cherif Benyounes","url":"https:\/\/kapitalis.com\/tunisie\/author\/cherif\/"}]}},"_links":{"self":[{"href":"https:\/\/kapitalis.com\/tunisie\/wp-json\/wp\/v2\/posts\/335765","targetHints":{"allow":["GET"]}}],"collection":[{"href":"https:\/\/kapitalis.com\/tunisie\/wp-json\/wp\/v2\/posts"}],"about":[{"href":"https:\/\/kapitalis.com\/tunisie\/wp-json\/wp\/v2\/types\/post"}],"author":[{"embeddable":true,"href":"https:\/\/kapitalis.com\/tunisie\/wp-json\/wp\/v2\/users\/24"}],"replies":[{"embeddable":true,"href":"https:\/\/kapitalis.com\/tunisie\/wp-json\/wp\/v2\/comments?post=335765"}],"version-history":[{"count":0,"href":"https:\/\/kapitalis.com\/tunisie\/wp-json\/wp\/v2\/posts\/335765\/revisions"}],"wp:featuredmedia":[{"embeddable":true,"href":"https:\/\/kapitalis.com\/tunisie\/wp-json\/wp\/v2\/media\/335769"}],"wp:attachment":[{"href":"https:\/\/kapitalis.com\/tunisie\/wp-json\/wp\/v2\/media?parent=335765"}],"wp:term":[{"taxonomy":"category","embeddable":true,"href":"https:\/\/kapitalis.com\/tunisie\/wp-json\/wp\/v2\/categories?post=335765"},{"taxonomy":"post_tag","embeddable":true,"href":"https:\/\/kapitalis.com\/tunisie\/wp-json\/wp\/v2\/tags?post=335765"}],"curies":[{"name":"wp","href":"https:\/\/api.w.org\/{rel}","templated":true}]}}