{"id":33583,"date":"2016-01-07T10:09:59","date_gmt":"2016-01-07T09:09:59","guid":{"rendered":"http:\/\/kapitalis.com\/tunisie\/?p=33583"},"modified":"2016-01-07T10:09:59","modified_gmt":"2016-01-07T09:09:59","slug":"agrumes-hausse-des-exportations-de-maltaises-sur-le-marche-francais","status":"publish","type":"post","link":"https:\/\/kapitalis.com\/tunisie\/2016\/01\/07\/agrumes-hausse-des-exportations-de-maltaises-sur-le-marche-francais\/","title":{"rendered":"Agrumes : Hausse des exportations de maltaises sur le march\u00e9 fran\u00e7ais"},"content":{"rendered":"<p><img loading=\"lazy\" decoding=\"async\" class=\"alignnone size-full wp-image-33584 aligncenter\" src=\"http:\/\/kapitalis.com\/tunisie\/wp-content\/uploads\/2016\/01\/Maltaise.jpg\" alt=\"Maltaise\" width=\"626\" height=\"380\" \/><\/p>\n<p><em><strong>Le coup d\u2019envoi de la saison d&rsquo;exportation des oranges maltaises vers le march\u00e9 fran\u00e7ais est pr\u00e9vu pour le 11 janvier 2016.<\/strong><\/em><\/p>\n<p><!--more--><\/p>\n<p>Au programme : l&rsquo;exportation de 25.000 tonnes d&rsquo;oranges, contre 23.200 tonnes au cours de la saison pr\u00e9c\u00e9dente.<br \/>\nLa premi\u00e8re op\u00e9ration portera sur 1.300 tonnes d\u2019agrumes, a affirm\u00e9 le directeur commercial au Groupement interprofessionnel des fruits (GIF), Samir Ben Slimane, pr\u00e9cisant que le march\u00e9 fran\u00e7ais accapare 90% des maltaises de Tunisie.<\/p>\n<p>Le responsable a indiqu\u00e9 que les quantit\u00e9s \u00e0 exporter ainsi que les recettes de la vente pour toute la saison d&rsquo;exportation, qui prendra fin en avril 2016, ont \u00e9t\u00e9 fix\u00e9es en coordination avec une quinzaine d\u2019exportateurs vers le march\u00e9 fran\u00e7ais. Il a \u00e9t\u00e9 \u00e9galement convenu de maintenir les m\u00eames tarifs de transport maritime.<\/p>\n<p>En d\u00e9pit de la r\u00e9gression de 12% de la production nationale des oranges maltaises (111.500 tonnes, contre 146.000 tonnes au cours de la saison pr\u00e9c\u00e9dente), une am\u00e9lioration a \u00e9t\u00e9 enregistr\u00e9e au niveau de la qualit\u00e9 et du calibre, qui a \u00e9volu\u00e9 de 50%, ce qui est \u00e0 m\u00eame de favoriser l&rsquo;augmentation des prix \u00e0 l&rsquo;exportation.<\/p>\n<p>En ce qui concerne la mise en place d&rsquo;une nouvelle strat\u00e9gie de diversification des march\u00e9s d&rsquo;export des oranges maltaises tunisiennes, un plan d&rsquo;action a \u00e9t\u00e9 adopt\u00e9 en vue de faciliter l&rsquo;acc\u00e8s au march\u00e9 russe et y commercialiser les diff\u00e9rentes vari\u00e9t\u00e9s d&rsquo;oranges, a indiqu\u00e9 M. Ben Slimane, notant que ce march\u00e9 pr\u00e9sente des potentialit\u00e9s d&rsquo;exportation importantes.<\/p>\n<p>La premi\u00e8re op\u00e9ration de commercialisation des oranges tunisiennes sur le march\u00e9 russe sera lanc\u00e9e au d\u00e9but du mois de f\u00e9vrier via le transport maritime, en passant, au cours d&rsquo;une premi\u00e8re \u00e9tape, par les ports de G\u00eanes et de Marseille.<\/p>\n<p>En seconde \u00e9tape, le produit sera achemin\u00e9 par voie terrestre dans le cadre d&rsquo;un voyage qui dure pr\u00e8s de 5 jours, a-t-il pr\u00e9cis\u00e9.<\/p>\n<p>Rappelons que l&rsquo;orange maltaise demi-sanguine est une vari\u00e9t\u00e9 d&rsquo;orange douce et semi-sanguine cultiv\u00e9e en Tunisie, sur la p\u00e9ninsule du cap Bon.<\/p>\n<p style=\"text-align: right;\"><strong>I. B.<\/strong> (avec Tap).<\/p>\n","protected":false},"excerpt":{"rendered":"<p>Le coup d\u2019envoi de la saison d&rsquo;exportation des oranges maltaises vers le march\u00e9 fran\u00e7ais est pr\u00e9vu pour le 11 janvier 2016.<\/p>\n","protected":false},"author":8,"featured_media":33584,"comment_status":"open","ping_status":"open","sticky":false,"template":"","format":"standard","meta":{"footnotes":""},"categories":[995,2433],"tags":[9081,365,395,681,796],"class_list":["post-33583","post","type-post","status-publish","format-standard","has-post-thumbnail","hentry","category-economie","category-tunisie","tag-agrumes","tag-exportations","tag-france","tag-orange","tag-russie"],"yoast_head":"<!-- This site is optimized with the Yoast SEO plugin v26.6 - https:\/\/yoast.com\/wordpress\/plugins\/seo\/ -->\n<title>Agrumes : Hausse des exportations de maltaises sur le march\u00e9 fran\u00e7ais - Kapitalis<\/title>\n<meta name=\"robots\" content=\"index, follow, max-snippet:-1, max-image-preview:large, max-video-preview:-1\" \/>\n<link rel=\"canonical\" href=\"https:\/\/kapitalis.com\/tunisie\/2016\/01\/07\/agrumes-hausse-des-exportations-de-maltaises-sur-le-marche-francais\/\" \/>\n<meta property=\"og:locale\" content=\"fr_FR\" \/>\n<meta property=\"og:type\" content=\"article\" \/>\n<meta property=\"og:title\" content=\"Agrumes : Hausse des exportations de maltaises sur le march\u00e9 fran\u00e7ais - Kapitalis\" \/>\n<meta property=\"og:description\" content=\"Le coup d\u2019envoi de la saison d&rsquo;exportation des oranges maltaises vers le march\u00e9 fran\u00e7ais est pr\u00e9vu pour le 11 janvier 2016.\" \/>\n<meta property=\"og:url\" content=\"https:\/\/kapitalis.com\/tunisie\/2016\/01\/07\/agrumes-hausse-des-exportations-de-maltaises-sur-le-marche-francais\/\" \/>\n<meta property=\"og:site_name\" content=\"Kapitalis\" \/>\n<meta property=\"article:publisher\" content=\"https:\/\/www.facebook.com\/KapitalisInfo\/\" \/>\n<meta property=\"article:published_time\" content=\"2016-01-07T09:09:59+00:00\" \/>\n<meta property=\"og:image\" content=\"https:\/\/kapitalis.com\/tunisie\/wp-content\/uploads\/2022\/05\/kapitalis-logo-fb.png\" \/>\n\t<meta property=\"og:image:width\" content=\"1200\" \/>\n\t<meta property=\"og:image:height\" content=\"630\" \/>\n\t<meta property=\"og:image:type\" content=\"image\/png\" \/>\n<meta name=\"author\" content=\"webmaster kapitalis\" \/>\n<meta name=\"twitter:card\" content=\"summary_large_image\" \/>\n<meta name=\"twitter:creator\" content=\"@KapitalisInfo\" \/>\n<meta name=\"twitter:site\" content=\"@KapitalisInfo\" \/>\n<meta name=\"twitter:label1\" content=\"\u00c9crit par\" \/>\n\t<meta name=\"twitter:data1\" content=\"webmaster kapitalis\" \/>\n\t<meta name=\"twitter:label2\" content=\"Dur\u00e9e de lecture estim\u00e9e\" \/>\n\t<meta name=\"twitter:data2\" content=\"2 minutes\" \/>\n<script type=\"application\/ld+json\" class=\"yoast-schema-graph\">{\"@context\":\"https:\/\/schema.org\",\"@graph\":[{\"@type\":\"Article\",\"@id\":\"https:\/\/kapitalis.com\/tunisie\/2016\/01\/07\/agrumes-hausse-des-exportations-de-maltaises-sur-le-marche-francais\/#article\",\"isPartOf\":{\"@id\":\"https:\/\/kapitalis.com\/tunisie\/2016\/01\/07\/agrumes-hausse-des-exportations-de-maltaises-sur-le-marche-francais\/\"},\"author\":{\"name\":\"webmaster kapitalis\",\"@id\":\"https:\/\/kapitalis.com\/tunisie\/#\/schema\/person\/d71f33a9ca44f7bad4698210b480c8e9\"},\"headline\":\"Agrumes : Hausse des exportations de maltaises sur le march\u00e9 fran\u00e7ais\",\"datePublished\":\"2016-01-07T09:09:59+00:00\",\"mainEntityOfPage\":{\"@id\":\"https:\/\/kapitalis.com\/tunisie\/2016\/01\/07\/agrumes-hausse-des-exportations-de-maltaises-sur-le-marche-francais\/\"},\"wordCount\":358,\"commentCount\":1,\"publisher\":{\"@id\":\"https:\/\/kapitalis.com\/tunisie\/#organization\"},\"image\":{\"@id\":\"https:\/\/kapitalis.com\/tunisie\/2016\/01\/07\/agrumes-hausse-des-exportations-de-maltaises-sur-le-marche-francais\/#primaryimage\"},\"thumbnailUrl\":\"\",\"keywords\":[\"agrumes\",\"exportations\",\"France\",\"Orange\",\"Russie\"],\"articleSection\":[\"ECONOMIE\",\"Tunisie\"],\"inLanguage\":\"fr-FR\",\"potentialAction\":[{\"@type\":\"CommentAction\",\"name\":\"Comment\",\"target\":[\"https:\/\/kapitalis.com\/tunisie\/2016\/01\/07\/agrumes-hausse-des-exportations-de-maltaises-sur-le-marche-francais\/#respond\"]}]},{\"@type\":\"WebPage\",\"@id\":\"https:\/\/kapitalis.com\/tunisie\/2016\/01\/07\/agrumes-hausse-des-exportations-de-maltaises-sur-le-marche-francais\/\",\"url\":\"https:\/\/kapitalis.com\/tunisie\/2016\/01\/07\/agrumes-hausse-des-exportations-de-maltaises-sur-le-marche-francais\/\",\"name\":\"Agrumes : Hausse des exportations de maltaises sur le march\u00e9 fran\u00e7ais - Kapitalis\",\"isPartOf\":{\"@id\":\"https:\/\/kapitalis.com\/tunisie\/#website\"},\"primaryImageOfPage\":{\"@id\":\"https:\/\/kapitalis.com\/tunisie\/2016\/01\/07\/agrumes-hausse-des-exportations-de-maltaises-sur-le-marche-francais\/#primaryimage\"},\"image\":{\"@id\":\"https:\/\/kapitalis.com\/tunisie\/2016\/01\/07\/agrumes-hausse-des-exportations-de-maltaises-sur-le-marche-francais\/#primaryimage\"},\"thumbnailUrl\":\"\",\"datePublished\":\"2016-01-07T09:09:59+00:00\",\"breadcrumb\":{\"@id\":\"https:\/\/kapitalis.com\/tunisie\/2016\/01\/07\/agrumes-hausse-des-exportations-de-maltaises-sur-le-marche-francais\/#breadcrumb\"},\"inLanguage\":\"fr-FR\",\"potentialAction\":[{\"@type\":\"ReadAction\",\"target\":[\"https:\/\/kapitalis.com\/tunisie\/2016\/01\/07\/agrumes-hausse-des-exportations-de-maltaises-sur-le-marche-francais\/\"]}]},{\"@type\":\"ImageObject\",\"inLanguage\":\"fr-FR\",\"@id\":\"https:\/\/kapitalis.com\/tunisie\/2016\/01\/07\/agrumes-hausse-des-exportations-de-maltaises-sur-le-marche-francais\/#primaryimage\",\"url\":\"\",\"contentUrl\":\"\"},{\"@type\":\"BreadcrumbList\",\"@id\":\"https:\/\/kapitalis.com\/tunisie\/2016\/01\/07\/agrumes-hausse-des-exportations-de-maltaises-sur-le-marche-francais\/#breadcrumb\",\"itemListElement\":[{\"@type\":\"ListItem\",\"position\":1,\"name\":\"Accueil\",\"item\":\"https:\/\/kapitalis.com\/tunisie\/\"},{\"@type\":\"ListItem\",\"position\":2,\"name\":\"Agrumes : Hausse des exportations de maltaises sur le march\u00e9 fran\u00e7ais\"}]},{\"@type\":\"WebSite\",\"@id\":\"https:\/\/kapitalis.com\/tunisie\/#website\",\"url\":\"https:\/\/kapitalis.com\/tunisie\/\",\"name\":\"Kapitalis\",\"description\":\"L&#039;actualit\u00e9 en Tunisie et dans le monde\",\"publisher\":{\"@id\":\"https:\/\/kapitalis.com\/tunisie\/#organization\"},\"potentialAction\":[{\"@type\":\"SearchAction\",\"target\":{\"@type\":\"EntryPoint\",\"urlTemplate\":\"https:\/\/kapitalis.com\/tunisie\/?s={search_term_string}\"},\"query-input\":{\"@type\":\"PropertyValueSpecification\",\"valueRequired\":true,\"valueName\":\"search_term_string\"}}],\"inLanguage\":\"fr-FR\"},{\"@type\":\"Organization\",\"@id\":\"https:\/\/kapitalis.com\/tunisie\/#organization\",\"name\":\"Kapitalis\",\"url\":\"https:\/\/kapitalis.com\/tunisie\/\",\"logo\":{\"@type\":\"ImageObject\",\"inLanguage\":\"fr-FR\",\"@id\":\"https:\/\/kapitalis.com\/tunisie\/#\/schema\/logo\/image\/\",\"url\":\"https:\/\/kapitalis.com\/tunisie\/wp-content\/uploads\/2022\/05\/Kapitalis-big-size.png\",\"contentUrl\":\"https:\/\/kapitalis.com\/tunisie\/wp-content\/uploads\/2022\/05\/Kapitalis-big-size.png\",\"width\":5000,\"height\":1500,\"caption\":\"Kapitalis\"},\"image\":{\"@id\":\"https:\/\/kapitalis.com\/tunisie\/#\/schema\/logo\/image\/\"},\"sameAs\":[\"https:\/\/www.facebook.com\/KapitalisInfo\/\",\"https:\/\/x.com\/KapitalisInfo\",\"https:\/\/www.youtube.com\/channel\/UC-yDYrHyfFBWWZaOw3FPg9Q\"]},{\"@type\":\"Person\",\"@id\":\"https:\/\/kapitalis.com\/tunisie\/#\/schema\/person\/d71f33a9ca44f7bad4698210b480c8e9\",\"name\":\"webmaster kapitalis\",\"url\":\"https:\/\/kapitalis.com\/tunisie\/author\/webmaster-kapitalis\/\"}]}<\/script>\n<!-- \/ Yoast SEO plugin. -->","yoast_head_json":{"title":"Agrumes : Hausse des exportations de maltaises sur le march\u00e9 fran\u00e7ais - Kapitalis","robots":{"index":"index","follow":"follow","max-snippet":"max-snippet:-1","max-image-preview":"max-image-preview:large","max-video-preview":"max-video-preview:-1"},"canonical":"https:\/\/kapitalis.com\/tunisie\/2016\/01\/07\/agrumes-hausse-des-exportations-de-maltaises-sur-le-marche-francais\/","og_locale":"fr_FR","og_type":"article","og_title":"Agrumes : Hausse des exportations de maltaises sur le march\u00e9 fran\u00e7ais - Kapitalis","og_description":"Le coup d\u2019envoi de la saison d&rsquo;exportation des oranges maltaises vers le march\u00e9 fran\u00e7ais est pr\u00e9vu pour le 11 janvier 2016.","og_url":"https:\/\/kapitalis.com\/tunisie\/2016\/01\/07\/agrumes-hausse-des-exportations-de-maltaises-sur-le-marche-francais\/","og_site_name":"Kapitalis","article_publisher":"https:\/\/www.facebook.com\/KapitalisInfo\/","article_published_time":"2016-01-07T09:09:59+00:00","og_image":[{"width":1200,"height":630,"url":"https:\/\/kapitalis.com\/tunisie\/wp-content\/uploads\/2022\/05\/kapitalis-logo-fb.png","type":"image\/png"}],"author":"webmaster kapitalis","twitter_card":"summary_large_image","twitter_creator":"@KapitalisInfo","twitter_site":"@KapitalisInfo","twitter_misc":{"\u00c9crit par":"webmaster kapitalis","Dur\u00e9e de lecture estim\u00e9e":"2 minutes"},"schema":{"@context":"https:\/\/schema.org","@graph":[{"@type":"Article","@id":"https:\/\/kapitalis.com\/tunisie\/2016\/01\/07\/agrumes-hausse-des-exportations-de-maltaises-sur-le-marche-francais\/#article","isPartOf":{"@id":"https:\/\/kapitalis.com\/tunisie\/2016\/01\/07\/agrumes-hausse-des-exportations-de-maltaises-sur-le-marche-francais\/"},"author":{"name":"webmaster kapitalis","@id":"https:\/\/kapitalis.com\/tunisie\/#\/schema\/person\/d71f33a9ca44f7bad4698210b480c8e9"},"headline":"Agrumes : Hausse des exportations de maltaises sur le march\u00e9 fran\u00e7ais","datePublished":"2016-01-07T09:09:59+00:00","mainEntityOfPage":{"@id":"https:\/\/kapitalis.com\/tunisie\/2016\/01\/07\/agrumes-hausse-des-exportations-de-maltaises-sur-le-marche-francais\/"},"wordCount":358,"commentCount":1,"publisher":{"@id":"https:\/\/kapitalis.com\/tunisie\/#organization"},"image":{"@id":"https:\/\/kapitalis.com\/tunisie\/2016\/01\/07\/agrumes-hausse-des-exportations-de-maltaises-sur-le-marche-francais\/#primaryimage"},"thumbnailUrl":"","keywords":["agrumes","exportations","France","Orange","Russie"],"articleSection":["ECONOMIE","Tunisie"],"inLanguage":"fr-FR","potentialAction":[{"@type":"CommentAction","name":"Comment","target":["https:\/\/kapitalis.com\/tunisie\/2016\/01\/07\/agrumes-hausse-des-exportations-de-maltaises-sur-le-marche-francais\/#respond"]}]},{"@type":"WebPage","@id":"https:\/\/kapitalis.com\/tunisie\/2016\/01\/07\/agrumes-hausse-des-exportations-de-maltaises-sur-le-marche-francais\/","url":"https:\/\/kapitalis.com\/tunisie\/2016\/01\/07\/agrumes-hausse-des-exportations-de-maltaises-sur-le-marche-francais\/","name":"Agrumes : Hausse des exportations de maltaises sur le march\u00e9 fran\u00e7ais - Kapitalis","isPartOf":{"@id":"https:\/\/kapitalis.com\/tunisie\/#website"},"primaryImageOfPage":{"@id":"https:\/\/kapitalis.com\/tunisie\/2016\/01\/07\/agrumes-hausse-des-exportations-de-maltaises-sur-le-marche-francais\/#primaryimage"},"image":{"@id":"https:\/\/kapitalis.com\/tunisie\/2016\/01\/07\/agrumes-hausse-des-exportations-de-maltaises-sur-le-marche-francais\/#primaryimage"},"thumbnailUrl":"","datePublished":"2016-01-07T09:09:59+00:00","breadcrumb":{"@id":"https:\/\/kapitalis.com\/tunisie\/2016\/01\/07\/agrumes-hausse-des-exportations-de-maltaises-sur-le-marche-francais\/#breadcrumb"},"inLanguage":"fr-FR","potentialAction":[{"@type":"ReadAction","target":["https:\/\/kapitalis.com\/tunisie\/2016\/01\/07\/agrumes-hausse-des-exportations-de-maltaises-sur-le-marche-francais\/"]}]},{"@type":"ImageObject","inLanguage":"fr-FR","@id":"https:\/\/kapitalis.com\/tunisie\/2016\/01\/07\/agrumes-hausse-des-exportations-de-maltaises-sur-le-marche-francais\/#primaryimage","url":"","contentUrl":""},{"@type":"BreadcrumbList","@id":"https:\/\/kapitalis.com\/tunisie\/2016\/01\/07\/agrumes-hausse-des-exportations-de-maltaises-sur-le-marche-francais\/#breadcrumb","itemListElement":[{"@type":"ListItem","position":1,"name":"Accueil","item":"https:\/\/kapitalis.com\/tunisie\/"},{"@type":"ListItem","position":2,"name":"Agrumes : Hausse des exportations de maltaises sur le march\u00e9 fran\u00e7ais"}]},{"@type":"WebSite","@id":"https:\/\/kapitalis.com\/tunisie\/#website","url":"https:\/\/kapitalis.com\/tunisie\/","name":"Kapitalis","description":"L&#039;actualit\u00e9 en Tunisie et dans le monde","publisher":{"@id":"https:\/\/kapitalis.com\/tunisie\/#organization"},"potentialAction":[{"@type":"SearchAction","target":{"@type":"EntryPoint","urlTemplate":"https:\/\/kapitalis.com\/tunisie\/?s={search_term_string}"},"query-input":{"@type":"PropertyValueSpecification","valueRequired":true,"valueName":"search_term_string"}}],"inLanguage":"fr-FR"},{"@type":"Organization","@id":"https:\/\/kapitalis.com\/tunisie\/#organization","name":"Kapitalis","url":"https:\/\/kapitalis.com\/tunisie\/","logo":{"@type":"ImageObject","inLanguage":"fr-FR","@id":"https:\/\/kapitalis.com\/tunisie\/#\/schema\/logo\/image\/","url":"https:\/\/kapitalis.com\/tunisie\/wp-content\/uploads\/2022\/05\/Kapitalis-big-size.png","contentUrl":"https:\/\/kapitalis.com\/tunisie\/wp-content\/uploads\/2022\/05\/Kapitalis-big-size.png","width":5000,"height":1500,"caption":"Kapitalis"},"image":{"@id":"https:\/\/kapitalis.com\/tunisie\/#\/schema\/logo\/image\/"},"sameAs":["https:\/\/www.facebook.com\/KapitalisInfo\/","https:\/\/x.com\/KapitalisInfo","https:\/\/www.youtube.com\/channel\/UC-yDYrHyfFBWWZaOw3FPg9Q"]},{"@type":"Person","@id":"https:\/\/kapitalis.com\/tunisie\/#\/schema\/person\/d71f33a9ca44f7bad4698210b480c8e9","name":"webmaster kapitalis","url":"https:\/\/kapitalis.com\/tunisie\/author\/webmaster-kapitalis\/"}]}},"_links":{"self":[{"href":"https:\/\/kapitalis.com\/tunisie\/wp-json\/wp\/v2\/posts\/33583","targetHints":{"allow":["GET"]}}],"collection":[{"href":"https:\/\/kapitalis.com\/tunisie\/wp-json\/wp\/v2\/posts"}],"about":[{"href":"https:\/\/kapitalis.com\/tunisie\/wp-json\/wp\/v2\/types\/post"}],"author":[{"embeddable":true,"href":"https:\/\/kapitalis.com\/tunisie\/wp-json\/wp\/v2\/users\/8"}],"replies":[{"embeddable":true,"href":"https:\/\/kapitalis.com\/tunisie\/wp-json\/wp\/v2\/comments?post=33583"}],"version-history":[{"count":0,"href":"https:\/\/kapitalis.com\/tunisie\/wp-json\/wp\/v2\/posts\/33583\/revisions"}],"wp:featuredmedia":[{"embeddable":true,"href":"https:\/\/kapitalis.com\/tunisie\/wp-json\/wp\/v2\/media\/33584"}],"wp:attachment":[{"href":"https:\/\/kapitalis.com\/tunisie\/wp-json\/wp\/v2\/media?parent=33583"}],"wp:term":[{"taxonomy":"category","embeddable":true,"href":"https:\/\/kapitalis.com\/tunisie\/wp-json\/wp\/v2\/categories?post=33583"},{"taxonomy":"post_tag","embeddable":true,"href":"https:\/\/kapitalis.com\/tunisie\/wp-json\/wp\/v2\/tags?post=33583"}],"curies":[{"name":"wp","href":"https:\/\/api.w.org\/{rel}","templated":true}]}}