{"id":335902,"date":"2021-02-11T15:53:11","date_gmt":"2021-02-11T14:53:11","guid":{"rendered":"http:\/\/kapitalis.com\/tunisie\/?p=335902"},"modified":"2021-02-11T15:53:31","modified_gmt":"2021-02-11T14:53:31","slug":"arp-adoption-du-projet-de-reglementant-le-travail-domestique","status":"publish","type":"post","link":"https:\/\/kapitalis.com\/tunisie\/2021\/02\/11\/arp-adoption-du-projet-de-reglementant-le-travail-domestique\/","title":{"rendered":"ARP : Adoption du projet de loi r\u00e8glementant le travail domestique"},"content":{"rendered":"\n<figure class=\"wp-block-image size-large\"><img decoding=\"async\" src=\"http:\/\/kapitalis.com\/tunisie\/wp-content\/uploads\/2020\/03\/aide-m\u00e9nag\u00e8re.jpg\" alt=\"\" class=\"wp-image-285930\"\/><\/figure>\n\n\n\n<p><em><strong>La commission parlementaire de la jeunesse, des affaires culturelles et de l\u2019\u00e9ducation a adopt\u00e9, jeudi 11 f\u00e9vrier 2021, le projet de loi relatif \u00e0 l\u2019emploi domestique. Celui-ci sera donc prochainement discut\u00e9 et vot\u00e9 par l&rsquo;Assembl\u00e9e des repr\u00e9sentants du peuple (ARP) lors d&rsquo;une session pl\u00e9ni\u00e8re.<\/strong><\/em><\/p>\n\n\n\n<!--more-->\n\n\n\n<p>Ce projet de loi, qui a \u00e9t\u00e9 propos\u00e9, le 29 janvier dernier, par la ministre de \u00a0la Femme, de la Famille et des Personnes \u00e2g\u00e9es, Imene Zahouani, lors de son audition devant cette m\u00eame commission, vise \u00e0 fournir un cadre l\u00e9gal aux aide-m\u00e9nag\u00e8res, entre autres, et de leur garantir une couverture sociale et un salaire sup\u00e9rieur au salaire minimum interprofessionnel\u00a0garanti (smig).<\/p>\n\n\n\n<p>Le texte adopt\u00e9 fixe \u00e9galement les conditions d\u2019embauche des employ\u00e9s de maison, leurs engagements et ceux de l\u2019employeur, ainsi que les m\u00e9canismes de contr\u00f4le, d\u2019inspection et les sanctions pr\u00e9vues en cas de transgression de l&rsquo;\u00e9ventuelle loi, \u00e0 savoir des peines pouvant aller jusqu\u2019\u00e0 3 mois de prison et 3.000 dinars d&rsquo;amende.<\/p>\n\n\n\n<p class=\"has-text-align-right\"><strong>C. B. Y.<\/strong><\/p>\n","protected":false},"excerpt":{"rendered":"<p>La commission parlementaire de la jeunesse, des affaires culturelles et de l\u2019\u00e9ducation a adopt\u00e9, jeudi 11 f\u00e9vrier 2021, le projet de loi relatif \u00e0 l\u2019emploi domestique. Celui-ci sera donc prochainement discut\u00e9 et vot\u00e9 par l&rsquo;Assembl\u00e9e des repr\u00e9sentants du peuple (ARP) lors d&rsquo;une session pl\u00e9ni\u00e8re.<\/p>\n","protected":false},"author":24,"featured_media":0,"comment_status":"open","ping_status":"open","sticky":false,"template":"","format":"standard","meta":{"footnotes":""},"categories":[998,2433],"tags":[87397,87396],"class_list":["post-335902","post","type-post","status-publish","format-standard","hentry","category-societe","category-tunisie","tag-imene-zahouani","tag-projet-de-reglementant-le-travail-domestique"],"yoast_head":"<!-- This site is optimized with the Yoast SEO plugin v26.6 - https:\/\/yoast.com\/wordpress\/plugins\/seo\/ -->\n<title>ARP : Adoption du projet de loi r\u00e8glementant le travail domestique - Kapitalis<\/title>\n<meta name=\"robots\" content=\"index, follow, max-snippet:-1, max-image-preview:large, max-video-preview:-1\" \/>\n<link rel=\"canonical\" href=\"https:\/\/kapitalis.com\/tunisie\/2021\/02\/11\/arp-adoption-du-projet-de-reglementant-le-travail-domestique\/\" \/>\n<meta property=\"og:locale\" content=\"fr_FR\" \/>\n<meta property=\"og:type\" content=\"article\" \/>\n<meta property=\"og:title\" content=\"ARP : Adoption du projet de loi r\u00e8glementant le travail domestique - Kapitalis\" \/>\n<meta property=\"og:description\" content=\"La commission parlementaire de la jeunesse, des affaires culturelles et de l\u2019\u00e9ducation a adopt\u00e9, jeudi 11 f\u00e9vrier 2021, le projet de loi relatif \u00e0 l\u2019emploi domestique. Celui-ci sera donc prochainement discut\u00e9 et vot\u00e9 par l&rsquo;Assembl\u00e9e des repr\u00e9sentants du peuple (ARP) lors d&rsquo;une session pl\u00e9ni\u00e8re.\" \/>\n<meta property=\"og:url\" content=\"https:\/\/kapitalis.com\/tunisie\/2021\/02\/11\/arp-adoption-du-projet-de-reglementant-le-travail-domestique\/\" \/>\n<meta property=\"og:site_name\" content=\"Kapitalis\" \/>\n<meta property=\"article:publisher\" content=\"https:\/\/www.facebook.com\/KapitalisInfo\/\" \/>\n<meta property=\"article:published_time\" content=\"2021-02-11T14:53:11+00:00\" \/>\n<meta property=\"article:modified_time\" content=\"2021-02-11T14:53:31+00:00\" \/>\n<meta property=\"og:image\" content=\"https:\/\/kapitalis.com\/tunisie\/wp-content\/uploads\/2022\/05\/kapitalis-logo-fb.png\" \/>\n\t<meta property=\"og:image:width\" content=\"1200\" \/>\n\t<meta property=\"og:image:height\" content=\"630\" \/>\n\t<meta property=\"og:image:type\" content=\"image\/png\" \/>\n<meta name=\"author\" content=\"Cherif Benyounes\" \/>\n<meta name=\"twitter:card\" content=\"summary_large_image\" \/>\n<meta name=\"twitter:creator\" content=\"@KapitalisInfo\" \/>\n<meta name=\"twitter:site\" content=\"@KapitalisInfo\" \/>\n<meta name=\"twitter:label1\" content=\"\u00c9crit par\" \/>\n\t<meta name=\"twitter:data1\" content=\"Cherif Benyounes\" \/>\n\t<meta name=\"twitter:label2\" content=\"Dur\u00e9e de lecture estim\u00e9e\" \/>\n\t<meta name=\"twitter:data2\" content=\"1 minute\" \/>\n<script type=\"application\/ld+json\" class=\"yoast-schema-graph\">{\"@context\":\"https:\/\/schema.org\",\"@graph\":[{\"@type\":\"Article\",\"@id\":\"https:\/\/kapitalis.com\/tunisie\/2021\/02\/11\/arp-adoption-du-projet-de-reglementant-le-travail-domestique\/#article\",\"isPartOf\":{\"@id\":\"https:\/\/kapitalis.com\/tunisie\/2021\/02\/11\/arp-adoption-du-projet-de-reglementant-le-travail-domestique\/\"},\"author\":{\"name\":\"Cherif Benyounes\",\"@id\":\"https:\/\/kapitalis.com\/tunisie\/#\/schema\/person\/b35b8d631961131107263178aeb8019e\"},\"headline\":\"ARP : Adoption du projet de loi r\u00e8glementant le travail domestique\",\"datePublished\":\"2021-02-11T14:53:11+00:00\",\"dateModified\":\"2021-02-11T14:53:31+00:00\",\"mainEntityOfPage\":{\"@id\":\"https:\/\/kapitalis.com\/tunisie\/2021\/02\/11\/arp-adoption-du-projet-de-reglementant-le-travail-domestique\/\"},\"wordCount\":184,\"commentCount\":0,\"publisher\":{\"@id\":\"https:\/\/kapitalis.com\/tunisie\/#organization\"},\"keywords\":[\"Imene Zahouani\",\"projet de r\u00e8glementant le travail domestique\"],\"articleSection\":[\"SOCIETE\",\"Tunisie\"],\"inLanguage\":\"fr-FR\",\"potentialAction\":[{\"@type\":\"CommentAction\",\"name\":\"Comment\",\"target\":[\"https:\/\/kapitalis.com\/tunisie\/2021\/02\/11\/arp-adoption-du-projet-de-reglementant-le-travail-domestique\/#respond\"]}]},{\"@type\":\"WebPage\",\"@id\":\"https:\/\/kapitalis.com\/tunisie\/2021\/02\/11\/arp-adoption-du-projet-de-reglementant-le-travail-domestique\/\",\"url\":\"https:\/\/kapitalis.com\/tunisie\/2021\/02\/11\/arp-adoption-du-projet-de-reglementant-le-travail-domestique\/\",\"name\":\"ARP : Adoption du projet de loi r\u00e8glementant le travail domestique - Kapitalis\",\"isPartOf\":{\"@id\":\"https:\/\/kapitalis.com\/tunisie\/#website\"},\"datePublished\":\"2021-02-11T14:53:11+00:00\",\"dateModified\":\"2021-02-11T14:53:31+00:00\",\"breadcrumb\":{\"@id\":\"https:\/\/kapitalis.com\/tunisie\/2021\/02\/11\/arp-adoption-du-projet-de-reglementant-le-travail-domestique\/#breadcrumb\"},\"inLanguage\":\"fr-FR\",\"potentialAction\":[{\"@type\":\"ReadAction\",\"target\":[\"https:\/\/kapitalis.com\/tunisie\/2021\/02\/11\/arp-adoption-du-projet-de-reglementant-le-travail-domestique\/\"]}]},{\"@type\":\"BreadcrumbList\",\"@id\":\"https:\/\/kapitalis.com\/tunisie\/2021\/02\/11\/arp-adoption-du-projet-de-reglementant-le-travail-domestique\/#breadcrumb\",\"itemListElement\":[{\"@type\":\"ListItem\",\"position\":1,\"name\":\"Accueil\",\"item\":\"https:\/\/kapitalis.com\/tunisie\/\"},{\"@type\":\"ListItem\",\"position\":2,\"name\":\"ARP : Adoption du projet de loi r\u00e8glementant le travail domestique\"}]},{\"@type\":\"WebSite\",\"@id\":\"https:\/\/kapitalis.com\/tunisie\/#website\",\"url\":\"https:\/\/kapitalis.com\/tunisie\/\",\"name\":\"Kapitalis\",\"description\":\"L&#039;actualit\u00e9 en Tunisie et dans le monde\",\"publisher\":{\"@id\":\"https:\/\/kapitalis.com\/tunisie\/#organization\"},\"potentialAction\":[{\"@type\":\"SearchAction\",\"target\":{\"@type\":\"EntryPoint\",\"urlTemplate\":\"https:\/\/kapitalis.com\/tunisie\/?s={search_term_string}\"},\"query-input\":{\"@type\":\"PropertyValueSpecification\",\"valueRequired\":true,\"valueName\":\"search_term_string\"}}],\"inLanguage\":\"fr-FR\"},{\"@type\":\"Organization\",\"@id\":\"https:\/\/kapitalis.com\/tunisie\/#organization\",\"name\":\"Kapitalis\",\"url\":\"https:\/\/kapitalis.com\/tunisie\/\",\"logo\":{\"@type\":\"ImageObject\",\"inLanguage\":\"fr-FR\",\"@id\":\"https:\/\/kapitalis.com\/tunisie\/#\/schema\/logo\/image\/\",\"url\":\"https:\/\/kapitalis.com\/tunisie\/wp-content\/uploads\/2022\/05\/Kapitalis-big-size.png\",\"contentUrl\":\"https:\/\/kapitalis.com\/tunisie\/wp-content\/uploads\/2022\/05\/Kapitalis-big-size.png\",\"width\":5000,\"height\":1500,\"caption\":\"Kapitalis\"},\"image\":{\"@id\":\"https:\/\/kapitalis.com\/tunisie\/#\/schema\/logo\/image\/\"},\"sameAs\":[\"https:\/\/www.facebook.com\/KapitalisInfo\/\",\"https:\/\/x.com\/KapitalisInfo\",\"https:\/\/www.youtube.com\/channel\/UC-yDYrHyfFBWWZaOw3FPg9Q\"]},{\"@type\":\"Person\",\"@id\":\"https:\/\/kapitalis.com\/tunisie\/#\/schema\/person\/b35b8d631961131107263178aeb8019e\",\"name\":\"Cherif Benyounes\",\"url\":\"https:\/\/kapitalis.com\/tunisie\/author\/cherif\/\"}]}<\/script>\n<!-- \/ Yoast SEO plugin. -->","yoast_head_json":{"title":"ARP : Adoption du projet de loi r\u00e8glementant le travail domestique - Kapitalis","robots":{"index":"index","follow":"follow","max-snippet":"max-snippet:-1","max-image-preview":"max-image-preview:large","max-video-preview":"max-video-preview:-1"},"canonical":"https:\/\/kapitalis.com\/tunisie\/2021\/02\/11\/arp-adoption-du-projet-de-reglementant-le-travail-domestique\/","og_locale":"fr_FR","og_type":"article","og_title":"ARP : Adoption du projet de loi r\u00e8glementant le travail domestique - Kapitalis","og_description":"La commission parlementaire de la jeunesse, des affaires culturelles et de l\u2019\u00e9ducation a adopt\u00e9, jeudi 11 f\u00e9vrier 2021, le projet de loi relatif \u00e0 l\u2019emploi domestique. Celui-ci sera donc prochainement discut\u00e9 et vot\u00e9 par l&rsquo;Assembl\u00e9e des repr\u00e9sentants du peuple (ARP) lors d&rsquo;une session pl\u00e9ni\u00e8re.","og_url":"https:\/\/kapitalis.com\/tunisie\/2021\/02\/11\/arp-adoption-du-projet-de-reglementant-le-travail-domestique\/","og_site_name":"Kapitalis","article_publisher":"https:\/\/www.facebook.com\/KapitalisInfo\/","article_published_time":"2021-02-11T14:53:11+00:00","article_modified_time":"2021-02-11T14:53:31+00:00","og_image":[{"width":1200,"height":630,"url":"https:\/\/kapitalis.com\/tunisie\/wp-content\/uploads\/2022\/05\/kapitalis-logo-fb.png","type":"image\/png"}],"author":"Cherif Benyounes","twitter_card":"summary_large_image","twitter_creator":"@KapitalisInfo","twitter_site":"@KapitalisInfo","twitter_misc":{"\u00c9crit par":"Cherif Benyounes","Dur\u00e9e de lecture estim\u00e9e":"1 minute"},"schema":{"@context":"https:\/\/schema.org","@graph":[{"@type":"Article","@id":"https:\/\/kapitalis.com\/tunisie\/2021\/02\/11\/arp-adoption-du-projet-de-reglementant-le-travail-domestique\/#article","isPartOf":{"@id":"https:\/\/kapitalis.com\/tunisie\/2021\/02\/11\/arp-adoption-du-projet-de-reglementant-le-travail-domestique\/"},"author":{"name":"Cherif Benyounes","@id":"https:\/\/kapitalis.com\/tunisie\/#\/schema\/person\/b35b8d631961131107263178aeb8019e"},"headline":"ARP : Adoption du projet de loi r\u00e8glementant le travail domestique","datePublished":"2021-02-11T14:53:11+00:00","dateModified":"2021-02-11T14:53:31+00:00","mainEntityOfPage":{"@id":"https:\/\/kapitalis.com\/tunisie\/2021\/02\/11\/arp-adoption-du-projet-de-reglementant-le-travail-domestique\/"},"wordCount":184,"commentCount":0,"publisher":{"@id":"https:\/\/kapitalis.com\/tunisie\/#organization"},"keywords":["Imene Zahouani","projet de r\u00e8glementant le travail domestique"],"articleSection":["SOCIETE","Tunisie"],"inLanguage":"fr-FR","potentialAction":[{"@type":"CommentAction","name":"Comment","target":["https:\/\/kapitalis.com\/tunisie\/2021\/02\/11\/arp-adoption-du-projet-de-reglementant-le-travail-domestique\/#respond"]}]},{"@type":"WebPage","@id":"https:\/\/kapitalis.com\/tunisie\/2021\/02\/11\/arp-adoption-du-projet-de-reglementant-le-travail-domestique\/","url":"https:\/\/kapitalis.com\/tunisie\/2021\/02\/11\/arp-adoption-du-projet-de-reglementant-le-travail-domestique\/","name":"ARP : Adoption du projet de loi r\u00e8glementant le travail domestique - Kapitalis","isPartOf":{"@id":"https:\/\/kapitalis.com\/tunisie\/#website"},"datePublished":"2021-02-11T14:53:11+00:00","dateModified":"2021-02-11T14:53:31+00:00","breadcrumb":{"@id":"https:\/\/kapitalis.com\/tunisie\/2021\/02\/11\/arp-adoption-du-projet-de-reglementant-le-travail-domestique\/#breadcrumb"},"inLanguage":"fr-FR","potentialAction":[{"@type":"ReadAction","target":["https:\/\/kapitalis.com\/tunisie\/2021\/02\/11\/arp-adoption-du-projet-de-reglementant-le-travail-domestique\/"]}]},{"@type":"BreadcrumbList","@id":"https:\/\/kapitalis.com\/tunisie\/2021\/02\/11\/arp-adoption-du-projet-de-reglementant-le-travail-domestique\/#breadcrumb","itemListElement":[{"@type":"ListItem","position":1,"name":"Accueil","item":"https:\/\/kapitalis.com\/tunisie\/"},{"@type":"ListItem","position":2,"name":"ARP : Adoption du projet de loi r\u00e8glementant le travail domestique"}]},{"@type":"WebSite","@id":"https:\/\/kapitalis.com\/tunisie\/#website","url":"https:\/\/kapitalis.com\/tunisie\/","name":"Kapitalis","description":"L&#039;actualit\u00e9 en Tunisie et dans le monde","publisher":{"@id":"https:\/\/kapitalis.com\/tunisie\/#organization"},"potentialAction":[{"@type":"SearchAction","target":{"@type":"EntryPoint","urlTemplate":"https:\/\/kapitalis.com\/tunisie\/?s={search_term_string}"},"query-input":{"@type":"PropertyValueSpecification","valueRequired":true,"valueName":"search_term_string"}}],"inLanguage":"fr-FR"},{"@type":"Organization","@id":"https:\/\/kapitalis.com\/tunisie\/#organization","name":"Kapitalis","url":"https:\/\/kapitalis.com\/tunisie\/","logo":{"@type":"ImageObject","inLanguage":"fr-FR","@id":"https:\/\/kapitalis.com\/tunisie\/#\/schema\/logo\/image\/","url":"https:\/\/kapitalis.com\/tunisie\/wp-content\/uploads\/2022\/05\/Kapitalis-big-size.png","contentUrl":"https:\/\/kapitalis.com\/tunisie\/wp-content\/uploads\/2022\/05\/Kapitalis-big-size.png","width":5000,"height":1500,"caption":"Kapitalis"},"image":{"@id":"https:\/\/kapitalis.com\/tunisie\/#\/schema\/logo\/image\/"},"sameAs":["https:\/\/www.facebook.com\/KapitalisInfo\/","https:\/\/x.com\/KapitalisInfo","https:\/\/www.youtube.com\/channel\/UC-yDYrHyfFBWWZaOw3FPg9Q"]},{"@type":"Person","@id":"https:\/\/kapitalis.com\/tunisie\/#\/schema\/person\/b35b8d631961131107263178aeb8019e","name":"Cherif Benyounes","url":"https:\/\/kapitalis.com\/tunisie\/author\/cherif\/"}]}},"_links":{"self":[{"href":"https:\/\/kapitalis.com\/tunisie\/wp-json\/wp\/v2\/posts\/335902","targetHints":{"allow":["GET"]}}],"collection":[{"href":"https:\/\/kapitalis.com\/tunisie\/wp-json\/wp\/v2\/posts"}],"about":[{"href":"https:\/\/kapitalis.com\/tunisie\/wp-json\/wp\/v2\/types\/post"}],"author":[{"embeddable":true,"href":"https:\/\/kapitalis.com\/tunisie\/wp-json\/wp\/v2\/users\/24"}],"replies":[{"embeddable":true,"href":"https:\/\/kapitalis.com\/tunisie\/wp-json\/wp\/v2\/comments?post=335902"}],"version-history":[{"count":0,"href":"https:\/\/kapitalis.com\/tunisie\/wp-json\/wp\/v2\/posts\/335902\/revisions"}],"wp:attachment":[{"href":"https:\/\/kapitalis.com\/tunisie\/wp-json\/wp\/v2\/media?parent=335902"}],"wp:term":[{"taxonomy":"category","embeddable":true,"href":"https:\/\/kapitalis.com\/tunisie\/wp-json\/wp\/v2\/categories?post=335902"},{"taxonomy":"post_tag","embeddable":true,"href":"https:\/\/kapitalis.com\/tunisie\/wp-json\/wp\/v2\/tags?post=335902"}],"curies":[{"name":"wp","href":"https:\/\/api.w.org\/{rel}","templated":true}]}}