{"id":335969,"date":"2021-02-11T21:03:13","date_gmt":"2021-02-11T20:03:13","guid":{"rendered":"http:\/\/kapitalis.com\/tunisie\/?p=335969"},"modified":"2021-02-12T00:45:00","modified_gmt":"2021-02-11T23:45:00","slug":"coronavirus-7429-deces-depuis-lapparition-de-la-pandemie-en-tunisie","status":"publish","type":"post","link":"https:\/\/kapitalis.com\/tunisie\/2021\/02\/11\/coronavirus-7429-deces-depuis-lapparition-de-la-pandemie-en-tunisie\/","title":{"rendered":"Coronavirus : 7429 d\u00e9c\u00e8s depuis l&rsquo;apparition de la pand\u00e9mie en Tunisie"},"content":{"rendered":"\n<figure class=\"wp-block-image size-large\"><img decoding=\"async\" src=\"http:\/\/kapitalis.com\/tunisie\/wp-content\/uploads\/2021\/01\/enterrement-Covid.jpg\" alt=\"\" class=\"wp-image-331525\"\/><\/figure>\n\n\n\n<p><strong><em><strong><em><strong><em><strong><em>Sur 3.914 tests de d\u00e9pistage du coronavirus,<strong><em><strong><em> 828<\/em><\/strong><\/em><\/strong> sont revenus positifs annonce le minist\u00e8re de la Sant\u00e9, dans un communiqu\u00e9 publi\u00e9 dans la soir\u00e9e de ce jeudi 11 f\u00e9vrier 2021, en ajoutant que 51 d\u00e9c\u00e8s et 449 gu\u00e9risons ont \u00e9t\u00e9 enregistr\u00e9s ces derni\u00e8res 24h (au 10 f\u00e9vrier)<\/em><\/strong><\/em><\/strong><\/em><\/strong><\/em><\/strong>.<\/p>\n\n\n\n<!--more-->\n\n\n\n<p>Le rapport relatif \u00e0 l\u2019\u00e9volution de la situation \u00e9pid\u00e9miologique, r\u00e9v\u00e8le aussi que l&rsquo;on en compte \u00e0 ce jour 1.654 hospitalisations (contre 1.678, la veille), dont 354 (360) en r\u00e9animation et 146 (140) sous respiration artificielle.<\/p>\n\n\n\n<p>Avec ces nouveaux cas positifs, le nombre de contaminations au coronavirus, d\u00e9pist\u00e9es depuis l\u2019apparition de la pand\u00e9mie en Tunisie en mars dernier, s\u2019\u00e9l\u00e8ve d\u00e9sormais \u00e0 220.478 (sur 913.488 tests de d\u00e9pistage), sachant que 180.830 personnes ont pu en gu\u00e9rir, alors que 7.429 en sont mortes.<\/p>\n\n\n\n<p class=\"has-text-align-right\"><strong>Y. N.<\/strong><\/p>\n","protected":false},"excerpt":{"rendered":"<p>Sur 3.914 tests de d\u00e9pistage du coronavirus, 828 sont revenus positifs annonce le minist\u00e8re de la Sant\u00e9, dans un communiqu\u00e9 publi\u00e9 dans la soir\u00e9e de ce jeudi 11 f\u00e9vrier 2021, en ajoutant que 51 d\u00e9c\u00e8s et 449 gu\u00e9risons ont \u00e9t\u00e9 enregistr\u00e9s ces derni\u00e8res 24h (au 10 f\u00e9vrier).<\/p>\n","protected":false},"author":6,"featured_media":0,"comment_status":"open","ping_status":"open","sticky":false,"template":"","format":"standard","meta":{"footnotes":""},"categories":[998,2433],"tags":[73060,78820,64263,8641,77386,810,62643],"class_list":["post-335969","post","type-post","status-publish","format-standard","hentry","category-societe","category-tunisie","tag-coronavirus","tag-covid-2","tag-deces","tag-depistage","tag-guerisons","tag-sante","tag-tunisie"],"yoast_head":"<!-- This site is optimized with the Yoast SEO plugin v26.6 - https:\/\/yoast.com\/wordpress\/plugins\/seo\/ -->\n<title>Coronavirus : 7429 d\u00e9c\u00e8s depuis l&#039;apparition de la pand\u00e9mie en Tunisie - Kapitalis<\/title>\n<meta name=\"robots\" content=\"index, follow, max-snippet:-1, max-image-preview:large, max-video-preview:-1\" \/>\n<link rel=\"canonical\" href=\"https:\/\/kapitalis.com\/tunisie\/2021\/02\/11\/coronavirus-7429-deces-depuis-lapparition-de-la-pandemie-en-tunisie\/\" \/>\n<meta property=\"og:locale\" content=\"fr_FR\" \/>\n<meta property=\"og:type\" content=\"article\" \/>\n<meta property=\"og:title\" content=\"Coronavirus : 7429 d\u00e9c\u00e8s depuis l&#039;apparition de la pand\u00e9mie en Tunisie - Kapitalis\" \/>\n<meta property=\"og:description\" content=\"Sur 3.914 tests de d\u00e9pistage du coronavirus, 828 sont revenus positifs annonce le minist\u00e8re de la Sant\u00e9, dans un communiqu\u00e9 publi\u00e9 dans la soir\u00e9e de ce jeudi 11 f\u00e9vrier 2021, en ajoutant que 51 d\u00e9c\u00e8s et 449 gu\u00e9risons ont \u00e9t\u00e9 enregistr\u00e9s ces derni\u00e8res 24h (au 10 f\u00e9vrier).\" \/>\n<meta property=\"og:url\" content=\"https:\/\/kapitalis.com\/tunisie\/2021\/02\/11\/coronavirus-7429-deces-depuis-lapparition-de-la-pandemie-en-tunisie\/\" \/>\n<meta property=\"og:site_name\" content=\"Kapitalis\" \/>\n<meta property=\"article:publisher\" content=\"https:\/\/www.facebook.com\/KapitalisInfo\/\" \/>\n<meta property=\"article:published_time\" content=\"2021-02-11T20:03:13+00:00\" \/>\n<meta property=\"article:modified_time\" content=\"2021-02-11T23:45:00+00:00\" \/>\n<meta property=\"og:image\" content=\"http:\/\/kapitalis.com\/tunisie\/wp-content\/uploads\/2021\/01\/enterrement-Covid.jpg\" \/>\n<meta name=\"author\" content=\"Yusra NY\" \/>\n<meta name=\"twitter:card\" content=\"summary_large_image\" \/>\n<meta name=\"twitter:creator\" content=\"@KapitalisInfo\" \/>\n<meta name=\"twitter:site\" content=\"@KapitalisInfo\" \/>\n<meta name=\"twitter:label1\" content=\"\u00c9crit par\" \/>\n\t<meta name=\"twitter:data1\" content=\"Yusra NY\" \/>\n\t<meta name=\"twitter:label2\" content=\"Dur\u00e9e de lecture estim\u00e9e\" \/>\n\t<meta name=\"twitter:data2\" content=\"1 minute\" \/>\n<script type=\"application\/ld+json\" class=\"yoast-schema-graph\">{\"@context\":\"https:\/\/schema.org\",\"@graph\":[{\"@type\":\"Article\",\"@id\":\"https:\/\/kapitalis.com\/tunisie\/2021\/02\/11\/coronavirus-7429-deces-depuis-lapparition-de-la-pandemie-en-tunisie\/#article\",\"isPartOf\":{\"@id\":\"https:\/\/kapitalis.com\/tunisie\/2021\/02\/11\/coronavirus-7429-deces-depuis-lapparition-de-la-pandemie-en-tunisie\/\"},\"author\":{\"name\":\"Yusra NY\",\"@id\":\"https:\/\/kapitalis.com\/tunisie\/#\/schema\/person\/74bbde0154d49d790a92aaeac5bc01d5\"},\"headline\":\"Coronavirus : 7429 d\u00e9c\u00e8s depuis l&rsquo;apparition de la pand\u00e9mie en Tunisie\",\"datePublished\":\"2021-02-11T20:03:13+00:00\",\"dateModified\":\"2021-02-11T23:45:00+00:00\",\"mainEntityOfPage\":{\"@id\":\"https:\/\/kapitalis.com\/tunisie\/2021\/02\/11\/coronavirus-7429-deces-depuis-lapparition-de-la-pandemie-en-tunisie\/\"},\"wordCount\":145,\"commentCount\":0,\"publisher\":{\"@id\":\"https:\/\/kapitalis.com\/tunisie\/#organization\"},\"image\":{\"@id\":\"https:\/\/kapitalis.com\/tunisie\/2021\/02\/11\/coronavirus-7429-deces-depuis-lapparition-de-la-pandemie-en-tunisie\/#primaryimage\"},\"thumbnailUrl\":\"http:\/\/kapitalis.com\/tunisie\/wp-content\/uploads\/2021\/01\/enterrement-Covid.jpg\",\"keywords\":[\"Coronavirus\",\"covid\",\"d\u00e9c\u00e8s\",\"d\u00e9pistage\",\"gu\u00e9risons\",\"Sant\u00e9\",\"Tunisie\"],\"articleSection\":[\"SOCIETE\",\"Tunisie\"],\"inLanguage\":\"fr-FR\",\"potentialAction\":[{\"@type\":\"CommentAction\",\"name\":\"Comment\",\"target\":[\"https:\/\/kapitalis.com\/tunisie\/2021\/02\/11\/coronavirus-7429-deces-depuis-lapparition-de-la-pandemie-en-tunisie\/#respond\"]}]},{\"@type\":\"WebPage\",\"@id\":\"https:\/\/kapitalis.com\/tunisie\/2021\/02\/11\/coronavirus-7429-deces-depuis-lapparition-de-la-pandemie-en-tunisie\/\",\"url\":\"https:\/\/kapitalis.com\/tunisie\/2021\/02\/11\/coronavirus-7429-deces-depuis-lapparition-de-la-pandemie-en-tunisie\/\",\"name\":\"Coronavirus : 7429 d\u00e9c\u00e8s depuis l'apparition de la pand\u00e9mie en Tunisie - Kapitalis\",\"isPartOf\":{\"@id\":\"https:\/\/kapitalis.com\/tunisie\/#website\"},\"primaryImageOfPage\":{\"@id\":\"https:\/\/kapitalis.com\/tunisie\/2021\/02\/11\/coronavirus-7429-deces-depuis-lapparition-de-la-pandemie-en-tunisie\/#primaryimage\"},\"image\":{\"@id\":\"https:\/\/kapitalis.com\/tunisie\/2021\/02\/11\/coronavirus-7429-deces-depuis-lapparition-de-la-pandemie-en-tunisie\/#primaryimage\"},\"thumbnailUrl\":\"http:\/\/kapitalis.com\/tunisie\/wp-content\/uploads\/2021\/01\/enterrement-Covid.jpg\",\"datePublished\":\"2021-02-11T20:03:13+00:00\",\"dateModified\":\"2021-02-11T23:45:00+00:00\",\"breadcrumb\":{\"@id\":\"https:\/\/kapitalis.com\/tunisie\/2021\/02\/11\/coronavirus-7429-deces-depuis-lapparition-de-la-pandemie-en-tunisie\/#breadcrumb\"},\"inLanguage\":\"fr-FR\",\"potentialAction\":[{\"@type\":\"ReadAction\",\"target\":[\"https:\/\/kapitalis.com\/tunisie\/2021\/02\/11\/coronavirus-7429-deces-depuis-lapparition-de-la-pandemie-en-tunisie\/\"]}]},{\"@type\":\"ImageObject\",\"inLanguage\":\"fr-FR\",\"@id\":\"https:\/\/kapitalis.com\/tunisie\/2021\/02\/11\/coronavirus-7429-deces-depuis-lapparition-de-la-pandemie-en-tunisie\/#primaryimage\",\"url\":\"\",\"contentUrl\":\"\"},{\"@type\":\"BreadcrumbList\",\"@id\":\"https:\/\/kapitalis.com\/tunisie\/2021\/02\/11\/coronavirus-7429-deces-depuis-lapparition-de-la-pandemie-en-tunisie\/#breadcrumb\",\"itemListElement\":[{\"@type\":\"ListItem\",\"position\":1,\"name\":\"Accueil\",\"item\":\"https:\/\/kapitalis.com\/tunisie\/\"},{\"@type\":\"ListItem\",\"position\":2,\"name\":\"Coronavirus : 7429 d\u00e9c\u00e8s depuis l&rsquo;apparition de la pand\u00e9mie en Tunisie\"}]},{\"@type\":\"WebSite\",\"@id\":\"https:\/\/kapitalis.com\/tunisie\/#website\",\"url\":\"https:\/\/kapitalis.com\/tunisie\/\",\"name\":\"Kapitalis\",\"description\":\"L&#039;actualit\u00e9 en Tunisie et dans le monde\",\"publisher\":{\"@id\":\"https:\/\/kapitalis.com\/tunisie\/#organization\"},\"potentialAction\":[{\"@type\":\"SearchAction\",\"target\":{\"@type\":\"EntryPoint\",\"urlTemplate\":\"https:\/\/kapitalis.com\/tunisie\/?s={search_term_string}\"},\"query-input\":{\"@type\":\"PropertyValueSpecification\",\"valueRequired\":true,\"valueName\":\"search_term_string\"}}],\"inLanguage\":\"fr-FR\"},{\"@type\":\"Organization\",\"@id\":\"https:\/\/kapitalis.com\/tunisie\/#organization\",\"name\":\"Kapitalis\",\"url\":\"https:\/\/kapitalis.com\/tunisie\/\",\"logo\":{\"@type\":\"ImageObject\",\"inLanguage\":\"fr-FR\",\"@id\":\"https:\/\/kapitalis.com\/tunisie\/#\/schema\/logo\/image\/\",\"url\":\"https:\/\/kapitalis.com\/tunisie\/wp-content\/uploads\/2022\/05\/Kapitalis-big-size.png\",\"contentUrl\":\"https:\/\/kapitalis.com\/tunisie\/wp-content\/uploads\/2022\/05\/Kapitalis-big-size.png\",\"width\":5000,\"height\":1500,\"caption\":\"Kapitalis\"},\"image\":{\"@id\":\"https:\/\/kapitalis.com\/tunisie\/#\/schema\/logo\/image\/\"},\"sameAs\":[\"https:\/\/www.facebook.com\/KapitalisInfo\/\",\"https:\/\/x.com\/KapitalisInfo\",\"https:\/\/www.youtube.com\/channel\/UC-yDYrHyfFBWWZaOw3FPg9Q\"]},{\"@type\":\"Person\",\"@id\":\"https:\/\/kapitalis.com\/tunisie\/#\/schema\/person\/74bbde0154d49d790a92aaeac5bc01d5\",\"name\":\"Yusra NY\",\"url\":\"https:\/\/kapitalis.com\/tunisie\/author\/yuza_adam\/\"}]}<\/script>\n<!-- \/ Yoast SEO plugin. -->","yoast_head_json":{"title":"Coronavirus : 7429 d\u00e9c\u00e8s depuis l'apparition de la pand\u00e9mie en Tunisie - Kapitalis","robots":{"index":"index","follow":"follow","max-snippet":"max-snippet:-1","max-image-preview":"max-image-preview:large","max-video-preview":"max-video-preview:-1"},"canonical":"https:\/\/kapitalis.com\/tunisie\/2021\/02\/11\/coronavirus-7429-deces-depuis-lapparition-de-la-pandemie-en-tunisie\/","og_locale":"fr_FR","og_type":"article","og_title":"Coronavirus : 7429 d\u00e9c\u00e8s depuis l'apparition de la pand\u00e9mie en Tunisie - Kapitalis","og_description":"Sur 3.914 tests de d\u00e9pistage du coronavirus, 828 sont revenus positifs annonce le minist\u00e8re de la Sant\u00e9, dans un communiqu\u00e9 publi\u00e9 dans la soir\u00e9e de ce jeudi 11 f\u00e9vrier 2021, en ajoutant que 51 d\u00e9c\u00e8s et 449 gu\u00e9risons ont \u00e9t\u00e9 enregistr\u00e9s ces derni\u00e8res 24h (au 10 f\u00e9vrier).","og_url":"https:\/\/kapitalis.com\/tunisie\/2021\/02\/11\/coronavirus-7429-deces-depuis-lapparition-de-la-pandemie-en-tunisie\/","og_site_name":"Kapitalis","article_publisher":"https:\/\/www.facebook.com\/KapitalisInfo\/","article_published_time":"2021-02-11T20:03:13+00:00","article_modified_time":"2021-02-11T23:45:00+00:00","og_image":[{"url":"http:\/\/kapitalis.com\/tunisie\/wp-content\/uploads\/2021\/01\/enterrement-Covid.jpg","type":"","width":"","height":""}],"author":"Yusra NY","twitter_card":"summary_large_image","twitter_creator":"@KapitalisInfo","twitter_site":"@KapitalisInfo","twitter_misc":{"\u00c9crit par":"Yusra NY","Dur\u00e9e de lecture estim\u00e9e":"1 minute"},"schema":{"@context":"https:\/\/schema.org","@graph":[{"@type":"Article","@id":"https:\/\/kapitalis.com\/tunisie\/2021\/02\/11\/coronavirus-7429-deces-depuis-lapparition-de-la-pandemie-en-tunisie\/#article","isPartOf":{"@id":"https:\/\/kapitalis.com\/tunisie\/2021\/02\/11\/coronavirus-7429-deces-depuis-lapparition-de-la-pandemie-en-tunisie\/"},"author":{"name":"Yusra NY","@id":"https:\/\/kapitalis.com\/tunisie\/#\/schema\/person\/74bbde0154d49d790a92aaeac5bc01d5"},"headline":"Coronavirus : 7429 d\u00e9c\u00e8s depuis l&rsquo;apparition de la pand\u00e9mie en Tunisie","datePublished":"2021-02-11T20:03:13+00:00","dateModified":"2021-02-11T23:45:00+00:00","mainEntityOfPage":{"@id":"https:\/\/kapitalis.com\/tunisie\/2021\/02\/11\/coronavirus-7429-deces-depuis-lapparition-de-la-pandemie-en-tunisie\/"},"wordCount":145,"commentCount":0,"publisher":{"@id":"https:\/\/kapitalis.com\/tunisie\/#organization"},"image":{"@id":"https:\/\/kapitalis.com\/tunisie\/2021\/02\/11\/coronavirus-7429-deces-depuis-lapparition-de-la-pandemie-en-tunisie\/#primaryimage"},"thumbnailUrl":"http:\/\/kapitalis.com\/tunisie\/wp-content\/uploads\/2021\/01\/enterrement-Covid.jpg","keywords":["Coronavirus","covid","d\u00e9c\u00e8s","d\u00e9pistage","gu\u00e9risons","Sant\u00e9","Tunisie"],"articleSection":["SOCIETE","Tunisie"],"inLanguage":"fr-FR","potentialAction":[{"@type":"CommentAction","name":"Comment","target":["https:\/\/kapitalis.com\/tunisie\/2021\/02\/11\/coronavirus-7429-deces-depuis-lapparition-de-la-pandemie-en-tunisie\/#respond"]}]},{"@type":"WebPage","@id":"https:\/\/kapitalis.com\/tunisie\/2021\/02\/11\/coronavirus-7429-deces-depuis-lapparition-de-la-pandemie-en-tunisie\/","url":"https:\/\/kapitalis.com\/tunisie\/2021\/02\/11\/coronavirus-7429-deces-depuis-lapparition-de-la-pandemie-en-tunisie\/","name":"Coronavirus : 7429 d\u00e9c\u00e8s depuis l'apparition de la pand\u00e9mie en Tunisie - Kapitalis","isPartOf":{"@id":"https:\/\/kapitalis.com\/tunisie\/#website"},"primaryImageOfPage":{"@id":"https:\/\/kapitalis.com\/tunisie\/2021\/02\/11\/coronavirus-7429-deces-depuis-lapparition-de-la-pandemie-en-tunisie\/#primaryimage"},"image":{"@id":"https:\/\/kapitalis.com\/tunisie\/2021\/02\/11\/coronavirus-7429-deces-depuis-lapparition-de-la-pandemie-en-tunisie\/#primaryimage"},"thumbnailUrl":"http:\/\/kapitalis.com\/tunisie\/wp-content\/uploads\/2021\/01\/enterrement-Covid.jpg","datePublished":"2021-02-11T20:03:13+00:00","dateModified":"2021-02-11T23:45:00+00:00","breadcrumb":{"@id":"https:\/\/kapitalis.com\/tunisie\/2021\/02\/11\/coronavirus-7429-deces-depuis-lapparition-de-la-pandemie-en-tunisie\/#breadcrumb"},"inLanguage":"fr-FR","potentialAction":[{"@type":"ReadAction","target":["https:\/\/kapitalis.com\/tunisie\/2021\/02\/11\/coronavirus-7429-deces-depuis-lapparition-de-la-pandemie-en-tunisie\/"]}]},{"@type":"ImageObject","inLanguage":"fr-FR","@id":"https:\/\/kapitalis.com\/tunisie\/2021\/02\/11\/coronavirus-7429-deces-depuis-lapparition-de-la-pandemie-en-tunisie\/#primaryimage","url":"","contentUrl":""},{"@type":"BreadcrumbList","@id":"https:\/\/kapitalis.com\/tunisie\/2021\/02\/11\/coronavirus-7429-deces-depuis-lapparition-de-la-pandemie-en-tunisie\/#breadcrumb","itemListElement":[{"@type":"ListItem","position":1,"name":"Accueil","item":"https:\/\/kapitalis.com\/tunisie\/"},{"@type":"ListItem","position":2,"name":"Coronavirus : 7429 d\u00e9c\u00e8s depuis l&rsquo;apparition de la pand\u00e9mie en Tunisie"}]},{"@type":"WebSite","@id":"https:\/\/kapitalis.com\/tunisie\/#website","url":"https:\/\/kapitalis.com\/tunisie\/","name":"Kapitalis","description":"L&#039;actualit\u00e9 en Tunisie et dans le monde","publisher":{"@id":"https:\/\/kapitalis.com\/tunisie\/#organization"},"potentialAction":[{"@type":"SearchAction","target":{"@type":"EntryPoint","urlTemplate":"https:\/\/kapitalis.com\/tunisie\/?s={search_term_string}"},"query-input":{"@type":"PropertyValueSpecification","valueRequired":true,"valueName":"search_term_string"}}],"inLanguage":"fr-FR"},{"@type":"Organization","@id":"https:\/\/kapitalis.com\/tunisie\/#organization","name":"Kapitalis","url":"https:\/\/kapitalis.com\/tunisie\/","logo":{"@type":"ImageObject","inLanguage":"fr-FR","@id":"https:\/\/kapitalis.com\/tunisie\/#\/schema\/logo\/image\/","url":"https:\/\/kapitalis.com\/tunisie\/wp-content\/uploads\/2022\/05\/Kapitalis-big-size.png","contentUrl":"https:\/\/kapitalis.com\/tunisie\/wp-content\/uploads\/2022\/05\/Kapitalis-big-size.png","width":5000,"height":1500,"caption":"Kapitalis"},"image":{"@id":"https:\/\/kapitalis.com\/tunisie\/#\/schema\/logo\/image\/"},"sameAs":["https:\/\/www.facebook.com\/KapitalisInfo\/","https:\/\/x.com\/KapitalisInfo","https:\/\/www.youtube.com\/channel\/UC-yDYrHyfFBWWZaOw3FPg9Q"]},{"@type":"Person","@id":"https:\/\/kapitalis.com\/tunisie\/#\/schema\/person\/74bbde0154d49d790a92aaeac5bc01d5","name":"Yusra NY","url":"https:\/\/kapitalis.com\/tunisie\/author\/yuza_adam\/"}]}},"_links":{"self":[{"href":"https:\/\/kapitalis.com\/tunisie\/wp-json\/wp\/v2\/posts\/335969","targetHints":{"allow":["GET"]}}],"collection":[{"href":"https:\/\/kapitalis.com\/tunisie\/wp-json\/wp\/v2\/posts"}],"about":[{"href":"https:\/\/kapitalis.com\/tunisie\/wp-json\/wp\/v2\/types\/post"}],"author":[{"embeddable":true,"href":"https:\/\/kapitalis.com\/tunisie\/wp-json\/wp\/v2\/users\/6"}],"replies":[{"embeddable":true,"href":"https:\/\/kapitalis.com\/tunisie\/wp-json\/wp\/v2\/comments?post=335969"}],"version-history":[{"count":0,"href":"https:\/\/kapitalis.com\/tunisie\/wp-json\/wp\/v2\/posts\/335969\/revisions"}],"wp:attachment":[{"href":"https:\/\/kapitalis.com\/tunisie\/wp-json\/wp\/v2\/media?parent=335969"}],"wp:term":[{"taxonomy":"category","embeddable":true,"href":"https:\/\/kapitalis.com\/tunisie\/wp-json\/wp\/v2\/categories?post=335969"},{"taxonomy":"post_tag","embeddable":true,"href":"https:\/\/kapitalis.com\/tunisie\/wp-json\/wp\/v2\/tags?post=335969"}],"curies":[{"name":"wp","href":"https:\/\/api.w.org\/{rel}","templated":true}]}}