{"id":336022,"date":"2021-02-12T12:31:08","date_gmt":"2021-02-12T11:31:08","guid":{"rendered":"http:\/\/kapitalis.com\/tunisie\/?p=336022"},"modified":"2021-02-12T12:31:10","modified_gmt":"2021-02-12T11:31:10","slug":"tunisie-appel-pour-permettre-lacces-equitable-aux-vaccins-des-populations-palestiniennes","status":"publish","type":"post","link":"https:\/\/kapitalis.com\/tunisie\/2021\/02\/12\/tunisie-appel-pour-permettre-lacces-equitable-aux-vaccins-des-populations-palestiniennes\/","title":{"rendered":"Tunisie : Appel pour permettre \u00abl\u2019acc\u00e8s \u00e9quitable aux vaccins des populations palestiniennes\u00bb"},"content":{"rendered":"\n<figure class=\"wp-block-image size-large\"><img decoding=\"async\" src=\"http:\/\/kapitalis.com\/tunisie\/wp-content\/uploads\/2017\/04\/Palestiniens-1024x464.jpg\" alt=\"\" class=\"wp-image-93434\"\/><\/figure>\n\n\n\n<p><strong><em>Un groupe d\u2019organisations, d\u2019associations et de personnalit\u00e9s de la soci\u00e9t\u00e9 civile tunisienne a lanc\u00e9, aujourd\u2019hui, vendredi 12 f\u00e9vrier 2021, un appel \u00e0 l\u2019opinion publique internationale pour faire pression sur les autorit\u00e9s occupantes isra\u00e9liennes qu\u2019elles permettent \u00abl\u2019acc\u00e8s \u00e9quitable aux vaccins des populations palestiniennes des territoires occup\u00e9s\u00bb. Nous reproduisons ci-dessous le texte de l\u2019appel et la liste de ses premiers signataires.<\/em><\/strong><\/p>\n\n\n\n<!--more-->\n\n\n\n<p>Consid\u00e9rant les conventions internationales et notamment la IV\u00e8me Convention de Gen\u00e8ve relative \u00e0 la protection des personnes sous occupation;<\/p>\n\n\n\n<p>Connaissant le nombre important de prisonniers politiques Palestiniens incarc\u00e9r\u00e9s dans les prisons isra\u00e9liennes surcharg\u00e9es et ne garantissant pas les conditions de pr\u00e9vention et d\u2019hygi\u00e8ne en particulier pendant cette p\u00e9riode de pand\u00e9mie du Covid 19;<\/p>\n\n\n\n<p>Tenant compte du fait que les autorit\u00e9s d\u2019occupation ont exclu les Palestiniens de Cisjordanie et de Gaza et les prisonniers politiques de la campagne actuelle de vaccination contre la Covid-19;<\/p>\n\n\n\n<p>Les personnes, associations, syndicats et collectifs associatifs tunisiens, signataires :<\/p>\n\n\n\n<ul class=\"wp-block-list\"><li>d\u00e9noncent la non application des autorit\u00e9s d&rsquo;occupation de leurs obligations internationales en mati\u00e8re de protection sanitaire des Palestiniens des territoires occup\u00e9s de Cisjordanie et de Gaza ;<\/li><li>stigmatisent la politique raciste et d\u2019apartheid en mati\u00e8re de vaccination anti-Covid en limitant la vaccination aux colons isra\u00e9liens en territoires occup\u00e9s et aux gardiens des prisons isra\u00e9liennes ;<\/li><li>exigent des autorit\u00e9s occupantes de permettre l\u2019acc\u00e8s \u00e9quitable aux vaccins des populations palestiniennes des territoires occup\u00e9s;<\/li><li>appellent les Etats \u00e9pris de justice et de libert\u00e9 et les organisations internationales \u00e0 d\u00e9noncer ces attitudes qui violent les droits humains les plus \u00e9l\u00e9mentaires du vaillant peuple Palestinien sous occupation.<\/li><\/ul>\n\n\n\n<h3 class=\"wp-block-heading\">Premi\u00e8re liste des signataires<\/h3>\n\n\n\n<p><strong><em>Associations et organisations signataires<\/em><\/strong> :<\/p>\n\n\n\n<p>Association Tunisienne de D\u00e9fense du Droit \u00e0 la Sant\u00e9;<br>Ligue Tunisienne de D\u00e9fense des Droits de l&rsquo;Homme;<br>Association Tunisienne de D\u00e9fense du Secteur Public de la Sant\u00e9 et des Droits de ses Usagers;<br>Association Tunisienne de D\u00e9fense des Droits de l&rsquo;Enfant;<br>Forum Tunisien des Droits \u00c9conomiques et Sociaux;<br>Association Tunisienne des Femmes D\u00e9mocrates;<br>Bawsala;<br>Beity;<br>Ligue des \u00c9lectrices Tunisiennes;<br>Aswat Nissa;<br>R\u00e9seau Rawsa Mena pour le droit a l&rsquo;avortement s\u00e9curis\u00e9;<br>Association des Femmes pour l\u2019\u00c9galit\u00e9 et le D\u00e9veloppement \u00e0 Douz;<br>Association Tunisienne de Sant\u00e9 Reproductive de Tataouine;<br>Association Femmes Pour la Citoyennet\u00e9 et le D\u00e9veloppement;<br>Soci\u00e9t\u00e9 Tunisienne des Maladies Respiratoires et d&rsquo;Allergie;<br>Observatoire National des In\u00e9galit\u00e9s Sociales de Sant\u00e9;<br>Alliance Internationale des Habitants;<br>Association Citoyennet\u00e9, D\u00e9veloppement, Cultures &amp; Migrations Des Deux Rives;<br>Association Arts et Cultures des deux Rives;<br>Association Cr\u00e9ation et Cr\u00e9ativit\u00e9 pour le D\u00e9veloppement et l&rsquo;Embauche;<br>Tunisian Forum for Youth Empowerment;<br>Nachaz-Dissonances;<br>Association Tunisienne Pour les Droits et les Libert\u00e9s;<br>Association Maghr\u00e9bine pour la S\u00e9curit\u00e9 Sanitaire des Aliments;<br>Association Tunisienne de Psychologie de la Sant\u00e9;<br>Association Tunisienne de Promotion de la Citoyennet\u00e9;<br>Association Bizerte Cin\u00e9ma;<br>Association Femmes et Dignit\u00e9;<br>Association M\u00e9dicale Tuniso-Palestinienne;<br>Association locale de promotion des handicap\u00e9s de Fouchana;<br>Association de d\u00e9veloppement m\u00e9dical continu des m\u00e9decins de la sant\u00e9 publique de Ben Arous.<\/p>\n\n\n\n<p><strong><em>Personnes signataires:<\/em><\/strong><\/p>\n\n\n\n<p>Docteur Belgacem Sabri<br>Professeur Ahlem Belhaj<br>Professeur Skander Mrad<br>Professeur Agn\u00e8s Hamzaoui<br>Docteur Moez Cherif<br>Docteur Abdelwahed El Abassi<br>Professeur Zahra Marrakchi<br>Professeur Nabiha Borsali-Falfoul<br>Professeur Hajer Aounallah Skhiri<br>Docteur Abdelkrim Zemzari<br>Docteur B\u00e9chir Boussalmi<br>Madame Soha Ben Slama<br>Madame Henia Ochi<br>Monsieur B\u00e9chir Bouaziz<br>Docteur Jaouhar Mzid<br>Monsieur Jamel Msallem<br>Docteur Moncef Belhaj Yahia<\/p>\n","protected":false},"excerpt":{"rendered":"<p>Un groupe d\u2019organisations, d\u2019associations et de personnalit\u00e9s de la soci\u00e9t\u00e9 civile tunisienne a lanc\u00e9, aujourd\u2019hui, vendredi 12 f\u00e9vrier 2021, un appel \u00e0 l\u2019opinion publique internationale pour faire pression sur les autorit\u00e9s occupantes isra\u00e9liennes qu\u2019elles permettent \u00abl\u2019acc\u00e8s \u00e9quitable aux vaccins des populations palestiniennes des territoires occup\u00e9s\u00bb. Nous reproduisons ci-dessous le texte de l\u2019appel et la liste&#8230;<\/p>\n","protected":false},"author":8,"featured_media":0,"comment_status":"open","ping_status":"open","sticky":false,"template":"","format":"standard","meta":{"footnotes":""},"categories":[997,2433],"tags":[87428,75291,2444,87426,87425,87427,78946,83410],"class_list":["post-336022","post","type-post","status-publish","format-standard","hentry","category-politique","category-tunisie","tag-colons-israeliens","tag-covid-19","tag-gaza","tag-palestiniens-incarceres","tag-populations-palestiniennes","tag-prisons-israeliennes","tag-territoires-occupes","tag-vaccins"],"yoast_head":"<!-- This site is optimized with the Yoast SEO plugin v26.6 - https:\/\/yoast.com\/wordpress\/plugins\/seo\/ -->\n<title>Tunisie : Appel pour permettre \u00abl\u2019acc\u00e8s \u00e9quitable aux vaccins des populations palestiniennes\u00bb - Kapitalis<\/title>\n<meta name=\"robots\" content=\"index, follow, max-snippet:-1, max-image-preview:large, max-video-preview:-1\" \/>\n<link rel=\"canonical\" href=\"https:\/\/kapitalis.com\/tunisie\/2021\/02\/12\/tunisie-appel-pour-permettre-lacces-equitable-aux-vaccins-des-populations-palestiniennes\/\" \/>\n<meta property=\"og:locale\" content=\"fr_FR\" \/>\n<meta property=\"og:type\" content=\"article\" \/>\n<meta property=\"og:title\" content=\"Tunisie : Appel pour permettre \u00abl\u2019acc\u00e8s \u00e9quitable aux vaccins des populations palestiniennes\u00bb - Kapitalis\" \/>\n<meta property=\"og:description\" content=\"Un groupe d\u2019organisations, d\u2019associations et de personnalit\u00e9s de la soci\u00e9t\u00e9 civile tunisienne a lanc\u00e9, aujourd\u2019hui, vendredi 12 f\u00e9vrier 2021, un appel \u00e0 l\u2019opinion publique internationale pour faire pression sur les autorit\u00e9s occupantes isra\u00e9liennes qu\u2019elles permettent \u00abl\u2019acc\u00e8s \u00e9quitable aux vaccins des populations palestiniennes des territoires occup\u00e9s\u00bb. Nous reproduisons ci-dessous le texte de l\u2019appel et la liste...\" \/>\n<meta property=\"og:url\" content=\"https:\/\/kapitalis.com\/tunisie\/2021\/02\/12\/tunisie-appel-pour-permettre-lacces-equitable-aux-vaccins-des-populations-palestiniennes\/\" \/>\n<meta property=\"og:site_name\" content=\"Kapitalis\" \/>\n<meta property=\"article:publisher\" content=\"https:\/\/www.facebook.com\/KapitalisInfo\/\" \/>\n<meta property=\"article:published_time\" content=\"2021-02-12T11:31:08+00:00\" \/>\n<meta property=\"article:modified_time\" content=\"2021-02-12T11:31:10+00:00\" \/>\n<meta property=\"og:image\" content=\"http:\/\/kapitalis.com\/tunisie\/wp-content\/uploads\/2017\/04\/Palestiniens-1024x464.jpg\" \/>\n<meta name=\"author\" content=\"webmaster kapitalis\" \/>\n<meta name=\"twitter:card\" content=\"summary_large_image\" \/>\n<meta name=\"twitter:creator\" content=\"@KapitalisInfo\" \/>\n<meta name=\"twitter:site\" content=\"@KapitalisInfo\" \/>\n<meta name=\"twitter:label1\" content=\"\u00c9crit par\" \/>\n\t<meta name=\"twitter:data1\" content=\"webmaster kapitalis\" \/>\n\t<meta name=\"twitter:label2\" content=\"Dur\u00e9e de lecture estim\u00e9e\" \/>\n\t<meta name=\"twitter:data2\" content=\"3 minutes\" \/>\n<script type=\"application\/ld+json\" class=\"yoast-schema-graph\">{\"@context\":\"https:\/\/schema.org\",\"@graph\":[{\"@type\":\"Article\",\"@id\":\"https:\/\/kapitalis.com\/tunisie\/2021\/02\/12\/tunisie-appel-pour-permettre-lacces-equitable-aux-vaccins-des-populations-palestiniennes\/#article\",\"isPartOf\":{\"@id\":\"https:\/\/kapitalis.com\/tunisie\/2021\/02\/12\/tunisie-appel-pour-permettre-lacces-equitable-aux-vaccins-des-populations-palestiniennes\/\"},\"author\":{\"name\":\"webmaster kapitalis\",\"@id\":\"https:\/\/kapitalis.com\/tunisie\/#\/schema\/person\/d71f33a9ca44f7bad4698210b480c8e9\"},\"headline\":\"Tunisie : Appel pour permettre \u00abl\u2019acc\u00e8s \u00e9quitable aux vaccins des populations palestiniennes\u00bb\",\"datePublished\":\"2021-02-12T11:31:08+00:00\",\"dateModified\":\"2021-02-12T11:31:10+00:00\",\"mainEntityOfPage\":{\"@id\":\"https:\/\/kapitalis.com\/tunisie\/2021\/02\/12\/tunisie-appel-pour-permettre-lacces-equitable-aux-vaccins-des-populations-palestiniennes\/\"},\"wordCount\":584,\"commentCount\":2,\"publisher\":{\"@id\":\"https:\/\/kapitalis.com\/tunisie\/#organization\"},\"image\":{\"@id\":\"https:\/\/kapitalis.com\/tunisie\/2021\/02\/12\/tunisie-appel-pour-permettre-lacces-equitable-aux-vaccins-des-populations-palestiniennes\/#primaryimage\"},\"thumbnailUrl\":\"http:\/\/kapitalis.com\/tunisie\/wp-content\/uploads\/2017\/04\/Palestiniens-1024x464.jpg\",\"keywords\":[\"colons isra\u00e9liens\",\"Covid-19\",\"Gaza\",\"Palestiniens incarc\u00e9r\u00e9s\",\"populations palestiniennes\",\"prisons isra\u00e9liennes\",\"territoires occup\u00e9s\",\"vaccins\"],\"articleSection\":[\"POLITIQUE\",\"Tunisie\"],\"inLanguage\":\"fr-FR\",\"potentialAction\":[{\"@type\":\"CommentAction\",\"name\":\"Comment\",\"target\":[\"https:\/\/kapitalis.com\/tunisie\/2021\/02\/12\/tunisie-appel-pour-permettre-lacces-equitable-aux-vaccins-des-populations-palestiniennes\/#respond\"]}]},{\"@type\":\"WebPage\",\"@id\":\"https:\/\/kapitalis.com\/tunisie\/2021\/02\/12\/tunisie-appel-pour-permettre-lacces-equitable-aux-vaccins-des-populations-palestiniennes\/\",\"url\":\"https:\/\/kapitalis.com\/tunisie\/2021\/02\/12\/tunisie-appel-pour-permettre-lacces-equitable-aux-vaccins-des-populations-palestiniennes\/\",\"name\":\"Tunisie : Appel pour permettre \u00abl\u2019acc\u00e8s \u00e9quitable aux vaccins des populations palestiniennes\u00bb - Kapitalis\",\"isPartOf\":{\"@id\":\"https:\/\/kapitalis.com\/tunisie\/#website\"},\"primaryImageOfPage\":{\"@id\":\"https:\/\/kapitalis.com\/tunisie\/2021\/02\/12\/tunisie-appel-pour-permettre-lacces-equitable-aux-vaccins-des-populations-palestiniennes\/#primaryimage\"},\"image\":{\"@id\":\"https:\/\/kapitalis.com\/tunisie\/2021\/02\/12\/tunisie-appel-pour-permettre-lacces-equitable-aux-vaccins-des-populations-palestiniennes\/#primaryimage\"},\"thumbnailUrl\":\"http:\/\/kapitalis.com\/tunisie\/wp-content\/uploads\/2017\/04\/Palestiniens-1024x464.jpg\",\"datePublished\":\"2021-02-12T11:31:08+00:00\",\"dateModified\":\"2021-02-12T11:31:10+00:00\",\"breadcrumb\":{\"@id\":\"https:\/\/kapitalis.com\/tunisie\/2021\/02\/12\/tunisie-appel-pour-permettre-lacces-equitable-aux-vaccins-des-populations-palestiniennes\/#breadcrumb\"},\"inLanguage\":\"fr-FR\",\"potentialAction\":[{\"@type\":\"ReadAction\",\"target\":[\"https:\/\/kapitalis.com\/tunisie\/2021\/02\/12\/tunisie-appel-pour-permettre-lacces-equitable-aux-vaccins-des-populations-palestiniennes\/\"]}]},{\"@type\":\"ImageObject\",\"inLanguage\":\"fr-FR\",\"@id\":\"https:\/\/kapitalis.com\/tunisie\/2021\/02\/12\/tunisie-appel-pour-permettre-lacces-equitable-aux-vaccins-des-populations-palestiniennes\/#primaryimage\",\"url\":\"\",\"contentUrl\":\"\"},{\"@type\":\"BreadcrumbList\",\"@id\":\"https:\/\/kapitalis.com\/tunisie\/2021\/02\/12\/tunisie-appel-pour-permettre-lacces-equitable-aux-vaccins-des-populations-palestiniennes\/#breadcrumb\",\"itemListElement\":[{\"@type\":\"ListItem\",\"position\":1,\"name\":\"Accueil\",\"item\":\"https:\/\/kapitalis.com\/tunisie\/\"},{\"@type\":\"ListItem\",\"position\":2,\"name\":\"Tunisie : Appel pour permettre \u00abl\u2019acc\u00e8s \u00e9quitable aux vaccins des populations palestiniennes\u00bb\"}]},{\"@type\":\"WebSite\",\"@id\":\"https:\/\/kapitalis.com\/tunisie\/#website\",\"url\":\"https:\/\/kapitalis.com\/tunisie\/\",\"name\":\"Kapitalis\",\"description\":\"L&#039;actualit\u00e9 en Tunisie et dans le monde\",\"publisher\":{\"@id\":\"https:\/\/kapitalis.com\/tunisie\/#organization\"},\"potentialAction\":[{\"@type\":\"SearchAction\",\"target\":{\"@type\":\"EntryPoint\",\"urlTemplate\":\"https:\/\/kapitalis.com\/tunisie\/?s={search_term_string}\"},\"query-input\":{\"@type\":\"PropertyValueSpecification\",\"valueRequired\":true,\"valueName\":\"search_term_string\"}}],\"inLanguage\":\"fr-FR\"},{\"@type\":\"Organization\",\"@id\":\"https:\/\/kapitalis.com\/tunisie\/#organization\",\"name\":\"Kapitalis\",\"url\":\"https:\/\/kapitalis.com\/tunisie\/\",\"logo\":{\"@type\":\"ImageObject\",\"inLanguage\":\"fr-FR\",\"@id\":\"https:\/\/kapitalis.com\/tunisie\/#\/schema\/logo\/image\/\",\"url\":\"https:\/\/kapitalis.com\/tunisie\/wp-content\/uploads\/2022\/05\/Kapitalis-big-size.png\",\"contentUrl\":\"https:\/\/kapitalis.com\/tunisie\/wp-content\/uploads\/2022\/05\/Kapitalis-big-size.png\",\"width\":5000,\"height\":1500,\"caption\":\"Kapitalis\"},\"image\":{\"@id\":\"https:\/\/kapitalis.com\/tunisie\/#\/schema\/logo\/image\/\"},\"sameAs\":[\"https:\/\/www.facebook.com\/KapitalisInfo\/\",\"https:\/\/x.com\/KapitalisInfo\",\"https:\/\/www.youtube.com\/channel\/UC-yDYrHyfFBWWZaOw3FPg9Q\"]},{\"@type\":\"Person\",\"@id\":\"https:\/\/kapitalis.com\/tunisie\/#\/schema\/person\/d71f33a9ca44f7bad4698210b480c8e9\",\"name\":\"webmaster kapitalis\",\"url\":\"https:\/\/kapitalis.com\/tunisie\/author\/webmaster-kapitalis\/\"}]}<\/script>\n<!-- \/ Yoast SEO plugin. -->","yoast_head_json":{"title":"Tunisie : Appel pour permettre \u00abl\u2019acc\u00e8s \u00e9quitable aux vaccins des populations palestiniennes\u00bb - Kapitalis","robots":{"index":"index","follow":"follow","max-snippet":"max-snippet:-1","max-image-preview":"max-image-preview:large","max-video-preview":"max-video-preview:-1"},"canonical":"https:\/\/kapitalis.com\/tunisie\/2021\/02\/12\/tunisie-appel-pour-permettre-lacces-equitable-aux-vaccins-des-populations-palestiniennes\/","og_locale":"fr_FR","og_type":"article","og_title":"Tunisie : Appel pour permettre \u00abl\u2019acc\u00e8s \u00e9quitable aux vaccins des populations palestiniennes\u00bb - Kapitalis","og_description":"Un groupe d\u2019organisations, d\u2019associations et de personnalit\u00e9s de la soci\u00e9t\u00e9 civile tunisienne a lanc\u00e9, aujourd\u2019hui, vendredi 12 f\u00e9vrier 2021, un appel \u00e0 l\u2019opinion publique internationale pour faire pression sur les autorit\u00e9s occupantes isra\u00e9liennes qu\u2019elles permettent \u00abl\u2019acc\u00e8s \u00e9quitable aux vaccins des populations palestiniennes des territoires occup\u00e9s\u00bb. Nous reproduisons ci-dessous le texte de l\u2019appel et la liste...","og_url":"https:\/\/kapitalis.com\/tunisie\/2021\/02\/12\/tunisie-appel-pour-permettre-lacces-equitable-aux-vaccins-des-populations-palestiniennes\/","og_site_name":"Kapitalis","article_publisher":"https:\/\/www.facebook.com\/KapitalisInfo\/","article_published_time":"2021-02-12T11:31:08+00:00","article_modified_time":"2021-02-12T11:31:10+00:00","og_image":[{"url":"http:\/\/kapitalis.com\/tunisie\/wp-content\/uploads\/2017\/04\/Palestiniens-1024x464.jpg","type":"","width":"","height":""}],"author":"webmaster kapitalis","twitter_card":"summary_large_image","twitter_creator":"@KapitalisInfo","twitter_site":"@KapitalisInfo","twitter_misc":{"\u00c9crit par":"webmaster kapitalis","Dur\u00e9e de lecture estim\u00e9e":"3 minutes"},"schema":{"@context":"https:\/\/schema.org","@graph":[{"@type":"Article","@id":"https:\/\/kapitalis.com\/tunisie\/2021\/02\/12\/tunisie-appel-pour-permettre-lacces-equitable-aux-vaccins-des-populations-palestiniennes\/#article","isPartOf":{"@id":"https:\/\/kapitalis.com\/tunisie\/2021\/02\/12\/tunisie-appel-pour-permettre-lacces-equitable-aux-vaccins-des-populations-palestiniennes\/"},"author":{"name":"webmaster kapitalis","@id":"https:\/\/kapitalis.com\/tunisie\/#\/schema\/person\/d71f33a9ca44f7bad4698210b480c8e9"},"headline":"Tunisie : Appel pour permettre \u00abl\u2019acc\u00e8s \u00e9quitable aux vaccins des populations palestiniennes\u00bb","datePublished":"2021-02-12T11:31:08+00:00","dateModified":"2021-02-12T11:31:10+00:00","mainEntityOfPage":{"@id":"https:\/\/kapitalis.com\/tunisie\/2021\/02\/12\/tunisie-appel-pour-permettre-lacces-equitable-aux-vaccins-des-populations-palestiniennes\/"},"wordCount":584,"commentCount":2,"publisher":{"@id":"https:\/\/kapitalis.com\/tunisie\/#organization"},"image":{"@id":"https:\/\/kapitalis.com\/tunisie\/2021\/02\/12\/tunisie-appel-pour-permettre-lacces-equitable-aux-vaccins-des-populations-palestiniennes\/#primaryimage"},"thumbnailUrl":"http:\/\/kapitalis.com\/tunisie\/wp-content\/uploads\/2017\/04\/Palestiniens-1024x464.jpg","keywords":["colons isra\u00e9liens","Covid-19","Gaza","Palestiniens incarc\u00e9r\u00e9s","populations palestiniennes","prisons isra\u00e9liennes","territoires occup\u00e9s","vaccins"],"articleSection":["POLITIQUE","Tunisie"],"inLanguage":"fr-FR","potentialAction":[{"@type":"CommentAction","name":"Comment","target":["https:\/\/kapitalis.com\/tunisie\/2021\/02\/12\/tunisie-appel-pour-permettre-lacces-equitable-aux-vaccins-des-populations-palestiniennes\/#respond"]}]},{"@type":"WebPage","@id":"https:\/\/kapitalis.com\/tunisie\/2021\/02\/12\/tunisie-appel-pour-permettre-lacces-equitable-aux-vaccins-des-populations-palestiniennes\/","url":"https:\/\/kapitalis.com\/tunisie\/2021\/02\/12\/tunisie-appel-pour-permettre-lacces-equitable-aux-vaccins-des-populations-palestiniennes\/","name":"Tunisie : Appel pour permettre \u00abl\u2019acc\u00e8s \u00e9quitable aux vaccins des populations palestiniennes\u00bb - Kapitalis","isPartOf":{"@id":"https:\/\/kapitalis.com\/tunisie\/#website"},"primaryImageOfPage":{"@id":"https:\/\/kapitalis.com\/tunisie\/2021\/02\/12\/tunisie-appel-pour-permettre-lacces-equitable-aux-vaccins-des-populations-palestiniennes\/#primaryimage"},"image":{"@id":"https:\/\/kapitalis.com\/tunisie\/2021\/02\/12\/tunisie-appel-pour-permettre-lacces-equitable-aux-vaccins-des-populations-palestiniennes\/#primaryimage"},"thumbnailUrl":"http:\/\/kapitalis.com\/tunisie\/wp-content\/uploads\/2017\/04\/Palestiniens-1024x464.jpg","datePublished":"2021-02-12T11:31:08+00:00","dateModified":"2021-02-12T11:31:10+00:00","breadcrumb":{"@id":"https:\/\/kapitalis.com\/tunisie\/2021\/02\/12\/tunisie-appel-pour-permettre-lacces-equitable-aux-vaccins-des-populations-palestiniennes\/#breadcrumb"},"inLanguage":"fr-FR","potentialAction":[{"@type":"ReadAction","target":["https:\/\/kapitalis.com\/tunisie\/2021\/02\/12\/tunisie-appel-pour-permettre-lacces-equitable-aux-vaccins-des-populations-palestiniennes\/"]}]},{"@type":"ImageObject","inLanguage":"fr-FR","@id":"https:\/\/kapitalis.com\/tunisie\/2021\/02\/12\/tunisie-appel-pour-permettre-lacces-equitable-aux-vaccins-des-populations-palestiniennes\/#primaryimage","url":"","contentUrl":""},{"@type":"BreadcrumbList","@id":"https:\/\/kapitalis.com\/tunisie\/2021\/02\/12\/tunisie-appel-pour-permettre-lacces-equitable-aux-vaccins-des-populations-palestiniennes\/#breadcrumb","itemListElement":[{"@type":"ListItem","position":1,"name":"Accueil","item":"https:\/\/kapitalis.com\/tunisie\/"},{"@type":"ListItem","position":2,"name":"Tunisie : Appel pour permettre \u00abl\u2019acc\u00e8s \u00e9quitable aux vaccins des populations palestiniennes\u00bb"}]},{"@type":"WebSite","@id":"https:\/\/kapitalis.com\/tunisie\/#website","url":"https:\/\/kapitalis.com\/tunisie\/","name":"Kapitalis","description":"L&#039;actualit\u00e9 en Tunisie et dans le monde","publisher":{"@id":"https:\/\/kapitalis.com\/tunisie\/#organization"},"potentialAction":[{"@type":"SearchAction","target":{"@type":"EntryPoint","urlTemplate":"https:\/\/kapitalis.com\/tunisie\/?s={search_term_string}"},"query-input":{"@type":"PropertyValueSpecification","valueRequired":true,"valueName":"search_term_string"}}],"inLanguage":"fr-FR"},{"@type":"Organization","@id":"https:\/\/kapitalis.com\/tunisie\/#organization","name":"Kapitalis","url":"https:\/\/kapitalis.com\/tunisie\/","logo":{"@type":"ImageObject","inLanguage":"fr-FR","@id":"https:\/\/kapitalis.com\/tunisie\/#\/schema\/logo\/image\/","url":"https:\/\/kapitalis.com\/tunisie\/wp-content\/uploads\/2022\/05\/Kapitalis-big-size.png","contentUrl":"https:\/\/kapitalis.com\/tunisie\/wp-content\/uploads\/2022\/05\/Kapitalis-big-size.png","width":5000,"height":1500,"caption":"Kapitalis"},"image":{"@id":"https:\/\/kapitalis.com\/tunisie\/#\/schema\/logo\/image\/"},"sameAs":["https:\/\/www.facebook.com\/KapitalisInfo\/","https:\/\/x.com\/KapitalisInfo","https:\/\/www.youtube.com\/channel\/UC-yDYrHyfFBWWZaOw3FPg9Q"]},{"@type":"Person","@id":"https:\/\/kapitalis.com\/tunisie\/#\/schema\/person\/d71f33a9ca44f7bad4698210b480c8e9","name":"webmaster kapitalis","url":"https:\/\/kapitalis.com\/tunisie\/author\/webmaster-kapitalis\/"}]}},"_links":{"self":[{"href":"https:\/\/kapitalis.com\/tunisie\/wp-json\/wp\/v2\/posts\/336022","targetHints":{"allow":["GET"]}}],"collection":[{"href":"https:\/\/kapitalis.com\/tunisie\/wp-json\/wp\/v2\/posts"}],"about":[{"href":"https:\/\/kapitalis.com\/tunisie\/wp-json\/wp\/v2\/types\/post"}],"author":[{"embeddable":true,"href":"https:\/\/kapitalis.com\/tunisie\/wp-json\/wp\/v2\/users\/8"}],"replies":[{"embeddable":true,"href":"https:\/\/kapitalis.com\/tunisie\/wp-json\/wp\/v2\/comments?post=336022"}],"version-history":[{"count":0,"href":"https:\/\/kapitalis.com\/tunisie\/wp-json\/wp\/v2\/posts\/336022\/revisions"}],"wp:attachment":[{"href":"https:\/\/kapitalis.com\/tunisie\/wp-json\/wp\/v2\/media?parent=336022"}],"wp:term":[{"taxonomy":"category","embeddable":true,"href":"https:\/\/kapitalis.com\/tunisie\/wp-json\/wp\/v2\/categories?post=336022"},{"taxonomy":"post_tag","embeddable":true,"href":"https:\/\/kapitalis.com\/tunisie\/wp-json\/wp\/v2\/tags?post=336022"}],"curies":[{"name":"wp","href":"https:\/\/api.w.org\/{rel}","templated":true}]}}