{"id":336123,"date":"2021-02-13T09:46:51","date_gmt":"2021-02-13T08:46:51","guid":{"rendered":"http:\/\/kapitalis.com\/tunisie\/?p=336123"},"modified":"2021-02-13T09:54:39","modified_gmt":"2021-02-13T08:54:39","slug":"yadh-elloumi-fait-un-pas-vers-la-direction-de-qalb-tounes","status":"publish","type":"post","link":"https:\/\/kapitalis.com\/tunisie\/2021\/02\/13\/yadh-elloumi-fait-un-pas-vers-la-direction-de-qalb-tounes\/","title":{"rendered":"Yadh Elloumi fait un pas vers la direction de Qalb Tounes"},"content":{"rendered":"\n<figure class=\"wp-block-image size-large\"><img decoding=\"async\" src=\"http:\/\/kapitalis.com\/tunisie\/wp-content\/uploads\/2020\/09\/Yadh-Elloumi-homme-au-chapelet.jpg\" alt=\"\" class=\"wp-image-316998\"\/><\/figure>\n\n\n\n<p><strong><em>La nomination de Yadh Elloumi comme pr\u00e9sident de son bureau politique va-t-elle mettre fin aux divisions apparues ces derni\u00e8res semaines dans les rangs de Qalb Tounes ? Rien n\u2019est moins s\u00fbr, d\u2019autant que le bloc parlementaire de ce parti a d\u00e9j\u00e0 enregistr\u00e9 plusieurs d\u00e9missions en moins d\u2019un an et rien ne garantit que d\u2019autres d\u00e9fections n\u2019auront pas lieu prochainement.<\/em><\/strong><\/p>\n\n\n\n<p>Par <strong>Imed Bahri<\/strong><\/p>\n\n\n\n<!--more-->\n\n\n\n<p>D\u00e9j\u00e0, la semaine derni\u00e8re, le m\u00eame Yadh Elloumi<strong> <\/strong>annon\u00e7ait dans des d\u00e9clarations de presse, avec son style tonitruant, qu\u2019il pourrait bien quitter bient\u00f4t Qalb Tounes sans donner plus de pr\u00e9cision. Mieux encore : lors de son passage, en ce d\u00e9but de semaine, dans l\u2019\u00e9mission<em> \u2018\u2018Rendez-vous 9\u2019\u2019 <\/em>sur la cha\u00eene Attessia, il avait confirm\u00e9 l\u2019existence de divergences au sein de la direction du parti, devenues criardes depuis l\u2019incarc\u00e9ration de son pr\u00e9sident-fondateur Nabil Karoui, poursuivi pour \u00e9vasion fiscale, corruption financi\u00e8re et blanchiment d\u2019argent. <em>\u00abNabil Karoui savait aplanir les divergences, rapprocher les points de vue et s\u00e9dimenter l\u2019unit\u00e9 du parti. Il faut dire que c\u2019est un g\u00e9nie. Son absence a laiss\u00e9 un grand vide\u00bb<\/em>, avait-il dit sur un ton mielleux qu\u2019on n\u2019apprend pas \u00e0 un ancien RCDiste, fort en courbettes et en <em>\u00abdonne ta main que je la mords\u00bb<\/em>.<\/p>\n\n\n\n<h3 class=\"wp-block-heading\">La d\u00e9cision est venue de la prison de Mornaguia<\/h3>\n\n\n\n<p>La menace de d\u00e9mission de M. Elloumi, qui est tr\u00e8s proche de Salwa Smaoui, l\u2019\u00e9pouse de M. Karoui, \u00e9tait donc, \u00e0 n\u2019en pas douter, un moyen de chantage et la r\u00e9action n\u2019a pas tard\u00e9 puisque sa promotion \u00e0 la t\u00eate du bureau politique a \u00e9t\u00e9 dict\u00e9e par M. Karoui lui-m\u00eame qui en a donn\u00e9 les instructions du fond de sa cellule de la prison de Mornaguia.<\/p>\n\n\n\n<p>Les d\u00e9m\u00eal\u00e9es du magnat de la t\u00e9l\u00e9vision et de la publicit\u00e9 avec la justice \u00e9tant appel\u00e9es \u00e0 durer longtemps, le temps de la justice \u00e9tant habituellement long et celui de la justice tunisienne l&rsquo;est encore davantage, les probl\u00e8mes de Qalb Tounes sont loin d\u2019\u00eatre termin\u00e9s et tout porte \u00e0 croire que la r\u00e9cente promotion de M. Elloumi ne va rien r\u00e9gler du tout, mais va plut\u00f4t exacerber les querelles de leadership en son sein ou, connaissant le temp\u00e9rament impulsif et le caract\u00e8re cassant de l\u2019expert-comptable \u2013 tr\u00e8s fort en (mauvais) calculs \u2013, provoquer de nouvelles divisions, d\u00e9fections et d\u00e9missions, alors que les app\u00e9tits s\u2019aiguisent sur un fond de crise politique g\u00e9n\u00e9ralis\u00e9e, suscitant des alliances et des contre-alliances parlementaires \u00e0 n\u2019en plus finir.<\/p>\n\n\n\n<h3 class=\"wp-block-heading\">En attendant le prochain \u00e9pisode<\/h3>\n\n\n\n<p>Yadh Elloumi, v\u00e9ritable girouette politique, qui n\u2019est pas \u00e0 un retournement de veste pr\u00e8s, pass\u00e9 sans transition du RCD au CPR puis \u00e0 Qalb Tounes, pourrait bien briguer la pr\u00e9sidence de ce parti ou\u2026 en claquer la porte si ses ambitions venaient \u00e0 y \u00eatre contrari\u00e9es pour aller renforcer les rangs d\u2019une autre formation. Ennahdha, par exemple\u2026 Avec lui, le spectacle est toujours garanti et on ne risque jamais de s\u2019ennuyer. Et c&rsquo;est peut-\u00eatre l\u00e0 son unique qualit\u00e9. Alors <em>wait and see<\/em>\u2026<\/p>\n","protected":false},"excerpt":{"rendered":"<p>La nomination de Yadh Elloumi comme pr\u00e9sident de son bureau politique va-t-elle mettre fin aux divisions apparues ces derni\u00e8res semaines dans les rangs de Qalb Tounes ? Rien n\u2019est moins s\u00fbr, d\u2019autant que le bloc parlementaire de ce parti a d\u00e9j\u00e0 enregistr\u00e9 plusieurs d\u00e9missions en moins d\u2019un an et rien ne garantit que d\u2019autres d\u00e9fections&#8230;<\/p>\n","protected":false},"author":8,"featured_media":0,"comment_status":"open","ping_status":"open","sticky":false,"template":"","format":"standard","meta":{"footnotes":""},"categories":[992,997,2433],"tags":[49543,651,61989,65453,72051],"class_list":["post-336123","post","type-post","status-publish","format-standard","hentry","category-a-la-une","category-politique","category-tunisie","tag-ennahdha","tag-nabil-karoui","tag-qalb-tounes","tag-salwa-smaoui","tag-yadh-elloumi"],"yoast_head":"<!-- This site is optimized with the Yoast SEO plugin v26.6 - https:\/\/yoast.com\/wordpress\/plugins\/seo\/ -->\n<title>Yadh Elloumi fait un pas vers la direction de Qalb Tounes - Kapitalis<\/title>\n<meta name=\"robots\" content=\"index, follow, max-snippet:-1, max-image-preview:large, max-video-preview:-1\" \/>\n<link rel=\"canonical\" href=\"https:\/\/kapitalis.com\/tunisie\/2021\/02\/13\/yadh-elloumi-fait-un-pas-vers-la-direction-de-qalb-tounes\/\" \/>\n<meta property=\"og:locale\" content=\"fr_FR\" \/>\n<meta property=\"og:type\" content=\"article\" \/>\n<meta property=\"og:title\" content=\"Yadh Elloumi fait un pas vers la direction de Qalb Tounes - Kapitalis\" \/>\n<meta property=\"og:description\" content=\"La nomination de Yadh Elloumi comme pr\u00e9sident de son bureau politique va-t-elle mettre fin aux divisions apparues ces derni\u00e8res semaines dans les rangs de Qalb Tounes ? Rien n\u2019est moins s\u00fbr, d\u2019autant que le bloc parlementaire de ce parti a d\u00e9j\u00e0 enregistr\u00e9 plusieurs d\u00e9missions en moins d\u2019un an et rien ne garantit que d\u2019autres d\u00e9fections...\" \/>\n<meta property=\"og:url\" content=\"https:\/\/kapitalis.com\/tunisie\/2021\/02\/13\/yadh-elloumi-fait-un-pas-vers-la-direction-de-qalb-tounes\/\" \/>\n<meta property=\"og:site_name\" content=\"Kapitalis\" \/>\n<meta property=\"article:publisher\" content=\"https:\/\/www.facebook.com\/KapitalisInfo\/\" \/>\n<meta property=\"article:published_time\" content=\"2021-02-13T08:46:51+00:00\" \/>\n<meta property=\"article:modified_time\" content=\"2021-02-13T08:54:39+00:00\" \/>\n<meta property=\"og:image\" content=\"http:\/\/kapitalis.com\/tunisie\/wp-content\/uploads\/2020\/09\/Yadh-Elloumi-homme-au-chapelet.jpg\" \/>\n<meta name=\"author\" content=\"webmaster kapitalis\" \/>\n<meta name=\"twitter:card\" content=\"summary_large_image\" \/>\n<meta name=\"twitter:creator\" content=\"@KapitalisInfo\" \/>\n<meta name=\"twitter:site\" content=\"@KapitalisInfo\" \/>\n<meta name=\"twitter:label1\" content=\"\u00c9crit par\" \/>\n\t<meta name=\"twitter:data1\" content=\"webmaster kapitalis\" \/>\n\t<meta name=\"twitter:label2\" content=\"Dur\u00e9e de lecture estim\u00e9e\" \/>\n\t<meta name=\"twitter:data2\" content=\"3 minutes\" \/>\n<script type=\"application\/ld+json\" class=\"yoast-schema-graph\">{\"@context\":\"https:\/\/schema.org\",\"@graph\":[{\"@type\":\"Article\",\"@id\":\"https:\/\/kapitalis.com\/tunisie\/2021\/02\/13\/yadh-elloumi-fait-un-pas-vers-la-direction-de-qalb-tounes\/#article\",\"isPartOf\":{\"@id\":\"https:\/\/kapitalis.com\/tunisie\/2021\/02\/13\/yadh-elloumi-fait-un-pas-vers-la-direction-de-qalb-tounes\/\"},\"author\":{\"name\":\"webmaster kapitalis\",\"@id\":\"https:\/\/kapitalis.com\/tunisie\/#\/schema\/person\/d71f33a9ca44f7bad4698210b480c8e9\"},\"headline\":\"Yadh Elloumi fait un pas vers la direction de Qalb Tounes\",\"datePublished\":\"2021-02-13T08:46:51+00:00\",\"dateModified\":\"2021-02-13T08:54:39+00:00\",\"mainEntityOfPage\":{\"@id\":\"https:\/\/kapitalis.com\/tunisie\/2021\/02\/13\/yadh-elloumi-fait-un-pas-vers-la-direction-de-qalb-tounes\/\"},\"wordCount\":555,\"commentCount\":11,\"publisher\":{\"@id\":\"https:\/\/kapitalis.com\/tunisie\/#organization\"},\"image\":{\"@id\":\"https:\/\/kapitalis.com\/tunisie\/2021\/02\/13\/yadh-elloumi-fait-un-pas-vers-la-direction-de-qalb-tounes\/#primaryimage\"},\"thumbnailUrl\":\"http:\/\/kapitalis.com\/tunisie\/wp-content\/uploads\/2020\/09\/Yadh-Elloumi-homme-au-chapelet.jpg\",\"keywords\":[\"Ennahdha\",\"Nabil Karoui\",\"Qalb Tounes\",\"Salwa Smaoui\",\"Yadh Elloumi\"],\"articleSection\":[\"A LA UNE\",\"POLITIQUE\",\"Tunisie\"],\"inLanguage\":\"fr-FR\",\"potentialAction\":[{\"@type\":\"CommentAction\",\"name\":\"Comment\",\"target\":[\"https:\/\/kapitalis.com\/tunisie\/2021\/02\/13\/yadh-elloumi-fait-un-pas-vers-la-direction-de-qalb-tounes\/#respond\"]}]},{\"@type\":\"WebPage\",\"@id\":\"https:\/\/kapitalis.com\/tunisie\/2021\/02\/13\/yadh-elloumi-fait-un-pas-vers-la-direction-de-qalb-tounes\/\",\"url\":\"https:\/\/kapitalis.com\/tunisie\/2021\/02\/13\/yadh-elloumi-fait-un-pas-vers-la-direction-de-qalb-tounes\/\",\"name\":\"Yadh Elloumi fait un pas vers la direction de Qalb Tounes - Kapitalis\",\"isPartOf\":{\"@id\":\"https:\/\/kapitalis.com\/tunisie\/#website\"},\"primaryImageOfPage\":{\"@id\":\"https:\/\/kapitalis.com\/tunisie\/2021\/02\/13\/yadh-elloumi-fait-un-pas-vers-la-direction-de-qalb-tounes\/#primaryimage\"},\"image\":{\"@id\":\"https:\/\/kapitalis.com\/tunisie\/2021\/02\/13\/yadh-elloumi-fait-un-pas-vers-la-direction-de-qalb-tounes\/#primaryimage\"},\"thumbnailUrl\":\"http:\/\/kapitalis.com\/tunisie\/wp-content\/uploads\/2020\/09\/Yadh-Elloumi-homme-au-chapelet.jpg\",\"datePublished\":\"2021-02-13T08:46:51+00:00\",\"dateModified\":\"2021-02-13T08:54:39+00:00\",\"breadcrumb\":{\"@id\":\"https:\/\/kapitalis.com\/tunisie\/2021\/02\/13\/yadh-elloumi-fait-un-pas-vers-la-direction-de-qalb-tounes\/#breadcrumb\"},\"inLanguage\":\"fr-FR\",\"potentialAction\":[{\"@type\":\"ReadAction\",\"target\":[\"https:\/\/kapitalis.com\/tunisie\/2021\/02\/13\/yadh-elloumi-fait-un-pas-vers-la-direction-de-qalb-tounes\/\"]}]},{\"@type\":\"ImageObject\",\"inLanguage\":\"fr-FR\",\"@id\":\"https:\/\/kapitalis.com\/tunisie\/2021\/02\/13\/yadh-elloumi-fait-un-pas-vers-la-direction-de-qalb-tounes\/#primaryimage\",\"url\":\"\",\"contentUrl\":\"\"},{\"@type\":\"BreadcrumbList\",\"@id\":\"https:\/\/kapitalis.com\/tunisie\/2021\/02\/13\/yadh-elloumi-fait-un-pas-vers-la-direction-de-qalb-tounes\/#breadcrumb\",\"itemListElement\":[{\"@type\":\"ListItem\",\"position\":1,\"name\":\"Accueil\",\"item\":\"https:\/\/kapitalis.com\/tunisie\/\"},{\"@type\":\"ListItem\",\"position\":2,\"name\":\"Yadh Elloumi fait un pas vers la direction de Qalb Tounes\"}]},{\"@type\":\"WebSite\",\"@id\":\"https:\/\/kapitalis.com\/tunisie\/#website\",\"url\":\"https:\/\/kapitalis.com\/tunisie\/\",\"name\":\"Kapitalis\",\"description\":\"L&#039;actualit\u00e9 en Tunisie et dans le monde\",\"publisher\":{\"@id\":\"https:\/\/kapitalis.com\/tunisie\/#organization\"},\"potentialAction\":[{\"@type\":\"SearchAction\",\"target\":{\"@type\":\"EntryPoint\",\"urlTemplate\":\"https:\/\/kapitalis.com\/tunisie\/?s={search_term_string}\"},\"query-input\":{\"@type\":\"PropertyValueSpecification\",\"valueRequired\":true,\"valueName\":\"search_term_string\"}}],\"inLanguage\":\"fr-FR\"},{\"@type\":\"Organization\",\"@id\":\"https:\/\/kapitalis.com\/tunisie\/#organization\",\"name\":\"Kapitalis\",\"url\":\"https:\/\/kapitalis.com\/tunisie\/\",\"logo\":{\"@type\":\"ImageObject\",\"inLanguage\":\"fr-FR\",\"@id\":\"https:\/\/kapitalis.com\/tunisie\/#\/schema\/logo\/image\/\",\"url\":\"https:\/\/kapitalis.com\/tunisie\/wp-content\/uploads\/2022\/05\/Kapitalis-big-size.png\",\"contentUrl\":\"https:\/\/kapitalis.com\/tunisie\/wp-content\/uploads\/2022\/05\/Kapitalis-big-size.png\",\"width\":5000,\"height\":1500,\"caption\":\"Kapitalis\"},\"image\":{\"@id\":\"https:\/\/kapitalis.com\/tunisie\/#\/schema\/logo\/image\/\"},\"sameAs\":[\"https:\/\/www.facebook.com\/KapitalisInfo\/\",\"https:\/\/x.com\/KapitalisInfo\",\"https:\/\/www.youtube.com\/channel\/UC-yDYrHyfFBWWZaOw3FPg9Q\"]},{\"@type\":\"Person\",\"@id\":\"https:\/\/kapitalis.com\/tunisie\/#\/schema\/person\/d71f33a9ca44f7bad4698210b480c8e9\",\"name\":\"webmaster kapitalis\",\"url\":\"https:\/\/kapitalis.com\/tunisie\/author\/webmaster-kapitalis\/\"}]}<\/script>\n<!-- \/ Yoast SEO plugin. -->","yoast_head_json":{"title":"Yadh Elloumi fait un pas vers la direction de Qalb Tounes - Kapitalis","robots":{"index":"index","follow":"follow","max-snippet":"max-snippet:-1","max-image-preview":"max-image-preview:large","max-video-preview":"max-video-preview:-1"},"canonical":"https:\/\/kapitalis.com\/tunisie\/2021\/02\/13\/yadh-elloumi-fait-un-pas-vers-la-direction-de-qalb-tounes\/","og_locale":"fr_FR","og_type":"article","og_title":"Yadh Elloumi fait un pas vers la direction de Qalb Tounes - Kapitalis","og_description":"La nomination de Yadh Elloumi comme pr\u00e9sident de son bureau politique va-t-elle mettre fin aux divisions apparues ces derni\u00e8res semaines dans les rangs de Qalb Tounes ? Rien n\u2019est moins s\u00fbr, d\u2019autant que le bloc parlementaire de ce parti a d\u00e9j\u00e0 enregistr\u00e9 plusieurs d\u00e9missions en moins d\u2019un an et rien ne garantit que d\u2019autres d\u00e9fections...","og_url":"https:\/\/kapitalis.com\/tunisie\/2021\/02\/13\/yadh-elloumi-fait-un-pas-vers-la-direction-de-qalb-tounes\/","og_site_name":"Kapitalis","article_publisher":"https:\/\/www.facebook.com\/KapitalisInfo\/","article_published_time":"2021-02-13T08:46:51+00:00","article_modified_time":"2021-02-13T08:54:39+00:00","og_image":[{"url":"http:\/\/kapitalis.com\/tunisie\/wp-content\/uploads\/2020\/09\/Yadh-Elloumi-homme-au-chapelet.jpg","type":"","width":"","height":""}],"author":"webmaster kapitalis","twitter_card":"summary_large_image","twitter_creator":"@KapitalisInfo","twitter_site":"@KapitalisInfo","twitter_misc":{"\u00c9crit par":"webmaster kapitalis","Dur\u00e9e de lecture estim\u00e9e":"3 minutes"},"schema":{"@context":"https:\/\/schema.org","@graph":[{"@type":"Article","@id":"https:\/\/kapitalis.com\/tunisie\/2021\/02\/13\/yadh-elloumi-fait-un-pas-vers-la-direction-de-qalb-tounes\/#article","isPartOf":{"@id":"https:\/\/kapitalis.com\/tunisie\/2021\/02\/13\/yadh-elloumi-fait-un-pas-vers-la-direction-de-qalb-tounes\/"},"author":{"name":"webmaster kapitalis","@id":"https:\/\/kapitalis.com\/tunisie\/#\/schema\/person\/d71f33a9ca44f7bad4698210b480c8e9"},"headline":"Yadh Elloumi fait un pas vers la direction de Qalb Tounes","datePublished":"2021-02-13T08:46:51+00:00","dateModified":"2021-02-13T08:54:39+00:00","mainEntityOfPage":{"@id":"https:\/\/kapitalis.com\/tunisie\/2021\/02\/13\/yadh-elloumi-fait-un-pas-vers-la-direction-de-qalb-tounes\/"},"wordCount":555,"commentCount":11,"publisher":{"@id":"https:\/\/kapitalis.com\/tunisie\/#organization"},"image":{"@id":"https:\/\/kapitalis.com\/tunisie\/2021\/02\/13\/yadh-elloumi-fait-un-pas-vers-la-direction-de-qalb-tounes\/#primaryimage"},"thumbnailUrl":"http:\/\/kapitalis.com\/tunisie\/wp-content\/uploads\/2020\/09\/Yadh-Elloumi-homme-au-chapelet.jpg","keywords":["Ennahdha","Nabil Karoui","Qalb Tounes","Salwa Smaoui","Yadh Elloumi"],"articleSection":["A LA UNE","POLITIQUE","Tunisie"],"inLanguage":"fr-FR","potentialAction":[{"@type":"CommentAction","name":"Comment","target":["https:\/\/kapitalis.com\/tunisie\/2021\/02\/13\/yadh-elloumi-fait-un-pas-vers-la-direction-de-qalb-tounes\/#respond"]}]},{"@type":"WebPage","@id":"https:\/\/kapitalis.com\/tunisie\/2021\/02\/13\/yadh-elloumi-fait-un-pas-vers-la-direction-de-qalb-tounes\/","url":"https:\/\/kapitalis.com\/tunisie\/2021\/02\/13\/yadh-elloumi-fait-un-pas-vers-la-direction-de-qalb-tounes\/","name":"Yadh Elloumi fait un pas vers la direction de Qalb Tounes - Kapitalis","isPartOf":{"@id":"https:\/\/kapitalis.com\/tunisie\/#website"},"primaryImageOfPage":{"@id":"https:\/\/kapitalis.com\/tunisie\/2021\/02\/13\/yadh-elloumi-fait-un-pas-vers-la-direction-de-qalb-tounes\/#primaryimage"},"image":{"@id":"https:\/\/kapitalis.com\/tunisie\/2021\/02\/13\/yadh-elloumi-fait-un-pas-vers-la-direction-de-qalb-tounes\/#primaryimage"},"thumbnailUrl":"http:\/\/kapitalis.com\/tunisie\/wp-content\/uploads\/2020\/09\/Yadh-Elloumi-homme-au-chapelet.jpg","datePublished":"2021-02-13T08:46:51+00:00","dateModified":"2021-02-13T08:54:39+00:00","breadcrumb":{"@id":"https:\/\/kapitalis.com\/tunisie\/2021\/02\/13\/yadh-elloumi-fait-un-pas-vers-la-direction-de-qalb-tounes\/#breadcrumb"},"inLanguage":"fr-FR","potentialAction":[{"@type":"ReadAction","target":["https:\/\/kapitalis.com\/tunisie\/2021\/02\/13\/yadh-elloumi-fait-un-pas-vers-la-direction-de-qalb-tounes\/"]}]},{"@type":"ImageObject","inLanguage":"fr-FR","@id":"https:\/\/kapitalis.com\/tunisie\/2021\/02\/13\/yadh-elloumi-fait-un-pas-vers-la-direction-de-qalb-tounes\/#primaryimage","url":"","contentUrl":""},{"@type":"BreadcrumbList","@id":"https:\/\/kapitalis.com\/tunisie\/2021\/02\/13\/yadh-elloumi-fait-un-pas-vers-la-direction-de-qalb-tounes\/#breadcrumb","itemListElement":[{"@type":"ListItem","position":1,"name":"Accueil","item":"https:\/\/kapitalis.com\/tunisie\/"},{"@type":"ListItem","position":2,"name":"Yadh Elloumi fait un pas vers la direction de Qalb Tounes"}]},{"@type":"WebSite","@id":"https:\/\/kapitalis.com\/tunisie\/#website","url":"https:\/\/kapitalis.com\/tunisie\/","name":"Kapitalis","description":"L&#039;actualit\u00e9 en Tunisie et dans le monde","publisher":{"@id":"https:\/\/kapitalis.com\/tunisie\/#organization"},"potentialAction":[{"@type":"SearchAction","target":{"@type":"EntryPoint","urlTemplate":"https:\/\/kapitalis.com\/tunisie\/?s={search_term_string}"},"query-input":{"@type":"PropertyValueSpecification","valueRequired":true,"valueName":"search_term_string"}}],"inLanguage":"fr-FR"},{"@type":"Organization","@id":"https:\/\/kapitalis.com\/tunisie\/#organization","name":"Kapitalis","url":"https:\/\/kapitalis.com\/tunisie\/","logo":{"@type":"ImageObject","inLanguage":"fr-FR","@id":"https:\/\/kapitalis.com\/tunisie\/#\/schema\/logo\/image\/","url":"https:\/\/kapitalis.com\/tunisie\/wp-content\/uploads\/2022\/05\/Kapitalis-big-size.png","contentUrl":"https:\/\/kapitalis.com\/tunisie\/wp-content\/uploads\/2022\/05\/Kapitalis-big-size.png","width":5000,"height":1500,"caption":"Kapitalis"},"image":{"@id":"https:\/\/kapitalis.com\/tunisie\/#\/schema\/logo\/image\/"},"sameAs":["https:\/\/www.facebook.com\/KapitalisInfo\/","https:\/\/x.com\/KapitalisInfo","https:\/\/www.youtube.com\/channel\/UC-yDYrHyfFBWWZaOw3FPg9Q"]},{"@type":"Person","@id":"https:\/\/kapitalis.com\/tunisie\/#\/schema\/person\/d71f33a9ca44f7bad4698210b480c8e9","name":"webmaster kapitalis","url":"https:\/\/kapitalis.com\/tunisie\/author\/webmaster-kapitalis\/"}]}},"_links":{"self":[{"href":"https:\/\/kapitalis.com\/tunisie\/wp-json\/wp\/v2\/posts\/336123","targetHints":{"allow":["GET"]}}],"collection":[{"href":"https:\/\/kapitalis.com\/tunisie\/wp-json\/wp\/v2\/posts"}],"about":[{"href":"https:\/\/kapitalis.com\/tunisie\/wp-json\/wp\/v2\/types\/post"}],"author":[{"embeddable":true,"href":"https:\/\/kapitalis.com\/tunisie\/wp-json\/wp\/v2\/users\/8"}],"replies":[{"embeddable":true,"href":"https:\/\/kapitalis.com\/tunisie\/wp-json\/wp\/v2\/comments?post=336123"}],"version-history":[{"count":0,"href":"https:\/\/kapitalis.com\/tunisie\/wp-json\/wp\/v2\/posts\/336123\/revisions"}],"wp:attachment":[{"href":"https:\/\/kapitalis.com\/tunisie\/wp-json\/wp\/v2\/media?parent=336123"}],"wp:term":[{"taxonomy":"category","embeddable":true,"href":"https:\/\/kapitalis.com\/tunisie\/wp-json\/wp\/v2\/categories?post=336123"},{"taxonomy":"post_tag","embeddable":true,"href":"https:\/\/kapitalis.com\/tunisie\/wp-json\/wp\/v2\/tags?post=336123"}],"curies":[{"name":"wp","href":"https:\/\/api.w.org\/{rel}","templated":true}]}}