{"id":336172,"date":"2021-02-13T16:26:36","date_gmt":"2021-02-13T15:26:36","guid":{"rendered":"http:\/\/kapitalis.com\/tunisie\/?p=336172"},"modified":"2021-02-14T23:34:58","modified_gmt":"2021-02-14T22:34:58","slug":"le-pere-de-manar-appelle-a-laide-pour-retrouver-sa-fille-souffrant-dun-handicap-mental-disparue-a-borj-cedira","status":"publish","type":"post","link":"https:\/\/kapitalis.com\/tunisie\/2021\/02\/13\/le-pere-de-manar-appelle-a-laide-pour-retrouver-sa-fille-souffrant-dun-handicap-mental-disparue-a-borj-cedira\/","title":{"rendered":"Le p\u00e8re de Manar appelle \u00e0 l&rsquo;aide pour retrouver sa fille, souffrant d&rsquo;un handicap mental, disparue \u00e0 Borj Cedira"},"content":{"rendered":"\n<figure class=\"wp-block-image size-large\"><img decoding=\"async\" src=\"http:\/\/kapitalis.com\/tunisie\/wp-content\/uploads\/2021\/02\/Manar-Hammami-disparue.jpg\" alt=\"\" class=\"wp-image-336174\"\/><\/figure>\n\n\n\n<p><strong><em>Manar Hammami, jeune fille souffrant d&rsquo;un handicap mental, \u00e2g\u00e9e de 20 ans est port\u00e9e disparue depuis 2 jours. Son p\u00e8re appelle \u00e0 l&rsquo;aide pour la retrouver.<\/em><\/strong><\/p>\n\n\n\n<!--more-->\n\n\n\n<p>La jeune fille a quitt\u00e9 le domicile familial, situ\u00e9 \u00e0 Borj C\u00e9dria (sud de Tunis) et n&rsquo;a plus donn\u00e9 signe de vie, explique Mohamed Ali Hammami, dans une declaration, ce samedi 13 f\u00e9vrier 2021, \u00e0 Kapitalis, en pr\u00e9cisant que sa fille portait le jour de sa disparition un surv\u00eatement pour homme de couleur noire.<\/p>\n\n\n\n<p>Le p\u00e8re a alert\u00e9 la police et effectue des recherches depuis le 11 f\u00e9vrier, mais en vain. Il a \u00e9galement lanc\u00e9 un appel \u00e0 t\u00e9moins sur les r\u00e9seaux sociaux, tout en affirmant que des t\u00e9moins l&rsquo;ont contact\u00e9, affirmant l&rsquo;avoir vue \u00e0 l&rsquo;Ariana.<\/p>\n\n\n\n<p>Mohamed Ali Hammami s&rsquo;est rendu \u00e0 l&rsquo;Ariana aujourd&rsquo;hui et a cherch\u00e9 sa fille, mais sans r\u00e9sultat en affirmant qu&rsquo;un restaurateur de l&rsquo;Ariana affirme \u00e9galement l&rsquo;avoir vue et qu&rsquo;elle lui a demand\u00e9 \u00e0 manger, en disant qu&rsquo;elle \u00e9tait sans famille et qu&rsquo;elle n&rsquo;avait pas o\u00f9 habiter.<\/p>\n\n\n\n<p>Toute personne pouvait aider \u00e0 la retrouver est pri\u00e9e de contacter sa famille au : 21.634.940.<\/p>\n\n\n\n<p class=\"has-text-align-right\"><strong>Y. N.<\/strong><\/p>\n","protected":false},"excerpt":{"rendered":"<p>Manar Hammami, jeune fille souffrant d&rsquo;un handicap mental, \u00e2g\u00e9e de 20 ans est port\u00e9e disparue depuis 2 jours. Son p\u00e8re appelle \u00e0 l&rsquo;aide pour la retrouver.<\/p>\n","protected":false},"author":6,"featured_media":336174,"comment_status":"open","ping_status":"open","sticky":false,"template":"","format":"standard","meta":{"footnotes":""},"categories":[998,2433],"tags":[76,79,79814,282,12353,64491],"class_list":["post-336172","post","type-post","status-publish","format-standard","has-post-thumbnail","hentry","category-societe","category-tunisie","tag-appel-a-temoins","tag-ariana","tag-borj-cedria-2","tag-disparition","tag-handicap","tag-tunis"],"yoast_head":"<!-- This site is optimized with the Yoast SEO plugin v26.6 - https:\/\/yoast.com\/wordpress\/plugins\/seo\/ -->\n<title>Le p\u00e8re de Manar appelle \u00e0 l&#039;aide pour retrouver sa fille, souffrant d&#039;un handicap mental, disparue \u00e0 Borj Cedira - Kapitalis<\/title>\n<meta name=\"robots\" content=\"index, follow, max-snippet:-1, max-image-preview:large, max-video-preview:-1\" \/>\n<link rel=\"canonical\" href=\"https:\/\/kapitalis.com\/tunisie\/2021\/02\/13\/le-pere-de-manar-appelle-a-laide-pour-retrouver-sa-fille-souffrant-dun-handicap-mental-disparue-a-borj-cedira\/\" \/>\n<meta property=\"og:locale\" content=\"fr_FR\" \/>\n<meta property=\"og:type\" content=\"article\" \/>\n<meta property=\"og:title\" content=\"Le p\u00e8re de Manar appelle \u00e0 l&#039;aide pour retrouver sa fille, souffrant d&#039;un handicap mental, disparue \u00e0 Borj Cedira - Kapitalis\" \/>\n<meta property=\"og:description\" content=\"Manar Hammami, jeune fille souffrant d&rsquo;un handicap mental, \u00e2g\u00e9e de 20 ans est port\u00e9e disparue depuis 2 jours. Son p\u00e8re appelle \u00e0 l&rsquo;aide pour la retrouver.\" \/>\n<meta property=\"og:url\" content=\"https:\/\/kapitalis.com\/tunisie\/2021\/02\/13\/le-pere-de-manar-appelle-a-laide-pour-retrouver-sa-fille-souffrant-dun-handicap-mental-disparue-a-borj-cedira\/\" \/>\n<meta property=\"og:site_name\" content=\"Kapitalis\" \/>\n<meta property=\"article:publisher\" content=\"https:\/\/www.facebook.com\/KapitalisInfo\/\" \/>\n<meta property=\"article:published_time\" content=\"2021-02-13T15:26:36+00:00\" \/>\n<meta property=\"article:modified_time\" content=\"2021-02-14T22:34:58+00:00\" \/>\n<meta property=\"og:image\" content=\"https:\/\/kapitalis.com\/tunisie\/wp-content\/uploads\/2022\/05\/kapitalis-logo-fb.png\" \/>\n\t<meta property=\"og:image:width\" content=\"1200\" \/>\n\t<meta property=\"og:image:height\" content=\"630\" \/>\n\t<meta property=\"og:image:type\" content=\"image\/png\" \/>\n<meta name=\"author\" content=\"Yusra NY\" \/>\n<meta name=\"twitter:card\" content=\"summary_large_image\" \/>\n<meta name=\"twitter:creator\" content=\"@KapitalisInfo\" \/>\n<meta name=\"twitter:site\" content=\"@KapitalisInfo\" \/>\n<meta name=\"twitter:label1\" content=\"\u00c9crit par\" \/>\n\t<meta name=\"twitter:data1\" content=\"Yusra NY\" \/>\n\t<meta name=\"twitter:label2\" content=\"Dur\u00e9e de lecture estim\u00e9e\" \/>\n\t<meta name=\"twitter:data2\" content=\"1 minute\" \/>\n<script type=\"application\/ld+json\" class=\"yoast-schema-graph\">{\"@context\":\"https:\/\/schema.org\",\"@graph\":[{\"@type\":\"Article\",\"@id\":\"https:\/\/kapitalis.com\/tunisie\/2021\/02\/13\/le-pere-de-manar-appelle-a-laide-pour-retrouver-sa-fille-souffrant-dun-handicap-mental-disparue-a-borj-cedira\/#article\",\"isPartOf\":{\"@id\":\"https:\/\/kapitalis.com\/tunisie\/2021\/02\/13\/le-pere-de-manar-appelle-a-laide-pour-retrouver-sa-fille-souffrant-dun-handicap-mental-disparue-a-borj-cedira\/\"},\"author\":{\"name\":\"Yusra NY\",\"@id\":\"https:\/\/kapitalis.com\/tunisie\/#\/schema\/person\/74bbde0154d49d790a92aaeac5bc01d5\"},\"headline\":\"Le p\u00e8re de Manar appelle \u00e0 l&rsquo;aide pour retrouver sa fille, souffrant d&rsquo;un handicap mental, disparue \u00e0 Borj Cedira\",\"datePublished\":\"2021-02-13T15:26:36+00:00\",\"dateModified\":\"2021-02-14T22:34:58+00:00\",\"mainEntityOfPage\":{\"@id\":\"https:\/\/kapitalis.com\/tunisie\/2021\/02\/13\/le-pere-de-manar-appelle-a-laide-pour-retrouver-sa-fille-souffrant-dun-handicap-mental-disparue-a-borj-cedira\/\"},\"wordCount\":202,\"commentCount\":0,\"publisher\":{\"@id\":\"https:\/\/kapitalis.com\/tunisie\/#organization\"},\"image\":{\"@id\":\"https:\/\/kapitalis.com\/tunisie\/2021\/02\/13\/le-pere-de-manar-appelle-a-laide-pour-retrouver-sa-fille-souffrant-dun-handicap-mental-disparue-a-borj-cedira\/#primaryimage\"},\"thumbnailUrl\":\"\",\"keywords\":[\"appel \u00e0 t\u00e9moins\",\"Ariana\",\"Borj C\u00e9dria\",\"Disparition\",\"handicap\",\"Tunis\"],\"articleSection\":[\"SOCIETE\",\"Tunisie\"],\"inLanguage\":\"fr-FR\",\"potentialAction\":[{\"@type\":\"CommentAction\",\"name\":\"Comment\",\"target\":[\"https:\/\/kapitalis.com\/tunisie\/2021\/02\/13\/le-pere-de-manar-appelle-a-laide-pour-retrouver-sa-fille-souffrant-dun-handicap-mental-disparue-a-borj-cedira\/#respond\"]}]},{\"@type\":\"WebPage\",\"@id\":\"https:\/\/kapitalis.com\/tunisie\/2021\/02\/13\/le-pere-de-manar-appelle-a-laide-pour-retrouver-sa-fille-souffrant-dun-handicap-mental-disparue-a-borj-cedira\/\",\"url\":\"https:\/\/kapitalis.com\/tunisie\/2021\/02\/13\/le-pere-de-manar-appelle-a-laide-pour-retrouver-sa-fille-souffrant-dun-handicap-mental-disparue-a-borj-cedira\/\",\"name\":\"Le p\u00e8re de Manar appelle \u00e0 l'aide pour retrouver sa fille, souffrant d'un handicap mental, disparue \u00e0 Borj Cedira - Kapitalis\",\"isPartOf\":{\"@id\":\"https:\/\/kapitalis.com\/tunisie\/#website\"},\"primaryImageOfPage\":{\"@id\":\"https:\/\/kapitalis.com\/tunisie\/2021\/02\/13\/le-pere-de-manar-appelle-a-laide-pour-retrouver-sa-fille-souffrant-dun-handicap-mental-disparue-a-borj-cedira\/#primaryimage\"},\"image\":{\"@id\":\"https:\/\/kapitalis.com\/tunisie\/2021\/02\/13\/le-pere-de-manar-appelle-a-laide-pour-retrouver-sa-fille-souffrant-dun-handicap-mental-disparue-a-borj-cedira\/#primaryimage\"},\"thumbnailUrl\":\"\",\"datePublished\":\"2021-02-13T15:26:36+00:00\",\"dateModified\":\"2021-02-14T22:34:58+00:00\",\"breadcrumb\":{\"@id\":\"https:\/\/kapitalis.com\/tunisie\/2021\/02\/13\/le-pere-de-manar-appelle-a-laide-pour-retrouver-sa-fille-souffrant-dun-handicap-mental-disparue-a-borj-cedira\/#breadcrumb\"},\"inLanguage\":\"fr-FR\",\"potentialAction\":[{\"@type\":\"ReadAction\",\"target\":[\"https:\/\/kapitalis.com\/tunisie\/2021\/02\/13\/le-pere-de-manar-appelle-a-laide-pour-retrouver-sa-fille-souffrant-dun-handicap-mental-disparue-a-borj-cedira\/\"]}]},{\"@type\":\"ImageObject\",\"inLanguage\":\"fr-FR\",\"@id\":\"https:\/\/kapitalis.com\/tunisie\/2021\/02\/13\/le-pere-de-manar-appelle-a-laide-pour-retrouver-sa-fille-souffrant-dun-handicap-mental-disparue-a-borj-cedira\/#primaryimage\",\"url\":\"\",\"contentUrl\":\"\"},{\"@type\":\"BreadcrumbList\",\"@id\":\"https:\/\/kapitalis.com\/tunisie\/2021\/02\/13\/le-pere-de-manar-appelle-a-laide-pour-retrouver-sa-fille-souffrant-dun-handicap-mental-disparue-a-borj-cedira\/#breadcrumb\",\"itemListElement\":[{\"@type\":\"ListItem\",\"position\":1,\"name\":\"Accueil\",\"item\":\"https:\/\/kapitalis.com\/tunisie\/\"},{\"@type\":\"ListItem\",\"position\":2,\"name\":\"Le p\u00e8re de Manar appelle \u00e0 l&rsquo;aide pour retrouver sa fille, souffrant d&rsquo;un handicap mental, disparue \u00e0 Borj Cedira\"}]},{\"@type\":\"WebSite\",\"@id\":\"https:\/\/kapitalis.com\/tunisie\/#website\",\"url\":\"https:\/\/kapitalis.com\/tunisie\/\",\"name\":\"Kapitalis\",\"description\":\"L&#039;actualit\u00e9 en Tunisie et dans le monde\",\"publisher\":{\"@id\":\"https:\/\/kapitalis.com\/tunisie\/#organization\"},\"potentialAction\":[{\"@type\":\"SearchAction\",\"target\":{\"@type\":\"EntryPoint\",\"urlTemplate\":\"https:\/\/kapitalis.com\/tunisie\/?s={search_term_string}\"},\"query-input\":{\"@type\":\"PropertyValueSpecification\",\"valueRequired\":true,\"valueName\":\"search_term_string\"}}],\"inLanguage\":\"fr-FR\"},{\"@type\":\"Organization\",\"@id\":\"https:\/\/kapitalis.com\/tunisie\/#organization\",\"name\":\"Kapitalis\",\"url\":\"https:\/\/kapitalis.com\/tunisie\/\",\"logo\":{\"@type\":\"ImageObject\",\"inLanguage\":\"fr-FR\",\"@id\":\"https:\/\/kapitalis.com\/tunisie\/#\/schema\/logo\/image\/\",\"url\":\"https:\/\/kapitalis.com\/tunisie\/wp-content\/uploads\/2022\/05\/Kapitalis-big-size.png\",\"contentUrl\":\"https:\/\/kapitalis.com\/tunisie\/wp-content\/uploads\/2022\/05\/Kapitalis-big-size.png\",\"width\":5000,\"height\":1500,\"caption\":\"Kapitalis\"},\"image\":{\"@id\":\"https:\/\/kapitalis.com\/tunisie\/#\/schema\/logo\/image\/\"},\"sameAs\":[\"https:\/\/www.facebook.com\/KapitalisInfo\/\",\"https:\/\/x.com\/KapitalisInfo\",\"https:\/\/www.youtube.com\/channel\/UC-yDYrHyfFBWWZaOw3FPg9Q\"]},{\"@type\":\"Person\",\"@id\":\"https:\/\/kapitalis.com\/tunisie\/#\/schema\/person\/74bbde0154d49d790a92aaeac5bc01d5\",\"name\":\"Yusra NY\",\"url\":\"https:\/\/kapitalis.com\/tunisie\/author\/yuza_adam\/\"}]}<\/script>\n<!-- \/ Yoast SEO plugin. -->","yoast_head_json":{"title":"Le p\u00e8re de Manar appelle \u00e0 l'aide pour retrouver sa fille, souffrant d'un handicap mental, disparue \u00e0 Borj Cedira - Kapitalis","robots":{"index":"index","follow":"follow","max-snippet":"max-snippet:-1","max-image-preview":"max-image-preview:large","max-video-preview":"max-video-preview:-1"},"canonical":"https:\/\/kapitalis.com\/tunisie\/2021\/02\/13\/le-pere-de-manar-appelle-a-laide-pour-retrouver-sa-fille-souffrant-dun-handicap-mental-disparue-a-borj-cedira\/","og_locale":"fr_FR","og_type":"article","og_title":"Le p\u00e8re de Manar appelle \u00e0 l'aide pour retrouver sa fille, souffrant d'un handicap mental, disparue \u00e0 Borj Cedira - Kapitalis","og_description":"Manar Hammami, jeune fille souffrant d&rsquo;un handicap mental, \u00e2g\u00e9e de 20 ans est port\u00e9e disparue depuis 2 jours. Son p\u00e8re appelle \u00e0 l&rsquo;aide pour la retrouver.","og_url":"https:\/\/kapitalis.com\/tunisie\/2021\/02\/13\/le-pere-de-manar-appelle-a-laide-pour-retrouver-sa-fille-souffrant-dun-handicap-mental-disparue-a-borj-cedira\/","og_site_name":"Kapitalis","article_publisher":"https:\/\/www.facebook.com\/KapitalisInfo\/","article_published_time":"2021-02-13T15:26:36+00:00","article_modified_time":"2021-02-14T22:34:58+00:00","og_image":[{"width":1200,"height":630,"url":"https:\/\/kapitalis.com\/tunisie\/wp-content\/uploads\/2022\/05\/kapitalis-logo-fb.png","type":"image\/png"}],"author":"Yusra NY","twitter_card":"summary_large_image","twitter_creator":"@KapitalisInfo","twitter_site":"@KapitalisInfo","twitter_misc":{"\u00c9crit par":"Yusra NY","Dur\u00e9e de lecture estim\u00e9e":"1 minute"},"schema":{"@context":"https:\/\/schema.org","@graph":[{"@type":"Article","@id":"https:\/\/kapitalis.com\/tunisie\/2021\/02\/13\/le-pere-de-manar-appelle-a-laide-pour-retrouver-sa-fille-souffrant-dun-handicap-mental-disparue-a-borj-cedira\/#article","isPartOf":{"@id":"https:\/\/kapitalis.com\/tunisie\/2021\/02\/13\/le-pere-de-manar-appelle-a-laide-pour-retrouver-sa-fille-souffrant-dun-handicap-mental-disparue-a-borj-cedira\/"},"author":{"name":"Yusra NY","@id":"https:\/\/kapitalis.com\/tunisie\/#\/schema\/person\/74bbde0154d49d790a92aaeac5bc01d5"},"headline":"Le p\u00e8re de Manar appelle \u00e0 l&rsquo;aide pour retrouver sa fille, souffrant d&rsquo;un handicap mental, disparue \u00e0 Borj Cedira","datePublished":"2021-02-13T15:26:36+00:00","dateModified":"2021-02-14T22:34:58+00:00","mainEntityOfPage":{"@id":"https:\/\/kapitalis.com\/tunisie\/2021\/02\/13\/le-pere-de-manar-appelle-a-laide-pour-retrouver-sa-fille-souffrant-dun-handicap-mental-disparue-a-borj-cedira\/"},"wordCount":202,"commentCount":0,"publisher":{"@id":"https:\/\/kapitalis.com\/tunisie\/#organization"},"image":{"@id":"https:\/\/kapitalis.com\/tunisie\/2021\/02\/13\/le-pere-de-manar-appelle-a-laide-pour-retrouver-sa-fille-souffrant-dun-handicap-mental-disparue-a-borj-cedira\/#primaryimage"},"thumbnailUrl":"","keywords":["appel \u00e0 t\u00e9moins","Ariana","Borj C\u00e9dria","Disparition","handicap","Tunis"],"articleSection":["SOCIETE","Tunisie"],"inLanguage":"fr-FR","potentialAction":[{"@type":"CommentAction","name":"Comment","target":["https:\/\/kapitalis.com\/tunisie\/2021\/02\/13\/le-pere-de-manar-appelle-a-laide-pour-retrouver-sa-fille-souffrant-dun-handicap-mental-disparue-a-borj-cedira\/#respond"]}]},{"@type":"WebPage","@id":"https:\/\/kapitalis.com\/tunisie\/2021\/02\/13\/le-pere-de-manar-appelle-a-laide-pour-retrouver-sa-fille-souffrant-dun-handicap-mental-disparue-a-borj-cedira\/","url":"https:\/\/kapitalis.com\/tunisie\/2021\/02\/13\/le-pere-de-manar-appelle-a-laide-pour-retrouver-sa-fille-souffrant-dun-handicap-mental-disparue-a-borj-cedira\/","name":"Le p\u00e8re de Manar appelle \u00e0 l'aide pour retrouver sa fille, souffrant d'un handicap mental, disparue \u00e0 Borj Cedira - Kapitalis","isPartOf":{"@id":"https:\/\/kapitalis.com\/tunisie\/#website"},"primaryImageOfPage":{"@id":"https:\/\/kapitalis.com\/tunisie\/2021\/02\/13\/le-pere-de-manar-appelle-a-laide-pour-retrouver-sa-fille-souffrant-dun-handicap-mental-disparue-a-borj-cedira\/#primaryimage"},"image":{"@id":"https:\/\/kapitalis.com\/tunisie\/2021\/02\/13\/le-pere-de-manar-appelle-a-laide-pour-retrouver-sa-fille-souffrant-dun-handicap-mental-disparue-a-borj-cedira\/#primaryimage"},"thumbnailUrl":"","datePublished":"2021-02-13T15:26:36+00:00","dateModified":"2021-02-14T22:34:58+00:00","breadcrumb":{"@id":"https:\/\/kapitalis.com\/tunisie\/2021\/02\/13\/le-pere-de-manar-appelle-a-laide-pour-retrouver-sa-fille-souffrant-dun-handicap-mental-disparue-a-borj-cedira\/#breadcrumb"},"inLanguage":"fr-FR","potentialAction":[{"@type":"ReadAction","target":["https:\/\/kapitalis.com\/tunisie\/2021\/02\/13\/le-pere-de-manar-appelle-a-laide-pour-retrouver-sa-fille-souffrant-dun-handicap-mental-disparue-a-borj-cedira\/"]}]},{"@type":"ImageObject","inLanguage":"fr-FR","@id":"https:\/\/kapitalis.com\/tunisie\/2021\/02\/13\/le-pere-de-manar-appelle-a-laide-pour-retrouver-sa-fille-souffrant-dun-handicap-mental-disparue-a-borj-cedira\/#primaryimage","url":"","contentUrl":""},{"@type":"BreadcrumbList","@id":"https:\/\/kapitalis.com\/tunisie\/2021\/02\/13\/le-pere-de-manar-appelle-a-laide-pour-retrouver-sa-fille-souffrant-dun-handicap-mental-disparue-a-borj-cedira\/#breadcrumb","itemListElement":[{"@type":"ListItem","position":1,"name":"Accueil","item":"https:\/\/kapitalis.com\/tunisie\/"},{"@type":"ListItem","position":2,"name":"Le p\u00e8re de Manar appelle \u00e0 l&rsquo;aide pour retrouver sa fille, souffrant d&rsquo;un handicap mental, disparue \u00e0 Borj Cedira"}]},{"@type":"WebSite","@id":"https:\/\/kapitalis.com\/tunisie\/#website","url":"https:\/\/kapitalis.com\/tunisie\/","name":"Kapitalis","description":"L&#039;actualit\u00e9 en Tunisie et dans le monde","publisher":{"@id":"https:\/\/kapitalis.com\/tunisie\/#organization"},"potentialAction":[{"@type":"SearchAction","target":{"@type":"EntryPoint","urlTemplate":"https:\/\/kapitalis.com\/tunisie\/?s={search_term_string}"},"query-input":{"@type":"PropertyValueSpecification","valueRequired":true,"valueName":"search_term_string"}}],"inLanguage":"fr-FR"},{"@type":"Organization","@id":"https:\/\/kapitalis.com\/tunisie\/#organization","name":"Kapitalis","url":"https:\/\/kapitalis.com\/tunisie\/","logo":{"@type":"ImageObject","inLanguage":"fr-FR","@id":"https:\/\/kapitalis.com\/tunisie\/#\/schema\/logo\/image\/","url":"https:\/\/kapitalis.com\/tunisie\/wp-content\/uploads\/2022\/05\/Kapitalis-big-size.png","contentUrl":"https:\/\/kapitalis.com\/tunisie\/wp-content\/uploads\/2022\/05\/Kapitalis-big-size.png","width":5000,"height":1500,"caption":"Kapitalis"},"image":{"@id":"https:\/\/kapitalis.com\/tunisie\/#\/schema\/logo\/image\/"},"sameAs":["https:\/\/www.facebook.com\/KapitalisInfo\/","https:\/\/x.com\/KapitalisInfo","https:\/\/www.youtube.com\/channel\/UC-yDYrHyfFBWWZaOw3FPg9Q"]},{"@type":"Person","@id":"https:\/\/kapitalis.com\/tunisie\/#\/schema\/person\/74bbde0154d49d790a92aaeac5bc01d5","name":"Yusra NY","url":"https:\/\/kapitalis.com\/tunisie\/author\/yuza_adam\/"}]}},"_links":{"self":[{"href":"https:\/\/kapitalis.com\/tunisie\/wp-json\/wp\/v2\/posts\/336172","targetHints":{"allow":["GET"]}}],"collection":[{"href":"https:\/\/kapitalis.com\/tunisie\/wp-json\/wp\/v2\/posts"}],"about":[{"href":"https:\/\/kapitalis.com\/tunisie\/wp-json\/wp\/v2\/types\/post"}],"author":[{"embeddable":true,"href":"https:\/\/kapitalis.com\/tunisie\/wp-json\/wp\/v2\/users\/6"}],"replies":[{"embeddable":true,"href":"https:\/\/kapitalis.com\/tunisie\/wp-json\/wp\/v2\/comments?post=336172"}],"version-history":[{"count":0,"href":"https:\/\/kapitalis.com\/tunisie\/wp-json\/wp\/v2\/posts\/336172\/revisions"}],"wp:featuredmedia":[{"embeddable":true,"href":"https:\/\/kapitalis.com\/tunisie\/wp-json\/wp\/v2\/media\/336174"}],"wp:attachment":[{"href":"https:\/\/kapitalis.com\/tunisie\/wp-json\/wp\/v2\/media?parent=336172"}],"wp:term":[{"taxonomy":"category","embeddable":true,"href":"https:\/\/kapitalis.com\/tunisie\/wp-json\/wp\/v2\/categories?post=336172"},{"taxonomy":"post_tag","embeddable":true,"href":"https:\/\/kapitalis.com\/tunisie\/wp-json\/wp\/v2\/tags?post=336172"}],"curies":[{"name":"wp","href":"https:\/\/api.w.org\/{rel}","templated":true}]}}