{"id":336305,"date":"2021-02-15T13:19:05","date_gmt":"2021-02-15T12:19:05","guid":{"rendered":"http:\/\/kapitalis.com\/tunisie\/?p=336305"},"modified":"2021-02-15T20:12:12","modified_gmt":"2021-02-15T19:12:12","slug":"tunisie-lassociation-des-militaires-retraites-porte-plainte-contre-tarek-haddad-el-kamour","status":"publish","type":"post","link":"https:\/\/kapitalis.com\/tunisie\/2021\/02\/15\/tunisie-lassociation-des-militaires-retraites-porte-plainte-contre-tarek-haddad-el-kamour\/","title":{"rendered":"Tunisie : L&rsquo;Association des militaires retrait\u00e9s porte plainte contre Tarek Haddad (El-Kamour)"},"content":{"rendered":"\n<figure class=\"wp-block-image size-large\"><img decoding=\"async\" src=\"http:\/\/kapitalis.com\/tunisie\/wp-content\/uploads\/2021\/02\/Tarek-Haddad-armee.jpg\" alt=\"\" class=\"wp-image-336308\"\/><\/figure>\n\n\n\n<p><strong><em>L&rsquo;Association tunisienne des militaires retrait\u00e9s a d\u00e9cid\u00e9 de saisir la justice contre le porte-parole du mouvement El-Kamour, Tarek Haddad, pour atteinte \u00e0 l&rsquo;arm\u00e9e nationale et \u00e0 la dignit\u00e9 des soldats.<\/em><\/strong><\/p>\n\n\n\n<!--more-->\n\n\n\n<p>Suite \u00e0 la vid\u00e9o publi\u00e9e, il y a 3 jours, par Tarek Haddad, o\u00f9 il a insult\u00e9 les soldats qui l&rsquo;on emp\u00each\u00e9 de fermer la vanne, les traitant notamment de \u00ab<em>chiens et de vendus<\/em>\u00bb, entre autres insultes et menaces, l&rsquo;Association a estim\u00e9 que la justice doit absolument intervenir pour mettre fin \u00e0 cet abus, qu&rsquo;elle consid\u00e8re \u00e9galement comme un appel \u00e0 la haine.<\/p>\n\n\n\n<p>L&rsquo;ATMR, qui a fermement d\u00e9nonc\u00e9 les propos de Tarek Haddad, a pr\u00e9cis\u00e9, dans un communiqu\u00e9 publi\u00e9, hier, dimanche 14 f\u00e9vrier 2021, qu&rsquo;elle prendra toutes les mesures l\u00e9gales n\u00e9cessaires pour pr\u00e9server la dignit\u00e9 des militaires.<\/p>\n\n\n\n<p>Rappelons que jeudi dernier, Tarek Haddad accompagn\u00e9 de quelques autres membres du mouvement El-Kamour avaient tent\u00e9 de fermer une vanne et en ont \u00e9t\u00e9 emp\u00each\u00e9s par des soldats d\u00e9ploy\u00e9s pour prot\u00e9ger le site.<\/p>\n\n\n\n<p class=\"has-text-align-right\"><strong>Y. N.<\/strong><\/p>\n\n\n\n<figure class=\"wp-block-embed is-type-wp-embed is-provider-kapitalis wp-block-embed-kapitalis\"><div class=\"wp-block-embed__wrapper\">\n<blockquote class=\"wp-embedded-content\" data-secret=\"F4ODiNSfVN\"><a href=\"https:\/\/kapitalis.com\/tunisie\/2021\/02\/11\/larmee-empeche-les-membres-du-mouvement-el-kamour-de-fermer-la-vanne-de-petrole\/\">L&rsquo;arm\u00e9e emp\u00eache les membres du mouvement El-Kamour de fermer la vanne de p\u00e9trole<\/a><\/blockquote><iframe loading=\"lazy\" class=\"wp-embedded-content\" sandbox=\"allow-scripts\" security=\"restricted\" style=\"position: absolute; clip: rect(1px, 1px, 1px, 1px);\" title=\"\u00ab\u00a0L&rsquo;arm\u00e9e emp\u00eache les membres du mouvement El-Kamour de fermer la vanne de p\u00e9trole\u00a0\u00bb &#8212; Kapitalis\" src=\"https:\/\/kapitalis.com\/tunisie\/2021\/02\/11\/larmee-empeche-les-membres-du-mouvement-el-kamour-de-fermer-la-vanne-de-petrole\/embed\/#?secret=4zmy8eWDqC#?secret=F4ODiNSfVN\" data-secret=\"F4ODiNSfVN\" width=\"600\" height=\"338\" frameborder=\"0\" marginwidth=\"0\" marginheight=\"0\" scrolling=\"no\"><\/iframe>\n<\/div><\/figure>\n","protected":false},"excerpt":{"rendered":"<p>L&rsquo;Association tunisienne des militaires retrait\u00e9s a d\u00e9cid\u00e9 de saisir la justice contre le porte-parole du mouvement El-Kamour, Tarek Haddad, pour atteinte \u00e0 l&rsquo;arm\u00e9e nationale et \u00e0 la dignit\u00e9 des soldats.<\/p>\n","protected":false},"author":6,"featured_media":336308,"comment_status":"open","ping_status":"open","sticky":false,"template":"","format":"standard","meta":{"footnotes":""},"categories":[998,2433],"tags":[80,95,87497,64355,87496,721,844,43054,80914],"class_list":["post-336305","post","type-post","status-publish","format-standard","has-post-thumbnail","hentry","category-societe","category-tunisie","tag-armee","tag-association","tag-elkamour","tag-justice","tag-militaires-retraites","tag-plainte","tag-soldats","tag-tarek-haddad","tag-vanne"],"yoast_head":"<!-- This site is optimized with the Yoast SEO plugin v26.6 - https:\/\/yoast.com\/wordpress\/plugins\/seo\/ -->\n<title>Tunisie : L&#039;Association des militaires retrait\u00e9s porte plainte contre Tarek Haddad (El-Kamour) - Kapitalis<\/title>\n<meta name=\"robots\" content=\"index, follow, max-snippet:-1, max-image-preview:large, max-video-preview:-1\" \/>\n<link rel=\"canonical\" href=\"https:\/\/kapitalis.com\/tunisie\/2021\/02\/15\/tunisie-lassociation-des-militaires-retraites-porte-plainte-contre-tarek-haddad-el-kamour\/\" \/>\n<meta property=\"og:locale\" content=\"fr_FR\" \/>\n<meta property=\"og:type\" content=\"article\" \/>\n<meta property=\"og:title\" content=\"Tunisie : L&#039;Association des militaires retrait\u00e9s porte plainte contre Tarek Haddad (El-Kamour) - Kapitalis\" \/>\n<meta property=\"og:description\" content=\"L&rsquo;Association tunisienne des militaires retrait\u00e9s a d\u00e9cid\u00e9 de saisir la justice contre le porte-parole du mouvement El-Kamour, Tarek Haddad, pour atteinte \u00e0 l&rsquo;arm\u00e9e nationale et \u00e0 la dignit\u00e9 des soldats.\" \/>\n<meta property=\"og:url\" content=\"https:\/\/kapitalis.com\/tunisie\/2021\/02\/15\/tunisie-lassociation-des-militaires-retraites-porte-plainte-contre-tarek-haddad-el-kamour\/\" \/>\n<meta property=\"og:site_name\" content=\"Kapitalis\" \/>\n<meta property=\"article:publisher\" content=\"https:\/\/www.facebook.com\/KapitalisInfo\/\" \/>\n<meta property=\"article:published_time\" content=\"2021-02-15T12:19:05+00:00\" \/>\n<meta property=\"article:modified_time\" content=\"2021-02-15T19:12:12+00:00\" \/>\n<meta property=\"og:image\" content=\"https:\/\/kapitalis.com\/tunisie\/wp-content\/uploads\/2022\/05\/kapitalis-logo-fb.png\" \/>\n\t<meta property=\"og:image:width\" content=\"1200\" \/>\n\t<meta property=\"og:image:height\" content=\"630\" \/>\n\t<meta property=\"og:image:type\" content=\"image\/png\" \/>\n<meta name=\"author\" content=\"Yusra NY\" \/>\n<meta name=\"twitter:card\" content=\"summary_large_image\" \/>\n<meta name=\"twitter:creator\" content=\"@KapitalisInfo\" \/>\n<meta name=\"twitter:site\" content=\"@KapitalisInfo\" \/>\n<meta name=\"twitter:label1\" content=\"\u00c9crit par\" \/>\n\t<meta name=\"twitter:data1\" content=\"Yusra NY\" \/>\n\t<meta name=\"twitter:label2\" content=\"Dur\u00e9e de lecture estim\u00e9e\" \/>\n\t<meta name=\"twitter:data2\" content=\"1 minute\" \/>\n<script type=\"application\/ld+json\" class=\"yoast-schema-graph\">{\"@context\":\"https:\/\/schema.org\",\"@graph\":[{\"@type\":\"Article\",\"@id\":\"https:\/\/kapitalis.com\/tunisie\/2021\/02\/15\/tunisie-lassociation-des-militaires-retraites-porte-plainte-contre-tarek-haddad-el-kamour\/#article\",\"isPartOf\":{\"@id\":\"https:\/\/kapitalis.com\/tunisie\/2021\/02\/15\/tunisie-lassociation-des-militaires-retraites-porte-plainte-contre-tarek-haddad-el-kamour\/\"},\"author\":{\"name\":\"Yusra NY\",\"@id\":\"https:\/\/kapitalis.com\/tunisie\/#\/schema\/person\/74bbde0154d49d790a92aaeac5bc01d5\"},\"headline\":\"Tunisie : L&rsquo;Association des militaires retrait\u00e9s porte plainte contre Tarek Haddad (El-Kamour)\",\"datePublished\":\"2021-02-15T12:19:05+00:00\",\"dateModified\":\"2021-02-15T19:12:12+00:00\",\"mainEntityOfPage\":{\"@id\":\"https:\/\/kapitalis.com\/tunisie\/2021\/02\/15\/tunisie-lassociation-des-militaires-retraites-porte-plainte-contre-tarek-haddad-el-kamour\/\"},\"wordCount\":189,\"commentCount\":2,\"publisher\":{\"@id\":\"https:\/\/kapitalis.com\/tunisie\/#organization\"},\"image\":{\"@id\":\"https:\/\/kapitalis.com\/tunisie\/2021\/02\/15\/tunisie-lassociation-des-militaires-retraites-porte-plainte-contre-tarek-haddad-el-kamour\/#primaryimage\"},\"thumbnailUrl\":\"\",\"keywords\":[\"arm\u00e9e\",\"association\",\"ElKamour\",\"justice\",\"militaires retrait\u00e9s\",\"plainte\",\"soldats\",\"Tarek Haddad\",\"vanne\"],\"articleSection\":[\"SOCIETE\",\"Tunisie\"],\"inLanguage\":\"fr-FR\",\"potentialAction\":[{\"@type\":\"CommentAction\",\"name\":\"Comment\",\"target\":[\"https:\/\/kapitalis.com\/tunisie\/2021\/02\/15\/tunisie-lassociation-des-militaires-retraites-porte-plainte-contre-tarek-haddad-el-kamour\/#respond\"]}]},{\"@type\":\"WebPage\",\"@id\":\"https:\/\/kapitalis.com\/tunisie\/2021\/02\/15\/tunisie-lassociation-des-militaires-retraites-porte-plainte-contre-tarek-haddad-el-kamour\/\",\"url\":\"https:\/\/kapitalis.com\/tunisie\/2021\/02\/15\/tunisie-lassociation-des-militaires-retraites-porte-plainte-contre-tarek-haddad-el-kamour\/\",\"name\":\"Tunisie : L'Association des militaires retrait\u00e9s porte plainte contre Tarek Haddad (El-Kamour) - Kapitalis\",\"isPartOf\":{\"@id\":\"https:\/\/kapitalis.com\/tunisie\/#website\"},\"primaryImageOfPage\":{\"@id\":\"https:\/\/kapitalis.com\/tunisie\/2021\/02\/15\/tunisie-lassociation-des-militaires-retraites-porte-plainte-contre-tarek-haddad-el-kamour\/#primaryimage\"},\"image\":{\"@id\":\"https:\/\/kapitalis.com\/tunisie\/2021\/02\/15\/tunisie-lassociation-des-militaires-retraites-porte-plainte-contre-tarek-haddad-el-kamour\/#primaryimage\"},\"thumbnailUrl\":\"\",\"datePublished\":\"2021-02-15T12:19:05+00:00\",\"dateModified\":\"2021-02-15T19:12:12+00:00\",\"breadcrumb\":{\"@id\":\"https:\/\/kapitalis.com\/tunisie\/2021\/02\/15\/tunisie-lassociation-des-militaires-retraites-porte-plainte-contre-tarek-haddad-el-kamour\/#breadcrumb\"},\"inLanguage\":\"fr-FR\",\"potentialAction\":[{\"@type\":\"ReadAction\",\"target\":[\"https:\/\/kapitalis.com\/tunisie\/2021\/02\/15\/tunisie-lassociation-des-militaires-retraites-porte-plainte-contre-tarek-haddad-el-kamour\/\"]}]},{\"@type\":\"ImageObject\",\"inLanguage\":\"fr-FR\",\"@id\":\"https:\/\/kapitalis.com\/tunisie\/2021\/02\/15\/tunisie-lassociation-des-militaires-retraites-porte-plainte-contre-tarek-haddad-el-kamour\/#primaryimage\",\"url\":\"\",\"contentUrl\":\"\"},{\"@type\":\"BreadcrumbList\",\"@id\":\"https:\/\/kapitalis.com\/tunisie\/2021\/02\/15\/tunisie-lassociation-des-militaires-retraites-porte-plainte-contre-tarek-haddad-el-kamour\/#breadcrumb\",\"itemListElement\":[{\"@type\":\"ListItem\",\"position\":1,\"name\":\"Accueil\",\"item\":\"https:\/\/kapitalis.com\/tunisie\/\"},{\"@type\":\"ListItem\",\"position\":2,\"name\":\"Tunisie : L&rsquo;Association des militaires retrait\u00e9s porte plainte contre Tarek Haddad (El-Kamour)\"}]},{\"@type\":\"WebSite\",\"@id\":\"https:\/\/kapitalis.com\/tunisie\/#website\",\"url\":\"https:\/\/kapitalis.com\/tunisie\/\",\"name\":\"Kapitalis\",\"description\":\"L&#039;actualit\u00e9 en Tunisie et dans le monde\",\"publisher\":{\"@id\":\"https:\/\/kapitalis.com\/tunisie\/#organization\"},\"potentialAction\":[{\"@type\":\"SearchAction\",\"target\":{\"@type\":\"EntryPoint\",\"urlTemplate\":\"https:\/\/kapitalis.com\/tunisie\/?s={search_term_string}\"},\"query-input\":{\"@type\":\"PropertyValueSpecification\",\"valueRequired\":true,\"valueName\":\"search_term_string\"}}],\"inLanguage\":\"fr-FR\"},{\"@type\":\"Organization\",\"@id\":\"https:\/\/kapitalis.com\/tunisie\/#organization\",\"name\":\"Kapitalis\",\"url\":\"https:\/\/kapitalis.com\/tunisie\/\",\"logo\":{\"@type\":\"ImageObject\",\"inLanguage\":\"fr-FR\",\"@id\":\"https:\/\/kapitalis.com\/tunisie\/#\/schema\/logo\/image\/\",\"url\":\"https:\/\/kapitalis.com\/tunisie\/wp-content\/uploads\/2022\/05\/Kapitalis-big-size.png\",\"contentUrl\":\"https:\/\/kapitalis.com\/tunisie\/wp-content\/uploads\/2022\/05\/Kapitalis-big-size.png\",\"width\":5000,\"height\":1500,\"caption\":\"Kapitalis\"},\"image\":{\"@id\":\"https:\/\/kapitalis.com\/tunisie\/#\/schema\/logo\/image\/\"},\"sameAs\":[\"https:\/\/www.facebook.com\/KapitalisInfo\/\",\"https:\/\/x.com\/KapitalisInfo\",\"https:\/\/www.youtube.com\/channel\/UC-yDYrHyfFBWWZaOw3FPg9Q\"]},{\"@type\":\"Person\",\"@id\":\"https:\/\/kapitalis.com\/tunisie\/#\/schema\/person\/74bbde0154d49d790a92aaeac5bc01d5\",\"name\":\"Yusra NY\",\"url\":\"https:\/\/kapitalis.com\/tunisie\/author\/yuza_adam\/\"}]}<\/script>\n<!-- \/ Yoast SEO plugin. -->","yoast_head_json":{"title":"Tunisie : L'Association des militaires retrait\u00e9s porte plainte contre Tarek Haddad (El-Kamour) - Kapitalis","robots":{"index":"index","follow":"follow","max-snippet":"max-snippet:-1","max-image-preview":"max-image-preview:large","max-video-preview":"max-video-preview:-1"},"canonical":"https:\/\/kapitalis.com\/tunisie\/2021\/02\/15\/tunisie-lassociation-des-militaires-retraites-porte-plainte-contre-tarek-haddad-el-kamour\/","og_locale":"fr_FR","og_type":"article","og_title":"Tunisie : L'Association des militaires retrait\u00e9s porte plainte contre Tarek Haddad (El-Kamour) - Kapitalis","og_description":"L&rsquo;Association tunisienne des militaires retrait\u00e9s a d\u00e9cid\u00e9 de saisir la justice contre le porte-parole du mouvement El-Kamour, Tarek Haddad, pour atteinte \u00e0 l&rsquo;arm\u00e9e nationale et \u00e0 la dignit\u00e9 des soldats.","og_url":"https:\/\/kapitalis.com\/tunisie\/2021\/02\/15\/tunisie-lassociation-des-militaires-retraites-porte-plainte-contre-tarek-haddad-el-kamour\/","og_site_name":"Kapitalis","article_publisher":"https:\/\/www.facebook.com\/KapitalisInfo\/","article_published_time":"2021-02-15T12:19:05+00:00","article_modified_time":"2021-02-15T19:12:12+00:00","og_image":[{"width":1200,"height":630,"url":"https:\/\/kapitalis.com\/tunisie\/wp-content\/uploads\/2022\/05\/kapitalis-logo-fb.png","type":"image\/png"}],"author":"Yusra NY","twitter_card":"summary_large_image","twitter_creator":"@KapitalisInfo","twitter_site":"@KapitalisInfo","twitter_misc":{"\u00c9crit par":"Yusra NY","Dur\u00e9e de lecture estim\u00e9e":"1 minute"},"schema":{"@context":"https:\/\/schema.org","@graph":[{"@type":"Article","@id":"https:\/\/kapitalis.com\/tunisie\/2021\/02\/15\/tunisie-lassociation-des-militaires-retraites-porte-plainte-contre-tarek-haddad-el-kamour\/#article","isPartOf":{"@id":"https:\/\/kapitalis.com\/tunisie\/2021\/02\/15\/tunisie-lassociation-des-militaires-retraites-porte-plainte-contre-tarek-haddad-el-kamour\/"},"author":{"name":"Yusra NY","@id":"https:\/\/kapitalis.com\/tunisie\/#\/schema\/person\/74bbde0154d49d790a92aaeac5bc01d5"},"headline":"Tunisie : L&rsquo;Association des militaires retrait\u00e9s porte plainte contre Tarek Haddad (El-Kamour)","datePublished":"2021-02-15T12:19:05+00:00","dateModified":"2021-02-15T19:12:12+00:00","mainEntityOfPage":{"@id":"https:\/\/kapitalis.com\/tunisie\/2021\/02\/15\/tunisie-lassociation-des-militaires-retraites-porte-plainte-contre-tarek-haddad-el-kamour\/"},"wordCount":189,"commentCount":2,"publisher":{"@id":"https:\/\/kapitalis.com\/tunisie\/#organization"},"image":{"@id":"https:\/\/kapitalis.com\/tunisie\/2021\/02\/15\/tunisie-lassociation-des-militaires-retraites-porte-plainte-contre-tarek-haddad-el-kamour\/#primaryimage"},"thumbnailUrl":"","keywords":["arm\u00e9e","association","ElKamour","justice","militaires retrait\u00e9s","plainte","soldats","Tarek Haddad","vanne"],"articleSection":["SOCIETE","Tunisie"],"inLanguage":"fr-FR","potentialAction":[{"@type":"CommentAction","name":"Comment","target":["https:\/\/kapitalis.com\/tunisie\/2021\/02\/15\/tunisie-lassociation-des-militaires-retraites-porte-plainte-contre-tarek-haddad-el-kamour\/#respond"]}]},{"@type":"WebPage","@id":"https:\/\/kapitalis.com\/tunisie\/2021\/02\/15\/tunisie-lassociation-des-militaires-retraites-porte-plainte-contre-tarek-haddad-el-kamour\/","url":"https:\/\/kapitalis.com\/tunisie\/2021\/02\/15\/tunisie-lassociation-des-militaires-retraites-porte-plainte-contre-tarek-haddad-el-kamour\/","name":"Tunisie : L'Association des militaires retrait\u00e9s porte plainte contre Tarek Haddad (El-Kamour) - Kapitalis","isPartOf":{"@id":"https:\/\/kapitalis.com\/tunisie\/#website"},"primaryImageOfPage":{"@id":"https:\/\/kapitalis.com\/tunisie\/2021\/02\/15\/tunisie-lassociation-des-militaires-retraites-porte-plainte-contre-tarek-haddad-el-kamour\/#primaryimage"},"image":{"@id":"https:\/\/kapitalis.com\/tunisie\/2021\/02\/15\/tunisie-lassociation-des-militaires-retraites-porte-plainte-contre-tarek-haddad-el-kamour\/#primaryimage"},"thumbnailUrl":"","datePublished":"2021-02-15T12:19:05+00:00","dateModified":"2021-02-15T19:12:12+00:00","breadcrumb":{"@id":"https:\/\/kapitalis.com\/tunisie\/2021\/02\/15\/tunisie-lassociation-des-militaires-retraites-porte-plainte-contre-tarek-haddad-el-kamour\/#breadcrumb"},"inLanguage":"fr-FR","potentialAction":[{"@type":"ReadAction","target":["https:\/\/kapitalis.com\/tunisie\/2021\/02\/15\/tunisie-lassociation-des-militaires-retraites-porte-plainte-contre-tarek-haddad-el-kamour\/"]}]},{"@type":"ImageObject","inLanguage":"fr-FR","@id":"https:\/\/kapitalis.com\/tunisie\/2021\/02\/15\/tunisie-lassociation-des-militaires-retraites-porte-plainte-contre-tarek-haddad-el-kamour\/#primaryimage","url":"","contentUrl":""},{"@type":"BreadcrumbList","@id":"https:\/\/kapitalis.com\/tunisie\/2021\/02\/15\/tunisie-lassociation-des-militaires-retraites-porte-plainte-contre-tarek-haddad-el-kamour\/#breadcrumb","itemListElement":[{"@type":"ListItem","position":1,"name":"Accueil","item":"https:\/\/kapitalis.com\/tunisie\/"},{"@type":"ListItem","position":2,"name":"Tunisie : L&rsquo;Association des militaires retrait\u00e9s porte plainte contre Tarek Haddad (El-Kamour)"}]},{"@type":"WebSite","@id":"https:\/\/kapitalis.com\/tunisie\/#website","url":"https:\/\/kapitalis.com\/tunisie\/","name":"Kapitalis","description":"L&#039;actualit\u00e9 en Tunisie et dans le monde","publisher":{"@id":"https:\/\/kapitalis.com\/tunisie\/#organization"},"potentialAction":[{"@type":"SearchAction","target":{"@type":"EntryPoint","urlTemplate":"https:\/\/kapitalis.com\/tunisie\/?s={search_term_string}"},"query-input":{"@type":"PropertyValueSpecification","valueRequired":true,"valueName":"search_term_string"}}],"inLanguage":"fr-FR"},{"@type":"Organization","@id":"https:\/\/kapitalis.com\/tunisie\/#organization","name":"Kapitalis","url":"https:\/\/kapitalis.com\/tunisie\/","logo":{"@type":"ImageObject","inLanguage":"fr-FR","@id":"https:\/\/kapitalis.com\/tunisie\/#\/schema\/logo\/image\/","url":"https:\/\/kapitalis.com\/tunisie\/wp-content\/uploads\/2022\/05\/Kapitalis-big-size.png","contentUrl":"https:\/\/kapitalis.com\/tunisie\/wp-content\/uploads\/2022\/05\/Kapitalis-big-size.png","width":5000,"height":1500,"caption":"Kapitalis"},"image":{"@id":"https:\/\/kapitalis.com\/tunisie\/#\/schema\/logo\/image\/"},"sameAs":["https:\/\/www.facebook.com\/KapitalisInfo\/","https:\/\/x.com\/KapitalisInfo","https:\/\/www.youtube.com\/channel\/UC-yDYrHyfFBWWZaOw3FPg9Q"]},{"@type":"Person","@id":"https:\/\/kapitalis.com\/tunisie\/#\/schema\/person\/74bbde0154d49d790a92aaeac5bc01d5","name":"Yusra NY","url":"https:\/\/kapitalis.com\/tunisie\/author\/yuza_adam\/"}]}},"_links":{"self":[{"href":"https:\/\/kapitalis.com\/tunisie\/wp-json\/wp\/v2\/posts\/336305","targetHints":{"allow":["GET"]}}],"collection":[{"href":"https:\/\/kapitalis.com\/tunisie\/wp-json\/wp\/v2\/posts"}],"about":[{"href":"https:\/\/kapitalis.com\/tunisie\/wp-json\/wp\/v2\/types\/post"}],"author":[{"embeddable":true,"href":"https:\/\/kapitalis.com\/tunisie\/wp-json\/wp\/v2\/users\/6"}],"replies":[{"embeddable":true,"href":"https:\/\/kapitalis.com\/tunisie\/wp-json\/wp\/v2\/comments?post=336305"}],"version-history":[{"count":0,"href":"https:\/\/kapitalis.com\/tunisie\/wp-json\/wp\/v2\/posts\/336305\/revisions"}],"wp:featuredmedia":[{"embeddable":true,"href":"https:\/\/kapitalis.com\/tunisie\/wp-json\/wp\/v2\/media\/336308"}],"wp:attachment":[{"href":"https:\/\/kapitalis.com\/tunisie\/wp-json\/wp\/v2\/media?parent=336305"}],"wp:term":[{"taxonomy":"category","embeddable":true,"href":"https:\/\/kapitalis.com\/tunisie\/wp-json\/wp\/v2\/categories?post=336305"},{"taxonomy":"post_tag","embeddable":true,"href":"https:\/\/kapitalis.com\/tunisie\/wp-json\/wp\/v2\/tags?post=336305"}],"curies":[{"name":"wp","href":"https:\/\/api.w.org\/{rel}","templated":true}]}}