{"id":336430,"date":"2021-02-15T22:48:18","date_gmt":"2021-02-15T21:48:18","guid":{"rendered":"http:\/\/kapitalis.com\/tunisie\/?p=336430"},"modified":"2021-02-16T00:29:09","modified_gmt":"2021-02-15T23:29:09","slug":"ahmed-driss-le-gouvernement-mechichi-doit-demissionner-pour-mettre-fin-a-la-crise","status":"publish","type":"post","link":"https:\/\/kapitalis.com\/tunisie\/2021\/02\/15\/ahmed-driss-le-gouvernement-mechichi-doit-demissionner-pour-mettre-fin-a-la-crise\/","title":{"rendered":"Ahmed Driss : Le gouvernement Mechichi doit d\u00e9missionner pour mettre fin \u00e0 la crise"},"content":{"rendered":"\n<figure class=\"wp-block-image size-large\"><img decoding=\"async\" src=\"http:\/\/kapitalis.com\/tunisie\/wp-content\/uploads\/2021\/02\/Driss-Mechichi.jpg\" alt=\"\" class=\"wp-image-336434\"\/><\/figure>\n\n\n\n<p><strong><em>Ahmed Driss, professeur de droit constitutionnel et directeur de l\u2019\u00c9cole politique de Tunis et du Centre des \u00e9tudes M\u00e9diterran\u00e9ennes et internationales, estime que le limogeage des 5 ministres d\u00e9cid\u00e9, ce lundi 15 f\u00e9vrier 2021, par le chef du gouvernement, Hichem Mechichi, n&rsquo;a fait qu&rsquo;approfondir la crise. \u00abLa seule solution c&rsquo;est que ce gouvernement d\u00e9missionne\u00bb, a-t-il estim\u00e9.<\/em><\/strong><\/p>\n\n\n\n<!--more-->\n\n\n\n<p>La relation entre le chef du gouvernement et le pr\u00e9sident de la r\u00e9publique se trouve dans une impasse, a ajout\u00e9 M. Driss, sur la cha\u00eene nationale Watania 1, en affirmant que Hichem Mechichi et Ka\u00efs Sa\u00efd ne sont pas pr\u00eats \u00e0 revenir sur leurs positions : <em>\u00abla d\u00e9cision du chef du gouvernement va aggraver et prolonger la crise, m\u00eame si elle est correcte sur le plan constitutionnel, elle va prolong\u00e9 la crise et d\u00e9montre la complexit\u00e9 de la situation<\/em>\u00bb.<\/p>\n\n\n\n<p>Ahmed Driss a soulign\u00e9 que Hichem Mechichi a choisi de \u00ab<em>poursuivre sa route\u00bb <\/em>sans prendre en consid\u00e9ration les conseils, notamment les appels \u00e0 dialoguer avec le pr\u00e9sident, sachant que <em>\u00abla solution est purement politique\u00bb,<\/em> a-t-il indiqu\u00e9 avant de lancer : <em>\u00abM\u00eame si la d\u00e9mission du gouvernement engendrerait de nouvelles \u00e9lections, elle demeure la seule solution pour d\u00e9bloquer la situation et mettre fin \u00e0 la crise\u00bb<\/em>.<\/p>\n\n\n\n<p>Rappelons que le chef du gouvernement a d\u00e9cid\u00e9, ce matin, le limogeage de cinq ministres, tandis que le remaniement minist\u00e9riel est bloqu\u00e9 depuis trois semaines, suite au refus du pr\u00e9sident Sa\u00efed de permettre \u00e0 4 d&rsquo;entre eux de pr\u00eater serment pour suspicion de corruption et de conflits d&rsquo;int\u00e9r\u00eats.<\/p>\n\n\n\n<p>On notera que les 11 ministres propos\u00e9s \u00e0 Hichem Mechichi par les partis le soutenant, \u00e0 l&rsquo;instar de Qalb Tounes et du parti islamiste Ennahdha, ont obtenu la confiance du parlement depuis le 26 janvier dernier.<\/p>\n\n\n\n<p>Le chef de l&rsquo;Etat avait propos\u00e9, pour d\u00e9bloquer la situation, le remplacement des 4 ministres controvers\u00e9s, \u00e0 d\u00e9faut, il demande \u00e0 Hichem Mechichi de d\u00e9missionner&#8230; <\/p>\n\n\n\n<p>Ce dernier, qui refuse tout changement \u00e0 son remaniement minist\u00e9riel a assur\u00e9 qu&rsquo;il ne d\u00e9missionnera pas non plus, en lan\u00e7ant : \u00ab<em>Je suis un soldat au service de ce pays et un soldat ne d\u00e9serte  pas\u00bb<\/em>.<\/p>\n\n\n\n<p class=\"has-text-align-right\"><strong>Y. N.<\/strong><\/p>\n\n\n\n<figure class=\"wp-block-embed is-type-wp-embed is-provider-kapitalis wp-block-embed-kapitalis\"><div class=\"wp-block-embed__wrapper\">\n<blockquote class=\"wp-embedded-content\" data-secret=\"2emU2Pb3XJ\"><a href=\"https:\/\/kapitalis.com\/tunisie\/2021\/02\/12\/mechichi-je-ne-demissionnerai-pas-je-suis-un-soldat-au-service-de-ce-pays-et-un-soldat-ne-deserte-pas\/\">Mechichi :  \u00abJe ne d\u00e9missionnerai pas. Je suis un soldat au service de ce pays et&#8230; un soldat ne d\u00e9serte pas\u00bb<\/a><\/blockquote><iframe loading=\"lazy\" class=\"wp-embedded-content\" sandbox=\"allow-scripts\" security=\"restricted\" style=\"position: absolute; clip: rect(1px, 1px, 1px, 1px);\" title=\"\u00ab\u00a0Mechichi :  \u00abJe ne d\u00e9missionnerai pas. Je suis un soldat au service de ce pays et&#8230; un soldat ne d\u00e9serte pas\u00bb\u00a0\u00bb &#8212; Kapitalis\" src=\"https:\/\/kapitalis.com\/tunisie\/2021\/02\/12\/mechichi-je-ne-demissionnerai-pas-je-suis-un-soldat-au-service-de-ce-pays-et-un-soldat-ne-deserte-pas\/embed\/#?secret=aatF61WoRK#?secret=2emU2Pb3XJ\" data-secret=\"2emU2Pb3XJ\" width=\"600\" height=\"338\" frameborder=\"0\" marginwidth=\"0\" marginheight=\"0\" scrolling=\"no\"><\/iframe>\n<\/div><\/figure>\n\n\n\n<figure class=\"wp-block-embed is-type-wp-embed is-provider-kapitalis wp-block-embed-kapitalis\"><div class=\"wp-block-embed__wrapper\">\n<blockquote class=\"wp-embedded-content\" data-secret=\"02qXlxc2s2\"><a href=\"https:\/\/kapitalis.com\/tunisie\/2021\/02\/11\/remaniement-ministeriel-samir-dilou-propose-le-retrait-des-ministres-controverses\/\">Remaniement minist\u00e9riel : Samir Dilou propose le retrait des \u00abministres controvers\u00e9s\u00bb<\/a><\/blockquote><iframe loading=\"lazy\" class=\"wp-embedded-content\" sandbox=\"allow-scripts\" security=\"restricted\" style=\"position: absolute; clip: rect(1px, 1px, 1px, 1px);\" title=\"\u00ab\u00a0Remaniement minist\u00e9riel : Samir Dilou propose le retrait des \u00abministres controvers\u00e9s\u00bb\u00a0\u00bb &#8212; Kapitalis\" src=\"https:\/\/kapitalis.com\/tunisie\/2021\/02\/11\/remaniement-ministeriel-samir-dilou-propose-le-retrait-des-ministres-controverses\/embed\/#?secret=7OFzXUm4G7#?secret=02qXlxc2s2\" data-secret=\"02qXlxc2s2\" width=\"600\" height=\"338\" frameborder=\"0\" marginwidth=\"0\" marginheight=\"0\" scrolling=\"no\"><\/iframe>\n<\/div><\/figure>\n","protected":false},"excerpt":{"rendered":"<p>Ahmed Driss, professeur de droit constitutionnel et directeur de l\u2019\u00c9cole politique de Tunis et du Centre des \u00e9tudes M\u00e9diterran\u00e9ennes et internationales, estime que le limogeage des 5 ministres d\u00e9cid\u00e9, ce lundi 15 f\u00e9vrier 2021, par le chef du gouvernement, Hichem Mechichi, n&rsquo;a fait qu&rsquo;approfondir la crise. \u00abLa seule solution c&rsquo;est que ce gouvernement d\u00e9missionne\u00bb, a-t-il&#8230;<\/p>\n","protected":false},"author":6,"featured_media":336434,"comment_status":"open","ping_status":"open","sticky":false,"template":"","format":"standard","meta":{"footnotes":""},"categories":[997,2433],"tags":[87518,64471,20052,49543,74899,79627,61989,6459,62643],"class_list":["post-336430","post","type-post","status-publish","format-standard","has-post-thumbnail","hentry","category-politique","category-tunisie","tag-ahmed-driss","tag-corruption","tag-crise-politique","tag-ennahdha","tag-hichem-mechichi","tag-kais-saied","tag-qalb-tounes","tag-remaniement","tag-tunisie"],"yoast_head":"<!-- This site is optimized with the Yoast SEO plugin v26.6 - https:\/\/yoast.com\/wordpress\/plugins\/seo\/ -->\n<title>Ahmed Driss : Le gouvernement Mechichi doit d\u00e9missionner pour mettre fin \u00e0 la crise - Kapitalis<\/title>\n<meta name=\"robots\" content=\"index, follow, max-snippet:-1, max-image-preview:large, max-video-preview:-1\" \/>\n<link rel=\"canonical\" href=\"https:\/\/kapitalis.com\/tunisie\/2021\/02\/15\/ahmed-driss-le-gouvernement-mechichi-doit-demissionner-pour-mettre-fin-a-la-crise\/\" \/>\n<meta property=\"og:locale\" content=\"fr_FR\" \/>\n<meta property=\"og:type\" content=\"article\" \/>\n<meta property=\"og:title\" content=\"Ahmed Driss : Le gouvernement Mechichi doit d\u00e9missionner pour mettre fin \u00e0 la crise - Kapitalis\" \/>\n<meta property=\"og:description\" content=\"Ahmed Driss, professeur de droit constitutionnel et directeur de l\u2019\u00c9cole politique de Tunis et du Centre des \u00e9tudes M\u00e9diterran\u00e9ennes et internationales, estime que le limogeage des 5 ministres d\u00e9cid\u00e9, ce lundi 15 f\u00e9vrier 2021, par le chef du gouvernement, Hichem Mechichi, n&rsquo;a fait qu&rsquo;approfondir la crise. \u00abLa seule solution c&rsquo;est que ce gouvernement d\u00e9missionne\u00bb, a-t-il...\" \/>\n<meta property=\"og:url\" content=\"https:\/\/kapitalis.com\/tunisie\/2021\/02\/15\/ahmed-driss-le-gouvernement-mechichi-doit-demissionner-pour-mettre-fin-a-la-crise\/\" \/>\n<meta property=\"og:site_name\" content=\"Kapitalis\" \/>\n<meta property=\"article:publisher\" content=\"https:\/\/www.facebook.com\/KapitalisInfo\/\" \/>\n<meta property=\"article:published_time\" content=\"2021-02-15T21:48:18+00:00\" \/>\n<meta property=\"article:modified_time\" content=\"2021-02-15T23:29:09+00:00\" \/>\n<meta property=\"og:image\" content=\"https:\/\/kapitalis.com\/tunisie\/wp-content\/uploads\/2022\/05\/kapitalis-logo-fb.png\" \/>\n\t<meta property=\"og:image:width\" content=\"1200\" \/>\n\t<meta property=\"og:image:height\" content=\"630\" \/>\n\t<meta property=\"og:image:type\" content=\"image\/png\" \/>\n<meta name=\"author\" content=\"Yusra NY\" \/>\n<meta name=\"twitter:card\" content=\"summary_large_image\" \/>\n<meta name=\"twitter:creator\" content=\"@KapitalisInfo\" \/>\n<meta name=\"twitter:site\" content=\"@KapitalisInfo\" \/>\n<meta name=\"twitter:label1\" content=\"\u00c9crit par\" \/>\n\t<meta name=\"twitter:data1\" content=\"Yusra NY\" \/>\n\t<meta name=\"twitter:label2\" content=\"Dur\u00e9e de lecture estim\u00e9e\" \/>\n\t<meta name=\"twitter:data2\" content=\"2 minutes\" \/>\n<script type=\"application\/ld+json\" class=\"yoast-schema-graph\">{\"@context\":\"https:\/\/schema.org\",\"@graph\":[{\"@type\":\"Article\",\"@id\":\"https:\/\/kapitalis.com\/tunisie\/2021\/02\/15\/ahmed-driss-le-gouvernement-mechichi-doit-demissionner-pour-mettre-fin-a-la-crise\/#article\",\"isPartOf\":{\"@id\":\"https:\/\/kapitalis.com\/tunisie\/2021\/02\/15\/ahmed-driss-le-gouvernement-mechichi-doit-demissionner-pour-mettre-fin-a-la-crise\/\"},\"author\":{\"name\":\"Yusra NY\",\"@id\":\"https:\/\/kapitalis.com\/tunisie\/#\/schema\/person\/74bbde0154d49d790a92aaeac5bc01d5\"},\"headline\":\"Ahmed Driss : Le gouvernement Mechichi doit d\u00e9missionner pour mettre fin \u00e0 la crise\",\"datePublished\":\"2021-02-15T21:48:18+00:00\",\"dateModified\":\"2021-02-15T23:29:09+00:00\",\"mainEntityOfPage\":{\"@id\":\"https:\/\/kapitalis.com\/tunisie\/2021\/02\/15\/ahmed-driss-le-gouvernement-mechichi-doit-demissionner-pour-mettre-fin-a-la-crise\/\"},\"wordCount\":386,\"commentCount\":3,\"publisher\":{\"@id\":\"https:\/\/kapitalis.com\/tunisie\/#organization\"},\"image\":{\"@id\":\"https:\/\/kapitalis.com\/tunisie\/2021\/02\/15\/ahmed-driss-le-gouvernement-mechichi-doit-demissionner-pour-mettre-fin-a-la-crise\/#primaryimage\"},\"thumbnailUrl\":\"\",\"keywords\":[\"Ahmed Driss\",\"corruption\",\"crise politique\",\"Ennahdha\",\"Hichem Mechichi\",\"\u064fKa\u00efs Sa\u00efed\",\"Qalb Tounes\",\"remaniement\",\"Tunisie\"],\"articleSection\":[\"POLITIQUE\",\"Tunisie\"],\"inLanguage\":\"fr-FR\",\"potentialAction\":[{\"@type\":\"CommentAction\",\"name\":\"Comment\",\"target\":[\"https:\/\/kapitalis.com\/tunisie\/2021\/02\/15\/ahmed-driss-le-gouvernement-mechichi-doit-demissionner-pour-mettre-fin-a-la-crise\/#respond\"]}]},{\"@type\":\"WebPage\",\"@id\":\"https:\/\/kapitalis.com\/tunisie\/2021\/02\/15\/ahmed-driss-le-gouvernement-mechichi-doit-demissionner-pour-mettre-fin-a-la-crise\/\",\"url\":\"https:\/\/kapitalis.com\/tunisie\/2021\/02\/15\/ahmed-driss-le-gouvernement-mechichi-doit-demissionner-pour-mettre-fin-a-la-crise\/\",\"name\":\"Ahmed Driss : Le gouvernement Mechichi doit d\u00e9missionner pour mettre fin \u00e0 la crise - Kapitalis\",\"isPartOf\":{\"@id\":\"https:\/\/kapitalis.com\/tunisie\/#website\"},\"primaryImageOfPage\":{\"@id\":\"https:\/\/kapitalis.com\/tunisie\/2021\/02\/15\/ahmed-driss-le-gouvernement-mechichi-doit-demissionner-pour-mettre-fin-a-la-crise\/#primaryimage\"},\"image\":{\"@id\":\"https:\/\/kapitalis.com\/tunisie\/2021\/02\/15\/ahmed-driss-le-gouvernement-mechichi-doit-demissionner-pour-mettre-fin-a-la-crise\/#primaryimage\"},\"thumbnailUrl\":\"\",\"datePublished\":\"2021-02-15T21:48:18+00:00\",\"dateModified\":\"2021-02-15T23:29:09+00:00\",\"breadcrumb\":{\"@id\":\"https:\/\/kapitalis.com\/tunisie\/2021\/02\/15\/ahmed-driss-le-gouvernement-mechichi-doit-demissionner-pour-mettre-fin-a-la-crise\/#breadcrumb\"},\"inLanguage\":\"fr-FR\",\"potentialAction\":[{\"@type\":\"ReadAction\",\"target\":[\"https:\/\/kapitalis.com\/tunisie\/2021\/02\/15\/ahmed-driss-le-gouvernement-mechichi-doit-demissionner-pour-mettre-fin-a-la-crise\/\"]}]},{\"@type\":\"ImageObject\",\"inLanguage\":\"fr-FR\",\"@id\":\"https:\/\/kapitalis.com\/tunisie\/2021\/02\/15\/ahmed-driss-le-gouvernement-mechichi-doit-demissionner-pour-mettre-fin-a-la-crise\/#primaryimage\",\"url\":\"\",\"contentUrl\":\"\"},{\"@type\":\"BreadcrumbList\",\"@id\":\"https:\/\/kapitalis.com\/tunisie\/2021\/02\/15\/ahmed-driss-le-gouvernement-mechichi-doit-demissionner-pour-mettre-fin-a-la-crise\/#breadcrumb\",\"itemListElement\":[{\"@type\":\"ListItem\",\"position\":1,\"name\":\"Accueil\",\"item\":\"https:\/\/kapitalis.com\/tunisie\/\"},{\"@type\":\"ListItem\",\"position\":2,\"name\":\"Ahmed Driss : Le gouvernement Mechichi doit d\u00e9missionner pour mettre fin \u00e0 la crise\"}]},{\"@type\":\"WebSite\",\"@id\":\"https:\/\/kapitalis.com\/tunisie\/#website\",\"url\":\"https:\/\/kapitalis.com\/tunisie\/\",\"name\":\"Kapitalis\",\"description\":\"L&#039;actualit\u00e9 en Tunisie et dans le monde\",\"publisher\":{\"@id\":\"https:\/\/kapitalis.com\/tunisie\/#organization\"},\"potentialAction\":[{\"@type\":\"SearchAction\",\"target\":{\"@type\":\"EntryPoint\",\"urlTemplate\":\"https:\/\/kapitalis.com\/tunisie\/?s={search_term_string}\"},\"query-input\":{\"@type\":\"PropertyValueSpecification\",\"valueRequired\":true,\"valueName\":\"search_term_string\"}}],\"inLanguage\":\"fr-FR\"},{\"@type\":\"Organization\",\"@id\":\"https:\/\/kapitalis.com\/tunisie\/#organization\",\"name\":\"Kapitalis\",\"url\":\"https:\/\/kapitalis.com\/tunisie\/\",\"logo\":{\"@type\":\"ImageObject\",\"inLanguage\":\"fr-FR\",\"@id\":\"https:\/\/kapitalis.com\/tunisie\/#\/schema\/logo\/image\/\",\"url\":\"https:\/\/kapitalis.com\/tunisie\/wp-content\/uploads\/2022\/05\/Kapitalis-big-size.png\",\"contentUrl\":\"https:\/\/kapitalis.com\/tunisie\/wp-content\/uploads\/2022\/05\/Kapitalis-big-size.png\",\"width\":5000,\"height\":1500,\"caption\":\"Kapitalis\"},\"image\":{\"@id\":\"https:\/\/kapitalis.com\/tunisie\/#\/schema\/logo\/image\/\"},\"sameAs\":[\"https:\/\/www.facebook.com\/KapitalisInfo\/\",\"https:\/\/x.com\/KapitalisInfo\",\"https:\/\/www.youtube.com\/channel\/UC-yDYrHyfFBWWZaOw3FPg9Q\"]},{\"@type\":\"Person\",\"@id\":\"https:\/\/kapitalis.com\/tunisie\/#\/schema\/person\/74bbde0154d49d790a92aaeac5bc01d5\",\"name\":\"Yusra NY\",\"url\":\"https:\/\/kapitalis.com\/tunisie\/author\/yuza_adam\/\"}]}<\/script>\n<!-- \/ Yoast SEO plugin. -->","yoast_head_json":{"title":"Ahmed Driss : Le gouvernement Mechichi doit d\u00e9missionner pour mettre fin \u00e0 la crise - Kapitalis","robots":{"index":"index","follow":"follow","max-snippet":"max-snippet:-1","max-image-preview":"max-image-preview:large","max-video-preview":"max-video-preview:-1"},"canonical":"https:\/\/kapitalis.com\/tunisie\/2021\/02\/15\/ahmed-driss-le-gouvernement-mechichi-doit-demissionner-pour-mettre-fin-a-la-crise\/","og_locale":"fr_FR","og_type":"article","og_title":"Ahmed Driss : Le gouvernement Mechichi doit d\u00e9missionner pour mettre fin \u00e0 la crise - Kapitalis","og_description":"Ahmed Driss, professeur de droit constitutionnel et directeur de l\u2019\u00c9cole politique de Tunis et du Centre des \u00e9tudes M\u00e9diterran\u00e9ennes et internationales, estime que le limogeage des 5 ministres d\u00e9cid\u00e9, ce lundi 15 f\u00e9vrier 2021, par le chef du gouvernement, Hichem Mechichi, n&rsquo;a fait qu&rsquo;approfondir la crise. \u00abLa seule solution c&rsquo;est que ce gouvernement d\u00e9missionne\u00bb, a-t-il...","og_url":"https:\/\/kapitalis.com\/tunisie\/2021\/02\/15\/ahmed-driss-le-gouvernement-mechichi-doit-demissionner-pour-mettre-fin-a-la-crise\/","og_site_name":"Kapitalis","article_publisher":"https:\/\/www.facebook.com\/KapitalisInfo\/","article_published_time":"2021-02-15T21:48:18+00:00","article_modified_time":"2021-02-15T23:29:09+00:00","og_image":[{"width":1200,"height":630,"url":"https:\/\/kapitalis.com\/tunisie\/wp-content\/uploads\/2022\/05\/kapitalis-logo-fb.png","type":"image\/png"}],"author":"Yusra NY","twitter_card":"summary_large_image","twitter_creator":"@KapitalisInfo","twitter_site":"@KapitalisInfo","twitter_misc":{"\u00c9crit par":"Yusra NY","Dur\u00e9e de lecture estim\u00e9e":"2 minutes"},"schema":{"@context":"https:\/\/schema.org","@graph":[{"@type":"Article","@id":"https:\/\/kapitalis.com\/tunisie\/2021\/02\/15\/ahmed-driss-le-gouvernement-mechichi-doit-demissionner-pour-mettre-fin-a-la-crise\/#article","isPartOf":{"@id":"https:\/\/kapitalis.com\/tunisie\/2021\/02\/15\/ahmed-driss-le-gouvernement-mechichi-doit-demissionner-pour-mettre-fin-a-la-crise\/"},"author":{"name":"Yusra NY","@id":"https:\/\/kapitalis.com\/tunisie\/#\/schema\/person\/74bbde0154d49d790a92aaeac5bc01d5"},"headline":"Ahmed Driss : Le gouvernement Mechichi doit d\u00e9missionner pour mettre fin \u00e0 la crise","datePublished":"2021-02-15T21:48:18+00:00","dateModified":"2021-02-15T23:29:09+00:00","mainEntityOfPage":{"@id":"https:\/\/kapitalis.com\/tunisie\/2021\/02\/15\/ahmed-driss-le-gouvernement-mechichi-doit-demissionner-pour-mettre-fin-a-la-crise\/"},"wordCount":386,"commentCount":3,"publisher":{"@id":"https:\/\/kapitalis.com\/tunisie\/#organization"},"image":{"@id":"https:\/\/kapitalis.com\/tunisie\/2021\/02\/15\/ahmed-driss-le-gouvernement-mechichi-doit-demissionner-pour-mettre-fin-a-la-crise\/#primaryimage"},"thumbnailUrl":"","keywords":["Ahmed Driss","corruption","crise politique","Ennahdha","Hichem Mechichi","\u064fKa\u00efs Sa\u00efed","Qalb Tounes","remaniement","Tunisie"],"articleSection":["POLITIQUE","Tunisie"],"inLanguage":"fr-FR","potentialAction":[{"@type":"CommentAction","name":"Comment","target":["https:\/\/kapitalis.com\/tunisie\/2021\/02\/15\/ahmed-driss-le-gouvernement-mechichi-doit-demissionner-pour-mettre-fin-a-la-crise\/#respond"]}]},{"@type":"WebPage","@id":"https:\/\/kapitalis.com\/tunisie\/2021\/02\/15\/ahmed-driss-le-gouvernement-mechichi-doit-demissionner-pour-mettre-fin-a-la-crise\/","url":"https:\/\/kapitalis.com\/tunisie\/2021\/02\/15\/ahmed-driss-le-gouvernement-mechichi-doit-demissionner-pour-mettre-fin-a-la-crise\/","name":"Ahmed Driss : Le gouvernement Mechichi doit d\u00e9missionner pour mettre fin \u00e0 la crise - Kapitalis","isPartOf":{"@id":"https:\/\/kapitalis.com\/tunisie\/#website"},"primaryImageOfPage":{"@id":"https:\/\/kapitalis.com\/tunisie\/2021\/02\/15\/ahmed-driss-le-gouvernement-mechichi-doit-demissionner-pour-mettre-fin-a-la-crise\/#primaryimage"},"image":{"@id":"https:\/\/kapitalis.com\/tunisie\/2021\/02\/15\/ahmed-driss-le-gouvernement-mechichi-doit-demissionner-pour-mettre-fin-a-la-crise\/#primaryimage"},"thumbnailUrl":"","datePublished":"2021-02-15T21:48:18+00:00","dateModified":"2021-02-15T23:29:09+00:00","breadcrumb":{"@id":"https:\/\/kapitalis.com\/tunisie\/2021\/02\/15\/ahmed-driss-le-gouvernement-mechichi-doit-demissionner-pour-mettre-fin-a-la-crise\/#breadcrumb"},"inLanguage":"fr-FR","potentialAction":[{"@type":"ReadAction","target":["https:\/\/kapitalis.com\/tunisie\/2021\/02\/15\/ahmed-driss-le-gouvernement-mechichi-doit-demissionner-pour-mettre-fin-a-la-crise\/"]}]},{"@type":"ImageObject","inLanguage":"fr-FR","@id":"https:\/\/kapitalis.com\/tunisie\/2021\/02\/15\/ahmed-driss-le-gouvernement-mechichi-doit-demissionner-pour-mettre-fin-a-la-crise\/#primaryimage","url":"","contentUrl":""},{"@type":"BreadcrumbList","@id":"https:\/\/kapitalis.com\/tunisie\/2021\/02\/15\/ahmed-driss-le-gouvernement-mechichi-doit-demissionner-pour-mettre-fin-a-la-crise\/#breadcrumb","itemListElement":[{"@type":"ListItem","position":1,"name":"Accueil","item":"https:\/\/kapitalis.com\/tunisie\/"},{"@type":"ListItem","position":2,"name":"Ahmed Driss : Le gouvernement Mechichi doit d\u00e9missionner pour mettre fin \u00e0 la crise"}]},{"@type":"WebSite","@id":"https:\/\/kapitalis.com\/tunisie\/#website","url":"https:\/\/kapitalis.com\/tunisie\/","name":"Kapitalis","description":"L&#039;actualit\u00e9 en Tunisie et dans le monde","publisher":{"@id":"https:\/\/kapitalis.com\/tunisie\/#organization"},"potentialAction":[{"@type":"SearchAction","target":{"@type":"EntryPoint","urlTemplate":"https:\/\/kapitalis.com\/tunisie\/?s={search_term_string}"},"query-input":{"@type":"PropertyValueSpecification","valueRequired":true,"valueName":"search_term_string"}}],"inLanguage":"fr-FR"},{"@type":"Organization","@id":"https:\/\/kapitalis.com\/tunisie\/#organization","name":"Kapitalis","url":"https:\/\/kapitalis.com\/tunisie\/","logo":{"@type":"ImageObject","inLanguage":"fr-FR","@id":"https:\/\/kapitalis.com\/tunisie\/#\/schema\/logo\/image\/","url":"https:\/\/kapitalis.com\/tunisie\/wp-content\/uploads\/2022\/05\/Kapitalis-big-size.png","contentUrl":"https:\/\/kapitalis.com\/tunisie\/wp-content\/uploads\/2022\/05\/Kapitalis-big-size.png","width":5000,"height":1500,"caption":"Kapitalis"},"image":{"@id":"https:\/\/kapitalis.com\/tunisie\/#\/schema\/logo\/image\/"},"sameAs":["https:\/\/www.facebook.com\/KapitalisInfo\/","https:\/\/x.com\/KapitalisInfo","https:\/\/www.youtube.com\/channel\/UC-yDYrHyfFBWWZaOw3FPg9Q"]},{"@type":"Person","@id":"https:\/\/kapitalis.com\/tunisie\/#\/schema\/person\/74bbde0154d49d790a92aaeac5bc01d5","name":"Yusra NY","url":"https:\/\/kapitalis.com\/tunisie\/author\/yuza_adam\/"}]}},"_links":{"self":[{"href":"https:\/\/kapitalis.com\/tunisie\/wp-json\/wp\/v2\/posts\/336430","targetHints":{"allow":["GET"]}}],"collection":[{"href":"https:\/\/kapitalis.com\/tunisie\/wp-json\/wp\/v2\/posts"}],"about":[{"href":"https:\/\/kapitalis.com\/tunisie\/wp-json\/wp\/v2\/types\/post"}],"author":[{"embeddable":true,"href":"https:\/\/kapitalis.com\/tunisie\/wp-json\/wp\/v2\/users\/6"}],"replies":[{"embeddable":true,"href":"https:\/\/kapitalis.com\/tunisie\/wp-json\/wp\/v2\/comments?post=336430"}],"version-history":[{"count":0,"href":"https:\/\/kapitalis.com\/tunisie\/wp-json\/wp\/v2\/posts\/336430\/revisions"}],"wp:featuredmedia":[{"embeddable":true,"href":"https:\/\/kapitalis.com\/tunisie\/wp-json\/wp\/v2\/media\/336434"}],"wp:attachment":[{"href":"https:\/\/kapitalis.com\/tunisie\/wp-json\/wp\/v2\/media?parent=336430"}],"wp:term":[{"taxonomy":"category","embeddable":true,"href":"https:\/\/kapitalis.com\/tunisie\/wp-json\/wp\/v2\/categories?post=336430"},{"taxonomy":"post_tag","embeddable":true,"href":"https:\/\/kapitalis.com\/tunisie\/wp-json\/wp\/v2\/tags?post=336430"}],"curies":[{"name":"wp","href":"https:\/\/api.w.org\/{rel}","templated":true}]}}