{"id":336444,"date":"2021-02-16T08:16:16","date_gmt":"2021-02-16T07:16:16","guid":{"rendered":"http:\/\/kapitalis.com\/tunisie\/?p=336444"},"modified":"2021-02-16T08:16:18","modified_gmt":"2021-02-16T07:16:18","slug":"le-salon-digital-de-lemploi-en-tunisie","status":"publish","type":"post","link":"https:\/\/kapitalis.com\/tunisie\/2021\/02\/16\/le-salon-digital-de-lemploi-en-tunisie\/","title":{"rendered":"Le Salon digital de l\u2019emploi en Tunisie"},"content":{"rendered":"\n<figure class=\"wp-block-image size-large\"><img decoding=\"async\" src=\"http:\/\/kapitalis.com\/tunisie\/wp-content\/uploads\/2021\/02\/Salon-digital-Emploi.jpg\" alt=\"\" class=\"wp-image-336445\"\/><\/figure>\n\n\n\n<p><strong><em>Dans un contexte o\u00f9 les entreprises ont du mal \u00e0 combler le d\u00e9ficit de comp\u00e9tences et \u00e0 accro\u00eetre la diversit\u00e9, et o\u00f9 l\u2019acc\u00e8s \u00e0 l\u2019emploi rev\u00eat un enjeu majeur pour les jeunes dipl\u00f4m\u00e9s, l\u2019ULT sera au rendez-vous, le 19 f\u00e9vrier 2021, pour le Salon digital de l\u2019emploi co-organis\u00e9 avec les Centres 4C et <a aria-label=\"undefined (s\u2019ouvre dans un nouvel onglet)\" href=\"http:\/\/www.safrania.net\/reset\" target=\"_blank\" rel=\"noreferrer noopener\">Safrania Tunisie.<\/a><\/em><\/strong> <\/p>\n\n\n\n<!--more-->\n\n\n\n<p>\u00c0 la diff\u00e9rence des salons traditionnels, le processus se veut <em>\u00abdigitalis\u00e9\u00bb<\/em> assurant une meilleure audience et favorisant une meilleure interactivit\u00e9. Les entreprises et les recruteurs auront ainsi l\u2019opportunit\u00e9 de toucher un large \u00e9ventail de profils et les candidats auront acc\u00e8s \u00e0 un large panel d\u2019employeur dans un environnement tr\u00e8s interactif et accessible.<\/p>\n\n\n\n<h3 class=\"wp-block-heading\">RESET : Rencontres pour l\u2019emploi en Tunisie<\/h3>\n\n\n\n<p>Dans le sillage de ce que font les GAFA qui se concurrencent pour attirer les meilleurs et les plus brillants des candidats, l\u2019universit\u00e9 ULT en partenariat avec Safrania et 4C lancent cette initiative RESET pour r\u00e9pondre aux besoins des employeurs et chercheurs d\u2019emploi en Tunisie.<\/p>\n\n\n\n<p>Conscient des changements du monde du travail et des modalit\u00e9s de recrutement, l\u2019ULT s\u2019efforce de participer et de contribuer aux \u00e9volutions des techniques de recrutement en permettant de nombreuses rencontres directes entre candidats et recruteurs d\u00e8s la phase de pr\u00e9-s\u00e9lection.<\/p>\n\n\n\n<p>Cette rencontre est pr\u00e9vue pour la journ\u00e9e du 19 f\u00e9vrier 2021, \u00e0 partir de 10h00, durera toute une journ\u00e9e et permettra que les candidats soient remarqu\u00e9s de fa\u00e7on simple et efficace.<\/p>\n\n\n\n<p>Selon le World Economic Forum, les 10 <em>\u00absoft skills\u00bb<\/em> les plus recherch\u00e9s sont : la capacit\u00e9 \u00e0 r\u00e9soudre des probl\u00e8mes complexes, l\u2019esprit critique, la cr\u00e9ativit\u00e9, le leadership, l\u2019esprit d\u2019\u00e9quipe, l\u2019intelligence \u00e9motionnelle, la prise de d\u00e9cision, le sens du service, la n\u00e9gociation, la flexibilit\u00e9. Le recruteur ne peut pas les identifier uniquement \u00e0 travers le CV du candidat, seul un \u00e9change direct entre les deux parties peut permettre d\u2019\u00e9valuer ces comp\u00e9tences comportementales. C\u2019est en ce sens que ce Salon digital favorise les entretiens directs et rapides en visio entre l\u2019entreprise et le chercheur d\u2019emploi comme un salon physique classique mais sans avoir \u00e0 se d\u00e9placer ce qui multipliera les interactions.<\/p>\n\n\n\n<h3 class=\"wp-block-heading\">\u00c0 propos du \u00abrecruteur\u00bb<\/h3>\n\n\n\n<p>Le recruteur prendra un stand virtuel suivant son domaine d\u2019activit\u00e9, et il attendra de recevoir des candidats pour r\u00e9aliser son entretien d\u2019embauche. L\u2019inscription des entreprises est gratuite. Ainsi, il leur sera possible de rencontrer un grand nombre de candidat et le cas \u00e9ch\u00e9ant proc\u00e9der \u00e0 des pr\u00e9s\u00e9lections.<\/p>\n\n\n\n<p><em>\u00abAvec cette initiative, nous voulons mettre l&rsquo;humain au premier plan du processus de recrutement d\u00e9s la phase de pr\u00e9s\u00e9lection pour compl\u00e9ter le CV. Nous voulons aussi fluidifier les rencontres entre candidats et employeurs\u00bb<\/em>, d\u00e9clare S\u00e9bastien Jamoulle, co-organisateur du salon de l\u2019emploi RESET.<\/p>\n\n\n\n<h3 class=\"wp-block-heading\">\u00c0 propos du \u00abcandidat\u00bb<\/h3>\n\n\n\n<p>En participant \u00e0 ce e-salon, le jeudi 19 f\u00e9vrier 2021 de 10h00 \u00e0 18h00, le candidat aura l\u2019opportunit\u00e9 d\u2019\u00e9changer avec des experts en ressources humaines et des CEO d\u2019une vingtaine d\u2019entreprises. Cet \u00e9v\u00e9nement offre \u00e9galement la possibilit\u00e9 de d\u00e9couvrir plusieurs centaines d\u2019offres d\u2019emploi dans plusieurs domaines : t\u00e9l\u00e9com, agroalimentaire, industrie, IT, high-tech, R&amp;D et autres\u2026<\/p>\n\n\n\n<p><em>\u00abLe recrutement pour certains nombre d\u2019entreprises se voit rarement une partie de plaisir, absence de candidats, probl\u00e8me au niveau de la qualit\u00e9 des talents sans oublier la gestion m\u00eame du processus de recrutement. Les \u00e9v\u00e9nements de recrutement peuvent prendre plusieurs formats, les salons virtuels sont une initiative innovante et efficace.C\u2019est une opportunit\u00e9 d\u2019acc\u00e9l\u00e9rer les \u00e9changes entre les candidats et les recruteurs. La pertinence de cet \u00e9v\u00e9nement rend possible les \u00e9changes fluides et directs entre les deux parties et leur permettra de se comprendre et de se renseigner mutuellement\u00bb<\/em>, d\u00e9clare Ka\u00efs Mabrouk, deputy CEO, Bouebdelli Education Group.<\/p>\n","protected":false},"excerpt":{"rendered":"<p>Dans un contexte o\u00f9 les entreprises ont du mal \u00e0 combler le d\u00e9ficit de comp\u00e9tences et \u00e0 accro\u00eetre la diversit\u00e9, et o\u00f9 l\u2019acc\u00e8s \u00e0 l\u2019emploi rev\u00eat un enjeu majeur pour les jeunes dipl\u00f4m\u00e9s, l\u2019ULT sera au rendez-vous, le 19 f\u00e9vrier 2021, pour le Salon digital de l\u2019emploi co-organis\u00e9 avec les Centres 4C et Safrania Tunisie.<\/p>\n","protected":false},"author":8,"featured_media":336445,"comment_status":"open","ping_status":"open","sticky":false,"template":"","format":"standard","meta":{"footnotes":""},"categories":[995,2433],"tags":[87520,86622,87521,87522,87523],"class_list":["post-336444","post","type-post","status-publish","format-standard","has-post-thumbnail","hentry","category-economie","category-tunisie","tag-centres-4c","tag-kais-mabrouk-2","tag-safrania-tunisie","tag-salon-digital-de-lemploi","tag-sebastien-jamoulle"],"yoast_head":"<!-- This site is optimized with the Yoast SEO plugin v26.6 - https:\/\/yoast.com\/wordpress\/plugins\/seo\/ -->\n<title>Le Salon digital de l\u2019emploi en Tunisie - Kapitalis<\/title>\n<meta name=\"robots\" content=\"index, follow, max-snippet:-1, max-image-preview:large, max-video-preview:-1\" \/>\n<link rel=\"canonical\" href=\"https:\/\/kapitalis.com\/tunisie\/2021\/02\/16\/le-salon-digital-de-lemploi-en-tunisie\/\" \/>\n<meta property=\"og:locale\" content=\"fr_FR\" \/>\n<meta property=\"og:type\" content=\"article\" \/>\n<meta property=\"og:title\" content=\"Le Salon digital de l\u2019emploi en Tunisie - Kapitalis\" \/>\n<meta property=\"og:description\" content=\"Dans un contexte o\u00f9 les entreprises ont du mal \u00e0 combler le d\u00e9ficit de comp\u00e9tences et \u00e0 accro\u00eetre la diversit\u00e9, et o\u00f9 l\u2019acc\u00e8s \u00e0 l\u2019emploi rev\u00eat un enjeu majeur pour les jeunes dipl\u00f4m\u00e9s, l\u2019ULT sera au rendez-vous, le 19 f\u00e9vrier 2021, pour le Salon digital de l\u2019emploi co-organis\u00e9 avec les Centres 4C et Safrania Tunisie.\" \/>\n<meta property=\"og:url\" content=\"https:\/\/kapitalis.com\/tunisie\/2021\/02\/16\/le-salon-digital-de-lemploi-en-tunisie\/\" \/>\n<meta property=\"og:site_name\" content=\"Kapitalis\" \/>\n<meta property=\"article:publisher\" content=\"https:\/\/www.facebook.com\/KapitalisInfo\/\" \/>\n<meta property=\"article:published_time\" content=\"2021-02-16T07:16:16+00:00\" \/>\n<meta property=\"article:modified_time\" content=\"2021-02-16T07:16:18+00:00\" \/>\n<meta property=\"og:image\" content=\"https:\/\/kapitalis.com\/tunisie\/wp-content\/uploads\/2022\/05\/kapitalis-logo-fb.png\" \/>\n\t<meta property=\"og:image:width\" content=\"1200\" \/>\n\t<meta property=\"og:image:height\" content=\"630\" \/>\n\t<meta property=\"og:image:type\" content=\"image\/png\" \/>\n<meta name=\"author\" content=\"webmaster kapitalis\" \/>\n<meta name=\"twitter:card\" content=\"summary_large_image\" \/>\n<meta name=\"twitter:creator\" content=\"@KapitalisInfo\" \/>\n<meta name=\"twitter:site\" content=\"@KapitalisInfo\" \/>\n<meta name=\"twitter:label1\" content=\"\u00c9crit par\" \/>\n\t<meta name=\"twitter:data1\" content=\"webmaster kapitalis\" \/>\n\t<meta name=\"twitter:label2\" content=\"Dur\u00e9e de lecture estim\u00e9e\" \/>\n\t<meta name=\"twitter:data2\" content=\"3 minutes\" \/>\n<script type=\"application\/ld+json\" class=\"yoast-schema-graph\">{\"@context\":\"https:\/\/schema.org\",\"@graph\":[{\"@type\":\"Article\",\"@id\":\"https:\/\/kapitalis.com\/tunisie\/2021\/02\/16\/le-salon-digital-de-lemploi-en-tunisie\/#article\",\"isPartOf\":{\"@id\":\"https:\/\/kapitalis.com\/tunisie\/2021\/02\/16\/le-salon-digital-de-lemploi-en-tunisie\/\"},\"author\":{\"name\":\"webmaster kapitalis\",\"@id\":\"https:\/\/kapitalis.com\/tunisie\/#\/schema\/person\/d71f33a9ca44f7bad4698210b480c8e9\"},\"headline\":\"Le Salon digital de l\u2019emploi en Tunisie\",\"datePublished\":\"2021-02-16T07:16:16+00:00\",\"dateModified\":\"2021-02-16T07:16:18+00:00\",\"mainEntityOfPage\":{\"@id\":\"https:\/\/kapitalis.com\/tunisie\/2021\/02\/16\/le-salon-digital-de-lemploi-en-tunisie\/\"},\"wordCount\":660,\"commentCount\":0,\"publisher\":{\"@id\":\"https:\/\/kapitalis.com\/tunisie\/#organization\"},\"image\":{\"@id\":\"https:\/\/kapitalis.com\/tunisie\/2021\/02\/16\/le-salon-digital-de-lemploi-en-tunisie\/#primaryimage\"},\"thumbnailUrl\":\"\",\"keywords\":[\"Centres 4C\",\"Ka\u00efs Mabrouk\",\"Safrania Tunisie\",\"Salon digital de l\u2019emploi\",\"S\u00e9bastien Jamoulle\"],\"articleSection\":[\"ECONOMIE\",\"Tunisie\"],\"inLanguage\":\"fr-FR\",\"potentialAction\":[{\"@type\":\"CommentAction\",\"name\":\"Comment\",\"target\":[\"https:\/\/kapitalis.com\/tunisie\/2021\/02\/16\/le-salon-digital-de-lemploi-en-tunisie\/#respond\"]}]},{\"@type\":\"WebPage\",\"@id\":\"https:\/\/kapitalis.com\/tunisie\/2021\/02\/16\/le-salon-digital-de-lemploi-en-tunisie\/\",\"url\":\"https:\/\/kapitalis.com\/tunisie\/2021\/02\/16\/le-salon-digital-de-lemploi-en-tunisie\/\",\"name\":\"Le Salon digital de l\u2019emploi en Tunisie - Kapitalis\",\"isPartOf\":{\"@id\":\"https:\/\/kapitalis.com\/tunisie\/#website\"},\"primaryImageOfPage\":{\"@id\":\"https:\/\/kapitalis.com\/tunisie\/2021\/02\/16\/le-salon-digital-de-lemploi-en-tunisie\/#primaryimage\"},\"image\":{\"@id\":\"https:\/\/kapitalis.com\/tunisie\/2021\/02\/16\/le-salon-digital-de-lemploi-en-tunisie\/#primaryimage\"},\"thumbnailUrl\":\"\",\"datePublished\":\"2021-02-16T07:16:16+00:00\",\"dateModified\":\"2021-02-16T07:16:18+00:00\",\"breadcrumb\":{\"@id\":\"https:\/\/kapitalis.com\/tunisie\/2021\/02\/16\/le-salon-digital-de-lemploi-en-tunisie\/#breadcrumb\"},\"inLanguage\":\"fr-FR\",\"potentialAction\":[{\"@type\":\"ReadAction\",\"target\":[\"https:\/\/kapitalis.com\/tunisie\/2021\/02\/16\/le-salon-digital-de-lemploi-en-tunisie\/\"]}]},{\"@type\":\"ImageObject\",\"inLanguage\":\"fr-FR\",\"@id\":\"https:\/\/kapitalis.com\/tunisie\/2021\/02\/16\/le-salon-digital-de-lemploi-en-tunisie\/#primaryimage\",\"url\":\"\",\"contentUrl\":\"\"},{\"@type\":\"BreadcrumbList\",\"@id\":\"https:\/\/kapitalis.com\/tunisie\/2021\/02\/16\/le-salon-digital-de-lemploi-en-tunisie\/#breadcrumb\",\"itemListElement\":[{\"@type\":\"ListItem\",\"position\":1,\"name\":\"Accueil\",\"item\":\"https:\/\/kapitalis.com\/tunisie\/\"},{\"@type\":\"ListItem\",\"position\":2,\"name\":\"Le Salon digital de l\u2019emploi en Tunisie\"}]},{\"@type\":\"WebSite\",\"@id\":\"https:\/\/kapitalis.com\/tunisie\/#website\",\"url\":\"https:\/\/kapitalis.com\/tunisie\/\",\"name\":\"Kapitalis\",\"description\":\"L&#039;actualit\u00e9 en Tunisie et dans le monde\",\"publisher\":{\"@id\":\"https:\/\/kapitalis.com\/tunisie\/#organization\"},\"potentialAction\":[{\"@type\":\"SearchAction\",\"target\":{\"@type\":\"EntryPoint\",\"urlTemplate\":\"https:\/\/kapitalis.com\/tunisie\/?s={search_term_string}\"},\"query-input\":{\"@type\":\"PropertyValueSpecification\",\"valueRequired\":true,\"valueName\":\"search_term_string\"}}],\"inLanguage\":\"fr-FR\"},{\"@type\":\"Organization\",\"@id\":\"https:\/\/kapitalis.com\/tunisie\/#organization\",\"name\":\"Kapitalis\",\"url\":\"https:\/\/kapitalis.com\/tunisie\/\",\"logo\":{\"@type\":\"ImageObject\",\"inLanguage\":\"fr-FR\",\"@id\":\"https:\/\/kapitalis.com\/tunisie\/#\/schema\/logo\/image\/\",\"url\":\"https:\/\/kapitalis.com\/tunisie\/wp-content\/uploads\/2022\/05\/Kapitalis-big-size.png\",\"contentUrl\":\"https:\/\/kapitalis.com\/tunisie\/wp-content\/uploads\/2022\/05\/Kapitalis-big-size.png\",\"width\":5000,\"height\":1500,\"caption\":\"Kapitalis\"},\"image\":{\"@id\":\"https:\/\/kapitalis.com\/tunisie\/#\/schema\/logo\/image\/\"},\"sameAs\":[\"https:\/\/www.facebook.com\/KapitalisInfo\/\",\"https:\/\/x.com\/KapitalisInfo\",\"https:\/\/www.youtube.com\/channel\/UC-yDYrHyfFBWWZaOw3FPg9Q\"]},{\"@type\":\"Person\",\"@id\":\"https:\/\/kapitalis.com\/tunisie\/#\/schema\/person\/d71f33a9ca44f7bad4698210b480c8e9\",\"name\":\"webmaster kapitalis\",\"url\":\"https:\/\/kapitalis.com\/tunisie\/author\/webmaster-kapitalis\/\"}]}<\/script>\n<!-- \/ Yoast SEO plugin. -->","yoast_head_json":{"title":"Le Salon digital de l\u2019emploi en Tunisie - Kapitalis","robots":{"index":"index","follow":"follow","max-snippet":"max-snippet:-1","max-image-preview":"max-image-preview:large","max-video-preview":"max-video-preview:-1"},"canonical":"https:\/\/kapitalis.com\/tunisie\/2021\/02\/16\/le-salon-digital-de-lemploi-en-tunisie\/","og_locale":"fr_FR","og_type":"article","og_title":"Le Salon digital de l\u2019emploi en Tunisie - Kapitalis","og_description":"Dans un contexte o\u00f9 les entreprises ont du mal \u00e0 combler le d\u00e9ficit de comp\u00e9tences et \u00e0 accro\u00eetre la diversit\u00e9, et o\u00f9 l\u2019acc\u00e8s \u00e0 l\u2019emploi rev\u00eat un enjeu majeur pour les jeunes dipl\u00f4m\u00e9s, l\u2019ULT sera au rendez-vous, le 19 f\u00e9vrier 2021, pour le Salon digital de l\u2019emploi co-organis\u00e9 avec les Centres 4C et Safrania Tunisie.","og_url":"https:\/\/kapitalis.com\/tunisie\/2021\/02\/16\/le-salon-digital-de-lemploi-en-tunisie\/","og_site_name":"Kapitalis","article_publisher":"https:\/\/www.facebook.com\/KapitalisInfo\/","article_published_time":"2021-02-16T07:16:16+00:00","article_modified_time":"2021-02-16T07:16:18+00:00","og_image":[{"width":1200,"height":630,"url":"https:\/\/kapitalis.com\/tunisie\/wp-content\/uploads\/2022\/05\/kapitalis-logo-fb.png","type":"image\/png"}],"author":"webmaster kapitalis","twitter_card":"summary_large_image","twitter_creator":"@KapitalisInfo","twitter_site":"@KapitalisInfo","twitter_misc":{"\u00c9crit par":"webmaster kapitalis","Dur\u00e9e de lecture estim\u00e9e":"3 minutes"},"schema":{"@context":"https:\/\/schema.org","@graph":[{"@type":"Article","@id":"https:\/\/kapitalis.com\/tunisie\/2021\/02\/16\/le-salon-digital-de-lemploi-en-tunisie\/#article","isPartOf":{"@id":"https:\/\/kapitalis.com\/tunisie\/2021\/02\/16\/le-salon-digital-de-lemploi-en-tunisie\/"},"author":{"name":"webmaster kapitalis","@id":"https:\/\/kapitalis.com\/tunisie\/#\/schema\/person\/d71f33a9ca44f7bad4698210b480c8e9"},"headline":"Le Salon digital de l\u2019emploi en Tunisie","datePublished":"2021-02-16T07:16:16+00:00","dateModified":"2021-02-16T07:16:18+00:00","mainEntityOfPage":{"@id":"https:\/\/kapitalis.com\/tunisie\/2021\/02\/16\/le-salon-digital-de-lemploi-en-tunisie\/"},"wordCount":660,"commentCount":0,"publisher":{"@id":"https:\/\/kapitalis.com\/tunisie\/#organization"},"image":{"@id":"https:\/\/kapitalis.com\/tunisie\/2021\/02\/16\/le-salon-digital-de-lemploi-en-tunisie\/#primaryimage"},"thumbnailUrl":"","keywords":["Centres 4C","Ka\u00efs Mabrouk","Safrania Tunisie","Salon digital de l\u2019emploi","S\u00e9bastien Jamoulle"],"articleSection":["ECONOMIE","Tunisie"],"inLanguage":"fr-FR","potentialAction":[{"@type":"CommentAction","name":"Comment","target":["https:\/\/kapitalis.com\/tunisie\/2021\/02\/16\/le-salon-digital-de-lemploi-en-tunisie\/#respond"]}]},{"@type":"WebPage","@id":"https:\/\/kapitalis.com\/tunisie\/2021\/02\/16\/le-salon-digital-de-lemploi-en-tunisie\/","url":"https:\/\/kapitalis.com\/tunisie\/2021\/02\/16\/le-salon-digital-de-lemploi-en-tunisie\/","name":"Le Salon digital de l\u2019emploi en Tunisie - Kapitalis","isPartOf":{"@id":"https:\/\/kapitalis.com\/tunisie\/#website"},"primaryImageOfPage":{"@id":"https:\/\/kapitalis.com\/tunisie\/2021\/02\/16\/le-salon-digital-de-lemploi-en-tunisie\/#primaryimage"},"image":{"@id":"https:\/\/kapitalis.com\/tunisie\/2021\/02\/16\/le-salon-digital-de-lemploi-en-tunisie\/#primaryimage"},"thumbnailUrl":"","datePublished":"2021-02-16T07:16:16+00:00","dateModified":"2021-02-16T07:16:18+00:00","breadcrumb":{"@id":"https:\/\/kapitalis.com\/tunisie\/2021\/02\/16\/le-salon-digital-de-lemploi-en-tunisie\/#breadcrumb"},"inLanguage":"fr-FR","potentialAction":[{"@type":"ReadAction","target":["https:\/\/kapitalis.com\/tunisie\/2021\/02\/16\/le-salon-digital-de-lemploi-en-tunisie\/"]}]},{"@type":"ImageObject","inLanguage":"fr-FR","@id":"https:\/\/kapitalis.com\/tunisie\/2021\/02\/16\/le-salon-digital-de-lemploi-en-tunisie\/#primaryimage","url":"","contentUrl":""},{"@type":"BreadcrumbList","@id":"https:\/\/kapitalis.com\/tunisie\/2021\/02\/16\/le-salon-digital-de-lemploi-en-tunisie\/#breadcrumb","itemListElement":[{"@type":"ListItem","position":1,"name":"Accueil","item":"https:\/\/kapitalis.com\/tunisie\/"},{"@type":"ListItem","position":2,"name":"Le Salon digital de l\u2019emploi en Tunisie"}]},{"@type":"WebSite","@id":"https:\/\/kapitalis.com\/tunisie\/#website","url":"https:\/\/kapitalis.com\/tunisie\/","name":"Kapitalis","description":"L&#039;actualit\u00e9 en Tunisie et dans le monde","publisher":{"@id":"https:\/\/kapitalis.com\/tunisie\/#organization"},"potentialAction":[{"@type":"SearchAction","target":{"@type":"EntryPoint","urlTemplate":"https:\/\/kapitalis.com\/tunisie\/?s={search_term_string}"},"query-input":{"@type":"PropertyValueSpecification","valueRequired":true,"valueName":"search_term_string"}}],"inLanguage":"fr-FR"},{"@type":"Organization","@id":"https:\/\/kapitalis.com\/tunisie\/#organization","name":"Kapitalis","url":"https:\/\/kapitalis.com\/tunisie\/","logo":{"@type":"ImageObject","inLanguage":"fr-FR","@id":"https:\/\/kapitalis.com\/tunisie\/#\/schema\/logo\/image\/","url":"https:\/\/kapitalis.com\/tunisie\/wp-content\/uploads\/2022\/05\/Kapitalis-big-size.png","contentUrl":"https:\/\/kapitalis.com\/tunisie\/wp-content\/uploads\/2022\/05\/Kapitalis-big-size.png","width":5000,"height":1500,"caption":"Kapitalis"},"image":{"@id":"https:\/\/kapitalis.com\/tunisie\/#\/schema\/logo\/image\/"},"sameAs":["https:\/\/www.facebook.com\/KapitalisInfo\/","https:\/\/x.com\/KapitalisInfo","https:\/\/www.youtube.com\/channel\/UC-yDYrHyfFBWWZaOw3FPg9Q"]},{"@type":"Person","@id":"https:\/\/kapitalis.com\/tunisie\/#\/schema\/person\/d71f33a9ca44f7bad4698210b480c8e9","name":"webmaster kapitalis","url":"https:\/\/kapitalis.com\/tunisie\/author\/webmaster-kapitalis\/"}]}},"_links":{"self":[{"href":"https:\/\/kapitalis.com\/tunisie\/wp-json\/wp\/v2\/posts\/336444","targetHints":{"allow":["GET"]}}],"collection":[{"href":"https:\/\/kapitalis.com\/tunisie\/wp-json\/wp\/v2\/posts"}],"about":[{"href":"https:\/\/kapitalis.com\/tunisie\/wp-json\/wp\/v2\/types\/post"}],"author":[{"embeddable":true,"href":"https:\/\/kapitalis.com\/tunisie\/wp-json\/wp\/v2\/users\/8"}],"replies":[{"embeddable":true,"href":"https:\/\/kapitalis.com\/tunisie\/wp-json\/wp\/v2\/comments?post=336444"}],"version-history":[{"count":0,"href":"https:\/\/kapitalis.com\/tunisie\/wp-json\/wp\/v2\/posts\/336444\/revisions"}],"wp:featuredmedia":[{"embeddable":true,"href":"https:\/\/kapitalis.com\/tunisie\/wp-json\/wp\/v2\/media\/336445"}],"wp:attachment":[{"href":"https:\/\/kapitalis.com\/tunisie\/wp-json\/wp\/v2\/media?parent=336444"}],"wp:term":[{"taxonomy":"category","embeddable":true,"href":"https:\/\/kapitalis.com\/tunisie\/wp-json\/wp\/v2\/categories?post=336444"},{"taxonomy":"post_tag","embeddable":true,"href":"https:\/\/kapitalis.com\/tunisie\/wp-json\/wp\/v2\/tags?post=336444"}],"curies":[{"name":"wp","href":"https:\/\/api.w.org\/{rel}","templated":true}]}}