{"id":3364593,"date":"2022-08-23T19:49:36","date_gmt":"2022-08-23T18:49:36","guid":{"rendered":"https:\/\/kapitalis.com\/tunisie\/?p=3364593"},"modified":"2022-08-23T20:04:22","modified_gmt":"2022-08-23T19:04:22","slug":"migration-drame-de-monastir-un-passeur-et-deux-intermediaires-se-trouvant-en-italie-identifies","status":"publish","type":"post","link":"https:\/\/kapitalis.com\/tunisie\/2022\/08\/23\/migration-drame-de-monastir-un-passeur-et-deux-intermediaires-se-trouvant-en-italie-identifies\/","title":{"rendered":"Migration-Drame de Monastir : Un passeur et deux interm\u00e9diaires se trouvant en Italie identifi\u00e9s"},"content":{"rendered":"\n<p><strong><em>L&rsquo;enqu\u00eate ouverte suite au naufrage, le 14 ao\u00fbt, d&rsquo;une embarcation au large de Monastir transportant des candidats \u00e0 la migration clandestine et qui a co\u00fbt\u00e9 la vie \u00e0 au moins 7 personnes, dont une m\u00e8re et son fils de 4 ans, a permis d&rsquo;identifier le passeur principal, ainsi que deux interm\u00e9diaires ( un homme et une femme) se trouvant en Italie.<\/em><\/strong><\/p>\n\n\n\n<!--more-->\n\n\n\n<p>C&rsquo;est ce qu&rsquo;a indiqu\u00e9 le porte-parole des tribunaux de Monastir et Mahdia Farid Ben Jha, dans une d\u00e9claration, ce mardi 23 ao\u00fbt 2022, \u00e0 IFM, en affirmant que les deux seuls rescap\u00e9s dans cette op\u00e9ration ont \u00e9t\u00e9 entendus et que les interrogatoires et les investigations se poursuivent dans le cadre de l&rsquo;enqu\u00eate ouverte avant-hier.<\/p>\n\n\n\n<p>Selon la Direction g\u00e9n\u00e9rale de la garde nationale (DGGN), les rescap\u00e9s ont \u00e9t\u00e9 secourus par des p\u00eacheurs apr\u00e8s que l&#8217;embarcation de fortune ait coul\u00e9 et ont ensuite alert\u00e9 la garde maritime. <\/p>\n\n\n\n<p>La m\u00eame source a fait savoir que les recherches se poursuivent pour retrouver les corps des disparus, et ce collaboration avec la marine nationale.<\/p>\n\n\n\n<p class=\"has-text-align-right\"><strong>Y. N.<\/strong><\/p>\n","protected":false},"excerpt":{"rendered":"<p>Migration-Drame de Monastir : Un passeur et deux interm\u00e9diaires se trouvant en Italie identifi\u00e9s<\/p>\n","protected":false},"author":6,"featured_media":3364679,"comment_status":"open","ping_status":"open","sticky":false,"template":"","format":"standard","meta":{"footnotes":""},"categories":[998,2433],"tags":[76858,325,505,5548,633,696,62643],"class_list":["post-3364593","post","type-post","status-publish","format-standard","has-post-thumbnail","hentry","category-societe","category-tunisie","tag-dggn","tag-enquete","tag-italie","tag-migration","tag-monastir","tag-passeurs","tag-tunisie"],"yoast_head":"<!-- This site is optimized with the Yoast SEO plugin v26.6 - https:\/\/yoast.com\/wordpress\/plugins\/seo\/ -->\n<title>Migration-Drame de Monastir : Un passeur et deux interm\u00e9diaires se trouvant en Italie identifi\u00e9s - Kapitalis<\/title>\n<meta name=\"description\" content=\"L&#039;enqu\u00eate ouverte suite au naufrage, le 14 ao\u00fbt, d&#039;une embarcation au large de Monastir transportant des candidats \u00e0 la migration clandestine et qui a co\u00fbt\u00e9 la vie \u00e0 au moins 7 personnes, dont une m\u00e8re et son fils de 4 ans, a permis d&#039;identifier le passeur principal, ainsi que deux interm\u00e9diaires, dont une femme, se trouvant en Italie.\" \/>\n<meta name=\"robots\" content=\"index, follow, max-snippet:-1, max-image-preview:large, max-video-preview:-1\" \/>\n<link rel=\"canonical\" href=\"https:\/\/kapitalis.com\/tunisie\/2022\/08\/23\/migration-drame-de-monastir-un-passeur-et-deux-intermediaires-se-trouvant-en-italie-identifies\/\" \/>\n<meta property=\"og:locale\" content=\"fr_FR\" \/>\n<meta property=\"og:type\" content=\"article\" \/>\n<meta property=\"og:title\" content=\"Migration-Drame de Monastir : Un passeur et deux interm\u00e9diaires se trouvant en Italie identifi\u00e9s - Kapitalis\" \/>\n<meta property=\"og:description\" content=\"L&#039;enqu\u00eate ouverte suite au naufrage, le 14 ao\u00fbt, d&#039;une embarcation au large de Monastir transportant des candidats \u00e0 la migration clandestine et qui a co\u00fbt\u00e9 la vie \u00e0 au moins 7 personnes, dont une m\u00e8re et son fils de 4 ans, a permis d&#039;identifier le passeur principal, ainsi que deux interm\u00e9diaires, dont une femme, se trouvant en Italie.\" \/>\n<meta property=\"og:url\" content=\"https:\/\/kapitalis.com\/tunisie\/2022\/08\/23\/migration-drame-de-monastir-un-passeur-et-deux-intermediaires-se-trouvant-en-italie-identifies\/\" \/>\n<meta property=\"og:site_name\" content=\"Kapitalis\" \/>\n<meta property=\"article:publisher\" content=\"https:\/\/www.facebook.com\/KapitalisInfo\/\" \/>\n<meta property=\"article:published_time\" content=\"2022-08-23T18:49:36+00:00\" \/>\n<meta property=\"article:modified_time\" content=\"2022-08-23T19:04:22+00:00\" \/>\n<meta property=\"og:image\" content=\"https:\/\/kapitalis.com\/tunisie\/wp-content\/uploads\/2022\/08\/migration-monastir-naufrage.jpg\" \/>\n\t<meta property=\"og:image:width\" content=\"1200\" \/>\n\t<meta property=\"og:image:height\" content=\"630\" \/>\n\t<meta property=\"og:image:type\" content=\"image\/jpeg\" \/>\n<meta name=\"author\" content=\"Yusra NY\" \/>\n<meta name=\"twitter:card\" content=\"summary_large_image\" \/>\n<meta name=\"twitter:creator\" content=\"@KapitalisInfo\" \/>\n<meta name=\"twitter:site\" content=\"@KapitalisInfo\" \/>\n<meta name=\"twitter:label1\" content=\"\u00c9crit par\" \/>\n\t<meta name=\"twitter:data1\" content=\"Yusra NY\" \/>\n\t<meta name=\"twitter:label2\" content=\"Dur\u00e9e de lecture estim\u00e9e\" \/>\n\t<meta name=\"twitter:data2\" content=\"1 minute\" \/>\n<script type=\"application\/ld+json\" class=\"yoast-schema-graph\">{\"@context\":\"https:\/\/schema.org\",\"@graph\":[{\"@type\":\"Article\",\"@id\":\"https:\/\/kapitalis.com\/tunisie\/2022\/08\/23\/migration-drame-de-monastir-un-passeur-et-deux-intermediaires-se-trouvant-en-italie-identifies\/#article\",\"isPartOf\":{\"@id\":\"https:\/\/kapitalis.com\/tunisie\/2022\/08\/23\/migration-drame-de-monastir-un-passeur-et-deux-intermediaires-se-trouvant-en-italie-identifies\/\"},\"author\":{\"name\":\"Yusra NY\",\"@id\":\"https:\/\/kapitalis.com\/tunisie\/#\/schema\/person\/74bbde0154d49d790a92aaeac5bc01d5\"},\"headline\":\"Migration-Drame de Monastir : Un passeur et deux interm\u00e9diaires se trouvant en Italie identifi\u00e9s\",\"datePublished\":\"2022-08-23T18:49:36+00:00\",\"dateModified\":\"2022-08-23T19:04:22+00:00\",\"mainEntityOfPage\":{\"@id\":\"https:\/\/kapitalis.com\/tunisie\/2022\/08\/23\/migration-drame-de-monastir-un-passeur-et-deux-intermediaires-se-trouvant-en-italie-identifies\/\"},\"wordCount\":194,\"commentCount\":1,\"publisher\":{\"@id\":\"https:\/\/kapitalis.com\/tunisie\/#organization\"},\"image\":{\"@id\":\"https:\/\/kapitalis.com\/tunisie\/2022\/08\/23\/migration-drame-de-monastir-un-passeur-et-deux-intermediaires-se-trouvant-en-italie-identifies\/#primaryimage\"},\"thumbnailUrl\":\"https:\/\/kapitalis.com\/tunisie\/wp-content\/uploads\/2022\/08\/migration-monastir-naufrage.jpg\",\"keywords\":[\"DGGN\",\"enqu\u00eate\",\"Italie\",\"migration\",\"Monastir\",\"passeurs\",\"Tunisie\"],\"articleSection\":[\"SOCIETE\",\"Tunisie\"],\"inLanguage\":\"fr-FR\",\"potentialAction\":[{\"@type\":\"CommentAction\",\"name\":\"Comment\",\"target\":[\"https:\/\/kapitalis.com\/tunisie\/2022\/08\/23\/migration-drame-de-monastir-un-passeur-et-deux-intermediaires-se-trouvant-en-italie-identifies\/#respond\"]}]},{\"@type\":\"WebPage\",\"@id\":\"https:\/\/kapitalis.com\/tunisie\/2022\/08\/23\/migration-drame-de-monastir-un-passeur-et-deux-intermediaires-se-trouvant-en-italie-identifies\/\",\"url\":\"https:\/\/kapitalis.com\/tunisie\/2022\/08\/23\/migration-drame-de-monastir-un-passeur-et-deux-intermediaires-se-trouvant-en-italie-identifies\/\",\"name\":\"Migration-Drame de Monastir : Un passeur et deux interm\u00e9diaires se trouvant en Italie identifi\u00e9s - Kapitalis\",\"isPartOf\":{\"@id\":\"https:\/\/kapitalis.com\/tunisie\/#website\"},\"primaryImageOfPage\":{\"@id\":\"https:\/\/kapitalis.com\/tunisie\/2022\/08\/23\/migration-drame-de-monastir-un-passeur-et-deux-intermediaires-se-trouvant-en-italie-identifies\/#primaryimage\"},\"image\":{\"@id\":\"https:\/\/kapitalis.com\/tunisie\/2022\/08\/23\/migration-drame-de-monastir-un-passeur-et-deux-intermediaires-se-trouvant-en-italie-identifies\/#primaryimage\"},\"thumbnailUrl\":\"https:\/\/kapitalis.com\/tunisie\/wp-content\/uploads\/2022\/08\/migration-monastir-naufrage.jpg\",\"datePublished\":\"2022-08-23T18:49:36+00:00\",\"dateModified\":\"2022-08-23T19:04:22+00:00\",\"description\":\"L'enqu\u00eate ouverte suite au naufrage, le 14 ao\u00fbt, d'une embarcation au large de Monastir transportant des candidats \u00e0 la migration clandestine et qui a co\u00fbt\u00e9 la vie \u00e0 au moins 7 personnes, dont une m\u00e8re et son fils de 4 ans, a permis d'identifier le passeur principal, ainsi que deux interm\u00e9diaires, dont une femme, se trouvant en Italie.\",\"breadcrumb\":{\"@id\":\"https:\/\/kapitalis.com\/tunisie\/2022\/08\/23\/migration-drame-de-monastir-un-passeur-et-deux-intermediaires-se-trouvant-en-italie-identifies\/#breadcrumb\"},\"inLanguage\":\"fr-FR\",\"potentialAction\":[{\"@type\":\"ReadAction\",\"target\":[\"https:\/\/kapitalis.com\/tunisie\/2022\/08\/23\/migration-drame-de-monastir-un-passeur-et-deux-intermediaires-se-trouvant-en-italie-identifies\/\"]}]},{\"@type\":\"ImageObject\",\"inLanguage\":\"fr-FR\",\"@id\":\"https:\/\/kapitalis.com\/tunisie\/2022\/08\/23\/migration-drame-de-monastir-un-passeur-et-deux-intermediaires-se-trouvant-en-italie-identifies\/#primaryimage\",\"url\":\"https:\/\/kapitalis.com\/tunisie\/wp-content\/uploads\/2022\/08\/migration-monastir-naufrage.jpg\",\"contentUrl\":\"https:\/\/kapitalis.com\/tunisie\/wp-content\/uploads\/2022\/08\/migration-monastir-naufrage.jpg\",\"width\":1200,\"height\":630},{\"@type\":\"BreadcrumbList\",\"@id\":\"https:\/\/kapitalis.com\/tunisie\/2022\/08\/23\/migration-drame-de-monastir-un-passeur-et-deux-intermediaires-se-trouvant-en-italie-identifies\/#breadcrumb\",\"itemListElement\":[{\"@type\":\"ListItem\",\"position\":1,\"name\":\"Accueil\",\"item\":\"https:\/\/kapitalis.com\/tunisie\/\"},{\"@type\":\"ListItem\",\"position\":2,\"name\":\"Migration-Drame de Monastir : Un passeur et deux interm\u00e9diaires se trouvant en Italie identifi\u00e9s\"}]},{\"@type\":\"WebSite\",\"@id\":\"https:\/\/kapitalis.com\/tunisie\/#website\",\"url\":\"https:\/\/kapitalis.com\/tunisie\/\",\"name\":\"Kapitalis\",\"description\":\"L&#039;actualit\u00e9 en Tunisie et dans le monde\",\"publisher\":{\"@id\":\"https:\/\/kapitalis.com\/tunisie\/#organization\"},\"potentialAction\":[{\"@type\":\"SearchAction\",\"target\":{\"@type\":\"EntryPoint\",\"urlTemplate\":\"https:\/\/kapitalis.com\/tunisie\/?s={search_term_string}\"},\"query-input\":{\"@type\":\"PropertyValueSpecification\",\"valueRequired\":true,\"valueName\":\"search_term_string\"}}],\"inLanguage\":\"fr-FR\"},{\"@type\":\"Organization\",\"@id\":\"https:\/\/kapitalis.com\/tunisie\/#organization\",\"name\":\"Kapitalis\",\"url\":\"https:\/\/kapitalis.com\/tunisie\/\",\"logo\":{\"@type\":\"ImageObject\",\"inLanguage\":\"fr-FR\",\"@id\":\"https:\/\/kapitalis.com\/tunisie\/#\/schema\/logo\/image\/\",\"url\":\"https:\/\/kapitalis.com\/tunisie\/wp-content\/uploads\/2022\/05\/Kapitalis-big-size.png\",\"contentUrl\":\"https:\/\/kapitalis.com\/tunisie\/wp-content\/uploads\/2022\/05\/Kapitalis-big-size.png\",\"width\":5000,\"height\":1500,\"caption\":\"Kapitalis\"},\"image\":{\"@id\":\"https:\/\/kapitalis.com\/tunisie\/#\/schema\/logo\/image\/\"},\"sameAs\":[\"https:\/\/www.facebook.com\/KapitalisInfo\/\",\"https:\/\/x.com\/KapitalisInfo\",\"https:\/\/www.youtube.com\/channel\/UC-yDYrHyfFBWWZaOw3FPg9Q\"]},{\"@type\":\"Person\",\"@id\":\"https:\/\/kapitalis.com\/tunisie\/#\/schema\/person\/74bbde0154d49d790a92aaeac5bc01d5\",\"name\":\"Yusra NY\",\"url\":\"https:\/\/kapitalis.com\/tunisie\/author\/yuza_adam\/\"}]}<\/script>\n<!-- \/ Yoast SEO plugin. -->","yoast_head_json":{"title":"Migration-Drame de Monastir : Un passeur et deux interm\u00e9diaires se trouvant en Italie identifi\u00e9s - Kapitalis","description":"L'enqu\u00eate ouverte suite au naufrage, le 14 ao\u00fbt, d'une embarcation au large de Monastir transportant des candidats \u00e0 la migration clandestine et qui a co\u00fbt\u00e9 la vie \u00e0 au moins 7 personnes, dont une m\u00e8re et son fils de 4 ans, a permis d'identifier le passeur principal, ainsi que deux interm\u00e9diaires, dont une femme, se trouvant en Italie.","robots":{"index":"index","follow":"follow","max-snippet":"max-snippet:-1","max-image-preview":"max-image-preview:large","max-video-preview":"max-video-preview:-1"},"canonical":"https:\/\/kapitalis.com\/tunisie\/2022\/08\/23\/migration-drame-de-monastir-un-passeur-et-deux-intermediaires-se-trouvant-en-italie-identifies\/","og_locale":"fr_FR","og_type":"article","og_title":"Migration-Drame de Monastir : Un passeur et deux interm\u00e9diaires se trouvant en Italie identifi\u00e9s - Kapitalis","og_description":"L'enqu\u00eate ouverte suite au naufrage, le 14 ao\u00fbt, d'une embarcation au large de Monastir transportant des candidats \u00e0 la migration clandestine et qui a co\u00fbt\u00e9 la vie \u00e0 au moins 7 personnes, dont une m\u00e8re et son fils de 4 ans, a permis d'identifier le passeur principal, ainsi que deux interm\u00e9diaires, dont une femme, se trouvant en Italie.","og_url":"https:\/\/kapitalis.com\/tunisie\/2022\/08\/23\/migration-drame-de-monastir-un-passeur-et-deux-intermediaires-se-trouvant-en-italie-identifies\/","og_site_name":"Kapitalis","article_publisher":"https:\/\/www.facebook.com\/KapitalisInfo\/","article_published_time":"2022-08-23T18:49:36+00:00","article_modified_time":"2022-08-23T19:04:22+00:00","og_image":[{"width":1200,"height":630,"url":"https:\/\/kapitalis.com\/tunisie\/wp-content\/uploads\/2022\/08\/migration-monastir-naufrage.jpg","type":"image\/jpeg"}],"author":"Yusra NY","twitter_card":"summary_large_image","twitter_creator":"@KapitalisInfo","twitter_site":"@KapitalisInfo","twitter_misc":{"\u00c9crit par":"Yusra NY","Dur\u00e9e de lecture estim\u00e9e":"1 minute"},"schema":{"@context":"https:\/\/schema.org","@graph":[{"@type":"Article","@id":"https:\/\/kapitalis.com\/tunisie\/2022\/08\/23\/migration-drame-de-monastir-un-passeur-et-deux-intermediaires-se-trouvant-en-italie-identifies\/#article","isPartOf":{"@id":"https:\/\/kapitalis.com\/tunisie\/2022\/08\/23\/migration-drame-de-monastir-un-passeur-et-deux-intermediaires-se-trouvant-en-italie-identifies\/"},"author":{"name":"Yusra NY","@id":"https:\/\/kapitalis.com\/tunisie\/#\/schema\/person\/74bbde0154d49d790a92aaeac5bc01d5"},"headline":"Migration-Drame de Monastir : Un passeur et deux interm\u00e9diaires se trouvant en Italie identifi\u00e9s","datePublished":"2022-08-23T18:49:36+00:00","dateModified":"2022-08-23T19:04:22+00:00","mainEntityOfPage":{"@id":"https:\/\/kapitalis.com\/tunisie\/2022\/08\/23\/migration-drame-de-monastir-un-passeur-et-deux-intermediaires-se-trouvant-en-italie-identifies\/"},"wordCount":194,"commentCount":1,"publisher":{"@id":"https:\/\/kapitalis.com\/tunisie\/#organization"},"image":{"@id":"https:\/\/kapitalis.com\/tunisie\/2022\/08\/23\/migration-drame-de-monastir-un-passeur-et-deux-intermediaires-se-trouvant-en-italie-identifies\/#primaryimage"},"thumbnailUrl":"https:\/\/kapitalis.com\/tunisie\/wp-content\/uploads\/2022\/08\/migration-monastir-naufrage.jpg","keywords":["DGGN","enqu\u00eate","Italie","migration","Monastir","passeurs","Tunisie"],"articleSection":["SOCIETE","Tunisie"],"inLanguage":"fr-FR","potentialAction":[{"@type":"CommentAction","name":"Comment","target":["https:\/\/kapitalis.com\/tunisie\/2022\/08\/23\/migration-drame-de-monastir-un-passeur-et-deux-intermediaires-se-trouvant-en-italie-identifies\/#respond"]}]},{"@type":"WebPage","@id":"https:\/\/kapitalis.com\/tunisie\/2022\/08\/23\/migration-drame-de-monastir-un-passeur-et-deux-intermediaires-se-trouvant-en-italie-identifies\/","url":"https:\/\/kapitalis.com\/tunisie\/2022\/08\/23\/migration-drame-de-monastir-un-passeur-et-deux-intermediaires-se-trouvant-en-italie-identifies\/","name":"Migration-Drame de Monastir : Un passeur et deux interm\u00e9diaires se trouvant en Italie identifi\u00e9s - Kapitalis","isPartOf":{"@id":"https:\/\/kapitalis.com\/tunisie\/#website"},"primaryImageOfPage":{"@id":"https:\/\/kapitalis.com\/tunisie\/2022\/08\/23\/migration-drame-de-monastir-un-passeur-et-deux-intermediaires-se-trouvant-en-italie-identifies\/#primaryimage"},"image":{"@id":"https:\/\/kapitalis.com\/tunisie\/2022\/08\/23\/migration-drame-de-monastir-un-passeur-et-deux-intermediaires-se-trouvant-en-italie-identifies\/#primaryimage"},"thumbnailUrl":"https:\/\/kapitalis.com\/tunisie\/wp-content\/uploads\/2022\/08\/migration-monastir-naufrage.jpg","datePublished":"2022-08-23T18:49:36+00:00","dateModified":"2022-08-23T19:04:22+00:00","description":"L'enqu\u00eate ouverte suite au naufrage, le 14 ao\u00fbt, d'une embarcation au large de Monastir transportant des candidats \u00e0 la migration clandestine et qui a co\u00fbt\u00e9 la vie \u00e0 au moins 7 personnes, dont une m\u00e8re et son fils de 4 ans, a permis d'identifier le passeur principal, ainsi que deux interm\u00e9diaires, dont une femme, se trouvant en Italie.","breadcrumb":{"@id":"https:\/\/kapitalis.com\/tunisie\/2022\/08\/23\/migration-drame-de-monastir-un-passeur-et-deux-intermediaires-se-trouvant-en-italie-identifies\/#breadcrumb"},"inLanguage":"fr-FR","potentialAction":[{"@type":"ReadAction","target":["https:\/\/kapitalis.com\/tunisie\/2022\/08\/23\/migration-drame-de-monastir-un-passeur-et-deux-intermediaires-se-trouvant-en-italie-identifies\/"]}]},{"@type":"ImageObject","inLanguage":"fr-FR","@id":"https:\/\/kapitalis.com\/tunisie\/2022\/08\/23\/migration-drame-de-monastir-un-passeur-et-deux-intermediaires-se-trouvant-en-italie-identifies\/#primaryimage","url":"https:\/\/kapitalis.com\/tunisie\/wp-content\/uploads\/2022\/08\/migration-monastir-naufrage.jpg","contentUrl":"https:\/\/kapitalis.com\/tunisie\/wp-content\/uploads\/2022\/08\/migration-monastir-naufrage.jpg","width":1200,"height":630},{"@type":"BreadcrumbList","@id":"https:\/\/kapitalis.com\/tunisie\/2022\/08\/23\/migration-drame-de-monastir-un-passeur-et-deux-intermediaires-se-trouvant-en-italie-identifies\/#breadcrumb","itemListElement":[{"@type":"ListItem","position":1,"name":"Accueil","item":"https:\/\/kapitalis.com\/tunisie\/"},{"@type":"ListItem","position":2,"name":"Migration-Drame de Monastir : Un passeur et deux interm\u00e9diaires se trouvant en Italie identifi\u00e9s"}]},{"@type":"WebSite","@id":"https:\/\/kapitalis.com\/tunisie\/#website","url":"https:\/\/kapitalis.com\/tunisie\/","name":"Kapitalis","description":"L&#039;actualit\u00e9 en Tunisie et dans le monde","publisher":{"@id":"https:\/\/kapitalis.com\/tunisie\/#organization"},"potentialAction":[{"@type":"SearchAction","target":{"@type":"EntryPoint","urlTemplate":"https:\/\/kapitalis.com\/tunisie\/?s={search_term_string}"},"query-input":{"@type":"PropertyValueSpecification","valueRequired":true,"valueName":"search_term_string"}}],"inLanguage":"fr-FR"},{"@type":"Organization","@id":"https:\/\/kapitalis.com\/tunisie\/#organization","name":"Kapitalis","url":"https:\/\/kapitalis.com\/tunisie\/","logo":{"@type":"ImageObject","inLanguage":"fr-FR","@id":"https:\/\/kapitalis.com\/tunisie\/#\/schema\/logo\/image\/","url":"https:\/\/kapitalis.com\/tunisie\/wp-content\/uploads\/2022\/05\/Kapitalis-big-size.png","contentUrl":"https:\/\/kapitalis.com\/tunisie\/wp-content\/uploads\/2022\/05\/Kapitalis-big-size.png","width":5000,"height":1500,"caption":"Kapitalis"},"image":{"@id":"https:\/\/kapitalis.com\/tunisie\/#\/schema\/logo\/image\/"},"sameAs":["https:\/\/www.facebook.com\/KapitalisInfo\/","https:\/\/x.com\/KapitalisInfo","https:\/\/www.youtube.com\/channel\/UC-yDYrHyfFBWWZaOw3FPg9Q"]},{"@type":"Person","@id":"https:\/\/kapitalis.com\/tunisie\/#\/schema\/person\/74bbde0154d49d790a92aaeac5bc01d5","name":"Yusra NY","url":"https:\/\/kapitalis.com\/tunisie\/author\/yuza_adam\/"}]}},"_links":{"self":[{"href":"https:\/\/kapitalis.com\/tunisie\/wp-json\/wp\/v2\/posts\/3364593","targetHints":{"allow":["GET"]}}],"collection":[{"href":"https:\/\/kapitalis.com\/tunisie\/wp-json\/wp\/v2\/posts"}],"about":[{"href":"https:\/\/kapitalis.com\/tunisie\/wp-json\/wp\/v2\/types\/post"}],"author":[{"embeddable":true,"href":"https:\/\/kapitalis.com\/tunisie\/wp-json\/wp\/v2\/users\/6"}],"replies":[{"embeddable":true,"href":"https:\/\/kapitalis.com\/tunisie\/wp-json\/wp\/v2\/comments?post=3364593"}],"version-history":[{"count":0,"href":"https:\/\/kapitalis.com\/tunisie\/wp-json\/wp\/v2\/posts\/3364593\/revisions"}],"wp:featuredmedia":[{"embeddable":true,"href":"https:\/\/kapitalis.com\/tunisie\/wp-json\/wp\/v2\/media\/3364679"}],"wp:attachment":[{"href":"https:\/\/kapitalis.com\/tunisie\/wp-json\/wp\/v2\/media?parent=3364593"}],"wp:term":[{"taxonomy":"category","embeddable":true,"href":"https:\/\/kapitalis.com\/tunisie\/wp-json\/wp\/v2\/categories?post=3364593"},{"taxonomy":"post_tag","embeddable":true,"href":"https:\/\/kapitalis.com\/tunisie\/wp-json\/wp\/v2\/tags?post=3364593"}],"curies":[{"name":"wp","href":"https:\/\/api.w.org\/{rel}","templated":true}]}}