{"id":336495,"date":"2021-02-16T13:54:11","date_gmt":"2021-02-16T12:54:11","guid":{"rendered":"http:\/\/kapitalis.com\/tunisie\/?p=336495"},"modified":"2021-02-16T13:54:15","modified_gmt":"2021-02-16T12:54:15","slug":"agro-alimentaire-les-exportateurs-tunisiens-invites-a-participer-au-food-e-show","status":"publish","type":"post","link":"https:\/\/kapitalis.com\/tunisie\/2021\/02\/16\/agro-alimentaire-les-exportateurs-tunisiens-invites-a-participer-au-food-e-show\/","title":{"rendered":"Agro-alimentaire : Les exportateurs tunisiens invit\u00e9s \u00e0 participer au Food E Show"},"content":{"rendered":"\n<figure class=\"wp-block-image size-large\"><img decoding=\"async\" src=\"http:\/\/kapitalis.com\/tunisie\/wp-content\/uploads\/2021\/02\/The-Food-E-Show.jpg\" alt=\"\" class=\"wp-image-336506\"\/><\/figure>\n\n\n\n<p><strong><em>Le Centre de promotion des exportations (Cepex) invite les exportateurs tunisiens op\u00e9rant dans le secteur agro-alimentaire ainsi que ceux intervenants dans la cha\u00eene de valeur des aliments transform\u00e9s (y compris l\u2019emballage, les agences de marketing, l\u2019inspection, la certification transport et logistique\u2026), \u00e0 participer \u00e0 la deuxi\u00e8me \u00e9dition du salon virtuel \u2018\u2018The Food E Show\u2019\u2019 qui aura lieu en ligne du 9 au 12 mars 2021.<\/em><\/strong><\/p>\n\n\n\n<!--more-->\n\n\n\n<p><em>\u2018\u2018The Food E Show\u2019\u2019 <\/em>est un salon virtuel de l\u2019industrie alimentaire s\u2019adressant aux acheteurs, fournisseurs et prestataires de services de diverses nationalit\u00e9s et faisant partie de la cha\u00eene de valeur des aliments transform\u00e9s.<\/p>\n\n\n\n<p>Des rencontres virtuelles B2B avec des acheteurs de diverses origines (Europe, Moyen-Orient, Afrique, Am\u00e9rique et Asie) et op\u00e9rant dans le commerce de d\u00e9tail et la restauration seront planifi\u00e9es \u00e9galement pendant les 4 jours (groupes de commerce en gros, de distribution et d&rsquo;importation, soci\u00e9t\u00e9s de distribution et de commerce alimentaire, grands magasins et cha\u00eenes de magasins sp\u00e9cialis\u00e9s, cha\u00eenes de supermarch\u00e9s et d\u2019hypermarch\u00e9s, organes gouvernementaux, op\u00e9rateurs de croisi\u00e8res, traiteurs a\u00e9riens et militaires, d\u00e9taillants gourmets et free-food).<\/p>\n\n\n\n<p>Une s\u00e9rie de sessions en direct et de webinaires abordant des sujets d\u2019actualit\u00e9 et les nouvelles tendances de l\u2019industrie agro-alimentaire sont aussi planifi\u00e9es durant cet \u00e9v\u00e9nement.<\/p>\n\n\n\n<p><em>\u2018\u2018The Food E Show\u2019\u2019<\/em> est un \u00e9v\u00e9nement accessible sur application mobile ou navigateur web visent la participation de 200 exposants et 3000 participants professionnels de la cha\u00eene de valeur de l&rsquo;industrie alimentaire, allant des fabricants, acheteurs, importateurs, prestataires de services, entit\u00e9s de soutien aux innovateurs et marqueteurs de plus de 50 pays.<\/p>\n\n\n\n<p><strong><em>Source<\/em><\/strong> : communiqu\u00e9.<\/p>\n","protected":false},"excerpt":{"rendered":"<p>Le Centre de promotion des exportations (Cepex) invite les exportateurs tunisiens op\u00e9rant dans le secteur agro-alimentaire ainsi que ceux intervenants dans la cha\u00eene de valeur des aliments transform\u00e9s (y compris l\u2019emballage, les agences de marketing, l\u2019inspection, la certification transport et logistique\u2026), \u00e0 participer \u00e0 la deuxi\u00e8me \u00e9dition du salon virtuel \u2018\u2018The Food E Show\u2019\u2019 qui&#8230;<\/p>\n","protected":false},"author":8,"featured_media":336506,"comment_status":"open","ping_status":"open","sticky":false,"template":"","format":"standard","meta":{"footnotes":""},"categories":[995,2433],"tags":[7632,87538,1575,87537],"class_list":["post-336495","post","type-post","status-publish","format-standard","has-post-thumbnail","hentry","category-economie","category-tunisie","tag-agro-alimentaire","tag-aliments-transformes","tag-cepex","tag-the-food-e-show"],"yoast_head":"<!-- This site is optimized with the Yoast SEO plugin v26.6 - https:\/\/yoast.com\/wordpress\/plugins\/seo\/ -->\n<title>Agro-alimentaire : Les exportateurs tunisiens invit\u00e9s \u00e0 participer au Food E Show - Kapitalis<\/title>\n<meta name=\"robots\" content=\"index, follow, max-snippet:-1, max-image-preview:large, max-video-preview:-1\" \/>\n<link rel=\"canonical\" href=\"https:\/\/kapitalis.com\/tunisie\/2021\/02\/16\/agro-alimentaire-les-exportateurs-tunisiens-invites-a-participer-au-food-e-show\/\" \/>\n<meta property=\"og:locale\" content=\"fr_FR\" \/>\n<meta property=\"og:type\" content=\"article\" \/>\n<meta property=\"og:title\" content=\"Agro-alimentaire : Les exportateurs tunisiens invit\u00e9s \u00e0 participer au Food E Show - Kapitalis\" \/>\n<meta property=\"og:description\" content=\"Le Centre de promotion des exportations (Cepex) invite les exportateurs tunisiens op\u00e9rant dans le secteur agro-alimentaire ainsi que ceux intervenants dans la cha\u00eene de valeur des aliments transform\u00e9s (y compris l\u2019emballage, les agences de marketing, l\u2019inspection, la certification transport et logistique\u2026), \u00e0 participer \u00e0 la deuxi\u00e8me \u00e9dition du salon virtuel \u2018\u2018The Food E Show\u2019\u2019 qui...\" \/>\n<meta property=\"og:url\" content=\"https:\/\/kapitalis.com\/tunisie\/2021\/02\/16\/agro-alimentaire-les-exportateurs-tunisiens-invites-a-participer-au-food-e-show\/\" \/>\n<meta property=\"og:site_name\" content=\"Kapitalis\" \/>\n<meta property=\"article:publisher\" content=\"https:\/\/www.facebook.com\/KapitalisInfo\/\" \/>\n<meta property=\"article:published_time\" content=\"2021-02-16T12:54:11+00:00\" \/>\n<meta property=\"article:modified_time\" content=\"2021-02-16T12:54:15+00:00\" \/>\n<meta property=\"og:image\" content=\"https:\/\/kapitalis.com\/tunisie\/wp-content\/uploads\/2022\/05\/kapitalis-logo-fb.png\" \/>\n\t<meta property=\"og:image:width\" content=\"1200\" \/>\n\t<meta property=\"og:image:height\" content=\"630\" \/>\n\t<meta property=\"og:image:type\" content=\"image\/png\" \/>\n<meta name=\"author\" content=\"webmaster kapitalis\" \/>\n<meta name=\"twitter:card\" content=\"summary_large_image\" \/>\n<meta name=\"twitter:creator\" content=\"@KapitalisInfo\" \/>\n<meta name=\"twitter:site\" content=\"@KapitalisInfo\" \/>\n<meta name=\"twitter:label1\" content=\"\u00c9crit par\" \/>\n\t<meta name=\"twitter:data1\" content=\"webmaster kapitalis\" \/>\n\t<meta name=\"twitter:label2\" content=\"Dur\u00e9e de lecture estim\u00e9e\" \/>\n\t<meta name=\"twitter:data2\" content=\"1 minute\" \/>\n<script type=\"application\/ld+json\" class=\"yoast-schema-graph\">{\"@context\":\"https:\/\/schema.org\",\"@graph\":[{\"@type\":\"Article\",\"@id\":\"https:\/\/kapitalis.com\/tunisie\/2021\/02\/16\/agro-alimentaire-les-exportateurs-tunisiens-invites-a-participer-au-food-e-show\/#article\",\"isPartOf\":{\"@id\":\"https:\/\/kapitalis.com\/tunisie\/2021\/02\/16\/agro-alimentaire-les-exportateurs-tunisiens-invites-a-participer-au-food-e-show\/\"},\"author\":{\"name\":\"webmaster kapitalis\",\"@id\":\"https:\/\/kapitalis.com\/tunisie\/#\/schema\/person\/d71f33a9ca44f7bad4698210b480c8e9\"},\"headline\":\"Agro-alimentaire : Les exportateurs tunisiens invit\u00e9s \u00e0 participer au Food E Show\",\"datePublished\":\"2021-02-16T12:54:11+00:00\",\"dateModified\":\"2021-02-16T12:54:15+00:00\",\"mainEntityOfPage\":{\"@id\":\"https:\/\/kapitalis.com\/tunisie\/2021\/02\/16\/agro-alimentaire-les-exportateurs-tunisiens-invites-a-participer-au-food-e-show\/\"},\"wordCount\":291,\"commentCount\":0,\"publisher\":{\"@id\":\"https:\/\/kapitalis.com\/tunisie\/#organization\"},\"image\":{\"@id\":\"https:\/\/kapitalis.com\/tunisie\/2021\/02\/16\/agro-alimentaire-les-exportateurs-tunisiens-invites-a-participer-au-food-e-show\/#primaryimage\"},\"thumbnailUrl\":\"\",\"keywords\":[\"agro-alimentaire\",\"aliments transform\u00e9s\",\"Cepex\",\"The Food E Show\"],\"articleSection\":[\"ECONOMIE\",\"Tunisie\"],\"inLanguage\":\"fr-FR\",\"potentialAction\":[{\"@type\":\"CommentAction\",\"name\":\"Comment\",\"target\":[\"https:\/\/kapitalis.com\/tunisie\/2021\/02\/16\/agro-alimentaire-les-exportateurs-tunisiens-invites-a-participer-au-food-e-show\/#respond\"]}]},{\"@type\":\"WebPage\",\"@id\":\"https:\/\/kapitalis.com\/tunisie\/2021\/02\/16\/agro-alimentaire-les-exportateurs-tunisiens-invites-a-participer-au-food-e-show\/\",\"url\":\"https:\/\/kapitalis.com\/tunisie\/2021\/02\/16\/agro-alimentaire-les-exportateurs-tunisiens-invites-a-participer-au-food-e-show\/\",\"name\":\"Agro-alimentaire : Les exportateurs tunisiens invit\u00e9s \u00e0 participer au Food E Show - Kapitalis\",\"isPartOf\":{\"@id\":\"https:\/\/kapitalis.com\/tunisie\/#website\"},\"primaryImageOfPage\":{\"@id\":\"https:\/\/kapitalis.com\/tunisie\/2021\/02\/16\/agro-alimentaire-les-exportateurs-tunisiens-invites-a-participer-au-food-e-show\/#primaryimage\"},\"image\":{\"@id\":\"https:\/\/kapitalis.com\/tunisie\/2021\/02\/16\/agro-alimentaire-les-exportateurs-tunisiens-invites-a-participer-au-food-e-show\/#primaryimage\"},\"thumbnailUrl\":\"\",\"datePublished\":\"2021-02-16T12:54:11+00:00\",\"dateModified\":\"2021-02-16T12:54:15+00:00\",\"breadcrumb\":{\"@id\":\"https:\/\/kapitalis.com\/tunisie\/2021\/02\/16\/agro-alimentaire-les-exportateurs-tunisiens-invites-a-participer-au-food-e-show\/#breadcrumb\"},\"inLanguage\":\"fr-FR\",\"potentialAction\":[{\"@type\":\"ReadAction\",\"target\":[\"https:\/\/kapitalis.com\/tunisie\/2021\/02\/16\/agro-alimentaire-les-exportateurs-tunisiens-invites-a-participer-au-food-e-show\/\"]}]},{\"@type\":\"ImageObject\",\"inLanguage\":\"fr-FR\",\"@id\":\"https:\/\/kapitalis.com\/tunisie\/2021\/02\/16\/agro-alimentaire-les-exportateurs-tunisiens-invites-a-participer-au-food-e-show\/#primaryimage\",\"url\":\"\",\"contentUrl\":\"\"},{\"@type\":\"BreadcrumbList\",\"@id\":\"https:\/\/kapitalis.com\/tunisie\/2021\/02\/16\/agro-alimentaire-les-exportateurs-tunisiens-invites-a-participer-au-food-e-show\/#breadcrumb\",\"itemListElement\":[{\"@type\":\"ListItem\",\"position\":1,\"name\":\"Accueil\",\"item\":\"https:\/\/kapitalis.com\/tunisie\/\"},{\"@type\":\"ListItem\",\"position\":2,\"name\":\"Agro-alimentaire : Les exportateurs tunisiens invit\u00e9s \u00e0 participer au Food E Show\"}]},{\"@type\":\"WebSite\",\"@id\":\"https:\/\/kapitalis.com\/tunisie\/#website\",\"url\":\"https:\/\/kapitalis.com\/tunisie\/\",\"name\":\"Kapitalis\",\"description\":\"L&#039;actualit\u00e9 en Tunisie et dans le monde\",\"publisher\":{\"@id\":\"https:\/\/kapitalis.com\/tunisie\/#organization\"},\"potentialAction\":[{\"@type\":\"SearchAction\",\"target\":{\"@type\":\"EntryPoint\",\"urlTemplate\":\"https:\/\/kapitalis.com\/tunisie\/?s={search_term_string}\"},\"query-input\":{\"@type\":\"PropertyValueSpecification\",\"valueRequired\":true,\"valueName\":\"search_term_string\"}}],\"inLanguage\":\"fr-FR\"},{\"@type\":\"Organization\",\"@id\":\"https:\/\/kapitalis.com\/tunisie\/#organization\",\"name\":\"Kapitalis\",\"url\":\"https:\/\/kapitalis.com\/tunisie\/\",\"logo\":{\"@type\":\"ImageObject\",\"inLanguage\":\"fr-FR\",\"@id\":\"https:\/\/kapitalis.com\/tunisie\/#\/schema\/logo\/image\/\",\"url\":\"https:\/\/kapitalis.com\/tunisie\/wp-content\/uploads\/2022\/05\/Kapitalis-big-size.png\",\"contentUrl\":\"https:\/\/kapitalis.com\/tunisie\/wp-content\/uploads\/2022\/05\/Kapitalis-big-size.png\",\"width\":5000,\"height\":1500,\"caption\":\"Kapitalis\"},\"image\":{\"@id\":\"https:\/\/kapitalis.com\/tunisie\/#\/schema\/logo\/image\/\"},\"sameAs\":[\"https:\/\/www.facebook.com\/KapitalisInfo\/\",\"https:\/\/x.com\/KapitalisInfo\",\"https:\/\/www.youtube.com\/channel\/UC-yDYrHyfFBWWZaOw3FPg9Q\"]},{\"@type\":\"Person\",\"@id\":\"https:\/\/kapitalis.com\/tunisie\/#\/schema\/person\/d71f33a9ca44f7bad4698210b480c8e9\",\"name\":\"webmaster kapitalis\",\"url\":\"https:\/\/kapitalis.com\/tunisie\/author\/webmaster-kapitalis\/\"}]}<\/script>\n<!-- \/ Yoast SEO plugin. -->","yoast_head_json":{"title":"Agro-alimentaire : Les exportateurs tunisiens invit\u00e9s \u00e0 participer au Food E Show - Kapitalis","robots":{"index":"index","follow":"follow","max-snippet":"max-snippet:-1","max-image-preview":"max-image-preview:large","max-video-preview":"max-video-preview:-1"},"canonical":"https:\/\/kapitalis.com\/tunisie\/2021\/02\/16\/agro-alimentaire-les-exportateurs-tunisiens-invites-a-participer-au-food-e-show\/","og_locale":"fr_FR","og_type":"article","og_title":"Agro-alimentaire : Les exportateurs tunisiens invit\u00e9s \u00e0 participer au Food E Show - Kapitalis","og_description":"Le Centre de promotion des exportations (Cepex) invite les exportateurs tunisiens op\u00e9rant dans le secteur agro-alimentaire ainsi que ceux intervenants dans la cha\u00eene de valeur des aliments transform\u00e9s (y compris l\u2019emballage, les agences de marketing, l\u2019inspection, la certification transport et logistique\u2026), \u00e0 participer \u00e0 la deuxi\u00e8me \u00e9dition du salon virtuel \u2018\u2018The Food E Show\u2019\u2019 qui...","og_url":"https:\/\/kapitalis.com\/tunisie\/2021\/02\/16\/agro-alimentaire-les-exportateurs-tunisiens-invites-a-participer-au-food-e-show\/","og_site_name":"Kapitalis","article_publisher":"https:\/\/www.facebook.com\/KapitalisInfo\/","article_published_time":"2021-02-16T12:54:11+00:00","article_modified_time":"2021-02-16T12:54:15+00:00","og_image":[{"width":1200,"height":630,"url":"https:\/\/kapitalis.com\/tunisie\/wp-content\/uploads\/2022\/05\/kapitalis-logo-fb.png","type":"image\/png"}],"author":"webmaster kapitalis","twitter_card":"summary_large_image","twitter_creator":"@KapitalisInfo","twitter_site":"@KapitalisInfo","twitter_misc":{"\u00c9crit par":"webmaster kapitalis","Dur\u00e9e de lecture estim\u00e9e":"1 minute"},"schema":{"@context":"https:\/\/schema.org","@graph":[{"@type":"Article","@id":"https:\/\/kapitalis.com\/tunisie\/2021\/02\/16\/agro-alimentaire-les-exportateurs-tunisiens-invites-a-participer-au-food-e-show\/#article","isPartOf":{"@id":"https:\/\/kapitalis.com\/tunisie\/2021\/02\/16\/agro-alimentaire-les-exportateurs-tunisiens-invites-a-participer-au-food-e-show\/"},"author":{"name":"webmaster kapitalis","@id":"https:\/\/kapitalis.com\/tunisie\/#\/schema\/person\/d71f33a9ca44f7bad4698210b480c8e9"},"headline":"Agro-alimentaire : Les exportateurs tunisiens invit\u00e9s \u00e0 participer au Food E Show","datePublished":"2021-02-16T12:54:11+00:00","dateModified":"2021-02-16T12:54:15+00:00","mainEntityOfPage":{"@id":"https:\/\/kapitalis.com\/tunisie\/2021\/02\/16\/agro-alimentaire-les-exportateurs-tunisiens-invites-a-participer-au-food-e-show\/"},"wordCount":291,"commentCount":0,"publisher":{"@id":"https:\/\/kapitalis.com\/tunisie\/#organization"},"image":{"@id":"https:\/\/kapitalis.com\/tunisie\/2021\/02\/16\/agro-alimentaire-les-exportateurs-tunisiens-invites-a-participer-au-food-e-show\/#primaryimage"},"thumbnailUrl":"","keywords":["agro-alimentaire","aliments transform\u00e9s","Cepex","The Food E Show"],"articleSection":["ECONOMIE","Tunisie"],"inLanguage":"fr-FR","potentialAction":[{"@type":"CommentAction","name":"Comment","target":["https:\/\/kapitalis.com\/tunisie\/2021\/02\/16\/agro-alimentaire-les-exportateurs-tunisiens-invites-a-participer-au-food-e-show\/#respond"]}]},{"@type":"WebPage","@id":"https:\/\/kapitalis.com\/tunisie\/2021\/02\/16\/agro-alimentaire-les-exportateurs-tunisiens-invites-a-participer-au-food-e-show\/","url":"https:\/\/kapitalis.com\/tunisie\/2021\/02\/16\/agro-alimentaire-les-exportateurs-tunisiens-invites-a-participer-au-food-e-show\/","name":"Agro-alimentaire : Les exportateurs tunisiens invit\u00e9s \u00e0 participer au Food E Show - Kapitalis","isPartOf":{"@id":"https:\/\/kapitalis.com\/tunisie\/#website"},"primaryImageOfPage":{"@id":"https:\/\/kapitalis.com\/tunisie\/2021\/02\/16\/agro-alimentaire-les-exportateurs-tunisiens-invites-a-participer-au-food-e-show\/#primaryimage"},"image":{"@id":"https:\/\/kapitalis.com\/tunisie\/2021\/02\/16\/agro-alimentaire-les-exportateurs-tunisiens-invites-a-participer-au-food-e-show\/#primaryimage"},"thumbnailUrl":"","datePublished":"2021-02-16T12:54:11+00:00","dateModified":"2021-02-16T12:54:15+00:00","breadcrumb":{"@id":"https:\/\/kapitalis.com\/tunisie\/2021\/02\/16\/agro-alimentaire-les-exportateurs-tunisiens-invites-a-participer-au-food-e-show\/#breadcrumb"},"inLanguage":"fr-FR","potentialAction":[{"@type":"ReadAction","target":["https:\/\/kapitalis.com\/tunisie\/2021\/02\/16\/agro-alimentaire-les-exportateurs-tunisiens-invites-a-participer-au-food-e-show\/"]}]},{"@type":"ImageObject","inLanguage":"fr-FR","@id":"https:\/\/kapitalis.com\/tunisie\/2021\/02\/16\/agro-alimentaire-les-exportateurs-tunisiens-invites-a-participer-au-food-e-show\/#primaryimage","url":"","contentUrl":""},{"@type":"BreadcrumbList","@id":"https:\/\/kapitalis.com\/tunisie\/2021\/02\/16\/agro-alimentaire-les-exportateurs-tunisiens-invites-a-participer-au-food-e-show\/#breadcrumb","itemListElement":[{"@type":"ListItem","position":1,"name":"Accueil","item":"https:\/\/kapitalis.com\/tunisie\/"},{"@type":"ListItem","position":2,"name":"Agro-alimentaire : Les exportateurs tunisiens invit\u00e9s \u00e0 participer au Food E Show"}]},{"@type":"WebSite","@id":"https:\/\/kapitalis.com\/tunisie\/#website","url":"https:\/\/kapitalis.com\/tunisie\/","name":"Kapitalis","description":"L&#039;actualit\u00e9 en Tunisie et dans le monde","publisher":{"@id":"https:\/\/kapitalis.com\/tunisie\/#organization"},"potentialAction":[{"@type":"SearchAction","target":{"@type":"EntryPoint","urlTemplate":"https:\/\/kapitalis.com\/tunisie\/?s={search_term_string}"},"query-input":{"@type":"PropertyValueSpecification","valueRequired":true,"valueName":"search_term_string"}}],"inLanguage":"fr-FR"},{"@type":"Organization","@id":"https:\/\/kapitalis.com\/tunisie\/#organization","name":"Kapitalis","url":"https:\/\/kapitalis.com\/tunisie\/","logo":{"@type":"ImageObject","inLanguage":"fr-FR","@id":"https:\/\/kapitalis.com\/tunisie\/#\/schema\/logo\/image\/","url":"https:\/\/kapitalis.com\/tunisie\/wp-content\/uploads\/2022\/05\/Kapitalis-big-size.png","contentUrl":"https:\/\/kapitalis.com\/tunisie\/wp-content\/uploads\/2022\/05\/Kapitalis-big-size.png","width":5000,"height":1500,"caption":"Kapitalis"},"image":{"@id":"https:\/\/kapitalis.com\/tunisie\/#\/schema\/logo\/image\/"},"sameAs":["https:\/\/www.facebook.com\/KapitalisInfo\/","https:\/\/x.com\/KapitalisInfo","https:\/\/www.youtube.com\/channel\/UC-yDYrHyfFBWWZaOw3FPg9Q"]},{"@type":"Person","@id":"https:\/\/kapitalis.com\/tunisie\/#\/schema\/person\/d71f33a9ca44f7bad4698210b480c8e9","name":"webmaster kapitalis","url":"https:\/\/kapitalis.com\/tunisie\/author\/webmaster-kapitalis\/"}]}},"_links":{"self":[{"href":"https:\/\/kapitalis.com\/tunisie\/wp-json\/wp\/v2\/posts\/336495","targetHints":{"allow":["GET"]}}],"collection":[{"href":"https:\/\/kapitalis.com\/tunisie\/wp-json\/wp\/v2\/posts"}],"about":[{"href":"https:\/\/kapitalis.com\/tunisie\/wp-json\/wp\/v2\/types\/post"}],"author":[{"embeddable":true,"href":"https:\/\/kapitalis.com\/tunisie\/wp-json\/wp\/v2\/users\/8"}],"replies":[{"embeddable":true,"href":"https:\/\/kapitalis.com\/tunisie\/wp-json\/wp\/v2\/comments?post=336495"}],"version-history":[{"count":0,"href":"https:\/\/kapitalis.com\/tunisie\/wp-json\/wp\/v2\/posts\/336495\/revisions"}],"wp:featuredmedia":[{"embeddable":true,"href":"https:\/\/kapitalis.com\/tunisie\/wp-json\/wp\/v2\/media\/336506"}],"wp:attachment":[{"href":"https:\/\/kapitalis.com\/tunisie\/wp-json\/wp\/v2\/media?parent=336495"}],"wp:term":[{"taxonomy":"category","embeddable":true,"href":"https:\/\/kapitalis.com\/tunisie\/wp-json\/wp\/v2\/categories?post=336495"},{"taxonomy":"post_tag","embeddable":true,"href":"https:\/\/kapitalis.com\/tunisie\/wp-json\/wp\/v2\/tags?post=336495"}],"curies":[{"name":"wp","href":"https:\/\/api.w.org\/{rel}","templated":true}]}}