{"id":336510,"date":"2021-02-16T14:29:58","date_gmt":"2021-02-16T13:29:58","guid":{"rendered":"http:\/\/kapitalis.com\/tunisie\/?p=336510"},"modified":"2021-02-16T14:29:59","modified_gmt":"2021-02-16T13:29:59","slug":"tunisie-habib-ammar-optimiste-par-rapport-a-la-saison-touristique","status":"publish","type":"post","link":"https:\/\/kapitalis.com\/tunisie\/2021\/02\/16\/tunisie-habib-ammar-optimiste-par-rapport-a-la-saison-touristique\/","title":{"rendered":"Tunisie : Habib Ammar optimiste par rapport \u00e0 la saison touristique"},"content":{"rendered":"\n<figure class=\"wp-block-image size-large\"><img decoding=\"async\" src=\"http:\/\/kapitalis.com\/tunisie\/wp-content\/uploads\/2021\/02\/habib-ammae-arp.jpg\" alt=\"\" class=\"wp-image-336519\"\/><\/figure>\n\n\n\n<p><strong><em>Auditionn\u00e9, ce mardi, 16 f\u00e9vrier 2021, \u00e0 l&rsquo;Assembl\u00e9e des repr\u00e9sentants du peuple (ARP), le ministre du Tourisme, Habib Ammar, s&rsquo;est montr\u00e9 optimiste par rapport \u00e0 la saison touristique estivale, dont la r\u00e9ussite est menac\u00e9e, pour la deuxi\u00e8me ann\u00e9e cons\u00e9cutive, par la Covid-19.<\/em><\/strong><\/p>\n\n\n\n<!--more-->\n\n\n\n<p>Il a, notamment, annonc\u00e9 la mise en place d&rsquo;un programme complet durant le mois d\u2019avril prochain et pr\u00e9vu une excellente ann\u00e9e, sur le plan touristique, avec une am\u00e9lioration palpable \u00e0 partir des mois de mai et de juin, gr\u00e2ce \u00e0 l\u2019arriv\u00e9e des vaccins anti-Covid-19 et des touristes.<\/p>\n\n\n\n<p>Ammar a indiqu\u00e9 que son d\u00e9partement misera essentiellement sur les march\u00e9s voisins (libyen et alg\u00e9rien), ainsi que celui de l\u2019Europe de l\u2019Est.<\/p>\n\n\n\n<p>Le ministre a, par ailleurs, assur\u00e9 qu&rsquo;il y aura une collaboration \u00e9troite avec \u00a0avec tous d\u00e9partement et structures concern\u00e9s en vue d&rsquo;assurer la r\u00e9ussite de la saison touristique.<\/p>\n\n\n\n<p>Le tourisme a \u00e9t\u00e9 l&rsquo;un des secteurs les plus touch\u00e9s par la crise sanitaire en 2020. Il a connu une chute des recettes de 64 %, du nombre de touristes de 75 %, et des nuits pass\u00e9es dans les h\u00f4tels de 75 %, selon le M. Ammar.<\/p>\n\n\n\n<p>Habib Ammar a \u00e9galement fait savoir que le gouvernement a pris 14 mesures pour soutenir les \u00e9tablissements touristiques, dont 70% sont en cours de r\u00e9alisation. <\/p>\n\n\n\n<p>Parmi ces mesures, le r\u00e9\u00e9chelonnement des cr\u00e9dits accord\u00e9s aux entreprises et aux professionnels du tourisme jusqu\u2019au 21 septembre 2021 et l\u2019octroi d\u2019une subvention mensuelle exceptionnelle de 200 dinars pour les employ\u00e9s du secteur.<\/p>\n\n\n\n<p>Notons que la pl\u00e9ni\u00e8re tenue \u00e0 l&rsquo;ARP a \u00e9t\u00e9 consacr\u00e9e \u00e0 l\u2019examen d\u2019un projet de loi portant ratification du d\u00e9cret d\u00e9finissant les dispositions exceptionnelles relatives aux agences de voyages, dont les activit\u00e9s ont subi l\u2019impact du coronavirus.<\/p>\n\n\n\n<p class=\"has-text-align-right\"><strong>C. B. Y.<\/strong><\/p>\n","protected":false},"excerpt":{"rendered":"<p>Auditionn\u00e9, ce mardi, 16 f\u00e9vrier 2021, \u00e0 l&rsquo;Assembl\u00e9e des repr\u00e9sentants du peuple (ARP), le ministre du Tourisme, Habib Ammar, s&rsquo;est montr\u00e9 optimiste par rapport \u00e0 la saison touristique estivale, dont la r\u00e9ussite est menac\u00e9e, pour la deuxi\u00e8me ann\u00e9e cons\u00e9cutive, par la Covid-19.<\/p>\n","protected":false},"author":24,"featured_media":336519,"comment_status":"open","ping_status":"open","sticky":false,"template":"","format":"standard","meta":{"footnotes":""},"categories":[995,2433],"tags":[84,3773],"class_list":["post-336510","post","type-post","status-publish","format-standard","has-post-thumbnail","hentry","category-economie","category-tunisie","tag-arp","tag-habib-ammar"],"yoast_head":"<!-- This site is optimized with the Yoast SEO plugin v26.6 - https:\/\/yoast.com\/wordpress\/plugins\/seo\/ -->\n<title>Tunisie : Habib Ammar optimiste par rapport \u00e0 la saison touristique - Kapitalis<\/title>\n<meta name=\"robots\" content=\"index, follow, max-snippet:-1, max-image-preview:large, max-video-preview:-1\" \/>\n<link rel=\"canonical\" href=\"https:\/\/kapitalis.com\/tunisie\/2021\/02\/16\/tunisie-habib-ammar-optimiste-par-rapport-a-la-saison-touristique\/\" \/>\n<meta property=\"og:locale\" content=\"fr_FR\" \/>\n<meta property=\"og:type\" content=\"article\" \/>\n<meta property=\"og:title\" content=\"Tunisie : Habib Ammar optimiste par rapport \u00e0 la saison touristique - Kapitalis\" \/>\n<meta property=\"og:description\" content=\"Auditionn\u00e9, ce mardi, 16 f\u00e9vrier 2021, \u00e0 l&rsquo;Assembl\u00e9e des repr\u00e9sentants du peuple (ARP), le ministre du Tourisme, Habib Ammar, s&rsquo;est montr\u00e9 optimiste par rapport \u00e0 la saison touristique estivale, dont la r\u00e9ussite est menac\u00e9e, pour la deuxi\u00e8me ann\u00e9e cons\u00e9cutive, par la Covid-19.\" \/>\n<meta property=\"og:url\" content=\"https:\/\/kapitalis.com\/tunisie\/2021\/02\/16\/tunisie-habib-ammar-optimiste-par-rapport-a-la-saison-touristique\/\" \/>\n<meta property=\"og:site_name\" content=\"Kapitalis\" \/>\n<meta property=\"article:publisher\" content=\"https:\/\/www.facebook.com\/KapitalisInfo\/\" \/>\n<meta property=\"article:published_time\" content=\"2021-02-16T13:29:58+00:00\" \/>\n<meta property=\"article:modified_time\" content=\"2021-02-16T13:29:59+00:00\" \/>\n<meta property=\"og:image\" content=\"https:\/\/kapitalis.com\/tunisie\/wp-content\/uploads\/2022\/05\/kapitalis-logo-fb.png\" \/>\n\t<meta property=\"og:image:width\" content=\"1200\" \/>\n\t<meta property=\"og:image:height\" content=\"630\" \/>\n\t<meta property=\"og:image:type\" content=\"image\/png\" \/>\n<meta name=\"author\" content=\"Cherif Benyounes\" \/>\n<meta name=\"twitter:card\" content=\"summary_large_image\" \/>\n<meta name=\"twitter:creator\" content=\"@KapitalisInfo\" \/>\n<meta name=\"twitter:site\" content=\"@KapitalisInfo\" \/>\n<meta name=\"twitter:label1\" content=\"\u00c9crit par\" \/>\n\t<meta name=\"twitter:data1\" content=\"Cherif Benyounes\" \/>\n\t<meta name=\"twitter:label2\" content=\"Dur\u00e9e de lecture estim\u00e9e\" \/>\n\t<meta name=\"twitter:data2\" content=\"2 minutes\" \/>\n<script type=\"application\/ld+json\" class=\"yoast-schema-graph\">{\"@context\":\"https:\/\/schema.org\",\"@graph\":[{\"@type\":\"Article\",\"@id\":\"https:\/\/kapitalis.com\/tunisie\/2021\/02\/16\/tunisie-habib-ammar-optimiste-par-rapport-a-la-saison-touristique\/#article\",\"isPartOf\":{\"@id\":\"https:\/\/kapitalis.com\/tunisie\/2021\/02\/16\/tunisie-habib-ammar-optimiste-par-rapport-a-la-saison-touristique\/\"},\"author\":{\"name\":\"Cherif Benyounes\",\"@id\":\"https:\/\/kapitalis.com\/tunisie\/#\/schema\/person\/b35b8d631961131107263178aeb8019e\"},\"headline\":\"Tunisie : Habib Ammar optimiste par rapport \u00e0 la saison touristique\",\"datePublished\":\"2021-02-16T13:29:58+00:00\",\"dateModified\":\"2021-02-16T13:29:59+00:00\",\"mainEntityOfPage\":{\"@id\":\"https:\/\/kapitalis.com\/tunisie\/2021\/02\/16\/tunisie-habib-ammar-optimiste-par-rapport-a-la-saison-touristique\/\"},\"wordCount\":316,\"commentCount\":3,\"publisher\":{\"@id\":\"https:\/\/kapitalis.com\/tunisie\/#organization\"},\"image\":{\"@id\":\"https:\/\/kapitalis.com\/tunisie\/2021\/02\/16\/tunisie-habib-ammar-optimiste-par-rapport-a-la-saison-touristique\/#primaryimage\"},\"thumbnailUrl\":\"\",\"keywords\":[\"ARP\",\"Habib Ammar\"],\"articleSection\":[\"ECONOMIE\",\"Tunisie\"],\"inLanguage\":\"fr-FR\",\"potentialAction\":[{\"@type\":\"CommentAction\",\"name\":\"Comment\",\"target\":[\"https:\/\/kapitalis.com\/tunisie\/2021\/02\/16\/tunisie-habib-ammar-optimiste-par-rapport-a-la-saison-touristique\/#respond\"]}]},{\"@type\":\"WebPage\",\"@id\":\"https:\/\/kapitalis.com\/tunisie\/2021\/02\/16\/tunisie-habib-ammar-optimiste-par-rapport-a-la-saison-touristique\/\",\"url\":\"https:\/\/kapitalis.com\/tunisie\/2021\/02\/16\/tunisie-habib-ammar-optimiste-par-rapport-a-la-saison-touristique\/\",\"name\":\"Tunisie : Habib Ammar optimiste par rapport \u00e0 la saison touristique - Kapitalis\",\"isPartOf\":{\"@id\":\"https:\/\/kapitalis.com\/tunisie\/#website\"},\"primaryImageOfPage\":{\"@id\":\"https:\/\/kapitalis.com\/tunisie\/2021\/02\/16\/tunisie-habib-ammar-optimiste-par-rapport-a-la-saison-touristique\/#primaryimage\"},\"image\":{\"@id\":\"https:\/\/kapitalis.com\/tunisie\/2021\/02\/16\/tunisie-habib-ammar-optimiste-par-rapport-a-la-saison-touristique\/#primaryimage\"},\"thumbnailUrl\":\"\",\"datePublished\":\"2021-02-16T13:29:58+00:00\",\"dateModified\":\"2021-02-16T13:29:59+00:00\",\"breadcrumb\":{\"@id\":\"https:\/\/kapitalis.com\/tunisie\/2021\/02\/16\/tunisie-habib-ammar-optimiste-par-rapport-a-la-saison-touristique\/#breadcrumb\"},\"inLanguage\":\"fr-FR\",\"potentialAction\":[{\"@type\":\"ReadAction\",\"target\":[\"https:\/\/kapitalis.com\/tunisie\/2021\/02\/16\/tunisie-habib-ammar-optimiste-par-rapport-a-la-saison-touristique\/\"]}]},{\"@type\":\"ImageObject\",\"inLanguage\":\"fr-FR\",\"@id\":\"https:\/\/kapitalis.com\/tunisie\/2021\/02\/16\/tunisie-habib-ammar-optimiste-par-rapport-a-la-saison-touristique\/#primaryimage\",\"url\":\"\",\"contentUrl\":\"\"},{\"@type\":\"BreadcrumbList\",\"@id\":\"https:\/\/kapitalis.com\/tunisie\/2021\/02\/16\/tunisie-habib-ammar-optimiste-par-rapport-a-la-saison-touristique\/#breadcrumb\",\"itemListElement\":[{\"@type\":\"ListItem\",\"position\":1,\"name\":\"Accueil\",\"item\":\"https:\/\/kapitalis.com\/tunisie\/\"},{\"@type\":\"ListItem\",\"position\":2,\"name\":\"Tunisie : Habib Ammar optimiste par rapport \u00e0 la saison touristique\"}]},{\"@type\":\"WebSite\",\"@id\":\"https:\/\/kapitalis.com\/tunisie\/#website\",\"url\":\"https:\/\/kapitalis.com\/tunisie\/\",\"name\":\"Kapitalis\",\"description\":\"L&#039;actualit\u00e9 en Tunisie et dans le monde\",\"publisher\":{\"@id\":\"https:\/\/kapitalis.com\/tunisie\/#organization\"},\"potentialAction\":[{\"@type\":\"SearchAction\",\"target\":{\"@type\":\"EntryPoint\",\"urlTemplate\":\"https:\/\/kapitalis.com\/tunisie\/?s={search_term_string}\"},\"query-input\":{\"@type\":\"PropertyValueSpecification\",\"valueRequired\":true,\"valueName\":\"search_term_string\"}}],\"inLanguage\":\"fr-FR\"},{\"@type\":\"Organization\",\"@id\":\"https:\/\/kapitalis.com\/tunisie\/#organization\",\"name\":\"Kapitalis\",\"url\":\"https:\/\/kapitalis.com\/tunisie\/\",\"logo\":{\"@type\":\"ImageObject\",\"inLanguage\":\"fr-FR\",\"@id\":\"https:\/\/kapitalis.com\/tunisie\/#\/schema\/logo\/image\/\",\"url\":\"https:\/\/kapitalis.com\/tunisie\/wp-content\/uploads\/2022\/05\/Kapitalis-big-size.png\",\"contentUrl\":\"https:\/\/kapitalis.com\/tunisie\/wp-content\/uploads\/2022\/05\/Kapitalis-big-size.png\",\"width\":5000,\"height\":1500,\"caption\":\"Kapitalis\"},\"image\":{\"@id\":\"https:\/\/kapitalis.com\/tunisie\/#\/schema\/logo\/image\/\"},\"sameAs\":[\"https:\/\/www.facebook.com\/KapitalisInfo\/\",\"https:\/\/x.com\/KapitalisInfo\",\"https:\/\/www.youtube.com\/channel\/UC-yDYrHyfFBWWZaOw3FPg9Q\"]},{\"@type\":\"Person\",\"@id\":\"https:\/\/kapitalis.com\/tunisie\/#\/schema\/person\/b35b8d631961131107263178aeb8019e\",\"name\":\"Cherif Benyounes\",\"url\":\"https:\/\/kapitalis.com\/tunisie\/author\/cherif\/\"}]}<\/script>\n<!-- \/ Yoast SEO plugin. -->","yoast_head_json":{"title":"Tunisie : Habib Ammar optimiste par rapport \u00e0 la saison touristique - Kapitalis","robots":{"index":"index","follow":"follow","max-snippet":"max-snippet:-1","max-image-preview":"max-image-preview:large","max-video-preview":"max-video-preview:-1"},"canonical":"https:\/\/kapitalis.com\/tunisie\/2021\/02\/16\/tunisie-habib-ammar-optimiste-par-rapport-a-la-saison-touristique\/","og_locale":"fr_FR","og_type":"article","og_title":"Tunisie : Habib Ammar optimiste par rapport \u00e0 la saison touristique - Kapitalis","og_description":"Auditionn\u00e9, ce mardi, 16 f\u00e9vrier 2021, \u00e0 l&rsquo;Assembl\u00e9e des repr\u00e9sentants du peuple (ARP), le ministre du Tourisme, Habib Ammar, s&rsquo;est montr\u00e9 optimiste par rapport \u00e0 la saison touristique estivale, dont la r\u00e9ussite est menac\u00e9e, pour la deuxi\u00e8me ann\u00e9e cons\u00e9cutive, par la Covid-19.","og_url":"https:\/\/kapitalis.com\/tunisie\/2021\/02\/16\/tunisie-habib-ammar-optimiste-par-rapport-a-la-saison-touristique\/","og_site_name":"Kapitalis","article_publisher":"https:\/\/www.facebook.com\/KapitalisInfo\/","article_published_time":"2021-02-16T13:29:58+00:00","article_modified_time":"2021-02-16T13:29:59+00:00","og_image":[{"width":1200,"height":630,"url":"https:\/\/kapitalis.com\/tunisie\/wp-content\/uploads\/2022\/05\/kapitalis-logo-fb.png","type":"image\/png"}],"author":"Cherif Benyounes","twitter_card":"summary_large_image","twitter_creator":"@KapitalisInfo","twitter_site":"@KapitalisInfo","twitter_misc":{"\u00c9crit par":"Cherif Benyounes","Dur\u00e9e de lecture estim\u00e9e":"2 minutes"},"schema":{"@context":"https:\/\/schema.org","@graph":[{"@type":"Article","@id":"https:\/\/kapitalis.com\/tunisie\/2021\/02\/16\/tunisie-habib-ammar-optimiste-par-rapport-a-la-saison-touristique\/#article","isPartOf":{"@id":"https:\/\/kapitalis.com\/tunisie\/2021\/02\/16\/tunisie-habib-ammar-optimiste-par-rapport-a-la-saison-touristique\/"},"author":{"name":"Cherif Benyounes","@id":"https:\/\/kapitalis.com\/tunisie\/#\/schema\/person\/b35b8d631961131107263178aeb8019e"},"headline":"Tunisie : Habib Ammar optimiste par rapport \u00e0 la saison touristique","datePublished":"2021-02-16T13:29:58+00:00","dateModified":"2021-02-16T13:29:59+00:00","mainEntityOfPage":{"@id":"https:\/\/kapitalis.com\/tunisie\/2021\/02\/16\/tunisie-habib-ammar-optimiste-par-rapport-a-la-saison-touristique\/"},"wordCount":316,"commentCount":3,"publisher":{"@id":"https:\/\/kapitalis.com\/tunisie\/#organization"},"image":{"@id":"https:\/\/kapitalis.com\/tunisie\/2021\/02\/16\/tunisie-habib-ammar-optimiste-par-rapport-a-la-saison-touristique\/#primaryimage"},"thumbnailUrl":"","keywords":["ARP","Habib Ammar"],"articleSection":["ECONOMIE","Tunisie"],"inLanguage":"fr-FR","potentialAction":[{"@type":"CommentAction","name":"Comment","target":["https:\/\/kapitalis.com\/tunisie\/2021\/02\/16\/tunisie-habib-ammar-optimiste-par-rapport-a-la-saison-touristique\/#respond"]}]},{"@type":"WebPage","@id":"https:\/\/kapitalis.com\/tunisie\/2021\/02\/16\/tunisie-habib-ammar-optimiste-par-rapport-a-la-saison-touristique\/","url":"https:\/\/kapitalis.com\/tunisie\/2021\/02\/16\/tunisie-habib-ammar-optimiste-par-rapport-a-la-saison-touristique\/","name":"Tunisie : Habib Ammar optimiste par rapport \u00e0 la saison touristique - Kapitalis","isPartOf":{"@id":"https:\/\/kapitalis.com\/tunisie\/#website"},"primaryImageOfPage":{"@id":"https:\/\/kapitalis.com\/tunisie\/2021\/02\/16\/tunisie-habib-ammar-optimiste-par-rapport-a-la-saison-touristique\/#primaryimage"},"image":{"@id":"https:\/\/kapitalis.com\/tunisie\/2021\/02\/16\/tunisie-habib-ammar-optimiste-par-rapport-a-la-saison-touristique\/#primaryimage"},"thumbnailUrl":"","datePublished":"2021-02-16T13:29:58+00:00","dateModified":"2021-02-16T13:29:59+00:00","breadcrumb":{"@id":"https:\/\/kapitalis.com\/tunisie\/2021\/02\/16\/tunisie-habib-ammar-optimiste-par-rapport-a-la-saison-touristique\/#breadcrumb"},"inLanguage":"fr-FR","potentialAction":[{"@type":"ReadAction","target":["https:\/\/kapitalis.com\/tunisie\/2021\/02\/16\/tunisie-habib-ammar-optimiste-par-rapport-a-la-saison-touristique\/"]}]},{"@type":"ImageObject","inLanguage":"fr-FR","@id":"https:\/\/kapitalis.com\/tunisie\/2021\/02\/16\/tunisie-habib-ammar-optimiste-par-rapport-a-la-saison-touristique\/#primaryimage","url":"","contentUrl":""},{"@type":"BreadcrumbList","@id":"https:\/\/kapitalis.com\/tunisie\/2021\/02\/16\/tunisie-habib-ammar-optimiste-par-rapport-a-la-saison-touristique\/#breadcrumb","itemListElement":[{"@type":"ListItem","position":1,"name":"Accueil","item":"https:\/\/kapitalis.com\/tunisie\/"},{"@type":"ListItem","position":2,"name":"Tunisie : Habib Ammar optimiste par rapport \u00e0 la saison touristique"}]},{"@type":"WebSite","@id":"https:\/\/kapitalis.com\/tunisie\/#website","url":"https:\/\/kapitalis.com\/tunisie\/","name":"Kapitalis","description":"L&#039;actualit\u00e9 en Tunisie et dans le monde","publisher":{"@id":"https:\/\/kapitalis.com\/tunisie\/#organization"},"potentialAction":[{"@type":"SearchAction","target":{"@type":"EntryPoint","urlTemplate":"https:\/\/kapitalis.com\/tunisie\/?s={search_term_string}"},"query-input":{"@type":"PropertyValueSpecification","valueRequired":true,"valueName":"search_term_string"}}],"inLanguage":"fr-FR"},{"@type":"Organization","@id":"https:\/\/kapitalis.com\/tunisie\/#organization","name":"Kapitalis","url":"https:\/\/kapitalis.com\/tunisie\/","logo":{"@type":"ImageObject","inLanguage":"fr-FR","@id":"https:\/\/kapitalis.com\/tunisie\/#\/schema\/logo\/image\/","url":"https:\/\/kapitalis.com\/tunisie\/wp-content\/uploads\/2022\/05\/Kapitalis-big-size.png","contentUrl":"https:\/\/kapitalis.com\/tunisie\/wp-content\/uploads\/2022\/05\/Kapitalis-big-size.png","width":5000,"height":1500,"caption":"Kapitalis"},"image":{"@id":"https:\/\/kapitalis.com\/tunisie\/#\/schema\/logo\/image\/"},"sameAs":["https:\/\/www.facebook.com\/KapitalisInfo\/","https:\/\/x.com\/KapitalisInfo","https:\/\/www.youtube.com\/channel\/UC-yDYrHyfFBWWZaOw3FPg9Q"]},{"@type":"Person","@id":"https:\/\/kapitalis.com\/tunisie\/#\/schema\/person\/b35b8d631961131107263178aeb8019e","name":"Cherif Benyounes","url":"https:\/\/kapitalis.com\/tunisie\/author\/cherif\/"}]}},"_links":{"self":[{"href":"https:\/\/kapitalis.com\/tunisie\/wp-json\/wp\/v2\/posts\/336510","targetHints":{"allow":["GET"]}}],"collection":[{"href":"https:\/\/kapitalis.com\/tunisie\/wp-json\/wp\/v2\/posts"}],"about":[{"href":"https:\/\/kapitalis.com\/tunisie\/wp-json\/wp\/v2\/types\/post"}],"author":[{"embeddable":true,"href":"https:\/\/kapitalis.com\/tunisie\/wp-json\/wp\/v2\/users\/24"}],"replies":[{"embeddable":true,"href":"https:\/\/kapitalis.com\/tunisie\/wp-json\/wp\/v2\/comments?post=336510"}],"version-history":[{"count":0,"href":"https:\/\/kapitalis.com\/tunisie\/wp-json\/wp\/v2\/posts\/336510\/revisions"}],"wp:featuredmedia":[{"embeddable":true,"href":"https:\/\/kapitalis.com\/tunisie\/wp-json\/wp\/v2\/media\/336519"}],"wp:attachment":[{"href":"https:\/\/kapitalis.com\/tunisie\/wp-json\/wp\/v2\/media?parent=336510"}],"wp:term":[{"taxonomy":"category","embeddable":true,"href":"https:\/\/kapitalis.com\/tunisie\/wp-json\/wp\/v2\/categories?post=336510"},{"taxonomy":"post_tag","embeddable":true,"href":"https:\/\/kapitalis.com\/tunisie\/wp-json\/wp\/v2\/tags?post=336510"}],"curies":[{"name":"wp","href":"https:\/\/api.w.org\/{rel}","templated":true}]}}